{"id":142,"date":"2019-08-14T14:12:28","date_gmt":"2019-08-14T19:12:28","guid":{"rendered":"http:\/\/expressometro.mx\/?p=142"},"modified":"2019-09-25T10:42:59","modified_gmt":"2019-09-25T15:42:59","slug":"tultitlan-celebra-el-43-aniversario-de-la-creacion-del-parque-sierra-de-guadalupe-con-campana-de-reforestacion","status":"publish","type":"post","link":"https:\/\/expressometro.mx\/index.php\/2019\/08\/14\/tultitlan-celebra-el-43-aniversario-de-la-creacion-del-parque-sierra-de-guadalupe-con-campana-de-reforestacion\/","title":{"rendered":"Tultitl\u00e1n celebra el 43 aniversario de la creaci\u00f3n del Parque Sierra de Guadalupe con campa\u00f1a de reforestaci\u00f3n."},"content":{"rendered":"\n<p>&nbsp;Con la finalidad de contribuir al medio ambiente mediante la implementaci\u00f3n de acciones que ayuden concientizar a la ciudadan\u00eda tal y como lo mandata la Agenda 2030, la administraci\u00f3n encabezada por Elena Garc\u00eda Mart\u00ednez y con la participaci\u00f3n de PROBOSQUE y de ciudadanos del municipio, llevaron a cabo la campa\u00f1a de reforestaci\u00f3n 2019.<br>Un total de 800 \u00e1rboles fueron plantados en el Parque Estatal Sierra de Guadalupe, donde la alcaldesa resalt\u00f3 que \u201ces momento de tener conciencia en contribuir al medio ambiente, es el \u00fanico planeta que tenemos y es nuestra obligaci\u00f3n cuidar de \u00e9l, es por ello que hoy plantamos 800 velitas&nbsp; ya que hoy se cumplen 46 a\u00f1os de que fue decretado dicho parque estatal y que ayudar\u00e1 a mantener un ecosistema saludable\u201d.<br>Abund\u00f3 que para la actual administraci\u00f3n el tema de medio ambiente es de suma prioridad \u201cTultitl\u00e1n se sum\u00f3 a los objetivos de la agenda 2030 y en ella habla del medio ambiente, por lo que diariamente nos damos a la tarea de trabajar en este tema que desafortunadamente se dej\u00f3 a un lado por varios a\u00f1os ocasionando focos de infecci\u00f3n por el mal manejo de residuos s\u00f3lidos derivados de los tiraderos a cielo abierto, el mal manejo del agua y el descuido en la sierra de Guadalupe\u201d.&nbsp;<br>\u201cQuiero agradecer a la ciudadan\u00eda por sumarse a este gran esfuerzo sobre todo que traigan a los ni\u00f1os para que crezcan cuidando el medio ambiente y lo importante que es, no solo se trata de plantarlos, sino tambi\u00e9n de cuidarlos porque las generaciones venideras podr\u00e1n respirar un mejor aire\u201d.<br>Cabe se\u00f1alar que esta actividad se suma a las acciones permanentes que llevan a cabo la jefatura de Parques y Jardines a cargo de la Direcci\u00f3n de Servicios P\u00fablicos, la Sub Direcci\u00f3n de Medio Ambiente y la Comisi\u00f3n Edilicia de Medio Ambiente, presidida por el Regidor Gustavo Ju\u00e1rez Molina que de manera conjunta, han realizado la siembra de cerca de 6 mil 500 \u00e1rboles en distintas zonas de la demarcaci\u00f3n.<\/p>\n\n\n\n<p>Finalmente la alcaldesa agradeci\u00f3 a los asistentes por su participaci\u00f3n y exhort\u00f3 a la ciudadan\u00eda en sumarse a esta gran encomienda de reconstruir este ecosistema que se ha dejado al abandono y que esta administraci\u00f3n tiene el compromiso de seguir obteniendo recursos para la mejora del medio ambiente y sobre todo que quede en la conciencia de todos sus habitantes.<\/p>\n","protected":false},"excerpt":{"rendered":"<p>&nbsp;Con la finalidad de contribuir al medio ambiente mediante la implementaci\u00f3n de acciones que ayuden concientizar a la ciudadan\u00eda tal y como lo mandata la Agenda 2030, la administraci\u00f3n encabezada por Elena Garc\u00eda Mart\u00ednez y con la participaci\u00f3n de PROBOSQUE y de ciudadanos del municipio, llevaron a cabo la campa\u00f1a de reforestaci\u00f3n 2019.Un total de 800 \u00e1rboles fueron plantados en el Parque Estatal Sierra de Guadalupe, donde la alcaldesa resalt\u00f3 que \u201ces momento de tener conciencia en contribuir al medio ambiente, es el \u00fanico planeta que tenemos y es nuestra&hellip;<\/p>\n","protected":false},"author":1,"featured_media":0,"comment_status":"open","ping_status":"open","sticky":false,"template":"","format":"standard","meta":{"footnotes":""},"categories":[8],"tags":[],"class_list":["post-142","post","type-post","status-publish","format-standard","hentry","category-medio-ambiente"],"yoast_head":"<!-- This site is optimized with the Yoast SEO plugin v27.5 - https:\/\/yoast.com\/product\/yoast-seo-wordpress\/ -->\n<title>Tultitl\u00e1n celebra el 43 aniversario de la creaci\u00f3n del Parque Sierra de Guadalupe con campa\u00f1a de reforestaci\u00f3n. - Expresso Metropolitano<\/title>\n<meta name=\"robots\" content=\"index, follow, max-snippet:-1, max-image-preview:large, max-video-preview:-1\" \/>\n<link rel=\"canonical\" href=\"https:\/\/expressometro.mx\/index.php\/2019\/08\/14\/tultitlan-celebra-el-43-aniversario-de-la-creacion-del-parque-sierra-de-guadalupe-con-campana-de-reforestacion\/\" \/>\n<meta property=\"og:locale\" content=\"es_MX\" \/>\n<meta property=\"og:type\" content=\"article\" \/>\n<meta property=\"og:title\" content=\"Tultitl\u00e1n celebra el 43 aniversario de la creaci\u00f3n del Parque Sierra de Guadalupe con campa\u00f1a de reforestaci\u00f3n. - Expresso Metropolitano\" \/>\n<meta property=\"og:description\" content=\"&nbsp;Con la finalidad de contribuir al medio ambiente mediante la implementaci\u00f3n de acciones que ayuden concientizar a la ciudadan\u00eda tal y como lo mandata la Agenda 2030, la administraci\u00f3n encabezada por Elena Garc\u00eda Mart\u00ednez y con la participaci\u00f3n de PROBOSQUE y de ciudadanos del municipio, llevaron a cabo la campa\u00f1a de reforestaci\u00f3n 2019.Un total de 800 \u00e1rboles fueron plantados en el Parque Estatal Sierra de Guadalupe, donde la alcaldesa resalt\u00f3 que \u201ces momento de tener conciencia en contribuir al medio ambiente, es el \u00fanico planeta que tenemos y es nuestra&hellip;\" \/>\n<meta property=\"og:url\" content=\"https:\/\/expressometro.mx\/index.php\/2019\/08\/14\/tultitlan-celebra-el-43-aniversario-de-la-creacion-del-parque-sierra-de-guadalupe-con-campana-de-reforestacion\/\" \/>\n<meta property=\"og:site_name\" content=\"Expresso Metropolitano\" \/>\n<meta property=\"article:published_time\" content=\"2019-08-14T19:12:28+00:00\" \/>\n<meta property=\"article:modified_time\" content=\"2019-09-25T15:42:59+00:00\" \/>\n<meta property=\"og:image\" content=\"https:\/\/expressometro.mx\/wp-content\/uploads\/2019\/08\/695b5866-4db1-4045-a502-de25f7a1f4d7.jpg\" \/>\n\t<meta property=\"og:image:width\" content=\"1280\" \/>\n\t<meta property=\"og:image:height\" content=\"853\" \/>\n\t<meta property=\"og:image:type\" content=\"image\/jpeg\" \/>\n<meta name=\"author\" content=\"Expresso Metropolitano\" \/>\n<meta name=\"twitter:label1\" content=\"Escrito por\" \/>\n\t<meta name=\"twitter:data1\" content=\"Expresso Metropolitano\" \/>\n\t<meta name=\"twitter:label2\" content=\"Tiempo de lectura\" \/>\n\t<meta name=\"twitter:data2\" content=\"2 minutos\" \/>\n<script type=\"application\/ld+json\" class=\"yoast-schema-graph\">{\"@context\":\"https:\\\/\\\/schema.org\",\"@graph\":[{\"@type\":\"Article\",\"@id\":\"https:\\\/\\\/expressometro.mx\\\/index.php\\\/2019\\\/08\\\/14\\\/tultitlan-celebra-el-43-aniversario-de-la-creacion-del-parque-sierra-de-guadalupe-con-campana-de-reforestacion\\\/#article\",\"isPartOf\":{\"@id\":\"https:\\\/\\\/expressometro.mx\\\/index.php\\\/2019\\\/08\\\/14\\\/tultitlan-celebra-el-43-aniversario-de-la-creacion-del-parque-sierra-de-guadalupe-con-campana-de-reforestacion\\\/\"},\"author\":{\"name\":\"Expresso Metropolitano\",\"@id\":\"https:\\\/\\\/expressometro.mx\\\/#\\\/schema\\\/person\\\/efa971b4a0664db8ed5c22b1b0dd2f5d\"},\"headline\":\"Tultitl\u00e1n celebra el 43 aniversario de la creaci\u00f3n del Parque Sierra de Guadalupe con campa\u00f1a de reforestaci\u00f3n.\",\"datePublished\":\"2019-08-14T19:12:28+00:00\",\"dateModified\":\"2019-09-25T15:42:59+00:00\",\"mainEntityOfPage\":{\"@id\":\"https:\\\/\\\/expressometro.mx\\\/index.php\\\/2019\\\/08\\\/14\\\/tultitlan-celebra-el-43-aniversario-de-la-creacion-del-parque-sierra-de-guadalupe-con-campana-de-reforestacion\\\/\"},\"wordCount\":435,\"commentCount\":0,\"publisher\":{\"@id\":\"https:\\\/\\\/expressometro.mx\\\/#organization\"},\"articleSection\":[\"Medio ambiente\"],\"inLanguage\":\"es\",\"potentialAction\":[{\"@type\":\"CommentAction\",\"name\":\"Comment\",\"target\":[\"https:\\\/\\\/expressometro.mx\\\/index.php\\\/2019\\\/08\\\/14\\\/tultitlan-celebra-el-43-aniversario-de-la-creacion-del-parque-sierra-de-guadalupe-con-campana-de-reforestacion\\\/#respond\"]}]},{\"@type\":\"WebPage\",\"@id\":\"https:\\\/\\\/expressometro.mx\\\/index.php\\\/2019\\\/08\\\/14\\\/tultitlan-celebra-el-43-aniversario-de-la-creacion-del-parque-sierra-de-guadalupe-con-campana-de-reforestacion\\\/\",\"url\":\"https:\\\/\\\/expressometro.mx\\\/index.php\\\/2019\\\/08\\\/14\\\/tultitlan-celebra-el-43-aniversario-de-la-creacion-del-parque-sierra-de-guadalupe-con-campana-de-reforestacion\\\/\",\"name\":\"Tultitl\u00e1n celebra el 43 aniversario de la creaci\u00f3n del Parque Sierra de Guadalupe con campa\u00f1a de reforestaci\u00f3n. - Expresso Metropolitano\",\"isPartOf\":{\"@id\":\"https:\\\/\\\/expressometro.mx\\\/#website\"},\"datePublished\":\"2019-08-14T19:12:28+00:00\",\"dateModified\":\"2019-09-25T15:42:59+00:00\",\"breadcrumb\":{\"@id\":\"https:\\\/\\\/expressometro.mx\\\/index.php\\\/2019\\\/08\\\/14\\\/tultitlan-celebra-el-43-aniversario-de-la-creacion-del-parque-sierra-de-guadalupe-con-campana-de-reforestacion\\\/#breadcrumb\"},\"inLanguage\":\"es\",\"potentialAction\":[{\"@type\":\"ReadAction\",\"target\":[\"https:\\\/\\\/expressometro.mx\\\/index.php\\\/2019\\\/08\\\/14\\\/tultitlan-celebra-el-43-aniversario-de-la-creacion-del-parque-sierra-de-guadalupe-con-campana-de-reforestacion\\\/\"]}]},{\"@type\":\"BreadcrumbList\",\"@id\":\"https:\\\/\\\/expressometro.mx\\\/index.php\\\/2019\\\/08\\\/14\\\/tultitlan-celebra-el-43-aniversario-de-la-creacion-del-parque-sierra-de-guadalupe-con-campana-de-reforestacion\\\/#breadcrumb\",\"itemListElement\":[{\"@type\":\"ListItem\",\"position\":1,\"name\":\"Inicio\",\"item\":\"https:\\\/\\\/expressometro.mx\\\/\"},{\"@type\":\"ListItem\",\"position\":2,\"name\":\"Tultitl\u00e1n celebra el 43 aniversario de la creaci\u00f3n del Parque Sierra de Guadalupe con campa\u00f1a de reforestaci\u00f3n.\"}]},{\"@type\":\"WebSite\",\"@id\":\"https:\\\/\\\/expressometro.mx\\\/#website\",\"url\":\"https:\\\/\\\/expressometro.mx\\\/\",\"name\":\"Expresso Metropolitano\",\"description\":\"Periodismo comprometido, informaci\u00f3n, investigaci\u00f3n y an\u00e1lisis\",\"publisher\":{\"@id\":\"https:\\\/\\\/expressometro.mx\\\/#organization\"},\"potentialAction\":[{\"@type\":\"SearchAction\",\"target\":{\"@type\":\"EntryPoint\",\"urlTemplate\":\"https:\\\/\\\/expressometro.mx\\\/?s={search_term_string}\"},\"query-input\":{\"@type\":\"PropertyValueSpecification\",\"valueRequired\":true,\"valueName\":\"search_term_string\"}}],\"inLanguage\":\"es\"},{\"@type\":\"Organization\",\"@id\":\"https:\\\/\\\/expressometro.mx\\\/#organization\",\"name\":\"Expresso Metropolitano\",\"url\":\"https:\\\/\\\/expressometro.mx\\\/\",\"logo\":{\"@type\":\"ImageObject\",\"inLanguage\":\"es\",\"@id\":\"https:\\\/\\\/expressometro.mx\\\/#\\\/schema\\\/logo\\\/image\\\/\",\"url\":\"https:\\\/\\\/expressometro.mx\\\/wp-content\\\/uploads\\\/2019\\\/07\\\/cropped-Logo-Expresso-Metropolitano-1-1.jpeg\",\"contentUrl\":\"https:\\\/\\\/expressometro.mx\\\/wp-content\\\/uploads\\\/2019\\\/07\\\/cropped-Logo-Expresso-Metropolitano-1-1.jpeg\",\"width\":290,\"height\":73,\"caption\":\"Expresso Metropolitano\"},\"image\":{\"@id\":\"https:\\\/\\\/expressometro.mx\\\/#\\\/schema\\\/logo\\\/image\\\/\"}},{\"@type\":\"Person\",\"@id\":\"https:\\\/\\\/expressometro.mx\\\/#\\\/schema\\\/person\\\/efa971b4a0664db8ed5c22b1b0dd2f5d\",\"name\":\"Expresso Metropolitano\",\"image\":{\"@type\":\"ImageObject\",\"inLanguage\":\"es\",\"@id\":\"https:\\\/\\\/secure.gravatar.com\\\/avatar\\\/a89f802b8de18c6952f223c88d3d106e9e3679839f4e25a02f4a6cc2ae6ba3b3?s=96&d=mm&r=g\",\"url\":\"https:\\\/\\\/secure.gravatar.com\\\/avatar\\\/a89f802b8de18c6952f223c88d3d106e9e3679839f4e25a02f4a6cc2ae6ba3b3?s=96&d=mm&r=g\",\"contentUrl\":\"https:\\\/\\\/secure.gravatar.com\\\/avatar\\\/a89f802b8de18c6952f223c88d3d106e9e3679839f4e25a02f4a6cc2ae6ba3b3?s=96&d=mm&r=g\",\"caption\":\"Expresso Metropolitano\"},\"url\":\"https:\\\/\\\/expressometro.mx\\\/index.php\\\/author\\\/diego\\\/\"}]}<\/script>\n<!-- \/ Yoast SEO plugin. -->","yoast_head_json":{"title":"Tultitl\u00e1n celebra el 43 aniversario de la creaci\u00f3n del Parque Sierra de Guadalupe con campa\u00f1a de reforestaci\u00f3n. - Expresso Metropolitano","robots":{"index":"index","follow":"follow","max-snippet":"max-snippet:-1","max-image-preview":"max-image-preview:large","max-video-preview":"max-video-preview:-1"},"canonical":"https:\/\/expressometro.mx\/index.php\/2019\/08\/14\/tultitlan-celebra-el-43-aniversario-de-la-creacion-del-parque-sierra-de-guadalupe-con-campana-de-reforestacion\/","og_locale":"es_MX","og_type":"article","og_title":"Tultitl\u00e1n celebra el 43 aniversario de la creaci\u00f3n del Parque Sierra de Guadalupe con campa\u00f1a de reforestaci\u00f3n. - Expresso Metropolitano","og_description":"&nbsp;Con la finalidad de contribuir al medio ambiente mediante la implementaci\u00f3n de acciones que ayuden concientizar a la ciudadan\u00eda tal y como lo mandata la Agenda 2030, la administraci\u00f3n encabezada por Elena Garc\u00eda Mart\u00ednez y con la participaci\u00f3n de PROBOSQUE y de ciudadanos del municipio, llevaron a cabo la campa\u00f1a de reforestaci\u00f3n 2019.Un total de 800 \u00e1rboles fueron plantados en el Parque Estatal Sierra de Guadalupe, donde la alcaldesa resalt\u00f3 que \u201ces momento de tener conciencia en contribuir al medio ambiente, es el \u00fanico planeta que tenemos y es nuestra&hellip;","og_url":"https:\/\/expressometro.mx\/index.php\/2019\/08\/14\/tultitlan-celebra-el-43-aniversario-de-la-creacion-del-parque-sierra-de-guadalupe-con-campana-de-reforestacion\/","og_site_name":"Expresso Metropolitano","article_published_time":"2019-08-14T19:12:28+00:00","article_modified_time":"2019-09-25T15:42:59+00:00","og_image":[{"width":1280,"height":853,"url":"https:\/\/expressometro.mx\/wp-content\/uploads\/2019\/08\/695b5866-4db1-4045-a502-de25f7a1f4d7.jpg","type":"image\/jpeg"}],"author":"Expresso Metropolitano","twitter_misc":{"Escrito por":"Expresso Metropolitano","Tiempo de lectura":"2 minutos"},"schema":{"@context":"https:\/\/schema.org","@graph":[{"@type":"Article","@id":"https:\/\/expressometro.mx\/index.php\/2019\/08\/14\/tultitlan-celebra-el-43-aniversario-de-la-creacion-del-parque-sierra-de-guadalupe-con-campana-de-reforestacion\/#article","isPartOf":{"@id":"https:\/\/expressometro.mx\/index.php\/2019\/08\/14\/tultitlan-celebra-el-43-aniversario-de-la-creacion-del-parque-sierra-de-guadalupe-con-campana-de-reforestacion\/"},"author":{"name":"Expresso Metropolitano","@id":"https:\/\/expressometro.mx\/#\/schema\/person\/efa971b4a0664db8ed5c22b1b0dd2f5d"},"headline":"Tultitl\u00e1n celebra el 43 aniversario de la creaci\u00f3n del Parque Sierra de Guadalupe con campa\u00f1a de reforestaci\u00f3n.","datePublished":"2019-08-14T19:12:28+00:00","dateModified":"2019-09-25T15:42:59+00:00","mainEntityOfPage":{"@id":"https:\/\/expressometro.mx\/index.php\/2019\/08\/14\/tultitlan-celebra-el-43-aniversario-de-la-creacion-del-parque-sierra-de-guadalupe-con-campana-de-reforestacion\/"},"wordCount":435,"commentCount":0,"publisher":{"@id":"https:\/\/expressometro.mx\/#organization"},"articleSection":["Medio ambiente"],"inLanguage":"es","potentialAction":[{"@type":"CommentAction","name":"Comment","target":["https:\/\/expressometro.mx\/index.php\/2019\/08\/14\/tultitlan-celebra-el-43-aniversario-de-la-creacion-del-parque-sierra-de-guadalupe-con-campana-de-reforestacion\/#respond"]}]},{"@type":"WebPage","@id":"https:\/\/expressometro.mx\/index.php\/2019\/08\/14\/tultitlan-celebra-el-43-aniversario-de-la-creacion-del-parque-sierra-de-guadalupe-con-campana-de-reforestacion\/","url":"https:\/\/expressometro.mx\/index.php\/2019\/08\/14\/tultitlan-celebra-el-43-aniversario-de-la-creacion-del-parque-sierra-de-guadalupe-con-campana-de-reforestacion\/","name":"Tultitl\u00e1n celebra el 43 aniversario de la creaci\u00f3n del Parque Sierra de Guadalupe con campa\u00f1a de reforestaci\u00f3n. - Expresso Metropolitano","isPartOf":{"@id":"https:\/\/expressometro.mx\/#website"},"datePublished":"2019-08-14T19:12:28+00:00","dateModified":"2019-09-25T15:42:59+00:00","breadcrumb":{"@id":"https:\/\/expressometro.mx\/index.php\/2019\/08\/14\/tultitlan-celebra-el-43-aniversario-de-la-creacion-del-parque-sierra-de-guadalupe-con-campana-de-reforestacion\/#breadcrumb"},"inLanguage":"es","potentialAction":[{"@type":"ReadAction","target":["https:\/\/expressometro.mx\/index.php\/2019\/08\/14\/tultitlan-celebra-el-43-aniversario-de-la-creacion-del-parque-sierra-de-guadalupe-con-campana-de-reforestacion\/"]}]},{"@type":"BreadcrumbList","@id":"https:\/\/expressometro.mx\/index.php\/2019\/08\/14\/tultitlan-celebra-el-43-aniversario-de-la-creacion-del-parque-sierra-de-guadalupe-con-campana-de-reforestacion\/#breadcrumb","itemListElement":[{"@type":"ListItem","position":1,"name":"Inicio","item":"https:\/\/expressometro.mx\/"},{"@type":"ListItem","position":2,"name":"Tultitl\u00e1n celebra el 43 aniversario de la creaci\u00f3n del Parque Sierra de Guadalupe con campa\u00f1a de reforestaci\u00f3n."}]},{"@type":"WebSite","@id":"https:\/\/expressometro.mx\/#website","url":"https:\/\/expressometro.mx\/","name":"Expresso Metropolitano","description":"Periodismo comprometido, informaci\u00f3n, investigaci\u00f3n y an\u00e1lisis","publisher":{"@id":"https:\/\/expressometro.mx\/#organization"},"potentialAction":[{"@type":"SearchAction","target":{"@type":"EntryPoint","urlTemplate":"https:\/\/expressometro.mx\/?s={search_term_string}"},"query-input":{"@type":"PropertyValueSpecification","valueRequired":true,"valueName":"search_term_string"}}],"inLanguage":"es"},{"@type":"Organization","@id":"https:\/\/expressometro.mx\/#organization","name":"Expresso Metropolitano","url":"https:\/\/expressometro.mx\/","logo":{"@type":"ImageObject","inLanguage":"es","@id":"https:\/\/expressometro.mx\/#\/schema\/logo\/image\/","url":"https:\/\/expressometro.mx\/wp-content\/uploads\/2019\/07\/cropped-Logo-Expresso-Metropolitano-1-1.jpeg","contentUrl":"https:\/\/expressometro.mx\/wp-content\/uploads\/2019\/07\/cropped-Logo-Expresso-Metropolitano-1-1.jpeg","width":290,"height":73,"caption":"Expresso Metropolitano"},"image":{"@id":"https:\/\/expressometro.mx\/#\/schema\/logo\/image\/"}},{"@type":"Person","@id":"https:\/\/expressometro.mx\/#\/schema\/person\/efa971b4a0664db8ed5c22b1b0dd2f5d","name":"Expresso Metropolitano","image":{"@type":"ImageObject","inLanguage":"es","@id":"https:\/\/secure.gravatar.com\/avatar\/a89f802b8de18c6952f223c88d3d106e9e3679839f4e25a02f4a6cc2ae6ba3b3?s=96&d=mm&r=g","url":"https:\/\/secure.gravatar.com\/avatar\/a89f802b8de18c6952f223c88d3d106e9e3679839f4e25a02f4a6cc2ae6ba3b3?s=96&d=mm&r=g","contentUrl":"https:\/\/secure.gravatar.com\/avatar\/a89f802b8de18c6952f223c88d3d106e9e3679839f4e25a02f4a6cc2ae6ba3b3?s=96&d=mm&r=g","caption":"Expresso Metropolitano"},"url":"https:\/\/expressometro.mx\/index.php\/author\/diego\/"}]}},"amp_enabled":true,"_links":{"self":[{"href":"https:\/\/expressometro.mx\/index.php\/wp-json\/wp\/v2\/posts\/142","targetHints":{"allow":["GET"]}}],"collection":[{"href":"https:\/\/expressometro.mx\/index.php\/wp-json\/wp\/v2\/posts"}],"about":[{"href":"https:\/\/expressometro.mx\/index.php\/wp-json\/wp\/v2\/types\/post"}],"author":[{"embeddable":true,"href":"https:\/\/expressometro.mx\/index.php\/wp-json\/wp\/v2\/users\/1"}],"replies":[{"embeddable":true,"href":"https:\/\/expressometro.mx\/index.php\/wp-json\/wp\/v2\/comments?post=142"}],"version-history":[{"count":1,"href":"https:\/\/expressometro.mx\/index.php\/wp-json\/wp\/v2\/posts\/142\/revisions"}],"predecessor-version":[{"id":144,"href":"https:\/\/expressometro.mx\/index.php\/wp-json\/wp\/v2\/posts\/142\/revisions\/144"}],"wp:attachment":[{"href":"https:\/\/expressometro.mx\/index.php\/wp-json\/wp\/v2\/media?parent=142"}],"wp:term":[{"taxonomy":"category","embeddable":true,"href":"https:\/\/expressometro.mx\/index.php\/wp-json\/wp\/v2\/categories?post=142"},{"taxonomy":"post_tag","embeddable":true,"href":"https:\/\/expressometro.mx\/index.php\/wp-json\/wp\/v2\/tags?post=142"}],"curies":[{"name":"wp","href":"https:\/\/api.w.org\/{rel}","templated":true}]}}