{"id":139,"date":"2019-08-14T02:05:54","date_gmt":"2019-08-14T07:05:54","guid":{"rendered":"http:\/\/expressometro.mx\/?p=139"},"modified":"2019-09-25T10:43:09","modified_gmt":"2019-09-25T15:43:09","slug":"disminuye-edomex-rezago-educativo-con-mas-de-90-mil-personas-que-concluyeron-estudios-de-primaria-y-secundaria-alfredo-del-mazo","status":"publish","type":"post","link":"https:\/\/expressometro.mx\/index.php\/2019\/08\/14\/disminuye-edomex-rezago-educativo-con-mas-de-90-mil-personas-que-concluyeron-estudios-de-primaria-y-secundaria-alfredo-del-mazo\/","title":{"rendered":"DISMINUYE EDOM\u00c9X REZAGO EDUCATIVO CON M\u00c1S DE 90 MIL PERSONAS QUE CONCLUYERON ESTUDIOS DE PRIMARIA Y SECUNDARIA: ALFREDO DEL MAZO"},"content":{"rendered":"\n<p>El Gobernador Alfredo Del Mazo Maza asegur\u00f3 que producto del trabajo que se realiza en la entidad para reducir el rezago educativo, en los \u00faltimos dos a\u00f1os se logr\u00f3 que m\u00e1s de 90 mil mexiquenses concluyeran sus estudios, ya sea de primaria o secundaria, con lo cual el estado avanza en la disminuci\u00f3n de este indicador, de acuerdo con datos del Consejo Nacional de Evaluaci\u00f3n de la Pol\u00edtica de Desarrollo Social (Coneval).<\/p>\n\n\n\n<p>\u201cLes quiero compartir que tenemos un buen dato que acaba de salir hace algunos d\u00edas, los datos del Coneval que miden el rezago educativo y el Estado de M\u00e9xico, en los \u00faltimos dos a\u00f1os, ha logrado disminuir el rezago educativo; son m\u00e1s de 90 mil mexiquenses que lograron disminuir el rezago educativo y que hoy en d\u00eda han concluido sus estudios, ya sea de primaria o de secundaria, y que no lo hab\u00edan hecho\u201d, inform\u00f3.<\/p>\n\n\n\n<p>Durante la entrega de est\u00edmulos a los 74 estudiantes de primaria, ganadores de la Olimpiada del Conocimiento Infantil 2019, Del Mazo Maza explic\u00f3 que entre las 90 mil personas que consiguieron terminar sus estudios hay desde j\u00f3venes hasta adultos mayores, e indic\u00f3 que el compromiso del Gobierno estatal es continuar con este impulso para que los alumnos no dejen de estudiar.<\/p>\n\n\n\n<p>El Gobernador Alfredo Del Mazo anunci\u00f3 que, de cara al inicio del ciclo escolar,&nbsp; todos los estudiantes de preescolar, primaria y secundaria del Estado de M\u00e9xico recibir\u00e1n sus \u00fatiles escolares de forma gratuita por parte del Gobierno estatal, en apoyo a la econom\u00eda familiar y para evitar la deserci\u00f3n escolar por falta de recursos.<\/p>\n\n\n\n<p>\u201cEstamos a dos semanas de que inicie el ciclo escolar, pr\u00e1cticamente, y les quiero compartir que vamos a apoyar nuevamente este a\u00f1os para que todos los alumnos de preescolar, de primaria y de secundaria, tengan sus \u00fatiles escolares gratuitos, para que puedan iniciar su ciclo escolar y esto les permita un ahorro en la econom\u00eda familiar y ayudar a que sus hijos sigan prepar\u00e1ndose y sigan estudiando\u201d, dio a conocer.<\/p>\n\n\n\n<p>La zona arqueol\u00f3gica de Teotenango fue el escenario donde el mandatario estatal tambi\u00e9n entreg\u00f3 cheques, vales por laptop y kits escolares a los 74 estudiantes de sexto de primaria que obtuvieron los primeros lugares en la Olimpiada del Conocimiento Infantil 2019, en la cual participaron m\u00e1s de 300 mil alumnas y alumnos mexiquenses de ese grado.<\/p>\n\n\n\n<p>Por ello, Del Mazo Maza consider\u00f3 que el talento de estos menores es motivo de orgullo para los mexiquenses, por lo que su administraci\u00f3n seguir\u00e1 apoy\u00e1ndolos durante su trayectoria escolar.<\/p>\n\n\n\n<p>\u201cHoy nos hacen muy orgullosos al Estado de M\u00e9xico, porque ustedes representan a nuestro estado en este concurso nacional, en la Olimpiada Nacional Infantil del Conocimiento, que hace al Estado de M\u00e9xico la delegaci\u00f3n m\u00e1s grande y por eso, primero, nuestro reconocimiento y nuestra felicitaci\u00f3n, much\u00edsimas felicidades.<\/p>\n\n\n\n<p>\u201cA los 74 j\u00f3venes que est\u00e1n aqu\u00ed, a los 74 alumnos les quiero decir que van a contar con nuestro apoyo, con el apoyo del Gobierno del estado para que a\u00f1o con a\u00f1o, de aqu\u00ed a que terminen sus estudios de educaci\u00f3n superior, de aqu\u00ed a que acaben la universidad, van a contar con un apoyo econ\u00f3mico de 10 mil pesos al a\u00f1o para que ustedes puedan seguir estudiando\u201d, garantiz\u00f3.<\/p>\n\n\n\n<p>Ante padres de familia, docentes, alumnos, autoridades estatales y municipales, Alfredo Del Mazo explic\u00f3 que el \u00fanico requisito para continuar percibiendo este apoyo en su vida acad\u00e9mica, los ganadores de este concurso deben mantener un promedio superior a nueve.<\/p>\n\n\n\n<p>El Secretario de Educaci\u00f3n, Alejandro Fern\u00e1ndez Campillo, se\u00f1al\u00f3 que los&nbsp; estudiantes ganadores de la Olimpiada del Conocimiento Infantil 2019, asistir\u00e1n a una convivencia cultural que se realizar\u00e1 en la Ciudad de M\u00e9xico, donde participar\u00e1n mil estudiantes provenientes de distintas partes del pa\u00eds, siendo la delegaci\u00f3n mexiquense&nbsp; la m\u00e1s numerosa.<\/p>\n\n\n\n<p>Tambi\u00e9n reconoci\u00f3 el empe\u00f1o y la dedicaci\u00f3n que los alumnos mexiquenses le imprimen a sus estudios, pues ellos representan la calidad que tiene la comunidad escolar del Edom\u00e9x, y son el reflejo de la calidad del trabajo de los docentes para preparar a las nuevas generaciones.<\/p>\n\n\n\n<p>A nombre de los estudiantes galardonados, Alan Garc\u00eda Flores, alumno de Zinacantepec con promedio de 9.7, agradeci\u00f3 el apoyo recibido por el Gobernador Alfredo Del Mazo, y dijo que los est\u00edmulos que recibieron les servir\u00e1n para mejorar su formaci\u00f3n.<\/p>\n","protected":false},"excerpt":{"rendered":"<p>El Gobernador Alfredo Del Mazo Maza asegur\u00f3 que producto del trabajo que se realiza en la entidad para reducir el rezago educativo, en los \u00faltimos dos a\u00f1os se logr\u00f3 que m\u00e1s de 90 mil mexiquenses concluyeran sus estudios, ya sea de primaria o secundaria, con lo cual el estado avanza en la disminuci\u00f3n de este indicador, de acuerdo con datos del Consejo Nacional de Evaluaci\u00f3n de la Pol\u00edtica de Desarrollo Social (Coneval). \u201cLes quiero compartir que tenemos un buen dato que acaba de salir hace algunos d\u00edas, los datos del&hellip;<\/p>\n","protected":false},"author":1,"featured_media":0,"comment_status":"open","ping_status":"open","sticky":false,"template":"","format":"standard","meta":{"footnotes":""},"categories":[11,3],"tags":[],"class_list":["post-139","post","type-post","status-publish","format-standard","hentry","category-cultura","category-gobierno"],"yoast_head":"<!-- This site is optimized with the Yoast SEO plugin v27.5 - https:\/\/yoast.com\/product\/yoast-seo-wordpress\/ -->\n<title>DISMINUYE EDOM\u00c9X REZAGO EDUCATIVO CON M\u00c1S DE 90 MIL PERSONAS QUE CONCLUYERON ESTUDIOS DE PRIMARIA Y SECUNDARIA: ALFREDO DEL MAZO - Expresso Metropolitano<\/title>\n<meta name=\"robots\" content=\"index, follow, max-snippet:-1, max-image-preview:large, max-video-preview:-1\" \/>\n<link rel=\"canonical\" href=\"https:\/\/expressometro.mx\/index.php\/2019\/08\/14\/disminuye-edomex-rezago-educativo-con-mas-de-90-mil-personas-que-concluyeron-estudios-de-primaria-y-secundaria-alfredo-del-mazo\/\" \/>\n<meta property=\"og:locale\" content=\"es_MX\" \/>\n<meta property=\"og:type\" content=\"article\" \/>\n<meta property=\"og:title\" content=\"DISMINUYE EDOM\u00c9X REZAGO EDUCATIVO CON M\u00c1S DE 90 MIL PERSONAS QUE CONCLUYERON ESTUDIOS DE PRIMARIA Y SECUNDARIA: ALFREDO DEL MAZO - Expresso Metropolitano\" \/>\n<meta property=\"og:description\" content=\"El Gobernador Alfredo Del Mazo Maza asegur\u00f3 que producto del trabajo que se realiza en la entidad para reducir el rezago educativo, en los \u00faltimos dos a\u00f1os se logr\u00f3 que m\u00e1s de 90 mil mexiquenses concluyeran sus estudios, ya sea de primaria o secundaria, con lo cual el estado avanza en la disminuci\u00f3n de este indicador, de acuerdo con datos del Consejo Nacional de Evaluaci\u00f3n de la Pol\u00edtica de Desarrollo Social (Coneval). \u201cLes quiero compartir que tenemos un buen dato que acaba de salir hace algunos d\u00edas, los datos del&hellip;\" \/>\n<meta property=\"og:url\" content=\"https:\/\/expressometro.mx\/index.php\/2019\/08\/14\/disminuye-edomex-rezago-educativo-con-mas-de-90-mil-personas-que-concluyeron-estudios-de-primaria-y-secundaria-alfredo-del-mazo\/\" \/>\n<meta property=\"og:site_name\" content=\"Expresso Metropolitano\" \/>\n<meta property=\"article:published_time\" content=\"2019-08-14T07:05:54+00:00\" \/>\n<meta property=\"article:modified_time\" content=\"2019-09-25T15:43:09+00:00\" \/>\n<meta property=\"og:image\" content=\"https:\/\/expressometro.mx\/wp-content\/uploads\/2019\/08\/w2_8457_1.jpg\" \/>\n\t<meta property=\"og:image:width\" content=\"1333\" \/>\n\t<meta property=\"og:image:height\" content=\"2000\" \/>\n\t<meta property=\"og:image:type\" content=\"image\/jpeg\" \/>\n<meta name=\"author\" content=\"Expresso Metropolitano\" \/>\n<meta name=\"twitter:label1\" content=\"Escrito por\" \/>\n\t<meta name=\"twitter:data1\" content=\"Expresso Metropolitano\" \/>\n\t<meta name=\"twitter:label2\" content=\"Tiempo de lectura\" \/>\n\t<meta name=\"twitter:data2\" content=\"4 minutos\" \/>\n<script type=\"application\/ld+json\" class=\"yoast-schema-graph\">{\"@context\":\"https:\\\/\\\/schema.org\",\"@graph\":[{\"@type\":\"Article\",\"@id\":\"https:\\\/\\\/expressometro.mx\\\/index.php\\\/2019\\\/08\\\/14\\\/disminuye-edomex-rezago-educativo-con-mas-de-90-mil-personas-que-concluyeron-estudios-de-primaria-y-secundaria-alfredo-del-mazo\\\/#article\",\"isPartOf\":{\"@id\":\"https:\\\/\\\/expressometro.mx\\\/index.php\\\/2019\\\/08\\\/14\\\/disminuye-edomex-rezago-educativo-con-mas-de-90-mil-personas-que-concluyeron-estudios-de-primaria-y-secundaria-alfredo-del-mazo\\\/\"},\"author\":{\"name\":\"Expresso Metropolitano\",\"@id\":\"https:\\\/\\\/expressometro.mx\\\/#\\\/schema\\\/person\\\/efa971b4a0664db8ed5c22b1b0dd2f5d\"},\"headline\":\"DISMINUYE EDOM\u00c9X REZAGO EDUCATIVO CON M\u00c1S DE 90 MIL PERSONAS QUE CONCLUYERON ESTUDIOS DE PRIMARIA Y SECUNDARIA: ALFREDO DEL MAZO\",\"datePublished\":\"2019-08-14T07:05:54+00:00\",\"dateModified\":\"2019-09-25T15:43:09+00:00\",\"mainEntityOfPage\":{\"@id\":\"https:\\\/\\\/expressometro.mx\\\/index.php\\\/2019\\\/08\\\/14\\\/disminuye-edomex-rezago-educativo-con-mas-de-90-mil-personas-que-concluyeron-estudios-de-primaria-y-secundaria-alfredo-del-mazo\\\/\"},\"wordCount\":776,\"commentCount\":0,\"publisher\":{\"@id\":\"https:\\\/\\\/expressometro.mx\\\/#organization\"},\"articleSection\":[\"Cultura\",\"Gobierno\"],\"inLanguage\":\"es\",\"potentialAction\":[{\"@type\":\"CommentAction\",\"name\":\"Comment\",\"target\":[\"https:\\\/\\\/expressometro.mx\\\/index.php\\\/2019\\\/08\\\/14\\\/disminuye-edomex-rezago-educativo-con-mas-de-90-mil-personas-que-concluyeron-estudios-de-primaria-y-secundaria-alfredo-del-mazo\\\/#respond\"]}]},{\"@type\":\"WebPage\",\"@id\":\"https:\\\/\\\/expressometro.mx\\\/index.php\\\/2019\\\/08\\\/14\\\/disminuye-edomex-rezago-educativo-con-mas-de-90-mil-personas-que-concluyeron-estudios-de-primaria-y-secundaria-alfredo-del-mazo\\\/\",\"url\":\"https:\\\/\\\/expressometro.mx\\\/index.php\\\/2019\\\/08\\\/14\\\/disminuye-edomex-rezago-educativo-con-mas-de-90-mil-personas-que-concluyeron-estudios-de-primaria-y-secundaria-alfredo-del-mazo\\\/\",\"name\":\"DISMINUYE EDOM\u00c9X REZAGO EDUCATIVO CON M\u00c1S DE 90 MIL PERSONAS QUE CONCLUYERON ESTUDIOS DE PRIMARIA Y SECUNDARIA: ALFREDO DEL MAZO - Expresso Metropolitano\",\"isPartOf\":{\"@id\":\"https:\\\/\\\/expressometro.mx\\\/#website\"},\"datePublished\":\"2019-08-14T07:05:54+00:00\",\"dateModified\":\"2019-09-25T15:43:09+00:00\",\"breadcrumb\":{\"@id\":\"https:\\\/\\\/expressometro.mx\\\/index.php\\\/2019\\\/08\\\/14\\\/disminuye-edomex-rezago-educativo-con-mas-de-90-mil-personas-que-concluyeron-estudios-de-primaria-y-secundaria-alfredo-del-mazo\\\/#breadcrumb\"},\"inLanguage\":\"es\",\"potentialAction\":[{\"@type\":\"ReadAction\",\"target\":[\"https:\\\/\\\/expressometro.mx\\\/index.php\\\/2019\\\/08\\\/14\\\/disminuye-edomex-rezago-educativo-con-mas-de-90-mil-personas-que-concluyeron-estudios-de-primaria-y-secundaria-alfredo-del-mazo\\\/\"]}]},{\"@type\":\"BreadcrumbList\",\"@id\":\"https:\\\/\\\/expressometro.mx\\\/index.php\\\/2019\\\/08\\\/14\\\/disminuye-edomex-rezago-educativo-con-mas-de-90-mil-personas-que-concluyeron-estudios-de-primaria-y-secundaria-alfredo-del-mazo\\\/#breadcrumb\",\"itemListElement\":[{\"@type\":\"ListItem\",\"position\":1,\"name\":\"Inicio\",\"item\":\"https:\\\/\\\/expressometro.mx\\\/\"},{\"@type\":\"ListItem\",\"position\":2,\"name\":\"DISMINUYE EDOM\u00c9X REZAGO EDUCATIVO CON M\u00c1S DE 90 MIL PERSONAS QUE CONCLUYERON ESTUDIOS DE PRIMARIA Y SECUNDARIA: ALFREDO DEL MAZO\"}]},{\"@type\":\"WebSite\",\"@id\":\"https:\\\/\\\/expressometro.mx\\\/#website\",\"url\":\"https:\\\/\\\/expressometro.mx\\\/\",\"name\":\"Expresso Metropolitano\",\"description\":\"Periodismo comprometido, informaci\u00f3n, investigaci\u00f3n y an\u00e1lisis\",\"publisher\":{\"@id\":\"https:\\\/\\\/expressometro.mx\\\/#organization\"},\"potentialAction\":[{\"@type\":\"SearchAction\",\"target\":{\"@type\":\"EntryPoint\",\"urlTemplate\":\"https:\\\/\\\/expressometro.mx\\\/?s={search_term_string}\"},\"query-input\":{\"@type\":\"PropertyValueSpecification\",\"valueRequired\":true,\"valueName\":\"search_term_string\"}}],\"inLanguage\":\"es\"},{\"@type\":\"Organization\",\"@id\":\"https:\\\/\\\/expressometro.mx\\\/#organization\",\"name\":\"Expresso Metropolitano\",\"url\":\"https:\\\/\\\/expressometro.mx\\\/\",\"logo\":{\"@type\":\"ImageObject\",\"inLanguage\":\"es\",\"@id\":\"https:\\\/\\\/expressometro.mx\\\/#\\\/schema\\\/logo\\\/image\\\/\",\"url\":\"https:\\\/\\\/expressometro.mx\\\/wp-content\\\/uploads\\\/2019\\\/07\\\/cropped-Logo-Expresso-Metropolitano-1-1.jpeg\",\"contentUrl\":\"https:\\\/\\\/expressometro.mx\\\/wp-content\\\/uploads\\\/2019\\\/07\\\/cropped-Logo-Expresso-Metropolitano-1-1.jpeg\",\"width\":290,\"height\":73,\"caption\":\"Expresso Metropolitano\"},\"image\":{\"@id\":\"https:\\\/\\\/expressometro.mx\\\/#\\\/schema\\\/logo\\\/image\\\/\"}},{\"@type\":\"Person\",\"@id\":\"https:\\\/\\\/expressometro.mx\\\/#\\\/schema\\\/person\\\/efa971b4a0664db8ed5c22b1b0dd2f5d\",\"name\":\"Expresso Metropolitano\",\"image\":{\"@type\":\"ImageObject\",\"inLanguage\":\"es\",\"@id\":\"https:\\\/\\\/secure.gravatar.com\\\/avatar\\\/a89f802b8de18c6952f223c88d3d106e9e3679839f4e25a02f4a6cc2ae6ba3b3?s=96&d=mm&r=g\",\"url\":\"https:\\\/\\\/secure.gravatar.com\\\/avatar\\\/a89f802b8de18c6952f223c88d3d106e9e3679839f4e25a02f4a6cc2ae6ba3b3?s=96&d=mm&r=g\",\"contentUrl\":\"https:\\\/\\\/secure.gravatar.com\\\/avatar\\\/a89f802b8de18c6952f223c88d3d106e9e3679839f4e25a02f4a6cc2ae6ba3b3?s=96&d=mm&r=g\",\"caption\":\"Expresso Metropolitano\"},\"url\":\"https:\\\/\\\/expressometro.mx\\\/index.php\\\/author\\\/diego\\\/\"}]}<\/script>\n<!-- \/ Yoast SEO plugin. -->","yoast_head_json":{"title":"DISMINUYE EDOM\u00c9X REZAGO EDUCATIVO CON M\u00c1S DE 90 MIL PERSONAS QUE CONCLUYERON ESTUDIOS DE PRIMARIA Y SECUNDARIA: ALFREDO DEL MAZO - Expresso Metropolitano","robots":{"index":"index","follow":"follow","max-snippet":"max-snippet:-1","max-image-preview":"max-image-preview:large","max-video-preview":"max-video-preview:-1"},"canonical":"https:\/\/expressometro.mx\/index.php\/2019\/08\/14\/disminuye-edomex-rezago-educativo-con-mas-de-90-mil-personas-que-concluyeron-estudios-de-primaria-y-secundaria-alfredo-del-mazo\/","og_locale":"es_MX","og_type":"article","og_title":"DISMINUYE EDOM\u00c9X REZAGO EDUCATIVO CON M\u00c1S DE 90 MIL PERSONAS QUE CONCLUYERON ESTUDIOS DE PRIMARIA Y SECUNDARIA: ALFREDO DEL MAZO - Expresso Metropolitano","og_description":"El Gobernador Alfredo Del Mazo Maza asegur\u00f3 que producto del trabajo que se realiza en la entidad para reducir el rezago educativo, en los \u00faltimos dos a\u00f1os se logr\u00f3 que m\u00e1s de 90 mil mexiquenses concluyeran sus estudios, ya sea de primaria o secundaria, con lo cual el estado avanza en la disminuci\u00f3n de este indicador, de acuerdo con datos del Consejo Nacional de Evaluaci\u00f3n de la Pol\u00edtica de Desarrollo Social (Coneval). \u201cLes quiero compartir que tenemos un buen dato que acaba de salir hace algunos d\u00edas, los datos del&hellip;","og_url":"https:\/\/expressometro.mx\/index.php\/2019\/08\/14\/disminuye-edomex-rezago-educativo-con-mas-de-90-mil-personas-que-concluyeron-estudios-de-primaria-y-secundaria-alfredo-del-mazo\/","og_site_name":"Expresso Metropolitano","article_published_time":"2019-08-14T07:05:54+00:00","article_modified_time":"2019-09-25T15:43:09+00:00","og_image":[{"width":1333,"height":2000,"url":"https:\/\/expressometro.mx\/wp-content\/uploads\/2019\/08\/w2_8457_1.jpg","type":"image\/jpeg"}],"author":"Expresso Metropolitano","twitter_misc":{"Escrito por":"Expresso Metropolitano","Tiempo de lectura":"4 minutos"},"schema":{"@context":"https:\/\/schema.org","@graph":[{"@type":"Article","@id":"https:\/\/expressometro.mx\/index.php\/2019\/08\/14\/disminuye-edomex-rezago-educativo-con-mas-de-90-mil-personas-que-concluyeron-estudios-de-primaria-y-secundaria-alfredo-del-mazo\/#article","isPartOf":{"@id":"https:\/\/expressometro.mx\/index.php\/2019\/08\/14\/disminuye-edomex-rezago-educativo-con-mas-de-90-mil-personas-que-concluyeron-estudios-de-primaria-y-secundaria-alfredo-del-mazo\/"},"author":{"name":"Expresso Metropolitano","@id":"https:\/\/expressometro.mx\/#\/schema\/person\/efa971b4a0664db8ed5c22b1b0dd2f5d"},"headline":"DISMINUYE EDOM\u00c9X REZAGO EDUCATIVO CON M\u00c1S DE 90 MIL PERSONAS QUE CONCLUYERON ESTUDIOS DE PRIMARIA Y SECUNDARIA: ALFREDO DEL MAZO","datePublished":"2019-08-14T07:05:54+00:00","dateModified":"2019-09-25T15:43:09+00:00","mainEntityOfPage":{"@id":"https:\/\/expressometro.mx\/index.php\/2019\/08\/14\/disminuye-edomex-rezago-educativo-con-mas-de-90-mil-personas-que-concluyeron-estudios-de-primaria-y-secundaria-alfredo-del-mazo\/"},"wordCount":776,"commentCount":0,"publisher":{"@id":"https:\/\/expressometro.mx\/#organization"},"articleSection":["Cultura","Gobierno"],"inLanguage":"es","potentialAction":[{"@type":"CommentAction","name":"Comment","target":["https:\/\/expressometro.mx\/index.php\/2019\/08\/14\/disminuye-edomex-rezago-educativo-con-mas-de-90-mil-personas-que-concluyeron-estudios-de-primaria-y-secundaria-alfredo-del-mazo\/#respond"]}]},{"@type":"WebPage","@id":"https:\/\/expressometro.mx\/index.php\/2019\/08\/14\/disminuye-edomex-rezago-educativo-con-mas-de-90-mil-personas-que-concluyeron-estudios-de-primaria-y-secundaria-alfredo-del-mazo\/","url":"https:\/\/expressometro.mx\/index.php\/2019\/08\/14\/disminuye-edomex-rezago-educativo-con-mas-de-90-mil-personas-que-concluyeron-estudios-de-primaria-y-secundaria-alfredo-del-mazo\/","name":"DISMINUYE EDOM\u00c9X REZAGO EDUCATIVO CON M\u00c1S DE 90 MIL PERSONAS QUE CONCLUYERON ESTUDIOS DE PRIMARIA Y SECUNDARIA: ALFREDO DEL MAZO - Expresso Metropolitano","isPartOf":{"@id":"https:\/\/expressometro.mx\/#website"},"datePublished":"2019-08-14T07:05:54+00:00","dateModified":"2019-09-25T15:43:09+00:00","breadcrumb":{"@id":"https:\/\/expressometro.mx\/index.php\/2019\/08\/14\/disminuye-edomex-rezago-educativo-con-mas-de-90-mil-personas-que-concluyeron-estudios-de-primaria-y-secundaria-alfredo-del-mazo\/#breadcrumb"},"inLanguage":"es","potentialAction":[{"@type":"ReadAction","target":["https:\/\/expressometro.mx\/index.php\/2019\/08\/14\/disminuye-edomex-rezago-educativo-con-mas-de-90-mil-personas-que-concluyeron-estudios-de-primaria-y-secundaria-alfredo-del-mazo\/"]}]},{"@type":"BreadcrumbList","@id":"https:\/\/expressometro.mx\/index.php\/2019\/08\/14\/disminuye-edomex-rezago-educativo-con-mas-de-90-mil-personas-que-concluyeron-estudios-de-primaria-y-secundaria-alfredo-del-mazo\/#breadcrumb","itemListElement":[{"@type":"ListItem","position":1,"name":"Inicio","item":"https:\/\/expressometro.mx\/"},{"@type":"ListItem","position":2,"name":"DISMINUYE EDOM\u00c9X REZAGO EDUCATIVO CON M\u00c1S DE 90 MIL PERSONAS QUE CONCLUYERON ESTUDIOS DE PRIMARIA Y SECUNDARIA: ALFREDO DEL MAZO"}]},{"@type":"WebSite","@id":"https:\/\/expressometro.mx\/#website","url":"https:\/\/expressometro.mx\/","name":"Expresso Metropolitano","description":"Periodismo comprometido, informaci\u00f3n, investigaci\u00f3n y an\u00e1lisis","publisher":{"@id":"https:\/\/expressometro.mx\/#organization"},"potentialAction":[{"@type":"SearchAction","target":{"@type":"EntryPoint","urlTemplate":"https:\/\/expressometro.mx\/?s={search_term_string}"},"query-input":{"@type":"PropertyValueSpecification","valueRequired":true,"valueName":"search_term_string"}}],"inLanguage":"es"},{"@type":"Organization","@id":"https:\/\/expressometro.mx\/#organization","name":"Expresso Metropolitano","url":"https:\/\/expressometro.mx\/","logo":{"@type":"ImageObject","inLanguage":"es","@id":"https:\/\/expressometro.mx\/#\/schema\/logo\/image\/","url":"https:\/\/expressometro.mx\/wp-content\/uploads\/2019\/07\/cropped-Logo-Expresso-Metropolitano-1-1.jpeg","contentUrl":"https:\/\/expressometro.mx\/wp-content\/uploads\/2019\/07\/cropped-Logo-Expresso-Metropolitano-1-1.jpeg","width":290,"height":73,"caption":"Expresso Metropolitano"},"image":{"@id":"https:\/\/expressometro.mx\/#\/schema\/logo\/image\/"}},{"@type":"Person","@id":"https:\/\/expressometro.mx\/#\/schema\/person\/efa971b4a0664db8ed5c22b1b0dd2f5d","name":"Expresso Metropolitano","image":{"@type":"ImageObject","inLanguage":"es","@id":"https:\/\/secure.gravatar.com\/avatar\/a89f802b8de18c6952f223c88d3d106e9e3679839f4e25a02f4a6cc2ae6ba3b3?s=96&d=mm&r=g","url":"https:\/\/secure.gravatar.com\/avatar\/a89f802b8de18c6952f223c88d3d106e9e3679839f4e25a02f4a6cc2ae6ba3b3?s=96&d=mm&r=g","contentUrl":"https:\/\/secure.gravatar.com\/avatar\/a89f802b8de18c6952f223c88d3d106e9e3679839f4e25a02f4a6cc2ae6ba3b3?s=96&d=mm&r=g","caption":"Expresso Metropolitano"},"url":"https:\/\/expressometro.mx\/index.php\/author\/diego\/"}]}},"amp_enabled":true,"_links":{"self":[{"href":"https:\/\/expressometro.mx\/index.php\/wp-json\/wp\/v2\/posts\/139","targetHints":{"allow":["GET"]}}],"collection":[{"href":"https:\/\/expressometro.mx\/index.php\/wp-json\/wp\/v2\/posts"}],"about":[{"href":"https:\/\/expressometro.mx\/index.php\/wp-json\/wp\/v2\/types\/post"}],"author":[{"embeddable":true,"href":"https:\/\/expressometro.mx\/index.php\/wp-json\/wp\/v2\/users\/1"}],"replies":[{"embeddable":true,"href":"https:\/\/expressometro.mx\/index.php\/wp-json\/wp\/v2\/comments?post=139"}],"version-history":[{"count":1,"href":"https:\/\/expressometro.mx\/index.php\/wp-json\/wp\/v2\/posts\/139\/revisions"}],"predecessor-version":[{"id":141,"href":"https:\/\/expressometro.mx\/index.php\/wp-json\/wp\/v2\/posts\/139\/revisions\/141"}],"wp:attachment":[{"href":"https:\/\/expressometro.mx\/index.php\/wp-json\/wp\/v2\/media?parent=139"}],"wp:term":[{"taxonomy":"category","embeddable":true,"href":"https:\/\/expressometro.mx\/index.php\/wp-json\/wp\/v2\/categories?post=139"},{"taxonomy":"post_tag","embeddable":true,"href":"https:\/\/expressometro.mx\/index.php\/wp-json\/wp\/v2\/tags?post=139"}],"curies":[{"name":"wp","href":"https:\/\/api.w.org\/{rel}","templated":true}]}}