{"id":136,"date":"2019-08-14T14:00:43","date_gmt":"2019-08-14T19:00:43","guid":{"rendered":"http:\/\/expressometro.mx\/?p=136"},"modified":"2019-09-25T10:43:04","modified_gmt":"2019-09-25T15:43:04","slug":"ayuntamiento-de-cuautitlan-izcalli-prepara-a-jovenes-izcallenses-para-ingresar-al-nivel-medio-superior","status":"publish","type":"post","link":"https:\/\/expressometro.mx\/index.php\/2019\/08\/14\/ayuntamiento-de-cuautitlan-izcalli-prepara-a-jovenes-izcallenses-para-ingresar-al-nivel-medio-superior\/","title":{"rendered":"Ayuntamiento de Cuautitl\u00e1n Izcalli prepara a j\u00f3venes izcallenses para ingresar al nivel medio superior"},"content":{"rendered":"\n<p>El presidente municipal, Ricardo N\u00fa\u00f1ez Ayala, visit\u00f3 a estudiantes que asistieron al curso de regularizaci\u00f3n para el examen de la Comisi\u00f3n Metropolitana de Instituciones P\u00fablicas de Educaci\u00f3n Media Superior (COMIPEMS), con la finalidad de felicitarlos y a su vez, platicar con los padres de familia sobre los resultados favorables que dio este curso.<\/p>\n\n\n\n<p>El curso inici\u00f3 en febrero con 62 estudiantes de diferentes colonias del municipio, en las bibliotecas \u201cSor Juana In\u00e9s de la Cruz\u201d y \u201cLic. Efra\u00edn Gonz\u00e1lez Luna\u201d. Durante la charla el alcalde felicit\u00f3 a las mam\u00e1s de los alumnos que ya iniciaron su ciclo escolar, y extendi\u00f3 el reconocimiento a otro estudiante que ingresar\u00e1 a la Preparatoria Oficial N\u00fam. 10, la cual fue su primera opci\u00f3n.<\/p>\n\n\n\n<p>Cabe destacar que el 60 por ciento de los estudiantes que tomaron el curso, quedaron en su primera y segunda opci\u00f3n, como son Colegio de Ciencias y Humanidades, as\u00ed como diferentes preparatorias oficiales. N\u00fa\u00f1ez Ayala, agreg\u00f3 que es importante para el gobierno municipal este tipo de actividades y acompa\u00f1ar a los j\u00f3venes a que accedan al conocimiento \u201cEs una armadura en la vida que ayuda a comprender la realidad en la que vivimos y que ellos con sus propios talentos hagan resplandecer ese conocimiento, y as\u00ed puedan vivir dignamente en la sociedad\u201d.<\/p>\n\n\n\n<p>Por su parte, la directora de Educaci\u00f3n, Mar\u00eda Guadalupe Ortiz Palomino, agradeci\u00f3 a los padres de familia la confianza para que los j\u00f3venes se integraran a este curso y dar ese paso tan importante de entrar al nivel medio superior.<\/p>\n","protected":false},"excerpt":{"rendered":"<p>El presidente municipal, Ricardo N\u00fa\u00f1ez Ayala, visit\u00f3 a estudiantes que asistieron al curso de regularizaci\u00f3n para el examen de la Comisi\u00f3n Metropolitana de Instituciones P\u00fablicas de Educaci\u00f3n Media Superior (COMIPEMS), con la finalidad de felicitarlos y a su vez, platicar con los padres de familia sobre los resultados favorables que dio este curso. El curso inici\u00f3 en febrero con 62 estudiantes de diferentes colonias del municipio, en las bibliotecas \u201cSor Juana In\u00e9s de la Cruz\u201d y \u201cLic. Efra\u00edn Gonz\u00e1lez Luna\u201d. Durante la charla el alcalde felicit\u00f3 a las mam\u00e1s de&hellip;<\/p>\n","protected":false},"author":1,"featured_media":0,"comment_status":"open","ping_status":"open","sticky":false,"template":"","format":"standard","meta":{"footnotes":""},"categories":[3],"tags":[],"class_list":["post-136","post","type-post","status-publish","format-standard","hentry","category-gobierno"],"yoast_head":"<!-- This site is optimized with the Yoast SEO plugin v27.5 - https:\/\/yoast.com\/product\/yoast-seo-wordpress\/ -->\n<title>Ayuntamiento de Cuautitl\u00e1n Izcalli prepara a j\u00f3venes izcallenses para ingresar al nivel medio superior - Expresso Metropolitano<\/title>\n<meta name=\"robots\" content=\"index, follow, max-snippet:-1, max-image-preview:large, max-video-preview:-1\" \/>\n<link rel=\"canonical\" href=\"https:\/\/expressometro.mx\/index.php\/2019\/08\/14\/ayuntamiento-de-cuautitlan-izcalli-prepara-a-jovenes-izcallenses-para-ingresar-al-nivel-medio-superior\/\" \/>\n<meta property=\"og:locale\" content=\"es_MX\" \/>\n<meta property=\"og:type\" content=\"article\" \/>\n<meta property=\"og:title\" content=\"Ayuntamiento de Cuautitl\u00e1n Izcalli prepara a j\u00f3venes izcallenses para ingresar al nivel medio superior - Expresso Metropolitano\" \/>\n<meta property=\"og:description\" content=\"El presidente municipal, Ricardo N\u00fa\u00f1ez Ayala, visit\u00f3 a estudiantes que asistieron al curso de regularizaci\u00f3n para el examen de la Comisi\u00f3n Metropolitana de Instituciones P\u00fablicas de Educaci\u00f3n Media Superior (COMIPEMS), con la finalidad de felicitarlos y a su vez, platicar con los padres de familia sobre los resultados favorables que dio este curso. El curso inici\u00f3 en febrero con 62 estudiantes de diferentes colonias del municipio, en las bibliotecas \u201cSor Juana In\u00e9s de la Cruz\u201d y \u201cLic. Efra\u00edn Gonz\u00e1lez Luna\u201d. Durante la charla el alcalde felicit\u00f3 a las mam\u00e1s de&hellip;\" \/>\n<meta property=\"og:url\" content=\"https:\/\/expressometro.mx\/index.php\/2019\/08\/14\/ayuntamiento-de-cuautitlan-izcalli-prepara-a-jovenes-izcallenses-para-ingresar-al-nivel-medio-superior\/\" \/>\n<meta property=\"og:site_name\" content=\"Expresso Metropolitano\" \/>\n<meta property=\"article:published_time\" content=\"2019-08-14T19:00:43+00:00\" \/>\n<meta property=\"article:modified_time\" content=\"2019-09-25T15:43:04+00:00\" \/>\n<meta property=\"og:image\" content=\"https:\/\/expressometro.mx\/wp-content\/uploads\/2019\/08\/B255_03-1024x750.jpeg\" \/>\n\t<meta property=\"og:image:width\" content=\"1024\" \/>\n\t<meta property=\"og:image:height\" content=\"750\" \/>\n\t<meta property=\"og:image:type\" content=\"image\/jpeg\" \/>\n<meta name=\"author\" content=\"Expresso Metropolitano\" \/>\n<meta name=\"twitter:label1\" content=\"Escrito por\" \/>\n\t<meta name=\"twitter:data1\" content=\"Expresso Metropolitano\" \/>\n\t<meta name=\"twitter:label2\" content=\"Tiempo de lectura\" \/>\n\t<meta name=\"twitter:data2\" content=\"1 minuto\" \/>\n<script type=\"application\/ld+json\" class=\"yoast-schema-graph\">{\"@context\":\"https:\\\/\\\/schema.org\",\"@graph\":[{\"@type\":\"Article\",\"@id\":\"https:\\\/\\\/expressometro.mx\\\/index.php\\\/2019\\\/08\\\/14\\\/ayuntamiento-de-cuautitlan-izcalli-prepara-a-jovenes-izcallenses-para-ingresar-al-nivel-medio-superior\\\/#article\",\"isPartOf\":{\"@id\":\"https:\\\/\\\/expressometro.mx\\\/index.php\\\/2019\\\/08\\\/14\\\/ayuntamiento-de-cuautitlan-izcalli-prepara-a-jovenes-izcallenses-para-ingresar-al-nivel-medio-superior\\\/\"},\"author\":{\"name\":\"Expresso Metropolitano\",\"@id\":\"https:\\\/\\\/expressometro.mx\\\/#\\\/schema\\\/person\\\/efa971b4a0664db8ed5c22b1b0dd2f5d\"},\"headline\":\"Ayuntamiento de Cuautitl\u00e1n Izcalli prepara a j\u00f3venes izcallenses para ingresar al nivel medio superior\",\"datePublished\":\"2019-08-14T19:00:43+00:00\",\"dateModified\":\"2019-09-25T15:43:04+00:00\",\"mainEntityOfPage\":{\"@id\":\"https:\\\/\\\/expressometro.mx\\\/index.php\\\/2019\\\/08\\\/14\\\/ayuntamiento-de-cuautitlan-izcalli-prepara-a-jovenes-izcallenses-para-ingresar-al-nivel-medio-superior\\\/\"},\"wordCount\":282,\"commentCount\":0,\"publisher\":{\"@id\":\"https:\\\/\\\/expressometro.mx\\\/#organization\"},\"articleSection\":[\"Gobierno\"],\"inLanguage\":\"es\",\"potentialAction\":[{\"@type\":\"CommentAction\",\"name\":\"Comment\",\"target\":[\"https:\\\/\\\/expressometro.mx\\\/index.php\\\/2019\\\/08\\\/14\\\/ayuntamiento-de-cuautitlan-izcalli-prepara-a-jovenes-izcallenses-para-ingresar-al-nivel-medio-superior\\\/#respond\"]}]},{\"@type\":\"WebPage\",\"@id\":\"https:\\\/\\\/expressometro.mx\\\/index.php\\\/2019\\\/08\\\/14\\\/ayuntamiento-de-cuautitlan-izcalli-prepara-a-jovenes-izcallenses-para-ingresar-al-nivel-medio-superior\\\/\",\"url\":\"https:\\\/\\\/expressometro.mx\\\/index.php\\\/2019\\\/08\\\/14\\\/ayuntamiento-de-cuautitlan-izcalli-prepara-a-jovenes-izcallenses-para-ingresar-al-nivel-medio-superior\\\/\",\"name\":\"Ayuntamiento de Cuautitl\u00e1n Izcalli prepara a j\u00f3venes izcallenses para ingresar al nivel medio superior - Expresso Metropolitano\",\"isPartOf\":{\"@id\":\"https:\\\/\\\/expressometro.mx\\\/#website\"},\"datePublished\":\"2019-08-14T19:00:43+00:00\",\"dateModified\":\"2019-09-25T15:43:04+00:00\",\"breadcrumb\":{\"@id\":\"https:\\\/\\\/expressometro.mx\\\/index.php\\\/2019\\\/08\\\/14\\\/ayuntamiento-de-cuautitlan-izcalli-prepara-a-jovenes-izcallenses-para-ingresar-al-nivel-medio-superior\\\/#breadcrumb\"},\"inLanguage\":\"es\",\"potentialAction\":[{\"@type\":\"ReadAction\",\"target\":[\"https:\\\/\\\/expressometro.mx\\\/index.php\\\/2019\\\/08\\\/14\\\/ayuntamiento-de-cuautitlan-izcalli-prepara-a-jovenes-izcallenses-para-ingresar-al-nivel-medio-superior\\\/\"]}]},{\"@type\":\"BreadcrumbList\",\"@id\":\"https:\\\/\\\/expressometro.mx\\\/index.php\\\/2019\\\/08\\\/14\\\/ayuntamiento-de-cuautitlan-izcalli-prepara-a-jovenes-izcallenses-para-ingresar-al-nivel-medio-superior\\\/#breadcrumb\",\"itemListElement\":[{\"@type\":\"ListItem\",\"position\":1,\"name\":\"Inicio\",\"item\":\"https:\\\/\\\/expressometro.mx\\\/\"},{\"@type\":\"ListItem\",\"position\":2,\"name\":\"Ayuntamiento de Cuautitl\u00e1n Izcalli prepara a j\u00f3venes izcallenses para ingresar al nivel medio superior\"}]},{\"@type\":\"WebSite\",\"@id\":\"https:\\\/\\\/expressometro.mx\\\/#website\",\"url\":\"https:\\\/\\\/expressometro.mx\\\/\",\"name\":\"Expresso Metropolitano\",\"description\":\"Periodismo comprometido, informaci\u00f3n, investigaci\u00f3n y an\u00e1lisis\",\"publisher\":{\"@id\":\"https:\\\/\\\/expressometro.mx\\\/#organization\"},\"potentialAction\":[{\"@type\":\"SearchAction\",\"target\":{\"@type\":\"EntryPoint\",\"urlTemplate\":\"https:\\\/\\\/expressometro.mx\\\/?s={search_term_string}\"},\"query-input\":{\"@type\":\"PropertyValueSpecification\",\"valueRequired\":true,\"valueName\":\"search_term_string\"}}],\"inLanguage\":\"es\"},{\"@type\":\"Organization\",\"@id\":\"https:\\\/\\\/expressometro.mx\\\/#organization\",\"name\":\"Expresso Metropolitano\",\"url\":\"https:\\\/\\\/expressometro.mx\\\/\",\"logo\":{\"@type\":\"ImageObject\",\"inLanguage\":\"es\",\"@id\":\"https:\\\/\\\/expressometro.mx\\\/#\\\/schema\\\/logo\\\/image\\\/\",\"url\":\"https:\\\/\\\/expressometro.mx\\\/wp-content\\\/uploads\\\/2019\\\/07\\\/cropped-Logo-Expresso-Metropolitano-1-1.jpeg\",\"contentUrl\":\"https:\\\/\\\/expressometro.mx\\\/wp-content\\\/uploads\\\/2019\\\/07\\\/cropped-Logo-Expresso-Metropolitano-1-1.jpeg\",\"width\":290,\"height\":73,\"caption\":\"Expresso Metropolitano\"},\"image\":{\"@id\":\"https:\\\/\\\/expressometro.mx\\\/#\\\/schema\\\/logo\\\/image\\\/\"}},{\"@type\":\"Person\",\"@id\":\"https:\\\/\\\/expressometro.mx\\\/#\\\/schema\\\/person\\\/efa971b4a0664db8ed5c22b1b0dd2f5d\",\"name\":\"Expresso Metropolitano\",\"image\":{\"@type\":\"ImageObject\",\"inLanguage\":\"es\",\"@id\":\"https:\\\/\\\/secure.gravatar.com\\\/avatar\\\/a89f802b8de18c6952f223c88d3d106e9e3679839f4e25a02f4a6cc2ae6ba3b3?s=96&d=mm&r=g\",\"url\":\"https:\\\/\\\/secure.gravatar.com\\\/avatar\\\/a89f802b8de18c6952f223c88d3d106e9e3679839f4e25a02f4a6cc2ae6ba3b3?s=96&d=mm&r=g\",\"contentUrl\":\"https:\\\/\\\/secure.gravatar.com\\\/avatar\\\/a89f802b8de18c6952f223c88d3d106e9e3679839f4e25a02f4a6cc2ae6ba3b3?s=96&d=mm&r=g\",\"caption\":\"Expresso Metropolitano\"},\"url\":\"https:\\\/\\\/expressometro.mx\\\/index.php\\\/author\\\/diego\\\/\"}]}<\/script>\n<!-- \/ Yoast SEO plugin. -->","yoast_head_json":{"title":"Ayuntamiento de Cuautitl\u00e1n Izcalli prepara a j\u00f3venes izcallenses para ingresar al nivel medio superior - Expresso Metropolitano","robots":{"index":"index","follow":"follow","max-snippet":"max-snippet:-1","max-image-preview":"max-image-preview:large","max-video-preview":"max-video-preview:-1"},"canonical":"https:\/\/expressometro.mx\/index.php\/2019\/08\/14\/ayuntamiento-de-cuautitlan-izcalli-prepara-a-jovenes-izcallenses-para-ingresar-al-nivel-medio-superior\/","og_locale":"es_MX","og_type":"article","og_title":"Ayuntamiento de Cuautitl\u00e1n Izcalli prepara a j\u00f3venes izcallenses para ingresar al nivel medio superior - Expresso Metropolitano","og_description":"El presidente municipal, Ricardo N\u00fa\u00f1ez Ayala, visit\u00f3 a estudiantes que asistieron al curso de regularizaci\u00f3n para el examen de la Comisi\u00f3n Metropolitana de Instituciones P\u00fablicas de Educaci\u00f3n Media Superior (COMIPEMS), con la finalidad de felicitarlos y a su vez, platicar con los padres de familia sobre los resultados favorables que dio este curso. El curso inici\u00f3 en febrero con 62 estudiantes de diferentes colonias del municipio, en las bibliotecas \u201cSor Juana In\u00e9s de la Cruz\u201d y \u201cLic. Efra\u00edn Gonz\u00e1lez Luna\u201d. Durante la charla el alcalde felicit\u00f3 a las mam\u00e1s de&hellip;","og_url":"https:\/\/expressometro.mx\/index.php\/2019\/08\/14\/ayuntamiento-de-cuautitlan-izcalli-prepara-a-jovenes-izcallenses-para-ingresar-al-nivel-medio-superior\/","og_site_name":"Expresso Metropolitano","article_published_time":"2019-08-14T19:00:43+00:00","article_modified_time":"2019-09-25T15:43:04+00:00","og_image":[{"width":1024,"height":750,"url":"https:\/\/expressometro.mx\/wp-content\/uploads\/2019\/08\/B255_03-1024x750.jpeg","type":"image\/jpeg"}],"author":"Expresso Metropolitano","twitter_misc":{"Escrito por":"Expresso Metropolitano","Tiempo de lectura":"1 minuto"},"schema":{"@context":"https:\/\/schema.org","@graph":[{"@type":"Article","@id":"https:\/\/expressometro.mx\/index.php\/2019\/08\/14\/ayuntamiento-de-cuautitlan-izcalli-prepara-a-jovenes-izcallenses-para-ingresar-al-nivel-medio-superior\/#article","isPartOf":{"@id":"https:\/\/expressometro.mx\/index.php\/2019\/08\/14\/ayuntamiento-de-cuautitlan-izcalli-prepara-a-jovenes-izcallenses-para-ingresar-al-nivel-medio-superior\/"},"author":{"name":"Expresso Metropolitano","@id":"https:\/\/expressometro.mx\/#\/schema\/person\/efa971b4a0664db8ed5c22b1b0dd2f5d"},"headline":"Ayuntamiento de Cuautitl\u00e1n Izcalli prepara a j\u00f3venes izcallenses para ingresar al nivel medio superior","datePublished":"2019-08-14T19:00:43+00:00","dateModified":"2019-09-25T15:43:04+00:00","mainEntityOfPage":{"@id":"https:\/\/expressometro.mx\/index.php\/2019\/08\/14\/ayuntamiento-de-cuautitlan-izcalli-prepara-a-jovenes-izcallenses-para-ingresar-al-nivel-medio-superior\/"},"wordCount":282,"commentCount":0,"publisher":{"@id":"https:\/\/expressometro.mx\/#organization"},"articleSection":["Gobierno"],"inLanguage":"es","potentialAction":[{"@type":"CommentAction","name":"Comment","target":["https:\/\/expressometro.mx\/index.php\/2019\/08\/14\/ayuntamiento-de-cuautitlan-izcalli-prepara-a-jovenes-izcallenses-para-ingresar-al-nivel-medio-superior\/#respond"]}]},{"@type":"WebPage","@id":"https:\/\/expressometro.mx\/index.php\/2019\/08\/14\/ayuntamiento-de-cuautitlan-izcalli-prepara-a-jovenes-izcallenses-para-ingresar-al-nivel-medio-superior\/","url":"https:\/\/expressometro.mx\/index.php\/2019\/08\/14\/ayuntamiento-de-cuautitlan-izcalli-prepara-a-jovenes-izcallenses-para-ingresar-al-nivel-medio-superior\/","name":"Ayuntamiento de Cuautitl\u00e1n Izcalli prepara a j\u00f3venes izcallenses para ingresar al nivel medio superior - Expresso Metropolitano","isPartOf":{"@id":"https:\/\/expressometro.mx\/#website"},"datePublished":"2019-08-14T19:00:43+00:00","dateModified":"2019-09-25T15:43:04+00:00","breadcrumb":{"@id":"https:\/\/expressometro.mx\/index.php\/2019\/08\/14\/ayuntamiento-de-cuautitlan-izcalli-prepara-a-jovenes-izcallenses-para-ingresar-al-nivel-medio-superior\/#breadcrumb"},"inLanguage":"es","potentialAction":[{"@type":"ReadAction","target":["https:\/\/expressometro.mx\/index.php\/2019\/08\/14\/ayuntamiento-de-cuautitlan-izcalli-prepara-a-jovenes-izcallenses-para-ingresar-al-nivel-medio-superior\/"]}]},{"@type":"BreadcrumbList","@id":"https:\/\/expressometro.mx\/index.php\/2019\/08\/14\/ayuntamiento-de-cuautitlan-izcalli-prepara-a-jovenes-izcallenses-para-ingresar-al-nivel-medio-superior\/#breadcrumb","itemListElement":[{"@type":"ListItem","position":1,"name":"Inicio","item":"https:\/\/expressometro.mx\/"},{"@type":"ListItem","position":2,"name":"Ayuntamiento de Cuautitl\u00e1n Izcalli prepara a j\u00f3venes izcallenses para ingresar al nivel medio superior"}]},{"@type":"WebSite","@id":"https:\/\/expressometro.mx\/#website","url":"https:\/\/expressometro.mx\/","name":"Expresso Metropolitano","description":"Periodismo comprometido, informaci\u00f3n, investigaci\u00f3n y an\u00e1lisis","publisher":{"@id":"https:\/\/expressometro.mx\/#organization"},"potentialAction":[{"@type":"SearchAction","target":{"@type":"EntryPoint","urlTemplate":"https:\/\/expressometro.mx\/?s={search_term_string}"},"query-input":{"@type":"PropertyValueSpecification","valueRequired":true,"valueName":"search_term_string"}}],"inLanguage":"es"},{"@type":"Organization","@id":"https:\/\/expressometro.mx\/#organization","name":"Expresso Metropolitano","url":"https:\/\/expressometro.mx\/","logo":{"@type":"ImageObject","inLanguage":"es","@id":"https:\/\/expressometro.mx\/#\/schema\/logo\/image\/","url":"https:\/\/expressometro.mx\/wp-content\/uploads\/2019\/07\/cropped-Logo-Expresso-Metropolitano-1-1.jpeg","contentUrl":"https:\/\/expressometro.mx\/wp-content\/uploads\/2019\/07\/cropped-Logo-Expresso-Metropolitano-1-1.jpeg","width":290,"height":73,"caption":"Expresso Metropolitano"},"image":{"@id":"https:\/\/expressometro.mx\/#\/schema\/logo\/image\/"}},{"@type":"Person","@id":"https:\/\/expressometro.mx\/#\/schema\/person\/efa971b4a0664db8ed5c22b1b0dd2f5d","name":"Expresso Metropolitano","image":{"@type":"ImageObject","inLanguage":"es","@id":"https:\/\/secure.gravatar.com\/avatar\/a89f802b8de18c6952f223c88d3d106e9e3679839f4e25a02f4a6cc2ae6ba3b3?s=96&d=mm&r=g","url":"https:\/\/secure.gravatar.com\/avatar\/a89f802b8de18c6952f223c88d3d106e9e3679839f4e25a02f4a6cc2ae6ba3b3?s=96&d=mm&r=g","contentUrl":"https:\/\/secure.gravatar.com\/avatar\/a89f802b8de18c6952f223c88d3d106e9e3679839f4e25a02f4a6cc2ae6ba3b3?s=96&d=mm&r=g","caption":"Expresso Metropolitano"},"url":"https:\/\/expressometro.mx\/index.php\/author\/diego\/"}]}},"amp_enabled":true,"_links":{"self":[{"href":"https:\/\/expressometro.mx\/index.php\/wp-json\/wp\/v2\/posts\/136","targetHints":{"allow":["GET"]}}],"collection":[{"href":"https:\/\/expressometro.mx\/index.php\/wp-json\/wp\/v2\/posts"}],"about":[{"href":"https:\/\/expressometro.mx\/index.php\/wp-json\/wp\/v2\/types\/post"}],"author":[{"embeddable":true,"href":"https:\/\/expressometro.mx\/index.php\/wp-json\/wp\/v2\/users\/1"}],"replies":[{"embeddable":true,"href":"https:\/\/expressometro.mx\/index.php\/wp-json\/wp\/v2\/comments?post=136"}],"version-history":[{"count":1,"href":"https:\/\/expressometro.mx\/index.php\/wp-json\/wp\/v2\/posts\/136\/revisions"}],"predecessor-version":[{"id":138,"href":"https:\/\/expressometro.mx\/index.php\/wp-json\/wp\/v2\/posts\/136\/revisions\/138"}],"wp:attachment":[{"href":"https:\/\/expressometro.mx\/index.php\/wp-json\/wp\/v2\/media?parent=136"}],"wp:term":[{"taxonomy":"category","embeddable":true,"href":"https:\/\/expressometro.mx\/index.php\/wp-json\/wp\/v2\/categories?post=136"},{"taxonomy":"post_tag","embeddable":true,"href":"https:\/\/expressometro.mx\/index.php\/wp-json\/wp\/v2\/tags?post=136"}],"curies":[{"name":"wp","href":"https:\/\/api.w.org\/{rel}","templated":true}]}}