{"id":133,"date":"2019-08-13T02:58:35","date_gmt":"2019-08-13T07:58:35","guid":{"rendered":"http:\/\/expressometro.mx\/?p=133"},"modified":"2019-09-25T10:43:15","modified_gmt":"2019-09-25T15:43:15","slug":"registra-edomex-reduccion-de-la-pobreza-y-avances-en-desarrollo-social-y-humano","status":"publish","type":"post","link":"https:\/\/expressometro.mx\/index.php\/2019\/08\/13\/registra-edomex-reduccion-de-la-pobreza-y-avances-en-desarrollo-social-y-humano\/","title":{"rendered":"REGISTRA EDOM\u00c9X REDUCCI\u00d3N DE LA POBREZA Y AVANCES EN DESARROLLO SOCIAL Y HUMANO"},"content":{"rendered":"\n<p>Adem\u00e1s de la evaluaci\u00f3n de los programas sociales, otra fuente de evidencia v\u00e1lida para la toma de decisiones son los censos y las encuestas que, organismos como el Instituto Nacional de Estad\u00edstica y Geograf\u00eda (INEGI), realizan para conocer las condiciones de vida de los mexicanos.<\/p>\n\n\n\n<p>A partir de la Encuesta de Ingresos y Gastos de los Hogares (ENIGH), el Consejo Nacional de Evaluaci\u00f3n de la Pol\u00edtica de Desarrollo Social (Coneval) llev\u00f3 a cabo el c\u00e1lculo 2018 de la pobreza multidimensional, que por ley debe ser realizado cada dos a\u00f1os a nivel nacional y estatal.<\/p>\n\n\n\n<p>De las cifras presentadas, se tiene una evidencia positiva de que el Gobierno del Estado de M\u00e9xico ha mostrado avances sustanciales en el combate a la pobreza y en la reducci\u00f3n de las carencias sociales, coment\u00f3 el Secretario Ejecutivo del Consejo de Investigaci\u00f3n y Evaluaci\u00f3n de la Pol\u00edtica Social (CIEPS), Marih\u00f1o C\u00e1rdenas Z\u00fa\u00f1iga.<\/p>\n\n\n\n<p>Se\u00f1al\u00f3 que, a inicios de la presente administraci\u00f3n, el Gobierno que encabeza Alfredo Del Mazo Maza estableci\u00f3 en el Plan de Desarrollo una meta sexenal muy ambiciosa: reducir la pobreza en 5.9 por ciento, al t\u00e9rmino del ejercicio de Gobierno.<\/p>\n\n\n\n<p>En 2019, estamos muy cerca de conseguirlo, pues a dos a\u00f1os de ejercicio gubernamental, con una visi\u00f3n m\u00e1s integral y transversal de una nueva pol\u00edtica social con enfoque de derechos, hemos logrado reducir la pobreza en 5.2 por ciento seg\u00fan los resultados arrojados por el Coneval, destac\u00f3.<\/p>\n\n\n\n<p>Asimismo, Marih\u00f1o C\u00e1rdenas Z\u00fa\u00f1iga refiri\u00f3 que esta nueva forma de concebir a la pol\u00edtica social fue posible a partir de la visi\u00f3n del Gobernador Del Mazo Maza y gracias al compromiso que las dependencias que conforman el Gabinete Especializado de Desarrollo Social han mostrado para hacerle frente a los desaf\u00edos del bienestar en la entidad.<\/p>\n\n\n\n<p>Agreg\u00f3 que en la Secretar\u00eda de Desarrollo Social como en las dem\u00e1s instancias del Gobierno, se tiene la convicci\u00f3n de que los programas y acciones sociales deben ser focalizados para atender las carencias sociales de quienes m\u00e1s lo necesitan.<\/p>\n\n\n\n<p>Los resultados publicados por el Coneval son una primera evidencia de que vamos por buen camino, pues nos indican que adem\u00e1s de haber reducido el porcentaje de personas en pobreza entre 2016 y 2018 (de 47.9 a 42.7 por ciento) y pobreza extrema de (de 6.1 a 4.9 por ciento), tambi\u00e9n mejoramos en cuatro indicadores de carencias sociales, por ejemplo, la de calidad y espacios en la vivienda con 9.6 por ciento, y disminuimos el porcentaje de la poblaci\u00f3n que cuenta con un ingreso inferior a la l\u00ednea de pobreza por ingresos de 57.4 a 51.4 por ciento, en el mismo periodo.<\/p>\n\n\n\n<p>En este sentido, el Secretario Ejecutivo del CIEPS puntualiz\u00f3 que para contrarrestar la pobreza, fortalecer el ingreso y potenciar las capacidades de los mexiquenses hacia un desarrollo humano, el Gobierno impulsa estrategias firmes para lograr tener m\u00e1s Familias Fuertes y as\u00ed consolidar el desarrollo social de cada mexiquense.<\/p>\n","protected":false},"excerpt":{"rendered":"<p>Adem\u00e1s de la evaluaci\u00f3n de los programas sociales, otra fuente de evidencia v\u00e1lida para la toma de decisiones son los censos y las encuestas que, organismos como el Instituto Nacional de Estad\u00edstica y Geograf\u00eda (INEGI), realizan para conocer las condiciones de vida de los mexicanos. A partir de la Encuesta de Ingresos y Gastos de los Hogares (ENIGH), el Consejo Nacional de Evaluaci\u00f3n de la Pol\u00edtica de Desarrollo Social (Coneval) llev\u00f3 a cabo el c\u00e1lculo 2018 de la pobreza multidimensional, que por ley debe ser realizado cada dos a\u00f1os a&hellip;<\/p>\n","protected":false},"author":1,"featured_media":0,"comment_status":"open","ping_status":"open","sticky":false,"template":"","format":"standard","meta":{"footnotes":""},"categories":[4,3],"tags":[],"class_list":["post-133","post","type-post","status-publish","format-standard","hentry","category-finanzas","category-gobierno"],"yoast_head":"<!-- This site is optimized with the Yoast SEO plugin v27.5 - https:\/\/yoast.com\/product\/yoast-seo-wordpress\/ -->\n<title>REGISTRA EDOM\u00c9X REDUCCI\u00d3N DE LA POBREZA Y AVANCES EN DESARROLLO SOCIAL Y HUMANO - Expresso Metropolitano<\/title>\n<meta name=\"robots\" content=\"index, follow, max-snippet:-1, max-image-preview:large, max-video-preview:-1\" \/>\n<link rel=\"canonical\" href=\"https:\/\/expressometro.mx\/index.php\/2019\/08\/13\/registra-edomex-reduccion-de-la-pobreza-y-avances-en-desarrollo-social-y-humano\/\" \/>\n<meta property=\"og:locale\" content=\"es_MX\" \/>\n<meta property=\"og:type\" content=\"article\" \/>\n<meta property=\"og:title\" content=\"REGISTRA EDOM\u00c9X REDUCCI\u00d3N DE LA POBREZA Y AVANCES EN DESARROLLO SOCIAL Y HUMANO - Expresso Metropolitano\" \/>\n<meta property=\"og:description\" content=\"Adem\u00e1s de la evaluaci\u00f3n de los programas sociales, otra fuente de evidencia v\u00e1lida para la toma de decisiones son los censos y las encuestas que, organismos como el Instituto Nacional de Estad\u00edstica y Geograf\u00eda (INEGI), realizan para conocer las condiciones de vida de los mexicanos. A partir de la Encuesta de Ingresos y Gastos de los Hogares (ENIGH), el Consejo Nacional de Evaluaci\u00f3n de la Pol\u00edtica de Desarrollo Social (Coneval) llev\u00f3 a cabo el c\u00e1lculo 2018 de la pobreza multidimensional, que por ley debe ser realizado cada dos a\u00f1os a&hellip;\" \/>\n<meta property=\"og:url\" content=\"https:\/\/expressometro.mx\/index.php\/2019\/08\/13\/registra-edomex-reduccion-de-la-pobreza-y-avances-en-desarrollo-social-y-humano\/\" \/>\n<meta property=\"og:site_name\" content=\"Expresso Metropolitano\" \/>\n<meta property=\"article:published_time\" content=\"2019-08-13T07:58:35+00:00\" \/>\n<meta property=\"article:modified_time\" content=\"2019-09-25T15:43:15+00:00\" \/>\n<meta property=\"og:image\" content=\"https:\/\/expressometro.mx\/wp-content\/uploads\/2019\/08\/w2_8405_3.jpg\" \/>\n\t<meta property=\"og:image:width\" content=\"1800\" \/>\n\t<meta property=\"og:image:height\" content=\"1200\" \/>\n\t<meta property=\"og:image:type\" content=\"image\/jpeg\" \/>\n<meta name=\"author\" content=\"Expresso Metropolitano\" \/>\n<meta name=\"twitter:label1\" content=\"Escrito por\" \/>\n\t<meta name=\"twitter:data1\" content=\"Expresso Metropolitano\" \/>\n\t<meta name=\"twitter:label2\" content=\"Tiempo de lectura\" \/>\n\t<meta name=\"twitter:data2\" content=\"3 minutos\" \/>\n<script type=\"application\/ld+json\" class=\"yoast-schema-graph\">{\"@context\":\"https:\\\/\\\/schema.org\",\"@graph\":[{\"@type\":\"Article\",\"@id\":\"https:\\\/\\\/expressometro.mx\\\/index.php\\\/2019\\\/08\\\/13\\\/registra-edomex-reduccion-de-la-pobreza-y-avances-en-desarrollo-social-y-humano\\\/#article\",\"isPartOf\":{\"@id\":\"https:\\\/\\\/expressometro.mx\\\/index.php\\\/2019\\\/08\\\/13\\\/registra-edomex-reduccion-de-la-pobreza-y-avances-en-desarrollo-social-y-humano\\\/\"},\"author\":{\"name\":\"Expresso Metropolitano\",\"@id\":\"https:\\\/\\\/expressometro.mx\\\/#\\\/schema\\\/person\\\/efa971b4a0664db8ed5c22b1b0dd2f5d\"},\"headline\":\"REGISTRA EDOM\u00c9X REDUCCI\u00d3N DE LA POBREZA Y AVANCES EN DESARROLLO SOCIAL Y HUMANO\",\"datePublished\":\"2019-08-13T07:58:35+00:00\",\"dateModified\":\"2019-09-25T15:43:15+00:00\",\"mainEntityOfPage\":{\"@id\":\"https:\\\/\\\/expressometro.mx\\\/index.php\\\/2019\\\/08\\\/13\\\/registra-edomex-reduccion-de-la-pobreza-y-avances-en-desarrollo-social-y-humano\\\/\"},\"wordCount\":520,\"commentCount\":0,\"publisher\":{\"@id\":\"https:\\\/\\\/expressometro.mx\\\/#organization\"},\"articleSection\":[\"Finanzas\",\"Gobierno\"],\"inLanguage\":\"es\",\"potentialAction\":[{\"@type\":\"CommentAction\",\"name\":\"Comment\",\"target\":[\"https:\\\/\\\/expressometro.mx\\\/index.php\\\/2019\\\/08\\\/13\\\/registra-edomex-reduccion-de-la-pobreza-y-avances-en-desarrollo-social-y-humano\\\/#respond\"]}]},{\"@type\":\"WebPage\",\"@id\":\"https:\\\/\\\/expressometro.mx\\\/index.php\\\/2019\\\/08\\\/13\\\/registra-edomex-reduccion-de-la-pobreza-y-avances-en-desarrollo-social-y-humano\\\/\",\"url\":\"https:\\\/\\\/expressometro.mx\\\/index.php\\\/2019\\\/08\\\/13\\\/registra-edomex-reduccion-de-la-pobreza-y-avances-en-desarrollo-social-y-humano\\\/\",\"name\":\"REGISTRA EDOM\u00c9X REDUCCI\u00d3N DE LA POBREZA Y AVANCES EN DESARROLLO SOCIAL Y HUMANO - Expresso Metropolitano\",\"isPartOf\":{\"@id\":\"https:\\\/\\\/expressometro.mx\\\/#website\"},\"datePublished\":\"2019-08-13T07:58:35+00:00\",\"dateModified\":\"2019-09-25T15:43:15+00:00\",\"breadcrumb\":{\"@id\":\"https:\\\/\\\/expressometro.mx\\\/index.php\\\/2019\\\/08\\\/13\\\/registra-edomex-reduccion-de-la-pobreza-y-avances-en-desarrollo-social-y-humano\\\/#breadcrumb\"},\"inLanguage\":\"es\",\"potentialAction\":[{\"@type\":\"ReadAction\",\"target\":[\"https:\\\/\\\/expressometro.mx\\\/index.php\\\/2019\\\/08\\\/13\\\/registra-edomex-reduccion-de-la-pobreza-y-avances-en-desarrollo-social-y-humano\\\/\"]}]},{\"@type\":\"BreadcrumbList\",\"@id\":\"https:\\\/\\\/expressometro.mx\\\/index.php\\\/2019\\\/08\\\/13\\\/registra-edomex-reduccion-de-la-pobreza-y-avances-en-desarrollo-social-y-humano\\\/#breadcrumb\",\"itemListElement\":[{\"@type\":\"ListItem\",\"position\":1,\"name\":\"Inicio\",\"item\":\"https:\\\/\\\/expressometro.mx\\\/\"},{\"@type\":\"ListItem\",\"position\":2,\"name\":\"REGISTRA EDOM\u00c9X REDUCCI\u00d3N DE LA POBREZA Y AVANCES EN DESARROLLO SOCIAL Y HUMANO\"}]},{\"@type\":\"WebSite\",\"@id\":\"https:\\\/\\\/expressometro.mx\\\/#website\",\"url\":\"https:\\\/\\\/expressometro.mx\\\/\",\"name\":\"Expresso Metropolitano\",\"description\":\"Periodismo comprometido, informaci\u00f3n, investigaci\u00f3n y an\u00e1lisis\",\"publisher\":{\"@id\":\"https:\\\/\\\/expressometro.mx\\\/#organization\"},\"potentialAction\":[{\"@type\":\"SearchAction\",\"target\":{\"@type\":\"EntryPoint\",\"urlTemplate\":\"https:\\\/\\\/expressometro.mx\\\/?s={search_term_string}\"},\"query-input\":{\"@type\":\"PropertyValueSpecification\",\"valueRequired\":true,\"valueName\":\"search_term_string\"}}],\"inLanguage\":\"es\"},{\"@type\":\"Organization\",\"@id\":\"https:\\\/\\\/expressometro.mx\\\/#organization\",\"name\":\"Expresso Metropolitano\",\"url\":\"https:\\\/\\\/expressometro.mx\\\/\",\"logo\":{\"@type\":\"ImageObject\",\"inLanguage\":\"es\",\"@id\":\"https:\\\/\\\/expressometro.mx\\\/#\\\/schema\\\/logo\\\/image\\\/\",\"url\":\"https:\\\/\\\/expressometro.mx\\\/wp-content\\\/uploads\\\/2019\\\/07\\\/cropped-Logo-Expresso-Metropolitano-1-1.jpeg\",\"contentUrl\":\"https:\\\/\\\/expressometro.mx\\\/wp-content\\\/uploads\\\/2019\\\/07\\\/cropped-Logo-Expresso-Metropolitano-1-1.jpeg\",\"width\":290,\"height\":73,\"caption\":\"Expresso Metropolitano\"},\"image\":{\"@id\":\"https:\\\/\\\/expressometro.mx\\\/#\\\/schema\\\/logo\\\/image\\\/\"}},{\"@type\":\"Person\",\"@id\":\"https:\\\/\\\/expressometro.mx\\\/#\\\/schema\\\/person\\\/efa971b4a0664db8ed5c22b1b0dd2f5d\",\"name\":\"Expresso Metropolitano\",\"image\":{\"@type\":\"ImageObject\",\"inLanguage\":\"es\",\"@id\":\"https:\\\/\\\/secure.gravatar.com\\\/avatar\\\/a89f802b8de18c6952f223c88d3d106e9e3679839f4e25a02f4a6cc2ae6ba3b3?s=96&d=mm&r=g\",\"url\":\"https:\\\/\\\/secure.gravatar.com\\\/avatar\\\/a89f802b8de18c6952f223c88d3d106e9e3679839f4e25a02f4a6cc2ae6ba3b3?s=96&d=mm&r=g\",\"contentUrl\":\"https:\\\/\\\/secure.gravatar.com\\\/avatar\\\/a89f802b8de18c6952f223c88d3d106e9e3679839f4e25a02f4a6cc2ae6ba3b3?s=96&d=mm&r=g\",\"caption\":\"Expresso Metropolitano\"},\"url\":\"https:\\\/\\\/expressometro.mx\\\/index.php\\\/author\\\/diego\\\/\"}]}<\/script>\n<!-- \/ Yoast SEO plugin. -->","yoast_head_json":{"title":"REGISTRA EDOM\u00c9X REDUCCI\u00d3N DE LA POBREZA Y AVANCES EN DESARROLLO SOCIAL Y HUMANO - Expresso Metropolitano","robots":{"index":"index","follow":"follow","max-snippet":"max-snippet:-1","max-image-preview":"max-image-preview:large","max-video-preview":"max-video-preview:-1"},"canonical":"https:\/\/expressometro.mx\/index.php\/2019\/08\/13\/registra-edomex-reduccion-de-la-pobreza-y-avances-en-desarrollo-social-y-humano\/","og_locale":"es_MX","og_type":"article","og_title":"REGISTRA EDOM\u00c9X REDUCCI\u00d3N DE LA POBREZA Y AVANCES EN DESARROLLO SOCIAL Y HUMANO - Expresso Metropolitano","og_description":"Adem\u00e1s de la evaluaci\u00f3n de los programas sociales, otra fuente de evidencia v\u00e1lida para la toma de decisiones son los censos y las encuestas que, organismos como el Instituto Nacional de Estad\u00edstica y Geograf\u00eda (INEGI), realizan para conocer las condiciones de vida de los mexicanos. A partir de la Encuesta de Ingresos y Gastos de los Hogares (ENIGH), el Consejo Nacional de Evaluaci\u00f3n de la Pol\u00edtica de Desarrollo Social (Coneval) llev\u00f3 a cabo el c\u00e1lculo 2018 de la pobreza multidimensional, que por ley debe ser realizado cada dos a\u00f1os a&hellip;","og_url":"https:\/\/expressometro.mx\/index.php\/2019\/08\/13\/registra-edomex-reduccion-de-la-pobreza-y-avances-en-desarrollo-social-y-humano\/","og_site_name":"Expresso Metropolitano","article_published_time":"2019-08-13T07:58:35+00:00","article_modified_time":"2019-09-25T15:43:15+00:00","og_image":[{"width":1800,"height":1200,"url":"https:\/\/expressometro.mx\/wp-content\/uploads\/2019\/08\/w2_8405_3.jpg","type":"image\/jpeg"}],"author":"Expresso Metropolitano","twitter_misc":{"Escrito por":"Expresso Metropolitano","Tiempo de lectura":"3 minutos"},"schema":{"@context":"https:\/\/schema.org","@graph":[{"@type":"Article","@id":"https:\/\/expressometro.mx\/index.php\/2019\/08\/13\/registra-edomex-reduccion-de-la-pobreza-y-avances-en-desarrollo-social-y-humano\/#article","isPartOf":{"@id":"https:\/\/expressometro.mx\/index.php\/2019\/08\/13\/registra-edomex-reduccion-de-la-pobreza-y-avances-en-desarrollo-social-y-humano\/"},"author":{"name":"Expresso Metropolitano","@id":"https:\/\/expressometro.mx\/#\/schema\/person\/efa971b4a0664db8ed5c22b1b0dd2f5d"},"headline":"REGISTRA EDOM\u00c9X REDUCCI\u00d3N DE LA POBREZA Y AVANCES EN DESARROLLO SOCIAL Y HUMANO","datePublished":"2019-08-13T07:58:35+00:00","dateModified":"2019-09-25T15:43:15+00:00","mainEntityOfPage":{"@id":"https:\/\/expressometro.mx\/index.php\/2019\/08\/13\/registra-edomex-reduccion-de-la-pobreza-y-avances-en-desarrollo-social-y-humano\/"},"wordCount":520,"commentCount":0,"publisher":{"@id":"https:\/\/expressometro.mx\/#organization"},"articleSection":["Finanzas","Gobierno"],"inLanguage":"es","potentialAction":[{"@type":"CommentAction","name":"Comment","target":["https:\/\/expressometro.mx\/index.php\/2019\/08\/13\/registra-edomex-reduccion-de-la-pobreza-y-avances-en-desarrollo-social-y-humano\/#respond"]}]},{"@type":"WebPage","@id":"https:\/\/expressometro.mx\/index.php\/2019\/08\/13\/registra-edomex-reduccion-de-la-pobreza-y-avances-en-desarrollo-social-y-humano\/","url":"https:\/\/expressometro.mx\/index.php\/2019\/08\/13\/registra-edomex-reduccion-de-la-pobreza-y-avances-en-desarrollo-social-y-humano\/","name":"REGISTRA EDOM\u00c9X REDUCCI\u00d3N DE LA POBREZA Y AVANCES EN DESARROLLO SOCIAL Y HUMANO - Expresso Metropolitano","isPartOf":{"@id":"https:\/\/expressometro.mx\/#website"},"datePublished":"2019-08-13T07:58:35+00:00","dateModified":"2019-09-25T15:43:15+00:00","breadcrumb":{"@id":"https:\/\/expressometro.mx\/index.php\/2019\/08\/13\/registra-edomex-reduccion-de-la-pobreza-y-avances-en-desarrollo-social-y-humano\/#breadcrumb"},"inLanguage":"es","potentialAction":[{"@type":"ReadAction","target":["https:\/\/expressometro.mx\/index.php\/2019\/08\/13\/registra-edomex-reduccion-de-la-pobreza-y-avances-en-desarrollo-social-y-humano\/"]}]},{"@type":"BreadcrumbList","@id":"https:\/\/expressometro.mx\/index.php\/2019\/08\/13\/registra-edomex-reduccion-de-la-pobreza-y-avances-en-desarrollo-social-y-humano\/#breadcrumb","itemListElement":[{"@type":"ListItem","position":1,"name":"Inicio","item":"https:\/\/expressometro.mx\/"},{"@type":"ListItem","position":2,"name":"REGISTRA EDOM\u00c9X REDUCCI\u00d3N DE LA POBREZA Y AVANCES EN DESARROLLO SOCIAL Y HUMANO"}]},{"@type":"WebSite","@id":"https:\/\/expressometro.mx\/#website","url":"https:\/\/expressometro.mx\/","name":"Expresso Metropolitano","description":"Periodismo comprometido, informaci\u00f3n, investigaci\u00f3n y an\u00e1lisis","publisher":{"@id":"https:\/\/expressometro.mx\/#organization"},"potentialAction":[{"@type":"SearchAction","target":{"@type":"EntryPoint","urlTemplate":"https:\/\/expressometro.mx\/?s={search_term_string}"},"query-input":{"@type":"PropertyValueSpecification","valueRequired":true,"valueName":"search_term_string"}}],"inLanguage":"es"},{"@type":"Organization","@id":"https:\/\/expressometro.mx\/#organization","name":"Expresso Metropolitano","url":"https:\/\/expressometro.mx\/","logo":{"@type":"ImageObject","inLanguage":"es","@id":"https:\/\/expressometro.mx\/#\/schema\/logo\/image\/","url":"https:\/\/expressometro.mx\/wp-content\/uploads\/2019\/07\/cropped-Logo-Expresso-Metropolitano-1-1.jpeg","contentUrl":"https:\/\/expressometro.mx\/wp-content\/uploads\/2019\/07\/cropped-Logo-Expresso-Metropolitano-1-1.jpeg","width":290,"height":73,"caption":"Expresso Metropolitano"},"image":{"@id":"https:\/\/expressometro.mx\/#\/schema\/logo\/image\/"}},{"@type":"Person","@id":"https:\/\/expressometro.mx\/#\/schema\/person\/efa971b4a0664db8ed5c22b1b0dd2f5d","name":"Expresso Metropolitano","image":{"@type":"ImageObject","inLanguage":"es","@id":"https:\/\/secure.gravatar.com\/avatar\/a89f802b8de18c6952f223c88d3d106e9e3679839f4e25a02f4a6cc2ae6ba3b3?s=96&d=mm&r=g","url":"https:\/\/secure.gravatar.com\/avatar\/a89f802b8de18c6952f223c88d3d106e9e3679839f4e25a02f4a6cc2ae6ba3b3?s=96&d=mm&r=g","contentUrl":"https:\/\/secure.gravatar.com\/avatar\/a89f802b8de18c6952f223c88d3d106e9e3679839f4e25a02f4a6cc2ae6ba3b3?s=96&d=mm&r=g","caption":"Expresso Metropolitano"},"url":"https:\/\/expressometro.mx\/index.php\/author\/diego\/"}]}},"amp_enabled":true,"_links":{"self":[{"href":"https:\/\/expressometro.mx\/index.php\/wp-json\/wp\/v2\/posts\/133","targetHints":{"allow":["GET"]}}],"collection":[{"href":"https:\/\/expressometro.mx\/index.php\/wp-json\/wp\/v2\/posts"}],"about":[{"href":"https:\/\/expressometro.mx\/index.php\/wp-json\/wp\/v2\/types\/post"}],"author":[{"embeddable":true,"href":"https:\/\/expressometro.mx\/index.php\/wp-json\/wp\/v2\/users\/1"}],"replies":[{"embeddable":true,"href":"https:\/\/expressometro.mx\/index.php\/wp-json\/wp\/v2\/comments?post=133"}],"version-history":[{"count":1,"href":"https:\/\/expressometro.mx\/index.php\/wp-json\/wp\/v2\/posts\/133\/revisions"}],"predecessor-version":[{"id":135,"href":"https:\/\/expressometro.mx\/index.php\/wp-json\/wp\/v2\/posts\/133\/revisions\/135"}],"wp:attachment":[{"href":"https:\/\/expressometro.mx\/index.php\/wp-json\/wp\/v2\/media?parent=133"}],"wp:term":[{"taxonomy":"category","embeddable":true,"href":"https:\/\/expressometro.mx\/index.php\/wp-json\/wp\/v2\/categories?post=133"},{"taxonomy":"post_tag","embeddable":true,"href":"https:\/\/expressometro.mx\/index.php\/wp-json\/wp\/v2\/tags?post=133"}],"curies":[{"name":"wp","href":"https:\/\/api.w.org\/{rel}","templated":true}]}}