{"id":1319,"date":"2020-03-13T20:26:39","date_gmt":"2020-03-14T02:26:39","guid":{"rendered":"http:\/\/expressometro.mx\/?p=1319"},"modified":"2020-03-13T20:26:40","modified_gmt":"2020-03-14T02:26:40","slug":"informa-alfredo-del-mazo-que-en-edomex-la-alerta-por-el-covid-19-se-mantiene-en-fase-1-preventiva","status":"publish","type":"post","link":"https:\/\/expressometro.mx\/index.php\/2020\/03\/13\/informa-alfredo-del-mazo-que-en-edomex-la-alerta-por-el-covid-19-se-mantiene-en-fase-1-preventiva\/","title":{"rendered":"INFORMA ALFREDO DEL MAZO QUE EN EDOM\u00c9X LA ALERTA POR EL COVID 19 SE MANTIENE EN FASE 1 PREVENTIVA\u201d"},"content":{"rendered":"\n<p>El Gobernador Alfredo Del Mazo Maza inform\u00f3 que en el Estado de M\u00e9xico, y en M\u00e9xico, la alerta por el COVID 19 se mantiene en Fase 1, que implica realizar acciones preventivas que eviten la propagaci\u00f3n de este contagio, y garantiz\u00f3 que el sector salud mexiquense est\u00e1 preparado para hacer frente a esta enfermedad y atender posibles brotes. <\/p>\n\n\n\n<p>\u201cEn el Estado de M\u00e9xico, en M\u00e9xico, seguimos en la fase n\u00famero 1, en donde las medidas que se deben de tomar son preventivas: higiene e identificaci\u00f3n de posibles casos, realizar la prueba, y si un caso resulta positivo, se requiere aislar el caso e identificar los contactos que se tuvieron para poder evaluar sus condiciones de salud. Estamos en esa etapa, y es importante reiterarlo, estamos en la primera etapa, que es una etapa preventiva\u201d, recalc\u00f3. <\/p>\n\n\n\n<p>Luego de reunirse con los integrantes del Consejo Estatal de Seguridad en Salud, el Gobernador Del Mazo dio a conocer que, de los cuatro casos de Coronavirus registrados en el Edom\u00e9x, uno ya fue dado de alta, mientras que los otros contin\u00faan aislados y recibiendo atenci\u00f3n, adem\u00e1s de que el seguimiento de su estado de salud, as\u00ed como de las personas que tuvieron contacto con ellos, es monitoreado d\u00eda con d\u00eda.   <\/p>\n\n\n\n<p>Subray\u00f3 que ante una posible contingencia la Secretar\u00eda de Salud estatal ha capacitado a 19 equipos para hacer pruebas que detecten esta enfermedad, y dijo que los integrantes de estas brigadas toman muestras de posibles contagios, y posteriormente las analizan en el Laboratorio de Salud estatal, que, al estar certificado por el INDRE, lleva a cabo pruebas confiables.<\/p>\n\n\n\n<p>Asegur\u00f3 que el Gobierno del estado cuenta con los insumos, el personal y la infraestructura hospitalaria suficiente para atender los posibles brotes y hacer frente al Coronavirus de forma eficiente. <\/p>\n\n\n\n<p>El mandatario estatal tambi\u00e9n instruy\u00f3 a la Secretar\u00eda de Educaci\u00f3n a reforzar las medidas sanitarias en los planteles escolares, adem\u00e1s de fortalecer las jornadas de salud para acercar servicios m\u00e9dicos a distintas comunidades y actuar a tiempo ante posibles casos.<\/p>\n\n\n\n<p>\u201cTenemos la infraestructura hospitalaria, el personal m\u00e9dico preparado para atender los casos que pudieran presentarse y para darle el seguimiento que se requiere. He instruido al Secretario de Educaci\u00f3n a reforzar las medidas de higiene y de limpieza en las escuelas y estamos fortaleciendo las jornadas de salud para acercarle los servicios m\u00e9dicos a las distintas comunidades de todo el estado, y de esta manera, actuar de manera preventiva e identificar posibles casos que pudi\u00e9ramos tener hacia adelante\u201d, especific\u00f3. <\/p>\n\n\n\n<p>Acompa\u00f1ado por los Secretarios de Salud, General de Gobierno, Turismo y Finanzas, el Gobernador Del Mazo dijo que ante el riesgo que representa el COVID 19, la administraci\u00f3n estatal mantiene una estrecha colaboraci\u00f3n con la federaci\u00f3n y con el Gobierno de la Ciudad de M\u00e9xico, y sostienen reuniones permanentes para darle seguimiento a cualquier caso que surja  y tomar las medidas necesarias.<\/p>\n\n\n\n<p>Adem\u00e1s, exhort\u00f3 a la sociedad mexiquense a estar atenta a la informaci\u00f3n y a las recomendaciones emitidas por las autoridades del sector salud, y continuar practicando las medidas preventivas, como el lavado constante de manos, el uso gel antibacterial, la limpieza frecuente de superficies de uso com\u00fan como mesas, manijas de puertas o escritorios.<\/p>\n\n\n\n<p>Y, en caso de presentar s\u00edntomas como temperatura mayor a 38 grados, tos seca o problemas para respirar, llamar al n\u00famero 800 900 32 00, donde un grupo de especialistas ofrecen atenci\u00f3n y quienes eval\u00faan cada caso por si requiere intervenci\u00f3n m\u00e9dica. <\/p>\n\n\n\n<p>Finalmente, Alfredo Del Mazo inst\u00f3 a la ciudadan\u00eda a estar al pendiente de las etapas que marca la Organizaci\u00f3n Mundial de la Salud en la evoluci\u00f3n de esta enfermedad y garantiz\u00f3 que su administraci\u00f3n mantendr\u00e1 informada a la poblaci\u00f3n sobre los pormenores entorno a esta pandemia. <\/p>\n\n\n\n<p>\u201cDebemos de seguir siendo muy cuidadosos, respetuosos de las etapas que va marcando la Organizaci\u00f3n Mundial de la Salud, como lo estamos haciendo aqu\u00ed en el Estado de M\u00e9xico de manera coordinada con la Ciudad de M\u00e9xico y con el Gobierno Federal, seguiremos de manera permanente en reuni\u00f3n en este Comit\u00e9 Estatal de Salud y estaremos informando a todas las familias del Estado de M\u00e9xico de los avances que se vayan que se vayan teniendo.<\/p>\n\n\n\n<p>Estuvieron presentes la Directora General del ISSEMYM, Bertha Alicia Casado, el titular de la Direcci\u00f3n General de Protecci\u00f3n Civil estatal, Luis Felipe Puente, el Subdirector de Epidemiol\u00f3gica, V\u00edctor Dur\u00e1n y el Coordinador de Salud del ISEM, Esteban Aranza y el Director General de Servicios Educativos Integrados del estado, Gerardo Monroy.<\/p>\n","protected":false},"excerpt":{"rendered":"<p>El Gobernador Alfredo Del Mazo Maza inform\u00f3 que en el Estado de M\u00e9xico, y en M\u00e9xico, la alerta por el COVID 19 se mantiene en Fase 1, que implica realizar acciones preventivas que eviten la propagaci\u00f3n de este contagio, y garantiz\u00f3 que el sector salud mexiquense est\u00e1 preparado para hacer frente a esta enfermedad y atender posibles brotes. \u201cEn el Estado de M\u00e9xico, en M\u00e9xico, seguimos en la fase n\u00famero 1, en donde las medidas que se deben de tomar son preventivas: higiene e identificaci\u00f3n de posibles casos, realizar la&hellip;<\/p>\n","protected":false},"author":1,"featured_media":1320,"comment_status":"open","ping_status":"open","sticky":false,"template":"","format":"standard","meta":{"footnotes":""},"categories":[1],"tags":[],"class_list":["post-1319","post","type-post","status-publish","format-standard","has-post-thumbnail","hentry","category-otros"],"yoast_head":"<!-- This site is optimized with the Yoast SEO plugin v27.5 - https:\/\/yoast.com\/product\/yoast-seo-wordpress\/ -->\n<title>INFORMA ALFREDO DEL MAZO QUE EN EDOM\u00c9X LA ALERTA POR EL COVID 19 SE MANTIENE EN FASE 1 PREVENTIVA\u201d - Expresso Metropolitano<\/title>\n<meta name=\"robots\" content=\"index, follow, max-snippet:-1, max-image-preview:large, max-video-preview:-1\" \/>\n<link rel=\"canonical\" href=\"https:\/\/expressometro.mx\/index.php\/2020\/03\/13\/informa-alfredo-del-mazo-que-en-edomex-la-alerta-por-el-covid-19-se-mantiene-en-fase-1-preventiva\/\" \/>\n<meta property=\"og:locale\" content=\"es_MX\" \/>\n<meta property=\"og:type\" content=\"article\" \/>\n<meta property=\"og:title\" content=\"INFORMA ALFREDO DEL MAZO QUE EN EDOM\u00c9X LA ALERTA POR EL COVID 19 SE MANTIENE EN FASE 1 PREVENTIVA\u201d - Expresso Metropolitano\" \/>\n<meta property=\"og:description\" content=\"El Gobernador Alfredo Del Mazo Maza inform\u00f3 que en el Estado de M\u00e9xico, y en M\u00e9xico, la alerta por el COVID 19 se mantiene en Fase 1, que implica realizar acciones preventivas que eviten la propagaci\u00f3n de este contagio, y garantiz\u00f3 que el sector salud mexiquense est\u00e1 preparado para hacer frente a esta enfermedad y atender posibles brotes. \u201cEn el Estado de M\u00e9xico, en M\u00e9xico, seguimos en la fase n\u00famero 1, en donde las medidas que se deben de tomar son preventivas: higiene e identificaci\u00f3n de posibles casos, realizar la&hellip;\" \/>\n<meta property=\"og:url\" content=\"https:\/\/expressometro.mx\/index.php\/2020\/03\/13\/informa-alfredo-del-mazo-que-en-edomex-la-alerta-por-el-covid-19-se-mantiene-en-fase-1-preventiva\/\" \/>\n<meta property=\"og:site_name\" content=\"Expresso Metropolitano\" \/>\n<meta property=\"article:published_time\" content=\"2020-03-14T02:26:39+00:00\" \/>\n<meta property=\"article:modified_time\" content=\"2020-03-14T02:26:40+00:00\" \/>\n<meta property=\"og:image\" content=\"https:\/\/expressometro.mx\/wp-content\/uploads\/2020\/03\/60F05DC8-FE01-4EC2-B63E-89F6B98D7C3E.jpeg\" \/>\n\t<meta property=\"og:image:width\" content=\"1280\" \/>\n\t<meta property=\"og:image:height\" content=\"927\" \/>\n\t<meta property=\"og:image:type\" content=\"image\/jpeg\" \/>\n<meta name=\"author\" content=\"Expresso Metropolitano\" \/>\n<meta name=\"twitter:label1\" content=\"Escrito por\" \/>\n\t<meta name=\"twitter:data1\" content=\"Expresso Metropolitano\" \/>\n\t<meta name=\"twitter:label2\" content=\"Tiempo de lectura\" \/>\n\t<meta name=\"twitter:data2\" content=\"4 minutos\" \/>\n<script type=\"application\/ld+json\" class=\"yoast-schema-graph\">{\"@context\":\"https:\\\/\\\/schema.org\",\"@graph\":[{\"@type\":\"Article\",\"@id\":\"https:\\\/\\\/expressometro.mx\\\/index.php\\\/2020\\\/03\\\/13\\\/informa-alfredo-del-mazo-que-en-edomex-la-alerta-por-el-covid-19-se-mantiene-en-fase-1-preventiva\\\/#article\",\"isPartOf\":{\"@id\":\"https:\\\/\\\/expressometro.mx\\\/index.php\\\/2020\\\/03\\\/13\\\/informa-alfredo-del-mazo-que-en-edomex-la-alerta-por-el-covid-19-se-mantiene-en-fase-1-preventiva\\\/\"},\"author\":{\"name\":\"Expresso Metropolitano\",\"@id\":\"https:\\\/\\\/expressometro.mx\\\/#\\\/schema\\\/person\\\/efa971b4a0664db8ed5c22b1b0dd2f5d\"},\"headline\":\"INFORMA ALFREDO DEL MAZO QUE EN EDOM\u00c9X LA ALERTA POR EL COVID 19 SE MANTIENE EN FASE 1 PREVENTIVA\u201d\",\"datePublished\":\"2020-03-14T02:26:39+00:00\",\"dateModified\":\"2020-03-14T02:26:40+00:00\",\"mainEntityOfPage\":{\"@id\":\"https:\\\/\\\/expressometro.mx\\\/index.php\\\/2020\\\/03\\\/13\\\/informa-alfredo-del-mazo-que-en-edomex-la-alerta-por-el-covid-19-se-mantiene-en-fase-1-preventiva\\\/\"},\"wordCount\":802,\"commentCount\":0,\"publisher\":{\"@id\":\"https:\\\/\\\/expressometro.mx\\\/#organization\"},\"image\":{\"@id\":\"https:\\\/\\\/expressometro.mx\\\/index.php\\\/2020\\\/03\\\/13\\\/informa-alfredo-del-mazo-que-en-edomex-la-alerta-por-el-covid-19-se-mantiene-en-fase-1-preventiva\\\/#primaryimage\"},\"thumbnailUrl\":\"https:\\\/\\\/expressometro.mx\\\/wp-content\\\/uploads\\\/2020\\\/03\\\/60F05DC8-FE01-4EC2-B63E-89F6B98D7C3E.jpeg\",\"articleSection\":[\"Otros\"],\"inLanguage\":\"es\",\"potentialAction\":[{\"@type\":\"CommentAction\",\"name\":\"Comment\",\"target\":[\"https:\\\/\\\/expressometro.mx\\\/index.php\\\/2020\\\/03\\\/13\\\/informa-alfredo-del-mazo-que-en-edomex-la-alerta-por-el-covid-19-se-mantiene-en-fase-1-preventiva\\\/#respond\"]}]},{\"@type\":\"WebPage\",\"@id\":\"https:\\\/\\\/expressometro.mx\\\/index.php\\\/2020\\\/03\\\/13\\\/informa-alfredo-del-mazo-que-en-edomex-la-alerta-por-el-covid-19-se-mantiene-en-fase-1-preventiva\\\/\",\"url\":\"https:\\\/\\\/expressometro.mx\\\/index.php\\\/2020\\\/03\\\/13\\\/informa-alfredo-del-mazo-que-en-edomex-la-alerta-por-el-covid-19-se-mantiene-en-fase-1-preventiva\\\/\",\"name\":\"INFORMA ALFREDO DEL MAZO QUE EN EDOM\u00c9X LA ALERTA POR EL COVID 19 SE MANTIENE EN FASE 1 PREVENTIVA\u201d - Expresso Metropolitano\",\"isPartOf\":{\"@id\":\"https:\\\/\\\/expressometro.mx\\\/#website\"},\"primaryImageOfPage\":{\"@id\":\"https:\\\/\\\/expressometro.mx\\\/index.php\\\/2020\\\/03\\\/13\\\/informa-alfredo-del-mazo-que-en-edomex-la-alerta-por-el-covid-19-se-mantiene-en-fase-1-preventiva\\\/#primaryimage\"},\"image\":{\"@id\":\"https:\\\/\\\/expressometro.mx\\\/index.php\\\/2020\\\/03\\\/13\\\/informa-alfredo-del-mazo-que-en-edomex-la-alerta-por-el-covid-19-se-mantiene-en-fase-1-preventiva\\\/#primaryimage\"},\"thumbnailUrl\":\"https:\\\/\\\/expressometro.mx\\\/wp-content\\\/uploads\\\/2020\\\/03\\\/60F05DC8-FE01-4EC2-B63E-89F6B98D7C3E.jpeg\",\"datePublished\":\"2020-03-14T02:26:39+00:00\",\"dateModified\":\"2020-03-14T02:26:40+00:00\",\"breadcrumb\":{\"@id\":\"https:\\\/\\\/expressometro.mx\\\/index.php\\\/2020\\\/03\\\/13\\\/informa-alfredo-del-mazo-que-en-edomex-la-alerta-por-el-covid-19-se-mantiene-en-fase-1-preventiva\\\/#breadcrumb\"},\"inLanguage\":\"es\",\"potentialAction\":[{\"@type\":\"ReadAction\",\"target\":[\"https:\\\/\\\/expressometro.mx\\\/index.php\\\/2020\\\/03\\\/13\\\/informa-alfredo-del-mazo-que-en-edomex-la-alerta-por-el-covid-19-se-mantiene-en-fase-1-preventiva\\\/\"]}]},{\"@type\":\"ImageObject\",\"inLanguage\":\"es\",\"@id\":\"https:\\\/\\\/expressometro.mx\\\/index.php\\\/2020\\\/03\\\/13\\\/informa-alfredo-del-mazo-que-en-edomex-la-alerta-por-el-covid-19-se-mantiene-en-fase-1-preventiva\\\/#primaryimage\",\"url\":\"https:\\\/\\\/expressometro.mx\\\/wp-content\\\/uploads\\\/2020\\\/03\\\/60F05DC8-FE01-4EC2-B63E-89F6B98D7C3E.jpeg\",\"contentUrl\":\"https:\\\/\\\/expressometro.mx\\\/wp-content\\\/uploads\\\/2020\\\/03\\\/60F05DC8-FE01-4EC2-B63E-89F6B98D7C3E.jpeg\",\"width\":1280,\"height\":927},{\"@type\":\"BreadcrumbList\",\"@id\":\"https:\\\/\\\/expressometro.mx\\\/index.php\\\/2020\\\/03\\\/13\\\/informa-alfredo-del-mazo-que-en-edomex-la-alerta-por-el-covid-19-se-mantiene-en-fase-1-preventiva\\\/#breadcrumb\",\"itemListElement\":[{\"@type\":\"ListItem\",\"position\":1,\"name\":\"Inicio\",\"item\":\"https:\\\/\\\/expressometro.mx\\\/\"},{\"@type\":\"ListItem\",\"position\":2,\"name\":\"INFORMA ALFREDO DEL MAZO QUE EN EDOM\u00c9X LA ALERTA POR EL COVID 19 SE MANTIENE EN FASE 1 PREVENTIVA\u201d\"}]},{\"@type\":\"WebSite\",\"@id\":\"https:\\\/\\\/expressometro.mx\\\/#website\",\"url\":\"https:\\\/\\\/expressometro.mx\\\/\",\"name\":\"Expresso Metropolitano\",\"description\":\"Periodismo comprometido, informaci\u00f3n, investigaci\u00f3n y an\u00e1lisis\",\"publisher\":{\"@id\":\"https:\\\/\\\/expressometro.mx\\\/#organization\"},\"potentialAction\":[{\"@type\":\"SearchAction\",\"target\":{\"@type\":\"EntryPoint\",\"urlTemplate\":\"https:\\\/\\\/expressometro.mx\\\/?s={search_term_string}\"},\"query-input\":{\"@type\":\"PropertyValueSpecification\",\"valueRequired\":true,\"valueName\":\"search_term_string\"}}],\"inLanguage\":\"es\"},{\"@type\":\"Organization\",\"@id\":\"https:\\\/\\\/expressometro.mx\\\/#organization\",\"name\":\"Expresso Metropolitano\",\"url\":\"https:\\\/\\\/expressometro.mx\\\/\",\"logo\":{\"@type\":\"ImageObject\",\"inLanguage\":\"es\",\"@id\":\"https:\\\/\\\/expressometro.mx\\\/#\\\/schema\\\/logo\\\/image\\\/\",\"url\":\"https:\\\/\\\/expressometro.mx\\\/wp-content\\\/uploads\\\/2019\\\/07\\\/cropped-Logo-Expresso-Metropolitano-1-1.jpeg\",\"contentUrl\":\"https:\\\/\\\/expressometro.mx\\\/wp-content\\\/uploads\\\/2019\\\/07\\\/cropped-Logo-Expresso-Metropolitano-1-1.jpeg\",\"width\":290,\"height\":73,\"caption\":\"Expresso Metropolitano\"},\"image\":{\"@id\":\"https:\\\/\\\/expressometro.mx\\\/#\\\/schema\\\/logo\\\/image\\\/\"}},{\"@type\":\"Person\",\"@id\":\"https:\\\/\\\/expressometro.mx\\\/#\\\/schema\\\/person\\\/efa971b4a0664db8ed5c22b1b0dd2f5d\",\"name\":\"Expresso Metropolitano\",\"image\":{\"@type\":\"ImageObject\",\"inLanguage\":\"es\",\"@id\":\"https:\\\/\\\/secure.gravatar.com\\\/avatar\\\/a89f802b8de18c6952f223c88d3d106e9e3679839f4e25a02f4a6cc2ae6ba3b3?s=96&d=mm&r=g\",\"url\":\"https:\\\/\\\/secure.gravatar.com\\\/avatar\\\/a89f802b8de18c6952f223c88d3d106e9e3679839f4e25a02f4a6cc2ae6ba3b3?s=96&d=mm&r=g\",\"contentUrl\":\"https:\\\/\\\/secure.gravatar.com\\\/avatar\\\/a89f802b8de18c6952f223c88d3d106e9e3679839f4e25a02f4a6cc2ae6ba3b3?s=96&d=mm&r=g\",\"caption\":\"Expresso Metropolitano\"},\"url\":\"https:\\\/\\\/expressometro.mx\\\/index.php\\\/author\\\/diego\\\/\"}]}<\/script>\n<!-- \/ Yoast SEO plugin. -->","yoast_head_json":{"title":"INFORMA ALFREDO DEL MAZO QUE EN EDOM\u00c9X LA ALERTA POR EL COVID 19 SE MANTIENE EN FASE 1 PREVENTIVA\u201d - Expresso Metropolitano","robots":{"index":"index","follow":"follow","max-snippet":"max-snippet:-1","max-image-preview":"max-image-preview:large","max-video-preview":"max-video-preview:-1"},"canonical":"https:\/\/expressometro.mx\/index.php\/2020\/03\/13\/informa-alfredo-del-mazo-que-en-edomex-la-alerta-por-el-covid-19-se-mantiene-en-fase-1-preventiva\/","og_locale":"es_MX","og_type":"article","og_title":"INFORMA ALFREDO DEL MAZO QUE EN EDOM\u00c9X LA ALERTA POR EL COVID 19 SE MANTIENE EN FASE 1 PREVENTIVA\u201d - Expresso Metropolitano","og_description":"El Gobernador Alfredo Del Mazo Maza inform\u00f3 que en el Estado de M\u00e9xico, y en M\u00e9xico, la alerta por el COVID 19 se mantiene en Fase 1, que implica realizar acciones preventivas que eviten la propagaci\u00f3n de este contagio, y garantiz\u00f3 que el sector salud mexiquense est\u00e1 preparado para hacer frente a esta enfermedad y atender posibles brotes. \u201cEn el Estado de M\u00e9xico, en M\u00e9xico, seguimos en la fase n\u00famero 1, en donde las medidas que se deben de tomar son preventivas: higiene e identificaci\u00f3n de posibles casos, realizar la&hellip;","og_url":"https:\/\/expressometro.mx\/index.php\/2020\/03\/13\/informa-alfredo-del-mazo-que-en-edomex-la-alerta-por-el-covid-19-se-mantiene-en-fase-1-preventiva\/","og_site_name":"Expresso Metropolitano","article_published_time":"2020-03-14T02:26:39+00:00","article_modified_time":"2020-03-14T02:26:40+00:00","og_image":[{"width":1280,"height":927,"url":"https:\/\/expressometro.mx\/wp-content\/uploads\/2020\/03\/60F05DC8-FE01-4EC2-B63E-89F6B98D7C3E.jpeg","type":"image\/jpeg"}],"author":"Expresso Metropolitano","twitter_misc":{"Escrito por":"Expresso Metropolitano","Tiempo de lectura":"4 minutos"},"schema":{"@context":"https:\/\/schema.org","@graph":[{"@type":"Article","@id":"https:\/\/expressometro.mx\/index.php\/2020\/03\/13\/informa-alfredo-del-mazo-que-en-edomex-la-alerta-por-el-covid-19-se-mantiene-en-fase-1-preventiva\/#article","isPartOf":{"@id":"https:\/\/expressometro.mx\/index.php\/2020\/03\/13\/informa-alfredo-del-mazo-que-en-edomex-la-alerta-por-el-covid-19-se-mantiene-en-fase-1-preventiva\/"},"author":{"name":"Expresso Metropolitano","@id":"https:\/\/expressometro.mx\/#\/schema\/person\/efa971b4a0664db8ed5c22b1b0dd2f5d"},"headline":"INFORMA ALFREDO DEL MAZO QUE EN EDOM\u00c9X LA ALERTA POR EL COVID 19 SE MANTIENE EN FASE 1 PREVENTIVA\u201d","datePublished":"2020-03-14T02:26:39+00:00","dateModified":"2020-03-14T02:26:40+00:00","mainEntityOfPage":{"@id":"https:\/\/expressometro.mx\/index.php\/2020\/03\/13\/informa-alfredo-del-mazo-que-en-edomex-la-alerta-por-el-covid-19-se-mantiene-en-fase-1-preventiva\/"},"wordCount":802,"commentCount":0,"publisher":{"@id":"https:\/\/expressometro.mx\/#organization"},"image":{"@id":"https:\/\/expressometro.mx\/index.php\/2020\/03\/13\/informa-alfredo-del-mazo-que-en-edomex-la-alerta-por-el-covid-19-se-mantiene-en-fase-1-preventiva\/#primaryimage"},"thumbnailUrl":"https:\/\/expressometro.mx\/wp-content\/uploads\/2020\/03\/60F05DC8-FE01-4EC2-B63E-89F6B98D7C3E.jpeg","articleSection":["Otros"],"inLanguage":"es","potentialAction":[{"@type":"CommentAction","name":"Comment","target":["https:\/\/expressometro.mx\/index.php\/2020\/03\/13\/informa-alfredo-del-mazo-que-en-edomex-la-alerta-por-el-covid-19-se-mantiene-en-fase-1-preventiva\/#respond"]}]},{"@type":"WebPage","@id":"https:\/\/expressometro.mx\/index.php\/2020\/03\/13\/informa-alfredo-del-mazo-que-en-edomex-la-alerta-por-el-covid-19-se-mantiene-en-fase-1-preventiva\/","url":"https:\/\/expressometro.mx\/index.php\/2020\/03\/13\/informa-alfredo-del-mazo-que-en-edomex-la-alerta-por-el-covid-19-se-mantiene-en-fase-1-preventiva\/","name":"INFORMA ALFREDO DEL MAZO QUE EN EDOM\u00c9X LA ALERTA POR EL COVID 19 SE MANTIENE EN FASE 1 PREVENTIVA\u201d - Expresso Metropolitano","isPartOf":{"@id":"https:\/\/expressometro.mx\/#website"},"primaryImageOfPage":{"@id":"https:\/\/expressometro.mx\/index.php\/2020\/03\/13\/informa-alfredo-del-mazo-que-en-edomex-la-alerta-por-el-covid-19-se-mantiene-en-fase-1-preventiva\/#primaryimage"},"image":{"@id":"https:\/\/expressometro.mx\/index.php\/2020\/03\/13\/informa-alfredo-del-mazo-que-en-edomex-la-alerta-por-el-covid-19-se-mantiene-en-fase-1-preventiva\/#primaryimage"},"thumbnailUrl":"https:\/\/expressometro.mx\/wp-content\/uploads\/2020\/03\/60F05DC8-FE01-4EC2-B63E-89F6B98D7C3E.jpeg","datePublished":"2020-03-14T02:26:39+00:00","dateModified":"2020-03-14T02:26:40+00:00","breadcrumb":{"@id":"https:\/\/expressometro.mx\/index.php\/2020\/03\/13\/informa-alfredo-del-mazo-que-en-edomex-la-alerta-por-el-covid-19-se-mantiene-en-fase-1-preventiva\/#breadcrumb"},"inLanguage":"es","potentialAction":[{"@type":"ReadAction","target":["https:\/\/expressometro.mx\/index.php\/2020\/03\/13\/informa-alfredo-del-mazo-que-en-edomex-la-alerta-por-el-covid-19-se-mantiene-en-fase-1-preventiva\/"]}]},{"@type":"ImageObject","inLanguage":"es","@id":"https:\/\/expressometro.mx\/index.php\/2020\/03\/13\/informa-alfredo-del-mazo-que-en-edomex-la-alerta-por-el-covid-19-se-mantiene-en-fase-1-preventiva\/#primaryimage","url":"https:\/\/expressometro.mx\/wp-content\/uploads\/2020\/03\/60F05DC8-FE01-4EC2-B63E-89F6B98D7C3E.jpeg","contentUrl":"https:\/\/expressometro.mx\/wp-content\/uploads\/2020\/03\/60F05DC8-FE01-4EC2-B63E-89F6B98D7C3E.jpeg","width":1280,"height":927},{"@type":"BreadcrumbList","@id":"https:\/\/expressometro.mx\/index.php\/2020\/03\/13\/informa-alfredo-del-mazo-que-en-edomex-la-alerta-por-el-covid-19-se-mantiene-en-fase-1-preventiva\/#breadcrumb","itemListElement":[{"@type":"ListItem","position":1,"name":"Inicio","item":"https:\/\/expressometro.mx\/"},{"@type":"ListItem","position":2,"name":"INFORMA ALFREDO DEL MAZO QUE EN EDOM\u00c9X LA ALERTA POR EL COVID 19 SE MANTIENE EN FASE 1 PREVENTIVA\u201d"}]},{"@type":"WebSite","@id":"https:\/\/expressometro.mx\/#website","url":"https:\/\/expressometro.mx\/","name":"Expresso Metropolitano","description":"Periodismo comprometido, informaci\u00f3n, investigaci\u00f3n y an\u00e1lisis","publisher":{"@id":"https:\/\/expressometro.mx\/#organization"},"potentialAction":[{"@type":"SearchAction","target":{"@type":"EntryPoint","urlTemplate":"https:\/\/expressometro.mx\/?s={search_term_string}"},"query-input":{"@type":"PropertyValueSpecification","valueRequired":true,"valueName":"search_term_string"}}],"inLanguage":"es"},{"@type":"Organization","@id":"https:\/\/expressometro.mx\/#organization","name":"Expresso Metropolitano","url":"https:\/\/expressometro.mx\/","logo":{"@type":"ImageObject","inLanguage":"es","@id":"https:\/\/expressometro.mx\/#\/schema\/logo\/image\/","url":"https:\/\/expressometro.mx\/wp-content\/uploads\/2019\/07\/cropped-Logo-Expresso-Metropolitano-1-1.jpeg","contentUrl":"https:\/\/expressometro.mx\/wp-content\/uploads\/2019\/07\/cropped-Logo-Expresso-Metropolitano-1-1.jpeg","width":290,"height":73,"caption":"Expresso Metropolitano"},"image":{"@id":"https:\/\/expressometro.mx\/#\/schema\/logo\/image\/"}},{"@type":"Person","@id":"https:\/\/expressometro.mx\/#\/schema\/person\/efa971b4a0664db8ed5c22b1b0dd2f5d","name":"Expresso Metropolitano","image":{"@type":"ImageObject","inLanguage":"es","@id":"https:\/\/secure.gravatar.com\/avatar\/a89f802b8de18c6952f223c88d3d106e9e3679839f4e25a02f4a6cc2ae6ba3b3?s=96&d=mm&r=g","url":"https:\/\/secure.gravatar.com\/avatar\/a89f802b8de18c6952f223c88d3d106e9e3679839f4e25a02f4a6cc2ae6ba3b3?s=96&d=mm&r=g","contentUrl":"https:\/\/secure.gravatar.com\/avatar\/a89f802b8de18c6952f223c88d3d106e9e3679839f4e25a02f4a6cc2ae6ba3b3?s=96&d=mm&r=g","caption":"Expresso Metropolitano"},"url":"https:\/\/expressometro.mx\/index.php\/author\/diego\/"}]}},"amp_enabled":true,"_links":{"self":[{"href":"https:\/\/expressometro.mx\/index.php\/wp-json\/wp\/v2\/posts\/1319","targetHints":{"allow":["GET"]}}],"collection":[{"href":"https:\/\/expressometro.mx\/index.php\/wp-json\/wp\/v2\/posts"}],"about":[{"href":"https:\/\/expressometro.mx\/index.php\/wp-json\/wp\/v2\/types\/post"}],"author":[{"embeddable":true,"href":"https:\/\/expressometro.mx\/index.php\/wp-json\/wp\/v2\/users\/1"}],"replies":[{"embeddable":true,"href":"https:\/\/expressometro.mx\/index.php\/wp-json\/wp\/v2\/comments?post=1319"}],"version-history":[{"count":1,"href":"https:\/\/expressometro.mx\/index.php\/wp-json\/wp\/v2\/posts\/1319\/revisions"}],"predecessor-version":[{"id":1321,"href":"https:\/\/expressometro.mx\/index.php\/wp-json\/wp\/v2\/posts\/1319\/revisions\/1321"}],"wp:featuredmedia":[{"embeddable":true,"href":"https:\/\/expressometro.mx\/index.php\/wp-json\/wp\/v2\/media\/1320"}],"wp:attachment":[{"href":"https:\/\/expressometro.mx\/index.php\/wp-json\/wp\/v2\/media?parent=1319"}],"wp:term":[{"taxonomy":"category","embeddable":true,"href":"https:\/\/expressometro.mx\/index.php\/wp-json\/wp\/v2\/categories?post=1319"},{"taxonomy":"post_tag","embeddable":true,"href":"https:\/\/expressometro.mx\/index.php\/wp-json\/wp\/v2\/tags?post=1319"}],"curies":[{"name":"wp","href":"https:\/\/api.w.org\/{rel}","templated":true}]}}