{"id":1305,"date":"2020-03-04T15:41:21","date_gmt":"2020-03-04T21:41:21","guid":{"rendered":"http:\/\/expressometro.mx\/?p=1305"},"modified":"2020-03-04T15:41:22","modified_gmt":"2020-03-04T21:41:22","slug":"analizan-gobierno-de-mexico-y-edomex-proyectos-de-infraestructura-vial-y-de-movilidad-para-la-conectividad-del-aeropuerto-internacional-felipe-angeles","status":"publish","type":"post","link":"https:\/\/expressometro.mx\/index.php\/2020\/03\/04\/analizan-gobierno-de-mexico-y-edomex-proyectos-de-infraestructura-vial-y-de-movilidad-para-la-conectividad-del-aeropuerto-internacional-felipe-angeles\/","title":{"rendered":"ANALIZAN GOBIERNO DE M\u00c9XICO Y EDOM\u00c9X PROYECTOS DE INFRAESTRUCTURA VIAL Y DE MOVILIDAD PARA LA CONECTIVIDAD DEL AEROPUERTO INTERNACIONAL \u201cFELIPE \u00c1NGELES\u201d"},"content":{"rendered":"\n<p>El Gobernador Alfredo Del Mazo Maza se reuni\u00f3 con el Presidente de la Rep\u00fablica, Andr\u00e9s Manuel L\u00f3pez Obrador, para tratar temas relacionados con la conectividad del Aeropuerto Internacional \u201cFelipe \u00c1ngeles\u201d, en rubros como transporte masivo, carreteras y vialidades. <\/p>\n\n\n\n<p>Destac\u00f3 que el objetivo es realizar un plan de obras viales que facilite el acceso a la terminal a\u00e9rea, donde tambi\u00e9n participan autoridades del gobierno federal y de la Ciudad de M\u00e9xico. <\/p>\n\n\n\n<p>\u201cVenimos a una reuni\u00f3n con el Presidente para hablar en especial de toda la conectividad del Aeropuerto Internacional \u201cFelipe \u00c1ngeles\u201d, es decir, toda la infraestructura de comunicaciones, de carreteras, de transporte masivo, como los Mexib\u00fas, por ejemplo, para conectar el nuevo Aeropuerto Felipe \u00c1ngeles\u201d, detall\u00f3.<\/p>\n\n\n\n<p>\u201cEs un trabajo coordinado con la Ciudad de M\u00e9xico, la Secretar\u00eda de Comunicaciones y Transportes, la Sedena y el Gobierno del Estado de M\u00e9xico, para hacer todo un plan de obras viales para mejorar el acceso al Aeropuerto Internacional \u201cFelipe \u00c1ngeles\u201d, agreg\u00f3. <\/p>\n\n\n\n<p>Del Mazo Maza inform\u00f3 que existen y se analizan varias opciones en esta materia, como la ampliaci\u00f3n de las L\u00edneas del Mexib\u00fas 1 y 4, para llegar a la zona sur del aeropuerto en el municipio mexiquense de Tonanitla. <\/p>\n\n\n\n<p>Tambi\u00e9n, dijo, est\u00e1 la posibilidad de ampliar el Tren Suburbano Buenavista \u2013 Cuautitl\u00e1n, as\u00ed como las conexiones con el Circuito Exterior Mexiquense para agilizar tiempos de traslado. <\/p>\n\n\n\n<p>\u201cDe lo que se trata es de que haya la mayor conectividad posible entre los tres aeropuertos, el Aeropuerto de la Ciudad de M\u00e9xico, el Aeropuerto Internacional \u201cFelipe \u00c1ngeles\u201d y el Aeropuerto Internacional de Toluca\u201d, manifest\u00f3. <\/p>\n\n\n\n<p>El Gobernador mexiquense indic\u00f3 que se trabaja en un calendario para hacer un cronograma e ir analizando los tiempos de terminaci\u00f3n de las obras que se lleven a cabo para mejorar el acceso al Aeropuerto Internacional \u201cFelipe \u00c1ngeles\u201d, y a\u00f1adi\u00f3 que se realizar\u00e1n m\u00e1s reuniones para determinar los costos de esta infraestructura. <\/p>\n\n\n\n<p>Asimismo, se\u00f1al\u00f3 que el Gobierno del Estado de M\u00e9xico trabaja en coordinaci\u00f3n con la Secretar\u00eda de Desarrollo Agrario, Territorial y Urbano (Sedatu) y los Ayuntamientos de los municipios aleda\u00f1os a este aeropuerto, en los planes de desarrollo urbano, con la finalidad de que se d\u00e9 un crecimiento ordenado en la zona. <\/p>\n\n\n\n<p>En este sentido, apunt\u00f3, se estima que en ocho a\u00f1os esa regi\u00f3n crezca hasta en m\u00e1s de un mill\u00f3n de personas, por lo que tambi\u00e9n se realizan estudios en materia de movilidad. <\/p>\n\n\n\n<p>Respecto a las movilizaciones del 9 de marzo, el mandatario estatal sostuvo que la administraci\u00f3n estatal respalda esta iniciativa, y que en pr\u00f3ximos d\u00edas se dar\u00e1n a conocer acciones que se impulsar\u00e1n en la entidad mexiquense para la protecci\u00f3n de los derechos de la mujer, prevenci\u00f3n de la violencia de g\u00e9nero y brindar mayores condiciones de seguridad.<\/p>\n","protected":false},"excerpt":{"rendered":"<p>El Gobernador Alfredo Del Mazo Maza se reuni\u00f3 con el Presidente de la Rep\u00fablica, Andr\u00e9s Manuel L\u00f3pez Obrador, para tratar temas relacionados con la conectividad del Aeropuerto Internacional \u201cFelipe \u00c1ngeles\u201d, en rubros como transporte masivo, carreteras y vialidades. Destac\u00f3 que el objetivo es realizar un plan de obras viales que facilite el acceso a la terminal a\u00e9rea, donde tambi\u00e9n participan autoridades del gobierno federal y de la Ciudad de M\u00e9xico. \u201cVenimos a una reuni\u00f3n con el Presidente para hablar en especial de toda la conectividad del Aeropuerto Internacional \u201cFelipe \u00c1ngeles\u201d,&hellip;<\/p>\n","protected":false},"author":1,"featured_media":1306,"comment_status":"open","ping_status":"open","sticky":false,"template":"","format":"standard","meta":{"footnotes":""},"categories":[1],"tags":[],"class_list":["post-1305","post","type-post","status-publish","format-standard","has-post-thumbnail","hentry","category-otros"],"yoast_head":"<!-- This site is optimized with the Yoast SEO plugin v27.5 - https:\/\/yoast.com\/product\/yoast-seo-wordpress\/ -->\n<title>ANALIZAN GOBIERNO DE M\u00c9XICO Y EDOM\u00c9X PROYECTOS DE INFRAESTRUCTURA VIAL Y DE MOVILIDAD PARA LA CONECTIVIDAD DEL AEROPUERTO INTERNACIONAL \u201cFELIPE \u00c1NGELES\u201d - Expresso Metropolitano<\/title>\n<meta name=\"robots\" content=\"index, follow, max-snippet:-1, max-image-preview:large, max-video-preview:-1\" \/>\n<link rel=\"canonical\" href=\"https:\/\/expressometro.mx\/index.php\/2020\/03\/04\/analizan-gobierno-de-mexico-y-edomex-proyectos-de-infraestructura-vial-y-de-movilidad-para-la-conectividad-del-aeropuerto-internacional-felipe-angeles\/\" \/>\n<meta property=\"og:locale\" content=\"es_MX\" \/>\n<meta property=\"og:type\" content=\"article\" \/>\n<meta property=\"og:title\" content=\"ANALIZAN GOBIERNO DE M\u00c9XICO Y EDOM\u00c9X PROYECTOS DE INFRAESTRUCTURA VIAL Y DE MOVILIDAD PARA LA CONECTIVIDAD DEL AEROPUERTO INTERNACIONAL \u201cFELIPE \u00c1NGELES\u201d - Expresso Metropolitano\" \/>\n<meta property=\"og:description\" content=\"El Gobernador Alfredo Del Mazo Maza se reuni\u00f3 con el Presidente de la Rep\u00fablica, Andr\u00e9s Manuel L\u00f3pez Obrador, para tratar temas relacionados con la conectividad del Aeropuerto Internacional \u201cFelipe \u00c1ngeles\u201d, en rubros como transporte masivo, carreteras y vialidades. Destac\u00f3 que el objetivo es realizar un plan de obras viales que facilite el acceso a la terminal a\u00e9rea, donde tambi\u00e9n participan autoridades del gobierno federal y de la Ciudad de M\u00e9xico. \u201cVenimos a una reuni\u00f3n con el Presidente para hablar en especial de toda la conectividad del Aeropuerto Internacional \u201cFelipe \u00c1ngeles\u201d,&hellip;\" \/>\n<meta property=\"og:url\" content=\"https:\/\/expressometro.mx\/index.php\/2020\/03\/04\/analizan-gobierno-de-mexico-y-edomex-proyectos-de-infraestructura-vial-y-de-movilidad-para-la-conectividad-del-aeropuerto-internacional-felipe-angeles\/\" \/>\n<meta property=\"og:site_name\" content=\"Expresso Metropolitano\" \/>\n<meta property=\"article:published_time\" content=\"2020-03-04T21:41:21+00:00\" \/>\n<meta property=\"article:modified_time\" content=\"2020-03-04T21:41:22+00:00\" \/>\n<meta property=\"og:image\" content=\"https:\/\/expressometro.mx\/wp-content\/uploads\/2020\/03\/DC01C4B5-E71D-4588-A5FE-A545ED6458BB.jpeg\" \/>\n\t<meta property=\"og:image:width\" content=\"1280\" \/>\n\t<meta property=\"og:image:height\" content=\"853\" \/>\n\t<meta property=\"og:image:type\" content=\"image\/jpeg\" \/>\n<meta name=\"author\" content=\"Expresso Metropolitano\" \/>\n<meta name=\"twitter:label1\" content=\"Escrito por\" \/>\n\t<meta name=\"twitter:data1\" content=\"Expresso Metropolitano\" \/>\n\t<meta name=\"twitter:label2\" content=\"Tiempo de lectura\" \/>\n\t<meta name=\"twitter:data2\" content=\"2 minutos\" \/>\n<script type=\"application\/ld+json\" class=\"yoast-schema-graph\">{\"@context\":\"https:\\\/\\\/schema.org\",\"@graph\":[{\"@type\":\"Article\",\"@id\":\"https:\\\/\\\/expressometro.mx\\\/index.php\\\/2020\\\/03\\\/04\\\/analizan-gobierno-de-mexico-y-edomex-proyectos-de-infraestructura-vial-y-de-movilidad-para-la-conectividad-del-aeropuerto-internacional-felipe-angeles\\\/#article\",\"isPartOf\":{\"@id\":\"https:\\\/\\\/expressometro.mx\\\/index.php\\\/2020\\\/03\\\/04\\\/analizan-gobierno-de-mexico-y-edomex-proyectos-de-infraestructura-vial-y-de-movilidad-para-la-conectividad-del-aeropuerto-internacional-felipe-angeles\\\/\"},\"author\":{\"name\":\"Expresso Metropolitano\",\"@id\":\"https:\\\/\\\/expressometro.mx\\\/#\\\/schema\\\/person\\\/efa971b4a0664db8ed5c22b1b0dd2f5d\"},\"headline\":\"ANALIZAN GOBIERNO DE M\u00c9XICO Y EDOM\u00c9X PROYECTOS DE INFRAESTRUCTURA VIAL Y DE MOVILIDAD PARA LA CONECTIVIDAD DEL AEROPUERTO INTERNACIONAL \u201cFELIPE \u00c1NGELES\u201d\",\"datePublished\":\"2020-03-04T21:41:21+00:00\",\"dateModified\":\"2020-03-04T21:41:22+00:00\",\"mainEntityOfPage\":{\"@id\":\"https:\\\/\\\/expressometro.mx\\\/index.php\\\/2020\\\/03\\\/04\\\/analizan-gobierno-de-mexico-y-edomex-proyectos-de-infraestructura-vial-y-de-movilidad-para-la-conectividad-del-aeropuerto-internacional-felipe-angeles\\\/\"},\"wordCount\":509,\"commentCount\":0,\"publisher\":{\"@id\":\"https:\\\/\\\/expressometro.mx\\\/#organization\"},\"image\":{\"@id\":\"https:\\\/\\\/expressometro.mx\\\/index.php\\\/2020\\\/03\\\/04\\\/analizan-gobierno-de-mexico-y-edomex-proyectos-de-infraestructura-vial-y-de-movilidad-para-la-conectividad-del-aeropuerto-internacional-felipe-angeles\\\/#primaryimage\"},\"thumbnailUrl\":\"https:\\\/\\\/expressometro.mx\\\/wp-content\\\/uploads\\\/2020\\\/03\\\/DC01C4B5-E71D-4588-A5FE-A545ED6458BB.jpeg\",\"articleSection\":[\"Otros\"],\"inLanguage\":\"es\",\"potentialAction\":[{\"@type\":\"CommentAction\",\"name\":\"Comment\",\"target\":[\"https:\\\/\\\/expressometro.mx\\\/index.php\\\/2020\\\/03\\\/04\\\/analizan-gobierno-de-mexico-y-edomex-proyectos-de-infraestructura-vial-y-de-movilidad-para-la-conectividad-del-aeropuerto-internacional-felipe-angeles\\\/#respond\"]}]},{\"@type\":\"WebPage\",\"@id\":\"https:\\\/\\\/expressometro.mx\\\/index.php\\\/2020\\\/03\\\/04\\\/analizan-gobierno-de-mexico-y-edomex-proyectos-de-infraestructura-vial-y-de-movilidad-para-la-conectividad-del-aeropuerto-internacional-felipe-angeles\\\/\",\"url\":\"https:\\\/\\\/expressometro.mx\\\/index.php\\\/2020\\\/03\\\/04\\\/analizan-gobierno-de-mexico-y-edomex-proyectos-de-infraestructura-vial-y-de-movilidad-para-la-conectividad-del-aeropuerto-internacional-felipe-angeles\\\/\",\"name\":\"ANALIZAN GOBIERNO DE M\u00c9XICO Y EDOM\u00c9X PROYECTOS DE INFRAESTRUCTURA VIAL Y DE MOVILIDAD PARA LA CONECTIVIDAD DEL AEROPUERTO INTERNACIONAL \u201cFELIPE \u00c1NGELES\u201d - Expresso Metropolitano\",\"isPartOf\":{\"@id\":\"https:\\\/\\\/expressometro.mx\\\/#website\"},\"primaryImageOfPage\":{\"@id\":\"https:\\\/\\\/expressometro.mx\\\/index.php\\\/2020\\\/03\\\/04\\\/analizan-gobierno-de-mexico-y-edomex-proyectos-de-infraestructura-vial-y-de-movilidad-para-la-conectividad-del-aeropuerto-internacional-felipe-angeles\\\/#primaryimage\"},\"image\":{\"@id\":\"https:\\\/\\\/expressometro.mx\\\/index.php\\\/2020\\\/03\\\/04\\\/analizan-gobierno-de-mexico-y-edomex-proyectos-de-infraestructura-vial-y-de-movilidad-para-la-conectividad-del-aeropuerto-internacional-felipe-angeles\\\/#primaryimage\"},\"thumbnailUrl\":\"https:\\\/\\\/expressometro.mx\\\/wp-content\\\/uploads\\\/2020\\\/03\\\/DC01C4B5-E71D-4588-A5FE-A545ED6458BB.jpeg\",\"datePublished\":\"2020-03-04T21:41:21+00:00\",\"dateModified\":\"2020-03-04T21:41:22+00:00\",\"breadcrumb\":{\"@id\":\"https:\\\/\\\/expressometro.mx\\\/index.php\\\/2020\\\/03\\\/04\\\/analizan-gobierno-de-mexico-y-edomex-proyectos-de-infraestructura-vial-y-de-movilidad-para-la-conectividad-del-aeropuerto-internacional-felipe-angeles\\\/#breadcrumb\"},\"inLanguage\":\"es\",\"potentialAction\":[{\"@type\":\"ReadAction\",\"target\":[\"https:\\\/\\\/expressometro.mx\\\/index.php\\\/2020\\\/03\\\/04\\\/analizan-gobierno-de-mexico-y-edomex-proyectos-de-infraestructura-vial-y-de-movilidad-para-la-conectividad-del-aeropuerto-internacional-felipe-angeles\\\/\"]}]},{\"@type\":\"ImageObject\",\"inLanguage\":\"es\",\"@id\":\"https:\\\/\\\/expressometro.mx\\\/index.php\\\/2020\\\/03\\\/04\\\/analizan-gobierno-de-mexico-y-edomex-proyectos-de-infraestructura-vial-y-de-movilidad-para-la-conectividad-del-aeropuerto-internacional-felipe-angeles\\\/#primaryimage\",\"url\":\"https:\\\/\\\/expressometro.mx\\\/wp-content\\\/uploads\\\/2020\\\/03\\\/DC01C4B5-E71D-4588-A5FE-A545ED6458BB.jpeg\",\"contentUrl\":\"https:\\\/\\\/expressometro.mx\\\/wp-content\\\/uploads\\\/2020\\\/03\\\/DC01C4B5-E71D-4588-A5FE-A545ED6458BB.jpeg\",\"width\":1280,\"height\":853},{\"@type\":\"BreadcrumbList\",\"@id\":\"https:\\\/\\\/expressometro.mx\\\/index.php\\\/2020\\\/03\\\/04\\\/analizan-gobierno-de-mexico-y-edomex-proyectos-de-infraestructura-vial-y-de-movilidad-para-la-conectividad-del-aeropuerto-internacional-felipe-angeles\\\/#breadcrumb\",\"itemListElement\":[{\"@type\":\"ListItem\",\"position\":1,\"name\":\"Inicio\",\"item\":\"https:\\\/\\\/expressometro.mx\\\/\"},{\"@type\":\"ListItem\",\"position\":2,\"name\":\"ANALIZAN GOBIERNO DE M\u00c9XICO Y EDOM\u00c9X PROYECTOS DE INFRAESTRUCTURA VIAL Y DE MOVILIDAD PARA LA CONECTIVIDAD DEL AEROPUERTO INTERNACIONAL \u201cFELIPE \u00c1NGELES\u201d\"}]},{\"@type\":\"WebSite\",\"@id\":\"https:\\\/\\\/expressometro.mx\\\/#website\",\"url\":\"https:\\\/\\\/expressometro.mx\\\/\",\"name\":\"Expresso Metropolitano\",\"description\":\"Periodismo comprometido, informaci\u00f3n, investigaci\u00f3n y an\u00e1lisis\",\"publisher\":{\"@id\":\"https:\\\/\\\/expressometro.mx\\\/#organization\"},\"potentialAction\":[{\"@type\":\"SearchAction\",\"target\":{\"@type\":\"EntryPoint\",\"urlTemplate\":\"https:\\\/\\\/expressometro.mx\\\/?s={search_term_string}\"},\"query-input\":{\"@type\":\"PropertyValueSpecification\",\"valueRequired\":true,\"valueName\":\"search_term_string\"}}],\"inLanguage\":\"es\"},{\"@type\":\"Organization\",\"@id\":\"https:\\\/\\\/expressometro.mx\\\/#organization\",\"name\":\"Expresso Metropolitano\",\"url\":\"https:\\\/\\\/expressometro.mx\\\/\",\"logo\":{\"@type\":\"ImageObject\",\"inLanguage\":\"es\",\"@id\":\"https:\\\/\\\/expressometro.mx\\\/#\\\/schema\\\/logo\\\/image\\\/\",\"url\":\"https:\\\/\\\/expressometro.mx\\\/wp-content\\\/uploads\\\/2019\\\/07\\\/cropped-Logo-Expresso-Metropolitano-1-1.jpeg\",\"contentUrl\":\"https:\\\/\\\/expressometro.mx\\\/wp-content\\\/uploads\\\/2019\\\/07\\\/cropped-Logo-Expresso-Metropolitano-1-1.jpeg\",\"width\":290,\"height\":73,\"caption\":\"Expresso Metropolitano\"},\"image\":{\"@id\":\"https:\\\/\\\/expressometro.mx\\\/#\\\/schema\\\/logo\\\/image\\\/\"}},{\"@type\":\"Person\",\"@id\":\"https:\\\/\\\/expressometro.mx\\\/#\\\/schema\\\/person\\\/efa971b4a0664db8ed5c22b1b0dd2f5d\",\"name\":\"Expresso Metropolitano\",\"image\":{\"@type\":\"ImageObject\",\"inLanguage\":\"es\",\"@id\":\"https:\\\/\\\/secure.gravatar.com\\\/avatar\\\/a89f802b8de18c6952f223c88d3d106e9e3679839f4e25a02f4a6cc2ae6ba3b3?s=96&d=mm&r=g\",\"url\":\"https:\\\/\\\/secure.gravatar.com\\\/avatar\\\/a89f802b8de18c6952f223c88d3d106e9e3679839f4e25a02f4a6cc2ae6ba3b3?s=96&d=mm&r=g\",\"contentUrl\":\"https:\\\/\\\/secure.gravatar.com\\\/avatar\\\/a89f802b8de18c6952f223c88d3d106e9e3679839f4e25a02f4a6cc2ae6ba3b3?s=96&d=mm&r=g\",\"caption\":\"Expresso Metropolitano\"},\"url\":\"https:\\\/\\\/expressometro.mx\\\/index.php\\\/author\\\/diego\\\/\"}]}<\/script>\n<!-- \/ Yoast SEO plugin. -->","yoast_head_json":{"title":"ANALIZAN GOBIERNO DE M\u00c9XICO Y EDOM\u00c9X PROYECTOS DE INFRAESTRUCTURA VIAL Y DE MOVILIDAD PARA LA CONECTIVIDAD DEL AEROPUERTO INTERNACIONAL \u201cFELIPE \u00c1NGELES\u201d - Expresso Metropolitano","robots":{"index":"index","follow":"follow","max-snippet":"max-snippet:-1","max-image-preview":"max-image-preview:large","max-video-preview":"max-video-preview:-1"},"canonical":"https:\/\/expressometro.mx\/index.php\/2020\/03\/04\/analizan-gobierno-de-mexico-y-edomex-proyectos-de-infraestructura-vial-y-de-movilidad-para-la-conectividad-del-aeropuerto-internacional-felipe-angeles\/","og_locale":"es_MX","og_type":"article","og_title":"ANALIZAN GOBIERNO DE M\u00c9XICO Y EDOM\u00c9X PROYECTOS DE INFRAESTRUCTURA VIAL Y DE MOVILIDAD PARA LA CONECTIVIDAD DEL AEROPUERTO INTERNACIONAL \u201cFELIPE \u00c1NGELES\u201d - Expresso Metropolitano","og_description":"El Gobernador Alfredo Del Mazo Maza se reuni\u00f3 con el Presidente de la Rep\u00fablica, Andr\u00e9s Manuel L\u00f3pez Obrador, para tratar temas relacionados con la conectividad del Aeropuerto Internacional \u201cFelipe \u00c1ngeles\u201d, en rubros como transporte masivo, carreteras y vialidades. Destac\u00f3 que el objetivo es realizar un plan de obras viales que facilite el acceso a la terminal a\u00e9rea, donde tambi\u00e9n participan autoridades del gobierno federal y de la Ciudad de M\u00e9xico. \u201cVenimos a una reuni\u00f3n con el Presidente para hablar en especial de toda la conectividad del Aeropuerto Internacional \u201cFelipe \u00c1ngeles\u201d,&hellip;","og_url":"https:\/\/expressometro.mx\/index.php\/2020\/03\/04\/analizan-gobierno-de-mexico-y-edomex-proyectos-de-infraestructura-vial-y-de-movilidad-para-la-conectividad-del-aeropuerto-internacional-felipe-angeles\/","og_site_name":"Expresso Metropolitano","article_published_time":"2020-03-04T21:41:21+00:00","article_modified_time":"2020-03-04T21:41:22+00:00","og_image":[{"width":1280,"height":853,"url":"https:\/\/expressometro.mx\/wp-content\/uploads\/2020\/03\/DC01C4B5-E71D-4588-A5FE-A545ED6458BB.jpeg","type":"image\/jpeg"}],"author":"Expresso Metropolitano","twitter_misc":{"Escrito por":"Expresso Metropolitano","Tiempo de lectura":"2 minutos"},"schema":{"@context":"https:\/\/schema.org","@graph":[{"@type":"Article","@id":"https:\/\/expressometro.mx\/index.php\/2020\/03\/04\/analizan-gobierno-de-mexico-y-edomex-proyectos-de-infraestructura-vial-y-de-movilidad-para-la-conectividad-del-aeropuerto-internacional-felipe-angeles\/#article","isPartOf":{"@id":"https:\/\/expressometro.mx\/index.php\/2020\/03\/04\/analizan-gobierno-de-mexico-y-edomex-proyectos-de-infraestructura-vial-y-de-movilidad-para-la-conectividad-del-aeropuerto-internacional-felipe-angeles\/"},"author":{"name":"Expresso Metropolitano","@id":"https:\/\/expressometro.mx\/#\/schema\/person\/efa971b4a0664db8ed5c22b1b0dd2f5d"},"headline":"ANALIZAN GOBIERNO DE M\u00c9XICO Y EDOM\u00c9X PROYECTOS DE INFRAESTRUCTURA VIAL Y DE MOVILIDAD PARA LA CONECTIVIDAD DEL AEROPUERTO INTERNACIONAL \u201cFELIPE \u00c1NGELES\u201d","datePublished":"2020-03-04T21:41:21+00:00","dateModified":"2020-03-04T21:41:22+00:00","mainEntityOfPage":{"@id":"https:\/\/expressometro.mx\/index.php\/2020\/03\/04\/analizan-gobierno-de-mexico-y-edomex-proyectos-de-infraestructura-vial-y-de-movilidad-para-la-conectividad-del-aeropuerto-internacional-felipe-angeles\/"},"wordCount":509,"commentCount":0,"publisher":{"@id":"https:\/\/expressometro.mx\/#organization"},"image":{"@id":"https:\/\/expressometro.mx\/index.php\/2020\/03\/04\/analizan-gobierno-de-mexico-y-edomex-proyectos-de-infraestructura-vial-y-de-movilidad-para-la-conectividad-del-aeropuerto-internacional-felipe-angeles\/#primaryimage"},"thumbnailUrl":"https:\/\/expressometro.mx\/wp-content\/uploads\/2020\/03\/DC01C4B5-E71D-4588-A5FE-A545ED6458BB.jpeg","articleSection":["Otros"],"inLanguage":"es","potentialAction":[{"@type":"CommentAction","name":"Comment","target":["https:\/\/expressometro.mx\/index.php\/2020\/03\/04\/analizan-gobierno-de-mexico-y-edomex-proyectos-de-infraestructura-vial-y-de-movilidad-para-la-conectividad-del-aeropuerto-internacional-felipe-angeles\/#respond"]}]},{"@type":"WebPage","@id":"https:\/\/expressometro.mx\/index.php\/2020\/03\/04\/analizan-gobierno-de-mexico-y-edomex-proyectos-de-infraestructura-vial-y-de-movilidad-para-la-conectividad-del-aeropuerto-internacional-felipe-angeles\/","url":"https:\/\/expressometro.mx\/index.php\/2020\/03\/04\/analizan-gobierno-de-mexico-y-edomex-proyectos-de-infraestructura-vial-y-de-movilidad-para-la-conectividad-del-aeropuerto-internacional-felipe-angeles\/","name":"ANALIZAN GOBIERNO DE M\u00c9XICO Y EDOM\u00c9X PROYECTOS DE INFRAESTRUCTURA VIAL Y DE MOVILIDAD PARA LA CONECTIVIDAD DEL AEROPUERTO INTERNACIONAL \u201cFELIPE \u00c1NGELES\u201d - Expresso Metropolitano","isPartOf":{"@id":"https:\/\/expressometro.mx\/#website"},"primaryImageOfPage":{"@id":"https:\/\/expressometro.mx\/index.php\/2020\/03\/04\/analizan-gobierno-de-mexico-y-edomex-proyectos-de-infraestructura-vial-y-de-movilidad-para-la-conectividad-del-aeropuerto-internacional-felipe-angeles\/#primaryimage"},"image":{"@id":"https:\/\/expressometro.mx\/index.php\/2020\/03\/04\/analizan-gobierno-de-mexico-y-edomex-proyectos-de-infraestructura-vial-y-de-movilidad-para-la-conectividad-del-aeropuerto-internacional-felipe-angeles\/#primaryimage"},"thumbnailUrl":"https:\/\/expressometro.mx\/wp-content\/uploads\/2020\/03\/DC01C4B5-E71D-4588-A5FE-A545ED6458BB.jpeg","datePublished":"2020-03-04T21:41:21+00:00","dateModified":"2020-03-04T21:41:22+00:00","breadcrumb":{"@id":"https:\/\/expressometro.mx\/index.php\/2020\/03\/04\/analizan-gobierno-de-mexico-y-edomex-proyectos-de-infraestructura-vial-y-de-movilidad-para-la-conectividad-del-aeropuerto-internacional-felipe-angeles\/#breadcrumb"},"inLanguage":"es","potentialAction":[{"@type":"ReadAction","target":["https:\/\/expressometro.mx\/index.php\/2020\/03\/04\/analizan-gobierno-de-mexico-y-edomex-proyectos-de-infraestructura-vial-y-de-movilidad-para-la-conectividad-del-aeropuerto-internacional-felipe-angeles\/"]}]},{"@type":"ImageObject","inLanguage":"es","@id":"https:\/\/expressometro.mx\/index.php\/2020\/03\/04\/analizan-gobierno-de-mexico-y-edomex-proyectos-de-infraestructura-vial-y-de-movilidad-para-la-conectividad-del-aeropuerto-internacional-felipe-angeles\/#primaryimage","url":"https:\/\/expressometro.mx\/wp-content\/uploads\/2020\/03\/DC01C4B5-E71D-4588-A5FE-A545ED6458BB.jpeg","contentUrl":"https:\/\/expressometro.mx\/wp-content\/uploads\/2020\/03\/DC01C4B5-E71D-4588-A5FE-A545ED6458BB.jpeg","width":1280,"height":853},{"@type":"BreadcrumbList","@id":"https:\/\/expressometro.mx\/index.php\/2020\/03\/04\/analizan-gobierno-de-mexico-y-edomex-proyectos-de-infraestructura-vial-y-de-movilidad-para-la-conectividad-del-aeropuerto-internacional-felipe-angeles\/#breadcrumb","itemListElement":[{"@type":"ListItem","position":1,"name":"Inicio","item":"https:\/\/expressometro.mx\/"},{"@type":"ListItem","position":2,"name":"ANALIZAN GOBIERNO DE M\u00c9XICO Y EDOM\u00c9X PROYECTOS DE INFRAESTRUCTURA VIAL Y DE MOVILIDAD PARA LA CONECTIVIDAD DEL AEROPUERTO INTERNACIONAL \u201cFELIPE \u00c1NGELES\u201d"}]},{"@type":"WebSite","@id":"https:\/\/expressometro.mx\/#website","url":"https:\/\/expressometro.mx\/","name":"Expresso Metropolitano","description":"Periodismo comprometido, informaci\u00f3n, investigaci\u00f3n y an\u00e1lisis","publisher":{"@id":"https:\/\/expressometro.mx\/#organization"},"potentialAction":[{"@type":"SearchAction","target":{"@type":"EntryPoint","urlTemplate":"https:\/\/expressometro.mx\/?s={search_term_string}"},"query-input":{"@type":"PropertyValueSpecification","valueRequired":true,"valueName":"search_term_string"}}],"inLanguage":"es"},{"@type":"Organization","@id":"https:\/\/expressometro.mx\/#organization","name":"Expresso Metropolitano","url":"https:\/\/expressometro.mx\/","logo":{"@type":"ImageObject","inLanguage":"es","@id":"https:\/\/expressometro.mx\/#\/schema\/logo\/image\/","url":"https:\/\/expressometro.mx\/wp-content\/uploads\/2019\/07\/cropped-Logo-Expresso-Metropolitano-1-1.jpeg","contentUrl":"https:\/\/expressometro.mx\/wp-content\/uploads\/2019\/07\/cropped-Logo-Expresso-Metropolitano-1-1.jpeg","width":290,"height":73,"caption":"Expresso Metropolitano"},"image":{"@id":"https:\/\/expressometro.mx\/#\/schema\/logo\/image\/"}},{"@type":"Person","@id":"https:\/\/expressometro.mx\/#\/schema\/person\/efa971b4a0664db8ed5c22b1b0dd2f5d","name":"Expresso Metropolitano","image":{"@type":"ImageObject","inLanguage":"es","@id":"https:\/\/secure.gravatar.com\/avatar\/a89f802b8de18c6952f223c88d3d106e9e3679839f4e25a02f4a6cc2ae6ba3b3?s=96&d=mm&r=g","url":"https:\/\/secure.gravatar.com\/avatar\/a89f802b8de18c6952f223c88d3d106e9e3679839f4e25a02f4a6cc2ae6ba3b3?s=96&d=mm&r=g","contentUrl":"https:\/\/secure.gravatar.com\/avatar\/a89f802b8de18c6952f223c88d3d106e9e3679839f4e25a02f4a6cc2ae6ba3b3?s=96&d=mm&r=g","caption":"Expresso Metropolitano"},"url":"https:\/\/expressometro.mx\/index.php\/author\/diego\/"}]}},"amp_enabled":true,"_links":{"self":[{"href":"https:\/\/expressometro.mx\/index.php\/wp-json\/wp\/v2\/posts\/1305","targetHints":{"allow":["GET"]}}],"collection":[{"href":"https:\/\/expressometro.mx\/index.php\/wp-json\/wp\/v2\/posts"}],"about":[{"href":"https:\/\/expressometro.mx\/index.php\/wp-json\/wp\/v2\/types\/post"}],"author":[{"embeddable":true,"href":"https:\/\/expressometro.mx\/index.php\/wp-json\/wp\/v2\/users\/1"}],"replies":[{"embeddable":true,"href":"https:\/\/expressometro.mx\/index.php\/wp-json\/wp\/v2\/comments?post=1305"}],"version-history":[{"count":1,"href":"https:\/\/expressometro.mx\/index.php\/wp-json\/wp\/v2\/posts\/1305\/revisions"}],"predecessor-version":[{"id":1307,"href":"https:\/\/expressometro.mx\/index.php\/wp-json\/wp\/v2\/posts\/1305\/revisions\/1307"}],"wp:featuredmedia":[{"embeddable":true,"href":"https:\/\/expressometro.mx\/index.php\/wp-json\/wp\/v2\/media\/1306"}],"wp:attachment":[{"href":"https:\/\/expressometro.mx\/index.php\/wp-json\/wp\/v2\/media?parent=1305"}],"wp:term":[{"taxonomy":"category","embeddable":true,"href":"https:\/\/expressometro.mx\/index.php\/wp-json\/wp\/v2\/categories?post=1305"},{"taxonomy":"post_tag","embeddable":true,"href":"https:\/\/expressometro.mx\/index.php\/wp-json\/wp\/v2\/tags?post=1305"}],"curies":[{"name":"wp","href":"https:\/\/api.w.org\/{rel}","templated":true}]}}