{"id":1302,"date":"2020-02-29T13:03:53","date_gmt":"2020-02-29T19:03:53","guid":{"rendered":"http:\/\/expressometro.mx\/?p=1302"},"modified":"2020-02-29T13:03:59","modified_gmt":"2020-02-29T19:03:59","slug":"son-medidas-preventivas-clave-para-prevenir-enfermedades-respiratorias","status":"publish","type":"post","link":"https:\/\/expressometro.mx\/index.php\/2020\/02\/29\/son-medidas-preventivas-clave-para-prevenir-enfermedades-respiratorias\/","title":{"rendered":"SON MEDIDAS PREVENTIVAS CLAVE PARA PREVENIR ENFERMEDADES RESPIRATORIAS"},"content":{"rendered":"\n<p>La Secretar\u00eda de Salud del Estado de M\u00e9xico, informa que la implementaci\u00f3n de medidas preventivas b\u00e1sicas, son la clave para evitar el contagio de enfermedades respiratorias.<\/p>\n\n\n\n<p>Por lo anterior, pide adoptar la cultura del autocuidado al lavarse constantemente las manos con agua y jab\u00f3n, as\u00ed como desinfectarlas con gel antibacterial. Adem\u00e1s, exhorta a cubrirse con el \u00e1ngulo interno del codo la boca y nariz al estornudar o toser, ya que los virus se trasmiten por las gotas de saliva y mucosidad.<\/p>\n\n\n\n<p>De igual manera, invita a las personas que presentan padecimientos cr\u00f3nico-degenerativos como diabetes, obesidad, sobrepeso, hipertensi\u00f3n o problemas cardiacos, a mantener un control estricto de sus enfermedades, a fin de prevenir complicaciones.<\/p>\n\n\n\n<p>La dependencia a cargo de Gabriel O\u2019Shea Cuevas, llama a evitar el saludo de beso, lugares concurridos y en la medida de lo posible, el tocarse constantemente la cara, sobre todo nariz, ojos y boca.<\/p>\n\n\n\n<p>Finalmente, exhorta a evitar la automedicaci\u00f3n y ante s\u00edntomas respiratorios como fiebre, tos, flujo nasal, estornudos, dolor de cabeza, acudir a la unidad m\u00e9dica m\u00e1s cerca para recibir atenci\u00f3n oportuna.<\/p>\n","protected":false},"excerpt":{"rendered":"<p>La Secretar\u00eda de Salud del Estado de M\u00e9xico, informa que la implementaci\u00f3n de medidas preventivas b\u00e1sicas, son la clave para evitar el contagio de enfermedades respiratorias. Por lo anterior, pide adoptar la cultura del autocuidado al lavarse constantemente las manos con agua y jab\u00f3n, as\u00ed como desinfectarlas con gel antibacterial. Adem\u00e1s, exhorta a cubrirse con el \u00e1ngulo interno del codo la boca y nariz al estornudar o toser, ya que los virus se trasmiten por las gotas de saliva y mucosidad. De igual manera, invita a las personas que presentan&hellip;<\/p>\n","protected":false},"author":1,"featured_media":1303,"comment_status":"open","ping_status":"open","sticky":false,"template":"","format":"standard","meta":{"footnotes":""},"categories":[5],"tags":[],"class_list":["post-1302","post","type-post","status-publish","format-standard","has-post-thumbnail","hentry","category-salud"],"yoast_head":"<!-- This site is optimized with the Yoast SEO plugin v27.5 - https:\/\/yoast.com\/product\/yoast-seo-wordpress\/ -->\n<title>SON MEDIDAS PREVENTIVAS CLAVE PARA PREVENIR ENFERMEDADES RESPIRATORIAS - Expresso Metropolitano<\/title>\n<meta name=\"robots\" content=\"index, follow, max-snippet:-1, max-image-preview:large, max-video-preview:-1\" \/>\n<link rel=\"canonical\" href=\"https:\/\/expressometro.mx\/index.php\/2020\/02\/29\/son-medidas-preventivas-clave-para-prevenir-enfermedades-respiratorias\/\" \/>\n<meta property=\"og:locale\" content=\"es_MX\" \/>\n<meta property=\"og:type\" content=\"article\" \/>\n<meta property=\"og:title\" content=\"SON MEDIDAS PREVENTIVAS CLAVE PARA PREVENIR ENFERMEDADES RESPIRATORIAS - Expresso Metropolitano\" \/>\n<meta property=\"og:description\" content=\"La Secretar\u00eda de Salud del Estado de M\u00e9xico, informa que la implementaci\u00f3n de medidas preventivas b\u00e1sicas, son la clave para evitar el contagio de enfermedades respiratorias. Por lo anterior, pide adoptar la cultura del autocuidado al lavarse constantemente las manos con agua y jab\u00f3n, as\u00ed como desinfectarlas con gel antibacterial. Adem\u00e1s, exhorta a cubrirse con el \u00e1ngulo interno del codo la boca y nariz al estornudar o toser, ya que los virus se trasmiten por las gotas de saliva y mucosidad. De igual manera, invita a las personas que presentan&hellip;\" \/>\n<meta property=\"og:url\" content=\"https:\/\/expressometro.mx\/index.php\/2020\/02\/29\/son-medidas-preventivas-clave-para-prevenir-enfermedades-respiratorias\/\" \/>\n<meta property=\"og:site_name\" content=\"Expresso Metropolitano\" \/>\n<meta property=\"article:published_time\" content=\"2020-02-29T19:03:53+00:00\" \/>\n<meta property=\"article:modified_time\" content=\"2020-02-29T19:03:59+00:00\" \/>\n<meta property=\"og:image\" content=\"https:\/\/expressometro.mx\/wp-content\/uploads\/2020\/02\/83E973B6-B7B8-4E05-8573-86EFA9B3227E.jpeg\" \/>\n\t<meta property=\"og:image:width\" content=\"1280\" \/>\n\t<meta property=\"og:image:height\" content=\"849\" \/>\n\t<meta property=\"og:image:type\" content=\"image\/jpeg\" \/>\n<meta name=\"author\" content=\"Expresso Metropolitano\" \/>\n<meta name=\"twitter:label1\" content=\"Escrito por\" \/>\n\t<meta name=\"twitter:data1\" content=\"Expresso Metropolitano\" \/>\n\t<meta name=\"twitter:label2\" content=\"Tiempo de lectura\" \/>\n\t<meta name=\"twitter:data2\" content=\"1 minuto\" \/>\n<script type=\"application\/ld+json\" class=\"yoast-schema-graph\">{\"@context\":\"https:\\\/\\\/schema.org\",\"@graph\":[{\"@type\":\"Article\",\"@id\":\"https:\\\/\\\/expressometro.mx\\\/index.php\\\/2020\\\/02\\\/29\\\/son-medidas-preventivas-clave-para-prevenir-enfermedades-respiratorias\\\/#article\",\"isPartOf\":{\"@id\":\"https:\\\/\\\/expressometro.mx\\\/index.php\\\/2020\\\/02\\\/29\\\/son-medidas-preventivas-clave-para-prevenir-enfermedades-respiratorias\\\/\"},\"author\":{\"name\":\"Expresso Metropolitano\",\"@id\":\"https:\\\/\\\/expressometro.mx\\\/#\\\/schema\\\/person\\\/efa971b4a0664db8ed5c22b1b0dd2f5d\"},\"headline\":\"SON MEDIDAS PREVENTIVAS CLAVE PARA PREVENIR ENFERMEDADES RESPIRATORIAS\",\"datePublished\":\"2020-02-29T19:03:53+00:00\",\"dateModified\":\"2020-02-29T19:03:59+00:00\",\"mainEntityOfPage\":{\"@id\":\"https:\\\/\\\/expressometro.mx\\\/index.php\\\/2020\\\/02\\\/29\\\/son-medidas-preventivas-clave-para-prevenir-enfermedades-respiratorias\\\/\"},\"wordCount\":200,\"commentCount\":0,\"publisher\":{\"@id\":\"https:\\\/\\\/expressometro.mx\\\/#organization\"},\"image\":{\"@id\":\"https:\\\/\\\/expressometro.mx\\\/index.php\\\/2020\\\/02\\\/29\\\/son-medidas-preventivas-clave-para-prevenir-enfermedades-respiratorias\\\/#primaryimage\"},\"thumbnailUrl\":\"https:\\\/\\\/expressometro.mx\\\/wp-content\\\/uploads\\\/2020\\\/02\\\/83E973B6-B7B8-4E05-8573-86EFA9B3227E.jpeg\",\"articleSection\":[\"Salud\"],\"inLanguage\":\"es\",\"potentialAction\":[{\"@type\":\"CommentAction\",\"name\":\"Comment\",\"target\":[\"https:\\\/\\\/expressometro.mx\\\/index.php\\\/2020\\\/02\\\/29\\\/son-medidas-preventivas-clave-para-prevenir-enfermedades-respiratorias\\\/#respond\"]}]},{\"@type\":\"WebPage\",\"@id\":\"https:\\\/\\\/expressometro.mx\\\/index.php\\\/2020\\\/02\\\/29\\\/son-medidas-preventivas-clave-para-prevenir-enfermedades-respiratorias\\\/\",\"url\":\"https:\\\/\\\/expressometro.mx\\\/index.php\\\/2020\\\/02\\\/29\\\/son-medidas-preventivas-clave-para-prevenir-enfermedades-respiratorias\\\/\",\"name\":\"SON MEDIDAS PREVENTIVAS CLAVE PARA PREVENIR ENFERMEDADES RESPIRATORIAS - Expresso Metropolitano\",\"isPartOf\":{\"@id\":\"https:\\\/\\\/expressometro.mx\\\/#website\"},\"primaryImageOfPage\":{\"@id\":\"https:\\\/\\\/expressometro.mx\\\/index.php\\\/2020\\\/02\\\/29\\\/son-medidas-preventivas-clave-para-prevenir-enfermedades-respiratorias\\\/#primaryimage\"},\"image\":{\"@id\":\"https:\\\/\\\/expressometro.mx\\\/index.php\\\/2020\\\/02\\\/29\\\/son-medidas-preventivas-clave-para-prevenir-enfermedades-respiratorias\\\/#primaryimage\"},\"thumbnailUrl\":\"https:\\\/\\\/expressometro.mx\\\/wp-content\\\/uploads\\\/2020\\\/02\\\/83E973B6-B7B8-4E05-8573-86EFA9B3227E.jpeg\",\"datePublished\":\"2020-02-29T19:03:53+00:00\",\"dateModified\":\"2020-02-29T19:03:59+00:00\",\"breadcrumb\":{\"@id\":\"https:\\\/\\\/expressometro.mx\\\/index.php\\\/2020\\\/02\\\/29\\\/son-medidas-preventivas-clave-para-prevenir-enfermedades-respiratorias\\\/#breadcrumb\"},\"inLanguage\":\"es\",\"potentialAction\":[{\"@type\":\"ReadAction\",\"target\":[\"https:\\\/\\\/expressometro.mx\\\/index.php\\\/2020\\\/02\\\/29\\\/son-medidas-preventivas-clave-para-prevenir-enfermedades-respiratorias\\\/\"]}]},{\"@type\":\"ImageObject\",\"inLanguage\":\"es\",\"@id\":\"https:\\\/\\\/expressometro.mx\\\/index.php\\\/2020\\\/02\\\/29\\\/son-medidas-preventivas-clave-para-prevenir-enfermedades-respiratorias\\\/#primaryimage\",\"url\":\"https:\\\/\\\/expressometro.mx\\\/wp-content\\\/uploads\\\/2020\\\/02\\\/83E973B6-B7B8-4E05-8573-86EFA9B3227E.jpeg\",\"contentUrl\":\"https:\\\/\\\/expressometro.mx\\\/wp-content\\\/uploads\\\/2020\\\/02\\\/83E973B6-B7B8-4E05-8573-86EFA9B3227E.jpeg\",\"width\":1280,\"height\":849},{\"@type\":\"BreadcrumbList\",\"@id\":\"https:\\\/\\\/expressometro.mx\\\/index.php\\\/2020\\\/02\\\/29\\\/son-medidas-preventivas-clave-para-prevenir-enfermedades-respiratorias\\\/#breadcrumb\",\"itemListElement\":[{\"@type\":\"ListItem\",\"position\":1,\"name\":\"Inicio\",\"item\":\"https:\\\/\\\/expressometro.mx\\\/\"},{\"@type\":\"ListItem\",\"position\":2,\"name\":\"SON MEDIDAS PREVENTIVAS CLAVE PARA PREVENIR ENFERMEDADES RESPIRATORIAS\"}]},{\"@type\":\"WebSite\",\"@id\":\"https:\\\/\\\/expressometro.mx\\\/#website\",\"url\":\"https:\\\/\\\/expressometro.mx\\\/\",\"name\":\"Expresso Metropolitano\",\"description\":\"Periodismo comprometido, informaci\u00f3n, investigaci\u00f3n y an\u00e1lisis\",\"publisher\":{\"@id\":\"https:\\\/\\\/expressometro.mx\\\/#organization\"},\"potentialAction\":[{\"@type\":\"SearchAction\",\"target\":{\"@type\":\"EntryPoint\",\"urlTemplate\":\"https:\\\/\\\/expressometro.mx\\\/?s={search_term_string}\"},\"query-input\":{\"@type\":\"PropertyValueSpecification\",\"valueRequired\":true,\"valueName\":\"search_term_string\"}}],\"inLanguage\":\"es\"},{\"@type\":\"Organization\",\"@id\":\"https:\\\/\\\/expressometro.mx\\\/#organization\",\"name\":\"Expresso Metropolitano\",\"url\":\"https:\\\/\\\/expressometro.mx\\\/\",\"logo\":{\"@type\":\"ImageObject\",\"inLanguage\":\"es\",\"@id\":\"https:\\\/\\\/expressometro.mx\\\/#\\\/schema\\\/logo\\\/image\\\/\",\"url\":\"https:\\\/\\\/expressometro.mx\\\/wp-content\\\/uploads\\\/2019\\\/07\\\/cropped-Logo-Expresso-Metropolitano-1-1.jpeg\",\"contentUrl\":\"https:\\\/\\\/expressometro.mx\\\/wp-content\\\/uploads\\\/2019\\\/07\\\/cropped-Logo-Expresso-Metropolitano-1-1.jpeg\",\"width\":290,\"height\":73,\"caption\":\"Expresso Metropolitano\"},\"image\":{\"@id\":\"https:\\\/\\\/expressometro.mx\\\/#\\\/schema\\\/logo\\\/image\\\/\"}},{\"@type\":\"Person\",\"@id\":\"https:\\\/\\\/expressometro.mx\\\/#\\\/schema\\\/person\\\/efa971b4a0664db8ed5c22b1b0dd2f5d\",\"name\":\"Expresso Metropolitano\",\"image\":{\"@type\":\"ImageObject\",\"inLanguage\":\"es\",\"@id\":\"https:\\\/\\\/secure.gravatar.com\\\/avatar\\\/a89f802b8de18c6952f223c88d3d106e9e3679839f4e25a02f4a6cc2ae6ba3b3?s=96&d=mm&r=g\",\"url\":\"https:\\\/\\\/secure.gravatar.com\\\/avatar\\\/a89f802b8de18c6952f223c88d3d106e9e3679839f4e25a02f4a6cc2ae6ba3b3?s=96&d=mm&r=g\",\"contentUrl\":\"https:\\\/\\\/secure.gravatar.com\\\/avatar\\\/a89f802b8de18c6952f223c88d3d106e9e3679839f4e25a02f4a6cc2ae6ba3b3?s=96&d=mm&r=g\",\"caption\":\"Expresso Metropolitano\"},\"url\":\"https:\\\/\\\/expressometro.mx\\\/index.php\\\/author\\\/diego\\\/\"}]}<\/script>\n<!-- \/ Yoast SEO plugin. -->","yoast_head_json":{"title":"SON MEDIDAS PREVENTIVAS CLAVE PARA PREVENIR ENFERMEDADES RESPIRATORIAS - Expresso Metropolitano","robots":{"index":"index","follow":"follow","max-snippet":"max-snippet:-1","max-image-preview":"max-image-preview:large","max-video-preview":"max-video-preview:-1"},"canonical":"https:\/\/expressometro.mx\/index.php\/2020\/02\/29\/son-medidas-preventivas-clave-para-prevenir-enfermedades-respiratorias\/","og_locale":"es_MX","og_type":"article","og_title":"SON MEDIDAS PREVENTIVAS CLAVE PARA PREVENIR ENFERMEDADES RESPIRATORIAS - Expresso Metropolitano","og_description":"La Secretar\u00eda de Salud del Estado de M\u00e9xico, informa que la implementaci\u00f3n de medidas preventivas b\u00e1sicas, son la clave para evitar el contagio de enfermedades respiratorias. Por lo anterior, pide adoptar la cultura del autocuidado al lavarse constantemente las manos con agua y jab\u00f3n, as\u00ed como desinfectarlas con gel antibacterial. Adem\u00e1s, exhorta a cubrirse con el \u00e1ngulo interno del codo la boca y nariz al estornudar o toser, ya que los virus se trasmiten por las gotas de saliva y mucosidad. De igual manera, invita a las personas que presentan&hellip;","og_url":"https:\/\/expressometro.mx\/index.php\/2020\/02\/29\/son-medidas-preventivas-clave-para-prevenir-enfermedades-respiratorias\/","og_site_name":"Expresso Metropolitano","article_published_time":"2020-02-29T19:03:53+00:00","article_modified_time":"2020-02-29T19:03:59+00:00","og_image":[{"width":1280,"height":849,"url":"https:\/\/expressometro.mx\/wp-content\/uploads\/2020\/02\/83E973B6-B7B8-4E05-8573-86EFA9B3227E.jpeg","type":"image\/jpeg"}],"author":"Expresso Metropolitano","twitter_misc":{"Escrito por":"Expresso Metropolitano","Tiempo de lectura":"1 minuto"},"schema":{"@context":"https:\/\/schema.org","@graph":[{"@type":"Article","@id":"https:\/\/expressometro.mx\/index.php\/2020\/02\/29\/son-medidas-preventivas-clave-para-prevenir-enfermedades-respiratorias\/#article","isPartOf":{"@id":"https:\/\/expressometro.mx\/index.php\/2020\/02\/29\/son-medidas-preventivas-clave-para-prevenir-enfermedades-respiratorias\/"},"author":{"name":"Expresso Metropolitano","@id":"https:\/\/expressometro.mx\/#\/schema\/person\/efa971b4a0664db8ed5c22b1b0dd2f5d"},"headline":"SON MEDIDAS PREVENTIVAS CLAVE PARA PREVENIR ENFERMEDADES RESPIRATORIAS","datePublished":"2020-02-29T19:03:53+00:00","dateModified":"2020-02-29T19:03:59+00:00","mainEntityOfPage":{"@id":"https:\/\/expressometro.mx\/index.php\/2020\/02\/29\/son-medidas-preventivas-clave-para-prevenir-enfermedades-respiratorias\/"},"wordCount":200,"commentCount":0,"publisher":{"@id":"https:\/\/expressometro.mx\/#organization"},"image":{"@id":"https:\/\/expressometro.mx\/index.php\/2020\/02\/29\/son-medidas-preventivas-clave-para-prevenir-enfermedades-respiratorias\/#primaryimage"},"thumbnailUrl":"https:\/\/expressometro.mx\/wp-content\/uploads\/2020\/02\/83E973B6-B7B8-4E05-8573-86EFA9B3227E.jpeg","articleSection":["Salud"],"inLanguage":"es","potentialAction":[{"@type":"CommentAction","name":"Comment","target":["https:\/\/expressometro.mx\/index.php\/2020\/02\/29\/son-medidas-preventivas-clave-para-prevenir-enfermedades-respiratorias\/#respond"]}]},{"@type":"WebPage","@id":"https:\/\/expressometro.mx\/index.php\/2020\/02\/29\/son-medidas-preventivas-clave-para-prevenir-enfermedades-respiratorias\/","url":"https:\/\/expressometro.mx\/index.php\/2020\/02\/29\/son-medidas-preventivas-clave-para-prevenir-enfermedades-respiratorias\/","name":"SON MEDIDAS PREVENTIVAS CLAVE PARA PREVENIR ENFERMEDADES RESPIRATORIAS - Expresso Metropolitano","isPartOf":{"@id":"https:\/\/expressometro.mx\/#website"},"primaryImageOfPage":{"@id":"https:\/\/expressometro.mx\/index.php\/2020\/02\/29\/son-medidas-preventivas-clave-para-prevenir-enfermedades-respiratorias\/#primaryimage"},"image":{"@id":"https:\/\/expressometro.mx\/index.php\/2020\/02\/29\/son-medidas-preventivas-clave-para-prevenir-enfermedades-respiratorias\/#primaryimage"},"thumbnailUrl":"https:\/\/expressometro.mx\/wp-content\/uploads\/2020\/02\/83E973B6-B7B8-4E05-8573-86EFA9B3227E.jpeg","datePublished":"2020-02-29T19:03:53+00:00","dateModified":"2020-02-29T19:03:59+00:00","breadcrumb":{"@id":"https:\/\/expressometro.mx\/index.php\/2020\/02\/29\/son-medidas-preventivas-clave-para-prevenir-enfermedades-respiratorias\/#breadcrumb"},"inLanguage":"es","potentialAction":[{"@type":"ReadAction","target":["https:\/\/expressometro.mx\/index.php\/2020\/02\/29\/son-medidas-preventivas-clave-para-prevenir-enfermedades-respiratorias\/"]}]},{"@type":"ImageObject","inLanguage":"es","@id":"https:\/\/expressometro.mx\/index.php\/2020\/02\/29\/son-medidas-preventivas-clave-para-prevenir-enfermedades-respiratorias\/#primaryimage","url":"https:\/\/expressometro.mx\/wp-content\/uploads\/2020\/02\/83E973B6-B7B8-4E05-8573-86EFA9B3227E.jpeg","contentUrl":"https:\/\/expressometro.mx\/wp-content\/uploads\/2020\/02\/83E973B6-B7B8-4E05-8573-86EFA9B3227E.jpeg","width":1280,"height":849},{"@type":"BreadcrumbList","@id":"https:\/\/expressometro.mx\/index.php\/2020\/02\/29\/son-medidas-preventivas-clave-para-prevenir-enfermedades-respiratorias\/#breadcrumb","itemListElement":[{"@type":"ListItem","position":1,"name":"Inicio","item":"https:\/\/expressometro.mx\/"},{"@type":"ListItem","position":2,"name":"SON MEDIDAS PREVENTIVAS CLAVE PARA PREVENIR ENFERMEDADES RESPIRATORIAS"}]},{"@type":"WebSite","@id":"https:\/\/expressometro.mx\/#website","url":"https:\/\/expressometro.mx\/","name":"Expresso Metropolitano","description":"Periodismo comprometido, informaci\u00f3n, investigaci\u00f3n y an\u00e1lisis","publisher":{"@id":"https:\/\/expressometro.mx\/#organization"},"potentialAction":[{"@type":"SearchAction","target":{"@type":"EntryPoint","urlTemplate":"https:\/\/expressometro.mx\/?s={search_term_string}"},"query-input":{"@type":"PropertyValueSpecification","valueRequired":true,"valueName":"search_term_string"}}],"inLanguage":"es"},{"@type":"Organization","@id":"https:\/\/expressometro.mx\/#organization","name":"Expresso Metropolitano","url":"https:\/\/expressometro.mx\/","logo":{"@type":"ImageObject","inLanguage":"es","@id":"https:\/\/expressometro.mx\/#\/schema\/logo\/image\/","url":"https:\/\/expressometro.mx\/wp-content\/uploads\/2019\/07\/cropped-Logo-Expresso-Metropolitano-1-1.jpeg","contentUrl":"https:\/\/expressometro.mx\/wp-content\/uploads\/2019\/07\/cropped-Logo-Expresso-Metropolitano-1-1.jpeg","width":290,"height":73,"caption":"Expresso Metropolitano"},"image":{"@id":"https:\/\/expressometro.mx\/#\/schema\/logo\/image\/"}},{"@type":"Person","@id":"https:\/\/expressometro.mx\/#\/schema\/person\/efa971b4a0664db8ed5c22b1b0dd2f5d","name":"Expresso Metropolitano","image":{"@type":"ImageObject","inLanguage":"es","@id":"https:\/\/secure.gravatar.com\/avatar\/a89f802b8de18c6952f223c88d3d106e9e3679839f4e25a02f4a6cc2ae6ba3b3?s=96&d=mm&r=g","url":"https:\/\/secure.gravatar.com\/avatar\/a89f802b8de18c6952f223c88d3d106e9e3679839f4e25a02f4a6cc2ae6ba3b3?s=96&d=mm&r=g","contentUrl":"https:\/\/secure.gravatar.com\/avatar\/a89f802b8de18c6952f223c88d3d106e9e3679839f4e25a02f4a6cc2ae6ba3b3?s=96&d=mm&r=g","caption":"Expresso Metropolitano"},"url":"https:\/\/expressometro.mx\/index.php\/author\/diego\/"}]}},"amp_enabled":true,"_links":{"self":[{"href":"https:\/\/expressometro.mx\/index.php\/wp-json\/wp\/v2\/posts\/1302","targetHints":{"allow":["GET"]}}],"collection":[{"href":"https:\/\/expressometro.mx\/index.php\/wp-json\/wp\/v2\/posts"}],"about":[{"href":"https:\/\/expressometro.mx\/index.php\/wp-json\/wp\/v2\/types\/post"}],"author":[{"embeddable":true,"href":"https:\/\/expressometro.mx\/index.php\/wp-json\/wp\/v2\/users\/1"}],"replies":[{"embeddable":true,"href":"https:\/\/expressometro.mx\/index.php\/wp-json\/wp\/v2\/comments?post=1302"}],"version-history":[{"count":1,"href":"https:\/\/expressometro.mx\/index.php\/wp-json\/wp\/v2\/posts\/1302\/revisions"}],"predecessor-version":[{"id":1304,"href":"https:\/\/expressometro.mx\/index.php\/wp-json\/wp\/v2\/posts\/1302\/revisions\/1304"}],"wp:featuredmedia":[{"embeddable":true,"href":"https:\/\/expressometro.mx\/index.php\/wp-json\/wp\/v2\/media\/1303"}],"wp:attachment":[{"href":"https:\/\/expressometro.mx\/index.php\/wp-json\/wp\/v2\/media?parent=1302"}],"wp:term":[{"taxonomy":"category","embeddable":true,"href":"https:\/\/expressometro.mx\/index.php\/wp-json\/wp\/v2\/categories?post=1302"},{"taxonomy":"post_tag","embeddable":true,"href":"https:\/\/expressometro.mx\/index.php\/wp-json\/wp\/v2\/tags?post=1302"}],"curies":[{"name":"wp","href":"https:\/\/api.w.org\/{rel}","templated":true}]}}