{"id":130,"date":"2019-08-12T14:53:38","date_gmt":"2019-08-12T19:53:38","guid":{"rendered":"http:\/\/expressometro.mx\/?p=130"},"modified":"2019-09-25T10:43:22","modified_gmt":"2019-09-25T15:43:22","slug":"fortalece-gem-seguridad-de-mujeres-mediante-operativos-con-perspectiva-de-genero-en-unidades-de-transporte-publico-alfredo-del-mazo","status":"publish","type":"post","link":"https:\/\/expressometro.mx\/index.php\/2019\/08\/12\/fortalece-gem-seguridad-de-mujeres-mediante-operativos-con-perspectiva-de-genero-en-unidades-de-transporte-publico-alfredo-del-mazo\/","title":{"rendered":"FORTALECE GEM SEGURIDAD DE MUJERES MEDIANTE OPERATIVOS CON PERSPECTIVA DE G\u00c9NERO EN UNIDADES DE TRANSPORTE P\u00daBLICO: ALFREDO DEL MAZO"},"content":{"rendered":"\n<p>El Gobernador Alfredo Del Mazo Maza destac\u00f3 que su administraci\u00f3n impulsa acciones para mejorar la seguridad en el transporte p\u00fablico, como reforzar los operativos con perspectiva de g\u00e9nero en diversas rutas de transporte en el estado, con la finalidad de ofrecer m\u00e1s garant\u00edas a las usuarias al momento de utilizar este servicio.<\/p>\n\n\n\n<p>Al dar el banderazo de salida a 30 unidades ecol\u00f3gicas de transporte p\u00fablico con equipo de seguridad, el mandatario mexiquense precis\u00f3 que en estos operativos se hace una revisi\u00f3n en las unidades, al tiempo de ofrecer asistencia a las mujeres para que conozcan y denuncien cualquier acto de violencia, tanto f\u00edsica, como verbal, y con ello inhibir el maltrato en su contra.<\/p>\n\n\n\n<p>\u201cEstamos fortaleciendo los operativos con perspectiva de g\u00e9nero para brindar una atenci\u00f3n especial a las mujeres que utilizan el transporte p\u00fablico. En los operativos que se est\u00e1n llevando a cabo, de revisi\u00f3n en el transporte p\u00fablico, al mismo tiempo llevar a cabo un operativo de revisi\u00f3n, se les da una asistencia y una pl\u00e1tica muy importante sobre la perspectiva de g\u00e9nero para cuidar, respetar a las&nbsp; mujeres y para propiciar la denuncia por parte de las mujeres cuando sean sujetas de cualquier hecho de violencia; ya sea verbal, ya sea f\u00edsica, de cualquier tipo, para que esto nos permita darles una mayor seguridad a las mujeres en el Estado de M\u00e9xico&#8221;, puntualiz\u00f3.<\/p>\n\n\n\n<p>Ante l\u00edderes transportistas, operadores, empresarios del sector y autoridades estatales y municipales, Alfredo Del Mazo asegur\u00f3 que el Gobierno estatal apuesta por un modelo de transporte moderno e integral, que procure el cuidado del medio ambiente, la seguridad de los pasajeros y la eficiencia.<\/p>\n\n\n\n<p>Por ello, refiri\u00f3 que durante su administraci\u00f3n se han renovado 32 mil unidades de transporte que ten\u00edan 10 o m\u00e1s a\u00f1os de antig\u00fcedad, con veh\u00edculos equipados con sistemas amigables con el ambiente, como los autobuses Euro V, que disminuyen la emisi\u00f3n de part\u00edculas contaminantes a la atm\u00f3sfera y contribuyen a aminorar&nbsp; el \u00f3xido de nitr\u00f3geno en 87 por ciento.<\/p>\n\n\n\n<p>\u201c\u00c9ste es un esfuerzo que hemos venido haciendo gracias al apoyo de las empresas del sector y en donde, al d\u00eda de hoy, se han renovado aproximadamente 32 mil unidades de transporte que se han ido actualizando y nos permite ser m\u00e1s responsables y m\u00e1s cuidadosos con el medio ambiente, pero tambi\u00e9n brindar un mejor servicio, con mayor calidad, m\u00e1s seguro y que estemos renovando estas unidades de transporte\u201d, afirm\u00f3.<\/p>\n\n\n\n<p>En el Deportivo \u00c1lamos, en Melchor Ocampo, Del Mazo Maza subray\u00f3 la importancia de cambiar la perspectiva para trabajar de la manos con los transportistas en la modernizaci\u00f3n del transporte p\u00fablico.<\/p>\n\n\n\n<p>Por ello, reconoci\u00f3 el esfuerzo que hacen los empresarios del ramo en el Estado de M\u00e9xico e inform\u00f3 que actualmente m\u00e1s de 10 mil 800 unidades, de 349 empresas, han sido equipadas con aditamentos de seguridad, como c\u00e1maras de videovigilancia, botones de p\u00e1nico o sistema GPS conectado al Centro de Control y Gesti\u00f3n del Transporte P\u00fablico y al C5, para atender \u00e1gilmente cualquier acto delictivo.<\/p>\n\n\n\n<p>\u201cEs un trabajo que hacemos entre todos, un trabajo donde el Gobierno si, el Gobierno impulsa, propicia, propone este tipo de iniciativas, pero los transportistas invierten y los transportistas se suman. Hoy est\u00e1n invirtiendo m\u00e1s de 50 millones de pesos. Ya al d\u00eda de hoy tenemos m\u00e1s de 10 mil 800 unidades de transporte p\u00fablico con sistemas de tecnolog\u00eda, de videovigilancia, de monitoreo y de botones de p\u00e1nico que nos ayudan a tener un transporte mucho m\u00e1s seguro\u201d, recalc\u00f3.<\/p>\n\n\n\n<p>Alfredo Del Mazo asegur\u00f3 que la administraci\u00f3n estatal hace un esfuerzo para regularizar el transporte y con ello, apoyar a los empresarios que se preocupan por mejorar el servicio, por lo que en los \u00faltimos dos a\u00f1os se han regularizado m\u00e1s de 99 mil concesiones y garantiz\u00f3 que este tipo de acciones se seguir\u00e1n impulsando para que la ciudadan\u00eda cuente con un servicio m\u00e1s confiable.<\/p>\n\n\n\n<p>Por su parte, Raymundo Mart\u00ednez Carbajal, Secretario de Movilidad, explic\u00f3 que son 20 acciones para establecer la jerarqu\u00eda de la movilidad en la entidad, entre las que destacan, m\u00e1s de 12 mil 500 convenios para precisar los tiempos de regularizaci\u00f3n y el equipamiento.<\/p>\n\n\n\n<p>Asimismo, dijo que actualmente se trabaja en 2 mil casos de transferencias, donde los veh\u00edculos son operados por personas que no los tienen a su nombre y afirm\u00f3 que al final de la administraci\u00f3n, el legado del Gobernador Alfredo Del Mazo ser\u00e1 tener 168 mil concesiones regularizadas, rutas seguras para escuelas y centros de trabajo, as\u00ed como un sistema de capacitaci\u00f3n y profesionalizaci\u00f3n para 200 mil operadores, a fin de disminuir la inseguridad en un 30 por ciento.<\/p>\n\n\n\n<p>Jaime Torres Gil, Presidente de Autotransportes M\u00e9xico-Melchor Ocampo, reiter\u00f3 el compromiso con el combate a la contaminaci\u00f3n y a continuar con la renovaci\u00f3n del parque vehicular con unidades que cuenten con tecnolog\u00eda que les permita cumplir con las normas establecidas.<\/p>\n\n\n\n<p>Previamente, Alfredo Del Mazo, acompa\u00f1ado por empresarios transportistas y por autoridades estatales y municipales, abord\u00f3 algunas de las unidades que iniciar\u00e1n a&nbsp; operar en esta regi\u00f3n, donde conoci\u00f3 los pormenores del funcionamiento del equipo de seguridad.<\/p>\n\n\n\n<p>El transporte que este d\u00eda comenzar\u00e1 a operar, pertenece a las empresas Autotransportes Melchor Ocampo y Sociedad de Autotransportes M\u00e9xico-Cuautitl\u00e1n-Melchor Ocampo-Zumpango.<\/p>\n\n\n\n<ul class=\"wp-block-list\"><li><\/li><\/ul>\n","protected":false},"excerpt":{"rendered":"<p>El Gobernador Alfredo Del Mazo Maza destac\u00f3 que su administraci\u00f3n impulsa acciones para mejorar la seguridad en el transporte p\u00fablico, como reforzar los operativos con perspectiva de g\u00e9nero en diversas rutas de transporte en el estado, con la finalidad de ofrecer m\u00e1s garant\u00edas a las usuarias al momento de utilizar este servicio. Al dar el banderazo de salida a 30 unidades ecol\u00f3gicas de transporte p\u00fablico con equipo de seguridad, el mandatario mexiquense precis\u00f3 que en estos operativos se hace una revisi\u00f3n en las unidades, al tiempo de ofrecer asistencia a&hellip;<\/p>\n","protected":false},"author":1,"featured_media":0,"comment_status":"open","ping_status":"open","sticky":false,"template":"","format":"standard","meta":{"footnotes":""},"categories":[4,3,6],"tags":[],"class_list":["post-130","post","type-post","status-publish","format-standard","hentry","category-finanzas","category-gobierno","category-seguridad"],"yoast_head":"<!-- This site is optimized with the Yoast SEO plugin v27.4 - https:\/\/yoast.com\/product\/yoast-seo-wordpress\/ -->\n<title>FORTALECE GEM SEGURIDAD DE MUJERES MEDIANTE OPERATIVOS CON PERSPECTIVA DE G\u00c9NERO EN UNIDADES DE TRANSPORTE P\u00daBLICO: ALFREDO DEL MAZO - Expresso Metropolitano<\/title>\n<meta name=\"robots\" content=\"index, follow, max-snippet:-1, max-image-preview:large, max-video-preview:-1\" \/>\n<link rel=\"canonical\" href=\"https:\/\/expressometro.mx\/index.php\/2019\/08\/12\/fortalece-gem-seguridad-de-mujeres-mediante-operativos-con-perspectiva-de-genero-en-unidades-de-transporte-publico-alfredo-del-mazo\/\" \/>\n<meta property=\"og:locale\" content=\"es_MX\" \/>\n<meta property=\"og:type\" content=\"article\" \/>\n<meta property=\"og:title\" content=\"FORTALECE GEM SEGURIDAD DE MUJERES MEDIANTE OPERATIVOS CON PERSPECTIVA DE G\u00c9NERO EN UNIDADES DE TRANSPORTE P\u00daBLICO: ALFREDO DEL MAZO - Expresso Metropolitano\" \/>\n<meta property=\"og:description\" content=\"El Gobernador Alfredo Del Mazo Maza destac\u00f3 que su administraci\u00f3n impulsa acciones para mejorar la seguridad en el transporte p\u00fablico, como reforzar los operativos con perspectiva de g\u00e9nero en diversas rutas de transporte en el estado, con la finalidad de ofrecer m\u00e1s garant\u00edas a las usuarias al momento de utilizar este servicio. Al dar el banderazo de salida a 30 unidades ecol\u00f3gicas de transporte p\u00fablico con equipo de seguridad, el mandatario mexiquense precis\u00f3 que en estos operativos se hace una revisi\u00f3n en las unidades, al tiempo de ofrecer asistencia a&hellip;\" \/>\n<meta property=\"og:url\" content=\"https:\/\/expressometro.mx\/index.php\/2019\/08\/12\/fortalece-gem-seguridad-de-mujeres-mediante-operativos-con-perspectiva-de-genero-en-unidades-de-transporte-publico-alfredo-del-mazo\/\" \/>\n<meta property=\"og:site_name\" content=\"Expresso Metropolitano\" \/>\n<meta property=\"article:published_time\" content=\"2019-08-12T19:53:38+00:00\" \/>\n<meta property=\"article:modified_time\" content=\"2019-09-25T15:43:22+00:00\" \/>\n<meta property=\"og:image\" content=\"https:\/\/expressometro.mx\/wp-content\/uploads\/2019\/08\/w2_8419_4.jpg\" \/>\n\t<meta property=\"og:image:width\" content=\"2000\" \/>\n\t<meta property=\"og:image:height\" content=\"1627\" \/>\n\t<meta property=\"og:image:type\" content=\"image\/jpeg\" \/>\n<meta name=\"author\" content=\"Expresso Metropolitano\" \/>\n<meta name=\"twitter:label1\" content=\"Escrito por\" \/>\n\t<meta name=\"twitter:data1\" content=\"Expresso Metropolitano\" \/>\n\t<meta name=\"twitter:label2\" content=\"Tiempo de lectura\" \/>\n\t<meta name=\"twitter:data2\" content=\"5 minutos\" \/>\n<script type=\"application\/ld+json\" class=\"yoast-schema-graph\">{\"@context\":\"https:\\\/\\\/schema.org\",\"@graph\":[{\"@type\":\"Article\",\"@id\":\"https:\\\/\\\/expressometro.mx\\\/index.php\\\/2019\\\/08\\\/12\\\/fortalece-gem-seguridad-de-mujeres-mediante-operativos-con-perspectiva-de-genero-en-unidades-de-transporte-publico-alfredo-del-mazo\\\/#article\",\"isPartOf\":{\"@id\":\"https:\\\/\\\/expressometro.mx\\\/index.php\\\/2019\\\/08\\\/12\\\/fortalece-gem-seguridad-de-mujeres-mediante-operativos-con-perspectiva-de-genero-en-unidades-de-transporte-publico-alfredo-del-mazo\\\/\"},\"author\":{\"name\":\"Expresso Metropolitano\",\"@id\":\"https:\\\/\\\/expressometro.mx\\\/#\\\/schema\\\/person\\\/efa971b4a0664db8ed5c22b1b0dd2f5d\"},\"headline\":\"FORTALECE GEM SEGURIDAD DE MUJERES MEDIANTE OPERATIVOS CON PERSPECTIVA DE G\u00c9NERO EN UNIDADES DE TRANSPORTE P\u00daBLICO: ALFREDO DEL MAZO\",\"datePublished\":\"2019-08-12T19:53:38+00:00\",\"dateModified\":\"2019-09-25T15:43:22+00:00\",\"mainEntityOfPage\":{\"@id\":\"https:\\\/\\\/expressometro.mx\\\/index.php\\\/2019\\\/08\\\/12\\\/fortalece-gem-seguridad-de-mujeres-mediante-operativos-con-perspectiva-de-genero-en-unidades-de-transporte-publico-alfredo-del-mazo\\\/\"},\"wordCount\":938,\"commentCount\":0,\"publisher\":{\"@id\":\"https:\\\/\\\/expressometro.mx\\\/#organization\"},\"articleSection\":[\"Finanzas\",\"Gobierno\",\"Seguridad\"],\"inLanguage\":\"es\",\"potentialAction\":[{\"@type\":\"CommentAction\",\"name\":\"Comment\",\"target\":[\"https:\\\/\\\/expressometro.mx\\\/index.php\\\/2019\\\/08\\\/12\\\/fortalece-gem-seguridad-de-mujeres-mediante-operativos-con-perspectiva-de-genero-en-unidades-de-transporte-publico-alfredo-del-mazo\\\/#respond\"]}]},{\"@type\":\"WebPage\",\"@id\":\"https:\\\/\\\/expressometro.mx\\\/index.php\\\/2019\\\/08\\\/12\\\/fortalece-gem-seguridad-de-mujeres-mediante-operativos-con-perspectiva-de-genero-en-unidades-de-transporte-publico-alfredo-del-mazo\\\/\",\"url\":\"https:\\\/\\\/expressometro.mx\\\/index.php\\\/2019\\\/08\\\/12\\\/fortalece-gem-seguridad-de-mujeres-mediante-operativos-con-perspectiva-de-genero-en-unidades-de-transporte-publico-alfredo-del-mazo\\\/\",\"name\":\"FORTALECE GEM SEGURIDAD DE MUJERES MEDIANTE OPERATIVOS CON PERSPECTIVA DE G\u00c9NERO EN UNIDADES DE TRANSPORTE P\u00daBLICO: ALFREDO DEL MAZO - Expresso Metropolitano\",\"isPartOf\":{\"@id\":\"https:\\\/\\\/expressometro.mx\\\/#website\"},\"datePublished\":\"2019-08-12T19:53:38+00:00\",\"dateModified\":\"2019-09-25T15:43:22+00:00\",\"breadcrumb\":{\"@id\":\"https:\\\/\\\/expressometro.mx\\\/index.php\\\/2019\\\/08\\\/12\\\/fortalece-gem-seguridad-de-mujeres-mediante-operativos-con-perspectiva-de-genero-en-unidades-de-transporte-publico-alfredo-del-mazo\\\/#breadcrumb\"},\"inLanguage\":\"es\",\"potentialAction\":[{\"@type\":\"ReadAction\",\"target\":[\"https:\\\/\\\/expressometro.mx\\\/index.php\\\/2019\\\/08\\\/12\\\/fortalece-gem-seguridad-de-mujeres-mediante-operativos-con-perspectiva-de-genero-en-unidades-de-transporte-publico-alfredo-del-mazo\\\/\"]}]},{\"@type\":\"BreadcrumbList\",\"@id\":\"https:\\\/\\\/expressometro.mx\\\/index.php\\\/2019\\\/08\\\/12\\\/fortalece-gem-seguridad-de-mujeres-mediante-operativos-con-perspectiva-de-genero-en-unidades-de-transporte-publico-alfredo-del-mazo\\\/#breadcrumb\",\"itemListElement\":[{\"@type\":\"ListItem\",\"position\":1,\"name\":\"Inicio\",\"item\":\"https:\\\/\\\/expressometro.mx\\\/\"},{\"@type\":\"ListItem\",\"position\":2,\"name\":\"FORTALECE GEM SEGURIDAD DE MUJERES MEDIANTE OPERATIVOS CON PERSPECTIVA DE G\u00c9NERO EN UNIDADES DE TRANSPORTE P\u00daBLICO: ALFREDO DEL MAZO\"}]},{\"@type\":\"WebSite\",\"@id\":\"https:\\\/\\\/expressometro.mx\\\/#website\",\"url\":\"https:\\\/\\\/expressometro.mx\\\/\",\"name\":\"Expresso Metropolitano\",\"description\":\"Periodismo comprometido, informaci\u00f3n, investigaci\u00f3n y an\u00e1lisis\",\"publisher\":{\"@id\":\"https:\\\/\\\/expressometro.mx\\\/#organization\"},\"potentialAction\":[{\"@type\":\"SearchAction\",\"target\":{\"@type\":\"EntryPoint\",\"urlTemplate\":\"https:\\\/\\\/expressometro.mx\\\/?s={search_term_string}\"},\"query-input\":{\"@type\":\"PropertyValueSpecification\",\"valueRequired\":true,\"valueName\":\"search_term_string\"}}],\"inLanguage\":\"es\"},{\"@type\":\"Organization\",\"@id\":\"https:\\\/\\\/expressometro.mx\\\/#organization\",\"name\":\"Expresso Metropolitano\",\"url\":\"https:\\\/\\\/expressometro.mx\\\/\",\"logo\":{\"@type\":\"ImageObject\",\"inLanguage\":\"es\",\"@id\":\"https:\\\/\\\/expressometro.mx\\\/#\\\/schema\\\/logo\\\/image\\\/\",\"url\":\"https:\\\/\\\/expressometro.mx\\\/wp-content\\\/uploads\\\/2019\\\/07\\\/cropped-Logo-Expresso-Metropolitano-1-1.jpeg\",\"contentUrl\":\"https:\\\/\\\/expressometro.mx\\\/wp-content\\\/uploads\\\/2019\\\/07\\\/cropped-Logo-Expresso-Metropolitano-1-1.jpeg\",\"width\":290,\"height\":73,\"caption\":\"Expresso Metropolitano\"},\"image\":{\"@id\":\"https:\\\/\\\/expressometro.mx\\\/#\\\/schema\\\/logo\\\/image\\\/\"}},{\"@type\":\"Person\",\"@id\":\"https:\\\/\\\/expressometro.mx\\\/#\\\/schema\\\/person\\\/efa971b4a0664db8ed5c22b1b0dd2f5d\",\"name\":\"Expresso Metropolitano\",\"image\":{\"@type\":\"ImageObject\",\"inLanguage\":\"es\",\"@id\":\"https:\\\/\\\/secure.gravatar.com\\\/avatar\\\/a89f802b8de18c6952f223c88d3d106e9e3679839f4e25a02f4a6cc2ae6ba3b3?s=96&d=mm&r=g\",\"url\":\"https:\\\/\\\/secure.gravatar.com\\\/avatar\\\/a89f802b8de18c6952f223c88d3d106e9e3679839f4e25a02f4a6cc2ae6ba3b3?s=96&d=mm&r=g\",\"contentUrl\":\"https:\\\/\\\/secure.gravatar.com\\\/avatar\\\/a89f802b8de18c6952f223c88d3d106e9e3679839f4e25a02f4a6cc2ae6ba3b3?s=96&d=mm&r=g\",\"caption\":\"Expresso Metropolitano\"},\"url\":\"https:\\\/\\\/expressometro.mx\\\/index.php\\\/author\\\/diego\\\/\"}]}<\/script>\n<!-- \/ Yoast SEO plugin. -->","yoast_head_json":{"title":"FORTALECE GEM SEGURIDAD DE MUJERES MEDIANTE OPERATIVOS CON PERSPECTIVA DE G\u00c9NERO EN UNIDADES DE TRANSPORTE P\u00daBLICO: ALFREDO DEL MAZO - Expresso Metropolitano","robots":{"index":"index","follow":"follow","max-snippet":"max-snippet:-1","max-image-preview":"max-image-preview:large","max-video-preview":"max-video-preview:-1"},"canonical":"https:\/\/expressometro.mx\/index.php\/2019\/08\/12\/fortalece-gem-seguridad-de-mujeres-mediante-operativos-con-perspectiva-de-genero-en-unidades-de-transporte-publico-alfredo-del-mazo\/","og_locale":"es_MX","og_type":"article","og_title":"FORTALECE GEM SEGURIDAD DE MUJERES MEDIANTE OPERATIVOS CON PERSPECTIVA DE G\u00c9NERO EN UNIDADES DE TRANSPORTE P\u00daBLICO: ALFREDO DEL MAZO - Expresso Metropolitano","og_description":"El Gobernador Alfredo Del Mazo Maza destac\u00f3 que su administraci\u00f3n impulsa acciones para mejorar la seguridad en el transporte p\u00fablico, como reforzar los operativos con perspectiva de g\u00e9nero en diversas rutas de transporte en el estado, con la finalidad de ofrecer m\u00e1s garant\u00edas a las usuarias al momento de utilizar este servicio. Al dar el banderazo de salida a 30 unidades ecol\u00f3gicas de transporte p\u00fablico con equipo de seguridad, el mandatario mexiquense precis\u00f3 que en estos operativos se hace una revisi\u00f3n en las unidades, al tiempo de ofrecer asistencia a&hellip;","og_url":"https:\/\/expressometro.mx\/index.php\/2019\/08\/12\/fortalece-gem-seguridad-de-mujeres-mediante-operativos-con-perspectiva-de-genero-en-unidades-de-transporte-publico-alfredo-del-mazo\/","og_site_name":"Expresso Metropolitano","article_published_time":"2019-08-12T19:53:38+00:00","article_modified_time":"2019-09-25T15:43:22+00:00","og_image":[{"width":2000,"height":1627,"url":"https:\/\/expressometro.mx\/wp-content\/uploads\/2019\/08\/w2_8419_4.jpg","type":"image\/jpeg"}],"author":"Expresso Metropolitano","twitter_misc":{"Escrito por":"Expresso Metropolitano","Tiempo de lectura":"5 minutos"},"schema":{"@context":"https:\/\/schema.org","@graph":[{"@type":"Article","@id":"https:\/\/expressometro.mx\/index.php\/2019\/08\/12\/fortalece-gem-seguridad-de-mujeres-mediante-operativos-con-perspectiva-de-genero-en-unidades-de-transporte-publico-alfredo-del-mazo\/#article","isPartOf":{"@id":"https:\/\/expressometro.mx\/index.php\/2019\/08\/12\/fortalece-gem-seguridad-de-mujeres-mediante-operativos-con-perspectiva-de-genero-en-unidades-de-transporte-publico-alfredo-del-mazo\/"},"author":{"name":"Expresso Metropolitano","@id":"https:\/\/expressometro.mx\/#\/schema\/person\/efa971b4a0664db8ed5c22b1b0dd2f5d"},"headline":"FORTALECE GEM SEGURIDAD DE MUJERES MEDIANTE OPERATIVOS CON PERSPECTIVA DE G\u00c9NERO EN UNIDADES DE TRANSPORTE P\u00daBLICO: ALFREDO DEL MAZO","datePublished":"2019-08-12T19:53:38+00:00","dateModified":"2019-09-25T15:43:22+00:00","mainEntityOfPage":{"@id":"https:\/\/expressometro.mx\/index.php\/2019\/08\/12\/fortalece-gem-seguridad-de-mujeres-mediante-operativos-con-perspectiva-de-genero-en-unidades-de-transporte-publico-alfredo-del-mazo\/"},"wordCount":938,"commentCount":0,"publisher":{"@id":"https:\/\/expressometro.mx\/#organization"},"articleSection":["Finanzas","Gobierno","Seguridad"],"inLanguage":"es","potentialAction":[{"@type":"CommentAction","name":"Comment","target":["https:\/\/expressometro.mx\/index.php\/2019\/08\/12\/fortalece-gem-seguridad-de-mujeres-mediante-operativos-con-perspectiva-de-genero-en-unidades-de-transporte-publico-alfredo-del-mazo\/#respond"]}]},{"@type":"WebPage","@id":"https:\/\/expressometro.mx\/index.php\/2019\/08\/12\/fortalece-gem-seguridad-de-mujeres-mediante-operativos-con-perspectiva-de-genero-en-unidades-de-transporte-publico-alfredo-del-mazo\/","url":"https:\/\/expressometro.mx\/index.php\/2019\/08\/12\/fortalece-gem-seguridad-de-mujeres-mediante-operativos-con-perspectiva-de-genero-en-unidades-de-transporte-publico-alfredo-del-mazo\/","name":"FORTALECE GEM SEGURIDAD DE MUJERES MEDIANTE OPERATIVOS CON PERSPECTIVA DE G\u00c9NERO EN UNIDADES DE TRANSPORTE P\u00daBLICO: ALFREDO DEL MAZO - Expresso Metropolitano","isPartOf":{"@id":"https:\/\/expressometro.mx\/#website"},"datePublished":"2019-08-12T19:53:38+00:00","dateModified":"2019-09-25T15:43:22+00:00","breadcrumb":{"@id":"https:\/\/expressometro.mx\/index.php\/2019\/08\/12\/fortalece-gem-seguridad-de-mujeres-mediante-operativos-con-perspectiva-de-genero-en-unidades-de-transporte-publico-alfredo-del-mazo\/#breadcrumb"},"inLanguage":"es","potentialAction":[{"@type":"ReadAction","target":["https:\/\/expressometro.mx\/index.php\/2019\/08\/12\/fortalece-gem-seguridad-de-mujeres-mediante-operativos-con-perspectiva-de-genero-en-unidades-de-transporte-publico-alfredo-del-mazo\/"]}]},{"@type":"BreadcrumbList","@id":"https:\/\/expressometro.mx\/index.php\/2019\/08\/12\/fortalece-gem-seguridad-de-mujeres-mediante-operativos-con-perspectiva-de-genero-en-unidades-de-transporte-publico-alfredo-del-mazo\/#breadcrumb","itemListElement":[{"@type":"ListItem","position":1,"name":"Inicio","item":"https:\/\/expressometro.mx\/"},{"@type":"ListItem","position":2,"name":"FORTALECE GEM SEGURIDAD DE MUJERES MEDIANTE OPERATIVOS CON PERSPECTIVA DE G\u00c9NERO EN UNIDADES DE TRANSPORTE P\u00daBLICO: ALFREDO DEL MAZO"}]},{"@type":"WebSite","@id":"https:\/\/expressometro.mx\/#website","url":"https:\/\/expressometro.mx\/","name":"Expresso Metropolitano","description":"Periodismo comprometido, informaci\u00f3n, investigaci\u00f3n y an\u00e1lisis","publisher":{"@id":"https:\/\/expressometro.mx\/#organization"},"potentialAction":[{"@type":"SearchAction","target":{"@type":"EntryPoint","urlTemplate":"https:\/\/expressometro.mx\/?s={search_term_string}"},"query-input":{"@type":"PropertyValueSpecification","valueRequired":true,"valueName":"search_term_string"}}],"inLanguage":"es"},{"@type":"Organization","@id":"https:\/\/expressometro.mx\/#organization","name":"Expresso Metropolitano","url":"https:\/\/expressometro.mx\/","logo":{"@type":"ImageObject","inLanguage":"es","@id":"https:\/\/expressometro.mx\/#\/schema\/logo\/image\/","url":"https:\/\/expressometro.mx\/wp-content\/uploads\/2019\/07\/cropped-Logo-Expresso-Metropolitano-1-1.jpeg","contentUrl":"https:\/\/expressometro.mx\/wp-content\/uploads\/2019\/07\/cropped-Logo-Expresso-Metropolitano-1-1.jpeg","width":290,"height":73,"caption":"Expresso Metropolitano"},"image":{"@id":"https:\/\/expressometro.mx\/#\/schema\/logo\/image\/"}},{"@type":"Person","@id":"https:\/\/expressometro.mx\/#\/schema\/person\/efa971b4a0664db8ed5c22b1b0dd2f5d","name":"Expresso Metropolitano","image":{"@type":"ImageObject","inLanguage":"es","@id":"https:\/\/secure.gravatar.com\/avatar\/a89f802b8de18c6952f223c88d3d106e9e3679839f4e25a02f4a6cc2ae6ba3b3?s=96&d=mm&r=g","url":"https:\/\/secure.gravatar.com\/avatar\/a89f802b8de18c6952f223c88d3d106e9e3679839f4e25a02f4a6cc2ae6ba3b3?s=96&d=mm&r=g","contentUrl":"https:\/\/secure.gravatar.com\/avatar\/a89f802b8de18c6952f223c88d3d106e9e3679839f4e25a02f4a6cc2ae6ba3b3?s=96&d=mm&r=g","caption":"Expresso Metropolitano"},"url":"https:\/\/expressometro.mx\/index.php\/author\/diego\/"}]}},"amp_enabled":true,"_links":{"self":[{"href":"https:\/\/expressometro.mx\/index.php\/wp-json\/wp\/v2\/posts\/130","targetHints":{"allow":["GET"]}}],"collection":[{"href":"https:\/\/expressometro.mx\/index.php\/wp-json\/wp\/v2\/posts"}],"about":[{"href":"https:\/\/expressometro.mx\/index.php\/wp-json\/wp\/v2\/types\/post"}],"author":[{"embeddable":true,"href":"https:\/\/expressometro.mx\/index.php\/wp-json\/wp\/v2\/users\/1"}],"replies":[{"embeddable":true,"href":"https:\/\/expressometro.mx\/index.php\/wp-json\/wp\/v2\/comments?post=130"}],"version-history":[{"count":1,"href":"https:\/\/expressometro.mx\/index.php\/wp-json\/wp\/v2\/posts\/130\/revisions"}],"predecessor-version":[{"id":132,"href":"https:\/\/expressometro.mx\/index.php\/wp-json\/wp\/v2\/posts\/130\/revisions\/132"}],"wp:attachment":[{"href":"https:\/\/expressometro.mx\/index.php\/wp-json\/wp\/v2\/media?parent=130"}],"wp:term":[{"taxonomy":"category","embeddable":true,"href":"https:\/\/expressometro.mx\/index.php\/wp-json\/wp\/v2\/categories?post=130"},{"taxonomy":"post_tag","embeddable":true,"href":"https:\/\/expressometro.mx\/index.php\/wp-json\/wp\/v2\/tags?post=130"}],"curies":[{"name":"wp","href":"https:\/\/api.w.org\/{rel}","templated":true}]}}