{"id":1284,"date":"2020-02-28T13:38:37","date_gmt":"2020-02-28T19:38:37","guid":{"rendered":"http:\/\/expressometro.mx\/?p=1284"},"modified":"2020-02-28T13:38:38","modified_gmt":"2020-02-28T19:38:38","slug":"abre-pabellon-edomex-sus-puertas-a-ieem-y-uaem-para-la-presentacion-de-sus-obras-en-la-feria-internacional-del-libro","status":"publish","type":"post","link":"https:\/\/expressometro.mx\/index.php\/2020\/02\/28\/abre-pabellon-edomex-sus-puertas-a-ieem-y-uaem-para-la-presentacion-de-sus-obras-en-la-feria-internacional-del-libro\/","title":{"rendered":"ABRE PABELL\u00d3N EDOM\u00c9X SUS PUERTAS A IEEM Y UAEM PARA LA PRESENTACI\u00d3N DE SUS OBRAS EN LA FERIA INTERNACIONAL DEL LIBRO"},"content":{"rendered":"\n<p>El Gobierno del Estado de M\u00e9xico, a trav\u00e9s de la Secretar\u00eda de Cultura y el Consejo Editorial de la Administraci\u00f3n P\u00fablica Estatal (CEAPE), contin\u00faa su participaci\u00f3n con las actividades literarias que se llevan a cabo en el marco de la 41 Feria Internacional del Libro del Palacio de Miner\u00eda.<\/p>\n\n\n\n<p>En esta ocasi\u00f3n, el Pabell\u00f3n Edom\u00e9x abri\u00f3 sus puertas al Instituto Electoral del Estado de M\u00e9xico (IEEM) y a la Universidad Aut\u00f3noma del Estado de M\u00e9xico (UAEM), para que presentaran algunos de sus textos.<\/p>\n\n\n\n<p>El IEEM lleg\u00f3 con \u201cEstudio sobre la calidad de la Ciudadan\u00eda en el Estado de M\u00e9xico\u201d, un diagn\u00f3stico sobre las condiciones del ciudadano en la entidad mexiquense, cuyo objetivo es mostrar un panorama que demuestre las pr\u00e1cticas, los valores y las actitudes de los ciudadanos mexiquenses.<\/p>\n\n\n\n<p>A \u00e9ste se sum\u00f3 \u201cViolencia y Gobierno en el M\u00e9xico Democr\u00e1tico. Experiencias subnacionales, 2007-2018\u201d, texto que re\u00fane cuatro casos particulares de inseguridad y violencia en el M\u00e9xico contempor\u00e1neo, como polic\u00edas que en lugar de defender generan desconfianza, ciudadanos que forman autodefensas, autoridades supuestamente democr\u00e1ticas y organizaciones criminales apoder\u00e1ndose del gobierno.<\/p>\n\n\n\n<p>Este libro apuesta por el an\u00e1lisis desde la mirada de los estados y municipios, como un enfoque actual y necesario para enfrentar la violencia en el Estado mexicano.<\/p>\n\n\n\n<p>Por su parte, la Universidad Aut\u00f3noma del Estado de M\u00e9xico present\u00f3 \u201cNarrar la ciencia\u201d, una mirada desde el periodismo esta obra, premiada en cert\u00e1menes estatales y nacionales de periodismo de ciencia, es una compilaci\u00f3n de trabajos de los integrantes de Criterio noticias, noticiero de UniRadio 99.7 FM estaci\u00f3n de esta casa de estudios.<\/p>\n\n\n\n<p>Este texto aporta desde innovaciones tecnol\u00f3gicas que contribuyen al \u00e1mbito de la salud p\u00fablica, reportes de los severos da\u00f1os humanos a la flora y fauna mexicana, hasta cuestiones de visibilidad pol\u00edtica de grupos ind\u00edgenas en M\u00e9xico.<\/p>\n\n\n\n<p>De igual manera, los asistentes conocieron la obra \u201cLa Se\u00f1ora F\u00f6ns y otros cuentos\u201d, de Jens Peter Jacobsen, estudioso de la f\u00edsica, la qu\u00edmica y la bot\u00e1nica, quien se acerc\u00f3 a la literatura publicando en 1882 esta obra.<\/p>\n\n\n\n<p>Una historia de reencuentros y amor que presenta a una mujer que, sin remordimientos, pero ansiosa por ser comprendida, tiene la oportunidad, rara, de volver atr\u00e1s en su vida, as\u00ed dirige una emocionante carta a sus hijos, quienes la obligaron a elegir entre ellos y el amor de su vida, reencontrado en la edad tard\u00eda.<\/p>\n\n\n\n<p>Esta obra estuvo presentada por Sa\u00fal Ord\u00f3\u00f1ez, quien invito a los j\u00f3venes a escribir y adentrarse a la literatura de Jens Peter Jacobsen.<\/p>\n\n\n\n<p>Asimismo, presentaron la obra \u201cEl predicador\u201d, de la escritora Alma Mancilla, una novela ficticia que resalta la importancia de transformar los miedos en acciones para evitar cat\u00e1strofes.<\/p>\n\n\n\n<p>Esta presentaci\u00f3n se llev\u00f3 a cabo por medio de un video que la autora prepar\u00f3 para su auditorio, frente al cual estuvo Daniel Bernal Moreno, comentarista del libro.<\/p>\n\n\n\n<p>La Secretar\u00eda de Cultura invita a los asistentes de esta Feria a visitar el Pabell\u00f3n Estado de M\u00e9xico, donde se desarrollar\u00e1n, hasta el 2 de marzo, m\u00e1s actividades en el marco de la 41 Feria Internacional del Libro del Palacio de Miner\u00eda.<\/p>\n","protected":false},"excerpt":{"rendered":"<p>El Gobierno del Estado de M\u00e9xico, a trav\u00e9s de la Secretar\u00eda de Cultura y el Consejo Editorial de la Administraci\u00f3n P\u00fablica Estatal (CEAPE), contin\u00faa su participaci\u00f3n con las actividades literarias que se llevan a cabo en el marco de la 41 Feria Internacional del Libro del Palacio de Miner\u00eda. En esta ocasi\u00f3n, el Pabell\u00f3n Edom\u00e9x abri\u00f3 sus puertas al Instituto Electoral del Estado de M\u00e9xico (IEEM) y a la Universidad Aut\u00f3noma del Estado de M\u00e9xico (UAEM), para que presentaran algunos de sus textos. El IEEM lleg\u00f3 con \u201cEstudio sobre la&hellip;<\/p>\n","protected":false},"author":1,"featured_media":1285,"comment_status":"open","ping_status":"open","sticky":false,"template":"","format":"standard","meta":{"footnotes":""},"categories":[11,3],"tags":[],"class_list":["post-1284","post","type-post","status-publish","format-standard","has-post-thumbnail","hentry","category-cultura","category-gobierno"],"yoast_head":"<!-- This site is optimized with the Yoast SEO plugin v27.5 - https:\/\/yoast.com\/product\/yoast-seo-wordpress\/ -->\n<title>ABRE PABELL\u00d3N EDOM\u00c9X SUS PUERTAS A IEEM Y UAEM PARA LA PRESENTACI\u00d3N DE SUS OBRAS EN LA FERIA INTERNACIONAL DEL LIBRO - Expresso Metropolitano<\/title>\n<meta name=\"robots\" content=\"index, follow, max-snippet:-1, max-image-preview:large, max-video-preview:-1\" \/>\n<link rel=\"canonical\" href=\"https:\/\/expressometro.mx\/index.php\/2020\/02\/28\/abre-pabellon-edomex-sus-puertas-a-ieem-y-uaem-para-la-presentacion-de-sus-obras-en-la-feria-internacional-del-libro\/\" \/>\n<meta property=\"og:locale\" content=\"es_MX\" \/>\n<meta property=\"og:type\" content=\"article\" \/>\n<meta property=\"og:title\" content=\"ABRE PABELL\u00d3N EDOM\u00c9X SUS PUERTAS A IEEM Y UAEM PARA LA PRESENTACI\u00d3N DE SUS OBRAS EN LA FERIA INTERNACIONAL DEL LIBRO - Expresso Metropolitano\" \/>\n<meta property=\"og:description\" content=\"El Gobierno del Estado de M\u00e9xico, a trav\u00e9s de la Secretar\u00eda de Cultura y el Consejo Editorial de la Administraci\u00f3n P\u00fablica Estatal (CEAPE), contin\u00faa su participaci\u00f3n con las actividades literarias que se llevan a cabo en el marco de la 41 Feria Internacional del Libro del Palacio de Miner\u00eda. En esta ocasi\u00f3n, el Pabell\u00f3n Edom\u00e9x abri\u00f3 sus puertas al Instituto Electoral del Estado de M\u00e9xico (IEEM) y a la Universidad Aut\u00f3noma del Estado de M\u00e9xico (UAEM), para que presentaran algunos de sus textos. El IEEM lleg\u00f3 con \u201cEstudio sobre la&hellip;\" \/>\n<meta property=\"og:url\" content=\"https:\/\/expressometro.mx\/index.php\/2020\/02\/28\/abre-pabellon-edomex-sus-puertas-a-ieem-y-uaem-para-la-presentacion-de-sus-obras-en-la-feria-internacional-del-libro\/\" \/>\n<meta property=\"og:site_name\" content=\"Expresso Metropolitano\" \/>\n<meta property=\"article:published_time\" content=\"2020-02-28T19:38:37+00:00\" \/>\n<meta property=\"article:modified_time\" content=\"2020-02-28T19:38:38+00:00\" \/>\n<meta property=\"og:image\" content=\"https:\/\/expressometro.mx\/wp-content\/uploads\/2020\/02\/w2_12598_1.jpg\" \/>\n\t<meta property=\"og:image:width\" content=\"1280\" \/>\n\t<meta property=\"og:image:height\" content=\"960\" \/>\n\t<meta property=\"og:image:type\" content=\"image\/jpeg\" \/>\n<meta name=\"author\" content=\"Expresso Metropolitano\" \/>\n<meta name=\"twitter:label1\" content=\"Escrito por\" \/>\n\t<meta name=\"twitter:data1\" content=\"Expresso Metropolitano\" \/>\n\t<meta name=\"twitter:label2\" content=\"Tiempo de lectura\" \/>\n\t<meta name=\"twitter:data2\" content=\"3 minutos\" \/>\n<script type=\"application\/ld+json\" class=\"yoast-schema-graph\">{\"@context\":\"https:\\\/\\\/schema.org\",\"@graph\":[{\"@type\":\"Article\",\"@id\":\"https:\\\/\\\/expressometro.mx\\\/index.php\\\/2020\\\/02\\\/28\\\/abre-pabellon-edomex-sus-puertas-a-ieem-y-uaem-para-la-presentacion-de-sus-obras-en-la-feria-internacional-del-libro\\\/#article\",\"isPartOf\":{\"@id\":\"https:\\\/\\\/expressometro.mx\\\/index.php\\\/2020\\\/02\\\/28\\\/abre-pabellon-edomex-sus-puertas-a-ieem-y-uaem-para-la-presentacion-de-sus-obras-en-la-feria-internacional-del-libro\\\/\"},\"author\":{\"name\":\"Expresso Metropolitano\",\"@id\":\"https:\\\/\\\/expressometro.mx\\\/#\\\/schema\\\/person\\\/efa971b4a0664db8ed5c22b1b0dd2f5d\"},\"headline\":\"ABRE PABELL\u00d3N EDOM\u00c9X SUS PUERTAS A IEEM Y UAEM PARA LA PRESENTACI\u00d3N DE SUS OBRAS EN LA FERIA INTERNACIONAL DEL LIBRO\",\"datePublished\":\"2020-02-28T19:38:37+00:00\",\"dateModified\":\"2020-02-28T19:38:38+00:00\",\"mainEntityOfPage\":{\"@id\":\"https:\\\/\\\/expressometro.mx\\\/index.php\\\/2020\\\/02\\\/28\\\/abre-pabellon-edomex-sus-puertas-a-ieem-y-uaem-para-la-presentacion-de-sus-obras-en-la-feria-internacional-del-libro\\\/\"},\"wordCount\":584,\"commentCount\":0,\"publisher\":{\"@id\":\"https:\\\/\\\/expressometro.mx\\\/#organization\"},\"image\":{\"@id\":\"https:\\\/\\\/expressometro.mx\\\/index.php\\\/2020\\\/02\\\/28\\\/abre-pabellon-edomex-sus-puertas-a-ieem-y-uaem-para-la-presentacion-de-sus-obras-en-la-feria-internacional-del-libro\\\/#primaryimage\"},\"thumbnailUrl\":\"https:\\\/\\\/expressometro.mx\\\/wp-content\\\/uploads\\\/2020\\\/02\\\/w2_12598_1.jpg\",\"articleSection\":[\"Cultura\",\"Gobierno\"],\"inLanguage\":\"es\",\"potentialAction\":[{\"@type\":\"CommentAction\",\"name\":\"Comment\",\"target\":[\"https:\\\/\\\/expressometro.mx\\\/index.php\\\/2020\\\/02\\\/28\\\/abre-pabellon-edomex-sus-puertas-a-ieem-y-uaem-para-la-presentacion-de-sus-obras-en-la-feria-internacional-del-libro\\\/#respond\"]}]},{\"@type\":\"WebPage\",\"@id\":\"https:\\\/\\\/expressometro.mx\\\/index.php\\\/2020\\\/02\\\/28\\\/abre-pabellon-edomex-sus-puertas-a-ieem-y-uaem-para-la-presentacion-de-sus-obras-en-la-feria-internacional-del-libro\\\/\",\"url\":\"https:\\\/\\\/expressometro.mx\\\/index.php\\\/2020\\\/02\\\/28\\\/abre-pabellon-edomex-sus-puertas-a-ieem-y-uaem-para-la-presentacion-de-sus-obras-en-la-feria-internacional-del-libro\\\/\",\"name\":\"ABRE PABELL\u00d3N EDOM\u00c9X SUS PUERTAS A IEEM Y UAEM PARA LA PRESENTACI\u00d3N DE SUS OBRAS EN LA FERIA INTERNACIONAL DEL LIBRO - Expresso Metropolitano\",\"isPartOf\":{\"@id\":\"https:\\\/\\\/expressometro.mx\\\/#website\"},\"primaryImageOfPage\":{\"@id\":\"https:\\\/\\\/expressometro.mx\\\/index.php\\\/2020\\\/02\\\/28\\\/abre-pabellon-edomex-sus-puertas-a-ieem-y-uaem-para-la-presentacion-de-sus-obras-en-la-feria-internacional-del-libro\\\/#primaryimage\"},\"image\":{\"@id\":\"https:\\\/\\\/expressometro.mx\\\/index.php\\\/2020\\\/02\\\/28\\\/abre-pabellon-edomex-sus-puertas-a-ieem-y-uaem-para-la-presentacion-de-sus-obras-en-la-feria-internacional-del-libro\\\/#primaryimage\"},\"thumbnailUrl\":\"https:\\\/\\\/expressometro.mx\\\/wp-content\\\/uploads\\\/2020\\\/02\\\/w2_12598_1.jpg\",\"datePublished\":\"2020-02-28T19:38:37+00:00\",\"dateModified\":\"2020-02-28T19:38:38+00:00\",\"breadcrumb\":{\"@id\":\"https:\\\/\\\/expressometro.mx\\\/index.php\\\/2020\\\/02\\\/28\\\/abre-pabellon-edomex-sus-puertas-a-ieem-y-uaem-para-la-presentacion-de-sus-obras-en-la-feria-internacional-del-libro\\\/#breadcrumb\"},\"inLanguage\":\"es\",\"potentialAction\":[{\"@type\":\"ReadAction\",\"target\":[\"https:\\\/\\\/expressometro.mx\\\/index.php\\\/2020\\\/02\\\/28\\\/abre-pabellon-edomex-sus-puertas-a-ieem-y-uaem-para-la-presentacion-de-sus-obras-en-la-feria-internacional-del-libro\\\/\"]}]},{\"@type\":\"ImageObject\",\"inLanguage\":\"es\",\"@id\":\"https:\\\/\\\/expressometro.mx\\\/index.php\\\/2020\\\/02\\\/28\\\/abre-pabellon-edomex-sus-puertas-a-ieem-y-uaem-para-la-presentacion-de-sus-obras-en-la-feria-internacional-del-libro\\\/#primaryimage\",\"url\":\"https:\\\/\\\/expressometro.mx\\\/wp-content\\\/uploads\\\/2020\\\/02\\\/w2_12598_1.jpg\",\"contentUrl\":\"https:\\\/\\\/expressometro.mx\\\/wp-content\\\/uploads\\\/2020\\\/02\\\/w2_12598_1.jpg\",\"width\":1280,\"height\":960},{\"@type\":\"BreadcrumbList\",\"@id\":\"https:\\\/\\\/expressometro.mx\\\/index.php\\\/2020\\\/02\\\/28\\\/abre-pabellon-edomex-sus-puertas-a-ieem-y-uaem-para-la-presentacion-de-sus-obras-en-la-feria-internacional-del-libro\\\/#breadcrumb\",\"itemListElement\":[{\"@type\":\"ListItem\",\"position\":1,\"name\":\"Inicio\",\"item\":\"https:\\\/\\\/expressometro.mx\\\/\"},{\"@type\":\"ListItem\",\"position\":2,\"name\":\"ABRE PABELL\u00d3N EDOM\u00c9X SUS PUERTAS A IEEM Y UAEM PARA LA PRESENTACI\u00d3N DE SUS OBRAS EN LA FERIA INTERNACIONAL DEL LIBRO\"}]},{\"@type\":\"WebSite\",\"@id\":\"https:\\\/\\\/expressometro.mx\\\/#website\",\"url\":\"https:\\\/\\\/expressometro.mx\\\/\",\"name\":\"Expresso Metropolitano\",\"description\":\"Periodismo comprometido, informaci\u00f3n, investigaci\u00f3n y an\u00e1lisis\",\"publisher\":{\"@id\":\"https:\\\/\\\/expressometro.mx\\\/#organization\"},\"potentialAction\":[{\"@type\":\"SearchAction\",\"target\":{\"@type\":\"EntryPoint\",\"urlTemplate\":\"https:\\\/\\\/expressometro.mx\\\/?s={search_term_string}\"},\"query-input\":{\"@type\":\"PropertyValueSpecification\",\"valueRequired\":true,\"valueName\":\"search_term_string\"}}],\"inLanguage\":\"es\"},{\"@type\":\"Organization\",\"@id\":\"https:\\\/\\\/expressometro.mx\\\/#organization\",\"name\":\"Expresso Metropolitano\",\"url\":\"https:\\\/\\\/expressometro.mx\\\/\",\"logo\":{\"@type\":\"ImageObject\",\"inLanguage\":\"es\",\"@id\":\"https:\\\/\\\/expressometro.mx\\\/#\\\/schema\\\/logo\\\/image\\\/\",\"url\":\"https:\\\/\\\/expressometro.mx\\\/wp-content\\\/uploads\\\/2019\\\/07\\\/cropped-Logo-Expresso-Metropolitano-1-1.jpeg\",\"contentUrl\":\"https:\\\/\\\/expressometro.mx\\\/wp-content\\\/uploads\\\/2019\\\/07\\\/cropped-Logo-Expresso-Metropolitano-1-1.jpeg\",\"width\":290,\"height\":73,\"caption\":\"Expresso Metropolitano\"},\"image\":{\"@id\":\"https:\\\/\\\/expressometro.mx\\\/#\\\/schema\\\/logo\\\/image\\\/\"}},{\"@type\":\"Person\",\"@id\":\"https:\\\/\\\/expressometro.mx\\\/#\\\/schema\\\/person\\\/efa971b4a0664db8ed5c22b1b0dd2f5d\",\"name\":\"Expresso Metropolitano\",\"image\":{\"@type\":\"ImageObject\",\"inLanguage\":\"es\",\"@id\":\"https:\\\/\\\/secure.gravatar.com\\\/avatar\\\/a89f802b8de18c6952f223c88d3d106e9e3679839f4e25a02f4a6cc2ae6ba3b3?s=96&d=mm&r=g\",\"url\":\"https:\\\/\\\/secure.gravatar.com\\\/avatar\\\/a89f802b8de18c6952f223c88d3d106e9e3679839f4e25a02f4a6cc2ae6ba3b3?s=96&d=mm&r=g\",\"contentUrl\":\"https:\\\/\\\/secure.gravatar.com\\\/avatar\\\/a89f802b8de18c6952f223c88d3d106e9e3679839f4e25a02f4a6cc2ae6ba3b3?s=96&d=mm&r=g\",\"caption\":\"Expresso Metropolitano\"},\"url\":\"https:\\\/\\\/expressometro.mx\\\/index.php\\\/author\\\/diego\\\/\"}]}<\/script>\n<!-- \/ Yoast SEO plugin. -->","yoast_head_json":{"title":"ABRE PABELL\u00d3N EDOM\u00c9X SUS PUERTAS A IEEM Y UAEM PARA LA PRESENTACI\u00d3N DE SUS OBRAS EN LA FERIA INTERNACIONAL DEL LIBRO - Expresso Metropolitano","robots":{"index":"index","follow":"follow","max-snippet":"max-snippet:-1","max-image-preview":"max-image-preview:large","max-video-preview":"max-video-preview:-1"},"canonical":"https:\/\/expressometro.mx\/index.php\/2020\/02\/28\/abre-pabellon-edomex-sus-puertas-a-ieem-y-uaem-para-la-presentacion-de-sus-obras-en-la-feria-internacional-del-libro\/","og_locale":"es_MX","og_type":"article","og_title":"ABRE PABELL\u00d3N EDOM\u00c9X SUS PUERTAS A IEEM Y UAEM PARA LA PRESENTACI\u00d3N DE SUS OBRAS EN LA FERIA INTERNACIONAL DEL LIBRO - Expresso Metropolitano","og_description":"El Gobierno del Estado de M\u00e9xico, a trav\u00e9s de la Secretar\u00eda de Cultura y el Consejo Editorial de la Administraci\u00f3n P\u00fablica Estatal (CEAPE), contin\u00faa su participaci\u00f3n con las actividades literarias que se llevan a cabo en el marco de la 41 Feria Internacional del Libro del Palacio de Miner\u00eda. En esta ocasi\u00f3n, el Pabell\u00f3n Edom\u00e9x abri\u00f3 sus puertas al Instituto Electoral del Estado de M\u00e9xico (IEEM) y a la Universidad Aut\u00f3noma del Estado de M\u00e9xico (UAEM), para que presentaran algunos de sus textos. El IEEM lleg\u00f3 con \u201cEstudio sobre la&hellip;","og_url":"https:\/\/expressometro.mx\/index.php\/2020\/02\/28\/abre-pabellon-edomex-sus-puertas-a-ieem-y-uaem-para-la-presentacion-de-sus-obras-en-la-feria-internacional-del-libro\/","og_site_name":"Expresso Metropolitano","article_published_time":"2020-02-28T19:38:37+00:00","article_modified_time":"2020-02-28T19:38:38+00:00","og_image":[{"width":1280,"height":960,"url":"https:\/\/expressometro.mx\/wp-content\/uploads\/2020\/02\/w2_12598_1.jpg","type":"image\/jpeg"}],"author":"Expresso Metropolitano","twitter_misc":{"Escrito por":"Expresso Metropolitano","Tiempo de lectura":"3 minutos"},"schema":{"@context":"https:\/\/schema.org","@graph":[{"@type":"Article","@id":"https:\/\/expressometro.mx\/index.php\/2020\/02\/28\/abre-pabellon-edomex-sus-puertas-a-ieem-y-uaem-para-la-presentacion-de-sus-obras-en-la-feria-internacional-del-libro\/#article","isPartOf":{"@id":"https:\/\/expressometro.mx\/index.php\/2020\/02\/28\/abre-pabellon-edomex-sus-puertas-a-ieem-y-uaem-para-la-presentacion-de-sus-obras-en-la-feria-internacional-del-libro\/"},"author":{"name":"Expresso Metropolitano","@id":"https:\/\/expressometro.mx\/#\/schema\/person\/efa971b4a0664db8ed5c22b1b0dd2f5d"},"headline":"ABRE PABELL\u00d3N EDOM\u00c9X SUS PUERTAS A IEEM Y UAEM PARA LA PRESENTACI\u00d3N DE SUS OBRAS EN LA FERIA INTERNACIONAL DEL LIBRO","datePublished":"2020-02-28T19:38:37+00:00","dateModified":"2020-02-28T19:38:38+00:00","mainEntityOfPage":{"@id":"https:\/\/expressometro.mx\/index.php\/2020\/02\/28\/abre-pabellon-edomex-sus-puertas-a-ieem-y-uaem-para-la-presentacion-de-sus-obras-en-la-feria-internacional-del-libro\/"},"wordCount":584,"commentCount":0,"publisher":{"@id":"https:\/\/expressometro.mx\/#organization"},"image":{"@id":"https:\/\/expressometro.mx\/index.php\/2020\/02\/28\/abre-pabellon-edomex-sus-puertas-a-ieem-y-uaem-para-la-presentacion-de-sus-obras-en-la-feria-internacional-del-libro\/#primaryimage"},"thumbnailUrl":"https:\/\/expressometro.mx\/wp-content\/uploads\/2020\/02\/w2_12598_1.jpg","articleSection":["Cultura","Gobierno"],"inLanguage":"es","potentialAction":[{"@type":"CommentAction","name":"Comment","target":["https:\/\/expressometro.mx\/index.php\/2020\/02\/28\/abre-pabellon-edomex-sus-puertas-a-ieem-y-uaem-para-la-presentacion-de-sus-obras-en-la-feria-internacional-del-libro\/#respond"]}]},{"@type":"WebPage","@id":"https:\/\/expressometro.mx\/index.php\/2020\/02\/28\/abre-pabellon-edomex-sus-puertas-a-ieem-y-uaem-para-la-presentacion-de-sus-obras-en-la-feria-internacional-del-libro\/","url":"https:\/\/expressometro.mx\/index.php\/2020\/02\/28\/abre-pabellon-edomex-sus-puertas-a-ieem-y-uaem-para-la-presentacion-de-sus-obras-en-la-feria-internacional-del-libro\/","name":"ABRE PABELL\u00d3N EDOM\u00c9X SUS PUERTAS A IEEM Y UAEM PARA LA PRESENTACI\u00d3N DE SUS OBRAS EN LA FERIA INTERNACIONAL DEL LIBRO - Expresso Metropolitano","isPartOf":{"@id":"https:\/\/expressometro.mx\/#website"},"primaryImageOfPage":{"@id":"https:\/\/expressometro.mx\/index.php\/2020\/02\/28\/abre-pabellon-edomex-sus-puertas-a-ieem-y-uaem-para-la-presentacion-de-sus-obras-en-la-feria-internacional-del-libro\/#primaryimage"},"image":{"@id":"https:\/\/expressometro.mx\/index.php\/2020\/02\/28\/abre-pabellon-edomex-sus-puertas-a-ieem-y-uaem-para-la-presentacion-de-sus-obras-en-la-feria-internacional-del-libro\/#primaryimage"},"thumbnailUrl":"https:\/\/expressometro.mx\/wp-content\/uploads\/2020\/02\/w2_12598_1.jpg","datePublished":"2020-02-28T19:38:37+00:00","dateModified":"2020-02-28T19:38:38+00:00","breadcrumb":{"@id":"https:\/\/expressometro.mx\/index.php\/2020\/02\/28\/abre-pabellon-edomex-sus-puertas-a-ieem-y-uaem-para-la-presentacion-de-sus-obras-en-la-feria-internacional-del-libro\/#breadcrumb"},"inLanguage":"es","potentialAction":[{"@type":"ReadAction","target":["https:\/\/expressometro.mx\/index.php\/2020\/02\/28\/abre-pabellon-edomex-sus-puertas-a-ieem-y-uaem-para-la-presentacion-de-sus-obras-en-la-feria-internacional-del-libro\/"]}]},{"@type":"ImageObject","inLanguage":"es","@id":"https:\/\/expressometro.mx\/index.php\/2020\/02\/28\/abre-pabellon-edomex-sus-puertas-a-ieem-y-uaem-para-la-presentacion-de-sus-obras-en-la-feria-internacional-del-libro\/#primaryimage","url":"https:\/\/expressometro.mx\/wp-content\/uploads\/2020\/02\/w2_12598_1.jpg","contentUrl":"https:\/\/expressometro.mx\/wp-content\/uploads\/2020\/02\/w2_12598_1.jpg","width":1280,"height":960},{"@type":"BreadcrumbList","@id":"https:\/\/expressometro.mx\/index.php\/2020\/02\/28\/abre-pabellon-edomex-sus-puertas-a-ieem-y-uaem-para-la-presentacion-de-sus-obras-en-la-feria-internacional-del-libro\/#breadcrumb","itemListElement":[{"@type":"ListItem","position":1,"name":"Inicio","item":"https:\/\/expressometro.mx\/"},{"@type":"ListItem","position":2,"name":"ABRE PABELL\u00d3N EDOM\u00c9X SUS PUERTAS A IEEM Y UAEM PARA LA PRESENTACI\u00d3N DE SUS OBRAS EN LA FERIA INTERNACIONAL DEL LIBRO"}]},{"@type":"WebSite","@id":"https:\/\/expressometro.mx\/#website","url":"https:\/\/expressometro.mx\/","name":"Expresso Metropolitano","description":"Periodismo comprometido, informaci\u00f3n, investigaci\u00f3n y an\u00e1lisis","publisher":{"@id":"https:\/\/expressometro.mx\/#organization"},"potentialAction":[{"@type":"SearchAction","target":{"@type":"EntryPoint","urlTemplate":"https:\/\/expressometro.mx\/?s={search_term_string}"},"query-input":{"@type":"PropertyValueSpecification","valueRequired":true,"valueName":"search_term_string"}}],"inLanguage":"es"},{"@type":"Organization","@id":"https:\/\/expressometro.mx\/#organization","name":"Expresso Metropolitano","url":"https:\/\/expressometro.mx\/","logo":{"@type":"ImageObject","inLanguage":"es","@id":"https:\/\/expressometro.mx\/#\/schema\/logo\/image\/","url":"https:\/\/expressometro.mx\/wp-content\/uploads\/2019\/07\/cropped-Logo-Expresso-Metropolitano-1-1.jpeg","contentUrl":"https:\/\/expressometro.mx\/wp-content\/uploads\/2019\/07\/cropped-Logo-Expresso-Metropolitano-1-1.jpeg","width":290,"height":73,"caption":"Expresso Metropolitano"},"image":{"@id":"https:\/\/expressometro.mx\/#\/schema\/logo\/image\/"}},{"@type":"Person","@id":"https:\/\/expressometro.mx\/#\/schema\/person\/efa971b4a0664db8ed5c22b1b0dd2f5d","name":"Expresso Metropolitano","image":{"@type":"ImageObject","inLanguage":"es","@id":"https:\/\/secure.gravatar.com\/avatar\/a89f802b8de18c6952f223c88d3d106e9e3679839f4e25a02f4a6cc2ae6ba3b3?s=96&d=mm&r=g","url":"https:\/\/secure.gravatar.com\/avatar\/a89f802b8de18c6952f223c88d3d106e9e3679839f4e25a02f4a6cc2ae6ba3b3?s=96&d=mm&r=g","contentUrl":"https:\/\/secure.gravatar.com\/avatar\/a89f802b8de18c6952f223c88d3d106e9e3679839f4e25a02f4a6cc2ae6ba3b3?s=96&d=mm&r=g","caption":"Expresso Metropolitano"},"url":"https:\/\/expressometro.mx\/index.php\/author\/diego\/"}]}},"amp_enabled":true,"_links":{"self":[{"href":"https:\/\/expressometro.mx\/index.php\/wp-json\/wp\/v2\/posts\/1284","targetHints":{"allow":["GET"]}}],"collection":[{"href":"https:\/\/expressometro.mx\/index.php\/wp-json\/wp\/v2\/posts"}],"about":[{"href":"https:\/\/expressometro.mx\/index.php\/wp-json\/wp\/v2\/types\/post"}],"author":[{"embeddable":true,"href":"https:\/\/expressometro.mx\/index.php\/wp-json\/wp\/v2\/users\/1"}],"replies":[{"embeddable":true,"href":"https:\/\/expressometro.mx\/index.php\/wp-json\/wp\/v2\/comments?post=1284"}],"version-history":[{"count":1,"href":"https:\/\/expressometro.mx\/index.php\/wp-json\/wp\/v2\/posts\/1284\/revisions"}],"predecessor-version":[{"id":1286,"href":"https:\/\/expressometro.mx\/index.php\/wp-json\/wp\/v2\/posts\/1284\/revisions\/1286"}],"wp:featuredmedia":[{"embeddable":true,"href":"https:\/\/expressometro.mx\/index.php\/wp-json\/wp\/v2\/media\/1285"}],"wp:attachment":[{"href":"https:\/\/expressometro.mx\/index.php\/wp-json\/wp\/v2\/media?parent=1284"}],"wp:term":[{"taxonomy":"category","embeddable":true,"href":"https:\/\/expressometro.mx\/index.php\/wp-json\/wp\/v2\/categories?post=1284"},{"taxonomy":"post_tag","embeddable":true,"href":"https:\/\/expressometro.mx\/index.php\/wp-json\/wp\/v2\/tags?post=1284"}],"curies":[{"name":"wp","href":"https:\/\/api.w.org\/{rel}","templated":true}]}}