{"id":1281,"date":"2020-02-28T13:37:17","date_gmt":"2020-02-28T19:37:17","guid":{"rendered":"http:\/\/expressometro.mx\/?p=1281"},"modified":"2020-02-28T13:37:18","modified_gmt":"2020-02-28T19:37:18","slug":"apoya-gem-en-censo-de-poblacion-y-vivienda-del-inegi-2020","status":"publish","type":"post","link":"https:\/\/expressometro.mx\/index.php\/2020\/02\/28\/apoya-gem-en-censo-de-poblacion-y-vivienda-del-inegi-2020\/","title":{"rendered":"APOYA GEM EN CENSO DE POBLACI\u00d3N Y VIVIENDA DEL INEGI 2020"},"content":{"rendered":"\n<p>El Gobierno del Estado de M\u00e9xico, a trav\u00e9s de la Secretar\u00eda de Finanzas, inform\u00f3 que el Estado de M\u00e9xico trabaja de manera coordinada con el Instituto Nacional de Estad\u00edstica y Geograf\u00eda (INEGI) para apoyar en la realizaci\u00f3n del Censo de Poblaci\u00f3n y Vivienda 2020.<\/p>\n\n\n\n<p>Para que el INEGI lleve a cabo este Censo en la entidad mexiquense, participar\u00e1n 24 mil colaboradores y se instalar\u00e1n m\u00e1s de mil oficinas, con el objetivo de obtener la informaci\u00f3n de las caracter\u00edsticas socioecon\u00f3micas, culturales y demogr\u00e1ficas de la poblaci\u00f3n.<\/p>\n\n\n\n<p>El Censo 2020 que realiza el INEGI es importante para el Estado de M\u00e9xico porque permite al Gobierno obtener datos reales y certeros para llevar a cabo programas y acciones precisas en beneficio de la poblaci\u00f3n mexiquense.<\/p>\n\n\n\n<p>La Secretar\u00eda de Finanzas explic\u00f3 que el levantamiento censal 2020 es distinto al de otros a\u00f1os porque, por primera ocasi\u00f3n, se cre\u00f3 un Comit\u00e9 Estatal de Apoyo al Censo en el que participan activamente el Estado y los municipios, a trav\u00e9s de comit\u00e9s.<\/p>\n\n\n\n<p>Durante la Segunda Sesi\u00f3n Ordinaria de este Comit\u00e9 Estatal, el INEGI inform\u00f3 los avances para iniciar los trabajos del Censo, pues ya cuentan con los insumos y la infraestructura en el Estado de M\u00e9xico para llevar a cabo el Censo.<\/p>\n\n\n\n<p>Adem\u00e1s, la Secretar\u00eda de Finanzas enfatiz\u00f3 en recordar a los ciudadanos los mecanismos de seguridad que se establecieron para garantizar la identidad de los encuestadores.<\/p>\n\n\n\n<p>Ser\u00e1 del pr\u00f3ximo 2 al 27 de marzo cuando los entrevistadores del INEGI efectuar\u00e1n el levantamiento del Censo y har\u00e1n visitas a los hogares.<\/p>\n\n\n\n<p>La captura de la informaci\u00f3n ser\u00e1 de forma electr\u00f3nica y los encuestadores portar\u00e1n chaleco, mochila, sombrero y credencial con holograma, asimismo la sociedad tendr\u00e1 la posibilidad de verificar su identidad en el portal censo2020.mx o al tel\u00e9fono 800-111-4634.<\/p>\n\n\n\n<p>A\u00f1adi\u00f3 que el Gobierno del Estado de M\u00e9xico tiene plena disposici\u00f3n para apoyar al INEGI en este esfuerzo, a trav\u00e9s de instituciones s\u00f3lidas como el Instituto de Informaci\u00f3n e Investigaci\u00f3n Geogr\u00e1fica, Estad\u00edstica y Catastral del Estado de M\u00e9xico (IGECEM), quien en esta ocasi\u00f3n participa como enlace entre el Gobierno mexiquense y el INEGI para llevar a cabo las actividades del levantamiento de la informaci\u00f3n en nuestra entidad, coordinando las acciones para realizar el Censo.<\/p>\n\n\n\n<p>Explic\u00f3 que pr\u00e1cticamente todas las dependencias del Gobierno estatal han colaborado para realizar trabajos de difusi\u00f3n y han brindado espacios para el trabajo de los Comit\u00e9s y capacitaci\u00f3n, entre otras acciones.<\/p>\n\n\n\n<p>La Secretar\u00eda de Finanzas invita a la sociedad a sumarse a este Censo, una herramienta del INEGI que ser\u00e1 de gran ayuda para que el Gobierno estatal pueda tomar decisiones basadas en la evidencia, ya que la informaci\u00f3n estad\u00edstica permitir\u00e1 evaluar mejor las pol\u00edticas p\u00fablicas.<\/p>\n","protected":false},"excerpt":{"rendered":"<p>El Gobierno del Estado de M\u00e9xico, a trav\u00e9s de la Secretar\u00eda de Finanzas, inform\u00f3 que el Estado de M\u00e9xico trabaja de manera coordinada con el Instituto Nacional de Estad\u00edstica y Geograf\u00eda (INEGI) para apoyar en la realizaci\u00f3n del Censo de Poblaci\u00f3n y Vivienda 2020. Para que el INEGI lleve a cabo este Censo en la entidad mexiquense, participar\u00e1n 24 mil colaboradores y se instalar\u00e1n m\u00e1s de mil oficinas, con el objetivo de obtener la informaci\u00f3n de las caracter\u00edsticas socioecon\u00f3micas, culturales y demogr\u00e1ficas de la poblaci\u00f3n. El Censo 2020 que realiza&hellip;<\/p>\n","protected":false},"author":1,"featured_media":1282,"comment_status":"open","ping_status":"open","sticky":false,"template":"","format":"standard","meta":{"footnotes":""},"categories":[3],"tags":[],"class_list":["post-1281","post","type-post","status-publish","format-standard","has-post-thumbnail","hentry","category-gobierno"],"yoast_head":"<!-- This site is optimized with the Yoast SEO plugin v27.5 - https:\/\/yoast.com\/product\/yoast-seo-wordpress\/ -->\n<title>APOYA GEM EN CENSO DE POBLACI\u00d3N Y VIVIENDA DEL INEGI 2020 - Expresso Metropolitano<\/title>\n<meta name=\"robots\" content=\"index, follow, max-snippet:-1, max-image-preview:large, max-video-preview:-1\" \/>\n<link rel=\"canonical\" href=\"https:\/\/expressometro.mx\/index.php\/2020\/02\/28\/apoya-gem-en-censo-de-poblacion-y-vivienda-del-inegi-2020\/\" \/>\n<meta property=\"og:locale\" content=\"es_MX\" \/>\n<meta property=\"og:type\" content=\"article\" \/>\n<meta property=\"og:title\" content=\"APOYA GEM EN CENSO DE POBLACI\u00d3N Y VIVIENDA DEL INEGI 2020 - Expresso Metropolitano\" \/>\n<meta property=\"og:description\" content=\"El Gobierno del Estado de M\u00e9xico, a trav\u00e9s de la Secretar\u00eda de Finanzas, inform\u00f3 que el Estado de M\u00e9xico trabaja de manera coordinada con el Instituto Nacional de Estad\u00edstica y Geograf\u00eda (INEGI) para apoyar en la realizaci\u00f3n del Censo de Poblaci\u00f3n y Vivienda 2020. Para que el INEGI lleve a cabo este Censo en la entidad mexiquense, participar\u00e1n 24 mil colaboradores y se instalar\u00e1n m\u00e1s de mil oficinas, con el objetivo de obtener la informaci\u00f3n de las caracter\u00edsticas socioecon\u00f3micas, culturales y demogr\u00e1ficas de la poblaci\u00f3n. El Censo 2020 que realiza&hellip;\" \/>\n<meta property=\"og:url\" content=\"https:\/\/expressometro.mx\/index.php\/2020\/02\/28\/apoya-gem-en-censo-de-poblacion-y-vivienda-del-inegi-2020\/\" \/>\n<meta property=\"og:site_name\" content=\"Expresso Metropolitano\" \/>\n<meta property=\"article:published_time\" content=\"2020-02-28T19:37:17+00:00\" \/>\n<meta property=\"article:modified_time\" content=\"2020-02-28T19:37:18+00:00\" \/>\n<meta property=\"og:image\" content=\"https:\/\/expressometro.mx\/wp-content\/uploads\/2020\/02\/w2_12601_3.jpg\" \/>\n\t<meta property=\"og:image:width\" content=\"5042\" \/>\n\t<meta property=\"og:image:height\" content=\"3362\" \/>\n\t<meta property=\"og:image:type\" content=\"image\/jpeg\" \/>\n<meta name=\"author\" content=\"Expresso Metropolitano\" \/>\n<meta name=\"twitter:label1\" content=\"Escrito por\" \/>\n\t<meta name=\"twitter:data1\" content=\"Expresso Metropolitano\" \/>\n\t<meta name=\"twitter:label2\" content=\"Tiempo de lectura\" \/>\n\t<meta name=\"twitter:data2\" content=\"2 minutos\" \/>\n<script type=\"application\/ld+json\" class=\"yoast-schema-graph\">{\"@context\":\"https:\\\/\\\/schema.org\",\"@graph\":[{\"@type\":\"Article\",\"@id\":\"https:\\\/\\\/expressometro.mx\\\/index.php\\\/2020\\\/02\\\/28\\\/apoya-gem-en-censo-de-poblacion-y-vivienda-del-inegi-2020\\\/#article\",\"isPartOf\":{\"@id\":\"https:\\\/\\\/expressometro.mx\\\/index.php\\\/2020\\\/02\\\/28\\\/apoya-gem-en-censo-de-poblacion-y-vivienda-del-inegi-2020\\\/\"},\"author\":{\"name\":\"Expresso Metropolitano\",\"@id\":\"https:\\\/\\\/expressometro.mx\\\/#\\\/schema\\\/person\\\/efa971b4a0664db8ed5c22b1b0dd2f5d\"},\"headline\":\"APOYA GEM EN CENSO DE POBLACI\u00d3N Y VIVIENDA DEL INEGI 2020\",\"datePublished\":\"2020-02-28T19:37:17+00:00\",\"dateModified\":\"2020-02-28T19:37:18+00:00\",\"mainEntityOfPage\":{\"@id\":\"https:\\\/\\\/expressometro.mx\\\/index.php\\\/2020\\\/02\\\/28\\\/apoya-gem-en-censo-de-poblacion-y-vivienda-del-inegi-2020\\\/\"},\"wordCount\":504,\"commentCount\":0,\"publisher\":{\"@id\":\"https:\\\/\\\/expressometro.mx\\\/#organization\"},\"image\":{\"@id\":\"https:\\\/\\\/expressometro.mx\\\/index.php\\\/2020\\\/02\\\/28\\\/apoya-gem-en-censo-de-poblacion-y-vivienda-del-inegi-2020\\\/#primaryimage\"},\"thumbnailUrl\":\"https:\\\/\\\/expressometro.mx\\\/wp-content\\\/uploads\\\/2020\\\/02\\\/w2_12601_3.jpg\",\"articleSection\":[\"Gobierno\"],\"inLanguage\":\"es\",\"potentialAction\":[{\"@type\":\"CommentAction\",\"name\":\"Comment\",\"target\":[\"https:\\\/\\\/expressometro.mx\\\/index.php\\\/2020\\\/02\\\/28\\\/apoya-gem-en-censo-de-poblacion-y-vivienda-del-inegi-2020\\\/#respond\"]}]},{\"@type\":\"WebPage\",\"@id\":\"https:\\\/\\\/expressometro.mx\\\/index.php\\\/2020\\\/02\\\/28\\\/apoya-gem-en-censo-de-poblacion-y-vivienda-del-inegi-2020\\\/\",\"url\":\"https:\\\/\\\/expressometro.mx\\\/index.php\\\/2020\\\/02\\\/28\\\/apoya-gem-en-censo-de-poblacion-y-vivienda-del-inegi-2020\\\/\",\"name\":\"APOYA GEM EN CENSO DE POBLACI\u00d3N Y VIVIENDA DEL INEGI 2020 - Expresso Metropolitano\",\"isPartOf\":{\"@id\":\"https:\\\/\\\/expressometro.mx\\\/#website\"},\"primaryImageOfPage\":{\"@id\":\"https:\\\/\\\/expressometro.mx\\\/index.php\\\/2020\\\/02\\\/28\\\/apoya-gem-en-censo-de-poblacion-y-vivienda-del-inegi-2020\\\/#primaryimage\"},\"image\":{\"@id\":\"https:\\\/\\\/expressometro.mx\\\/index.php\\\/2020\\\/02\\\/28\\\/apoya-gem-en-censo-de-poblacion-y-vivienda-del-inegi-2020\\\/#primaryimage\"},\"thumbnailUrl\":\"https:\\\/\\\/expressometro.mx\\\/wp-content\\\/uploads\\\/2020\\\/02\\\/w2_12601_3.jpg\",\"datePublished\":\"2020-02-28T19:37:17+00:00\",\"dateModified\":\"2020-02-28T19:37:18+00:00\",\"breadcrumb\":{\"@id\":\"https:\\\/\\\/expressometro.mx\\\/index.php\\\/2020\\\/02\\\/28\\\/apoya-gem-en-censo-de-poblacion-y-vivienda-del-inegi-2020\\\/#breadcrumb\"},\"inLanguage\":\"es\",\"potentialAction\":[{\"@type\":\"ReadAction\",\"target\":[\"https:\\\/\\\/expressometro.mx\\\/index.php\\\/2020\\\/02\\\/28\\\/apoya-gem-en-censo-de-poblacion-y-vivienda-del-inegi-2020\\\/\"]}]},{\"@type\":\"ImageObject\",\"inLanguage\":\"es\",\"@id\":\"https:\\\/\\\/expressometro.mx\\\/index.php\\\/2020\\\/02\\\/28\\\/apoya-gem-en-censo-de-poblacion-y-vivienda-del-inegi-2020\\\/#primaryimage\",\"url\":\"https:\\\/\\\/expressometro.mx\\\/wp-content\\\/uploads\\\/2020\\\/02\\\/w2_12601_3.jpg\",\"contentUrl\":\"https:\\\/\\\/expressometro.mx\\\/wp-content\\\/uploads\\\/2020\\\/02\\\/w2_12601_3.jpg\",\"width\":5042,\"height\":3362},{\"@type\":\"BreadcrumbList\",\"@id\":\"https:\\\/\\\/expressometro.mx\\\/index.php\\\/2020\\\/02\\\/28\\\/apoya-gem-en-censo-de-poblacion-y-vivienda-del-inegi-2020\\\/#breadcrumb\",\"itemListElement\":[{\"@type\":\"ListItem\",\"position\":1,\"name\":\"Inicio\",\"item\":\"https:\\\/\\\/expressometro.mx\\\/\"},{\"@type\":\"ListItem\",\"position\":2,\"name\":\"APOYA GEM EN CENSO DE POBLACI\u00d3N Y VIVIENDA DEL INEGI 2020\"}]},{\"@type\":\"WebSite\",\"@id\":\"https:\\\/\\\/expressometro.mx\\\/#website\",\"url\":\"https:\\\/\\\/expressometro.mx\\\/\",\"name\":\"Expresso Metropolitano\",\"description\":\"Periodismo comprometido, informaci\u00f3n, investigaci\u00f3n y an\u00e1lisis\",\"publisher\":{\"@id\":\"https:\\\/\\\/expressometro.mx\\\/#organization\"},\"potentialAction\":[{\"@type\":\"SearchAction\",\"target\":{\"@type\":\"EntryPoint\",\"urlTemplate\":\"https:\\\/\\\/expressometro.mx\\\/?s={search_term_string}\"},\"query-input\":{\"@type\":\"PropertyValueSpecification\",\"valueRequired\":true,\"valueName\":\"search_term_string\"}}],\"inLanguage\":\"es\"},{\"@type\":\"Organization\",\"@id\":\"https:\\\/\\\/expressometro.mx\\\/#organization\",\"name\":\"Expresso Metropolitano\",\"url\":\"https:\\\/\\\/expressometro.mx\\\/\",\"logo\":{\"@type\":\"ImageObject\",\"inLanguage\":\"es\",\"@id\":\"https:\\\/\\\/expressometro.mx\\\/#\\\/schema\\\/logo\\\/image\\\/\",\"url\":\"https:\\\/\\\/expressometro.mx\\\/wp-content\\\/uploads\\\/2019\\\/07\\\/cropped-Logo-Expresso-Metropolitano-1-1.jpeg\",\"contentUrl\":\"https:\\\/\\\/expressometro.mx\\\/wp-content\\\/uploads\\\/2019\\\/07\\\/cropped-Logo-Expresso-Metropolitano-1-1.jpeg\",\"width\":290,\"height\":73,\"caption\":\"Expresso Metropolitano\"},\"image\":{\"@id\":\"https:\\\/\\\/expressometro.mx\\\/#\\\/schema\\\/logo\\\/image\\\/\"}},{\"@type\":\"Person\",\"@id\":\"https:\\\/\\\/expressometro.mx\\\/#\\\/schema\\\/person\\\/efa971b4a0664db8ed5c22b1b0dd2f5d\",\"name\":\"Expresso Metropolitano\",\"image\":{\"@type\":\"ImageObject\",\"inLanguage\":\"es\",\"@id\":\"https:\\\/\\\/secure.gravatar.com\\\/avatar\\\/a89f802b8de18c6952f223c88d3d106e9e3679839f4e25a02f4a6cc2ae6ba3b3?s=96&d=mm&r=g\",\"url\":\"https:\\\/\\\/secure.gravatar.com\\\/avatar\\\/a89f802b8de18c6952f223c88d3d106e9e3679839f4e25a02f4a6cc2ae6ba3b3?s=96&d=mm&r=g\",\"contentUrl\":\"https:\\\/\\\/secure.gravatar.com\\\/avatar\\\/a89f802b8de18c6952f223c88d3d106e9e3679839f4e25a02f4a6cc2ae6ba3b3?s=96&d=mm&r=g\",\"caption\":\"Expresso Metropolitano\"},\"url\":\"https:\\\/\\\/expressometro.mx\\\/index.php\\\/author\\\/diego\\\/\"}]}<\/script>\n<!-- \/ Yoast SEO plugin. -->","yoast_head_json":{"title":"APOYA GEM EN CENSO DE POBLACI\u00d3N Y VIVIENDA DEL INEGI 2020 - Expresso Metropolitano","robots":{"index":"index","follow":"follow","max-snippet":"max-snippet:-1","max-image-preview":"max-image-preview:large","max-video-preview":"max-video-preview:-1"},"canonical":"https:\/\/expressometro.mx\/index.php\/2020\/02\/28\/apoya-gem-en-censo-de-poblacion-y-vivienda-del-inegi-2020\/","og_locale":"es_MX","og_type":"article","og_title":"APOYA GEM EN CENSO DE POBLACI\u00d3N Y VIVIENDA DEL INEGI 2020 - Expresso Metropolitano","og_description":"El Gobierno del Estado de M\u00e9xico, a trav\u00e9s de la Secretar\u00eda de Finanzas, inform\u00f3 que el Estado de M\u00e9xico trabaja de manera coordinada con el Instituto Nacional de Estad\u00edstica y Geograf\u00eda (INEGI) para apoyar en la realizaci\u00f3n del Censo de Poblaci\u00f3n y Vivienda 2020. Para que el INEGI lleve a cabo este Censo en la entidad mexiquense, participar\u00e1n 24 mil colaboradores y se instalar\u00e1n m\u00e1s de mil oficinas, con el objetivo de obtener la informaci\u00f3n de las caracter\u00edsticas socioecon\u00f3micas, culturales y demogr\u00e1ficas de la poblaci\u00f3n. El Censo 2020 que realiza&hellip;","og_url":"https:\/\/expressometro.mx\/index.php\/2020\/02\/28\/apoya-gem-en-censo-de-poblacion-y-vivienda-del-inegi-2020\/","og_site_name":"Expresso Metropolitano","article_published_time":"2020-02-28T19:37:17+00:00","article_modified_time":"2020-02-28T19:37:18+00:00","og_image":[{"width":5042,"height":3362,"url":"https:\/\/expressometro.mx\/wp-content\/uploads\/2020\/02\/w2_12601_3.jpg","type":"image\/jpeg"}],"author":"Expresso Metropolitano","twitter_misc":{"Escrito por":"Expresso Metropolitano","Tiempo de lectura":"2 minutos"},"schema":{"@context":"https:\/\/schema.org","@graph":[{"@type":"Article","@id":"https:\/\/expressometro.mx\/index.php\/2020\/02\/28\/apoya-gem-en-censo-de-poblacion-y-vivienda-del-inegi-2020\/#article","isPartOf":{"@id":"https:\/\/expressometro.mx\/index.php\/2020\/02\/28\/apoya-gem-en-censo-de-poblacion-y-vivienda-del-inegi-2020\/"},"author":{"name":"Expresso Metropolitano","@id":"https:\/\/expressometro.mx\/#\/schema\/person\/efa971b4a0664db8ed5c22b1b0dd2f5d"},"headline":"APOYA GEM EN CENSO DE POBLACI\u00d3N Y VIVIENDA DEL INEGI 2020","datePublished":"2020-02-28T19:37:17+00:00","dateModified":"2020-02-28T19:37:18+00:00","mainEntityOfPage":{"@id":"https:\/\/expressometro.mx\/index.php\/2020\/02\/28\/apoya-gem-en-censo-de-poblacion-y-vivienda-del-inegi-2020\/"},"wordCount":504,"commentCount":0,"publisher":{"@id":"https:\/\/expressometro.mx\/#organization"},"image":{"@id":"https:\/\/expressometro.mx\/index.php\/2020\/02\/28\/apoya-gem-en-censo-de-poblacion-y-vivienda-del-inegi-2020\/#primaryimage"},"thumbnailUrl":"https:\/\/expressometro.mx\/wp-content\/uploads\/2020\/02\/w2_12601_3.jpg","articleSection":["Gobierno"],"inLanguage":"es","potentialAction":[{"@type":"CommentAction","name":"Comment","target":["https:\/\/expressometro.mx\/index.php\/2020\/02\/28\/apoya-gem-en-censo-de-poblacion-y-vivienda-del-inegi-2020\/#respond"]}]},{"@type":"WebPage","@id":"https:\/\/expressometro.mx\/index.php\/2020\/02\/28\/apoya-gem-en-censo-de-poblacion-y-vivienda-del-inegi-2020\/","url":"https:\/\/expressometro.mx\/index.php\/2020\/02\/28\/apoya-gem-en-censo-de-poblacion-y-vivienda-del-inegi-2020\/","name":"APOYA GEM EN CENSO DE POBLACI\u00d3N Y VIVIENDA DEL INEGI 2020 - Expresso Metropolitano","isPartOf":{"@id":"https:\/\/expressometro.mx\/#website"},"primaryImageOfPage":{"@id":"https:\/\/expressometro.mx\/index.php\/2020\/02\/28\/apoya-gem-en-censo-de-poblacion-y-vivienda-del-inegi-2020\/#primaryimage"},"image":{"@id":"https:\/\/expressometro.mx\/index.php\/2020\/02\/28\/apoya-gem-en-censo-de-poblacion-y-vivienda-del-inegi-2020\/#primaryimage"},"thumbnailUrl":"https:\/\/expressometro.mx\/wp-content\/uploads\/2020\/02\/w2_12601_3.jpg","datePublished":"2020-02-28T19:37:17+00:00","dateModified":"2020-02-28T19:37:18+00:00","breadcrumb":{"@id":"https:\/\/expressometro.mx\/index.php\/2020\/02\/28\/apoya-gem-en-censo-de-poblacion-y-vivienda-del-inegi-2020\/#breadcrumb"},"inLanguage":"es","potentialAction":[{"@type":"ReadAction","target":["https:\/\/expressometro.mx\/index.php\/2020\/02\/28\/apoya-gem-en-censo-de-poblacion-y-vivienda-del-inegi-2020\/"]}]},{"@type":"ImageObject","inLanguage":"es","@id":"https:\/\/expressometro.mx\/index.php\/2020\/02\/28\/apoya-gem-en-censo-de-poblacion-y-vivienda-del-inegi-2020\/#primaryimage","url":"https:\/\/expressometro.mx\/wp-content\/uploads\/2020\/02\/w2_12601_3.jpg","contentUrl":"https:\/\/expressometro.mx\/wp-content\/uploads\/2020\/02\/w2_12601_3.jpg","width":5042,"height":3362},{"@type":"BreadcrumbList","@id":"https:\/\/expressometro.mx\/index.php\/2020\/02\/28\/apoya-gem-en-censo-de-poblacion-y-vivienda-del-inegi-2020\/#breadcrumb","itemListElement":[{"@type":"ListItem","position":1,"name":"Inicio","item":"https:\/\/expressometro.mx\/"},{"@type":"ListItem","position":2,"name":"APOYA GEM EN CENSO DE POBLACI\u00d3N Y VIVIENDA DEL INEGI 2020"}]},{"@type":"WebSite","@id":"https:\/\/expressometro.mx\/#website","url":"https:\/\/expressometro.mx\/","name":"Expresso Metropolitano","description":"Periodismo comprometido, informaci\u00f3n, investigaci\u00f3n y an\u00e1lisis","publisher":{"@id":"https:\/\/expressometro.mx\/#organization"},"potentialAction":[{"@type":"SearchAction","target":{"@type":"EntryPoint","urlTemplate":"https:\/\/expressometro.mx\/?s={search_term_string}"},"query-input":{"@type":"PropertyValueSpecification","valueRequired":true,"valueName":"search_term_string"}}],"inLanguage":"es"},{"@type":"Organization","@id":"https:\/\/expressometro.mx\/#organization","name":"Expresso Metropolitano","url":"https:\/\/expressometro.mx\/","logo":{"@type":"ImageObject","inLanguage":"es","@id":"https:\/\/expressometro.mx\/#\/schema\/logo\/image\/","url":"https:\/\/expressometro.mx\/wp-content\/uploads\/2019\/07\/cropped-Logo-Expresso-Metropolitano-1-1.jpeg","contentUrl":"https:\/\/expressometro.mx\/wp-content\/uploads\/2019\/07\/cropped-Logo-Expresso-Metropolitano-1-1.jpeg","width":290,"height":73,"caption":"Expresso Metropolitano"},"image":{"@id":"https:\/\/expressometro.mx\/#\/schema\/logo\/image\/"}},{"@type":"Person","@id":"https:\/\/expressometro.mx\/#\/schema\/person\/efa971b4a0664db8ed5c22b1b0dd2f5d","name":"Expresso Metropolitano","image":{"@type":"ImageObject","inLanguage":"es","@id":"https:\/\/secure.gravatar.com\/avatar\/a89f802b8de18c6952f223c88d3d106e9e3679839f4e25a02f4a6cc2ae6ba3b3?s=96&d=mm&r=g","url":"https:\/\/secure.gravatar.com\/avatar\/a89f802b8de18c6952f223c88d3d106e9e3679839f4e25a02f4a6cc2ae6ba3b3?s=96&d=mm&r=g","contentUrl":"https:\/\/secure.gravatar.com\/avatar\/a89f802b8de18c6952f223c88d3d106e9e3679839f4e25a02f4a6cc2ae6ba3b3?s=96&d=mm&r=g","caption":"Expresso Metropolitano"},"url":"https:\/\/expressometro.mx\/index.php\/author\/diego\/"}]}},"amp_enabled":true,"_links":{"self":[{"href":"https:\/\/expressometro.mx\/index.php\/wp-json\/wp\/v2\/posts\/1281","targetHints":{"allow":["GET"]}}],"collection":[{"href":"https:\/\/expressometro.mx\/index.php\/wp-json\/wp\/v2\/posts"}],"about":[{"href":"https:\/\/expressometro.mx\/index.php\/wp-json\/wp\/v2\/types\/post"}],"author":[{"embeddable":true,"href":"https:\/\/expressometro.mx\/index.php\/wp-json\/wp\/v2\/users\/1"}],"replies":[{"embeddable":true,"href":"https:\/\/expressometro.mx\/index.php\/wp-json\/wp\/v2\/comments?post=1281"}],"version-history":[{"count":1,"href":"https:\/\/expressometro.mx\/index.php\/wp-json\/wp\/v2\/posts\/1281\/revisions"}],"predecessor-version":[{"id":1283,"href":"https:\/\/expressometro.mx\/index.php\/wp-json\/wp\/v2\/posts\/1281\/revisions\/1283"}],"wp:featuredmedia":[{"embeddable":true,"href":"https:\/\/expressometro.mx\/index.php\/wp-json\/wp\/v2\/media\/1282"}],"wp:attachment":[{"href":"https:\/\/expressometro.mx\/index.php\/wp-json\/wp\/v2\/media?parent=1281"}],"wp:term":[{"taxonomy":"category","embeddable":true,"href":"https:\/\/expressometro.mx\/index.php\/wp-json\/wp\/v2\/categories?post=1281"},{"taxonomy":"post_tag","embeddable":true,"href":"https:\/\/expressometro.mx\/index.php\/wp-json\/wp\/v2\/tags?post=1281"}],"curies":[{"name":"wp","href":"https:\/\/api.w.org\/{rel}","templated":true}]}}