{"id":1267,"date":"2020-02-26T13:28:16","date_gmt":"2020-02-26T19:28:16","guid":{"rendered":"http:\/\/expressometro.mx\/?p=1267"},"modified":"2020-02-28T13:29:50","modified_gmt":"2020-02-28T19:29:50","slug":"firma-alfredo-del-mazo-acuerdo-con-el-coneval-para-perfeccionar-las-estrategias-de-combate-a-la-pobreza-en-el-edomex","status":"publish","type":"post","link":"https:\/\/expressometro.mx\/index.php\/2020\/02\/26\/firma-alfredo-del-mazo-acuerdo-con-el-coneval-para-perfeccionar-las-estrategias-de-combate-a-la-pobreza-en-el-edomex\/","title":{"rendered":"FIRMA ALFREDO DEL MAZO ACUERDO CON EL CONEVAL PARA PERFECCIONAR LAS ESTRATEGIAS DE COMBATE A LA POBREZA EN EL EDOM\u00c9X"},"content":{"rendered":"\n<p>El Gobernador Alfredo Del Mazo Maza y el Secretario Ejecutivo del Consejo Nacional de Evaluaci\u00f3n de la Pol\u00edtica de Desarrollo Social (Coneval), Jos\u00e9 Nabor Cruz Marcelo, firmaron un convenio de colaboraci\u00f3n para fortalecer el monitoreo y la evaluaci\u00f3n de la pol\u00edtica social y los programas estatales y municipales, enfocados a combatir la pobreza.<\/p>\n\n\n\n<p>Con este acuerdo, el Gobierno del estado tambi\u00e9n recibir\u00e1 capacitaci\u00f3n y asesor\u00eda especializada por parte del Coneval, a efecto de crear mecanismos de seguimiento de los programas enfocados a reducir las brechas de desigualdad social, y compromete a las autoridades estatales a innovar los sistemas de evaluaci\u00f3n y utilizar los resultados para mejorar las estrategias en esta materia.<\/p>\n\n\n\n<p>&#8220;Firmamos un convenio que formaliza y fortalece la colaboraci\u00f3n que ya existe entre el Gobierno del estado y el Coneval, mediante este convenio crearemos e implementaremos mecanismos conjuntos de seguimiento espec\u00edfico para los programas sociales de la entidad.<\/p>\n\n\n\n<p>&#8220;El convenio nos compromete a innovar en los sistemas de monitoreo y evaluaci\u00f3n, a utilizar sus resultados para perfeccionar estrategias, y en un ejercicio de rendici\u00f3n de cuentas a publicar esta informaci\u00f3n&#8221;, explic\u00f3.<\/p>\n\n\n\n<p>Alfredo Del Mazo acentu\u00f3 que este pacto tambi\u00e9n tiene la finalidad de que expertos del Coneval intensifiquen la asesor\u00eda al Gobierno del estado y capaciten a servidores p\u00fablicos para contar con expertos en esta materia.<\/p>\n\n\n\n<p>Recalc\u00f3 que la pol\u00edtica de desarrollo social implementada desde el inicio de su administraci\u00f3n, tiene el firme prop\u00f3sito de combatir la pobreza, y dijo que ante retos como ser la entidad que m\u00e1s crece en el pa\u00eds, con cerca de 350 mil nuevos habitantes cada a\u00f1o, se implement\u00f3 el programa \u201cFamilias Fuertes\u201d, para ofrecer alternativas de desarrollo a quienes padecen carencias sociales.<\/p>\n\n\n\n<p>Apunt\u00f3 que, con base en esta estrategia, cada integrante de la familia puede ser beneficiario de alg\u00fan apoyo social y as\u00ed aportar al n\u00facleo familiar para su desarrollo y crecimiento.<\/p>\n\n\n\n<p>Asimismo, especific\u00f3 que se depuraron programas sociales, as\u00ed como los padrones de beneficiarios, se concentraron esfuerzos en los programas de mayor impacto y se impuls\u00f3 un programa que apoya a las amas de casa de bajos recursos, que a la fecha ha beneficiado a 240 mil mujeres.<\/p>\n\n\n\n<p>Del Mazo Maza subray\u00f3 que, producto de este trabajo, de acuerdo con mediciones del Coneval, en el periodo 2016-2018, el Gobierno del Estado de M\u00e9xico logr\u00f3 que 683 mil personas dejaran la pobreza extrema.<\/p>\n\n\n\n<p>&#8220;Con este esfuerzo y muchos otros esfuerzos en materia de pol\u00edtica social, de becas, de mejoramiento integral de la vivienda, de fortalecimiento de los sistemas y los servicios de salud que nos ha permitido avanzar de manera importante en este sentido, es que se ha logrado, con datos del Coneval, que el Estado de M\u00e9xico sea el estado que m\u00e1s n\u00famero de personas ha sacado de la pobreza extrema.<\/p>\n\n\n\n<p>\u201cSeg\u00fan los datos de las mediciones correspondientes al periodo 2016-2018, logramos que 683 mil personas dejaran atr\u00e1s la pobreza\u201d, dio a conocer.<\/p>\n\n\n\n<p>A nivel nacional, mencion\u00f3, una de cada tres personas que salieron de la pobreza son mexiquenses, y en dos a\u00f1os mejoraron en cuatro de las seis carencias sociales: acceso a la alimentaci\u00f3n, a la educaci\u00f3n, a servicios p\u00fablicos y en el acceso a la vivienda.<\/p>\n\n\n\n<p>En presencia de representantes de la sociedad civil, acad\u00e9micos, integrantes de la Comisi\u00f3n de Desarrollo y Apoyo Social de la Legislatura estatal e integrantes del Gabinete Especializado de Desarrollo Social, el Gobernador indic\u00f3 que en materia de ingreso, casi un mill\u00f3n 250 mil mexiquenses superaron las l\u00edneas de pobreza por ingreso, lo que significa que cuentan con recursos para atender mensualmente sus necesidades b\u00e1sicas de alimentaci\u00f3n.<\/p>\n\n\n\n<p>En el Centro Cultural Mexiquense, Del Mazo Maza reconoci\u00f3 el trabajo del titular del Coneval, Jos\u00e9 Nabor Cruz, y confi\u00f3 en que a trav\u00e9s de dicho acuerdo, en la entidad se lograr\u00e1n perfeccionar las pol\u00edticas de desarrollo social y ofrecer m\u00e1s alternativas a la poblaci\u00f3n que vive con marcadas carencias econ\u00f3micas.&nbsp;<\/p>\n\n\n\n<p>&#8220;Estoy seguro que con el trabajo de todos, de especialistas, de acad\u00e9micos, de servidores p\u00fablicos estatales, federales, del Congreso del Estado, podremos perfeccionar, mejorar,&nbsp; nuestras pol\u00edticas p\u00fablicas en materia de combate a la pobreza; se han hecho logros importantes, hay que reconocerlo, y tenemos&nbsp; todav\u00eda grandes pendientes, pero en un trabajo coordinado y de la mano del Coneval, estoy seguro que podremos dar esos avances&#8221;, finaliz\u00f3.<\/p>\n\n\n\n<p>Jos\u00e9 Nabor Cruz, Secretario Ejecutivo del Coneval, asegur\u00f3 que a trav\u00e9s del di\u00e1logo y la colaboraci\u00f3n con las entidades federativas del pa\u00eds, es como se conseguir\u00e1 hacer un frente com\u00fan y unir esfuerzos para que el combate de la pobreza tenga exito, y afirm\u00f3 que para el Gobierno de M\u00e9xico es de vital importancia considerar el relevante&nbsp; trabajo que hacen los gobiernos municipales y estatales&nbsp; de la Rep\u00fablica.<\/p>\n\n\n\n<p>Destac\u00f3 que el Censo de Poblaci\u00f3n que se realizar\u00e1 en los pr\u00f3ximos d\u00edas, permitir\u00e1 al Coneval tener datos certeros para afinar las acciones encaminadas a reducir las brechas de desigualdad social en M\u00e9xico.<\/p>\n\n\n\n<p>El Secretario de Desarrollo Social, Eric Sevilla Montes de Oca, a\u00f1adi\u00f3 que el Gobierno estatal evolucion\u00f3 la pol\u00edtica social, no s\u00f3lo modificando los factores rezagantes, sino construyendo un modelo con un concepto innovador: generar desarrollo humano, a partir de Familias Fuertes.<\/p>\n\n\n\n<p>Resalt\u00f3 que, bajo la coordinaci\u00f3n del Gabinete Especializado de Desarrollo Social, se busca asegurar un piso de derechos y garant\u00edas sociales m\u00ednimas a los mexiquenses en condiciones de vulnerabilidad, haciendo vigentes los principios de transversalidad, integralidad y corresponsabilidad.<\/p>\n\n\n\n<p>En la firma del convenio, el Gobernador tom\u00f3 protesta a los investigadores que se unen como miembros del grupo de expertos del Consejo de Investigaci\u00f3n y Evaluaci\u00f3n de la Pol\u00edtica Social (CIEPS),&nbsp; con el fin de reforzar el car\u00e1cter t\u00e9cnico y cient\u00edfico del organismo.<\/p>\n","protected":false},"excerpt":{"rendered":"<p>El Gobernador Alfredo Del Mazo Maza y el Secretario Ejecutivo del Consejo Nacional de Evaluaci\u00f3n de la Pol\u00edtica de Desarrollo Social (Coneval), Jos\u00e9 Nabor Cruz Marcelo, firmaron un convenio de colaboraci\u00f3n para fortalecer el monitoreo y la evaluaci\u00f3n de la pol\u00edtica social y los programas estatales y municipales, enfocados a combatir la pobreza. Con este acuerdo, el Gobierno del estado tambi\u00e9n recibir\u00e1 capacitaci\u00f3n y asesor\u00eda especializada por parte del Coneval, a efecto de crear mecanismos de seguimiento de los programas enfocados a reducir las brechas de desigualdad social, y compromete&hellip;<\/p>\n","protected":false},"author":1,"featured_media":1268,"comment_status":"open","ping_status":"open","sticky":false,"template":"","format":"standard","meta":{"footnotes":""},"categories":[4,3],"tags":[],"class_list":["post-1267","post","type-post","status-publish","format-standard","has-post-thumbnail","hentry","category-finanzas","category-gobierno"],"yoast_head":"<!-- This site is optimized with the Yoast SEO plugin v27.5 - https:\/\/yoast.com\/product\/yoast-seo-wordpress\/ -->\n<title>FIRMA ALFREDO DEL MAZO ACUERDO CON EL CONEVAL PARA PERFECCIONAR LAS ESTRATEGIAS DE COMBATE A LA POBREZA EN EL EDOM\u00c9X - Expresso Metropolitano<\/title>\n<meta name=\"robots\" content=\"index, follow, max-snippet:-1, max-image-preview:large, max-video-preview:-1\" \/>\n<link rel=\"canonical\" href=\"https:\/\/expressometro.mx\/index.php\/2020\/02\/26\/firma-alfredo-del-mazo-acuerdo-con-el-coneval-para-perfeccionar-las-estrategias-de-combate-a-la-pobreza-en-el-edomex\/\" \/>\n<meta property=\"og:locale\" content=\"es_MX\" \/>\n<meta property=\"og:type\" content=\"article\" \/>\n<meta property=\"og:title\" content=\"FIRMA ALFREDO DEL MAZO ACUERDO CON EL CONEVAL PARA PERFECCIONAR LAS ESTRATEGIAS DE COMBATE A LA POBREZA EN EL EDOM\u00c9X - Expresso Metropolitano\" \/>\n<meta property=\"og:description\" content=\"El Gobernador Alfredo Del Mazo Maza y el Secretario Ejecutivo del Consejo Nacional de Evaluaci\u00f3n de la Pol\u00edtica de Desarrollo Social (Coneval), Jos\u00e9 Nabor Cruz Marcelo, firmaron un convenio de colaboraci\u00f3n para fortalecer el monitoreo y la evaluaci\u00f3n de la pol\u00edtica social y los programas estatales y municipales, enfocados a combatir la pobreza. Con este acuerdo, el Gobierno del estado tambi\u00e9n recibir\u00e1 capacitaci\u00f3n y asesor\u00eda especializada por parte del Coneval, a efecto de crear mecanismos de seguimiento de los programas enfocados a reducir las brechas de desigualdad social, y compromete&hellip;\" \/>\n<meta property=\"og:url\" content=\"https:\/\/expressometro.mx\/index.php\/2020\/02\/26\/firma-alfredo-del-mazo-acuerdo-con-el-coneval-para-perfeccionar-las-estrategias-de-combate-a-la-pobreza-en-el-edomex\/\" \/>\n<meta property=\"og:site_name\" content=\"Expresso Metropolitano\" \/>\n<meta property=\"article:published_time\" content=\"2020-02-26T19:28:16+00:00\" \/>\n<meta property=\"article:modified_time\" content=\"2020-02-28T19:29:50+00:00\" \/>\n<meta property=\"og:image\" content=\"https:\/\/expressometro.mx\/wp-content\/uploads\/2020\/02\/w2_12562_1.jpg\" \/>\n\t<meta property=\"og:image:width\" content=\"2000\" \/>\n\t<meta property=\"og:image:height\" content=\"1328\" \/>\n\t<meta property=\"og:image:type\" content=\"image\/jpeg\" \/>\n<meta name=\"author\" content=\"Expresso Metropolitano\" \/>\n<meta name=\"twitter:label1\" content=\"Escrito por\" \/>\n\t<meta name=\"twitter:data1\" content=\"Expresso Metropolitano\" \/>\n\t<meta name=\"twitter:label2\" content=\"Tiempo de lectura\" \/>\n\t<meta name=\"twitter:data2\" content=\"5 minutos\" \/>\n<script type=\"application\/ld+json\" class=\"yoast-schema-graph\">{\"@context\":\"https:\\\/\\\/schema.org\",\"@graph\":[{\"@type\":\"Article\",\"@id\":\"https:\\\/\\\/expressometro.mx\\\/index.php\\\/2020\\\/02\\\/26\\\/firma-alfredo-del-mazo-acuerdo-con-el-coneval-para-perfeccionar-las-estrategias-de-combate-a-la-pobreza-en-el-edomex\\\/#article\",\"isPartOf\":{\"@id\":\"https:\\\/\\\/expressometro.mx\\\/index.php\\\/2020\\\/02\\\/26\\\/firma-alfredo-del-mazo-acuerdo-con-el-coneval-para-perfeccionar-las-estrategias-de-combate-a-la-pobreza-en-el-edomex\\\/\"},\"author\":{\"name\":\"Expresso Metropolitano\",\"@id\":\"https:\\\/\\\/expressometro.mx\\\/#\\\/schema\\\/person\\\/efa971b4a0664db8ed5c22b1b0dd2f5d\"},\"headline\":\"FIRMA ALFREDO DEL MAZO ACUERDO CON EL CONEVAL PARA PERFECCIONAR LAS ESTRATEGIAS DE COMBATE A LA POBREZA EN EL EDOM\u00c9X\",\"datePublished\":\"2020-02-26T19:28:16+00:00\",\"dateModified\":\"2020-02-28T19:29:50+00:00\",\"mainEntityOfPage\":{\"@id\":\"https:\\\/\\\/expressometro.mx\\\/index.php\\\/2020\\\/02\\\/26\\\/firma-alfredo-del-mazo-acuerdo-con-el-coneval-para-perfeccionar-las-estrategias-de-combate-a-la-pobreza-en-el-edomex\\\/\"},\"wordCount\":1031,\"commentCount\":0,\"publisher\":{\"@id\":\"https:\\\/\\\/expressometro.mx\\\/#organization\"},\"image\":{\"@id\":\"https:\\\/\\\/expressometro.mx\\\/index.php\\\/2020\\\/02\\\/26\\\/firma-alfredo-del-mazo-acuerdo-con-el-coneval-para-perfeccionar-las-estrategias-de-combate-a-la-pobreza-en-el-edomex\\\/#primaryimage\"},\"thumbnailUrl\":\"https:\\\/\\\/expressometro.mx\\\/wp-content\\\/uploads\\\/2020\\\/02\\\/w2_12562_1.jpg\",\"articleSection\":[\"Finanzas\",\"Gobierno\"],\"inLanguage\":\"es\",\"potentialAction\":[{\"@type\":\"CommentAction\",\"name\":\"Comment\",\"target\":[\"https:\\\/\\\/expressometro.mx\\\/index.php\\\/2020\\\/02\\\/26\\\/firma-alfredo-del-mazo-acuerdo-con-el-coneval-para-perfeccionar-las-estrategias-de-combate-a-la-pobreza-en-el-edomex\\\/#respond\"]}]},{\"@type\":\"WebPage\",\"@id\":\"https:\\\/\\\/expressometro.mx\\\/index.php\\\/2020\\\/02\\\/26\\\/firma-alfredo-del-mazo-acuerdo-con-el-coneval-para-perfeccionar-las-estrategias-de-combate-a-la-pobreza-en-el-edomex\\\/\",\"url\":\"https:\\\/\\\/expressometro.mx\\\/index.php\\\/2020\\\/02\\\/26\\\/firma-alfredo-del-mazo-acuerdo-con-el-coneval-para-perfeccionar-las-estrategias-de-combate-a-la-pobreza-en-el-edomex\\\/\",\"name\":\"FIRMA ALFREDO DEL MAZO ACUERDO CON EL CONEVAL PARA PERFECCIONAR LAS ESTRATEGIAS DE COMBATE A LA POBREZA EN EL EDOM\u00c9X - Expresso Metropolitano\",\"isPartOf\":{\"@id\":\"https:\\\/\\\/expressometro.mx\\\/#website\"},\"primaryImageOfPage\":{\"@id\":\"https:\\\/\\\/expressometro.mx\\\/index.php\\\/2020\\\/02\\\/26\\\/firma-alfredo-del-mazo-acuerdo-con-el-coneval-para-perfeccionar-las-estrategias-de-combate-a-la-pobreza-en-el-edomex\\\/#primaryimage\"},\"image\":{\"@id\":\"https:\\\/\\\/expressometro.mx\\\/index.php\\\/2020\\\/02\\\/26\\\/firma-alfredo-del-mazo-acuerdo-con-el-coneval-para-perfeccionar-las-estrategias-de-combate-a-la-pobreza-en-el-edomex\\\/#primaryimage\"},\"thumbnailUrl\":\"https:\\\/\\\/expressometro.mx\\\/wp-content\\\/uploads\\\/2020\\\/02\\\/w2_12562_1.jpg\",\"datePublished\":\"2020-02-26T19:28:16+00:00\",\"dateModified\":\"2020-02-28T19:29:50+00:00\",\"breadcrumb\":{\"@id\":\"https:\\\/\\\/expressometro.mx\\\/index.php\\\/2020\\\/02\\\/26\\\/firma-alfredo-del-mazo-acuerdo-con-el-coneval-para-perfeccionar-las-estrategias-de-combate-a-la-pobreza-en-el-edomex\\\/#breadcrumb\"},\"inLanguage\":\"es\",\"potentialAction\":[{\"@type\":\"ReadAction\",\"target\":[\"https:\\\/\\\/expressometro.mx\\\/index.php\\\/2020\\\/02\\\/26\\\/firma-alfredo-del-mazo-acuerdo-con-el-coneval-para-perfeccionar-las-estrategias-de-combate-a-la-pobreza-en-el-edomex\\\/\"]}]},{\"@type\":\"ImageObject\",\"inLanguage\":\"es\",\"@id\":\"https:\\\/\\\/expressometro.mx\\\/index.php\\\/2020\\\/02\\\/26\\\/firma-alfredo-del-mazo-acuerdo-con-el-coneval-para-perfeccionar-las-estrategias-de-combate-a-la-pobreza-en-el-edomex\\\/#primaryimage\",\"url\":\"https:\\\/\\\/expressometro.mx\\\/wp-content\\\/uploads\\\/2020\\\/02\\\/w2_12562_1.jpg\",\"contentUrl\":\"https:\\\/\\\/expressometro.mx\\\/wp-content\\\/uploads\\\/2020\\\/02\\\/w2_12562_1.jpg\",\"width\":2000,\"height\":1328},{\"@type\":\"BreadcrumbList\",\"@id\":\"https:\\\/\\\/expressometro.mx\\\/index.php\\\/2020\\\/02\\\/26\\\/firma-alfredo-del-mazo-acuerdo-con-el-coneval-para-perfeccionar-las-estrategias-de-combate-a-la-pobreza-en-el-edomex\\\/#breadcrumb\",\"itemListElement\":[{\"@type\":\"ListItem\",\"position\":1,\"name\":\"Inicio\",\"item\":\"https:\\\/\\\/expressometro.mx\\\/\"},{\"@type\":\"ListItem\",\"position\":2,\"name\":\"FIRMA ALFREDO DEL MAZO ACUERDO CON EL CONEVAL PARA PERFECCIONAR LAS ESTRATEGIAS DE COMBATE A LA POBREZA EN EL EDOM\u00c9X\"}]},{\"@type\":\"WebSite\",\"@id\":\"https:\\\/\\\/expressometro.mx\\\/#website\",\"url\":\"https:\\\/\\\/expressometro.mx\\\/\",\"name\":\"Expresso Metropolitano\",\"description\":\"Periodismo comprometido, informaci\u00f3n, investigaci\u00f3n y an\u00e1lisis\",\"publisher\":{\"@id\":\"https:\\\/\\\/expressometro.mx\\\/#organization\"},\"potentialAction\":[{\"@type\":\"SearchAction\",\"target\":{\"@type\":\"EntryPoint\",\"urlTemplate\":\"https:\\\/\\\/expressometro.mx\\\/?s={search_term_string}\"},\"query-input\":{\"@type\":\"PropertyValueSpecification\",\"valueRequired\":true,\"valueName\":\"search_term_string\"}}],\"inLanguage\":\"es\"},{\"@type\":\"Organization\",\"@id\":\"https:\\\/\\\/expressometro.mx\\\/#organization\",\"name\":\"Expresso Metropolitano\",\"url\":\"https:\\\/\\\/expressometro.mx\\\/\",\"logo\":{\"@type\":\"ImageObject\",\"inLanguage\":\"es\",\"@id\":\"https:\\\/\\\/expressometro.mx\\\/#\\\/schema\\\/logo\\\/image\\\/\",\"url\":\"https:\\\/\\\/expressometro.mx\\\/wp-content\\\/uploads\\\/2019\\\/07\\\/cropped-Logo-Expresso-Metropolitano-1-1.jpeg\",\"contentUrl\":\"https:\\\/\\\/expressometro.mx\\\/wp-content\\\/uploads\\\/2019\\\/07\\\/cropped-Logo-Expresso-Metropolitano-1-1.jpeg\",\"width\":290,\"height\":73,\"caption\":\"Expresso Metropolitano\"},\"image\":{\"@id\":\"https:\\\/\\\/expressometro.mx\\\/#\\\/schema\\\/logo\\\/image\\\/\"}},{\"@type\":\"Person\",\"@id\":\"https:\\\/\\\/expressometro.mx\\\/#\\\/schema\\\/person\\\/efa971b4a0664db8ed5c22b1b0dd2f5d\",\"name\":\"Expresso Metropolitano\",\"image\":{\"@type\":\"ImageObject\",\"inLanguage\":\"es\",\"@id\":\"https:\\\/\\\/secure.gravatar.com\\\/avatar\\\/a89f802b8de18c6952f223c88d3d106e9e3679839f4e25a02f4a6cc2ae6ba3b3?s=96&d=mm&r=g\",\"url\":\"https:\\\/\\\/secure.gravatar.com\\\/avatar\\\/a89f802b8de18c6952f223c88d3d106e9e3679839f4e25a02f4a6cc2ae6ba3b3?s=96&d=mm&r=g\",\"contentUrl\":\"https:\\\/\\\/secure.gravatar.com\\\/avatar\\\/a89f802b8de18c6952f223c88d3d106e9e3679839f4e25a02f4a6cc2ae6ba3b3?s=96&d=mm&r=g\",\"caption\":\"Expresso Metropolitano\"},\"url\":\"https:\\\/\\\/expressometro.mx\\\/index.php\\\/author\\\/diego\\\/\"}]}<\/script>\n<!-- \/ Yoast SEO plugin. -->","yoast_head_json":{"title":"FIRMA ALFREDO DEL MAZO ACUERDO CON EL CONEVAL PARA PERFECCIONAR LAS ESTRATEGIAS DE COMBATE A LA POBREZA EN EL EDOM\u00c9X - Expresso Metropolitano","robots":{"index":"index","follow":"follow","max-snippet":"max-snippet:-1","max-image-preview":"max-image-preview:large","max-video-preview":"max-video-preview:-1"},"canonical":"https:\/\/expressometro.mx\/index.php\/2020\/02\/26\/firma-alfredo-del-mazo-acuerdo-con-el-coneval-para-perfeccionar-las-estrategias-de-combate-a-la-pobreza-en-el-edomex\/","og_locale":"es_MX","og_type":"article","og_title":"FIRMA ALFREDO DEL MAZO ACUERDO CON EL CONEVAL PARA PERFECCIONAR LAS ESTRATEGIAS DE COMBATE A LA POBREZA EN EL EDOM\u00c9X - Expresso Metropolitano","og_description":"El Gobernador Alfredo Del Mazo Maza y el Secretario Ejecutivo del Consejo Nacional de Evaluaci\u00f3n de la Pol\u00edtica de Desarrollo Social (Coneval), Jos\u00e9 Nabor Cruz Marcelo, firmaron un convenio de colaboraci\u00f3n para fortalecer el monitoreo y la evaluaci\u00f3n de la pol\u00edtica social y los programas estatales y municipales, enfocados a combatir la pobreza. Con este acuerdo, el Gobierno del estado tambi\u00e9n recibir\u00e1 capacitaci\u00f3n y asesor\u00eda especializada por parte del Coneval, a efecto de crear mecanismos de seguimiento de los programas enfocados a reducir las brechas de desigualdad social, y compromete&hellip;","og_url":"https:\/\/expressometro.mx\/index.php\/2020\/02\/26\/firma-alfredo-del-mazo-acuerdo-con-el-coneval-para-perfeccionar-las-estrategias-de-combate-a-la-pobreza-en-el-edomex\/","og_site_name":"Expresso Metropolitano","article_published_time":"2020-02-26T19:28:16+00:00","article_modified_time":"2020-02-28T19:29:50+00:00","og_image":[{"width":2000,"height":1328,"url":"https:\/\/expressometro.mx\/wp-content\/uploads\/2020\/02\/w2_12562_1.jpg","type":"image\/jpeg"}],"author":"Expresso Metropolitano","twitter_misc":{"Escrito por":"Expresso Metropolitano","Tiempo de lectura":"5 minutos"},"schema":{"@context":"https:\/\/schema.org","@graph":[{"@type":"Article","@id":"https:\/\/expressometro.mx\/index.php\/2020\/02\/26\/firma-alfredo-del-mazo-acuerdo-con-el-coneval-para-perfeccionar-las-estrategias-de-combate-a-la-pobreza-en-el-edomex\/#article","isPartOf":{"@id":"https:\/\/expressometro.mx\/index.php\/2020\/02\/26\/firma-alfredo-del-mazo-acuerdo-con-el-coneval-para-perfeccionar-las-estrategias-de-combate-a-la-pobreza-en-el-edomex\/"},"author":{"name":"Expresso Metropolitano","@id":"https:\/\/expressometro.mx\/#\/schema\/person\/efa971b4a0664db8ed5c22b1b0dd2f5d"},"headline":"FIRMA ALFREDO DEL MAZO ACUERDO CON EL CONEVAL PARA PERFECCIONAR LAS ESTRATEGIAS DE COMBATE A LA POBREZA EN EL EDOM\u00c9X","datePublished":"2020-02-26T19:28:16+00:00","dateModified":"2020-02-28T19:29:50+00:00","mainEntityOfPage":{"@id":"https:\/\/expressometro.mx\/index.php\/2020\/02\/26\/firma-alfredo-del-mazo-acuerdo-con-el-coneval-para-perfeccionar-las-estrategias-de-combate-a-la-pobreza-en-el-edomex\/"},"wordCount":1031,"commentCount":0,"publisher":{"@id":"https:\/\/expressometro.mx\/#organization"},"image":{"@id":"https:\/\/expressometro.mx\/index.php\/2020\/02\/26\/firma-alfredo-del-mazo-acuerdo-con-el-coneval-para-perfeccionar-las-estrategias-de-combate-a-la-pobreza-en-el-edomex\/#primaryimage"},"thumbnailUrl":"https:\/\/expressometro.mx\/wp-content\/uploads\/2020\/02\/w2_12562_1.jpg","articleSection":["Finanzas","Gobierno"],"inLanguage":"es","potentialAction":[{"@type":"CommentAction","name":"Comment","target":["https:\/\/expressometro.mx\/index.php\/2020\/02\/26\/firma-alfredo-del-mazo-acuerdo-con-el-coneval-para-perfeccionar-las-estrategias-de-combate-a-la-pobreza-en-el-edomex\/#respond"]}]},{"@type":"WebPage","@id":"https:\/\/expressometro.mx\/index.php\/2020\/02\/26\/firma-alfredo-del-mazo-acuerdo-con-el-coneval-para-perfeccionar-las-estrategias-de-combate-a-la-pobreza-en-el-edomex\/","url":"https:\/\/expressometro.mx\/index.php\/2020\/02\/26\/firma-alfredo-del-mazo-acuerdo-con-el-coneval-para-perfeccionar-las-estrategias-de-combate-a-la-pobreza-en-el-edomex\/","name":"FIRMA ALFREDO DEL MAZO ACUERDO CON EL CONEVAL PARA PERFECCIONAR LAS ESTRATEGIAS DE COMBATE A LA POBREZA EN EL EDOM\u00c9X - Expresso Metropolitano","isPartOf":{"@id":"https:\/\/expressometro.mx\/#website"},"primaryImageOfPage":{"@id":"https:\/\/expressometro.mx\/index.php\/2020\/02\/26\/firma-alfredo-del-mazo-acuerdo-con-el-coneval-para-perfeccionar-las-estrategias-de-combate-a-la-pobreza-en-el-edomex\/#primaryimage"},"image":{"@id":"https:\/\/expressometro.mx\/index.php\/2020\/02\/26\/firma-alfredo-del-mazo-acuerdo-con-el-coneval-para-perfeccionar-las-estrategias-de-combate-a-la-pobreza-en-el-edomex\/#primaryimage"},"thumbnailUrl":"https:\/\/expressometro.mx\/wp-content\/uploads\/2020\/02\/w2_12562_1.jpg","datePublished":"2020-02-26T19:28:16+00:00","dateModified":"2020-02-28T19:29:50+00:00","breadcrumb":{"@id":"https:\/\/expressometro.mx\/index.php\/2020\/02\/26\/firma-alfredo-del-mazo-acuerdo-con-el-coneval-para-perfeccionar-las-estrategias-de-combate-a-la-pobreza-en-el-edomex\/#breadcrumb"},"inLanguage":"es","potentialAction":[{"@type":"ReadAction","target":["https:\/\/expressometro.mx\/index.php\/2020\/02\/26\/firma-alfredo-del-mazo-acuerdo-con-el-coneval-para-perfeccionar-las-estrategias-de-combate-a-la-pobreza-en-el-edomex\/"]}]},{"@type":"ImageObject","inLanguage":"es","@id":"https:\/\/expressometro.mx\/index.php\/2020\/02\/26\/firma-alfredo-del-mazo-acuerdo-con-el-coneval-para-perfeccionar-las-estrategias-de-combate-a-la-pobreza-en-el-edomex\/#primaryimage","url":"https:\/\/expressometro.mx\/wp-content\/uploads\/2020\/02\/w2_12562_1.jpg","contentUrl":"https:\/\/expressometro.mx\/wp-content\/uploads\/2020\/02\/w2_12562_1.jpg","width":2000,"height":1328},{"@type":"BreadcrumbList","@id":"https:\/\/expressometro.mx\/index.php\/2020\/02\/26\/firma-alfredo-del-mazo-acuerdo-con-el-coneval-para-perfeccionar-las-estrategias-de-combate-a-la-pobreza-en-el-edomex\/#breadcrumb","itemListElement":[{"@type":"ListItem","position":1,"name":"Inicio","item":"https:\/\/expressometro.mx\/"},{"@type":"ListItem","position":2,"name":"FIRMA ALFREDO DEL MAZO ACUERDO CON EL CONEVAL PARA PERFECCIONAR LAS ESTRATEGIAS DE COMBATE A LA POBREZA EN EL EDOM\u00c9X"}]},{"@type":"WebSite","@id":"https:\/\/expressometro.mx\/#website","url":"https:\/\/expressometro.mx\/","name":"Expresso Metropolitano","description":"Periodismo comprometido, informaci\u00f3n, investigaci\u00f3n y an\u00e1lisis","publisher":{"@id":"https:\/\/expressometro.mx\/#organization"},"potentialAction":[{"@type":"SearchAction","target":{"@type":"EntryPoint","urlTemplate":"https:\/\/expressometro.mx\/?s={search_term_string}"},"query-input":{"@type":"PropertyValueSpecification","valueRequired":true,"valueName":"search_term_string"}}],"inLanguage":"es"},{"@type":"Organization","@id":"https:\/\/expressometro.mx\/#organization","name":"Expresso Metropolitano","url":"https:\/\/expressometro.mx\/","logo":{"@type":"ImageObject","inLanguage":"es","@id":"https:\/\/expressometro.mx\/#\/schema\/logo\/image\/","url":"https:\/\/expressometro.mx\/wp-content\/uploads\/2019\/07\/cropped-Logo-Expresso-Metropolitano-1-1.jpeg","contentUrl":"https:\/\/expressometro.mx\/wp-content\/uploads\/2019\/07\/cropped-Logo-Expresso-Metropolitano-1-1.jpeg","width":290,"height":73,"caption":"Expresso Metropolitano"},"image":{"@id":"https:\/\/expressometro.mx\/#\/schema\/logo\/image\/"}},{"@type":"Person","@id":"https:\/\/expressometro.mx\/#\/schema\/person\/efa971b4a0664db8ed5c22b1b0dd2f5d","name":"Expresso Metropolitano","image":{"@type":"ImageObject","inLanguage":"es","@id":"https:\/\/secure.gravatar.com\/avatar\/a89f802b8de18c6952f223c88d3d106e9e3679839f4e25a02f4a6cc2ae6ba3b3?s=96&d=mm&r=g","url":"https:\/\/secure.gravatar.com\/avatar\/a89f802b8de18c6952f223c88d3d106e9e3679839f4e25a02f4a6cc2ae6ba3b3?s=96&d=mm&r=g","contentUrl":"https:\/\/secure.gravatar.com\/avatar\/a89f802b8de18c6952f223c88d3d106e9e3679839f4e25a02f4a6cc2ae6ba3b3?s=96&d=mm&r=g","caption":"Expresso Metropolitano"},"url":"https:\/\/expressometro.mx\/index.php\/author\/diego\/"}]}},"amp_enabled":true,"_links":{"self":[{"href":"https:\/\/expressometro.mx\/index.php\/wp-json\/wp\/v2\/posts\/1267","targetHints":{"allow":["GET"]}}],"collection":[{"href":"https:\/\/expressometro.mx\/index.php\/wp-json\/wp\/v2\/posts"}],"about":[{"href":"https:\/\/expressometro.mx\/index.php\/wp-json\/wp\/v2\/types\/post"}],"author":[{"embeddable":true,"href":"https:\/\/expressometro.mx\/index.php\/wp-json\/wp\/v2\/users\/1"}],"replies":[{"embeddable":true,"href":"https:\/\/expressometro.mx\/index.php\/wp-json\/wp\/v2\/comments?post=1267"}],"version-history":[{"count":1,"href":"https:\/\/expressometro.mx\/index.php\/wp-json\/wp\/v2\/posts\/1267\/revisions"}],"predecessor-version":[{"id":1269,"href":"https:\/\/expressometro.mx\/index.php\/wp-json\/wp\/v2\/posts\/1267\/revisions\/1269"}],"wp:featuredmedia":[{"embeddable":true,"href":"https:\/\/expressometro.mx\/index.php\/wp-json\/wp\/v2\/media\/1268"}],"wp:attachment":[{"href":"https:\/\/expressometro.mx\/index.php\/wp-json\/wp\/v2\/media?parent=1267"}],"wp:term":[{"taxonomy":"category","embeddable":true,"href":"https:\/\/expressometro.mx\/index.php\/wp-json\/wp\/v2\/categories?post=1267"},{"taxonomy":"post_tag","embeddable":true,"href":"https:\/\/expressometro.mx\/index.php\/wp-json\/wp\/v2\/tags?post=1267"}],"curies":[{"name":"wp","href":"https:\/\/api.w.org\/{rel}","templated":true}]}}