{"id":1264,"date":"2020-02-26T13:26:13","date_gmt":"2020-02-26T19:26:13","guid":{"rendered":"http:\/\/expressometro.mx\/?p=1264"},"modified":"2020-02-28T13:27:27","modified_gmt":"2020-02-28T19:27:27","slug":"apuesta-orquesta-sinfonica-del-estado-de-mexico-a-transformacion-social-a-traves-de-la-musica","status":"publish","type":"post","link":"https:\/\/expressometro.mx\/index.php\/2020\/02\/26\/apuesta-orquesta-sinfonica-del-estado-de-mexico-a-transformacion-social-a-traves-de-la-musica\/","title":{"rendered":"APUESTA ORQUESTA SINF\u00d3NICA DEL ESTADO DE M\u00c9XICO A TRANSFORMACI\u00d3N SOCIAL A TRAV\u00c9S DE LA M\u00daSICA"},"content":{"rendered":"\n<p>Comenzaron las funciones de los Conciertos Juveniles que la Orquesta Sinf\u00f3nica del Estado de M\u00e9xico (OSEM) ha preparado para los adolescentes, con dos objetivos espec\u00edficos: fomentar el gusto por la m\u00fasica orquestal y reforzar los valores que fortalecen el tejido social por medio de la obra \u201cQiqi\u201d.<\/p>\n\n\n\n<p>Estos conciertos han permitido cautivar a las y los j\u00f3venes, muestra de ello es que en estas presentaciones se dieron cita algunos que asistieron en 2019 a la presentaci\u00f3n de \u201cQuijote, vencedor de s\u00ed mismo\u201d, y con igual asombro vivieron \u201cQiqi\u201d, del m\u00fasico y productor discogr\u00e1fico estadounidense Paul Barker.<\/p>\n\n\n\n<p>\u201cQiqi\u201d es un esfuerzo entre la OSEM, que para este proyecto tiene como Director hu\u00e9sped a Luis Manuel Garc\u00eda Pe\u00f1a, la Compa\u00f1\u00eda Internacional Teatro de Ciertos Habitantes y el Coro Polif\u00f3nico de la entidad mexiquense.<\/p>\n\n\n\n<p>La OSEM ha impulsado innovadoras propuestas que redefinen la vocaci\u00f3n de una orquesta y que se adapta al nuevo siglo, a las nuevas mentes y los nuevos tiempos sin perder la esencia de la m\u00fasica cl\u00e1sica, pero con propuestas que rescatan, en los espectadores, el esp\u00edritu humano.<\/p>\n\n\n\n<p>Tal es el caso de Qiqi, en la que cuatro personajes del mundo, que son representados por los diferentes instrumentos de la orquesta, se re\u00fanen cada uno con su ritmo y su lenguaje (sonidos inventados), sin embargo, encuentran una conexi\u00f3n que los convierte en un solo equipo y es poder verse y respetarse como humanos.<\/p>\n\n\n\n<p>\u201cPara m\u00ed, como compositor, es una cosa incre\u00edble, no ocurre muchas veces en mi vida, estoy muy feliz, de tener esta oportunidad; disfruto la colaboraci\u00f3n con la OSEM porque ha estado muy dispuesta a hacer las cosas que a otras orquestas les da miedo; ha podido innovar, disfrutar y estar en unidad\u201d, coment\u00f3 Paul Barker.<\/p>\n\n\n\n<p>Agreg\u00f3 que la idea de trabajar sin palabras es \u201cpara poner frente de cualquier p\u00fablico, cualquier pa\u00eds, independientemente de su lenguaje, busca comunicar sin explicaciones; es una comunicaci\u00f3n directa que no depende del lenguaje particular de cada sociedad\u201d.<\/p>\n\n\n\n<p>Los m\u00e1s de 500 asistentes aplaudieron y al final su testimonio fue de gratitud, sorpresa y gusto, ya que el mensaje que conlleva valores como el respeto, la amistad, el trabajo en equipo y la solidaridad fue bien entendido.<\/p>\n\n\n\n<p>La OSEM espera que asistan a los Conciertos Juveniles, el 26 y 27 de febrero, con dos funciones 10:30 y 12:35 horas, en la Sala de Conciertos \u201cFelipe Villanueva\u201d y el 28 de febrero en el Centro Cultural Mexiquense Bicentenario, de Texcoco, a la misma hora. La entrada es gratuita.<\/p>\n","protected":false},"excerpt":{"rendered":"<p>Comenzaron las funciones de los Conciertos Juveniles que la Orquesta Sinf\u00f3nica del Estado de M\u00e9xico (OSEM) ha preparado para los adolescentes, con dos objetivos espec\u00edficos: fomentar el gusto por la m\u00fasica orquestal y reforzar los valores que fortalecen el tejido social por medio de la obra \u201cQiqi\u201d. Estos conciertos han permitido cautivar a las y los j\u00f3venes, muestra de ello es que en estas presentaciones se dieron cita algunos que asistieron en 2019 a la presentaci\u00f3n de \u201cQuijote, vencedor de s\u00ed mismo\u201d, y con igual asombro vivieron \u201cQiqi\u201d, del m\u00fasico&hellip;<\/p>\n","protected":false},"author":1,"featured_media":1265,"comment_status":"open","ping_status":"open","sticky":false,"template":"","format":"standard","meta":{"footnotes":""},"categories":[11,3],"tags":[],"class_list":["post-1264","post","type-post","status-publish","format-standard","has-post-thumbnail","hentry","category-cultura","category-gobierno"],"yoast_head":"<!-- This site is optimized with the Yoast SEO plugin v27.5 - https:\/\/yoast.com\/product\/yoast-seo-wordpress\/ -->\n<title>APUESTA ORQUESTA SINF\u00d3NICA DEL ESTADO DE M\u00c9XICO A TRANSFORMACI\u00d3N SOCIAL A TRAV\u00c9S DE LA M\u00daSICA - Expresso Metropolitano<\/title>\n<meta name=\"robots\" content=\"index, follow, max-snippet:-1, max-image-preview:large, max-video-preview:-1\" \/>\n<link rel=\"canonical\" href=\"https:\/\/expressometro.mx\/index.php\/2020\/02\/26\/apuesta-orquesta-sinfonica-del-estado-de-mexico-a-transformacion-social-a-traves-de-la-musica\/\" \/>\n<meta property=\"og:locale\" content=\"es_MX\" \/>\n<meta property=\"og:type\" content=\"article\" \/>\n<meta property=\"og:title\" content=\"APUESTA ORQUESTA SINF\u00d3NICA DEL ESTADO DE M\u00c9XICO A TRANSFORMACI\u00d3N SOCIAL A TRAV\u00c9S DE LA M\u00daSICA - Expresso Metropolitano\" \/>\n<meta property=\"og:description\" content=\"Comenzaron las funciones de los Conciertos Juveniles que la Orquesta Sinf\u00f3nica del Estado de M\u00e9xico (OSEM) ha preparado para los adolescentes, con dos objetivos espec\u00edficos: fomentar el gusto por la m\u00fasica orquestal y reforzar los valores que fortalecen el tejido social por medio de la obra \u201cQiqi\u201d. Estos conciertos han permitido cautivar a las y los j\u00f3venes, muestra de ello es que en estas presentaciones se dieron cita algunos que asistieron en 2019 a la presentaci\u00f3n de \u201cQuijote, vencedor de s\u00ed mismo\u201d, y con igual asombro vivieron \u201cQiqi\u201d, del m\u00fasico&hellip;\" \/>\n<meta property=\"og:url\" content=\"https:\/\/expressometro.mx\/index.php\/2020\/02\/26\/apuesta-orquesta-sinfonica-del-estado-de-mexico-a-transformacion-social-a-traves-de-la-musica\/\" \/>\n<meta property=\"og:site_name\" content=\"Expresso Metropolitano\" \/>\n<meta property=\"article:published_time\" content=\"2020-02-26T19:26:13+00:00\" \/>\n<meta property=\"article:modified_time\" content=\"2020-02-28T19:27:27+00:00\" \/>\n<meta property=\"og:image\" content=\"https:\/\/expressometro.mx\/wp-content\/uploads\/2020\/02\/w2_12548_2.jpg\" \/>\n\t<meta property=\"og:image:width\" content=\"1300\" \/>\n\t<meta property=\"og:image:height\" content=\"866\" \/>\n\t<meta property=\"og:image:type\" content=\"image\/jpeg\" \/>\n<meta name=\"author\" content=\"Expresso Metropolitano\" \/>\n<meta name=\"twitter:label1\" content=\"Escrito por\" \/>\n\t<meta name=\"twitter:data1\" content=\"Expresso Metropolitano\" \/>\n\t<meta name=\"twitter:label2\" content=\"Tiempo de lectura\" \/>\n\t<meta name=\"twitter:data2\" content=\"2 minutos\" \/>\n<script type=\"application\/ld+json\" class=\"yoast-schema-graph\">{\"@context\":\"https:\\\/\\\/schema.org\",\"@graph\":[{\"@type\":\"Article\",\"@id\":\"https:\\\/\\\/expressometro.mx\\\/index.php\\\/2020\\\/02\\\/26\\\/apuesta-orquesta-sinfonica-del-estado-de-mexico-a-transformacion-social-a-traves-de-la-musica\\\/#article\",\"isPartOf\":{\"@id\":\"https:\\\/\\\/expressometro.mx\\\/index.php\\\/2020\\\/02\\\/26\\\/apuesta-orquesta-sinfonica-del-estado-de-mexico-a-transformacion-social-a-traves-de-la-musica\\\/\"},\"author\":{\"name\":\"Expresso Metropolitano\",\"@id\":\"https:\\\/\\\/expressometro.mx\\\/#\\\/schema\\\/person\\\/efa971b4a0664db8ed5c22b1b0dd2f5d\"},\"headline\":\"APUESTA ORQUESTA SINF\u00d3NICA DEL ESTADO DE M\u00c9XICO A TRANSFORMACI\u00d3N SOCIAL A TRAV\u00c9S DE LA M\u00daSICA\",\"datePublished\":\"2020-02-26T19:26:13+00:00\",\"dateModified\":\"2020-02-28T19:27:27+00:00\",\"mainEntityOfPage\":{\"@id\":\"https:\\\/\\\/expressometro.mx\\\/index.php\\\/2020\\\/02\\\/26\\\/apuesta-orquesta-sinfonica-del-estado-de-mexico-a-transformacion-social-a-traves-de-la-musica\\\/\"},\"wordCount\":453,\"commentCount\":0,\"publisher\":{\"@id\":\"https:\\\/\\\/expressometro.mx\\\/#organization\"},\"image\":{\"@id\":\"https:\\\/\\\/expressometro.mx\\\/index.php\\\/2020\\\/02\\\/26\\\/apuesta-orquesta-sinfonica-del-estado-de-mexico-a-transformacion-social-a-traves-de-la-musica\\\/#primaryimage\"},\"thumbnailUrl\":\"https:\\\/\\\/expressometro.mx\\\/wp-content\\\/uploads\\\/2020\\\/02\\\/w2_12548_2.jpg\",\"articleSection\":[\"Cultura\",\"Gobierno\"],\"inLanguage\":\"es\",\"potentialAction\":[{\"@type\":\"CommentAction\",\"name\":\"Comment\",\"target\":[\"https:\\\/\\\/expressometro.mx\\\/index.php\\\/2020\\\/02\\\/26\\\/apuesta-orquesta-sinfonica-del-estado-de-mexico-a-transformacion-social-a-traves-de-la-musica\\\/#respond\"]}]},{\"@type\":\"WebPage\",\"@id\":\"https:\\\/\\\/expressometro.mx\\\/index.php\\\/2020\\\/02\\\/26\\\/apuesta-orquesta-sinfonica-del-estado-de-mexico-a-transformacion-social-a-traves-de-la-musica\\\/\",\"url\":\"https:\\\/\\\/expressometro.mx\\\/index.php\\\/2020\\\/02\\\/26\\\/apuesta-orquesta-sinfonica-del-estado-de-mexico-a-transformacion-social-a-traves-de-la-musica\\\/\",\"name\":\"APUESTA ORQUESTA SINF\u00d3NICA DEL ESTADO DE M\u00c9XICO A TRANSFORMACI\u00d3N SOCIAL A TRAV\u00c9S DE LA M\u00daSICA - Expresso Metropolitano\",\"isPartOf\":{\"@id\":\"https:\\\/\\\/expressometro.mx\\\/#website\"},\"primaryImageOfPage\":{\"@id\":\"https:\\\/\\\/expressometro.mx\\\/index.php\\\/2020\\\/02\\\/26\\\/apuesta-orquesta-sinfonica-del-estado-de-mexico-a-transformacion-social-a-traves-de-la-musica\\\/#primaryimage\"},\"image\":{\"@id\":\"https:\\\/\\\/expressometro.mx\\\/index.php\\\/2020\\\/02\\\/26\\\/apuesta-orquesta-sinfonica-del-estado-de-mexico-a-transformacion-social-a-traves-de-la-musica\\\/#primaryimage\"},\"thumbnailUrl\":\"https:\\\/\\\/expressometro.mx\\\/wp-content\\\/uploads\\\/2020\\\/02\\\/w2_12548_2.jpg\",\"datePublished\":\"2020-02-26T19:26:13+00:00\",\"dateModified\":\"2020-02-28T19:27:27+00:00\",\"breadcrumb\":{\"@id\":\"https:\\\/\\\/expressometro.mx\\\/index.php\\\/2020\\\/02\\\/26\\\/apuesta-orquesta-sinfonica-del-estado-de-mexico-a-transformacion-social-a-traves-de-la-musica\\\/#breadcrumb\"},\"inLanguage\":\"es\",\"potentialAction\":[{\"@type\":\"ReadAction\",\"target\":[\"https:\\\/\\\/expressometro.mx\\\/index.php\\\/2020\\\/02\\\/26\\\/apuesta-orquesta-sinfonica-del-estado-de-mexico-a-transformacion-social-a-traves-de-la-musica\\\/\"]}]},{\"@type\":\"ImageObject\",\"inLanguage\":\"es\",\"@id\":\"https:\\\/\\\/expressometro.mx\\\/index.php\\\/2020\\\/02\\\/26\\\/apuesta-orquesta-sinfonica-del-estado-de-mexico-a-transformacion-social-a-traves-de-la-musica\\\/#primaryimage\",\"url\":\"https:\\\/\\\/expressometro.mx\\\/wp-content\\\/uploads\\\/2020\\\/02\\\/w2_12548_2.jpg\",\"contentUrl\":\"https:\\\/\\\/expressometro.mx\\\/wp-content\\\/uploads\\\/2020\\\/02\\\/w2_12548_2.jpg\",\"width\":1300,\"height\":866},{\"@type\":\"BreadcrumbList\",\"@id\":\"https:\\\/\\\/expressometro.mx\\\/index.php\\\/2020\\\/02\\\/26\\\/apuesta-orquesta-sinfonica-del-estado-de-mexico-a-transformacion-social-a-traves-de-la-musica\\\/#breadcrumb\",\"itemListElement\":[{\"@type\":\"ListItem\",\"position\":1,\"name\":\"Inicio\",\"item\":\"https:\\\/\\\/expressometro.mx\\\/\"},{\"@type\":\"ListItem\",\"position\":2,\"name\":\"APUESTA ORQUESTA SINF\u00d3NICA DEL ESTADO DE M\u00c9XICO A TRANSFORMACI\u00d3N SOCIAL A TRAV\u00c9S DE LA M\u00daSICA\"}]},{\"@type\":\"WebSite\",\"@id\":\"https:\\\/\\\/expressometro.mx\\\/#website\",\"url\":\"https:\\\/\\\/expressometro.mx\\\/\",\"name\":\"Expresso Metropolitano\",\"description\":\"Periodismo comprometido, informaci\u00f3n, investigaci\u00f3n y an\u00e1lisis\",\"publisher\":{\"@id\":\"https:\\\/\\\/expressometro.mx\\\/#organization\"},\"potentialAction\":[{\"@type\":\"SearchAction\",\"target\":{\"@type\":\"EntryPoint\",\"urlTemplate\":\"https:\\\/\\\/expressometro.mx\\\/?s={search_term_string}\"},\"query-input\":{\"@type\":\"PropertyValueSpecification\",\"valueRequired\":true,\"valueName\":\"search_term_string\"}}],\"inLanguage\":\"es\"},{\"@type\":\"Organization\",\"@id\":\"https:\\\/\\\/expressometro.mx\\\/#organization\",\"name\":\"Expresso Metropolitano\",\"url\":\"https:\\\/\\\/expressometro.mx\\\/\",\"logo\":{\"@type\":\"ImageObject\",\"inLanguage\":\"es\",\"@id\":\"https:\\\/\\\/expressometro.mx\\\/#\\\/schema\\\/logo\\\/image\\\/\",\"url\":\"https:\\\/\\\/expressometro.mx\\\/wp-content\\\/uploads\\\/2019\\\/07\\\/cropped-Logo-Expresso-Metropolitano-1-1.jpeg\",\"contentUrl\":\"https:\\\/\\\/expressometro.mx\\\/wp-content\\\/uploads\\\/2019\\\/07\\\/cropped-Logo-Expresso-Metropolitano-1-1.jpeg\",\"width\":290,\"height\":73,\"caption\":\"Expresso Metropolitano\"},\"image\":{\"@id\":\"https:\\\/\\\/expressometro.mx\\\/#\\\/schema\\\/logo\\\/image\\\/\"}},{\"@type\":\"Person\",\"@id\":\"https:\\\/\\\/expressometro.mx\\\/#\\\/schema\\\/person\\\/efa971b4a0664db8ed5c22b1b0dd2f5d\",\"name\":\"Expresso Metropolitano\",\"image\":{\"@type\":\"ImageObject\",\"inLanguage\":\"es\",\"@id\":\"https:\\\/\\\/secure.gravatar.com\\\/avatar\\\/a89f802b8de18c6952f223c88d3d106e9e3679839f4e25a02f4a6cc2ae6ba3b3?s=96&d=mm&r=g\",\"url\":\"https:\\\/\\\/secure.gravatar.com\\\/avatar\\\/a89f802b8de18c6952f223c88d3d106e9e3679839f4e25a02f4a6cc2ae6ba3b3?s=96&d=mm&r=g\",\"contentUrl\":\"https:\\\/\\\/secure.gravatar.com\\\/avatar\\\/a89f802b8de18c6952f223c88d3d106e9e3679839f4e25a02f4a6cc2ae6ba3b3?s=96&d=mm&r=g\",\"caption\":\"Expresso Metropolitano\"},\"url\":\"https:\\\/\\\/expressometro.mx\\\/index.php\\\/author\\\/diego\\\/\"}]}<\/script>\n<!-- \/ Yoast SEO plugin. -->","yoast_head_json":{"title":"APUESTA ORQUESTA SINF\u00d3NICA DEL ESTADO DE M\u00c9XICO A TRANSFORMACI\u00d3N SOCIAL A TRAV\u00c9S DE LA M\u00daSICA - Expresso Metropolitano","robots":{"index":"index","follow":"follow","max-snippet":"max-snippet:-1","max-image-preview":"max-image-preview:large","max-video-preview":"max-video-preview:-1"},"canonical":"https:\/\/expressometro.mx\/index.php\/2020\/02\/26\/apuesta-orquesta-sinfonica-del-estado-de-mexico-a-transformacion-social-a-traves-de-la-musica\/","og_locale":"es_MX","og_type":"article","og_title":"APUESTA ORQUESTA SINF\u00d3NICA DEL ESTADO DE M\u00c9XICO A TRANSFORMACI\u00d3N SOCIAL A TRAV\u00c9S DE LA M\u00daSICA - Expresso Metropolitano","og_description":"Comenzaron las funciones de los Conciertos Juveniles que la Orquesta Sinf\u00f3nica del Estado de M\u00e9xico (OSEM) ha preparado para los adolescentes, con dos objetivos espec\u00edficos: fomentar el gusto por la m\u00fasica orquestal y reforzar los valores que fortalecen el tejido social por medio de la obra \u201cQiqi\u201d. Estos conciertos han permitido cautivar a las y los j\u00f3venes, muestra de ello es que en estas presentaciones se dieron cita algunos que asistieron en 2019 a la presentaci\u00f3n de \u201cQuijote, vencedor de s\u00ed mismo\u201d, y con igual asombro vivieron \u201cQiqi\u201d, del m\u00fasico&hellip;","og_url":"https:\/\/expressometro.mx\/index.php\/2020\/02\/26\/apuesta-orquesta-sinfonica-del-estado-de-mexico-a-transformacion-social-a-traves-de-la-musica\/","og_site_name":"Expresso Metropolitano","article_published_time":"2020-02-26T19:26:13+00:00","article_modified_time":"2020-02-28T19:27:27+00:00","og_image":[{"width":1300,"height":866,"url":"https:\/\/expressometro.mx\/wp-content\/uploads\/2020\/02\/w2_12548_2.jpg","type":"image\/jpeg"}],"author":"Expresso Metropolitano","twitter_misc":{"Escrito por":"Expresso Metropolitano","Tiempo de lectura":"2 minutos"},"schema":{"@context":"https:\/\/schema.org","@graph":[{"@type":"Article","@id":"https:\/\/expressometro.mx\/index.php\/2020\/02\/26\/apuesta-orquesta-sinfonica-del-estado-de-mexico-a-transformacion-social-a-traves-de-la-musica\/#article","isPartOf":{"@id":"https:\/\/expressometro.mx\/index.php\/2020\/02\/26\/apuesta-orquesta-sinfonica-del-estado-de-mexico-a-transformacion-social-a-traves-de-la-musica\/"},"author":{"name":"Expresso Metropolitano","@id":"https:\/\/expressometro.mx\/#\/schema\/person\/efa971b4a0664db8ed5c22b1b0dd2f5d"},"headline":"APUESTA ORQUESTA SINF\u00d3NICA DEL ESTADO DE M\u00c9XICO A TRANSFORMACI\u00d3N SOCIAL A TRAV\u00c9S DE LA M\u00daSICA","datePublished":"2020-02-26T19:26:13+00:00","dateModified":"2020-02-28T19:27:27+00:00","mainEntityOfPage":{"@id":"https:\/\/expressometro.mx\/index.php\/2020\/02\/26\/apuesta-orquesta-sinfonica-del-estado-de-mexico-a-transformacion-social-a-traves-de-la-musica\/"},"wordCount":453,"commentCount":0,"publisher":{"@id":"https:\/\/expressometro.mx\/#organization"},"image":{"@id":"https:\/\/expressometro.mx\/index.php\/2020\/02\/26\/apuesta-orquesta-sinfonica-del-estado-de-mexico-a-transformacion-social-a-traves-de-la-musica\/#primaryimage"},"thumbnailUrl":"https:\/\/expressometro.mx\/wp-content\/uploads\/2020\/02\/w2_12548_2.jpg","articleSection":["Cultura","Gobierno"],"inLanguage":"es","potentialAction":[{"@type":"CommentAction","name":"Comment","target":["https:\/\/expressometro.mx\/index.php\/2020\/02\/26\/apuesta-orquesta-sinfonica-del-estado-de-mexico-a-transformacion-social-a-traves-de-la-musica\/#respond"]}]},{"@type":"WebPage","@id":"https:\/\/expressometro.mx\/index.php\/2020\/02\/26\/apuesta-orquesta-sinfonica-del-estado-de-mexico-a-transformacion-social-a-traves-de-la-musica\/","url":"https:\/\/expressometro.mx\/index.php\/2020\/02\/26\/apuesta-orquesta-sinfonica-del-estado-de-mexico-a-transformacion-social-a-traves-de-la-musica\/","name":"APUESTA ORQUESTA SINF\u00d3NICA DEL ESTADO DE M\u00c9XICO A TRANSFORMACI\u00d3N SOCIAL A TRAV\u00c9S DE LA M\u00daSICA - Expresso Metropolitano","isPartOf":{"@id":"https:\/\/expressometro.mx\/#website"},"primaryImageOfPage":{"@id":"https:\/\/expressometro.mx\/index.php\/2020\/02\/26\/apuesta-orquesta-sinfonica-del-estado-de-mexico-a-transformacion-social-a-traves-de-la-musica\/#primaryimage"},"image":{"@id":"https:\/\/expressometro.mx\/index.php\/2020\/02\/26\/apuesta-orquesta-sinfonica-del-estado-de-mexico-a-transformacion-social-a-traves-de-la-musica\/#primaryimage"},"thumbnailUrl":"https:\/\/expressometro.mx\/wp-content\/uploads\/2020\/02\/w2_12548_2.jpg","datePublished":"2020-02-26T19:26:13+00:00","dateModified":"2020-02-28T19:27:27+00:00","breadcrumb":{"@id":"https:\/\/expressometro.mx\/index.php\/2020\/02\/26\/apuesta-orquesta-sinfonica-del-estado-de-mexico-a-transformacion-social-a-traves-de-la-musica\/#breadcrumb"},"inLanguage":"es","potentialAction":[{"@type":"ReadAction","target":["https:\/\/expressometro.mx\/index.php\/2020\/02\/26\/apuesta-orquesta-sinfonica-del-estado-de-mexico-a-transformacion-social-a-traves-de-la-musica\/"]}]},{"@type":"ImageObject","inLanguage":"es","@id":"https:\/\/expressometro.mx\/index.php\/2020\/02\/26\/apuesta-orquesta-sinfonica-del-estado-de-mexico-a-transformacion-social-a-traves-de-la-musica\/#primaryimage","url":"https:\/\/expressometro.mx\/wp-content\/uploads\/2020\/02\/w2_12548_2.jpg","contentUrl":"https:\/\/expressometro.mx\/wp-content\/uploads\/2020\/02\/w2_12548_2.jpg","width":1300,"height":866},{"@type":"BreadcrumbList","@id":"https:\/\/expressometro.mx\/index.php\/2020\/02\/26\/apuesta-orquesta-sinfonica-del-estado-de-mexico-a-transformacion-social-a-traves-de-la-musica\/#breadcrumb","itemListElement":[{"@type":"ListItem","position":1,"name":"Inicio","item":"https:\/\/expressometro.mx\/"},{"@type":"ListItem","position":2,"name":"APUESTA ORQUESTA SINF\u00d3NICA DEL ESTADO DE M\u00c9XICO A TRANSFORMACI\u00d3N SOCIAL A TRAV\u00c9S DE LA M\u00daSICA"}]},{"@type":"WebSite","@id":"https:\/\/expressometro.mx\/#website","url":"https:\/\/expressometro.mx\/","name":"Expresso Metropolitano","description":"Periodismo comprometido, informaci\u00f3n, investigaci\u00f3n y an\u00e1lisis","publisher":{"@id":"https:\/\/expressometro.mx\/#organization"},"potentialAction":[{"@type":"SearchAction","target":{"@type":"EntryPoint","urlTemplate":"https:\/\/expressometro.mx\/?s={search_term_string}"},"query-input":{"@type":"PropertyValueSpecification","valueRequired":true,"valueName":"search_term_string"}}],"inLanguage":"es"},{"@type":"Organization","@id":"https:\/\/expressometro.mx\/#organization","name":"Expresso Metropolitano","url":"https:\/\/expressometro.mx\/","logo":{"@type":"ImageObject","inLanguage":"es","@id":"https:\/\/expressometro.mx\/#\/schema\/logo\/image\/","url":"https:\/\/expressometro.mx\/wp-content\/uploads\/2019\/07\/cropped-Logo-Expresso-Metropolitano-1-1.jpeg","contentUrl":"https:\/\/expressometro.mx\/wp-content\/uploads\/2019\/07\/cropped-Logo-Expresso-Metropolitano-1-1.jpeg","width":290,"height":73,"caption":"Expresso Metropolitano"},"image":{"@id":"https:\/\/expressometro.mx\/#\/schema\/logo\/image\/"}},{"@type":"Person","@id":"https:\/\/expressometro.mx\/#\/schema\/person\/efa971b4a0664db8ed5c22b1b0dd2f5d","name":"Expresso Metropolitano","image":{"@type":"ImageObject","inLanguage":"es","@id":"https:\/\/secure.gravatar.com\/avatar\/a89f802b8de18c6952f223c88d3d106e9e3679839f4e25a02f4a6cc2ae6ba3b3?s=96&d=mm&r=g","url":"https:\/\/secure.gravatar.com\/avatar\/a89f802b8de18c6952f223c88d3d106e9e3679839f4e25a02f4a6cc2ae6ba3b3?s=96&d=mm&r=g","contentUrl":"https:\/\/secure.gravatar.com\/avatar\/a89f802b8de18c6952f223c88d3d106e9e3679839f4e25a02f4a6cc2ae6ba3b3?s=96&d=mm&r=g","caption":"Expresso Metropolitano"},"url":"https:\/\/expressometro.mx\/index.php\/author\/diego\/"}]}},"amp_enabled":true,"_links":{"self":[{"href":"https:\/\/expressometro.mx\/index.php\/wp-json\/wp\/v2\/posts\/1264","targetHints":{"allow":["GET"]}}],"collection":[{"href":"https:\/\/expressometro.mx\/index.php\/wp-json\/wp\/v2\/posts"}],"about":[{"href":"https:\/\/expressometro.mx\/index.php\/wp-json\/wp\/v2\/types\/post"}],"author":[{"embeddable":true,"href":"https:\/\/expressometro.mx\/index.php\/wp-json\/wp\/v2\/users\/1"}],"replies":[{"embeddable":true,"href":"https:\/\/expressometro.mx\/index.php\/wp-json\/wp\/v2\/comments?post=1264"}],"version-history":[{"count":1,"href":"https:\/\/expressometro.mx\/index.php\/wp-json\/wp\/v2\/posts\/1264\/revisions"}],"predecessor-version":[{"id":1266,"href":"https:\/\/expressometro.mx\/index.php\/wp-json\/wp\/v2\/posts\/1264\/revisions\/1266"}],"wp:featuredmedia":[{"embeddable":true,"href":"https:\/\/expressometro.mx\/index.php\/wp-json\/wp\/v2\/media\/1265"}],"wp:attachment":[{"href":"https:\/\/expressometro.mx\/index.php\/wp-json\/wp\/v2\/media?parent=1264"}],"wp:term":[{"taxonomy":"category","embeddable":true,"href":"https:\/\/expressometro.mx\/index.php\/wp-json\/wp\/v2\/categories?post=1264"},{"taxonomy":"post_tag","embeddable":true,"href":"https:\/\/expressometro.mx\/index.php\/wp-json\/wp\/v2\/tags?post=1264"}],"curies":[{"name":"wp","href":"https:\/\/api.w.org\/{rel}","templated":true}]}}