{"id":1261,"date":"2020-02-26T13:22:48","date_gmt":"2020-02-26T19:22:48","guid":{"rendered":"http:\/\/expressometro.mx\/?p=1261"},"modified":"2020-02-28T13:25:55","modified_gmt":"2020-02-28T19:25:55","slug":"fortalece-gem-operativos-con-perspectiva-de-genero-en-el-transporte-publico","status":"publish","type":"post","link":"https:\/\/expressometro.mx\/index.php\/2020\/02\/26\/fortalece-gem-operativos-con-perspectiva-de-genero-en-el-transporte-publico\/","title":{"rendered":"FORTALECE GEM OPERATIVOS CON PERSPECTIVA DE G\u00c9NERO EN EL TRANSPORTE P\u00daBLICO"},"content":{"rendered":"\n<p>Con el fin de preservar la seguridad e integridad fi\u00b4sica de las mujeres a bordo del transporte p\u00fablico de mediana capacidad, el Gobierno del Estado de M\u00e9xico, a trav\u00e9s de la Secretar\u00eda de Movilidad, ha realizado ma\u00b4s de 250 operativos con perspectiva de ge\u00b4nero a bordo del transporte pu\u00b4blico en 31 municipios del Valle de Toluca y de la zona conurbada a la Ciudad de Me\u00b4xico, particularmente en rutas de mayor incidencia delictiva.<\/p>\n\n\n\n<p>El Secretario de Movilidad, Raymundo Marti\u00b4nez Carbajal, informo\u00b4 que durante estos operativos que se llevan a cabo desde hace ocho meses por instrucci\u00f3n del Gobernador Alfredo Del Mazo Maza, se han revisado a m\u00e1s de 162 mil usuarios y se ha logrado detener a 108 personas por diversos delitos o faltas, por lo que fueron puestas a disposici\u00f3n de la autoridad competente, en algunos casos por portaci\u00f3n de armas de fuego o drogas.<\/p>\n\n\n\n<p>El objetivo de este tipo de operativos, que se suman a otros para vigilar que el transporte de mediana capacidad cumpla con la norma, es evitar que las mujeres sean objeto de agresiones sexuales, fi\u00b4sicas o verbales durante su recorrido, adema\u00b4s de brindarles asesori\u00b4a juri\u00b4dica, psicolo\u00b4gica y de trabajo social.<\/p>\n\n\n\n<p>Por otro lado, informo\u00b4 que, a bordo de las unidades, se les proporciona informacio\u00b4n de sus derechos, asi\u00b4 como los diferentes tipos de agresio\u00b4n, con la finalidad de promover y fomentar la cultura de la denuncia en caso de ser vi\u00b4ctimas de violencia.<\/p>\n\n\n\n<p>Hasta el momento se han hecho inspecciones a casi 15 mil unidades, de las cuales se han llevado al corralo\u00b4n a alrededor de mil 300 por diversas irregularidades, que van desde la falta del tarjeto\u00b4n, la licencia del conductor, el seguro de vida vencido, hasta la falta de la concesio\u00b4n vigente.<\/p>\n\n\n\n<p>Asimismo, comento\u00b4 que se hicieron mil 600 exa\u00b4menes toxicolo\u00b4gicos en los que 30 operadores obtuvieron resultados positivos, por lo que ya fueron sancionados, adema\u00b4s de retirarles su licencia de manejo.<\/p>\n\n\n\n<p>Marti\u00b4nez Carbajal enfatizo\u00b4 que una de las prioridades del Gobernador Del Mazo Maza es garantizar la seguridad e integridad de las mujeres para disminuir los i\u00b4ndices de violencia, por tanto, instruyo\u00b4 reforzar este tipo de operativos y disminuir lo ma\u00b4s pronto posible las conductas antisociales que lesionan la integridad de la mujer.<\/p>\n\n\n\n<p>Como resultado de estos operativos, 158 personas ya solicitaron apoyo de manera personal para recibir asesor\u00eda jur\u00eddica, psicol\u00f3gica o de trabajo social.<\/p>\n\n\n\n<p>Finalmente, comento\u00b4 que estos operativos forman parte de un esfuerzo compartido con personal de la Secretari\u00b4a de Seguridad del Estado de Me\u00b4xico (SSEM), la Fiscali\u00b4a General de Justicia (FGJEM), la Comisio\u00b4n de Derechos Humanos estatal (Codhem), el Instituto de Verificacio\u00b4n Administrativa del Estado de Me\u00b4xico (Inveamex), el Consejo Estatal de la Mujer y Bienestar Social (CEMyBS) y la Comisio\u00b4n Ejecutiva de Atencio\u00b4n a Vi\u00b4ctimas del Estado de Me\u00b4xico (CEAVEM).<\/p>\n","protected":false},"excerpt":{"rendered":"<p>Con el fin de preservar la seguridad e integridad fi\u00b4sica de las mujeres a bordo del transporte p\u00fablico de mediana capacidad, el Gobierno del Estado de M\u00e9xico, a trav\u00e9s de la Secretar\u00eda de Movilidad, ha realizado ma\u00b4s de 250 operativos con perspectiva de ge\u00b4nero a bordo del transporte pu\u00b4blico en 31 municipios del Valle de Toluca y de la zona conurbada a la Ciudad de Me\u00b4xico, particularmente en rutas de mayor incidencia delictiva. El Secretario de Movilidad, Raymundo Marti\u00b4nez Carbajal, informo\u00b4 que durante estos operativos que se llevan a cabo&hellip;<\/p>\n","protected":false},"author":1,"featured_media":1262,"comment_status":"open","ping_status":"open","sticky":false,"template":"","format":"standard","meta":{"footnotes":""},"categories":[1],"tags":[],"class_list":["post-1261","post","type-post","status-publish","format-standard","has-post-thumbnail","hentry","category-otros"],"yoast_head":"<!-- This site is optimized with the Yoast SEO plugin v27.5 - https:\/\/yoast.com\/product\/yoast-seo-wordpress\/ -->\n<title>FORTALECE GEM OPERATIVOS CON PERSPECTIVA DE G\u00c9NERO EN EL TRANSPORTE P\u00daBLICO - Expresso Metropolitano<\/title>\n<meta name=\"robots\" content=\"index, follow, max-snippet:-1, max-image-preview:large, max-video-preview:-1\" \/>\n<link rel=\"canonical\" href=\"https:\/\/expressometro.mx\/index.php\/2020\/02\/26\/fortalece-gem-operativos-con-perspectiva-de-genero-en-el-transporte-publico\/\" \/>\n<meta property=\"og:locale\" content=\"es_MX\" \/>\n<meta property=\"og:type\" content=\"article\" \/>\n<meta property=\"og:title\" content=\"FORTALECE GEM OPERATIVOS CON PERSPECTIVA DE G\u00c9NERO EN EL TRANSPORTE P\u00daBLICO - Expresso Metropolitano\" \/>\n<meta property=\"og:description\" content=\"Con el fin de preservar la seguridad e integridad fi\u00b4sica de las mujeres a bordo del transporte p\u00fablico de mediana capacidad, el Gobierno del Estado de M\u00e9xico, a trav\u00e9s de la Secretar\u00eda de Movilidad, ha realizado ma\u00b4s de 250 operativos con perspectiva de ge\u00b4nero a bordo del transporte pu\u00b4blico en 31 municipios del Valle de Toluca y de la zona conurbada a la Ciudad de Me\u00b4xico, particularmente en rutas de mayor incidencia delictiva. El Secretario de Movilidad, Raymundo Marti\u00b4nez Carbajal, informo\u00b4 que durante estos operativos que se llevan a cabo&hellip;\" \/>\n<meta property=\"og:url\" content=\"https:\/\/expressometro.mx\/index.php\/2020\/02\/26\/fortalece-gem-operativos-con-perspectiva-de-genero-en-el-transporte-publico\/\" \/>\n<meta property=\"og:site_name\" content=\"Expresso Metropolitano\" \/>\n<meta property=\"article:published_time\" content=\"2020-02-26T19:22:48+00:00\" \/>\n<meta property=\"article:modified_time\" content=\"2020-02-28T19:25:55+00:00\" \/>\n<meta property=\"og:image\" content=\"https:\/\/expressometro.mx\/wp-content\/uploads\/2020\/02\/w2_12552_4.jpg\" \/>\n\t<meta property=\"og:image:width\" content=\"1280\" \/>\n\t<meta property=\"og:image:height\" content=\"853\" \/>\n\t<meta property=\"og:image:type\" content=\"image\/jpeg\" \/>\n<meta name=\"author\" content=\"Expresso Metropolitano\" \/>\n<meta name=\"twitter:label1\" content=\"Escrito por\" \/>\n\t<meta name=\"twitter:data1\" content=\"Expresso Metropolitano\" \/>\n\t<meta name=\"twitter:label2\" content=\"Tiempo de lectura\" \/>\n\t<meta name=\"twitter:data2\" content=\"2 minutos\" \/>\n<script type=\"application\/ld+json\" class=\"yoast-schema-graph\">{\"@context\":\"https:\\\/\\\/schema.org\",\"@graph\":[{\"@type\":\"Article\",\"@id\":\"https:\\\/\\\/expressometro.mx\\\/index.php\\\/2020\\\/02\\\/26\\\/fortalece-gem-operativos-con-perspectiva-de-genero-en-el-transporte-publico\\\/#article\",\"isPartOf\":{\"@id\":\"https:\\\/\\\/expressometro.mx\\\/index.php\\\/2020\\\/02\\\/26\\\/fortalece-gem-operativos-con-perspectiva-de-genero-en-el-transporte-publico\\\/\"},\"author\":{\"name\":\"Expresso Metropolitano\",\"@id\":\"https:\\\/\\\/expressometro.mx\\\/#\\\/schema\\\/person\\\/efa971b4a0664db8ed5c22b1b0dd2f5d\"},\"headline\":\"FORTALECE GEM OPERATIVOS CON PERSPECTIVA DE G\u00c9NERO EN EL TRANSPORTE P\u00daBLICO\",\"datePublished\":\"2020-02-26T19:22:48+00:00\",\"dateModified\":\"2020-02-28T19:25:55+00:00\",\"mainEntityOfPage\":{\"@id\":\"https:\\\/\\\/expressometro.mx\\\/index.php\\\/2020\\\/02\\\/26\\\/fortalece-gem-operativos-con-perspectiva-de-genero-en-el-transporte-publico\\\/\"},\"wordCount\":511,\"commentCount\":0,\"publisher\":{\"@id\":\"https:\\\/\\\/expressometro.mx\\\/#organization\"},\"image\":{\"@id\":\"https:\\\/\\\/expressometro.mx\\\/index.php\\\/2020\\\/02\\\/26\\\/fortalece-gem-operativos-con-perspectiva-de-genero-en-el-transporte-publico\\\/#primaryimage\"},\"thumbnailUrl\":\"https:\\\/\\\/expressometro.mx\\\/wp-content\\\/uploads\\\/2020\\\/02\\\/w2_12552_4.jpg\",\"articleSection\":[\"Otros\"],\"inLanguage\":\"es\",\"potentialAction\":[{\"@type\":\"CommentAction\",\"name\":\"Comment\",\"target\":[\"https:\\\/\\\/expressometro.mx\\\/index.php\\\/2020\\\/02\\\/26\\\/fortalece-gem-operativos-con-perspectiva-de-genero-en-el-transporte-publico\\\/#respond\"]}]},{\"@type\":\"WebPage\",\"@id\":\"https:\\\/\\\/expressometro.mx\\\/index.php\\\/2020\\\/02\\\/26\\\/fortalece-gem-operativos-con-perspectiva-de-genero-en-el-transporte-publico\\\/\",\"url\":\"https:\\\/\\\/expressometro.mx\\\/index.php\\\/2020\\\/02\\\/26\\\/fortalece-gem-operativos-con-perspectiva-de-genero-en-el-transporte-publico\\\/\",\"name\":\"FORTALECE GEM OPERATIVOS CON PERSPECTIVA DE G\u00c9NERO EN EL TRANSPORTE P\u00daBLICO - Expresso Metropolitano\",\"isPartOf\":{\"@id\":\"https:\\\/\\\/expressometro.mx\\\/#website\"},\"primaryImageOfPage\":{\"@id\":\"https:\\\/\\\/expressometro.mx\\\/index.php\\\/2020\\\/02\\\/26\\\/fortalece-gem-operativos-con-perspectiva-de-genero-en-el-transporte-publico\\\/#primaryimage\"},\"image\":{\"@id\":\"https:\\\/\\\/expressometro.mx\\\/index.php\\\/2020\\\/02\\\/26\\\/fortalece-gem-operativos-con-perspectiva-de-genero-en-el-transporte-publico\\\/#primaryimage\"},\"thumbnailUrl\":\"https:\\\/\\\/expressometro.mx\\\/wp-content\\\/uploads\\\/2020\\\/02\\\/w2_12552_4.jpg\",\"datePublished\":\"2020-02-26T19:22:48+00:00\",\"dateModified\":\"2020-02-28T19:25:55+00:00\",\"breadcrumb\":{\"@id\":\"https:\\\/\\\/expressometro.mx\\\/index.php\\\/2020\\\/02\\\/26\\\/fortalece-gem-operativos-con-perspectiva-de-genero-en-el-transporte-publico\\\/#breadcrumb\"},\"inLanguage\":\"es\",\"potentialAction\":[{\"@type\":\"ReadAction\",\"target\":[\"https:\\\/\\\/expressometro.mx\\\/index.php\\\/2020\\\/02\\\/26\\\/fortalece-gem-operativos-con-perspectiva-de-genero-en-el-transporte-publico\\\/\"]}]},{\"@type\":\"ImageObject\",\"inLanguage\":\"es\",\"@id\":\"https:\\\/\\\/expressometro.mx\\\/index.php\\\/2020\\\/02\\\/26\\\/fortalece-gem-operativos-con-perspectiva-de-genero-en-el-transporte-publico\\\/#primaryimage\",\"url\":\"https:\\\/\\\/expressometro.mx\\\/wp-content\\\/uploads\\\/2020\\\/02\\\/w2_12552_4.jpg\",\"contentUrl\":\"https:\\\/\\\/expressometro.mx\\\/wp-content\\\/uploads\\\/2020\\\/02\\\/w2_12552_4.jpg\",\"width\":1280,\"height\":853},{\"@type\":\"BreadcrumbList\",\"@id\":\"https:\\\/\\\/expressometro.mx\\\/index.php\\\/2020\\\/02\\\/26\\\/fortalece-gem-operativos-con-perspectiva-de-genero-en-el-transporte-publico\\\/#breadcrumb\",\"itemListElement\":[{\"@type\":\"ListItem\",\"position\":1,\"name\":\"Inicio\",\"item\":\"https:\\\/\\\/expressometro.mx\\\/\"},{\"@type\":\"ListItem\",\"position\":2,\"name\":\"FORTALECE GEM OPERATIVOS CON PERSPECTIVA DE G\u00c9NERO EN EL TRANSPORTE P\u00daBLICO\"}]},{\"@type\":\"WebSite\",\"@id\":\"https:\\\/\\\/expressometro.mx\\\/#website\",\"url\":\"https:\\\/\\\/expressometro.mx\\\/\",\"name\":\"Expresso Metropolitano\",\"description\":\"Periodismo comprometido, informaci\u00f3n, investigaci\u00f3n y an\u00e1lisis\",\"publisher\":{\"@id\":\"https:\\\/\\\/expressometro.mx\\\/#organization\"},\"potentialAction\":[{\"@type\":\"SearchAction\",\"target\":{\"@type\":\"EntryPoint\",\"urlTemplate\":\"https:\\\/\\\/expressometro.mx\\\/?s={search_term_string}\"},\"query-input\":{\"@type\":\"PropertyValueSpecification\",\"valueRequired\":true,\"valueName\":\"search_term_string\"}}],\"inLanguage\":\"es\"},{\"@type\":\"Organization\",\"@id\":\"https:\\\/\\\/expressometro.mx\\\/#organization\",\"name\":\"Expresso Metropolitano\",\"url\":\"https:\\\/\\\/expressometro.mx\\\/\",\"logo\":{\"@type\":\"ImageObject\",\"inLanguage\":\"es\",\"@id\":\"https:\\\/\\\/expressometro.mx\\\/#\\\/schema\\\/logo\\\/image\\\/\",\"url\":\"https:\\\/\\\/expressometro.mx\\\/wp-content\\\/uploads\\\/2019\\\/07\\\/cropped-Logo-Expresso-Metropolitano-1-1.jpeg\",\"contentUrl\":\"https:\\\/\\\/expressometro.mx\\\/wp-content\\\/uploads\\\/2019\\\/07\\\/cropped-Logo-Expresso-Metropolitano-1-1.jpeg\",\"width\":290,\"height\":73,\"caption\":\"Expresso Metropolitano\"},\"image\":{\"@id\":\"https:\\\/\\\/expressometro.mx\\\/#\\\/schema\\\/logo\\\/image\\\/\"}},{\"@type\":\"Person\",\"@id\":\"https:\\\/\\\/expressometro.mx\\\/#\\\/schema\\\/person\\\/efa971b4a0664db8ed5c22b1b0dd2f5d\",\"name\":\"Expresso Metropolitano\",\"image\":{\"@type\":\"ImageObject\",\"inLanguage\":\"es\",\"@id\":\"https:\\\/\\\/secure.gravatar.com\\\/avatar\\\/a89f802b8de18c6952f223c88d3d106e9e3679839f4e25a02f4a6cc2ae6ba3b3?s=96&d=mm&r=g\",\"url\":\"https:\\\/\\\/secure.gravatar.com\\\/avatar\\\/a89f802b8de18c6952f223c88d3d106e9e3679839f4e25a02f4a6cc2ae6ba3b3?s=96&d=mm&r=g\",\"contentUrl\":\"https:\\\/\\\/secure.gravatar.com\\\/avatar\\\/a89f802b8de18c6952f223c88d3d106e9e3679839f4e25a02f4a6cc2ae6ba3b3?s=96&d=mm&r=g\",\"caption\":\"Expresso Metropolitano\"},\"url\":\"https:\\\/\\\/expressometro.mx\\\/index.php\\\/author\\\/diego\\\/\"}]}<\/script>\n<!-- \/ Yoast SEO plugin. -->","yoast_head_json":{"title":"FORTALECE GEM OPERATIVOS CON PERSPECTIVA DE G\u00c9NERO EN EL TRANSPORTE P\u00daBLICO - Expresso Metropolitano","robots":{"index":"index","follow":"follow","max-snippet":"max-snippet:-1","max-image-preview":"max-image-preview:large","max-video-preview":"max-video-preview:-1"},"canonical":"https:\/\/expressometro.mx\/index.php\/2020\/02\/26\/fortalece-gem-operativos-con-perspectiva-de-genero-en-el-transporte-publico\/","og_locale":"es_MX","og_type":"article","og_title":"FORTALECE GEM OPERATIVOS CON PERSPECTIVA DE G\u00c9NERO EN EL TRANSPORTE P\u00daBLICO - Expresso Metropolitano","og_description":"Con el fin de preservar la seguridad e integridad fi\u00b4sica de las mujeres a bordo del transporte p\u00fablico de mediana capacidad, el Gobierno del Estado de M\u00e9xico, a trav\u00e9s de la Secretar\u00eda de Movilidad, ha realizado ma\u00b4s de 250 operativos con perspectiva de ge\u00b4nero a bordo del transporte pu\u00b4blico en 31 municipios del Valle de Toluca y de la zona conurbada a la Ciudad de Me\u00b4xico, particularmente en rutas de mayor incidencia delictiva. El Secretario de Movilidad, Raymundo Marti\u00b4nez Carbajal, informo\u00b4 que durante estos operativos que se llevan a cabo&hellip;","og_url":"https:\/\/expressometro.mx\/index.php\/2020\/02\/26\/fortalece-gem-operativos-con-perspectiva-de-genero-en-el-transporte-publico\/","og_site_name":"Expresso Metropolitano","article_published_time":"2020-02-26T19:22:48+00:00","article_modified_time":"2020-02-28T19:25:55+00:00","og_image":[{"width":1280,"height":853,"url":"https:\/\/expressometro.mx\/wp-content\/uploads\/2020\/02\/w2_12552_4.jpg","type":"image\/jpeg"}],"author":"Expresso Metropolitano","twitter_misc":{"Escrito por":"Expresso Metropolitano","Tiempo de lectura":"2 minutos"},"schema":{"@context":"https:\/\/schema.org","@graph":[{"@type":"Article","@id":"https:\/\/expressometro.mx\/index.php\/2020\/02\/26\/fortalece-gem-operativos-con-perspectiva-de-genero-en-el-transporte-publico\/#article","isPartOf":{"@id":"https:\/\/expressometro.mx\/index.php\/2020\/02\/26\/fortalece-gem-operativos-con-perspectiva-de-genero-en-el-transporte-publico\/"},"author":{"name":"Expresso Metropolitano","@id":"https:\/\/expressometro.mx\/#\/schema\/person\/efa971b4a0664db8ed5c22b1b0dd2f5d"},"headline":"FORTALECE GEM OPERATIVOS CON PERSPECTIVA DE G\u00c9NERO EN EL TRANSPORTE P\u00daBLICO","datePublished":"2020-02-26T19:22:48+00:00","dateModified":"2020-02-28T19:25:55+00:00","mainEntityOfPage":{"@id":"https:\/\/expressometro.mx\/index.php\/2020\/02\/26\/fortalece-gem-operativos-con-perspectiva-de-genero-en-el-transporte-publico\/"},"wordCount":511,"commentCount":0,"publisher":{"@id":"https:\/\/expressometro.mx\/#organization"},"image":{"@id":"https:\/\/expressometro.mx\/index.php\/2020\/02\/26\/fortalece-gem-operativos-con-perspectiva-de-genero-en-el-transporte-publico\/#primaryimage"},"thumbnailUrl":"https:\/\/expressometro.mx\/wp-content\/uploads\/2020\/02\/w2_12552_4.jpg","articleSection":["Otros"],"inLanguage":"es","potentialAction":[{"@type":"CommentAction","name":"Comment","target":["https:\/\/expressometro.mx\/index.php\/2020\/02\/26\/fortalece-gem-operativos-con-perspectiva-de-genero-en-el-transporte-publico\/#respond"]}]},{"@type":"WebPage","@id":"https:\/\/expressometro.mx\/index.php\/2020\/02\/26\/fortalece-gem-operativos-con-perspectiva-de-genero-en-el-transporte-publico\/","url":"https:\/\/expressometro.mx\/index.php\/2020\/02\/26\/fortalece-gem-operativos-con-perspectiva-de-genero-en-el-transporte-publico\/","name":"FORTALECE GEM OPERATIVOS CON PERSPECTIVA DE G\u00c9NERO EN EL TRANSPORTE P\u00daBLICO - Expresso Metropolitano","isPartOf":{"@id":"https:\/\/expressometro.mx\/#website"},"primaryImageOfPage":{"@id":"https:\/\/expressometro.mx\/index.php\/2020\/02\/26\/fortalece-gem-operativos-con-perspectiva-de-genero-en-el-transporte-publico\/#primaryimage"},"image":{"@id":"https:\/\/expressometro.mx\/index.php\/2020\/02\/26\/fortalece-gem-operativos-con-perspectiva-de-genero-en-el-transporte-publico\/#primaryimage"},"thumbnailUrl":"https:\/\/expressometro.mx\/wp-content\/uploads\/2020\/02\/w2_12552_4.jpg","datePublished":"2020-02-26T19:22:48+00:00","dateModified":"2020-02-28T19:25:55+00:00","breadcrumb":{"@id":"https:\/\/expressometro.mx\/index.php\/2020\/02\/26\/fortalece-gem-operativos-con-perspectiva-de-genero-en-el-transporte-publico\/#breadcrumb"},"inLanguage":"es","potentialAction":[{"@type":"ReadAction","target":["https:\/\/expressometro.mx\/index.php\/2020\/02\/26\/fortalece-gem-operativos-con-perspectiva-de-genero-en-el-transporte-publico\/"]}]},{"@type":"ImageObject","inLanguage":"es","@id":"https:\/\/expressometro.mx\/index.php\/2020\/02\/26\/fortalece-gem-operativos-con-perspectiva-de-genero-en-el-transporte-publico\/#primaryimage","url":"https:\/\/expressometro.mx\/wp-content\/uploads\/2020\/02\/w2_12552_4.jpg","contentUrl":"https:\/\/expressometro.mx\/wp-content\/uploads\/2020\/02\/w2_12552_4.jpg","width":1280,"height":853},{"@type":"BreadcrumbList","@id":"https:\/\/expressometro.mx\/index.php\/2020\/02\/26\/fortalece-gem-operativos-con-perspectiva-de-genero-en-el-transporte-publico\/#breadcrumb","itemListElement":[{"@type":"ListItem","position":1,"name":"Inicio","item":"https:\/\/expressometro.mx\/"},{"@type":"ListItem","position":2,"name":"FORTALECE GEM OPERATIVOS CON PERSPECTIVA DE G\u00c9NERO EN EL TRANSPORTE P\u00daBLICO"}]},{"@type":"WebSite","@id":"https:\/\/expressometro.mx\/#website","url":"https:\/\/expressometro.mx\/","name":"Expresso Metropolitano","description":"Periodismo comprometido, informaci\u00f3n, investigaci\u00f3n y an\u00e1lisis","publisher":{"@id":"https:\/\/expressometro.mx\/#organization"},"potentialAction":[{"@type":"SearchAction","target":{"@type":"EntryPoint","urlTemplate":"https:\/\/expressometro.mx\/?s={search_term_string}"},"query-input":{"@type":"PropertyValueSpecification","valueRequired":true,"valueName":"search_term_string"}}],"inLanguage":"es"},{"@type":"Organization","@id":"https:\/\/expressometro.mx\/#organization","name":"Expresso Metropolitano","url":"https:\/\/expressometro.mx\/","logo":{"@type":"ImageObject","inLanguage":"es","@id":"https:\/\/expressometro.mx\/#\/schema\/logo\/image\/","url":"https:\/\/expressometro.mx\/wp-content\/uploads\/2019\/07\/cropped-Logo-Expresso-Metropolitano-1-1.jpeg","contentUrl":"https:\/\/expressometro.mx\/wp-content\/uploads\/2019\/07\/cropped-Logo-Expresso-Metropolitano-1-1.jpeg","width":290,"height":73,"caption":"Expresso Metropolitano"},"image":{"@id":"https:\/\/expressometro.mx\/#\/schema\/logo\/image\/"}},{"@type":"Person","@id":"https:\/\/expressometro.mx\/#\/schema\/person\/efa971b4a0664db8ed5c22b1b0dd2f5d","name":"Expresso Metropolitano","image":{"@type":"ImageObject","inLanguage":"es","@id":"https:\/\/secure.gravatar.com\/avatar\/a89f802b8de18c6952f223c88d3d106e9e3679839f4e25a02f4a6cc2ae6ba3b3?s=96&d=mm&r=g","url":"https:\/\/secure.gravatar.com\/avatar\/a89f802b8de18c6952f223c88d3d106e9e3679839f4e25a02f4a6cc2ae6ba3b3?s=96&d=mm&r=g","contentUrl":"https:\/\/secure.gravatar.com\/avatar\/a89f802b8de18c6952f223c88d3d106e9e3679839f4e25a02f4a6cc2ae6ba3b3?s=96&d=mm&r=g","caption":"Expresso Metropolitano"},"url":"https:\/\/expressometro.mx\/index.php\/author\/diego\/"}]}},"amp_enabled":true,"_links":{"self":[{"href":"https:\/\/expressometro.mx\/index.php\/wp-json\/wp\/v2\/posts\/1261","targetHints":{"allow":["GET"]}}],"collection":[{"href":"https:\/\/expressometro.mx\/index.php\/wp-json\/wp\/v2\/posts"}],"about":[{"href":"https:\/\/expressometro.mx\/index.php\/wp-json\/wp\/v2\/types\/post"}],"author":[{"embeddable":true,"href":"https:\/\/expressometro.mx\/index.php\/wp-json\/wp\/v2\/users\/1"}],"replies":[{"embeddable":true,"href":"https:\/\/expressometro.mx\/index.php\/wp-json\/wp\/v2\/comments?post=1261"}],"version-history":[{"count":1,"href":"https:\/\/expressometro.mx\/index.php\/wp-json\/wp\/v2\/posts\/1261\/revisions"}],"predecessor-version":[{"id":1263,"href":"https:\/\/expressometro.mx\/index.php\/wp-json\/wp\/v2\/posts\/1261\/revisions\/1263"}],"wp:featuredmedia":[{"embeddable":true,"href":"https:\/\/expressometro.mx\/index.php\/wp-json\/wp\/v2\/media\/1262"}],"wp:attachment":[{"href":"https:\/\/expressometro.mx\/index.php\/wp-json\/wp\/v2\/media?parent=1261"}],"wp:term":[{"taxonomy":"category","embeddable":true,"href":"https:\/\/expressometro.mx\/index.php\/wp-json\/wp\/v2\/categories?post=1261"},{"taxonomy":"post_tag","embeddable":true,"href":"https:\/\/expressometro.mx\/index.php\/wp-json\/wp\/v2\/tags?post=1261"}],"curies":[{"name":"wp","href":"https:\/\/api.w.org\/{rel}","templated":true}]}}