{"id":1258,"date":"2020-02-25T13:21:39","date_gmt":"2020-02-25T19:21:39","guid":{"rendered":"http:\/\/expressometro.mx\/?p=1258"},"modified":"2020-02-28T13:22:40","modified_gmt":"2020-02-28T19:22:40","slug":"realiza-issemym-jornada-de-capacitacion-pediatrica","status":"publish","type":"post","link":"https:\/\/expressometro.mx\/index.php\/2020\/02\/25\/realiza-issemym-jornada-de-capacitacion-pediatrica\/","title":{"rendered":"REALIZA ISSEMYM JORNADA DE CAPACITACI\u00d3N PEDI\u00c1TRICA"},"content":{"rendered":"\n<p>Con el prop\u00f3sito de promover el \u00f3ptimo crecimiento y desarrollo f\u00edsico de los 45 mil infantes menores de cinco a\u00f1os que la instituci\u00f3n tiene afiliados, el Instituto de Seguridad Social del Estado de M\u00e9xico y Municipios (ISSEMyM) realiz\u00f3 el primer Curso de Enfermer\u00eda para Pacientes Pedi\u00e1tricos.<\/p>\n\n\n\n<p>Durante esta jornada, la responsable del \u00e1rea de Enfermer\u00eda del Hospital Regional Toluca, Ana Cristina Pedraza Bernal, resalt\u00f3 la importancia de fortalecer temas te\u00f3rico-pr\u00e1cticos para reducir la mortalidad, morbilidad y discapacidad en este grupo de edad.<\/p>\n\n\n\n<p>Indic\u00f3 que entre las acciones se encuentra la realizaci\u00f3n de tamices auditivos para identificar sordera cong\u00e9nita, los cuales consisten en colocar un peque\u00f1o aud\u00edfono en el o\u00eddo del beb\u00e9, para registrar su capacidad auditiva.<\/p>\n\n\n\n<p>Pedraza Bernal detall\u00f3 que el tiempo ideal para este estudio es desde el nacimiento hasta los tres meses de edad y precis\u00f3 que, a la fecha, en el Hospital Regional Toluca se han realizado 500 estudios de esta naturaleza.<\/p>\n\n\n\n<p>La implementaci\u00f3n de este tipo de estrategias de prevenci\u00f3n se complementa con procesos de atenci\u00f3n sanitaria, integrada y eficaz, que va desde el embarazo sano, parto y evoluci\u00f3n hasta los cinco a\u00f1os de vida.<\/p>\n\n\n\n<p>A\u00f1adi\u00f3 que los ni\u00f1os y los reci\u00e9n nacidos son especialmente vulnerables frente a la malnutrici\u00f3n y las enfermedades infecciosas, prevenibles o tratables, de ah\u00ed la importancia que el personal se mantenga a la vanguardia en temas de salud.<\/p>\n\n\n\n<ul class=\"wp-block-list\"><li><\/li><\/ul>\n","protected":false},"excerpt":{"rendered":"<p>Con el prop\u00f3sito de promover el \u00f3ptimo crecimiento y desarrollo f\u00edsico de los 45 mil infantes menores de cinco a\u00f1os que la instituci\u00f3n tiene afiliados, el Instituto de Seguridad Social del Estado de M\u00e9xico y Municipios (ISSEMyM) realiz\u00f3 el primer Curso de Enfermer\u00eda para Pacientes Pedi\u00e1tricos. Durante esta jornada, la responsable del \u00e1rea de Enfermer\u00eda del Hospital Regional Toluca, Ana Cristina Pedraza Bernal, resalt\u00f3 la importancia de fortalecer temas te\u00f3rico-pr\u00e1cticos para reducir la mortalidad, morbilidad y discapacidad en este grupo de edad. Indic\u00f3 que entre las acciones se encuentra la&hellip;<\/p>\n","protected":false},"author":1,"featured_media":1259,"comment_status":"open","ping_status":"open","sticky":false,"template":"","format":"standard","meta":{"footnotes":""},"categories":[1],"tags":[],"class_list":["post-1258","post","type-post","status-publish","format-standard","has-post-thumbnail","hentry","category-otros"],"yoast_head":"<!-- This site is optimized with the Yoast SEO plugin v27.5 - https:\/\/yoast.com\/product\/yoast-seo-wordpress\/ -->\n<title>REALIZA ISSEMYM JORNADA DE CAPACITACI\u00d3N PEDI\u00c1TRICA - Expresso Metropolitano<\/title>\n<meta name=\"robots\" content=\"index, follow, max-snippet:-1, max-image-preview:large, max-video-preview:-1\" \/>\n<link rel=\"canonical\" href=\"https:\/\/expressometro.mx\/index.php\/2020\/02\/25\/realiza-issemym-jornada-de-capacitacion-pediatrica\/\" \/>\n<meta property=\"og:locale\" content=\"es_MX\" \/>\n<meta property=\"og:type\" content=\"article\" \/>\n<meta property=\"og:title\" content=\"REALIZA ISSEMYM JORNADA DE CAPACITACI\u00d3N PEDI\u00c1TRICA - Expresso Metropolitano\" \/>\n<meta property=\"og:description\" content=\"Con el prop\u00f3sito de promover el \u00f3ptimo crecimiento y desarrollo f\u00edsico de los 45 mil infantes menores de cinco a\u00f1os que la instituci\u00f3n tiene afiliados, el Instituto de Seguridad Social del Estado de M\u00e9xico y Municipios (ISSEMyM) realiz\u00f3 el primer Curso de Enfermer\u00eda para Pacientes Pedi\u00e1tricos. Durante esta jornada, la responsable del \u00e1rea de Enfermer\u00eda del Hospital Regional Toluca, Ana Cristina Pedraza Bernal, resalt\u00f3 la importancia de fortalecer temas te\u00f3rico-pr\u00e1cticos para reducir la mortalidad, morbilidad y discapacidad en este grupo de edad. Indic\u00f3 que entre las acciones se encuentra la&hellip;\" \/>\n<meta property=\"og:url\" content=\"https:\/\/expressometro.mx\/index.php\/2020\/02\/25\/realiza-issemym-jornada-de-capacitacion-pediatrica\/\" \/>\n<meta property=\"og:site_name\" content=\"Expresso Metropolitano\" \/>\n<meta property=\"article:published_time\" content=\"2020-02-25T19:21:39+00:00\" \/>\n<meta property=\"article:modified_time\" content=\"2020-02-28T19:22:40+00:00\" \/>\n<meta property=\"og:image\" content=\"https:\/\/expressometro.mx\/wp-content\/uploads\/2020\/02\/w2_12528_1.jpg\" \/>\n\t<meta property=\"og:image:width\" content=\"1080\" \/>\n\t<meta property=\"og:image:height\" content=\"784\" \/>\n\t<meta property=\"og:image:type\" content=\"image\/jpeg\" \/>\n<meta name=\"author\" content=\"Expresso Metropolitano\" \/>\n<meta name=\"twitter:label1\" content=\"Escrito por\" \/>\n\t<meta name=\"twitter:data1\" content=\"Expresso Metropolitano\" \/>\n\t<meta name=\"twitter:label2\" content=\"Tiempo de lectura\" \/>\n\t<meta name=\"twitter:data2\" content=\"1 minuto\" \/>\n<script type=\"application\/ld+json\" class=\"yoast-schema-graph\">{\"@context\":\"https:\\\/\\\/schema.org\",\"@graph\":[{\"@type\":\"Article\",\"@id\":\"https:\\\/\\\/expressometro.mx\\\/index.php\\\/2020\\\/02\\\/25\\\/realiza-issemym-jornada-de-capacitacion-pediatrica\\\/#article\",\"isPartOf\":{\"@id\":\"https:\\\/\\\/expressometro.mx\\\/index.php\\\/2020\\\/02\\\/25\\\/realiza-issemym-jornada-de-capacitacion-pediatrica\\\/\"},\"author\":{\"name\":\"Expresso Metropolitano\",\"@id\":\"https:\\\/\\\/expressometro.mx\\\/#\\\/schema\\\/person\\\/efa971b4a0664db8ed5c22b1b0dd2f5d\"},\"headline\":\"REALIZA ISSEMYM JORNADA DE CAPACITACI\u00d3N PEDI\u00c1TRICA\",\"datePublished\":\"2020-02-25T19:21:39+00:00\",\"dateModified\":\"2020-02-28T19:22:40+00:00\",\"mainEntityOfPage\":{\"@id\":\"https:\\\/\\\/expressometro.mx\\\/index.php\\\/2020\\\/02\\\/25\\\/realiza-issemym-jornada-de-capacitacion-pediatrica\\\/\"},\"wordCount\":257,\"commentCount\":0,\"publisher\":{\"@id\":\"https:\\\/\\\/expressometro.mx\\\/#organization\"},\"image\":{\"@id\":\"https:\\\/\\\/expressometro.mx\\\/index.php\\\/2020\\\/02\\\/25\\\/realiza-issemym-jornada-de-capacitacion-pediatrica\\\/#primaryimage\"},\"thumbnailUrl\":\"https:\\\/\\\/expressometro.mx\\\/wp-content\\\/uploads\\\/2020\\\/02\\\/w2_12528_1.jpg\",\"articleSection\":[\"Otros\"],\"inLanguage\":\"es\",\"potentialAction\":[{\"@type\":\"CommentAction\",\"name\":\"Comment\",\"target\":[\"https:\\\/\\\/expressometro.mx\\\/index.php\\\/2020\\\/02\\\/25\\\/realiza-issemym-jornada-de-capacitacion-pediatrica\\\/#respond\"]}]},{\"@type\":\"WebPage\",\"@id\":\"https:\\\/\\\/expressometro.mx\\\/index.php\\\/2020\\\/02\\\/25\\\/realiza-issemym-jornada-de-capacitacion-pediatrica\\\/\",\"url\":\"https:\\\/\\\/expressometro.mx\\\/index.php\\\/2020\\\/02\\\/25\\\/realiza-issemym-jornada-de-capacitacion-pediatrica\\\/\",\"name\":\"REALIZA ISSEMYM JORNADA DE CAPACITACI\u00d3N PEDI\u00c1TRICA - Expresso Metropolitano\",\"isPartOf\":{\"@id\":\"https:\\\/\\\/expressometro.mx\\\/#website\"},\"primaryImageOfPage\":{\"@id\":\"https:\\\/\\\/expressometro.mx\\\/index.php\\\/2020\\\/02\\\/25\\\/realiza-issemym-jornada-de-capacitacion-pediatrica\\\/#primaryimage\"},\"image\":{\"@id\":\"https:\\\/\\\/expressometro.mx\\\/index.php\\\/2020\\\/02\\\/25\\\/realiza-issemym-jornada-de-capacitacion-pediatrica\\\/#primaryimage\"},\"thumbnailUrl\":\"https:\\\/\\\/expressometro.mx\\\/wp-content\\\/uploads\\\/2020\\\/02\\\/w2_12528_1.jpg\",\"datePublished\":\"2020-02-25T19:21:39+00:00\",\"dateModified\":\"2020-02-28T19:22:40+00:00\",\"breadcrumb\":{\"@id\":\"https:\\\/\\\/expressometro.mx\\\/index.php\\\/2020\\\/02\\\/25\\\/realiza-issemym-jornada-de-capacitacion-pediatrica\\\/#breadcrumb\"},\"inLanguage\":\"es\",\"potentialAction\":[{\"@type\":\"ReadAction\",\"target\":[\"https:\\\/\\\/expressometro.mx\\\/index.php\\\/2020\\\/02\\\/25\\\/realiza-issemym-jornada-de-capacitacion-pediatrica\\\/\"]}]},{\"@type\":\"ImageObject\",\"inLanguage\":\"es\",\"@id\":\"https:\\\/\\\/expressometro.mx\\\/index.php\\\/2020\\\/02\\\/25\\\/realiza-issemym-jornada-de-capacitacion-pediatrica\\\/#primaryimage\",\"url\":\"https:\\\/\\\/expressometro.mx\\\/wp-content\\\/uploads\\\/2020\\\/02\\\/w2_12528_1.jpg\",\"contentUrl\":\"https:\\\/\\\/expressometro.mx\\\/wp-content\\\/uploads\\\/2020\\\/02\\\/w2_12528_1.jpg\",\"width\":1080,\"height\":784},{\"@type\":\"BreadcrumbList\",\"@id\":\"https:\\\/\\\/expressometro.mx\\\/index.php\\\/2020\\\/02\\\/25\\\/realiza-issemym-jornada-de-capacitacion-pediatrica\\\/#breadcrumb\",\"itemListElement\":[{\"@type\":\"ListItem\",\"position\":1,\"name\":\"Inicio\",\"item\":\"https:\\\/\\\/expressometro.mx\\\/\"},{\"@type\":\"ListItem\",\"position\":2,\"name\":\"REALIZA ISSEMYM JORNADA DE CAPACITACI\u00d3N PEDI\u00c1TRICA\"}]},{\"@type\":\"WebSite\",\"@id\":\"https:\\\/\\\/expressometro.mx\\\/#website\",\"url\":\"https:\\\/\\\/expressometro.mx\\\/\",\"name\":\"Expresso Metropolitano\",\"description\":\"Periodismo comprometido, informaci\u00f3n, investigaci\u00f3n y an\u00e1lisis\",\"publisher\":{\"@id\":\"https:\\\/\\\/expressometro.mx\\\/#organization\"},\"potentialAction\":[{\"@type\":\"SearchAction\",\"target\":{\"@type\":\"EntryPoint\",\"urlTemplate\":\"https:\\\/\\\/expressometro.mx\\\/?s={search_term_string}\"},\"query-input\":{\"@type\":\"PropertyValueSpecification\",\"valueRequired\":true,\"valueName\":\"search_term_string\"}}],\"inLanguage\":\"es\"},{\"@type\":\"Organization\",\"@id\":\"https:\\\/\\\/expressometro.mx\\\/#organization\",\"name\":\"Expresso Metropolitano\",\"url\":\"https:\\\/\\\/expressometro.mx\\\/\",\"logo\":{\"@type\":\"ImageObject\",\"inLanguage\":\"es\",\"@id\":\"https:\\\/\\\/expressometro.mx\\\/#\\\/schema\\\/logo\\\/image\\\/\",\"url\":\"https:\\\/\\\/expressometro.mx\\\/wp-content\\\/uploads\\\/2019\\\/07\\\/cropped-Logo-Expresso-Metropolitano-1-1.jpeg\",\"contentUrl\":\"https:\\\/\\\/expressometro.mx\\\/wp-content\\\/uploads\\\/2019\\\/07\\\/cropped-Logo-Expresso-Metropolitano-1-1.jpeg\",\"width\":290,\"height\":73,\"caption\":\"Expresso Metropolitano\"},\"image\":{\"@id\":\"https:\\\/\\\/expressometro.mx\\\/#\\\/schema\\\/logo\\\/image\\\/\"}},{\"@type\":\"Person\",\"@id\":\"https:\\\/\\\/expressometro.mx\\\/#\\\/schema\\\/person\\\/efa971b4a0664db8ed5c22b1b0dd2f5d\",\"name\":\"Expresso Metropolitano\",\"image\":{\"@type\":\"ImageObject\",\"inLanguage\":\"es\",\"@id\":\"https:\\\/\\\/secure.gravatar.com\\\/avatar\\\/a89f802b8de18c6952f223c88d3d106e9e3679839f4e25a02f4a6cc2ae6ba3b3?s=96&d=mm&r=g\",\"url\":\"https:\\\/\\\/secure.gravatar.com\\\/avatar\\\/a89f802b8de18c6952f223c88d3d106e9e3679839f4e25a02f4a6cc2ae6ba3b3?s=96&d=mm&r=g\",\"contentUrl\":\"https:\\\/\\\/secure.gravatar.com\\\/avatar\\\/a89f802b8de18c6952f223c88d3d106e9e3679839f4e25a02f4a6cc2ae6ba3b3?s=96&d=mm&r=g\",\"caption\":\"Expresso Metropolitano\"},\"url\":\"https:\\\/\\\/expressometro.mx\\\/index.php\\\/author\\\/diego\\\/\"}]}<\/script>\n<!-- \/ Yoast SEO plugin. -->","yoast_head_json":{"title":"REALIZA ISSEMYM JORNADA DE CAPACITACI\u00d3N PEDI\u00c1TRICA - Expresso Metropolitano","robots":{"index":"index","follow":"follow","max-snippet":"max-snippet:-1","max-image-preview":"max-image-preview:large","max-video-preview":"max-video-preview:-1"},"canonical":"https:\/\/expressometro.mx\/index.php\/2020\/02\/25\/realiza-issemym-jornada-de-capacitacion-pediatrica\/","og_locale":"es_MX","og_type":"article","og_title":"REALIZA ISSEMYM JORNADA DE CAPACITACI\u00d3N PEDI\u00c1TRICA - Expresso Metropolitano","og_description":"Con el prop\u00f3sito de promover el \u00f3ptimo crecimiento y desarrollo f\u00edsico de los 45 mil infantes menores de cinco a\u00f1os que la instituci\u00f3n tiene afiliados, el Instituto de Seguridad Social del Estado de M\u00e9xico y Municipios (ISSEMyM) realiz\u00f3 el primer Curso de Enfermer\u00eda para Pacientes Pedi\u00e1tricos. Durante esta jornada, la responsable del \u00e1rea de Enfermer\u00eda del Hospital Regional Toluca, Ana Cristina Pedraza Bernal, resalt\u00f3 la importancia de fortalecer temas te\u00f3rico-pr\u00e1cticos para reducir la mortalidad, morbilidad y discapacidad en este grupo de edad. Indic\u00f3 que entre las acciones se encuentra la&hellip;","og_url":"https:\/\/expressometro.mx\/index.php\/2020\/02\/25\/realiza-issemym-jornada-de-capacitacion-pediatrica\/","og_site_name":"Expresso Metropolitano","article_published_time":"2020-02-25T19:21:39+00:00","article_modified_time":"2020-02-28T19:22:40+00:00","og_image":[{"width":1080,"height":784,"url":"https:\/\/expressometro.mx\/wp-content\/uploads\/2020\/02\/w2_12528_1.jpg","type":"image\/jpeg"}],"author":"Expresso Metropolitano","twitter_misc":{"Escrito por":"Expresso Metropolitano","Tiempo de lectura":"1 minuto"},"schema":{"@context":"https:\/\/schema.org","@graph":[{"@type":"Article","@id":"https:\/\/expressometro.mx\/index.php\/2020\/02\/25\/realiza-issemym-jornada-de-capacitacion-pediatrica\/#article","isPartOf":{"@id":"https:\/\/expressometro.mx\/index.php\/2020\/02\/25\/realiza-issemym-jornada-de-capacitacion-pediatrica\/"},"author":{"name":"Expresso Metropolitano","@id":"https:\/\/expressometro.mx\/#\/schema\/person\/efa971b4a0664db8ed5c22b1b0dd2f5d"},"headline":"REALIZA ISSEMYM JORNADA DE CAPACITACI\u00d3N PEDI\u00c1TRICA","datePublished":"2020-02-25T19:21:39+00:00","dateModified":"2020-02-28T19:22:40+00:00","mainEntityOfPage":{"@id":"https:\/\/expressometro.mx\/index.php\/2020\/02\/25\/realiza-issemym-jornada-de-capacitacion-pediatrica\/"},"wordCount":257,"commentCount":0,"publisher":{"@id":"https:\/\/expressometro.mx\/#organization"},"image":{"@id":"https:\/\/expressometro.mx\/index.php\/2020\/02\/25\/realiza-issemym-jornada-de-capacitacion-pediatrica\/#primaryimage"},"thumbnailUrl":"https:\/\/expressometro.mx\/wp-content\/uploads\/2020\/02\/w2_12528_1.jpg","articleSection":["Otros"],"inLanguage":"es","potentialAction":[{"@type":"CommentAction","name":"Comment","target":["https:\/\/expressometro.mx\/index.php\/2020\/02\/25\/realiza-issemym-jornada-de-capacitacion-pediatrica\/#respond"]}]},{"@type":"WebPage","@id":"https:\/\/expressometro.mx\/index.php\/2020\/02\/25\/realiza-issemym-jornada-de-capacitacion-pediatrica\/","url":"https:\/\/expressometro.mx\/index.php\/2020\/02\/25\/realiza-issemym-jornada-de-capacitacion-pediatrica\/","name":"REALIZA ISSEMYM JORNADA DE CAPACITACI\u00d3N PEDI\u00c1TRICA - Expresso Metropolitano","isPartOf":{"@id":"https:\/\/expressometro.mx\/#website"},"primaryImageOfPage":{"@id":"https:\/\/expressometro.mx\/index.php\/2020\/02\/25\/realiza-issemym-jornada-de-capacitacion-pediatrica\/#primaryimage"},"image":{"@id":"https:\/\/expressometro.mx\/index.php\/2020\/02\/25\/realiza-issemym-jornada-de-capacitacion-pediatrica\/#primaryimage"},"thumbnailUrl":"https:\/\/expressometro.mx\/wp-content\/uploads\/2020\/02\/w2_12528_1.jpg","datePublished":"2020-02-25T19:21:39+00:00","dateModified":"2020-02-28T19:22:40+00:00","breadcrumb":{"@id":"https:\/\/expressometro.mx\/index.php\/2020\/02\/25\/realiza-issemym-jornada-de-capacitacion-pediatrica\/#breadcrumb"},"inLanguage":"es","potentialAction":[{"@type":"ReadAction","target":["https:\/\/expressometro.mx\/index.php\/2020\/02\/25\/realiza-issemym-jornada-de-capacitacion-pediatrica\/"]}]},{"@type":"ImageObject","inLanguage":"es","@id":"https:\/\/expressometro.mx\/index.php\/2020\/02\/25\/realiza-issemym-jornada-de-capacitacion-pediatrica\/#primaryimage","url":"https:\/\/expressometro.mx\/wp-content\/uploads\/2020\/02\/w2_12528_1.jpg","contentUrl":"https:\/\/expressometro.mx\/wp-content\/uploads\/2020\/02\/w2_12528_1.jpg","width":1080,"height":784},{"@type":"BreadcrumbList","@id":"https:\/\/expressometro.mx\/index.php\/2020\/02\/25\/realiza-issemym-jornada-de-capacitacion-pediatrica\/#breadcrumb","itemListElement":[{"@type":"ListItem","position":1,"name":"Inicio","item":"https:\/\/expressometro.mx\/"},{"@type":"ListItem","position":2,"name":"REALIZA ISSEMYM JORNADA DE CAPACITACI\u00d3N PEDI\u00c1TRICA"}]},{"@type":"WebSite","@id":"https:\/\/expressometro.mx\/#website","url":"https:\/\/expressometro.mx\/","name":"Expresso Metropolitano","description":"Periodismo comprometido, informaci\u00f3n, investigaci\u00f3n y an\u00e1lisis","publisher":{"@id":"https:\/\/expressometro.mx\/#organization"},"potentialAction":[{"@type":"SearchAction","target":{"@type":"EntryPoint","urlTemplate":"https:\/\/expressometro.mx\/?s={search_term_string}"},"query-input":{"@type":"PropertyValueSpecification","valueRequired":true,"valueName":"search_term_string"}}],"inLanguage":"es"},{"@type":"Organization","@id":"https:\/\/expressometro.mx\/#organization","name":"Expresso Metropolitano","url":"https:\/\/expressometro.mx\/","logo":{"@type":"ImageObject","inLanguage":"es","@id":"https:\/\/expressometro.mx\/#\/schema\/logo\/image\/","url":"https:\/\/expressometro.mx\/wp-content\/uploads\/2019\/07\/cropped-Logo-Expresso-Metropolitano-1-1.jpeg","contentUrl":"https:\/\/expressometro.mx\/wp-content\/uploads\/2019\/07\/cropped-Logo-Expresso-Metropolitano-1-1.jpeg","width":290,"height":73,"caption":"Expresso Metropolitano"},"image":{"@id":"https:\/\/expressometro.mx\/#\/schema\/logo\/image\/"}},{"@type":"Person","@id":"https:\/\/expressometro.mx\/#\/schema\/person\/efa971b4a0664db8ed5c22b1b0dd2f5d","name":"Expresso Metropolitano","image":{"@type":"ImageObject","inLanguage":"es","@id":"https:\/\/secure.gravatar.com\/avatar\/a89f802b8de18c6952f223c88d3d106e9e3679839f4e25a02f4a6cc2ae6ba3b3?s=96&d=mm&r=g","url":"https:\/\/secure.gravatar.com\/avatar\/a89f802b8de18c6952f223c88d3d106e9e3679839f4e25a02f4a6cc2ae6ba3b3?s=96&d=mm&r=g","contentUrl":"https:\/\/secure.gravatar.com\/avatar\/a89f802b8de18c6952f223c88d3d106e9e3679839f4e25a02f4a6cc2ae6ba3b3?s=96&d=mm&r=g","caption":"Expresso Metropolitano"},"url":"https:\/\/expressometro.mx\/index.php\/author\/diego\/"}]}},"amp_enabled":true,"_links":{"self":[{"href":"https:\/\/expressometro.mx\/index.php\/wp-json\/wp\/v2\/posts\/1258","targetHints":{"allow":["GET"]}}],"collection":[{"href":"https:\/\/expressometro.mx\/index.php\/wp-json\/wp\/v2\/posts"}],"about":[{"href":"https:\/\/expressometro.mx\/index.php\/wp-json\/wp\/v2\/types\/post"}],"author":[{"embeddable":true,"href":"https:\/\/expressometro.mx\/index.php\/wp-json\/wp\/v2\/users\/1"}],"replies":[{"embeddable":true,"href":"https:\/\/expressometro.mx\/index.php\/wp-json\/wp\/v2\/comments?post=1258"}],"version-history":[{"count":1,"href":"https:\/\/expressometro.mx\/index.php\/wp-json\/wp\/v2\/posts\/1258\/revisions"}],"predecessor-version":[{"id":1260,"href":"https:\/\/expressometro.mx\/index.php\/wp-json\/wp\/v2\/posts\/1258\/revisions\/1260"}],"wp:featuredmedia":[{"embeddable":true,"href":"https:\/\/expressometro.mx\/index.php\/wp-json\/wp\/v2\/media\/1259"}],"wp:attachment":[{"href":"https:\/\/expressometro.mx\/index.php\/wp-json\/wp\/v2\/media?parent=1258"}],"wp:term":[{"taxonomy":"category","embeddable":true,"href":"https:\/\/expressometro.mx\/index.php\/wp-json\/wp\/v2\/categories?post=1258"},{"taxonomy":"post_tag","embeddable":true,"href":"https:\/\/expressometro.mx\/index.php\/wp-json\/wp\/v2\/tags?post=1258"}],"curies":[{"name":"wp","href":"https:\/\/api.w.org\/{rel}","templated":true}]}}