{"id":1235,"date":"2020-02-04T12:56:35","date_gmt":"2020-02-04T18:56:35","guid":{"rendered":"http:\/\/expressometro.mx\/?p=1235"},"modified":"2020-02-28T12:57:49","modified_gmt":"2020-02-28T18:57:49","slug":"continua-secretaria-de-salud-del-edomex-con-reforzamiento-de-acciones-por-coronavirus","status":"publish","type":"post","link":"https:\/\/expressometro.mx\/index.php\/2020\/02\/04\/continua-secretaria-de-salud-del-edomex-con-reforzamiento-de-acciones-por-coronavirus\/","title":{"rendered":"CONTIN\u00daA SECRETAR\u00cdA DE SALUD DEL EDOM\u00c9X CON REFORZAMIENTO DE ACCIONES POR CORONAVIRUS"},"content":{"rendered":"\n<p>&nbsp;La Secretar\u00eda de Salud del Estado de M\u00e9xico informa que si bien en el pa\u00eds no hay circulaci\u00f3n del Coronavirus de Wuhan, China, en la entidad se design\u00f3 al Centro M\u00e9dico \u201cLic. Adolfo L\u00f3pez Mateos\u201d y al Hospital Regional de Alta Especialidad de Zumpango (HRAEZ), como unidades para la concentraci\u00f3n de casos positivos graves.<\/p>\n\n\n\n<p>Se\u00f1ala que esta medida forma parte de la estrategia de vigilancia epidemiol\u00f3gica para hacer frente a una posible contingencia por este padecimiento; adem\u00e1s, reitera que la mayor\u00eda de los casos no ameritan hospitalizaci\u00f3n, ya que pueden tratarse con aislamiento en casa.<\/p>\n\n\n\n<p>Al sesionar nuevamente en la Mesa de Situaci\u00f3n y por instrucciones del Doctor Gabriel O\u2019Shea Cuevas, la dependencia detalla que lo anterior se suma a las acciones permanentes que se llevan a cabo desde hace tres semanas en el Instituto de Salud del Estado de M\u00e9xico (ISEM), a las cuales, se adhirieron otros organismos del sector, as\u00ed como dependencias estatales.<\/p>\n\n\n\n<p>Asimismo, destaca que el sistema de salud mexiquense se encuentra preparado, pues cuenta con personal experimentado que hizo frente a la pandemia de influenza H1N1 que se present\u00f3 en 2009.<\/p>\n\n\n\n<p>La Secretar\u00eda de Salud estatal reitera que, para ser un caso sospechoso, el paciente debe tener antecedente de haber viajado a China entre diciembre de 2019 y enero de este a\u00f1o, o alguna de las ciudades que han registrado casos positivos.<\/p>\n\n\n\n<p>Finalmente, la dependencia estatal hace un llamado a la poblaci\u00f3n a mantenerse informada por v\u00edas oficiales.<\/p>\n","protected":false},"excerpt":{"rendered":"<p>&nbsp;La Secretar\u00eda de Salud del Estado de M\u00e9xico informa que si bien en el pa\u00eds no hay circulaci\u00f3n del Coronavirus de Wuhan, China, en la entidad se design\u00f3 al Centro M\u00e9dico \u201cLic. Adolfo L\u00f3pez Mateos\u201d y al Hospital Regional de Alta Especialidad de Zumpango (HRAEZ), como unidades para la concentraci\u00f3n de casos positivos graves. Se\u00f1ala que esta medida forma parte de la estrategia de vigilancia epidemiol\u00f3gica para hacer frente a una posible contingencia por este padecimiento; adem\u00e1s, reitera que la mayor\u00eda de los casos no ameritan hospitalizaci\u00f3n, ya que pueden&hellip;<\/p>\n","protected":false},"author":1,"featured_media":1236,"comment_status":"open","ping_status":"open","sticky":false,"template":"","format":"standard","meta":{"footnotes":""},"categories":[5],"tags":[],"class_list":["post-1235","post","type-post","status-publish","format-standard","has-post-thumbnail","hentry","category-salud"],"yoast_head":"<!-- This site is optimized with the Yoast SEO plugin v27.5 - https:\/\/yoast.com\/product\/yoast-seo-wordpress\/ -->\n<title>CONTIN\u00daA SECRETAR\u00cdA DE SALUD DEL EDOM\u00c9X CON REFORZAMIENTO DE ACCIONES POR CORONAVIRUS - Expresso Metropolitano<\/title>\n<meta name=\"robots\" content=\"index, follow, max-snippet:-1, max-image-preview:large, max-video-preview:-1\" \/>\n<link rel=\"canonical\" href=\"https:\/\/expressometro.mx\/index.php\/2020\/02\/04\/continua-secretaria-de-salud-del-edomex-con-reforzamiento-de-acciones-por-coronavirus\/\" \/>\n<meta property=\"og:locale\" content=\"es_MX\" \/>\n<meta property=\"og:type\" content=\"article\" \/>\n<meta property=\"og:title\" content=\"CONTIN\u00daA SECRETAR\u00cdA DE SALUD DEL EDOM\u00c9X CON REFORZAMIENTO DE ACCIONES POR CORONAVIRUS - Expresso Metropolitano\" \/>\n<meta property=\"og:description\" content=\"&nbsp;La Secretar\u00eda de Salud del Estado de M\u00e9xico informa que si bien en el pa\u00eds no hay circulaci\u00f3n del Coronavirus de Wuhan, China, en la entidad se design\u00f3 al Centro M\u00e9dico \u201cLic. Adolfo L\u00f3pez Mateos\u201d y al Hospital Regional de Alta Especialidad de Zumpango (HRAEZ), como unidades para la concentraci\u00f3n de casos positivos graves. Se\u00f1ala que esta medida forma parte de la estrategia de vigilancia epidemiol\u00f3gica para hacer frente a una posible contingencia por este padecimiento; adem\u00e1s, reitera que la mayor\u00eda de los casos no ameritan hospitalizaci\u00f3n, ya que pueden&hellip;\" \/>\n<meta property=\"og:url\" content=\"https:\/\/expressometro.mx\/index.php\/2020\/02\/04\/continua-secretaria-de-salud-del-edomex-con-reforzamiento-de-acciones-por-coronavirus\/\" \/>\n<meta property=\"og:site_name\" content=\"Expresso Metropolitano\" \/>\n<meta property=\"article:published_time\" content=\"2020-02-04T18:56:35+00:00\" \/>\n<meta property=\"article:modified_time\" content=\"2020-02-28T18:57:49+00:00\" \/>\n<meta property=\"og:image\" content=\"https:\/\/expressometro.mx\/wp-content\/uploads\/2020\/02\/w2_12091_3.jpg\" \/>\n\t<meta property=\"og:image:width\" content=\"1373\" \/>\n\t<meta property=\"og:image:height\" content=\"650\" \/>\n\t<meta property=\"og:image:type\" content=\"image\/jpeg\" \/>\n<meta name=\"author\" content=\"Expresso Metropolitano\" \/>\n<meta name=\"twitter:label1\" content=\"Escrito por\" \/>\n\t<meta name=\"twitter:data1\" content=\"Expresso Metropolitano\" \/>\n\t<meta name=\"twitter:label2\" content=\"Tiempo de lectura\" \/>\n\t<meta name=\"twitter:data2\" content=\"1 minuto\" \/>\n<script type=\"application\/ld+json\" class=\"yoast-schema-graph\">{\"@context\":\"https:\\\/\\\/schema.org\",\"@graph\":[{\"@type\":\"Article\",\"@id\":\"https:\\\/\\\/expressometro.mx\\\/index.php\\\/2020\\\/02\\\/04\\\/continua-secretaria-de-salud-del-edomex-con-reforzamiento-de-acciones-por-coronavirus\\\/#article\",\"isPartOf\":{\"@id\":\"https:\\\/\\\/expressometro.mx\\\/index.php\\\/2020\\\/02\\\/04\\\/continua-secretaria-de-salud-del-edomex-con-reforzamiento-de-acciones-por-coronavirus\\\/\"},\"author\":{\"name\":\"Expresso Metropolitano\",\"@id\":\"https:\\\/\\\/expressometro.mx\\\/#\\\/schema\\\/person\\\/efa971b4a0664db8ed5c22b1b0dd2f5d\"},\"headline\":\"CONTIN\u00daA SECRETAR\u00cdA DE SALUD DEL EDOM\u00c9X CON REFORZAMIENTO DE ACCIONES POR CORONAVIRUS\",\"datePublished\":\"2020-02-04T18:56:35+00:00\",\"dateModified\":\"2020-02-28T18:57:49+00:00\",\"mainEntityOfPage\":{\"@id\":\"https:\\\/\\\/expressometro.mx\\\/index.php\\\/2020\\\/02\\\/04\\\/continua-secretaria-de-salud-del-edomex-con-reforzamiento-de-acciones-por-coronavirus\\\/\"},\"wordCount\":276,\"commentCount\":0,\"publisher\":{\"@id\":\"https:\\\/\\\/expressometro.mx\\\/#organization\"},\"image\":{\"@id\":\"https:\\\/\\\/expressometro.mx\\\/index.php\\\/2020\\\/02\\\/04\\\/continua-secretaria-de-salud-del-edomex-con-reforzamiento-de-acciones-por-coronavirus\\\/#primaryimage\"},\"thumbnailUrl\":\"https:\\\/\\\/expressometro.mx\\\/wp-content\\\/uploads\\\/2020\\\/02\\\/w2_12091_3.jpg\",\"articleSection\":[\"Salud\"],\"inLanguage\":\"es\",\"potentialAction\":[{\"@type\":\"CommentAction\",\"name\":\"Comment\",\"target\":[\"https:\\\/\\\/expressometro.mx\\\/index.php\\\/2020\\\/02\\\/04\\\/continua-secretaria-de-salud-del-edomex-con-reforzamiento-de-acciones-por-coronavirus\\\/#respond\"]}]},{\"@type\":\"WebPage\",\"@id\":\"https:\\\/\\\/expressometro.mx\\\/index.php\\\/2020\\\/02\\\/04\\\/continua-secretaria-de-salud-del-edomex-con-reforzamiento-de-acciones-por-coronavirus\\\/\",\"url\":\"https:\\\/\\\/expressometro.mx\\\/index.php\\\/2020\\\/02\\\/04\\\/continua-secretaria-de-salud-del-edomex-con-reforzamiento-de-acciones-por-coronavirus\\\/\",\"name\":\"CONTIN\u00daA SECRETAR\u00cdA DE SALUD DEL EDOM\u00c9X CON REFORZAMIENTO DE ACCIONES POR CORONAVIRUS - Expresso Metropolitano\",\"isPartOf\":{\"@id\":\"https:\\\/\\\/expressometro.mx\\\/#website\"},\"primaryImageOfPage\":{\"@id\":\"https:\\\/\\\/expressometro.mx\\\/index.php\\\/2020\\\/02\\\/04\\\/continua-secretaria-de-salud-del-edomex-con-reforzamiento-de-acciones-por-coronavirus\\\/#primaryimage\"},\"image\":{\"@id\":\"https:\\\/\\\/expressometro.mx\\\/index.php\\\/2020\\\/02\\\/04\\\/continua-secretaria-de-salud-del-edomex-con-reforzamiento-de-acciones-por-coronavirus\\\/#primaryimage\"},\"thumbnailUrl\":\"https:\\\/\\\/expressometro.mx\\\/wp-content\\\/uploads\\\/2020\\\/02\\\/w2_12091_3.jpg\",\"datePublished\":\"2020-02-04T18:56:35+00:00\",\"dateModified\":\"2020-02-28T18:57:49+00:00\",\"breadcrumb\":{\"@id\":\"https:\\\/\\\/expressometro.mx\\\/index.php\\\/2020\\\/02\\\/04\\\/continua-secretaria-de-salud-del-edomex-con-reforzamiento-de-acciones-por-coronavirus\\\/#breadcrumb\"},\"inLanguage\":\"es\",\"potentialAction\":[{\"@type\":\"ReadAction\",\"target\":[\"https:\\\/\\\/expressometro.mx\\\/index.php\\\/2020\\\/02\\\/04\\\/continua-secretaria-de-salud-del-edomex-con-reforzamiento-de-acciones-por-coronavirus\\\/\"]}]},{\"@type\":\"ImageObject\",\"inLanguage\":\"es\",\"@id\":\"https:\\\/\\\/expressometro.mx\\\/index.php\\\/2020\\\/02\\\/04\\\/continua-secretaria-de-salud-del-edomex-con-reforzamiento-de-acciones-por-coronavirus\\\/#primaryimage\",\"url\":\"https:\\\/\\\/expressometro.mx\\\/wp-content\\\/uploads\\\/2020\\\/02\\\/w2_12091_3.jpg\",\"contentUrl\":\"https:\\\/\\\/expressometro.mx\\\/wp-content\\\/uploads\\\/2020\\\/02\\\/w2_12091_3.jpg\",\"width\":1373,\"height\":650},{\"@type\":\"BreadcrumbList\",\"@id\":\"https:\\\/\\\/expressometro.mx\\\/index.php\\\/2020\\\/02\\\/04\\\/continua-secretaria-de-salud-del-edomex-con-reforzamiento-de-acciones-por-coronavirus\\\/#breadcrumb\",\"itemListElement\":[{\"@type\":\"ListItem\",\"position\":1,\"name\":\"Inicio\",\"item\":\"https:\\\/\\\/expressometro.mx\\\/\"},{\"@type\":\"ListItem\",\"position\":2,\"name\":\"CONTIN\u00daA SECRETAR\u00cdA DE SALUD DEL EDOM\u00c9X CON REFORZAMIENTO DE ACCIONES POR CORONAVIRUS\"}]},{\"@type\":\"WebSite\",\"@id\":\"https:\\\/\\\/expressometro.mx\\\/#website\",\"url\":\"https:\\\/\\\/expressometro.mx\\\/\",\"name\":\"Expresso Metropolitano\",\"description\":\"Periodismo comprometido, informaci\u00f3n, investigaci\u00f3n y an\u00e1lisis\",\"publisher\":{\"@id\":\"https:\\\/\\\/expressometro.mx\\\/#organization\"},\"potentialAction\":[{\"@type\":\"SearchAction\",\"target\":{\"@type\":\"EntryPoint\",\"urlTemplate\":\"https:\\\/\\\/expressometro.mx\\\/?s={search_term_string}\"},\"query-input\":{\"@type\":\"PropertyValueSpecification\",\"valueRequired\":true,\"valueName\":\"search_term_string\"}}],\"inLanguage\":\"es\"},{\"@type\":\"Organization\",\"@id\":\"https:\\\/\\\/expressometro.mx\\\/#organization\",\"name\":\"Expresso Metropolitano\",\"url\":\"https:\\\/\\\/expressometro.mx\\\/\",\"logo\":{\"@type\":\"ImageObject\",\"inLanguage\":\"es\",\"@id\":\"https:\\\/\\\/expressometro.mx\\\/#\\\/schema\\\/logo\\\/image\\\/\",\"url\":\"https:\\\/\\\/expressometro.mx\\\/wp-content\\\/uploads\\\/2019\\\/07\\\/cropped-Logo-Expresso-Metropolitano-1-1.jpeg\",\"contentUrl\":\"https:\\\/\\\/expressometro.mx\\\/wp-content\\\/uploads\\\/2019\\\/07\\\/cropped-Logo-Expresso-Metropolitano-1-1.jpeg\",\"width\":290,\"height\":73,\"caption\":\"Expresso Metropolitano\"},\"image\":{\"@id\":\"https:\\\/\\\/expressometro.mx\\\/#\\\/schema\\\/logo\\\/image\\\/\"}},{\"@type\":\"Person\",\"@id\":\"https:\\\/\\\/expressometro.mx\\\/#\\\/schema\\\/person\\\/efa971b4a0664db8ed5c22b1b0dd2f5d\",\"name\":\"Expresso Metropolitano\",\"image\":{\"@type\":\"ImageObject\",\"inLanguage\":\"es\",\"@id\":\"https:\\\/\\\/secure.gravatar.com\\\/avatar\\\/a89f802b8de18c6952f223c88d3d106e9e3679839f4e25a02f4a6cc2ae6ba3b3?s=96&d=mm&r=g\",\"url\":\"https:\\\/\\\/secure.gravatar.com\\\/avatar\\\/a89f802b8de18c6952f223c88d3d106e9e3679839f4e25a02f4a6cc2ae6ba3b3?s=96&d=mm&r=g\",\"contentUrl\":\"https:\\\/\\\/secure.gravatar.com\\\/avatar\\\/a89f802b8de18c6952f223c88d3d106e9e3679839f4e25a02f4a6cc2ae6ba3b3?s=96&d=mm&r=g\",\"caption\":\"Expresso Metropolitano\"},\"url\":\"https:\\\/\\\/expressometro.mx\\\/index.php\\\/author\\\/diego\\\/\"}]}<\/script>\n<!-- \/ Yoast SEO plugin. -->","yoast_head_json":{"title":"CONTIN\u00daA SECRETAR\u00cdA DE SALUD DEL EDOM\u00c9X CON REFORZAMIENTO DE ACCIONES POR CORONAVIRUS - Expresso Metropolitano","robots":{"index":"index","follow":"follow","max-snippet":"max-snippet:-1","max-image-preview":"max-image-preview:large","max-video-preview":"max-video-preview:-1"},"canonical":"https:\/\/expressometro.mx\/index.php\/2020\/02\/04\/continua-secretaria-de-salud-del-edomex-con-reforzamiento-de-acciones-por-coronavirus\/","og_locale":"es_MX","og_type":"article","og_title":"CONTIN\u00daA SECRETAR\u00cdA DE SALUD DEL EDOM\u00c9X CON REFORZAMIENTO DE ACCIONES POR CORONAVIRUS - Expresso Metropolitano","og_description":"&nbsp;La Secretar\u00eda de Salud del Estado de M\u00e9xico informa que si bien en el pa\u00eds no hay circulaci\u00f3n del Coronavirus de Wuhan, China, en la entidad se design\u00f3 al Centro M\u00e9dico \u201cLic. Adolfo L\u00f3pez Mateos\u201d y al Hospital Regional de Alta Especialidad de Zumpango (HRAEZ), como unidades para la concentraci\u00f3n de casos positivos graves. Se\u00f1ala que esta medida forma parte de la estrategia de vigilancia epidemiol\u00f3gica para hacer frente a una posible contingencia por este padecimiento; adem\u00e1s, reitera que la mayor\u00eda de los casos no ameritan hospitalizaci\u00f3n, ya que pueden&hellip;","og_url":"https:\/\/expressometro.mx\/index.php\/2020\/02\/04\/continua-secretaria-de-salud-del-edomex-con-reforzamiento-de-acciones-por-coronavirus\/","og_site_name":"Expresso Metropolitano","article_published_time":"2020-02-04T18:56:35+00:00","article_modified_time":"2020-02-28T18:57:49+00:00","og_image":[{"width":1373,"height":650,"url":"https:\/\/expressometro.mx\/wp-content\/uploads\/2020\/02\/w2_12091_3.jpg","type":"image\/jpeg"}],"author":"Expresso Metropolitano","twitter_misc":{"Escrito por":"Expresso Metropolitano","Tiempo de lectura":"1 minuto"},"schema":{"@context":"https:\/\/schema.org","@graph":[{"@type":"Article","@id":"https:\/\/expressometro.mx\/index.php\/2020\/02\/04\/continua-secretaria-de-salud-del-edomex-con-reforzamiento-de-acciones-por-coronavirus\/#article","isPartOf":{"@id":"https:\/\/expressometro.mx\/index.php\/2020\/02\/04\/continua-secretaria-de-salud-del-edomex-con-reforzamiento-de-acciones-por-coronavirus\/"},"author":{"name":"Expresso Metropolitano","@id":"https:\/\/expressometro.mx\/#\/schema\/person\/efa971b4a0664db8ed5c22b1b0dd2f5d"},"headline":"CONTIN\u00daA SECRETAR\u00cdA DE SALUD DEL EDOM\u00c9X CON REFORZAMIENTO DE ACCIONES POR CORONAVIRUS","datePublished":"2020-02-04T18:56:35+00:00","dateModified":"2020-02-28T18:57:49+00:00","mainEntityOfPage":{"@id":"https:\/\/expressometro.mx\/index.php\/2020\/02\/04\/continua-secretaria-de-salud-del-edomex-con-reforzamiento-de-acciones-por-coronavirus\/"},"wordCount":276,"commentCount":0,"publisher":{"@id":"https:\/\/expressometro.mx\/#organization"},"image":{"@id":"https:\/\/expressometro.mx\/index.php\/2020\/02\/04\/continua-secretaria-de-salud-del-edomex-con-reforzamiento-de-acciones-por-coronavirus\/#primaryimage"},"thumbnailUrl":"https:\/\/expressometro.mx\/wp-content\/uploads\/2020\/02\/w2_12091_3.jpg","articleSection":["Salud"],"inLanguage":"es","potentialAction":[{"@type":"CommentAction","name":"Comment","target":["https:\/\/expressometro.mx\/index.php\/2020\/02\/04\/continua-secretaria-de-salud-del-edomex-con-reforzamiento-de-acciones-por-coronavirus\/#respond"]}]},{"@type":"WebPage","@id":"https:\/\/expressometro.mx\/index.php\/2020\/02\/04\/continua-secretaria-de-salud-del-edomex-con-reforzamiento-de-acciones-por-coronavirus\/","url":"https:\/\/expressometro.mx\/index.php\/2020\/02\/04\/continua-secretaria-de-salud-del-edomex-con-reforzamiento-de-acciones-por-coronavirus\/","name":"CONTIN\u00daA SECRETAR\u00cdA DE SALUD DEL EDOM\u00c9X CON REFORZAMIENTO DE ACCIONES POR CORONAVIRUS - Expresso Metropolitano","isPartOf":{"@id":"https:\/\/expressometro.mx\/#website"},"primaryImageOfPage":{"@id":"https:\/\/expressometro.mx\/index.php\/2020\/02\/04\/continua-secretaria-de-salud-del-edomex-con-reforzamiento-de-acciones-por-coronavirus\/#primaryimage"},"image":{"@id":"https:\/\/expressometro.mx\/index.php\/2020\/02\/04\/continua-secretaria-de-salud-del-edomex-con-reforzamiento-de-acciones-por-coronavirus\/#primaryimage"},"thumbnailUrl":"https:\/\/expressometro.mx\/wp-content\/uploads\/2020\/02\/w2_12091_3.jpg","datePublished":"2020-02-04T18:56:35+00:00","dateModified":"2020-02-28T18:57:49+00:00","breadcrumb":{"@id":"https:\/\/expressometro.mx\/index.php\/2020\/02\/04\/continua-secretaria-de-salud-del-edomex-con-reforzamiento-de-acciones-por-coronavirus\/#breadcrumb"},"inLanguage":"es","potentialAction":[{"@type":"ReadAction","target":["https:\/\/expressometro.mx\/index.php\/2020\/02\/04\/continua-secretaria-de-salud-del-edomex-con-reforzamiento-de-acciones-por-coronavirus\/"]}]},{"@type":"ImageObject","inLanguage":"es","@id":"https:\/\/expressometro.mx\/index.php\/2020\/02\/04\/continua-secretaria-de-salud-del-edomex-con-reforzamiento-de-acciones-por-coronavirus\/#primaryimage","url":"https:\/\/expressometro.mx\/wp-content\/uploads\/2020\/02\/w2_12091_3.jpg","contentUrl":"https:\/\/expressometro.mx\/wp-content\/uploads\/2020\/02\/w2_12091_3.jpg","width":1373,"height":650},{"@type":"BreadcrumbList","@id":"https:\/\/expressometro.mx\/index.php\/2020\/02\/04\/continua-secretaria-de-salud-del-edomex-con-reforzamiento-de-acciones-por-coronavirus\/#breadcrumb","itemListElement":[{"@type":"ListItem","position":1,"name":"Inicio","item":"https:\/\/expressometro.mx\/"},{"@type":"ListItem","position":2,"name":"CONTIN\u00daA SECRETAR\u00cdA DE SALUD DEL EDOM\u00c9X CON REFORZAMIENTO DE ACCIONES POR CORONAVIRUS"}]},{"@type":"WebSite","@id":"https:\/\/expressometro.mx\/#website","url":"https:\/\/expressometro.mx\/","name":"Expresso Metropolitano","description":"Periodismo comprometido, informaci\u00f3n, investigaci\u00f3n y an\u00e1lisis","publisher":{"@id":"https:\/\/expressometro.mx\/#organization"},"potentialAction":[{"@type":"SearchAction","target":{"@type":"EntryPoint","urlTemplate":"https:\/\/expressometro.mx\/?s={search_term_string}"},"query-input":{"@type":"PropertyValueSpecification","valueRequired":true,"valueName":"search_term_string"}}],"inLanguage":"es"},{"@type":"Organization","@id":"https:\/\/expressometro.mx\/#organization","name":"Expresso Metropolitano","url":"https:\/\/expressometro.mx\/","logo":{"@type":"ImageObject","inLanguage":"es","@id":"https:\/\/expressometro.mx\/#\/schema\/logo\/image\/","url":"https:\/\/expressometro.mx\/wp-content\/uploads\/2019\/07\/cropped-Logo-Expresso-Metropolitano-1-1.jpeg","contentUrl":"https:\/\/expressometro.mx\/wp-content\/uploads\/2019\/07\/cropped-Logo-Expresso-Metropolitano-1-1.jpeg","width":290,"height":73,"caption":"Expresso Metropolitano"},"image":{"@id":"https:\/\/expressometro.mx\/#\/schema\/logo\/image\/"}},{"@type":"Person","@id":"https:\/\/expressometro.mx\/#\/schema\/person\/efa971b4a0664db8ed5c22b1b0dd2f5d","name":"Expresso Metropolitano","image":{"@type":"ImageObject","inLanguage":"es","@id":"https:\/\/secure.gravatar.com\/avatar\/a89f802b8de18c6952f223c88d3d106e9e3679839f4e25a02f4a6cc2ae6ba3b3?s=96&d=mm&r=g","url":"https:\/\/secure.gravatar.com\/avatar\/a89f802b8de18c6952f223c88d3d106e9e3679839f4e25a02f4a6cc2ae6ba3b3?s=96&d=mm&r=g","contentUrl":"https:\/\/secure.gravatar.com\/avatar\/a89f802b8de18c6952f223c88d3d106e9e3679839f4e25a02f4a6cc2ae6ba3b3?s=96&d=mm&r=g","caption":"Expresso Metropolitano"},"url":"https:\/\/expressometro.mx\/index.php\/author\/diego\/"}]}},"amp_enabled":true,"_links":{"self":[{"href":"https:\/\/expressometro.mx\/index.php\/wp-json\/wp\/v2\/posts\/1235","targetHints":{"allow":["GET"]}}],"collection":[{"href":"https:\/\/expressometro.mx\/index.php\/wp-json\/wp\/v2\/posts"}],"about":[{"href":"https:\/\/expressometro.mx\/index.php\/wp-json\/wp\/v2\/types\/post"}],"author":[{"embeddable":true,"href":"https:\/\/expressometro.mx\/index.php\/wp-json\/wp\/v2\/users\/1"}],"replies":[{"embeddable":true,"href":"https:\/\/expressometro.mx\/index.php\/wp-json\/wp\/v2\/comments?post=1235"}],"version-history":[{"count":1,"href":"https:\/\/expressometro.mx\/index.php\/wp-json\/wp\/v2\/posts\/1235\/revisions"}],"predecessor-version":[{"id":1237,"href":"https:\/\/expressometro.mx\/index.php\/wp-json\/wp\/v2\/posts\/1235\/revisions\/1237"}],"wp:featuredmedia":[{"embeddable":true,"href":"https:\/\/expressometro.mx\/index.php\/wp-json\/wp\/v2\/media\/1236"}],"wp:attachment":[{"href":"https:\/\/expressometro.mx\/index.php\/wp-json\/wp\/v2\/media?parent=1235"}],"wp:term":[{"taxonomy":"category","embeddable":true,"href":"https:\/\/expressometro.mx\/index.php\/wp-json\/wp\/v2\/categories?post=1235"},{"taxonomy":"post_tag","embeddable":true,"href":"https:\/\/expressometro.mx\/index.php\/wp-json\/wp\/v2\/tags?post=1235"}],"curies":[{"name":"wp","href":"https:\/\/api.w.org\/{rel}","templated":true}]}}