{"id":1232,"date":"2020-02-04T12:54:19","date_gmt":"2020-02-04T18:54:19","guid":{"rendered":"http:\/\/expressometro.mx\/?p=1232"},"modified":"2020-02-28T12:56:32","modified_gmt":"2020-02-28T18:56:32","slug":"implementa-gem-programa-infantil-de-fortalecimiento-civico-y-comunitario","status":"publish","type":"post","link":"https:\/\/expressometro.mx\/index.php\/2020\/02\/04\/implementa-gem-programa-infantil-de-fortalecimiento-civico-y-comunitario\/","title":{"rendered":"IMPLEMENTA GEM PROGRAMA INFANTIL DE FORTALECIMIENTO C\u00cdVICO Y COMUNITARIO"},"content":{"rendered":"\n<p>Para contribuir al fortalecimiento de una cultura c\u00edvica, democr\u00e1tica, igualitaria y solidaria mediante la educaci\u00f3n con valores, as\u00ed como fomentar que ni\u00f1as y ni\u00f1os se conviertan en ciudadanos de bien, respetuosos de las leyes y resilientes ante las adversidades desde el \u00e1mbito escolar, los Secretarios General de Gobierno, Alejandro Ozuna Rivero, y de Educaci\u00f3n, Alejandro Fern\u00e1ndez Campillo, firmaron un convenio de colaboraci\u00f3n para la implementaci\u00f3n del \u201cPrograma Infantil de Fortalecimiento C\u00edvico y Comunitario\u201d, a trav\u00e9s de la plataforma digital de ense\u00f1anza \u201cEducaci\u00f3n social y resiliencia infantil\u201d.<\/p>\n\n\n\n<p>En este contexto, Ozuna Rivero se\u00f1al\u00f3 que, ante este importante reto, ambas dependencias est\u00e1n obligadas a actuar simult\u00e1neamente para garantizar que los ni\u00f1os mexiquenses est\u00e9n debidamente informados y sean conscientes acerca de sus derechos y deberes en la sociedad, mediante el desarrollo de habilidades que los ayuden a enfrentar los diferentes retos que se presenten a lo largo de su vida.<\/p>\n\n\n\n<p>El programa est\u00e1 planeado en una primera etapa para beneficiar a 80 mil ni\u00f1as y ni\u00f1os de 14 municipios de la entidad, pertenecientes a planteles estatales de educaci\u00f3n primaria, mediante el uso de dicha plataforma que podr\u00e1 ser utilizada desde su centro escolar, o bien desde cualquier lugar que cuente con acceso a internet, a fin de acceder a un contenido tem\u00e1tico enfocado en \u00e1reas de valores, socializaci\u00f3n, resiliencia infantil y derechos humanos.<\/p>\n\n\n\n<p>\u201cSu implementaci\u00f3n, sin duda abonar\u00e1 a la formaci\u00f3n de una cultura c\u00edvica, democr\u00e1tica y solidaria de los menores mexiquenses, y contribuir\u00e1 en la creaci\u00f3n de un ambiente de cohesi\u00f3n, a la reconstrucci\u00f3n del tejido social, as\u00ed como a la consolidaci\u00f3n de un ambiente futuro de gobernabilidad en el Estado de M\u00e9xico\u201d, sostuvo Ozuna Rivero.<\/p>\n\n\n\n<p>Asimismo, se pretende brindar al alumnado una educaci\u00f3n resiliente, que les permita saber actuar en el momento preciso ante una situaci\u00f3n que ponga en riesgo su integridad o la de sus familias.<\/p>\n\n\n\n<p>El convenio que se suscribe establece las bases de colaboraci\u00f3n y coordinaci\u00f3n entre la Secretar\u00eda General de Gobierno y la Secretar\u00eda de Educaci\u00f3n para el desarrollo exitoso del programa, estableciendo los compromisos de cada una de las partes para la correcta implementaci\u00f3n de \u00e9ste.<\/p>\n\n\n\n<p>El programa se desarrollar\u00e1 entre los meses de marzo a mayo del a\u00f1o en curso y, previo al inicio del desarrollo del programa, durante el mes de febrero, se realizar\u00e1 la orientaci\u00f3n t\u00e9cnica a los docentes en ocho diferentes sedes, con la finalidad de que conozcan las ventajas y el apoyo complementario que esta herramienta inform\u00e1tica dejar\u00e1 a los alumnos participantes.<\/p>\n\n\n\n<p>En esta firma de convenio tambi\u00e9n participaron el Subsecretario de Educaci\u00f3n B\u00e1sica, Rogelio Tinoco Garc\u00eda, la Directora General del Consejo para la Convivencia Escolar, Adriana Elizabeth Mar\u00eda del Pilar Ozuna Rivero, el Coordinador de Planeaci\u00f3n y Apoyo T\u00e9cnico de la Secretar\u00eda General de Gobierno Luis Fernando Morales G\u00f3mez, y la Secretaria Ejecutiva del Sistema de Protecci\u00f3n Integral de Ni\u00f1as, Ni\u00f1os y Adolescentes (Sipinna), Olga Mar\u00eda Esquivel Hern\u00e1ndez.<\/p>\n","protected":false},"excerpt":{"rendered":"<p>Para contribuir al fortalecimiento de una cultura c\u00edvica, democr\u00e1tica, igualitaria y solidaria mediante la educaci\u00f3n con valores, as\u00ed como fomentar que ni\u00f1as y ni\u00f1os se conviertan en ciudadanos de bien, respetuosos de las leyes y resilientes ante las adversidades desde el \u00e1mbito escolar, los Secretarios General de Gobierno, Alejandro Ozuna Rivero, y de Educaci\u00f3n, Alejandro Fern\u00e1ndez Campillo, firmaron un convenio de colaboraci\u00f3n para la implementaci\u00f3n del \u201cPrograma Infantil de Fortalecimiento C\u00edvico y Comunitario\u201d, a trav\u00e9s de la plataforma digital de ense\u00f1anza \u201cEducaci\u00f3n social y resiliencia infantil\u201d. En este contexto, Ozuna&hellip;<\/p>\n","protected":false},"author":1,"featured_media":1233,"comment_status":"open","ping_status":"open","sticky":false,"template":"","format":"standard","meta":{"footnotes":""},"categories":[11,3],"tags":[],"class_list":["post-1232","post","type-post","status-publish","format-standard","has-post-thumbnail","hentry","category-cultura","category-gobierno"],"yoast_head":"<!-- This site is optimized with the Yoast SEO plugin v27.5 - https:\/\/yoast.com\/product\/yoast-seo-wordpress\/ -->\n<title>IMPLEMENTA GEM PROGRAMA INFANTIL DE FORTALECIMIENTO C\u00cdVICO Y COMUNITARIO - Expresso Metropolitano<\/title>\n<meta name=\"robots\" content=\"index, follow, max-snippet:-1, max-image-preview:large, max-video-preview:-1\" \/>\n<link rel=\"canonical\" href=\"https:\/\/expressometro.mx\/index.php\/2020\/02\/04\/implementa-gem-programa-infantil-de-fortalecimiento-civico-y-comunitario\/\" \/>\n<meta property=\"og:locale\" content=\"es_MX\" \/>\n<meta property=\"og:type\" content=\"article\" \/>\n<meta property=\"og:title\" content=\"IMPLEMENTA GEM PROGRAMA INFANTIL DE FORTALECIMIENTO C\u00cdVICO Y COMUNITARIO - Expresso Metropolitano\" \/>\n<meta property=\"og:description\" content=\"Para contribuir al fortalecimiento de una cultura c\u00edvica, democr\u00e1tica, igualitaria y solidaria mediante la educaci\u00f3n con valores, as\u00ed como fomentar que ni\u00f1as y ni\u00f1os se conviertan en ciudadanos de bien, respetuosos de las leyes y resilientes ante las adversidades desde el \u00e1mbito escolar, los Secretarios General de Gobierno, Alejandro Ozuna Rivero, y de Educaci\u00f3n, Alejandro Fern\u00e1ndez Campillo, firmaron un convenio de colaboraci\u00f3n para la implementaci\u00f3n del \u201cPrograma Infantil de Fortalecimiento C\u00edvico y Comunitario\u201d, a trav\u00e9s de la plataforma digital de ense\u00f1anza \u201cEducaci\u00f3n social y resiliencia infantil\u201d. En este contexto, Ozuna&hellip;\" \/>\n<meta property=\"og:url\" content=\"https:\/\/expressometro.mx\/index.php\/2020\/02\/04\/implementa-gem-programa-infantil-de-fortalecimiento-civico-y-comunitario\/\" \/>\n<meta property=\"og:site_name\" content=\"Expresso Metropolitano\" \/>\n<meta property=\"article:published_time\" content=\"2020-02-04T18:54:19+00:00\" \/>\n<meta property=\"article:modified_time\" content=\"2020-02-28T18:56:32+00:00\" \/>\n<meta property=\"og:image\" content=\"https:\/\/expressometro.mx\/wp-content\/uploads\/2020\/02\/w2_12099_1.jpg\" \/>\n\t<meta property=\"og:image:width\" content=\"3674\" \/>\n\t<meta property=\"og:image:height\" content=\"2449\" \/>\n\t<meta property=\"og:image:type\" content=\"image\/jpeg\" \/>\n<meta name=\"author\" content=\"Expresso Metropolitano\" \/>\n<meta name=\"twitter:label1\" content=\"Escrito por\" \/>\n\t<meta name=\"twitter:data1\" content=\"Expresso Metropolitano\" \/>\n\t<meta name=\"twitter:label2\" content=\"Tiempo de lectura\" \/>\n\t<meta name=\"twitter:data2\" content=\"3 minutos\" \/>\n<script type=\"application\/ld+json\" class=\"yoast-schema-graph\">{\"@context\":\"https:\\\/\\\/schema.org\",\"@graph\":[{\"@type\":\"Article\",\"@id\":\"https:\\\/\\\/expressometro.mx\\\/index.php\\\/2020\\\/02\\\/04\\\/implementa-gem-programa-infantil-de-fortalecimiento-civico-y-comunitario\\\/#article\",\"isPartOf\":{\"@id\":\"https:\\\/\\\/expressometro.mx\\\/index.php\\\/2020\\\/02\\\/04\\\/implementa-gem-programa-infantil-de-fortalecimiento-civico-y-comunitario\\\/\"},\"author\":{\"name\":\"Expresso Metropolitano\",\"@id\":\"https:\\\/\\\/expressometro.mx\\\/#\\\/schema\\\/person\\\/efa971b4a0664db8ed5c22b1b0dd2f5d\"},\"headline\":\"IMPLEMENTA GEM PROGRAMA INFANTIL DE FORTALECIMIENTO C\u00cdVICO Y COMUNITARIO\",\"datePublished\":\"2020-02-04T18:54:19+00:00\",\"dateModified\":\"2020-02-28T18:56:32+00:00\",\"mainEntityOfPage\":{\"@id\":\"https:\\\/\\\/expressometro.mx\\\/index.php\\\/2020\\\/02\\\/04\\\/implementa-gem-programa-infantil-de-fortalecimiento-civico-y-comunitario\\\/\"},\"wordCount\":544,\"commentCount\":0,\"publisher\":{\"@id\":\"https:\\\/\\\/expressometro.mx\\\/#organization\"},\"image\":{\"@id\":\"https:\\\/\\\/expressometro.mx\\\/index.php\\\/2020\\\/02\\\/04\\\/implementa-gem-programa-infantil-de-fortalecimiento-civico-y-comunitario\\\/#primaryimage\"},\"thumbnailUrl\":\"https:\\\/\\\/expressometro.mx\\\/wp-content\\\/uploads\\\/2020\\\/02\\\/w2_12099_1.jpg\",\"articleSection\":[\"Cultura\",\"Gobierno\"],\"inLanguage\":\"es\",\"potentialAction\":[{\"@type\":\"CommentAction\",\"name\":\"Comment\",\"target\":[\"https:\\\/\\\/expressometro.mx\\\/index.php\\\/2020\\\/02\\\/04\\\/implementa-gem-programa-infantil-de-fortalecimiento-civico-y-comunitario\\\/#respond\"]}]},{\"@type\":\"WebPage\",\"@id\":\"https:\\\/\\\/expressometro.mx\\\/index.php\\\/2020\\\/02\\\/04\\\/implementa-gem-programa-infantil-de-fortalecimiento-civico-y-comunitario\\\/\",\"url\":\"https:\\\/\\\/expressometro.mx\\\/index.php\\\/2020\\\/02\\\/04\\\/implementa-gem-programa-infantil-de-fortalecimiento-civico-y-comunitario\\\/\",\"name\":\"IMPLEMENTA GEM PROGRAMA INFANTIL DE FORTALECIMIENTO C\u00cdVICO Y COMUNITARIO - Expresso Metropolitano\",\"isPartOf\":{\"@id\":\"https:\\\/\\\/expressometro.mx\\\/#website\"},\"primaryImageOfPage\":{\"@id\":\"https:\\\/\\\/expressometro.mx\\\/index.php\\\/2020\\\/02\\\/04\\\/implementa-gem-programa-infantil-de-fortalecimiento-civico-y-comunitario\\\/#primaryimage\"},\"image\":{\"@id\":\"https:\\\/\\\/expressometro.mx\\\/index.php\\\/2020\\\/02\\\/04\\\/implementa-gem-programa-infantil-de-fortalecimiento-civico-y-comunitario\\\/#primaryimage\"},\"thumbnailUrl\":\"https:\\\/\\\/expressometro.mx\\\/wp-content\\\/uploads\\\/2020\\\/02\\\/w2_12099_1.jpg\",\"datePublished\":\"2020-02-04T18:54:19+00:00\",\"dateModified\":\"2020-02-28T18:56:32+00:00\",\"breadcrumb\":{\"@id\":\"https:\\\/\\\/expressometro.mx\\\/index.php\\\/2020\\\/02\\\/04\\\/implementa-gem-programa-infantil-de-fortalecimiento-civico-y-comunitario\\\/#breadcrumb\"},\"inLanguage\":\"es\",\"potentialAction\":[{\"@type\":\"ReadAction\",\"target\":[\"https:\\\/\\\/expressometro.mx\\\/index.php\\\/2020\\\/02\\\/04\\\/implementa-gem-programa-infantil-de-fortalecimiento-civico-y-comunitario\\\/\"]}]},{\"@type\":\"ImageObject\",\"inLanguage\":\"es\",\"@id\":\"https:\\\/\\\/expressometro.mx\\\/index.php\\\/2020\\\/02\\\/04\\\/implementa-gem-programa-infantil-de-fortalecimiento-civico-y-comunitario\\\/#primaryimage\",\"url\":\"https:\\\/\\\/expressometro.mx\\\/wp-content\\\/uploads\\\/2020\\\/02\\\/w2_12099_1.jpg\",\"contentUrl\":\"https:\\\/\\\/expressometro.mx\\\/wp-content\\\/uploads\\\/2020\\\/02\\\/w2_12099_1.jpg\",\"width\":3674,\"height\":2449},{\"@type\":\"BreadcrumbList\",\"@id\":\"https:\\\/\\\/expressometro.mx\\\/index.php\\\/2020\\\/02\\\/04\\\/implementa-gem-programa-infantil-de-fortalecimiento-civico-y-comunitario\\\/#breadcrumb\",\"itemListElement\":[{\"@type\":\"ListItem\",\"position\":1,\"name\":\"Inicio\",\"item\":\"https:\\\/\\\/expressometro.mx\\\/\"},{\"@type\":\"ListItem\",\"position\":2,\"name\":\"IMPLEMENTA GEM PROGRAMA INFANTIL DE FORTALECIMIENTO C\u00cdVICO Y COMUNITARIO\"}]},{\"@type\":\"WebSite\",\"@id\":\"https:\\\/\\\/expressometro.mx\\\/#website\",\"url\":\"https:\\\/\\\/expressometro.mx\\\/\",\"name\":\"Expresso Metropolitano\",\"description\":\"Periodismo comprometido, informaci\u00f3n, investigaci\u00f3n y an\u00e1lisis\",\"publisher\":{\"@id\":\"https:\\\/\\\/expressometro.mx\\\/#organization\"},\"potentialAction\":[{\"@type\":\"SearchAction\",\"target\":{\"@type\":\"EntryPoint\",\"urlTemplate\":\"https:\\\/\\\/expressometro.mx\\\/?s={search_term_string}\"},\"query-input\":{\"@type\":\"PropertyValueSpecification\",\"valueRequired\":true,\"valueName\":\"search_term_string\"}}],\"inLanguage\":\"es\"},{\"@type\":\"Organization\",\"@id\":\"https:\\\/\\\/expressometro.mx\\\/#organization\",\"name\":\"Expresso Metropolitano\",\"url\":\"https:\\\/\\\/expressometro.mx\\\/\",\"logo\":{\"@type\":\"ImageObject\",\"inLanguage\":\"es\",\"@id\":\"https:\\\/\\\/expressometro.mx\\\/#\\\/schema\\\/logo\\\/image\\\/\",\"url\":\"https:\\\/\\\/expressometro.mx\\\/wp-content\\\/uploads\\\/2019\\\/07\\\/cropped-Logo-Expresso-Metropolitano-1-1.jpeg\",\"contentUrl\":\"https:\\\/\\\/expressometro.mx\\\/wp-content\\\/uploads\\\/2019\\\/07\\\/cropped-Logo-Expresso-Metropolitano-1-1.jpeg\",\"width\":290,\"height\":73,\"caption\":\"Expresso Metropolitano\"},\"image\":{\"@id\":\"https:\\\/\\\/expressometro.mx\\\/#\\\/schema\\\/logo\\\/image\\\/\"}},{\"@type\":\"Person\",\"@id\":\"https:\\\/\\\/expressometro.mx\\\/#\\\/schema\\\/person\\\/efa971b4a0664db8ed5c22b1b0dd2f5d\",\"name\":\"Expresso Metropolitano\",\"image\":{\"@type\":\"ImageObject\",\"inLanguage\":\"es\",\"@id\":\"https:\\\/\\\/secure.gravatar.com\\\/avatar\\\/a89f802b8de18c6952f223c88d3d106e9e3679839f4e25a02f4a6cc2ae6ba3b3?s=96&d=mm&r=g\",\"url\":\"https:\\\/\\\/secure.gravatar.com\\\/avatar\\\/a89f802b8de18c6952f223c88d3d106e9e3679839f4e25a02f4a6cc2ae6ba3b3?s=96&d=mm&r=g\",\"contentUrl\":\"https:\\\/\\\/secure.gravatar.com\\\/avatar\\\/a89f802b8de18c6952f223c88d3d106e9e3679839f4e25a02f4a6cc2ae6ba3b3?s=96&d=mm&r=g\",\"caption\":\"Expresso Metropolitano\"},\"url\":\"https:\\\/\\\/expressometro.mx\\\/index.php\\\/author\\\/diego\\\/\"}]}<\/script>\n<!-- \/ Yoast SEO plugin. -->","yoast_head_json":{"title":"IMPLEMENTA GEM PROGRAMA INFANTIL DE FORTALECIMIENTO C\u00cdVICO Y COMUNITARIO - Expresso Metropolitano","robots":{"index":"index","follow":"follow","max-snippet":"max-snippet:-1","max-image-preview":"max-image-preview:large","max-video-preview":"max-video-preview:-1"},"canonical":"https:\/\/expressometro.mx\/index.php\/2020\/02\/04\/implementa-gem-programa-infantil-de-fortalecimiento-civico-y-comunitario\/","og_locale":"es_MX","og_type":"article","og_title":"IMPLEMENTA GEM PROGRAMA INFANTIL DE FORTALECIMIENTO C\u00cdVICO Y COMUNITARIO - Expresso Metropolitano","og_description":"Para contribuir al fortalecimiento de una cultura c\u00edvica, democr\u00e1tica, igualitaria y solidaria mediante la educaci\u00f3n con valores, as\u00ed como fomentar que ni\u00f1as y ni\u00f1os se conviertan en ciudadanos de bien, respetuosos de las leyes y resilientes ante las adversidades desde el \u00e1mbito escolar, los Secretarios General de Gobierno, Alejandro Ozuna Rivero, y de Educaci\u00f3n, Alejandro Fern\u00e1ndez Campillo, firmaron un convenio de colaboraci\u00f3n para la implementaci\u00f3n del \u201cPrograma Infantil de Fortalecimiento C\u00edvico y Comunitario\u201d, a trav\u00e9s de la plataforma digital de ense\u00f1anza \u201cEducaci\u00f3n social y resiliencia infantil\u201d. En este contexto, Ozuna&hellip;","og_url":"https:\/\/expressometro.mx\/index.php\/2020\/02\/04\/implementa-gem-programa-infantil-de-fortalecimiento-civico-y-comunitario\/","og_site_name":"Expresso Metropolitano","article_published_time":"2020-02-04T18:54:19+00:00","article_modified_time":"2020-02-28T18:56:32+00:00","og_image":[{"width":3674,"height":2449,"url":"https:\/\/expressometro.mx\/wp-content\/uploads\/2020\/02\/w2_12099_1.jpg","type":"image\/jpeg"}],"author":"Expresso Metropolitano","twitter_misc":{"Escrito por":"Expresso Metropolitano","Tiempo de lectura":"3 minutos"},"schema":{"@context":"https:\/\/schema.org","@graph":[{"@type":"Article","@id":"https:\/\/expressometro.mx\/index.php\/2020\/02\/04\/implementa-gem-programa-infantil-de-fortalecimiento-civico-y-comunitario\/#article","isPartOf":{"@id":"https:\/\/expressometro.mx\/index.php\/2020\/02\/04\/implementa-gem-programa-infantil-de-fortalecimiento-civico-y-comunitario\/"},"author":{"name":"Expresso Metropolitano","@id":"https:\/\/expressometro.mx\/#\/schema\/person\/efa971b4a0664db8ed5c22b1b0dd2f5d"},"headline":"IMPLEMENTA GEM PROGRAMA INFANTIL DE FORTALECIMIENTO C\u00cdVICO Y COMUNITARIO","datePublished":"2020-02-04T18:54:19+00:00","dateModified":"2020-02-28T18:56:32+00:00","mainEntityOfPage":{"@id":"https:\/\/expressometro.mx\/index.php\/2020\/02\/04\/implementa-gem-programa-infantil-de-fortalecimiento-civico-y-comunitario\/"},"wordCount":544,"commentCount":0,"publisher":{"@id":"https:\/\/expressometro.mx\/#organization"},"image":{"@id":"https:\/\/expressometro.mx\/index.php\/2020\/02\/04\/implementa-gem-programa-infantil-de-fortalecimiento-civico-y-comunitario\/#primaryimage"},"thumbnailUrl":"https:\/\/expressometro.mx\/wp-content\/uploads\/2020\/02\/w2_12099_1.jpg","articleSection":["Cultura","Gobierno"],"inLanguage":"es","potentialAction":[{"@type":"CommentAction","name":"Comment","target":["https:\/\/expressometro.mx\/index.php\/2020\/02\/04\/implementa-gem-programa-infantil-de-fortalecimiento-civico-y-comunitario\/#respond"]}]},{"@type":"WebPage","@id":"https:\/\/expressometro.mx\/index.php\/2020\/02\/04\/implementa-gem-programa-infantil-de-fortalecimiento-civico-y-comunitario\/","url":"https:\/\/expressometro.mx\/index.php\/2020\/02\/04\/implementa-gem-programa-infantil-de-fortalecimiento-civico-y-comunitario\/","name":"IMPLEMENTA GEM PROGRAMA INFANTIL DE FORTALECIMIENTO C\u00cdVICO Y COMUNITARIO - Expresso Metropolitano","isPartOf":{"@id":"https:\/\/expressometro.mx\/#website"},"primaryImageOfPage":{"@id":"https:\/\/expressometro.mx\/index.php\/2020\/02\/04\/implementa-gem-programa-infantil-de-fortalecimiento-civico-y-comunitario\/#primaryimage"},"image":{"@id":"https:\/\/expressometro.mx\/index.php\/2020\/02\/04\/implementa-gem-programa-infantil-de-fortalecimiento-civico-y-comunitario\/#primaryimage"},"thumbnailUrl":"https:\/\/expressometro.mx\/wp-content\/uploads\/2020\/02\/w2_12099_1.jpg","datePublished":"2020-02-04T18:54:19+00:00","dateModified":"2020-02-28T18:56:32+00:00","breadcrumb":{"@id":"https:\/\/expressometro.mx\/index.php\/2020\/02\/04\/implementa-gem-programa-infantil-de-fortalecimiento-civico-y-comunitario\/#breadcrumb"},"inLanguage":"es","potentialAction":[{"@type":"ReadAction","target":["https:\/\/expressometro.mx\/index.php\/2020\/02\/04\/implementa-gem-programa-infantil-de-fortalecimiento-civico-y-comunitario\/"]}]},{"@type":"ImageObject","inLanguage":"es","@id":"https:\/\/expressometro.mx\/index.php\/2020\/02\/04\/implementa-gem-programa-infantil-de-fortalecimiento-civico-y-comunitario\/#primaryimage","url":"https:\/\/expressometro.mx\/wp-content\/uploads\/2020\/02\/w2_12099_1.jpg","contentUrl":"https:\/\/expressometro.mx\/wp-content\/uploads\/2020\/02\/w2_12099_1.jpg","width":3674,"height":2449},{"@type":"BreadcrumbList","@id":"https:\/\/expressometro.mx\/index.php\/2020\/02\/04\/implementa-gem-programa-infantil-de-fortalecimiento-civico-y-comunitario\/#breadcrumb","itemListElement":[{"@type":"ListItem","position":1,"name":"Inicio","item":"https:\/\/expressometro.mx\/"},{"@type":"ListItem","position":2,"name":"IMPLEMENTA GEM PROGRAMA INFANTIL DE FORTALECIMIENTO C\u00cdVICO Y COMUNITARIO"}]},{"@type":"WebSite","@id":"https:\/\/expressometro.mx\/#website","url":"https:\/\/expressometro.mx\/","name":"Expresso Metropolitano","description":"Periodismo comprometido, informaci\u00f3n, investigaci\u00f3n y an\u00e1lisis","publisher":{"@id":"https:\/\/expressometro.mx\/#organization"},"potentialAction":[{"@type":"SearchAction","target":{"@type":"EntryPoint","urlTemplate":"https:\/\/expressometro.mx\/?s={search_term_string}"},"query-input":{"@type":"PropertyValueSpecification","valueRequired":true,"valueName":"search_term_string"}}],"inLanguage":"es"},{"@type":"Organization","@id":"https:\/\/expressometro.mx\/#organization","name":"Expresso Metropolitano","url":"https:\/\/expressometro.mx\/","logo":{"@type":"ImageObject","inLanguage":"es","@id":"https:\/\/expressometro.mx\/#\/schema\/logo\/image\/","url":"https:\/\/expressometro.mx\/wp-content\/uploads\/2019\/07\/cropped-Logo-Expresso-Metropolitano-1-1.jpeg","contentUrl":"https:\/\/expressometro.mx\/wp-content\/uploads\/2019\/07\/cropped-Logo-Expresso-Metropolitano-1-1.jpeg","width":290,"height":73,"caption":"Expresso Metropolitano"},"image":{"@id":"https:\/\/expressometro.mx\/#\/schema\/logo\/image\/"}},{"@type":"Person","@id":"https:\/\/expressometro.mx\/#\/schema\/person\/efa971b4a0664db8ed5c22b1b0dd2f5d","name":"Expresso Metropolitano","image":{"@type":"ImageObject","inLanguage":"es","@id":"https:\/\/secure.gravatar.com\/avatar\/a89f802b8de18c6952f223c88d3d106e9e3679839f4e25a02f4a6cc2ae6ba3b3?s=96&d=mm&r=g","url":"https:\/\/secure.gravatar.com\/avatar\/a89f802b8de18c6952f223c88d3d106e9e3679839f4e25a02f4a6cc2ae6ba3b3?s=96&d=mm&r=g","contentUrl":"https:\/\/secure.gravatar.com\/avatar\/a89f802b8de18c6952f223c88d3d106e9e3679839f4e25a02f4a6cc2ae6ba3b3?s=96&d=mm&r=g","caption":"Expresso Metropolitano"},"url":"https:\/\/expressometro.mx\/index.php\/author\/diego\/"}]}},"amp_enabled":true,"_links":{"self":[{"href":"https:\/\/expressometro.mx\/index.php\/wp-json\/wp\/v2\/posts\/1232","targetHints":{"allow":["GET"]}}],"collection":[{"href":"https:\/\/expressometro.mx\/index.php\/wp-json\/wp\/v2\/posts"}],"about":[{"href":"https:\/\/expressometro.mx\/index.php\/wp-json\/wp\/v2\/types\/post"}],"author":[{"embeddable":true,"href":"https:\/\/expressometro.mx\/index.php\/wp-json\/wp\/v2\/users\/1"}],"replies":[{"embeddable":true,"href":"https:\/\/expressometro.mx\/index.php\/wp-json\/wp\/v2\/comments?post=1232"}],"version-history":[{"count":1,"href":"https:\/\/expressometro.mx\/index.php\/wp-json\/wp\/v2\/posts\/1232\/revisions"}],"predecessor-version":[{"id":1234,"href":"https:\/\/expressometro.mx\/index.php\/wp-json\/wp\/v2\/posts\/1232\/revisions\/1234"}],"wp:featuredmedia":[{"embeddable":true,"href":"https:\/\/expressometro.mx\/index.php\/wp-json\/wp\/v2\/media\/1233"}],"wp:attachment":[{"href":"https:\/\/expressometro.mx\/index.php\/wp-json\/wp\/v2\/media?parent=1232"}],"wp:term":[{"taxonomy":"category","embeddable":true,"href":"https:\/\/expressometro.mx\/index.php\/wp-json\/wp\/v2\/categories?post=1232"},{"taxonomy":"post_tag","embeddable":true,"href":"https:\/\/expressometro.mx\/index.php\/wp-json\/wp\/v2\/tags?post=1232"}],"curies":[{"name":"wp","href":"https:\/\/api.w.org\/{rel}","templated":true}]}}