{"id":1225,"date":"2020-02-03T12:49:08","date_gmt":"2020-02-03T18:49:08","guid":{"rendered":"http:\/\/expressometro.mx\/?p=1225"},"modified":"2020-02-28T12:50:42","modified_gmt":"2020-02-28T18:50:42","slug":"privilegia-junta-local-de-conciliacion-y-arbitraje-del-valle-de-toluca-a-12-mil-553-trabajadores-gracias-a-la-conciliacion","status":"publish","type":"post","link":"https:\/\/expressometro.mx\/index.php\/2020\/02\/03\/privilegia-junta-local-de-conciliacion-y-arbitraje-del-valle-de-toluca-a-12-mil-553-trabajadores-gracias-a-la-conciliacion\/","title":{"rendered":"PRIVILEGIA JUNTA LOCAL DE CONCILIACI\u00d3N Y ARBITRAJE DEL VALLE DE TOLUCA A 12 MIL 553 TRABAJADORES GRACIAS A LA CONCILIACI\u00d3N"},"content":{"rendered":"\n<p>Para contribuir a la paz social y estabilidad laboral que requiere la planta productiva mexiquense, durante el a\u00f1o pasado, la Junta Local de Conciliaci\u00f3n y Arbitraje del Valle de Toluca, celebr\u00f3 5 mil 414 convenios sin juicio, en los que se privilegi\u00f3 la conciliaci\u00f3n en materia individual, para benefici\u00f3 de 12 mil 553 trabajadores, inform\u00f3 la Presidenta titular, Sara D\u00e1vila S\u00e1nchez.<\/p>\n\n\n\n<p>Agreg\u00f3 que producto de dichos convenios, se entregaron 388 millones 545 mil 395 pesos para los trabajadores y sus beneficiarios.<\/p>\n\n\n\n<p>En materia de conflictos colectivos de trabajo, dijo que se mantuvo la paz laboral, pues en el periodo 2019 no se registraron estallamientos de huelgas, gracias a la oportuna resoluci\u00f3n de 44 demandas de titularidad de contratos colectivos de trabajo y de mil 385 emplazamientos a huelga.<\/p>\n\n\n\n<p>D\u00e1vila S\u00e1nchez resalt\u00f3 que estos resultados adquieren mayor relevancia, si se considera que derivado de la incertidumbre que provoc\u00f3 la tardanza en la aprobaci\u00f3n de las modificaciones a la Ley Federal del Trabajo, el n\u00famero de emplazamientos a huelga se increment\u00f3 en un 50 por ciento durante la presente administraci\u00f3n, en relaci\u00f3n con las anteriores.<\/p>\n\n\n\n<p>\u201cEs importante destacar que, en cuanto a la figura jur\u00eddica de la conciliaci\u00f3n, se resolvieron por este medio 2 mil 625 demandas individuales, lo que representa el 64 por ciento de los 4 mil 69 juicios solucionados\u201d, indic\u00f3.<\/p>\n\n\n\n<p>Adem\u00e1s, se ha atendido el dep\u00f3sito de mil 821 nuevos contratos colectivos de trabajo, con los cuales se alcanz\u00f3 un registro hist\u00f3rico de 33 mil 901 documentos de este tipo.<\/p>\n\n\n\n<p>Finalmente, dijo que el presupuesto autorizado para la Junta Local de Conciliaci\u00f3n y Arbitraje del Valle de Toluca, para el presente a\u00f1o es de 57 millones 414 mil 908 pesos, destin\u00e1ndose el 92 por ciento al pago de los salarios de las y los servidores p\u00fablicos de esta dependencia, y el 8 por ciento a los rubros de adquisici\u00f3n de materiales, suministros y servicios generales.<\/p>\n","protected":false},"excerpt":{"rendered":"<p>Para contribuir a la paz social y estabilidad laboral que requiere la planta productiva mexiquense, durante el a\u00f1o pasado, la Junta Local de Conciliaci\u00f3n y Arbitraje del Valle de Toluca, celebr\u00f3 5 mil 414 convenios sin juicio, en los que se privilegi\u00f3 la conciliaci\u00f3n en materia individual, para benefici\u00f3 de 12 mil 553 trabajadores, inform\u00f3 la Presidenta titular, Sara D\u00e1vila S\u00e1nchez. Agreg\u00f3 que producto de dichos convenios, se entregaron 388 millones 545 mil 395 pesos para los trabajadores y sus beneficiarios. En materia de conflictos colectivos de trabajo, dijo que&hellip;<\/p>\n","protected":false},"author":1,"featured_media":1226,"comment_status":"open","ping_status":"open","sticky":false,"template":"","format":"standard","meta":{"footnotes":""},"categories":[4,3],"tags":[],"class_list":["post-1225","post","type-post","status-publish","format-standard","has-post-thumbnail","hentry","category-finanzas","category-gobierno"],"yoast_head":"<!-- This site is optimized with the Yoast SEO plugin v27.5 - https:\/\/yoast.com\/product\/yoast-seo-wordpress\/ -->\n<title>PRIVILEGIA JUNTA LOCAL DE CONCILIACI\u00d3N Y ARBITRAJE DEL VALLE DE TOLUCA A 12 MIL 553 TRABAJADORES GRACIAS A LA CONCILIACI\u00d3N - Expresso Metropolitano<\/title>\n<meta name=\"robots\" content=\"index, follow, max-snippet:-1, max-image-preview:large, max-video-preview:-1\" \/>\n<link rel=\"canonical\" href=\"https:\/\/expressometro.mx\/index.php\/2020\/02\/03\/privilegia-junta-local-de-conciliacion-y-arbitraje-del-valle-de-toluca-a-12-mil-553-trabajadores-gracias-a-la-conciliacion\/\" \/>\n<meta property=\"og:locale\" content=\"es_MX\" \/>\n<meta property=\"og:type\" content=\"article\" \/>\n<meta property=\"og:title\" content=\"PRIVILEGIA JUNTA LOCAL DE CONCILIACI\u00d3N Y ARBITRAJE DEL VALLE DE TOLUCA A 12 MIL 553 TRABAJADORES GRACIAS A LA CONCILIACI\u00d3N - Expresso Metropolitano\" \/>\n<meta property=\"og:description\" content=\"Para contribuir a la paz social y estabilidad laboral que requiere la planta productiva mexiquense, durante el a\u00f1o pasado, la Junta Local de Conciliaci\u00f3n y Arbitraje del Valle de Toluca, celebr\u00f3 5 mil 414 convenios sin juicio, en los que se privilegi\u00f3 la conciliaci\u00f3n en materia individual, para benefici\u00f3 de 12 mil 553 trabajadores, inform\u00f3 la Presidenta titular, Sara D\u00e1vila S\u00e1nchez. Agreg\u00f3 que producto de dichos convenios, se entregaron 388 millones 545 mil 395 pesos para los trabajadores y sus beneficiarios. En materia de conflictos colectivos de trabajo, dijo que&hellip;\" \/>\n<meta property=\"og:url\" content=\"https:\/\/expressometro.mx\/index.php\/2020\/02\/03\/privilegia-junta-local-de-conciliacion-y-arbitraje-del-valle-de-toluca-a-12-mil-553-trabajadores-gracias-a-la-conciliacion\/\" \/>\n<meta property=\"og:site_name\" content=\"Expresso Metropolitano\" \/>\n<meta property=\"article:published_time\" content=\"2020-02-03T18:49:08+00:00\" \/>\n<meta property=\"article:modified_time\" content=\"2020-02-28T18:50:42+00:00\" \/>\n<meta property=\"og:image\" content=\"https:\/\/expressometro.mx\/wp-content\/uploads\/2020\/02\/w2_12063_3.jpg\" \/>\n\t<meta property=\"og:image:width\" content=\"1799\" \/>\n\t<meta property=\"og:image:height\" content=\"1200\" \/>\n\t<meta property=\"og:image:type\" content=\"image\/jpeg\" \/>\n<meta name=\"author\" content=\"Expresso Metropolitano\" \/>\n<meta name=\"twitter:label1\" content=\"Escrito por\" \/>\n\t<meta name=\"twitter:data1\" content=\"Expresso Metropolitano\" \/>\n\t<meta name=\"twitter:label2\" content=\"Tiempo de lectura\" \/>\n\t<meta name=\"twitter:data2\" content=\"2 minutos\" \/>\n<script type=\"application\/ld+json\" class=\"yoast-schema-graph\">{\"@context\":\"https:\\\/\\\/schema.org\",\"@graph\":[{\"@type\":\"Article\",\"@id\":\"https:\\\/\\\/expressometro.mx\\\/index.php\\\/2020\\\/02\\\/03\\\/privilegia-junta-local-de-conciliacion-y-arbitraje-del-valle-de-toluca-a-12-mil-553-trabajadores-gracias-a-la-conciliacion\\\/#article\",\"isPartOf\":{\"@id\":\"https:\\\/\\\/expressometro.mx\\\/index.php\\\/2020\\\/02\\\/03\\\/privilegia-junta-local-de-conciliacion-y-arbitraje-del-valle-de-toluca-a-12-mil-553-trabajadores-gracias-a-la-conciliacion\\\/\"},\"author\":{\"name\":\"Expresso Metropolitano\",\"@id\":\"https:\\\/\\\/expressometro.mx\\\/#\\\/schema\\\/person\\\/efa971b4a0664db8ed5c22b1b0dd2f5d\"},\"headline\":\"PRIVILEGIA JUNTA LOCAL DE CONCILIACI\u00d3N Y ARBITRAJE DEL VALLE DE TOLUCA A 12 MIL 553 TRABAJADORES GRACIAS A LA CONCILIACI\u00d3N\",\"datePublished\":\"2020-02-03T18:49:08+00:00\",\"dateModified\":\"2020-02-28T18:50:42+00:00\",\"mainEntityOfPage\":{\"@id\":\"https:\\\/\\\/expressometro.mx\\\/index.php\\\/2020\\\/02\\\/03\\\/privilegia-junta-local-de-conciliacion-y-arbitraje-del-valle-de-toluca-a-12-mil-553-trabajadores-gracias-a-la-conciliacion\\\/\"},\"wordCount\":334,\"commentCount\":0,\"publisher\":{\"@id\":\"https:\\\/\\\/expressometro.mx\\\/#organization\"},\"image\":{\"@id\":\"https:\\\/\\\/expressometro.mx\\\/index.php\\\/2020\\\/02\\\/03\\\/privilegia-junta-local-de-conciliacion-y-arbitraje-del-valle-de-toluca-a-12-mil-553-trabajadores-gracias-a-la-conciliacion\\\/#primaryimage\"},\"thumbnailUrl\":\"https:\\\/\\\/expressometro.mx\\\/wp-content\\\/uploads\\\/2020\\\/02\\\/w2_12063_3.jpg\",\"articleSection\":[\"Finanzas\",\"Gobierno\"],\"inLanguage\":\"es\",\"potentialAction\":[{\"@type\":\"CommentAction\",\"name\":\"Comment\",\"target\":[\"https:\\\/\\\/expressometro.mx\\\/index.php\\\/2020\\\/02\\\/03\\\/privilegia-junta-local-de-conciliacion-y-arbitraje-del-valle-de-toluca-a-12-mil-553-trabajadores-gracias-a-la-conciliacion\\\/#respond\"]}]},{\"@type\":\"WebPage\",\"@id\":\"https:\\\/\\\/expressometro.mx\\\/index.php\\\/2020\\\/02\\\/03\\\/privilegia-junta-local-de-conciliacion-y-arbitraje-del-valle-de-toluca-a-12-mil-553-trabajadores-gracias-a-la-conciliacion\\\/\",\"url\":\"https:\\\/\\\/expressometro.mx\\\/index.php\\\/2020\\\/02\\\/03\\\/privilegia-junta-local-de-conciliacion-y-arbitraje-del-valle-de-toluca-a-12-mil-553-trabajadores-gracias-a-la-conciliacion\\\/\",\"name\":\"PRIVILEGIA JUNTA LOCAL DE CONCILIACI\u00d3N Y ARBITRAJE DEL VALLE DE TOLUCA A 12 MIL 553 TRABAJADORES GRACIAS A LA CONCILIACI\u00d3N - Expresso Metropolitano\",\"isPartOf\":{\"@id\":\"https:\\\/\\\/expressometro.mx\\\/#website\"},\"primaryImageOfPage\":{\"@id\":\"https:\\\/\\\/expressometro.mx\\\/index.php\\\/2020\\\/02\\\/03\\\/privilegia-junta-local-de-conciliacion-y-arbitraje-del-valle-de-toluca-a-12-mil-553-trabajadores-gracias-a-la-conciliacion\\\/#primaryimage\"},\"image\":{\"@id\":\"https:\\\/\\\/expressometro.mx\\\/index.php\\\/2020\\\/02\\\/03\\\/privilegia-junta-local-de-conciliacion-y-arbitraje-del-valle-de-toluca-a-12-mil-553-trabajadores-gracias-a-la-conciliacion\\\/#primaryimage\"},\"thumbnailUrl\":\"https:\\\/\\\/expressometro.mx\\\/wp-content\\\/uploads\\\/2020\\\/02\\\/w2_12063_3.jpg\",\"datePublished\":\"2020-02-03T18:49:08+00:00\",\"dateModified\":\"2020-02-28T18:50:42+00:00\",\"breadcrumb\":{\"@id\":\"https:\\\/\\\/expressometro.mx\\\/index.php\\\/2020\\\/02\\\/03\\\/privilegia-junta-local-de-conciliacion-y-arbitraje-del-valle-de-toluca-a-12-mil-553-trabajadores-gracias-a-la-conciliacion\\\/#breadcrumb\"},\"inLanguage\":\"es\",\"potentialAction\":[{\"@type\":\"ReadAction\",\"target\":[\"https:\\\/\\\/expressometro.mx\\\/index.php\\\/2020\\\/02\\\/03\\\/privilegia-junta-local-de-conciliacion-y-arbitraje-del-valle-de-toluca-a-12-mil-553-trabajadores-gracias-a-la-conciliacion\\\/\"]}]},{\"@type\":\"ImageObject\",\"inLanguage\":\"es\",\"@id\":\"https:\\\/\\\/expressometro.mx\\\/index.php\\\/2020\\\/02\\\/03\\\/privilegia-junta-local-de-conciliacion-y-arbitraje-del-valle-de-toluca-a-12-mil-553-trabajadores-gracias-a-la-conciliacion\\\/#primaryimage\",\"url\":\"https:\\\/\\\/expressometro.mx\\\/wp-content\\\/uploads\\\/2020\\\/02\\\/w2_12063_3.jpg\",\"contentUrl\":\"https:\\\/\\\/expressometro.mx\\\/wp-content\\\/uploads\\\/2020\\\/02\\\/w2_12063_3.jpg\",\"width\":1799,\"height\":1200},{\"@type\":\"BreadcrumbList\",\"@id\":\"https:\\\/\\\/expressometro.mx\\\/index.php\\\/2020\\\/02\\\/03\\\/privilegia-junta-local-de-conciliacion-y-arbitraje-del-valle-de-toluca-a-12-mil-553-trabajadores-gracias-a-la-conciliacion\\\/#breadcrumb\",\"itemListElement\":[{\"@type\":\"ListItem\",\"position\":1,\"name\":\"Inicio\",\"item\":\"https:\\\/\\\/expressometro.mx\\\/\"},{\"@type\":\"ListItem\",\"position\":2,\"name\":\"PRIVILEGIA JUNTA LOCAL DE CONCILIACI\u00d3N Y ARBITRAJE DEL VALLE DE TOLUCA A 12 MIL 553 TRABAJADORES GRACIAS A LA CONCILIACI\u00d3N\"}]},{\"@type\":\"WebSite\",\"@id\":\"https:\\\/\\\/expressometro.mx\\\/#website\",\"url\":\"https:\\\/\\\/expressometro.mx\\\/\",\"name\":\"Expresso Metropolitano\",\"description\":\"Periodismo comprometido, informaci\u00f3n, investigaci\u00f3n y an\u00e1lisis\",\"publisher\":{\"@id\":\"https:\\\/\\\/expressometro.mx\\\/#organization\"},\"potentialAction\":[{\"@type\":\"SearchAction\",\"target\":{\"@type\":\"EntryPoint\",\"urlTemplate\":\"https:\\\/\\\/expressometro.mx\\\/?s={search_term_string}\"},\"query-input\":{\"@type\":\"PropertyValueSpecification\",\"valueRequired\":true,\"valueName\":\"search_term_string\"}}],\"inLanguage\":\"es\"},{\"@type\":\"Organization\",\"@id\":\"https:\\\/\\\/expressometro.mx\\\/#organization\",\"name\":\"Expresso Metropolitano\",\"url\":\"https:\\\/\\\/expressometro.mx\\\/\",\"logo\":{\"@type\":\"ImageObject\",\"inLanguage\":\"es\",\"@id\":\"https:\\\/\\\/expressometro.mx\\\/#\\\/schema\\\/logo\\\/image\\\/\",\"url\":\"https:\\\/\\\/expressometro.mx\\\/wp-content\\\/uploads\\\/2019\\\/07\\\/cropped-Logo-Expresso-Metropolitano-1-1.jpeg\",\"contentUrl\":\"https:\\\/\\\/expressometro.mx\\\/wp-content\\\/uploads\\\/2019\\\/07\\\/cropped-Logo-Expresso-Metropolitano-1-1.jpeg\",\"width\":290,\"height\":73,\"caption\":\"Expresso Metropolitano\"},\"image\":{\"@id\":\"https:\\\/\\\/expressometro.mx\\\/#\\\/schema\\\/logo\\\/image\\\/\"}},{\"@type\":\"Person\",\"@id\":\"https:\\\/\\\/expressometro.mx\\\/#\\\/schema\\\/person\\\/efa971b4a0664db8ed5c22b1b0dd2f5d\",\"name\":\"Expresso Metropolitano\",\"image\":{\"@type\":\"ImageObject\",\"inLanguage\":\"es\",\"@id\":\"https:\\\/\\\/secure.gravatar.com\\\/avatar\\\/a89f802b8de18c6952f223c88d3d106e9e3679839f4e25a02f4a6cc2ae6ba3b3?s=96&d=mm&r=g\",\"url\":\"https:\\\/\\\/secure.gravatar.com\\\/avatar\\\/a89f802b8de18c6952f223c88d3d106e9e3679839f4e25a02f4a6cc2ae6ba3b3?s=96&d=mm&r=g\",\"contentUrl\":\"https:\\\/\\\/secure.gravatar.com\\\/avatar\\\/a89f802b8de18c6952f223c88d3d106e9e3679839f4e25a02f4a6cc2ae6ba3b3?s=96&d=mm&r=g\",\"caption\":\"Expresso Metropolitano\"},\"url\":\"https:\\\/\\\/expressometro.mx\\\/index.php\\\/author\\\/diego\\\/\"}]}<\/script>\n<!-- \/ Yoast SEO plugin. -->","yoast_head_json":{"title":"PRIVILEGIA JUNTA LOCAL DE CONCILIACI\u00d3N Y ARBITRAJE DEL VALLE DE TOLUCA A 12 MIL 553 TRABAJADORES GRACIAS A LA CONCILIACI\u00d3N - Expresso Metropolitano","robots":{"index":"index","follow":"follow","max-snippet":"max-snippet:-1","max-image-preview":"max-image-preview:large","max-video-preview":"max-video-preview:-1"},"canonical":"https:\/\/expressometro.mx\/index.php\/2020\/02\/03\/privilegia-junta-local-de-conciliacion-y-arbitraje-del-valle-de-toluca-a-12-mil-553-trabajadores-gracias-a-la-conciliacion\/","og_locale":"es_MX","og_type":"article","og_title":"PRIVILEGIA JUNTA LOCAL DE CONCILIACI\u00d3N Y ARBITRAJE DEL VALLE DE TOLUCA A 12 MIL 553 TRABAJADORES GRACIAS A LA CONCILIACI\u00d3N - Expresso Metropolitano","og_description":"Para contribuir a la paz social y estabilidad laboral que requiere la planta productiva mexiquense, durante el a\u00f1o pasado, la Junta Local de Conciliaci\u00f3n y Arbitraje del Valle de Toluca, celebr\u00f3 5 mil 414 convenios sin juicio, en los que se privilegi\u00f3 la conciliaci\u00f3n en materia individual, para benefici\u00f3 de 12 mil 553 trabajadores, inform\u00f3 la Presidenta titular, Sara D\u00e1vila S\u00e1nchez. Agreg\u00f3 que producto de dichos convenios, se entregaron 388 millones 545 mil 395 pesos para los trabajadores y sus beneficiarios. En materia de conflictos colectivos de trabajo, dijo que&hellip;","og_url":"https:\/\/expressometro.mx\/index.php\/2020\/02\/03\/privilegia-junta-local-de-conciliacion-y-arbitraje-del-valle-de-toluca-a-12-mil-553-trabajadores-gracias-a-la-conciliacion\/","og_site_name":"Expresso Metropolitano","article_published_time":"2020-02-03T18:49:08+00:00","article_modified_time":"2020-02-28T18:50:42+00:00","og_image":[{"width":1799,"height":1200,"url":"https:\/\/expressometro.mx\/wp-content\/uploads\/2020\/02\/w2_12063_3.jpg","type":"image\/jpeg"}],"author":"Expresso Metropolitano","twitter_misc":{"Escrito por":"Expresso Metropolitano","Tiempo de lectura":"2 minutos"},"schema":{"@context":"https:\/\/schema.org","@graph":[{"@type":"Article","@id":"https:\/\/expressometro.mx\/index.php\/2020\/02\/03\/privilegia-junta-local-de-conciliacion-y-arbitraje-del-valle-de-toluca-a-12-mil-553-trabajadores-gracias-a-la-conciliacion\/#article","isPartOf":{"@id":"https:\/\/expressometro.mx\/index.php\/2020\/02\/03\/privilegia-junta-local-de-conciliacion-y-arbitraje-del-valle-de-toluca-a-12-mil-553-trabajadores-gracias-a-la-conciliacion\/"},"author":{"name":"Expresso Metropolitano","@id":"https:\/\/expressometro.mx\/#\/schema\/person\/efa971b4a0664db8ed5c22b1b0dd2f5d"},"headline":"PRIVILEGIA JUNTA LOCAL DE CONCILIACI\u00d3N Y ARBITRAJE DEL VALLE DE TOLUCA A 12 MIL 553 TRABAJADORES GRACIAS A LA CONCILIACI\u00d3N","datePublished":"2020-02-03T18:49:08+00:00","dateModified":"2020-02-28T18:50:42+00:00","mainEntityOfPage":{"@id":"https:\/\/expressometro.mx\/index.php\/2020\/02\/03\/privilegia-junta-local-de-conciliacion-y-arbitraje-del-valle-de-toluca-a-12-mil-553-trabajadores-gracias-a-la-conciliacion\/"},"wordCount":334,"commentCount":0,"publisher":{"@id":"https:\/\/expressometro.mx\/#organization"},"image":{"@id":"https:\/\/expressometro.mx\/index.php\/2020\/02\/03\/privilegia-junta-local-de-conciliacion-y-arbitraje-del-valle-de-toluca-a-12-mil-553-trabajadores-gracias-a-la-conciliacion\/#primaryimage"},"thumbnailUrl":"https:\/\/expressometro.mx\/wp-content\/uploads\/2020\/02\/w2_12063_3.jpg","articleSection":["Finanzas","Gobierno"],"inLanguage":"es","potentialAction":[{"@type":"CommentAction","name":"Comment","target":["https:\/\/expressometro.mx\/index.php\/2020\/02\/03\/privilegia-junta-local-de-conciliacion-y-arbitraje-del-valle-de-toluca-a-12-mil-553-trabajadores-gracias-a-la-conciliacion\/#respond"]}]},{"@type":"WebPage","@id":"https:\/\/expressometro.mx\/index.php\/2020\/02\/03\/privilegia-junta-local-de-conciliacion-y-arbitraje-del-valle-de-toluca-a-12-mil-553-trabajadores-gracias-a-la-conciliacion\/","url":"https:\/\/expressometro.mx\/index.php\/2020\/02\/03\/privilegia-junta-local-de-conciliacion-y-arbitraje-del-valle-de-toluca-a-12-mil-553-trabajadores-gracias-a-la-conciliacion\/","name":"PRIVILEGIA JUNTA LOCAL DE CONCILIACI\u00d3N Y ARBITRAJE DEL VALLE DE TOLUCA A 12 MIL 553 TRABAJADORES GRACIAS A LA CONCILIACI\u00d3N - Expresso Metropolitano","isPartOf":{"@id":"https:\/\/expressometro.mx\/#website"},"primaryImageOfPage":{"@id":"https:\/\/expressometro.mx\/index.php\/2020\/02\/03\/privilegia-junta-local-de-conciliacion-y-arbitraje-del-valle-de-toluca-a-12-mil-553-trabajadores-gracias-a-la-conciliacion\/#primaryimage"},"image":{"@id":"https:\/\/expressometro.mx\/index.php\/2020\/02\/03\/privilegia-junta-local-de-conciliacion-y-arbitraje-del-valle-de-toluca-a-12-mil-553-trabajadores-gracias-a-la-conciliacion\/#primaryimage"},"thumbnailUrl":"https:\/\/expressometro.mx\/wp-content\/uploads\/2020\/02\/w2_12063_3.jpg","datePublished":"2020-02-03T18:49:08+00:00","dateModified":"2020-02-28T18:50:42+00:00","breadcrumb":{"@id":"https:\/\/expressometro.mx\/index.php\/2020\/02\/03\/privilegia-junta-local-de-conciliacion-y-arbitraje-del-valle-de-toluca-a-12-mil-553-trabajadores-gracias-a-la-conciliacion\/#breadcrumb"},"inLanguage":"es","potentialAction":[{"@type":"ReadAction","target":["https:\/\/expressometro.mx\/index.php\/2020\/02\/03\/privilegia-junta-local-de-conciliacion-y-arbitraje-del-valle-de-toluca-a-12-mil-553-trabajadores-gracias-a-la-conciliacion\/"]}]},{"@type":"ImageObject","inLanguage":"es","@id":"https:\/\/expressometro.mx\/index.php\/2020\/02\/03\/privilegia-junta-local-de-conciliacion-y-arbitraje-del-valle-de-toluca-a-12-mil-553-trabajadores-gracias-a-la-conciliacion\/#primaryimage","url":"https:\/\/expressometro.mx\/wp-content\/uploads\/2020\/02\/w2_12063_3.jpg","contentUrl":"https:\/\/expressometro.mx\/wp-content\/uploads\/2020\/02\/w2_12063_3.jpg","width":1799,"height":1200},{"@type":"BreadcrumbList","@id":"https:\/\/expressometro.mx\/index.php\/2020\/02\/03\/privilegia-junta-local-de-conciliacion-y-arbitraje-del-valle-de-toluca-a-12-mil-553-trabajadores-gracias-a-la-conciliacion\/#breadcrumb","itemListElement":[{"@type":"ListItem","position":1,"name":"Inicio","item":"https:\/\/expressometro.mx\/"},{"@type":"ListItem","position":2,"name":"PRIVILEGIA JUNTA LOCAL DE CONCILIACI\u00d3N Y ARBITRAJE DEL VALLE DE TOLUCA A 12 MIL 553 TRABAJADORES GRACIAS A LA CONCILIACI\u00d3N"}]},{"@type":"WebSite","@id":"https:\/\/expressometro.mx\/#website","url":"https:\/\/expressometro.mx\/","name":"Expresso Metropolitano","description":"Periodismo comprometido, informaci\u00f3n, investigaci\u00f3n y an\u00e1lisis","publisher":{"@id":"https:\/\/expressometro.mx\/#organization"},"potentialAction":[{"@type":"SearchAction","target":{"@type":"EntryPoint","urlTemplate":"https:\/\/expressometro.mx\/?s={search_term_string}"},"query-input":{"@type":"PropertyValueSpecification","valueRequired":true,"valueName":"search_term_string"}}],"inLanguage":"es"},{"@type":"Organization","@id":"https:\/\/expressometro.mx\/#organization","name":"Expresso Metropolitano","url":"https:\/\/expressometro.mx\/","logo":{"@type":"ImageObject","inLanguage":"es","@id":"https:\/\/expressometro.mx\/#\/schema\/logo\/image\/","url":"https:\/\/expressometro.mx\/wp-content\/uploads\/2019\/07\/cropped-Logo-Expresso-Metropolitano-1-1.jpeg","contentUrl":"https:\/\/expressometro.mx\/wp-content\/uploads\/2019\/07\/cropped-Logo-Expresso-Metropolitano-1-1.jpeg","width":290,"height":73,"caption":"Expresso Metropolitano"},"image":{"@id":"https:\/\/expressometro.mx\/#\/schema\/logo\/image\/"}},{"@type":"Person","@id":"https:\/\/expressometro.mx\/#\/schema\/person\/efa971b4a0664db8ed5c22b1b0dd2f5d","name":"Expresso Metropolitano","image":{"@type":"ImageObject","inLanguage":"es","@id":"https:\/\/secure.gravatar.com\/avatar\/a89f802b8de18c6952f223c88d3d106e9e3679839f4e25a02f4a6cc2ae6ba3b3?s=96&d=mm&r=g","url":"https:\/\/secure.gravatar.com\/avatar\/a89f802b8de18c6952f223c88d3d106e9e3679839f4e25a02f4a6cc2ae6ba3b3?s=96&d=mm&r=g","contentUrl":"https:\/\/secure.gravatar.com\/avatar\/a89f802b8de18c6952f223c88d3d106e9e3679839f4e25a02f4a6cc2ae6ba3b3?s=96&d=mm&r=g","caption":"Expresso Metropolitano"},"url":"https:\/\/expressometro.mx\/index.php\/author\/diego\/"}]}},"amp_enabled":true,"_links":{"self":[{"href":"https:\/\/expressometro.mx\/index.php\/wp-json\/wp\/v2\/posts\/1225","targetHints":{"allow":["GET"]}}],"collection":[{"href":"https:\/\/expressometro.mx\/index.php\/wp-json\/wp\/v2\/posts"}],"about":[{"href":"https:\/\/expressometro.mx\/index.php\/wp-json\/wp\/v2\/types\/post"}],"author":[{"embeddable":true,"href":"https:\/\/expressometro.mx\/index.php\/wp-json\/wp\/v2\/users\/1"}],"replies":[{"embeddable":true,"href":"https:\/\/expressometro.mx\/index.php\/wp-json\/wp\/v2\/comments?post=1225"}],"version-history":[{"count":1,"href":"https:\/\/expressometro.mx\/index.php\/wp-json\/wp\/v2\/posts\/1225\/revisions"}],"predecessor-version":[{"id":1227,"href":"https:\/\/expressometro.mx\/index.php\/wp-json\/wp\/v2\/posts\/1225\/revisions\/1227"}],"wp:featuredmedia":[{"embeddable":true,"href":"https:\/\/expressometro.mx\/index.php\/wp-json\/wp\/v2\/media\/1226"}],"wp:attachment":[{"href":"https:\/\/expressometro.mx\/index.php\/wp-json\/wp\/v2\/media?parent=1225"}],"wp:term":[{"taxonomy":"category","embeddable":true,"href":"https:\/\/expressometro.mx\/index.php\/wp-json\/wp\/v2\/categories?post=1225"},{"taxonomy":"post_tag","embeddable":true,"href":"https:\/\/expressometro.mx\/index.php\/wp-json\/wp\/v2\/tags?post=1225"}],"curies":[{"name":"wp","href":"https:\/\/api.w.org\/{rel}","templated":true}]}}