{"id":12201,"date":"2026-08-25T16:25:09","date_gmt":"2026-08-25T22:25:09","guid":{"rendered":"https:\/\/expressometro.mx\/?p=12201"},"modified":"2026-09-04T16:47:41","modified_gmt":"2026-09-04T22:47:41","slug":"conagua-inicia-fumigacion-en-planteles-educativos-de-tepetitlan-antes-del-regreso-a-clases","status":"publish","type":"post","link":"https:\/\/expressometro.mx\/index.php\/2026\/08\/25\/conagua-inicia-fumigacion-en-planteles-educativos-de-tepetitlan-antes-del-regreso-a-clases\/","title":{"rendered":"CONAGUA INICIA FUMIGACI\u00d3N EN PLANTELES EDUCATIVOS DE TEPETITL\u00c1N ANTES DEL REGRESO A CLASES"},"content":{"rendered":"\n<p class=\"wp-block-paragraph\">La Comisi\u00f3n Nacional del Agua (Conagua) inici\u00f3 este martes una jornada de fumigaci\u00f3n en planteles educativos del municipio de Tepetitl\u00e1n, Hidalgo, como parte de las acciones del Plan Maestro de Recuperaci\u00f3n de la Presa Endh\u00f3 para controlar la presencia del mosco Culex en las comunidades ribere\u00f1as.<\/p>\n\n\n\n<p class=\"wp-block-paragraph\">Las intervenciones se realizar\u00e1n del 25 al 28 de agosto, previo al inicio del ciclo escolar 2026-2027, y contemplan la atenci\u00f3n de m\u00e1s de 40 escuelas de distintos niveles educativos, desde preescolar hasta educaci\u00f3n superior.<\/p>\n\n\n\n<p class=\"wp-block-paragraph\">La programaci\u00f3n fue definida en coordinaci\u00f3n con el Gobierno Municipal de Tepetitl\u00e1n, que proporcion\u00f3 la relaci\u00f3n de planteles a intervenir y participa en la organizaci\u00f3n territorial de las jornadas.<\/p>\n\n\n\n<p class=\"wp-block-paragraph\">Las labores consideran la aplicaci\u00f3n de insecticida mediante equipos de termonebulizaci\u00f3n en espacios interiores y exteriores de los planteles, conforme a los procedimientos t\u00e9cnicos utilizados en la campa\u00f1a permanente de fumigaci\u00f3n que Conagua desarrolla en las comunidades de la zona de influencia de la Presa Endh\u00f3.<\/p>\n\n\n\n<p class=\"wp-block-paragraph\">Esto, debido a que la recuperaci\u00f3n de la Presa Endh\u00f3 tambi\u00e9n implica atender las condiciones que afectan la vida cotidiana de las comunidades.<\/p>\n\n\n\n<p class=\"wp-block-paragraph\">Desde mayo, la Conagua mantiene jornadas peri\u00f3dicas de fumigaci\u00f3n en comunidades ribere\u00f1as mediante diferentes ciclos de aplicaci\u00f3n, como parte de una estrategia que combina intervenciones en la presa con acciones terrestres en viviendas, calles y espacios p\u00fablicos.<\/p>\n\n\n\n<p class=\"wp-block-paragraph\">Conagua continuar\u00e1 trabajando con las autoridades municipales y comunitarias para dar seguimiento a las acciones del Plan Maestro de Recuperaci\u00f3n de la Presa Endh\u00f3 y atender de manera permanente las condiciones que afectan a las comunidades de la regi\u00f3n.<\/p>\n","protected":false},"excerpt":{"rendered":"<p>La Comisi\u00f3n Nacional del Agua (Conagua) inici\u00f3 este martes una jornada de fumigaci\u00f3n en planteles educativos del municipio de Tepetitl\u00e1n, Hidalgo, como parte de las acciones del Plan Maestro de Recuperaci\u00f3n de la Presa Endh\u00f3 para controlar la presencia del mosco Culex en las comunidades ribere\u00f1as.<\/p>\n","protected":false},"author":1,"featured_media":12203,"comment_status":"open","ping_status":"open","sticky":false,"template":"","format":"standard","meta":{"footnotes":""},"categories":[3,1,231],"tags":[2511,1982,86],"class_list":["post-12201","post","type-post","status-publish","format-standard","has-post-thumbnail","hentry","category-gobierno","category-otros","category-politica","tag-conagua","tag-edomex","tag-gem"],"yoast_head":"<!-- This site is optimized with the Yoast SEO plugin v28.4 - https:\/\/yoast.com\/product\/yoast-seo-wordpress\/ -->\n<title>CONAGUA INICIA FUMIGACI\u00d3N EN PLANTELES EDUCATIVOS DE TEPETITL\u00c1N ANTES DEL REGRESO A CLASES - Expresso Metropolitano<\/title>\n<meta name=\"robots\" content=\"index, follow, max-snippet:-1, max-image-preview:large, max-video-preview:-1\" \/>\n<link rel=\"canonical\" href=\"https:\/\/expressometro.mx\/index.php\/2026\/08\/25\/conagua-inicia-fumigacion-en-planteles-educativos-de-tepetitlan-antes-del-regreso-a-clases\/\" \/>\n<meta property=\"og:locale\" content=\"es_MX\" \/>\n<meta property=\"og:type\" content=\"article\" \/>\n<meta property=\"og:title\" content=\"CONAGUA INICIA FUMIGACI\u00d3N EN PLANTELES EDUCATIVOS DE TEPETITL\u00c1N ANTES DEL REGRESO A CLASES - Expresso Metropolitano\" \/>\n<meta property=\"og:description\" content=\"La Comisi\u00f3n Nacional del Agua (Conagua) inici\u00f3 este martes una jornada de fumigaci\u00f3n en planteles educativos del municipio de Tepetitl\u00e1n, Hidalgo, como parte de las acciones del Plan Maestro de Recuperaci\u00f3n de la Presa Endh\u00f3 para controlar la presencia del mosco Culex en las comunidades ribere\u00f1as.\" \/>\n<meta property=\"og:url\" content=\"https:\/\/expressometro.mx\/index.php\/2026\/08\/25\/conagua-inicia-fumigacion-en-planteles-educativos-de-tepetitlan-antes-del-regreso-a-clases\/\" \/>\n<meta property=\"og:site_name\" content=\"Expresso Metropolitano\" \/>\n<meta property=\"article:published_time\" content=\"2026-08-25T22:25:09+00:00\" \/>\n<meta property=\"article:modified_time\" content=\"2026-09-04T22:47:41+00:00\" \/>\n<meta property=\"og:image\" content=\"http:\/\/expressometro.mx\/wp-content\/uploads\/2026\/09\/WhatsApp-Image-2026-08-25-at-2.37.56-PM.jpeg\" \/>\n\t<meta property=\"og:image:width\" content=\"1600\" \/>\n\t<meta property=\"og:image:height\" content=\"1066\" \/>\n\t<meta property=\"og:image:type\" content=\"image\/jpeg\" \/>\n<meta name=\"author\" content=\"Expresso Metropolitano\" \/>\n<meta name=\"twitter:label1\" content=\"Escrito por\" \/>\n\t<meta name=\"twitter:data1\" content=\"Expresso Metropolitano\" \/>\n\t<meta name=\"twitter:label2\" content=\"Tiempo de lectura\" \/>\n\t<meta name=\"twitter:data2\" content=\"2 minutos\" \/>\n<script type=\"application\/ld+json\" class=\"yoast-schema-graph\">{\"@context\":\"https:\\\/\\\/schema.org\",\"@graph\":[{\"@type\":\"Article\",\"@id\":\"https:\\\/\\\/expressometro.mx\\\/index.php\\\/2026\\\/08\\\/25\\\/conagua-inicia-fumigacion-en-planteles-educativos-de-tepetitlan-antes-del-regreso-a-clases\\\/#article\",\"isPartOf\":{\"@id\":\"https:\\\/\\\/expressometro.mx\\\/index.php\\\/2026\\\/08\\\/25\\\/conagua-inicia-fumigacion-en-planteles-educativos-de-tepetitlan-antes-del-regreso-a-clases\\\/\"},\"author\":{\"name\":\"Expresso Metropolitano\",\"@id\":\"https:\\\/\\\/expressometro.mx\\\/#\\\/schema\\\/person\\\/efa971b4a0664db8ed5c22b1b0dd2f5d\"},\"headline\":\"CONAGUA INICIA FUMIGACI\u00d3N EN PLANTELES EDUCATIVOS DE TEPETITL\u00c1N ANTES DEL REGRESO A CLASES\",\"datePublished\":\"2026-08-25T22:25:09+00:00\",\"dateModified\":\"2026-09-04T22:47:41+00:00\",\"mainEntityOfPage\":{\"@id\":\"https:\\\/\\\/expressometro.mx\\\/index.php\\\/2026\\\/08\\\/25\\\/conagua-inicia-fumigacion-en-planteles-educativos-de-tepetitlan-antes-del-regreso-a-clases\\\/\"},\"wordCount\":295,\"commentCount\":0,\"publisher\":{\"@id\":\"https:\\\/\\\/expressometro.mx\\\/#organization\"},\"image\":{\"@id\":\"https:\\\/\\\/expressometro.mx\\\/index.php\\\/2026\\\/08\\\/25\\\/conagua-inicia-fumigacion-en-planteles-educativos-de-tepetitlan-antes-del-regreso-a-clases\\\/#primaryimage\"},\"thumbnailUrl\":\"https:\\\/\\\/expressometro.mx\\\/wp-content\\\/uploads\\\/2026\\\/09\\\/WhatsApp-Image-2026-08-25-at-2.37.56-PM.jpeg\",\"keywords\":[\"CONAGUA\",\"Edomex\",\"GEM\"],\"articleSection\":[\"Gobierno\",\"Otros\",\"Pol\u00edtica\"],\"inLanguage\":\"es\",\"potentialAction\":[{\"@type\":\"CommentAction\",\"name\":\"Comment\",\"target\":[\"https:\\\/\\\/expressometro.mx\\\/index.php\\\/2026\\\/08\\\/25\\\/conagua-inicia-fumigacion-en-planteles-educativos-de-tepetitlan-antes-del-regreso-a-clases\\\/#respond\"]}]},{\"@type\":\"WebPage\",\"@id\":\"https:\\\/\\\/expressometro.mx\\\/index.php\\\/2026\\\/08\\\/25\\\/conagua-inicia-fumigacion-en-planteles-educativos-de-tepetitlan-antes-del-regreso-a-clases\\\/\",\"url\":\"https:\\\/\\\/expressometro.mx\\\/index.php\\\/2026\\\/08\\\/25\\\/conagua-inicia-fumigacion-en-planteles-educativos-de-tepetitlan-antes-del-regreso-a-clases\\\/\",\"name\":\"CONAGUA INICIA FUMIGACI\u00d3N EN PLANTELES EDUCATIVOS DE TEPETITL\u00c1N ANTES DEL REGRESO A CLASES - Expresso Metropolitano\",\"isPartOf\":{\"@id\":\"https:\\\/\\\/expressometro.mx\\\/#website\"},\"primaryImageOfPage\":{\"@id\":\"https:\\\/\\\/expressometro.mx\\\/index.php\\\/2026\\\/08\\\/25\\\/conagua-inicia-fumigacion-en-planteles-educativos-de-tepetitlan-antes-del-regreso-a-clases\\\/#primaryimage\"},\"image\":{\"@id\":\"https:\\\/\\\/expressometro.mx\\\/index.php\\\/2026\\\/08\\\/25\\\/conagua-inicia-fumigacion-en-planteles-educativos-de-tepetitlan-antes-del-regreso-a-clases\\\/#primaryimage\"},\"thumbnailUrl\":\"https:\\\/\\\/expressometro.mx\\\/wp-content\\\/uploads\\\/2026\\\/09\\\/WhatsApp-Image-2026-08-25-at-2.37.56-PM.jpeg\",\"datePublished\":\"2026-08-25T22:25:09+00:00\",\"dateModified\":\"2026-09-04T22:47:41+00:00\",\"breadcrumb\":{\"@id\":\"https:\\\/\\\/expressometro.mx\\\/index.php\\\/2026\\\/08\\\/25\\\/conagua-inicia-fumigacion-en-planteles-educativos-de-tepetitlan-antes-del-regreso-a-clases\\\/#breadcrumb\"},\"inLanguage\":\"es\",\"potentialAction\":[{\"@type\":\"ReadAction\",\"target\":[\"https:\\\/\\\/expressometro.mx\\\/index.php\\\/2026\\\/08\\\/25\\\/conagua-inicia-fumigacion-en-planteles-educativos-de-tepetitlan-antes-del-regreso-a-clases\\\/\"]}]},{\"@type\":\"ImageObject\",\"inLanguage\":\"es\",\"@id\":\"https:\\\/\\\/expressometro.mx\\\/index.php\\\/2026\\\/08\\\/25\\\/conagua-inicia-fumigacion-en-planteles-educativos-de-tepetitlan-antes-del-regreso-a-clases\\\/#primaryimage\",\"url\":\"https:\\\/\\\/expressometro.mx\\\/wp-content\\\/uploads\\\/2026\\\/09\\\/WhatsApp-Image-2026-08-25-at-2.37.56-PM.jpeg\",\"contentUrl\":\"https:\\\/\\\/expressometro.mx\\\/wp-content\\\/uploads\\\/2026\\\/09\\\/WhatsApp-Image-2026-08-25-at-2.37.56-PM.jpeg\",\"width\":1600,\"height\":1066},{\"@type\":\"BreadcrumbList\",\"@id\":\"https:\\\/\\\/expressometro.mx\\\/index.php\\\/2026\\\/08\\\/25\\\/conagua-inicia-fumigacion-en-planteles-educativos-de-tepetitlan-antes-del-regreso-a-clases\\\/#breadcrumb\",\"itemListElement\":[{\"@type\":\"ListItem\",\"position\":1,\"name\":\"Inicio\",\"item\":\"https:\\\/\\\/expressometro.mx\\\/\"},{\"@type\":\"ListItem\",\"position\":2,\"name\":\"CONAGUA INICIA FUMIGACI\u00d3N EN PLANTELES EDUCATIVOS DE TEPETITL\u00c1N ANTES DEL REGRESO A CLASES\"}]},{\"@type\":\"WebSite\",\"@id\":\"https:\\\/\\\/expressometro.mx\\\/#website\",\"url\":\"https:\\\/\\\/expressometro.mx\\\/\",\"name\":\"Expresso Metropolitano\",\"description\":\"Periodismo comprometido, informaci\u00f3n, investigaci\u00f3n y an\u00e1lisis\",\"publisher\":{\"@id\":\"https:\\\/\\\/expressometro.mx\\\/#organization\"},\"potentialAction\":[{\"@type\":\"SearchAction\",\"target\":{\"@type\":\"EntryPoint\",\"urlTemplate\":\"https:\\\/\\\/expressometro.mx\\\/?s={search_term_string}\"},\"query-input\":{\"@type\":\"PropertyValueSpecification\",\"valueRequired\":true,\"valueName\":\"search_term_string\"}}],\"inLanguage\":\"es\"},{\"@type\":\"Organization\",\"@id\":\"https:\\\/\\\/expressometro.mx\\\/#organization\",\"name\":\"Expresso Metropolitano\",\"url\":\"https:\\\/\\\/expressometro.mx\\\/\",\"logo\":{\"@type\":\"ImageObject\",\"inLanguage\":\"es\",\"@id\":\"https:\\\/\\\/expressometro.mx\\\/#\\\/schema\\\/logo\\\/image\\\/\",\"url\":\"https:\\\/\\\/expressometro.mx\\\/wp-content\\\/uploads\\\/2019\\\/07\\\/cropped-Logo-Expresso-Metropolitano-1-1.jpeg\",\"contentUrl\":\"https:\\\/\\\/expressometro.mx\\\/wp-content\\\/uploads\\\/2019\\\/07\\\/cropped-Logo-Expresso-Metropolitano-1-1.jpeg\",\"width\":290,\"height\":73,\"caption\":\"Expresso Metropolitano\"},\"image\":{\"@id\":\"https:\\\/\\\/expressometro.mx\\\/#\\\/schema\\\/logo\\\/image\\\/\"}},{\"@type\":\"Person\",\"@id\":\"https:\\\/\\\/expressometro.mx\\\/#\\\/schema\\\/person\\\/efa971b4a0664db8ed5c22b1b0dd2f5d\",\"name\":\"Expresso Metropolitano\",\"image\":{\"@type\":\"ImageObject\",\"inLanguage\":\"es\",\"@id\":\"https:\\\/\\\/secure.gravatar.com\\\/avatar\\\/a89f802b8de18c6952f223c88d3d106e9e3679839f4e25a02f4a6cc2ae6ba3b3?s=96&d=mm&r=g\",\"url\":\"https:\\\/\\\/secure.gravatar.com\\\/avatar\\\/a89f802b8de18c6952f223c88d3d106e9e3679839f4e25a02f4a6cc2ae6ba3b3?s=96&d=mm&r=g\",\"contentUrl\":\"https:\\\/\\\/secure.gravatar.com\\\/avatar\\\/a89f802b8de18c6952f223c88d3d106e9e3679839f4e25a02f4a6cc2ae6ba3b3?s=96&d=mm&r=g\",\"caption\":\"Expresso Metropolitano\"},\"url\":\"https:\\\/\\\/expressometro.mx\\\/index.php\\\/author\\\/diego\\\/\"}]}<\/script>\n<!-- \/ Yoast SEO plugin. -->","yoast_head_json":{"title":"CONAGUA INICIA FUMIGACI\u00d3N EN PLANTELES EDUCATIVOS DE TEPETITL\u00c1N ANTES DEL REGRESO A CLASES - Expresso Metropolitano","robots":{"index":"index","follow":"follow","max-snippet":"max-snippet:-1","max-image-preview":"max-image-preview:large","max-video-preview":"max-video-preview:-1"},"canonical":"https:\/\/expressometro.mx\/index.php\/2026\/08\/25\/conagua-inicia-fumigacion-en-planteles-educativos-de-tepetitlan-antes-del-regreso-a-clases\/","og_locale":"es_MX","og_type":"article","og_title":"CONAGUA INICIA FUMIGACI\u00d3N EN PLANTELES EDUCATIVOS DE TEPETITL\u00c1N ANTES DEL REGRESO A CLASES - Expresso Metropolitano","og_description":"La Comisi\u00f3n Nacional del Agua (Conagua) inici\u00f3 este martes una jornada de fumigaci\u00f3n en planteles educativos del municipio de Tepetitl\u00e1n, Hidalgo, como parte de las acciones del Plan Maestro de Recuperaci\u00f3n de la Presa Endh\u00f3 para controlar la presencia del mosco Culex en las comunidades ribere\u00f1as.","og_url":"https:\/\/expressometro.mx\/index.php\/2026\/08\/25\/conagua-inicia-fumigacion-en-planteles-educativos-de-tepetitlan-antes-del-regreso-a-clases\/","og_site_name":"Expresso Metropolitano","article_published_time":"2026-08-25T22:25:09+00:00","article_modified_time":"2026-09-04T22:47:41+00:00","og_image":[{"width":1600,"height":1066,"url":"http:\/\/expressometro.mx\/wp-content\/uploads\/2026\/09\/WhatsApp-Image-2026-08-25-at-2.37.56-PM.jpeg","type":"image\/jpeg"}],"author":"Expresso Metropolitano","twitter_misc":{"Escrito por":"Expresso Metropolitano","Tiempo de lectura":"2 minutos"},"schema":{"@context":"https:\/\/schema.org","@graph":[{"@type":"Article","@id":"https:\/\/expressometro.mx\/index.php\/2026\/08\/25\/conagua-inicia-fumigacion-en-planteles-educativos-de-tepetitlan-antes-del-regreso-a-clases\/#article","isPartOf":{"@id":"https:\/\/expressometro.mx\/index.php\/2026\/08\/25\/conagua-inicia-fumigacion-en-planteles-educativos-de-tepetitlan-antes-del-regreso-a-clases\/"},"author":{"name":"Expresso Metropolitano","@id":"https:\/\/expressometro.mx\/#\/schema\/person\/efa971b4a0664db8ed5c22b1b0dd2f5d"},"headline":"CONAGUA INICIA FUMIGACI\u00d3N EN PLANTELES EDUCATIVOS DE TEPETITL\u00c1N ANTES DEL REGRESO A CLASES","datePublished":"2026-08-25T22:25:09+00:00","dateModified":"2026-09-04T22:47:41+00:00","mainEntityOfPage":{"@id":"https:\/\/expressometro.mx\/index.php\/2026\/08\/25\/conagua-inicia-fumigacion-en-planteles-educativos-de-tepetitlan-antes-del-regreso-a-clases\/"},"wordCount":295,"commentCount":0,"publisher":{"@id":"https:\/\/expressometro.mx\/#organization"},"image":{"@id":"https:\/\/expressometro.mx\/index.php\/2026\/08\/25\/conagua-inicia-fumigacion-en-planteles-educativos-de-tepetitlan-antes-del-regreso-a-clases\/#primaryimage"},"thumbnailUrl":"https:\/\/expressometro.mx\/wp-content\/uploads\/2026\/09\/WhatsApp-Image-2026-08-25-at-2.37.56-PM.jpeg","keywords":["CONAGUA","Edomex","GEM"],"articleSection":["Gobierno","Otros","Pol\u00edtica"],"inLanguage":"es","potentialAction":[{"@type":"CommentAction","name":"Comment","target":["https:\/\/expressometro.mx\/index.php\/2026\/08\/25\/conagua-inicia-fumigacion-en-planteles-educativos-de-tepetitlan-antes-del-regreso-a-clases\/#respond"]}]},{"@type":"WebPage","@id":"https:\/\/expressometro.mx\/index.php\/2026\/08\/25\/conagua-inicia-fumigacion-en-planteles-educativos-de-tepetitlan-antes-del-regreso-a-clases\/","url":"https:\/\/expressometro.mx\/index.php\/2026\/08\/25\/conagua-inicia-fumigacion-en-planteles-educativos-de-tepetitlan-antes-del-regreso-a-clases\/","name":"CONAGUA INICIA FUMIGACI\u00d3N EN PLANTELES EDUCATIVOS DE TEPETITL\u00c1N ANTES DEL REGRESO A CLASES - Expresso Metropolitano","isPartOf":{"@id":"https:\/\/expressometro.mx\/#website"},"primaryImageOfPage":{"@id":"https:\/\/expressometro.mx\/index.php\/2026\/08\/25\/conagua-inicia-fumigacion-en-planteles-educativos-de-tepetitlan-antes-del-regreso-a-clases\/#primaryimage"},"image":{"@id":"https:\/\/expressometro.mx\/index.php\/2026\/08\/25\/conagua-inicia-fumigacion-en-planteles-educativos-de-tepetitlan-antes-del-regreso-a-clases\/#primaryimage"},"thumbnailUrl":"https:\/\/expressometro.mx\/wp-content\/uploads\/2026\/09\/WhatsApp-Image-2026-08-25-at-2.37.56-PM.jpeg","datePublished":"2026-08-25T22:25:09+00:00","dateModified":"2026-09-04T22:47:41+00:00","breadcrumb":{"@id":"https:\/\/expressometro.mx\/index.php\/2026\/08\/25\/conagua-inicia-fumigacion-en-planteles-educativos-de-tepetitlan-antes-del-regreso-a-clases\/#breadcrumb"},"inLanguage":"es","potentialAction":[{"@type":"ReadAction","target":["https:\/\/expressometro.mx\/index.php\/2026\/08\/25\/conagua-inicia-fumigacion-en-planteles-educativos-de-tepetitlan-antes-del-regreso-a-clases\/"]}]},{"@type":"ImageObject","inLanguage":"es","@id":"https:\/\/expressometro.mx\/index.php\/2026\/08\/25\/conagua-inicia-fumigacion-en-planteles-educativos-de-tepetitlan-antes-del-regreso-a-clases\/#primaryimage","url":"https:\/\/expressometro.mx\/wp-content\/uploads\/2026\/09\/WhatsApp-Image-2026-08-25-at-2.37.56-PM.jpeg","contentUrl":"https:\/\/expressometro.mx\/wp-content\/uploads\/2026\/09\/WhatsApp-Image-2026-08-25-at-2.37.56-PM.jpeg","width":1600,"height":1066},{"@type":"BreadcrumbList","@id":"https:\/\/expressometro.mx\/index.php\/2026\/08\/25\/conagua-inicia-fumigacion-en-planteles-educativos-de-tepetitlan-antes-del-regreso-a-clases\/#breadcrumb","itemListElement":[{"@type":"ListItem","position":1,"name":"Inicio","item":"https:\/\/expressometro.mx\/"},{"@type":"ListItem","position":2,"name":"CONAGUA INICIA FUMIGACI\u00d3N EN PLANTELES EDUCATIVOS DE TEPETITL\u00c1N ANTES DEL REGRESO A CLASES"}]},{"@type":"WebSite","@id":"https:\/\/expressometro.mx\/#website","url":"https:\/\/expressometro.mx\/","name":"Expresso Metropolitano","description":"Periodismo comprometido, informaci\u00f3n, investigaci\u00f3n y an\u00e1lisis","publisher":{"@id":"https:\/\/expressometro.mx\/#organization"},"potentialAction":[{"@type":"SearchAction","target":{"@type":"EntryPoint","urlTemplate":"https:\/\/expressometro.mx\/?s={search_term_string}"},"query-input":{"@type":"PropertyValueSpecification","valueRequired":true,"valueName":"search_term_string"}}],"inLanguage":"es"},{"@type":"Organization","@id":"https:\/\/expressometro.mx\/#organization","name":"Expresso Metropolitano","url":"https:\/\/expressometro.mx\/","logo":{"@type":"ImageObject","inLanguage":"es","@id":"https:\/\/expressometro.mx\/#\/schema\/logo\/image\/","url":"https:\/\/expressometro.mx\/wp-content\/uploads\/2019\/07\/cropped-Logo-Expresso-Metropolitano-1-1.jpeg","contentUrl":"https:\/\/expressometro.mx\/wp-content\/uploads\/2019\/07\/cropped-Logo-Expresso-Metropolitano-1-1.jpeg","width":290,"height":73,"caption":"Expresso Metropolitano"},"image":{"@id":"https:\/\/expressometro.mx\/#\/schema\/logo\/image\/"}},{"@type":"Person","@id":"https:\/\/expressometro.mx\/#\/schema\/person\/efa971b4a0664db8ed5c22b1b0dd2f5d","name":"Expresso Metropolitano","image":{"@type":"ImageObject","inLanguage":"es","@id":"https:\/\/secure.gravatar.com\/avatar\/a89f802b8de18c6952f223c88d3d106e9e3679839f4e25a02f4a6cc2ae6ba3b3?s=96&d=mm&r=g","url":"https:\/\/secure.gravatar.com\/avatar\/a89f802b8de18c6952f223c88d3d106e9e3679839f4e25a02f4a6cc2ae6ba3b3?s=96&d=mm&r=g","contentUrl":"https:\/\/secure.gravatar.com\/avatar\/a89f802b8de18c6952f223c88d3d106e9e3679839f4e25a02f4a6cc2ae6ba3b3?s=96&d=mm&r=g","caption":"Expresso Metropolitano"},"url":"https:\/\/expressometro.mx\/index.php\/author\/diego\/"}]}},"amp_enabled":true,"_links":{"self":[{"href":"https:\/\/expressometro.mx\/index.php\/wp-json\/wp\/v2\/posts\/12201","targetHints":{"allow":["GET"]}}],"collection":[{"href":"https:\/\/expressometro.mx\/index.php\/wp-json\/wp\/v2\/posts"}],"about":[{"href":"https:\/\/expressometro.mx\/index.php\/wp-json\/wp\/v2\/types\/post"}],"author":[{"embeddable":true,"href":"https:\/\/expressometro.mx\/index.php\/wp-json\/wp\/v2\/users\/1"}],"replies":[{"embeddable":true,"href":"https:\/\/expressometro.mx\/index.php\/wp-json\/wp\/v2\/comments?post=12201"}],"version-history":[{"count":1,"href":"https:\/\/expressometro.mx\/index.php\/wp-json\/wp\/v2\/posts\/12201\/revisions"}],"predecessor-version":[{"id":12204,"href":"https:\/\/expressometro.mx\/index.php\/wp-json\/wp\/v2\/posts\/12201\/revisions\/12204"}],"wp:featuredmedia":[{"embeddable":true,"href":"https:\/\/expressometro.mx\/index.php\/wp-json\/wp\/v2\/media\/12203"}],"wp:attachment":[{"href":"https:\/\/expressometro.mx\/index.php\/wp-json\/wp\/v2\/media?parent=12201"}],"wp:term":[{"taxonomy":"category","embeddable":true,"href":"https:\/\/expressometro.mx\/index.php\/wp-json\/wp\/v2\/categories?post=12201"},{"taxonomy":"post_tag","embeddable":true,"href":"https:\/\/expressometro.mx\/index.php\/wp-json\/wp\/v2\/tags?post=12201"}],"curies":[{"name":"wp","href":"https:\/\/api.w.org\/{rel}","templated":true}]}}