{"id":1219,"date":"2020-02-03T12:47:02","date_gmt":"2020-02-03T18:47:02","guid":{"rendered":"http:\/\/expressometro.mx\/?p=1219"},"modified":"2020-02-28T12:47:47","modified_gmt":"2020-02-28T18:47:47","slug":"es-edomex-aliado-del-sector-empresarial-porque-genera-desarrollo-y-empleos-para-los-mexiquenses-alfredo-del-mazo","status":"publish","type":"post","link":"https:\/\/expressometro.mx\/index.php\/2020\/02\/03\/es-edomex-aliado-del-sector-empresarial-porque-genera-desarrollo-y-empleos-para-los-mexiquenses-alfredo-del-mazo\/","title":{"rendered":"ES EDOM\u00c9X ALIADO DEL SECTOR EMPRESARIAL PORQUE GENERA DESARROLLO Y EMPLEOS PARA LOS MEXIQUENSES: ALFREDO DEL MAZO"},"content":{"rendered":"\n<p>Al asistir a la reuni\u00f3n del Consejo Directivo Nacional de Canacintra, el Gobernador Alfredo Del Mazo Maza destac\u00f3 algunas de las ventajas competitivas de la entidad y afirm\u00f3 que el Gobierno del Estado de M\u00e9xico es un aliado del sector empresarial, porque apuesta por el desarrollo y genera empleos para las familias mexiquenses.<\/p>\n\n\n\n<p>\u201cHoy en d\u00eda estas ventajas competitivas, esta ubicaci\u00f3n geogr\u00e1fica, esta cercan\u00eda con el mercado de consumo que tiene el Estado de M\u00e9xico, adem\u00e1s de la infraestructura que est\u00e1 desarrollando, nos colocan como un estado que es atractivo para la inversi\u00f3n y en donde queremos ser aliados, aliados de quienes apuesten por el desarrollo y por la inversi\u00f3n, aliados de quienes apuestan por la generaci\u00f3n de empleos.<\/p>\n\n\n\n<p>\u201cUstedes son quienes nos ayudan a generar los empleos que requiere nuestra entidad y el Estado de M\u00e9xico los recibe, adem\u00e1s, con los brazos abiertos y con el inter\u00e9s de generar condiciones de certeza que ustedes requieren\u201d, expres\u00f3.<\/p>\n\n\n\n<p>El mandatario estatal detall\u00f3 algunas de las acciones que su gobierno ha emprendido para generar mejores condiciones para la llegada de inversionistas, como la Ley de Mejora Reguladora, que facilita la apertura de empresas, el Dictamen \u00danico de Factibilidad, su ubicaci\u00f3n geogr\u00e1fica, el formar parte de un mercado de consumo de m\u00e1s de 40 millones de consumidores.<\/p>\n\n\n\n<p>As\u00ed como contar con finanzas p\u00fablicas sanas, lo que ha permitido que la calificaci\u00f3n crediticia del Estado de M\u00e9xico por parte de Fitch Ratings, pasar\u00e1 de A+ a AA-, se llevan a cabo proyectos como el Tren Interurbano M\u00e9xico \u2013 Toluca, la autopista Toluca Naucalpan y el nuevo Aeropuerto Internacional&nbsp; \u201cFelipe \u00c1ngeles\u201d, adem\u00e1s de tener m\u00e1s de 14 mil kil\u00f3metros de infraestructura carretera.<\/p>\n\n\n\n<p>Se\u00f1al\u00f3 que estas caracter\u00edsticas, infraestructura y proyectos permiten a la entidad mexiquense ser un estado atractivo para la inversi\u00f3n y la llegada de m\u00e1s empresas, consolid\u00e1ndose como la segunda econom\u00eda m\u00e1s grande del pa\u00eds.<\/p>\n\n\n\n<p>&nbsp;Adem\u00e1s de obtener resultados como el crecimiento en el Estado de M\u00e9xico de los sectores automotriz,&nbsp; farmac\u00e9utico,&nbsp; qu\u00edmico y el de procesamiento de alimentos; tambi\u00e9n que m\u00e1s del 10 por ciento de la manufactura nacional, se concentra en la entidad mexiquense.<\/p>\n\n\n\n<p>Aunado a ello, destac\u00f3 que la entidad se ha consolidado como el tercer generador de empleos a nivel nacional con m\u00e1s de 85 mil puestos de trabajo y la inversi\u00f3n extranjera directa asciende a 4 mil 700 millones de d\u00f3lares.<\/p>\n\n\n\n<p>El titular del Ejecutivo estatal manifest\u00f3 tambi\u00e9n que se emprenden acciones para generar certeza jur\u00eddica para los inversionistas, contar con estabilidad social y pol\u00edtica,lo que ha permitido la construcci\u00f3n de dos parques log\u00edsticos y la llegada de empresas como Amazon y Niagara Bottling, embotelladora de agua m\u00e1s grande del mundo.<\/p>\n\n\n\n<p>\u201cPodemos decir con franqueza que el estado tiene las condiciones de estabilidad, de paz, de armon\u00eda social, y tambi\u00e9n de coordinaci\u00f3n pol\u00edtica y de coordinaci\u00f3n institucional que se requieren para generar estas condiciones de inversi\u00f3n\u201d, agreg\u00f3.<\/p>\n\n\n\n<p>Asimismo, dijo que se trabaja en un plan de comunicaci\u00f3n entre los aeropuertos de la Ciudad de M\u00e9xico, Toluca y \u201cFelipe \u00c1ngeles\u201d en Tec\u00e1mac, para que el tiempo de traslado no sea mayor a una hora con 15 minutos.<\/p>\n\n\n\n<p>Del Mazo Maza indic\u00f3 que uno de los retos que se tienen en el Estado de M\u00e9xico y en el pa\u00eds, es el tema de la seguridad, para que las empresas puedan movilizar con tranquilidad sus mercanc\u00edas.<\/p>\n\n\n\n<p>En este sentido, dijo, su administraci\u00f3n trabaja para tomar medidas para combatir el robo al transporte de carga y las extorsiones de derechos de piso que llegan a sufrir los establecimientos comerciales, esto en coordinaci\u00f3n con la Guardia Nacional, los gobiernos locales y el sector empresarial.<\/p>\n\n\n\n<p>\u201cPara nosotros es muy \u00fatil que el empresario nos comparta la informaci\u00f3n de este tipo de circunstancias, para poder estar atendiendo este tipo de situaciones en las regiones del estado.&nbsp; Y es un delito que no es exclusivo del Estado de M\u00e9xico, es un delito que tenemos a nivel nacional; en el Estado de M\u00e9xico estamos trabajando en \u00e9l y es una prioridad para nosotros\u201d, apunt\u00f3.<\/p>\n\n\n\n<p>El Gobernador Alfredo Del Mazo reconoci\u00f3 el trabajo realizado por Canacintra, agrupaci\u00f3n m\u00e1s grande en su tipo en Am\u00e9rica Latina, la cual fue fundada hace 80 a\u00f1os y que representa a 14 sectores industriales y en el Estado de M\u00e9xico ha permitido construir una entidad industrializada, con infraestructura y conectividad que brinda oportunidades de desarrollo y crecimiento.<\/p>\n\n\n\n<p>Por su parte, Enoch Castellanos F\u00e9rez, Presidente Nacional de Canacintra, destac\u00f3 que los industriales son aliados del Estado de M\u00e9xico para que siga creciendo, teniendo a la poblaci\u00f3n y las causas sociales enfrente de los objetivos de los empresarios y gobernantes.<\/p>\n","protected":false},"excerpt":{"rendered":"<p>Al asistir a la reuni\u00f3n del Consejo Directivo Nacional de Canacintra, el Gobernador Alfredo Del Mazo Maza destac\u00f3 algunas de las ventajas competitivas de la entidad y afirm\u00f3 que el Gobierno del Estado de M\u00e9xico es un aliado del sector empresarial, porque apuesta por el desarrollo y genera empleos para las familias mexiquenses. \u201cHoy en d\u00eda estas ventajas competitivas, esta ubicaci\u00f3n geogr\u00e1fica, esta cercan\u00eda con el mercado de consumo que tiene el Estado de M\u00e9xico, adem\u00e1s de la infraestructura que est\u00e1 desarrollando, nos colocan como un estado que es atractivo&hellip;<\/p>\n","protected":false},"author":1,"featured_media":1220,"comment_status":"open","ping_status":"open","sticky":false,"template":"","format":"standard","meta":{"footnotes":""},"categories":[4,3],"tags":[],"class_list":["post-1219","post","type-post","status-publish","format-standard","has-post-thumbnail","hentry","category-finanzas","category-gobierno"],"yoast_head":"<!-- This site is optimized with the Yoast SEO plugin v27.5 - https:\/\/yoast.com\/product\/yoast-seo-wordpress\/ -->\n<title>ES EDOM\u00c9X ALIADO DEL SECTOR EMPRESARIAL PORQUE GENERA DESARROLLO Y EMPLEOS PARA LOS MEXIQUENSES: ALFREDO DEL MAZO - Expresso Metropolitano<\/title>\n<meta name=\"robots\" content=\"index, follow, max-snippet:-1, max-image-preview:large, max-video-preview:-1\" \/>\n<link rel=\"canonical\" href=\"https:\/\/expressometro.mx\/index.php\/2020\/02\/03\/es-edomex-aliado-del-sector-empresarial-porque-genera-desarrollo-y-empleos-para-los-mexiquenses-alfredo-del-mazo\/\" \/>\n<meta property=\"og:locale\" content=\"es_MX\" \/>\n<meta property=\"og:type\" content=\"article\" \/>\n<meta property=\"og:title\" content=\"ES EDOM\u00c9X ALIADO DEL SECTOR EMPRESARIAL PORQUE GENERA DESARROLLO Y EMPLEOS PARA LOS MEXIQUENSES: ALFREDO DEL MAZO - Expresso Metropolitano\" \/>\n<meta property=\"og:description\" content=\"Al asistir a la reuni\u00f3n del Consejo Directivo Nacional de Canacintra, el Gobernador Alfredo Del Mazo Maza destac\u00f3 algunas de las ventajas competitivas de la entidad y afirm\u00f3 que el Gobierno del Estado de M\u00e9xico es un aliado del sector empresarial, porque apuesta por el desarrollo y genera empleos para las familias mexiquenses. \u201cHoy en d\u00eda estas ventajas competitivas, esta ubicaci\u00f3n geogr\u00e1fica, esta cercan\u00eda con el mercado de consumo que tiene el Estado de M\u00e9xico, adem\u00e1s de la infraestructura que est\u00e1 desarrollando, nos colocan como un estado que es atractivo&hellip;\" \/>\n<meta property=\"og:url\" content=\"https:\/\/expressometro.mx\/index.php\/2020\/02\/03\/es-edomex-aliado-del-sector-empresarial-porque-genera-desarrollo-y-empleos-para-los-mexiquenses-alfredo-del-mazo\/\" \/>\n<meta property=\"og:site_name\" content=\"Expresso Metropolitano\" \/>\n<meta property=\"article:published_time\" content=\"2020-02-03T18:47:02+00:00\" \/>\n<meta property=\"article:modified_time\" content=\"2020-02-28T18:47:47+00:00\" \/>\n<meta property=\"og:image\" content=\"https:\/\/expressometro.mx\/wp-content\/uploads\/2020\/02\/w2_12060_1.jpg\" \/>\n\t<meta property=\"og:image:width\" content=\"2000\" \/>\n\t<meta property=\"og:image:height\" content=\"1536\" \/>\n\t<meta property=\"og:image:type\" content=\"image\/jpeg\" \/>\n<meta name=\"author\" content=\"Expresso Metropolitano\" \/>\n<meta name=\"twitter:label1\" content=\"Escrito por\" \/>\n\t<meta name=\"twitter:data1\" content=\"Expresso Metropolitano\" \/>\n\t<meta name=\"twitter:label2\" content=\"Tiempo de lectura\" \/>\n\t<meta name=\"twitter:data2\" content=\"4 minutos\" \/>\n<script type=\"application\/ld+json\" class=\"yoast-schema-graph\">{\"@context\":\"https:\\\/\\\/schema.org\",\"@graph\":[{\"@type\":\"Article\",\"@id\":\"https:\\\/\\\/expressometro.mx\\\/index.php\\\/2020\\\/02\\\/03\\\/es-edomex-aliado-del-sector-empresarial-porque-genera-desarrollo-y-empleos-para-los-mexiquenses-alfredo-del-mazo\\\/#article\",\"isPartOf\":{\"@id\":\"https:\\\/\\\/expressometro.mx\\\/index.php\\\/2020\\\/02\\\/03\\\/es-edomex-aliado-del-sector-empresarial-porque-genera-desarrollo-y-empleos-para-los-mexiquenses-alfredo-del-mazo\\\/\"},\"author\":{\"name\":\"Expresso Metropolitano\",\"@id\":\"https:\\\/\\\/expressometro.mx\\\/#\\\/schema\\\/person\\\/efa971b4a0664db8ed5c22b1b0dd2f5d\"},\"headline\":\"ES EDOM\u00c9X ALIADO DEL SECTOR EMPRESARIAL PORQUE GENERA DESARROLLO Y EMPLEOS PARA LOS MEXIQUENSES: ALFREDO DEL MAZO\",\"datePublished\":\"2020-02-03T18:47:02+00:00\",\"dateModified\":\"2020-02-28T18:47:47+00:00\",\"mainEntityOfPage\":{\"@id\":\"https:\\\/\\\/expressometro.mx\\\/index.php\\\/2020\\\/02\\\/03\\\/es-edomex-aliado-del-sector-empresarial-porque-genera-desarrollo-y-empleos-para-los-mexiquenses-alfredo-del-mazo\\\/\"},\"wordCount\":850,\"commentCount\":0,\"publisher\":{\"@id\":\"https:\\\/\\\/expressometro.mx\\\/#organization\"},\"image\":{\"@id\":\"https:\\\/\\\/expressometro.mx\\\/index.php\\\/2020\\\/02\\\/03\\\/es-edomex-aliado-del-sector-empresarial-porque-genera-desarrollo-y-empleos-para-los-mexiquenses-alfredo-del-mazo\\\/#primaryimage\"},\"thumbnailUrl\":\"https:\\\/\\\/expressometro.mx\\\/wp-content\\\/uploads\\\/2020\\\/02\\\/w2_12060_1.jpg\",\"articleSection\":[\"Finanzas\",\"Gobierno\"],\"inLanguage\":\"es\",\"potentialAction\":[{\"@type\":\"CommentAction\",\"name\":\"Comment\",\"target\":[\"https:\\\/\\\/expressometro.mx\\\/index.php\\\/2020\\\/02\\\/03\\\/es-edomex-aliado-del-sector-empresarial-porque-genera-desarrollo-y-empleos-para-los-mexiquenses-alfredo-del-mazo\\\/#respond\"]}]},{\"@type\":\"WebPage\",\"@id\":\"https:\\\/\\\/expressometro.mx\\\/index.php\\\/2020\\\/02\\\/03\\\/es-edomex-aliado-del-sector-empresarial-porque-genera-desarrollo-y-empleos-para-los-mexiquenses-alfredo-del-mazo\\\/\",\"url\":\"https:\\\/\\\/expressometro.mx\\\/index.php\\\/2020\\\/02\\\/03\\\/es-edomex-aliado-del-sector-empresarial-porque-genera-desarrollo-y-empleos-para-los-mexiquenses-alfredo-del-mazo\\\/\",\"name\":\"ES EDOM\u00c9X ALIADO DEL SECTOR EMPRESARIAL PORQUE GENERA DESARROLLO Y EMPLEOS PARA LOS MEXIQUENSES: ALFREDO DEL MAZO - Expresso Metropolitano\",\"isPartOf\":{\"@id\":\"https:\\\/\\\/expressometro.mx\\\/#website\"},\"primaryImageOfPage\":{\"@id\":\"https:\\\/\\\/expressometro.mx\\\/index.php\\\/2020\\\/02\\\/03\\\/es-edomex-aliado-del-sector-empresarial-porque-genera-desarrollo-y-empleos-para-los-mexiquenses-alfredo-del-mazo\\\/#primaryimage\"},\"image\":{\"@id\":\"https:\\\/\\\/expressometro.mx\\\/index.php\\\/2020\\\/02\\\/03\\\/es-edomex-aliado-del-sector-empresarial-porque-genera-desarrollo-y-empleos-para-los-mexiquenses-alfredo-del-mazo\\\/#primaryimage\"},\"thumbnailUrl\":\"https:\\\/\\\/expressometro.mx\\\/wp-content\\\/uploads\\\/2020\\\/02\\\/w2_12060_1.jpg\",\"datePublished\":\"2020-02-03T18:47:02+00:00\",\"dateModified\":\"2020-02-28T18:47:47+00:00\",\"breadcrumb\":{\"@id\":\"https:\\\/\\\/expressometro.mx\\\/index.php\\\/2020\\\/02\\\/03\\\/es-edomex-aliado-del-sector-empresarial-porque-genera-desarrollo-y-empleos-para-los-mexiquenses-alfredo-del-mazo\\\/#breadcrumb\"},\"inLanguage\":\"es\",\"potentialAction\":[{\"@type\":\"ReadAction\",\"target\":[\"https:\\\/\\\/expressometro.mx\\\/index.php\\\/2020\\\/02\\\/03\\\/es-edomex-aliado-del-sector-empresarial-porque-genera-desarrollo-y-empleos-para-los-mexiquenses-alfredo-del-mazo\\\/\"]}]},{\"@type\":\"ImageObject\",\"inLanguage\":\"es\",\"@id\":\"https:\\\/\\\/expressometro.mx\\\/index.php\\\/2020\\\/02\\\/03\\\/es-edomex-aliado-del-sector-empresarial-porque-genera-desarrollo-y-empleos-para-los-mexiquenses-alfredo-del-mazo\\\/#primaryimage\",\"url\":\"https:\\\/\\\/expressometro.mx\\\/wp-content\\\/uploads\\\/2020\\\/02\\\/w2_12060_1.jpg\",\"contentUrl\":\"https:\\\/\\\/expressometro.mx\\\/wp-content\\\/uploads\\\/2020\\\/02\\\/w2_12060_1.jpg\",\"width\":2000,\"height\":1536},{\"@type\":\"BreadcrumbList\",\"@id\":\"https:\\\/\\\/expressometro.mx\\\/index.php\\\/2020\\\/02\\\/03\\\/es-edomex-aliado-del-sector-empresarial-porque-genera-desarrollo-y-empleos-para-los-mexiquenses-alfredo-del-mazo\\\/#breadcrumb\",\"itemListElement\":[{\"@type\":\"ListItem\",\"position\":1,\"name\":\"Inicio\",\"item\":\"https:\\\/\\\/expressometro.mx\\\/\"},{\"@type\":\"ListItem\",\"position\":2,\"name\":\"ES EDOM\u00c9X ALIADO DEL SECTOR EMPRESARIAL PORQUE GENERA DESARROLLO Y EMPLEOS PARA LOS MEXIQUENSES: ALFREDO DEL MAZO\"}]},{\"@type\":\"WebSite\",\"@id\":\"https:\\\/\\\/expressometro.mx\\\/#website\",\"url\":\"https:\\\/\\\/expressometro.mx\\\/\",\"name\":\"Expresso Metropolitano\",\"description\":\"Periodismo comprometido, informaci\u00f3n, investigaci\u00f3n y an\u00e1lisis\",\"publisher\":{\"@id\":\"https:\\\/\\\/expressometro.mx\\\/#organization\"},\"potentialAction\":[{\"@type\":\"SearchAction\",\"target\":{\"@type\":\"EntryPoint\",\"urlTemplate\":\"https:\\\/\\\/expressometro.mx\\\/?s={search_term_string}\"},\"query-input\":{\"@type\":\"PropertyValueSpecification\",\"valueRequired\":true,\"valueName\":\"search_term_string\"}}],\"inLanguage\":\"es\"},{\"@type\":\"Organization\",\"@id\":\"https:\\\/\\\/expressometro.mx\\\/#organization\",\"name\":\"Expresso Metropolitano\",\"url\":\"https:\\\/\\\/expressometro.mx\\\/\",\"logo\":{\"@type\":\"ImageObject\",\"inLanguage\":\"es\",\"@id\":\"https:\\\/\\\/expressometro.mx\\\/#\\\/schema\\\/logo\\\/image\\\/\",\"url\":\"https:\\\/\\\/expressometro.mx\\\/wp-content\\\/uploads\\\/2019\\\/07\\\/cropped-Logo-Expresso-Metropolitano-1-1.jpeg\",\"contentUrl\":\"https:\\\/\\\/expressometro.mx\\\/wp-content\\\/uploads\\\/2019\\\/07\\\/cropped-Logo-Expresso-Metropolitano-1-1.jpeg\",\"width\":290,\"height\":73,\"caption\":\"Expresso Metropolitano\"},\"image\":{\"@id\":\"https:\\\/\\\/expressometro.mx\\\/#\\\/schema\\\/logo\\\/image\\\/\"}},{\"@type\":\"Person\",\"@id\":\"https:\\\/\\\/expressometro.mx\\\/#\\\/schema\\\/person\\\/efa971b4a0664db8ed5c22b1b0dd2f5d\",\"name\":\"Expresso Metropolitano\",\"image\":{\"@type\":\"ImageObject\",\"inLanguage\":\"es\",\"@id\":\"https:\\\/\\\/secure.gravatar.com\\\/avatar\\\/a89f802b8de18c6952f223c88d3d106e9e3679839f4e25a02f4a6cc2ae6ba3b3?s=96&d=mm&r=g\",\"url\":\"https:\\\/\\\/secure.gravatar.com\\\/avatar\\\/a89f802b8de18c6952f223c88d3d106e9e3679839f4e25a02f4a6cc2ae6ba3b3?s=96&d=mm&r=g\",\"contentUrl\":\"https:\\\/\\\/secure.gravatar.com\\\/avatar\\\/a89f802b8de18c6952f223c88d3d106e9e3679839f4e25a02f4a6cc2ae6ba3b3?s=96&d=mm&r=g\",\"caption\":\"Expresso Metropolitano\"},\"url\":\"https:\\\/\\\/expressometro.mx\\\/index.php\\\/author\\\/diego\\\/\"}]}<\/script>\n<!-- \/ Yoast SEO plugin. -->","yoast_head_json":{"title":"ES EDOM\u00c9X ALIADO DEL SECTOR EMPRESARIAL PORQUE GENERA DESARROLLO Y EMPLEOS PARA LOS MEXIQUENSES: ALFREDO DEL MAZO - Expresso Metropolitano","robots":{"index":"index","follow":"follow","max-snippet":"max-snippet:-1","max-image-preview":"max-image-preview:large","max-video-preview":"max-video-preview:-1"},"canonical":"https:\/\/expressometro.mx\/index.php\/2020\/02\/03\/es-edomex-aliado-del-sector-empresarial-porque-genera-desarrollo-y-empleos-para-los-mexiquenses-alfredo-del-mazo\/","og_locale":"es_MX","og_type":"article","og_title":"ES EDOM\u00c9X ALIADO DEL SECTOR EMPRESARIAL PORQUE GENERA DESARROLLO Y EMPLEOS PARA LOS MEXIQUENSES: ALFREDO DEL MAZO - Expresso Metropolitano","og_description":"Al asistir a la reuni\u00f3n del Consejo Directivo Nacional de Canacintra, el Gobernador Alfredo Del Mazo Maza destac\u00f3 algunas de las ventajas competitivas de la entidad y afirm\u00f3 que el Gobierno del Estado de M\u00e9xico es un aliado del sector empresarial, porque apuesta por el desarrollo y genera empleos para las familias mexiquenses. \u201cHoy en d\u00eda estas ventajas competitivas, esta ubicaci\u00f3n geogr\u00e1fica, esta cercan\u00eda con el mercado de consumo que tiene el Estado de M\u00e9xico, adem\u00e1s de la infraestructura que est\u00e1 desarrollando, nos colocan como un estado que es atractivo&hellip;","og_url":"https:\/\/expressometro.mx\/index.php\/2020\/02\/03\/es-edomex-aliado-del-sector-empresarial-porque-genera-desarrollo-y-empleos-para-los-mexiquenses-alfredo-del-mazo\/","og_site_name":"Expresso Metropolitano","article_published_time":"2020-02-03T18:47:02+00:00","article_modified_time":"2020-02-28T18:47:47+00:00","og_image":[{"width":2000,"height":1536,"url":"https:\/\/expressometro.mx\/wp-content\/uploads\/2020\/02\/w2_12060_1.jpg","type":"image\/jpeg"}],"author":"Expresso Metropolitano","twitter_misc":{"Escrito por":"Expresso Metropolitano","Tiempo de lectura":"4 minutos"},"schema":{"@context":"https:\/\/schema.org","@graph":[{"@type":"Article","@id":"https:\/\/expressometro.mx\/index.php\/2020\/02\/03\/es-edomex-aliado-del-sector-empresarial-porque-genera-desarrollo-y-empleos-para-los-mexiquenses-alfredo-del-mazo\/#article","isPartOf":{"@id":"https:\/\/expressometro.mx\/index.php\/2020\/02\/03\/es-edomex-aliado-del-sector-empresarial-porque-genera-desarrollo-y-empleos-para-los-mexiquenses-alfredo-del-mazo\/"},"author":{"name":"Expresso Metropolitano","@id":"https:\/\/expressometro.mx\/#\/schema\/person\/efa971b4a0664db8ed5c22b1b0dd2f5d"},"headline":"ES EDOM\u00c9X ALIADO DEL SECTOR EMPRESARIAL PORQUE GENERA DESARROLLO Y EMPLEOS PARA LOS MEXIQUENSES: ALFREDO DEL MAZO","datePublished":"2020-02-03T18:47:02+00:00","dateModified":"2020-02-28T18:47:47+00:00","mainEntityOfPage":{"@id":"https:\/\/expressometro.mx\/index.php\/2020\/02\/03\/es-edomex-aliado-del-sector-empresarial-porque-genera-desarrollo-y-empleos-para-los-mexiquenses-alfredo-del-mazo\/"},"wordCount":850,"commentCount":0,"publisher":{"@id":"https:\/\/expressometro.mx\/#organization"},"image":{"@id":"https:\/\/expressometro.mx\/index.php\/2020\/02\/03\/es-edomex-aliado-del-sector-empresarial-porque-genera-desarrollo-y-empleos-para-los-mexiquenses-alfredo-del-mazo\/#primaryimage"},"thumbnailUrl":"https:\/\/expressometro.mx\/wp-content\/uploads\/2020\/02\/w2_12060_1.jpg","articleSection":["Finanzas","Gobierno"],"inLanguage":"es","potentialAction":[{"@type":"CommentAction","name":"Comment","target":["https:\/\/expressometro.mx\/index.php\/2020\/02\/03\/es-edomex-aliado-del-sector-empresarial-porque-genera-desarrollo-y-empleos-para-los-mexiquenses-alfredo-del-mazo\/#respond"]}]},{"@type":"WebPage","@id":"https:\/\/expressometro.mx\/index.php\/2020\/02\/03\/es-edomex-aliado-del-sector-empresarial-porque-genera-desarrollo-y-empleos-para-los-mexiquenses-alfredo-del-mazo\/","url":"https:\/\/expressometro.mx\/index.php\/2020\/02\/03\/es-edomex-aliado-del-sector-empresarial-porque-genera-desarrollo-y-empleos-para-los-mexiquenses-alfredo-del-mazo\/","name":"ES EDOM\u00c9X ALIADO DEL SECTOR EMPRESARIAL PORQUE GENERA DESARROLLO Y EMPLEOS PARA LOS MEXIQUENSES: ALFREDO DEL MAZO - Expresso Metropolitano","isPartOf":{"@id":"https:\/\/expressometro.mx\/#website"},"primaryImageOfPage":{"@id":"https:\/\/expressometro.mx\/index.php\/2020\/02\/03\/es-edomex-aliado-del-sector-empresarial-porque-genera-desarrollo-y-empleos-para-los-mexiquenses-alfredo-del-mazo\/#primaryimage"},"image":{"@id":"https:\/\/expressometro.mx\/index.php\/2020\/02\/03\/es-edomex-aliado-del-sector-empresarial-porque-genera-desarrollo-y-empleos-para-los-mexiquenses-alfredo-del-mazo\/#primaryimage"},"thumbnailUrl":"https:\/\/expressometro.mx\/wp-content\/uploads\/2020\/02\/w2_12060_1.jpg","datePublished":"2020-02-03T18:47:02+00:00","dateModified":"2020-02-28T18:47:47+00:00","breadcrumb":{"@id":"https:\/\/expressometro.mx\/index.php\/2020\/02\/03\/es-edomex-aliado-del-sector-empresarial-porque-genera-desarrollo-y-empleos-para-los-mexiquenses-alfredo-del-mazo\/#breadcrumb"},"inLanguage":"es","potentialAction":[{"@type":"ReadAction","target":["https:\/\/expressometro.mx\/index.php\/2020\/02\/03\/es-edomex-aliado-del-sector-empresarial-porque-genera-desarrollo-y-empleos-para-los-mexiquenses-alfredo-del-mazo\/"]}]},{"@type":"ImageObject","inLanguage":"es","@id":"https:\/\/expressometro.mx\/index.php\/2020\/02\/03\/es-edomex-aliado-del-sector-empresarial-porque-genera-desarrollo-y-empleos-para-los-mexiquenses-alfredo-del-mazo\/#primaryimage","url":"https:\/\/expressometro.mx\/wp-content\/uploads\/2020\/02\/w2_12060_1.jpg","contentUrl":"https:\/\/expressometro.mx\/wp-content\/uploads\/2020\/02\/w2_12060_1.jpg","width":2000,"height":1536},{"@type":"BreadcrumbList","@id":"https:\/\/expressometro.mx\/index.php\/2020\/02\/03\/es-edomex-aliado-del-sector-empresarial-porque-genera-desarrollo-y-empleos-para-los-mexiquenses-alfredo-del-mazo\/#breadcrumb","itemListElement":[{"@type":"ListItem","position":1,"name":"Inicio","item":"https:\/\/expressometro.mx\/"},{"@type":"ListItem","position":2,"name":"ES EDOM\u00c9X ALIADO DEL SECTOR EMPRESARIAL PORQUE GENERA DESARROLLO Y EMPLEOS PARA LOS MEXIQUENSES: ALFREDO DEL MAZO"}]},{"@type":"WebSite","@id":"https:\/\/expressometro.mx\/#website","url":"https:\/\/expressometro.mx\/","name":"Expresso Metropolitano","description":"Periodismo comprometido, informaci\u00f3n, investigaci\u00f3n y an\u00e1lisis","publisher":{"@id":"https:\/\/expressometro.mx\/#organization"},"potentialAction":[{"@type":"SearchAction","target":{"@type":"EntryPoint","urlTemplate":"https:\/\/expressometro.mx\/?s={search_term_string}"},"query-input":{"@type":"PropertyValueSpecification","valueRequired":true,"valueName":"search_term_string"}}],"inLanguage":"es"},{"@type":"Organization","@id":"https:\/\/expressometro.mx\/#organization","name":"Expresso Metropolitano","url":"https:\/\/expressometro.mx\/","logo":{"@type":"ImageObject","inLanguage":"es","@id":"https:\/\/expressometro.mx\/#\/schema\/logo\/image\/","url":"https:\/\/expressometro.mx\/wp-content\/uploads\/2019\/07\/cropped-Logo-Expresso-Metropolitano-1-1.jpeg","contentUrl":"https:\/\/expressometro.mx\/wp-content\/uploads\/2019\/07\/cropped-Logo-Expresso-Metropolitano-1-1.jpeg","width":290,"height":73,"caption":"Expresso Metropolitano"},"image":{"@id":"https:\/\/expressometro.mx\/#\/schema\/logo\/image\/"}},{"@type":"Person","@id":"https:\/\/expressometro.mx\/#\/schema\/person\/efa971b4a0664db8ed5c22b1b0dd2f5d","name":"Expresso Metropolitano","image":{"@type":"ImageObject","inLanguage":"es","@id":"https:\/\/secure.gravatar.com\/avatar\/a89f802b8de18c6952f223c88d3d106e9e3679839f4e25a02f4a6cc2ae6ba3b3?s=96&d=mm&r=g","url":"https:\/\/secure.gravatar.com\/avatar\/a89f802b8de18c6952f223c88d3d106e9e3679839f4e25a02f4a6cc2ae6ba3b3?s=96&d=mm&r=g","contentUrl":"https:\/\/secure.gravatar.com\/avatar\/a89f802b8de18c6952f223c88d3d106e9e3679839f4e25a02f4a6cc2ae6ba3b3?s=96&d=mm&r=g","caption":"Expresso Metropolitano"},"url":"https:\/\/expressometro.mx\/index.php\/author\/diego\/"}]}},"amp_enabled":true,"_links":{"self":[{"href":"https:\/\/expressometro.mx\/index.php\/wp-json\/wp\/v2\/posts\/1219","targetHints":{"allow":["GET"]}}],"collection":[{"href":"https:\/\/expressometro.mx\/index.php\/wp-json\/wp\/v2\/posts"}],"about":[{"href":"https:\/\/expressometro.mx\/index.php\/wp-json\/wp\/v2\/types\/post"}],"author":[{"embeddable":true,"href":"https:\/\/expressometro.mx\/index.php\/wp-json\/wp\/v2\/users\/1"}],"replies":[{"embeddable":true,"href":"https:\/\/expressometro.mx\/index.php\/wp-json\/wp\/v2\/comments?post=1219"}],"version-history":[{"count":1,"href":"https:\/\/expressometro.mx\/index.php\/wp-json\/wp\/v2\/posts\/1219\/revisions"}],"predecessor-version":[{"id":1221,"href":"https:\/\/expressometro.mx\/index.php\/wp-json\/wp\/v2\/posts\/1219\/revisions\/1221"}],"wp:featuredmedia":[{"embeddable":true,"href":"https:\/\/expressometro.mx\/index.php\/wp-json\/wp\/v2\/media\/1220"}],"wp:attachment":[{"href":"https:\/\/expressometro.mx\/index.php\/wp-json\/wp\/v2\/media?parent=1219"}],"wp:term":[{"taxonomy":"category","embeddable":true,"href":"https:\/\/expressometro.mx\/index.php\/wp-json\/wp\/v2\/categories?post=1219"},{"taxonomy":"post_tag","embeddable":true,"href":"https:\/\/expressometro.mx\/index.php\/wp-json\/wp\/v2\/tags?post=1219"}],"curies":[{"name":"wp","href":"https:\/\/api.w.org\/{rel}","templated":true}]}}