{"id":1216,"date":"2020-02-02T12:45:13","date_gmt":"2020-02-02T18:45:13","guid":{"rendered":"http:\/\/expressometro.mx\/?p=1216"},"modified":"2020-02-28T12:46:54","modified_gmt":"2020-02-28T18:46:54","slug":"fomenta-secretaria-de-cultura-ciclismo-entre-ninas-ninos-y-adolescentes","status":"publish","type":"post","link":"https:\/\/expressometro.mx\/index.php\/2020\/02\/02\/fomenta-secretaria-de-cultura-ciclismo-entre-ninas-ninos-y-adolescentes\/","title":{"rendered":"FOMENTA SECRETAR\u00cdA DE CULTURA CICLISMO ENTRE NI\u00d1AS, NI\u00d1OS Y ADOLESCENTES"},"content":{"rendered":"\n<p>Con el objetivo de que ni\u00f1as, ni\u00f1os y adolescentes se interesen en la disciplina de ciclismo desde temprana edad y conozcan a profundidad los fundamentos t\u00e9cnicos y normativos que rigen al mismo, el Gobierno del Estado de M\u00e9xico a trav\u00e9s de la Secretar\u00eda de Cultura abre las puertas del Centro de Formaci\u00f3n de este deporte.<\/p>\n\n\n\n<p>Con entrenadores como Ernesto \u201cEl Tibur\u00f3n\u201d Hern\u00e1ndez, Guiseppe Grassi, Nancy Contreras, Edgardo Lugo y Luis Pulido, se garantiza la calidad de los entrenamientos.<\/p>\n\n\n\n<p>Ernesto Hern\u00e1ndez, entrenador nacional, detall\u00f3 que se atienden a ni\u00f1os desde los cinco a\u00f1os de edad, con la intenci\u00f3n de brindarles las bases para la pr\u00e1ctica adecuada de esta disciplina.<\/p>\n\n\n\n<p>\u201cEstamos trabajando desde lo b\u00e1sico del ciclismo como qu\u00e9 es la bicicleta y de qu\u00e9 se compone, apoy\u00e1ndoles en la t\u00e9cnica para que la dominen, ya que si existe desconocimiento t\u00e9cnico afecta en la pr\u00e1ctica del deporte\u201d, afirm\u00f3 \u201cEl Tibur\u00f3n\u201d.&nbsp;<\/p>\n\n\n\n<p>Coment\u00f3 que a los alumnos se les solicita traer su bicicleta, contar con el equipo de seguridad consistente en el casco y los guantes, adem\u00e1s, detall\u00f3 que como parte del servicio de este Centro de Formaci\u00f3n, se realiza una revisi\u00f3n a la bicicleta y apoyo en su reparaci\u00f3n, sobre todo para que no fallen los frenos.<\/p>\n\n\n\n<p>Ernesto Hern\u00e1ndez se\u00f1al\u00f3 que, en esta primera etapa, fomentan la pr\u00e1ctica de este deporte como una actividad f\u00edsica y que posteriormente se buscar\u00e1 la etapa competitiva, ya que es un deporte que requiere un largo proceso.<\/p>\n\n\n\n<p>El Centro de Formaci\u00f3n Edom\u00e9x de Ciclismo, cuenta con horarios flexibles, para que las ni\u00f1as, ni\u00f1os y j\u00f3venes, puedan acudir al que se adapte a sus necesidades, sin afectar sus actividades acad\u00e9micas y tengan los espacios adecuados de esparcimiento y sana convivencia para mejorar la calidad de vida de la poblaci\u00f3n mexiquense.<\/p>\n\n\n\n<p>Para mayores informes, los interesados pueden llamar a la Subdirecci\u00f3n de Cultura F\u00edsica, al tel\u00e9fono 722-167-8040, extensi\u00f3n 115.<\/p>\n","protected":false},"excerpt":{"rendered":"<p>Con el objetivo de que ni\u00f1as, ni\u00f1os y adolescentes se interesen en la disciplina de ciclismo desde temprana edad y conozcan a profundidad los fundamentos t\u00e9cnicos y normativos que rigen al mismo, el Gobierno del Estado de M\u00e9xico a trav\u00e9s de la Secretar\u00eda de Cultura abre las puertas del Centro de Formaci\u00f3n de este deporte. Con entrenadores como Ernesto \u201cEl Tibur\u00f3n\u201d Hern\u00e1ndez, Guiseppe Grassi, Nancy Contreras, Edgardo Lugo y Luis Pulido, se garantiza la calidad de los entrenamientos. Ernesto Hern\u00e1ndez, entrenador nacional, detall\u00f3 que se atienden a ni\u00f1os desde los&hellip;<\/p>\n","protected":false},"author":1,"featured_media":1217,"comment_status":"open","ping_status":"open","sticky":false,"template":"","format":"standard","meta":{"footnotes":""},"categories":[9,3,5],"tags":[],"class_list":["post-1216","post","type-post","status-publish","format-standard","has-post-thumbnail","hentry","category-deportes","category-gobierno","category-salud"],"yoast_head":"<!-- This site is optimized with the Yoast SEO plugin v27.5 - https:\/\/yoast.com\/product\/yoast-seo-wordpress\/ -->\n<title>FOMENTA SECRETAR\u00cdA DE CULTURA CICLISMO ENTRE NI\u00d1AS, NI\u00d1OS Y ADOLESCENTES - Expresso Metropolitano<\/title>\n<meta name=\"robots\" content=\"index, follow, max-snippet:-1, max-image-preview:large, max-video-preview:-1\" \/>\n<link rel=\"canonical\" href=\"https:\/\/expressometro.mx\/index.php\/2020\/02\/02\/fomenta-secretaria-de-cultura-ciclismo-entre-ninas-ninos-y-adolescentes\/\" \/>\n<meta property=\"og:locale\" content=\"es_MX\" \/>\n<meta property=\"og:type\" content=\"article\" \/>\n<meta property=\"og:title\" content=\"FOMENTA SECRETAR\u00cdA DE CULTURA CICLISMO ENTRE NI\u00d1AS, NI\u00d1OS Y ADOLESCENTES - Expresso Metropolitano\" \/>\n<meta property=\"og:description\" content=\"Con el objetivo de que ni\u00f1as, ni\u00f1os y adolescentes se interesen en la disciplina de ciclismo desde temprana edad y conozcan a profundidad los fundamentos t\u00e9cnicos y normativos que rigen al mismo, el Gobierno del Estado de M\u00e9xico a trav\u00e9s de la Secretar\u00eda de Cultura abre las puertas del Centro de Formaci\u00f3n de este deporte. Con entrenadores como Ernesto \u201cEl Tibur\u00f3n\u201d Hern\u00e1ndez, Guiseppe Grassi, Nancy Contreras, Edgardo Lugo y Luis Pulido, se garantiza la calidad de los entrenamientos. Ernesto Hern\u00e1ndez, entrenador nacional, detall\u00f3 que se atienden a ni\u00f1os desde los&hellip;\" \/>\n<meta property=\"og:url\" content=\"https:\/\/expressometro.mx\/index.php\/2020\/02\/02\/fomenta-secretaria-de-cultura-ciclismo-entre-ninas-ninos-y-adolescentes\/\" \/>\n<meta property=\"og:site_name\" content=\"Expresso Metropolitano\" \/>\n<meta property=\"article:published_time\" content=\"2020-02-02T18:45:13+00:00\" \/>\n<meta property=\"article:modified_time\" content=\"2020-02-28T18:46:54+00:00\" \/>\n<meta property=\"og:image\" content=\"https:\/\/expressometro.mx\/wp-content\/uploads\/2020\/02\/w2_12070_1.jpg\" \/>\n\t<meta property=\"og:image:width\" content=\"2730\" \/>\n\t<meta property=\"og:image:height\" content=\"4096\" \/>\n\t<meta property=\"og:image:type\" content=\"image\/jpeg\" \/>\n<meta name=\"author\" content=\"Expresso Metropolitano\" \/>\n<meta name=\"twitter:label1\" content=\"Escrito por\" \/>\n\t<meta name=\"twitter:data1\" content=\"Expresso Metropolitano\" \/>\n\t<meta name=\"twitter:label2\" content=\"Tiempo de lectura\" \/>\n\t<meta name=\"twitter:data2\" content=\"2 minutos\" \/>\n<script type=\"application\/ld+json\" class=\"yoast-schema-graph\">{\"@context\":\"https:\\\/\\\/schema.org\",\"@graph\":[{\"@type\":\"Article\",\"@id\":\"https:\\\/\\\/expressometro.mx\\\/index.php\\\/2020\\\/02\\\/02\\\/fomenta-secretaria-de-cultura-ciclismo-entre-ninas-ninos-y-adolescentes\\\/#article\",\"isPartOf\":{\"@id\":\"https:\\\/\\\/expressometro.mx\\\/index.php\\\/2020\\\/02\\\/02\\\/fomenta-secretaria-de-cultura-ciclismo-entre-ninas-ninos-y-adolescentes\\\/\"},\"author\":{\"name\":\"Expresso Metropolitano\",\"@id\":\"https:\\\/\\\/expressometro.mx\\\/#\\\/schema\\\/person\\\/efa971b4a0664db8ed5c22b1b0dd2f5d\"},\"headline\":\"FOMENTA SECRETAR\u00cdA DE CULTURA CICLISMO ENTRE NI\u00d1AS, NI\u00d1OS Y ADOLESCENTES\",\"datePublished\":\"2020-02-02T18:45:13+00:00\",\"dateModified\":\"2020-02-28T18:46:54+00:00\",\"mainEntityOfPage\":{\"@id\":\"https:\\\/\\\/expressometro.mx\\\/index.php\\\/2020\\\/02\\\/02\\\/fomenta-secretaria-de-cultura-ciclismo-entre-ninas-ninos-y-adolescentes\\\/\"},\"wordCount\":363,\"commentCount\":0,\"publisher\":{\"@id\":\"https:\\\/\\\/expressometro.mx\\\/#organization\"},\"image\":{\"@id\":\"https:\\\/\\\/expressometro.mx\\\/index.php\\\/2020\\\/02\\\/02\\\/fomenta-secretaria-de-cultura-ciclismo-entre-ninas-ninos-y-adolescentes\\\/#primaryimage\"},\"thumbnailUrl\":\"https:\\\/\\\/expressometro.mx\\\/wp-content\\\/uploads\\\/2020\\\/02\\\/w2_12070_1.jpg\",\"articleSection\":[\"Deportes\",\"Gobierno\",\"Salud\"],\"inLanguage\":\"es\",\"potentialAction\":[{\"@type\":\"CommentAction\",\"name\":\"Comment\",\"target\":[\"https:\\\/\\\/expressometro.mx\\\/index.php\\\/2020\\\/02\\\/02\\\/fomenta-secretaria-de-cultura-ciclismo-entre-ninas-ninos-y-adolescentes\\\/#respond\"]}]},{\"@type\":\"WebPage\",\"@id\":\"https:\\\/\\\/expressometro.mx\\\/index.php\\\/2020\\\/02\\\/02\\\/fomenta-secretaria-de-cultura-ciclismo-entre-ninas-ninos-y-adolescentes\\\/\",\"url\":\"https:\\\/\\\/expressometro.mx\\\/index.php\\\/2020\\\/02\\\/02\\\/fomenta-secretaria-de-cultura-ciclismo-entre-ninas-ninos-y-adolescentes\\\/\",\"name\":\"FOMENTA SECRETAR\u00cdA DE CULTURA CICLISMO ENTRE NI\u00d1AS, NI\u00d1OS Y ADOLESCENTES - Expresso Metropolitano\",\"isPartOf\":{\"@id\":\"https:\\\/\\\/expressometro.mx\\\/#website\"},\"primaryImageOfPage\":{\"@id\":\"https:\\\/\\\/expressometro.mx\\\/index.php\\\/2020\\\/02\\\/02\\\/fomenta-secretaria-de-cultura-ciclismo-entre-ninas-ninos-y-adolescentes\\\/#primaryimage\"},\"image\":{\"@id\":\"https:\\\/\\\/expressometro.mx\\\/index.php\\\/2020\\\/02\\\/02\\\/fomenta-secretaria-de-cultura-ciclismo-entre-ninas-ninos-y-adolescentes\\\/#primaryimage\"},\"thumbnailUrl\":\"https:\\\/\\\/expressometro.mx\\\/wp-content\\\/uploads\\\/2020\\\/02\\\/w2_12070_1.jpg\",\"datePublished\":\"2020-02-02T18:45:13+00:00\",\"dateModified\":\"2020-02-28T18:46:54+00:00\",\"breadcrumb\":{\"@id\":\"https:\\\/\\\/expressometro.mx\\\/index.php\\\/2020\\\/02\\\/02\\\/fomenta-secretaria-de-cultura-ciclismo-entre-ninas-ninos-y-adolescentes\\\/#breadcrumb\"},\"inLanguage\":\"es\",\"potentialAction\":[{\"@type\":\"ReadAction\",\"target\":[\"https:\\\/\\\/expressometro.mx\\\/index.php\\\/2020\\\/02\\\/02\\\/fomenta-secretaria-de-cultura-ciclismo-entre-ninas-ninos-y-adolescentes\\\/\"]}]},{\"@type\":\"ImageObject\",\"inLanguage\":\"es\",\"@id\":\"https:\\\/\\\/expressometro.mx\\\/index.php\\\/2020\\\/02\\\/02\\\/fomenta-secretaria-de-cultura-ciclismo-entre-ninas-ninos-y-adolescentes\\\/#primaryimage\",\"url\":\"https:\\\/\\\/expressometro.mx\\\/wp-content\\\/uploads\\\/2020\\\/02\\\/w2_12070_1.jpg\",\"contentUrl\":\"https:\\\/\\\/expressometro.mx\\\/wp-content\\\/uploads\\\/2020\\\/02\\\/w2_12070_1.jpg\",\"width\":2730,\"height\":4096},{\"@type\":\"BreadcrumbList\",\"@id\":\"https:\\\/\\\/expressometro.mx\\\/index.php\\\/2020\\\/02\\\/02\\\/fomenta-secretaria-de-cultura-ciclismo-entre-ninas-ninos-y-adolescentes\\\/#breadcrumb\",\"itemListElement\":[{\"@type\":\"ListItem\",\"position\":1,\"name\":\"Inicio\",\"item\":\"https:\\\/\\\/expressometro.mx\\\/\"},{\"@type\":\"ListItem\",\"position\":2,\"name\":\"FOMENTA SECRETAR\u00cdA DE CULTURA CICLISMO ENTRE NI\u00d1AS, NI\u00d1OS Y ADOLESCENTES\"}]},{\"@type\":\"WebSite\",\"@id\":\"https:\\\/\\\/expressometro.mx\\\/#website\",\"url\":\"https:\\\/\\\/expressometro.mx\\\/\",\"name\":\"Expresso Metropolitano\",\"description\":\"Periodismo comprometido, informaci\u00f3n, investigaci\u00f3n y an\u00e1lisis\",\"publisher\":{\"@id\":\"https:\\\/\\\/expressometro.mx\\\/#organization\"},\"potentialAction\":[{\"@type\":\"SearchAction\",\"target\":{\"@type\":\"EntryPoint\",\"urlTemplate\":\"https:\\\/\\\/expressometro.mx\\\/?s={search_term_string}\"},\"query-input\":{\"@type\":\"PropertyValueSpecification\",\"valueRequired\":true,\"valueName\":\"search_term_string\"}}],\"inLanguage\":\"es\"},{\"@type\":\"Organization\",\"@id\":\"https:\\\/\\\/expressometro.mx\\\/#organization\",\"name\":\"Expresso Metropolitano\",\"url\":\"https:\\\/\\\/expressometro.mx\\\/\",\"logo\":{\"@type\":\"ImageObject\",\"inLanguage\":\"es\",\"@id\":\"https:\\\/\\\/expressometro.mx\\\/#\\\/schema\\\/logo\\\/image\\\/\",\"url\":\"https:\\\/\\\/expressometro.mx\\\/wp-content\\\/uploads\\\/2019\\\/07\\\/cropped-Logo-Expresso-Metropolitano-1-1.jpeg\",\"contentUrl\":\"https:\\\/\\\/expressometro.mx\\\/wp-content\\\/uploads\\\/2019\\\/07\\\/cropped-Logo-Expresso-Metropolitano-1-1.jpeg\",\"width\":290,\"height\":73,\"caption\":\"Expresso Metropolitano\"},\"image\":{\"@id\":\"https:\\\/\\\/expressometro.mx\\\/#\\\/schema\\\/logo\\\/image\\\/\"}},{\"@type\":\"Person\",\"@id\":\"https:\\\/\\\/expressometro.mx\\\/#\\\/schema\\\/person\\\/efa971b4a0664db8ed5c22b1b0dd2f5d\",\"name\":\"Expresso Metropolitano\",\"image\":{\"@type\":\"ImageObject\",\"inLanguage\":\"es\",\"@id\":\"https:\\\/\\\/secure.gravatar.com\\\/avatar\\\/a89f802b8de18c6952f223c88d3d106e9e3679839f4e25a02f4a6cc2ae6ba3b3?s=96&d=mm&r=g\",\"url\":\"https:\\\/\\\/secure.gravatar.com\\\/avatar\\\/a89f802b8de18c6952f223c88d3d106e9e3679839f4e25a02f4a6cc2ae6ba3b3?s=96&d=mm&r=g\",\"contentUrl\":\"https:\\\/\\\/secure.gravatar.com\\\/avatar\\\/a89f802b8de18c6952f223c88d3d106e9e3679839f4e25a02f4a6cc2ae6ba3b3?s=96&d=mm&r=g\",\"caption\":\"Expresso Metropolitano\"},\"url\":\"https:\\\/\\\/expressometro.mx\\\/index.php\\\/author\\\/diego\\\/\"}]}<\/script>\n<!-- \/ Yoast SEO plugin. -->","yoast_head_json":{"title":"FOMENTA SECRETAR\u00cdA DE CULTURA CICLISMO ENTRE NI\u00d1AS, NI\u00d1OS Y ADOLESCENTES - Expresso Metropolitano","robots":{"index":"index","follow":"follow","max-snippet":"max-snippet:-1","max-image-preview":"max-image-preview:large","max-video-preview":"max-video-preview:-1"},"canonical":"https:\/\/expressometro.mx\/index.php\/2020\/02\/02\/fomenta-secretaria-de-cultura-ciclismo-entre-ninas-ninos-y-adolescentes\/","og_locale":"es_MX","og_type":"article","og_title":"FOMENTA SECRETAR\u00cdA DE CULTURA CICLISMO ENTRE NI\u00d1AS, NI\u00d1OS Y ADOLESCENTES - Expresso Metropolitano","og_description":"Con el objetivo de que ni\u00f1as, ni\u00f1os y adolescentes se interesen en la disciplina de ciclismo desde temprana edad y conozcan a profundidad los fundamentos t\u00e9cnicos y normativos que rigen al mismo, el Gobierno del Estado de M\u00e9xico a trav\u00e9s de la Secretar\u00eda de Cultura abre las puertas del Centro de Formaci\u00f3n de este deporte. Con entrenadores como Ernesto \u201cEl Tibur\u00f3n\u201d Hern\u00e1ndez, Guiseppe Grassi, Nancy Contreras, Edgardo Lugo y Luis Pulido, se garantiza la calidad de los entrenamientos. Ernesto Hern\u00e1ndez, entrenador nacional, detall\u00f3 que se atienden a ni\u00f1os desde los&hellip;","og_url":"https:\/\/expressometro.mx\/index.php\/2020\/02\/02\/fomenta-secretaria-de-cultura-ciclismo-entre-ninas-ninos-y-adolescentes\/","og_site_name":"Expresso Metropolitano","article_published_time":"2020-02-02T18:45:13+00:00","article_modified_time":"2020-02-28T18:46:54+00:00","og_image":[{"width":2730,"height":4096,"url":"https:\/\/expressometro.mx\/wp-content\/uploads\/2020\/02\/w2_12070_1.jpg","type":"image\/jpeg"}],"author":"Expresso Metropolitano","twitter_misc":{"Escrito por":"Expresso Metropolitano","Tiempo de lectura":"2 minutos"},"schema":{"@context":"https:\/\/schema.org","@graph":[{"@type":"Article","@id":"https:\/\/expressometro.mx\/index.php\/2020\/02\/02\/fomenta-secretaria-de-cultura-ciclismo-entre-ninas-ninos-y-adolescentes\/#article","isPartOf":{"@id":"https:\/\/expressometro.mx\/index.php\/2020\/02\/02\/fomenta-secretaria-de-cultura-ciclismo-entre-ninas-ninos-y-adolescentes\/"},"author":{"name":"Expresso Metropolitano","@id":"https:\/\/expressometro.mx\/#\/schema\/person\/efa971b4a0664db8ed5c22b1b0dd2f5d"},"headline":"FOMENTA SECRETAR\u00cdA DE CULTURA CICLISMO ENTRE NI\u00d1AS, NI\u00d1OS Y ADOLESCENTES","datePublished":"2020-02-02T18:45:13+00:00","dateModified":"2020-02-28T18:46:54+00:00","mainEntityOfPage":{"@id":"https:\/\/expressometro.mx\/index.php\/2020\/02\/02\/fomenta-secretaria-de-cultura-ciclismo-entre-ninas-ninos-y-adolescentes\/"},"wordCount":363,"commentCount":0,"publisher":{"@id":"https:\/\/expressometro.mx\/#organization"},"image":{"@id":"https:\/\/expressometro.mx\/index.php\/2020\/02\/02\/fomenta-secretaria-de-cultura-ciclismo-entre-ninas-ninos-y-adolescentes\/#primaryimage"},"thumbnailUrl":"https:\/\/expressometro.mx\/wp-content\/uploads\/2020\/02\/w2_12070_1.jpg","articleSection":["Deportes","Gobierno","Salud"],"inLanguage":"es","potentialAction":[{"@type":"CommentAction","name":"Comment","target":["https:\/\/expressometro.mx\/index.php\/2020\/02\/02\/fomenta-secretaria-de-cultura-ciclismo-entre-ninas-ninos-y-adolescentes\/#respond"]}]},{"@type":"WebPage","@id":"https:\/\/expressometro.mx\/index.php\/2020\/02\/02\/fomenta-secretaria-de-cultura-ciclismo-entre-ninas-ninos-y-adolescentes\/","url":"https:\/\/expressometro.mx\/index.php\/2020\/02\/02\/fomenta-secretaria-de-cultura-ciclismo-entre-ninas-ninos-y-adolescentes\/","name":"FOMENTA SECRETAR\u00cdA DE CULTURA CICLISMO ENTRE NI\u00d1AS, NI\u00d1OS Y ADOLESCENTES - Expresso Metropolitano","isPartOf":{"@id":"https:\/\/expressometro.mx\/#website"},"primaryImageOfPage":{"@id":"https:\/\/expressometro.mx\/index.php\/2020\/02\/02\/fomenta-secretaria-de-cultura-ciclismo-entre-ninas-ninos-y-adolescentes\/#primaryimage"},"image":{"@id":"https:\/\/expressometro.mx\/index.php\/2020\/02\/02\/fomenta-secretaria-de-cultura-ciclismo-entre-ninas-ninos-y-adolescentes\/#primaryimage"},"thumbnailUrl":"https:\/\/expressometro.mx\/wp-content\/uploads\/2020\/02\/w2_12070_1.jpg","datePublished":"2020-02-02T18:45:13+00:00","dateModified":"2020-02-28T18:46:54+00:00","breadcrumb":{"@id":"https:\/\/expressometro.mx\/index.php\/2020\/02\/02\/fomenta-secretaria-de-cultura-ciclismo-entre-ninas-ninos-y-adolescentes\/#breadcrumb"},"inLanguage":"es","potentialAction":[{"@type":"ReadAction","target":["https:\/\/expressometro.mx\/index.php\/2020\/02\/02\/fomenta-secretaria-de-cultura-ciclismo-entre-ninas-ninos-y-adolescentes\/"]}]},{"@type":"ImageObject","inLanguage":"es","@id":"https:\/\/expressometro.mx\/index.php\/2020\/02\/02\/fomenta-secretaria-de-cultura-ciclismo-entre-ninas-ninos-y-adolescentes\/#primaryimage","url":"https:\/\/expressometro.mx\/wp-content\/uploads\/2020\/02\/w2_12070_1.jpg","contentUrl":"https:\/\/expressometro.mx\/wp-content\/uploads\/2020\/02\/w2_12070_1.jpg","width":2730,"height":4096},{"@type":"BreadcrumbList","@id":"https:\/\/expressometro.mx\/index.php\/2020\/02\/02\/fomenta-secretaria-de-cultura-ciclismo-entre-ninas-ninos-y-adolescentes\/#breadcrumb","itemListElement":[{"@type":"ListItem","position":1,"name":"Inicio","item":"https:\/\/expressometro.mx\/"},{"@type":"ListItem","position":2,"name":"FOMENTA SECRETAR\u00cdA DE CULTURA CICLISMO ENTRE NI\u00d1AS, NI\u00d1OS Y ADOLESCENTES"}]},{"@type":"WebSite","@id":"https:\/\/expressometro.mx\/#website","url":"https:\/\/expressometro.mx\/","name":"Expresso Metropolitano","description":"Periodismo comprometido, informaci\u00f3n, investigaci\u00f3n y an\u00e1lisis","publisher":{"@id":"https:\/\/expressometro.mx\/#organization"},"potentialAction":[{"@type":"SearchAction","target":{"@type":"EntryPoint","urlTemplate":"https:\/\/expressometro.mx\/?s={search_term_string}"},"query-input":{"@type":"PropertyValueSpecification","valueRequired":true,"valueName":"search_term_string"}}],"inLanguage":"es"},{"@type":"Organization","@id":"https:\/\/expressometro.mx\/#organization","name":"Expresso Metropolitano","url":"https:\/\/expressometro.mx\/","logo":{"@type":"ImageObject","inLanguage":"es","@id":"https:\/\/expressometro.mx\/#\/schema\/logo\/image\/","url":"https:\/\/expressometro.mx\/wp-content\/uploads\/2019\/07\/cropped-Logo-Expresso-Metropolitano-1-1.jpeg","contentUrl":"https:\/\/expressometro.mx\/wp-content\/uploads\/2019\/07\/cropped-Logo-Expresso-Metropolitano-1-1.jpeg","width":290,"height":73,"caption":"Expresso Metropolitano"},"image":{"@id":"https:\/\/expressometro.mx\/#\/schema\/logo\/image\/"}},{"@type":"Person","@id":"https:\/\/expressometro.mx\/#\/schema\/person\/efa971b4a0664db8ed5c22b1b0dd2f5d","name":"Expresso Metropolitano","image":{"@type":"ImageObject","inLanguage":"es","@id":"https:\/\/secure.gravatar.com\/avatar\/a89f802b8de18c6952f223c88d3d106e9e3679839f4e25a02f4a6cc2ae6ba3b3?s=96&d=mm&r=g","url":"https:\/\/secure.gravatar.com\/avatar\/a89f802b8de18c6952f223c88d3d106e9e3679839f4e25a02f4a6cc2ae6ba3b3?s=96&d=mm&r=g","contentUrl":"https:\/\/secure.gravatar.com\/avatar\/a89f802b8de18c6952f223c88d3d106e9e3679839f4e25a02f4a6cc2ae6ba3b3?s=96&d=mm&r=g","caption":"Expresso Metropolitano"},"url":"https:\/\/expressometro.mx\/index.php\/author\/diego\/"}]}},"amp_enabled":true,"_links":{"self":[{"href":"https:\/\/expressometro.mx\/index.php\/wp-json\/wp\/v2\/posts\/1216","targetHints":{"allow":["GET"]}}],"collection":[{"href":"https:\/\/expressometro.mx\/index.php\/wp-json\/wp\/v2\/posts"}],"about":[{"href":"https:\/\/expressometro.mx\/index.php\/wp-json\/wp\/v2\/types\/post"}],"author":[{"embeddable":true,"href":"https:\/\/expressometro.mx\/index.php\/wp-json\/wp\/v2\/users\/1"}],"replies":[{"embeddable":true,"href":"https:\/\/expressometro.mx\/index.php\/wp-json\/wp\/v2\/comments?post=1216"}],"version-history":[{"count":1,"href":"https:\/\/expressometro.mx\/index.php\/wp-json\/wp\/v2\/posts\/1216\/revisions"}],"predecessor-version":[{"id":1218,"href":"https:\/\/expressometro.mx\/index.php\/wp-json\/wp\/v2\/posts\/1216\/revisions\/1218"}],"wp:featuredmedia":[{"embeddable":true,"href":"https:\/\/expressometro.mx\/index.php\/wp-json\/wp\/v2\/media\/1217"}],"wp:attachment":[{"href":"https:\/\/expressometro.mx\/index.php\/wp-json\/wp\/v2\/media?parent=1216"}],"wp:term":[{"taxonomy":"category","embeddable":true,"href":"https:\/\/expressometro.mx\/index.php\/wp-json\/wp\/v2\/categories?post=1216"},{"taxonomy":"post_tag","embeddable":true,"href":"https:\/\/expressometro.mx\/index.php\/wp-json\/wp\/v2\/tags?post=1216"}],"curies":[{"name":"wp","href":"https:\/\/api.w.org\/{rel}","templated":true}]}}