{"id":1206,"date":"2020-02-01T12:40:34","date_gmt":"2020-02-01T18:40:34","guid":{"rendered":"http:\/\/expressometro.mx\/?p=1206"},"modified":"2020-02-28T12:41:46","modified_gmt":"2020-02-28T18:41:46","slug":"inauguran-exposicion-espiritu-indomable-el-arte-del-taekwondo-en-texcoco","status":"publish","type":"post","link":"https:\/\/expressometro.mx\/index.php\/2020\/02\/01\/inauguran-exposicion-espiritu-indomable-el-arte-del-taekwondo-en-texcoco\/","title":{"rendered":"INAUGURAN EXPOSICI\u00d3N \u201cESP\u00cdRITU INDOMABLE: EL ARTE DEL TAEKWONDO\u201d EN TEXCOCO"},"content":{"rendered":"\n<p>Con la inauguraci\u00f3n de la exposici\u00f3n \u201cEsp\u00edritu indomable: El arte del Taekwondo\u201d, el Centro Cultural Mexiquense Bicentenario (CCMB) hace un recorrido por la historia de este deporte en M\u00e9xico y en el Estado de M\u00e9xico, as\u00ed como de las y los representantes mexiquenses m\u00e1s destacados.<\/p>\n\n\n\n<p>El Gobierno del Estado de M\u00e9xico, por v\u00eda de la Secretar\u00eda de Cultura, presenta esta exposici\u00f3n para dar impulso y reconocimiento a las y los deportistas, as\u00ed como promover la actividad entre las nuevas generaciones.<\/p>\n\n\n\n<p>La Secretaria de Cultura del Estado de M\u00e9xico, Marcela Gonz\u00e1lez Salas, se\u00f1al\u00f3 que, a partir de la administraci\u00f3n del Gobernador Alfredo Del Mazo Maza, el CCMB tiene la funci\u00f3n de promover cada vez m\u00e1s el deporte en la zona de Los Volcanes, cuyo primer paso fue la creaci\u00f3n del Museo del Deporte Edom\u00e9x, iniciativa \u00fanica en el estado y en el pa\u00eds, dedicado a reconocer a las y los deportistas mexiquenses.<\/p>\n\n\n\n<p>Enfatiz\u00f3 que el hecho de tener una exposici\u00f3n enfocada al Taekwondo es relevante porque el Estado de M\u00e9xico ha sido la entidad que m\u00e1s medallas ha dado al pa\u00eds en esta disciplina, pues de un total de 69 medallas de Juegos Ol\u00edmpicos, el estado ha dado 17 preseas.<\/p>\n\n\n\n<p>Agradeci\u00f3 la presencia de Ana Zulema Ib\u00e1\u00f1ez, ganadora de la medalla de oro en Taekwondo, modalidad poomsae, en los Juegos Panamericanos de Lima 2019.<\/p>\n\n\n\n<p>Tambi\u00e9n reconoci\u00f3 su esfuerzo y ejemplo para las ni\u00f1as y ni\u00f1os, su voluntad de salir adelante y ofrecer lo mejor de ella para el Estado de M\u00e9xico y para el pa\u00eds.<\/p>\n\n\n\n<p>Finalmente, adelant\u00f3 que cada dos meses se har\u00e1 una muestra museogr\u00e1fica dedicada a diferentes disciplinas deportivas, incluso se ha propuesto una exposici\u00f3n referente al primer mundial de futbol que se llev\u00f3 a cabo en M\u00e9xico en 1970, calificado por los especialistas como uno de los mejores a lo largo de la historia.<\/p>\n\n\n\n<p>Por su parte, la taekwondo\u00edna Ana Zulema Ib\u00e1\u00f1ez, agradeci\u00f3 el apoyo que se le ha brindado por parte del Gobernador Alfredo Del Mazo y la Secretaria, Marcela Gonz\u00e1lez.<\/p>\n\n\n\n<p>Dijo sentirse emocionada por presenciar una exposici\u00f3n dedicada al deporte que se ha convertido en su estilo de vida, ha forjado sus valores y le ha permitido participar en m\u00faltiples campeonatos internacionales y mundiales.<\/p>\n\n\n\n<p>\u201cLos m\u00e1s importante que he aprendido, ha sido que campeones puede haber muchos, y campe\u00f3n podr\u00e1s ser una vez, dos veces o muchas veces, pero, guerreros son aquellos que cada d\u00eda se levantan, luchan y se mantienen, aquellos que transcienden, vibran, inspiran y motivan a las personas\u201d, comparti\u00f3.<\/p>\n\n\n\n<p>En la exposici\u00f3n, el p\u00fablico puede adentrarse al mundo del Taekwondo por medio de explicaciones de las t\u00e9cnicas y objetos propios de este deporte, como el dobook (uniforme), petos, cintas y su significado, material de entrenamiento, tenis, domi, as\u00ed como medallas y copas de campeonatos mundiales y de justas ol\u00edmpicas y panamericanas de deportistas como \u00d3scar Mendiola, Ana Zulema Ib\u00e1\u00f1ez y F\u00e1tima Gabriela Vargas Gardu\u00f1o.<\/p>\n\n\n\n<p>Durante el evento tambi\u00e9n estuvieron presentes la Coordinadora del CCMB, Mar\u00eda Ang\u00e9lica Mondrag\u00f3n Orozco, la Coordinadora de Acervo Cultural del CCMB Est\u00edbaliz Aguayo Ortiz, el Coordinador del Deporte de la Zona Oriente, Mario V\u00e1zquez Guerrero, el Director del Museo del Deporte Edom\u00e9x, Mario G\u00f3mez, el Curador del Museo del Deporte, Diego Castillo, y la Maestra de Taekwondo, F\u00e1tima Gabriela Vargas Gardu\u00f1o.<\/p>\n\n\n\n<p>\u201cEsp\u00edritu indomable: El arte del Taekwondo\u201d estar\u00e1 abierta de febrero a abril de 2020, en horario de martes a s\u00e1bado de 10:00 a 18:00 horas y domingo de 10:00 a 15:00 horas.<\/p>\n\n\n\n<p>El CCMB est\u00e1 en la Carretera Federal Los Reyes-Texcoco, Km 14.3, esquina General Manuel Gonz\u00e1lez, San Miguel Coatlinch\u00e1n, Texcoco, Estado de M\u00e9xico.<\/p>\n","protected":false},"excerpt":{"rendered":"<p>Con la inauguraci\u00f3n de la exposici\u00f3n \u201cEsp\u00edritu indomable: El arte del Taekwondo\u201d, el Centro Cultural Mexiquense Bicentenario (CCMB) hace un recorrido por la historia de este deporte en M\u00e9xico y en el Estado de M\u00e9xico, as\u00ed como de las y los representantes mexiquenses m\u00e1s destacados. El Gobierno del Estado de M\u00e9xico, por v\u00eda de la Secretar\u00eda de Cultura, presenta esta exposici\u00f3n para dar impulso y reconocimiento a las y los deportistas, as\u00ed como promover la actividad entre las nuevas generaciones. La Secretaria de Cultura del Estado de M\u00e9xico, Marcela Gonz\u00e1lez&hellip;<\/p>\n","protected":false},"author":1,"featured_media":1207,"comment_status":"open","ping_status":"open","sticky":false,"template":"","format":"standard","meta":{"footnotes":""},"categories":[9,3],"tags":[],"class_list":["post-1206","post","type-post","status-publish","format-standard","has-post-thumbnail","hentry","category-deportes","category-gobierno"],"yoast_head":"<!-- This site is optimized with the Yoast SEO plugin v27.5 - https:\/\/yoast.com\/product\/yoast-seo-wordpress\/ -->\n<title>INAUGURAN EXPOSICI\u00d3N \u201cESP\u00cdRITU INDOMABLE: EL ARTE DEL TAEKWONDO\u201d EN TEXCOCO - Expresso Metropolitano<\/title>\n<meta name=\"robots\" content=\"index, follow, max-snippet:-1, max-image-preview:large, max-video-preview:-1\" \/>\n<link rel=\"canonical\" href=\"https:\/\/expressometro.mx\/index.php\/2020\/02\/01\/inauguran-exposicion-espiritu-indomable-el-arte-del-taekwondo-en-texcoco\/\" \/>\n<meta property=\"og:locale\" content=\"es_MX\" \/>\n<meta property=\"og:type\" content=\"article\" \/>\n<meta property=\"og:title\" content=\"INAUGURAN EXPOSICI\u00d3N \u201cESP\u00cdRITU INDOMABLE: EL ARTE DEL TAEKWONDO\u201d EN TEXCOCO - Expresso Metropolitano\" \/>\n<meta property=\"og:description\" content=\"Con la inauguraci\u00f3n de la exposici\u00f3n \u201cEsp\u00edritu indomable: El arte del Taekwondo\u201d, el Centro Cultural Mexiquense Bicentenario (CCMB) hace un recorrido por la historia de este deporte en M\u00e9xico y en el Estado de M\u00e9xico, as\u00ed como de las y los representantes mexiquenses m\u00e1s destacados. El Gobierno del Estado de M\u00e9xico, por v\u00eda de la Secretar\u00eda de Cultura, presenta esta exposici\u00f3n para dar impulso y reconocimiento a las y los deportistas, as\u00ed como promover la actividad entre las nuevas generaciones. La Secretaria de Cultura del Estado de M\u00e9xico, Marcela Gonz\u00e1lez&hellip;\" \/>\n<meta property=\"og:url\" content=\"https:\/\/expressometro.mx\/index.php\/2020\/02\/01\/inauguran-exposicion-espiritu-indomable-el-arte-del-taekwondo-en-texcoco\/\" \/>\n<meta property=\"og:site_name\" content=\"Expresso Metropolitano\" \/>\n<meta property=\"article:published_time\" content=\"2020-02-01T18:40:34+00:00\" \/>\n<meta property=\"article:modified_time\" content=\"2020-02-28T18:41:46+00:00\" \/>\n<meta property=\"og:image\" content=\"https:\/\/expressometro.mx\/wp-content\/uploads\/2020\/02\/w2_12065_4.jpg\" \/>\n\t<meta property=\"og:image:width\" content=\"1500\" \/>\n\t<meta property=\"og:image:height\" content=\"1000\" \/>\n\t<meta property=\"og:image:type\" content=\"image\/jpeg\" \/>\n<meta name=\"author\" content=\"Expresso Metropolitano\" \/>\n<meta name=\"twitter:label1\" content=\"Escrito por\" \/>\n\t<meta name=\"twitter:data1\" content=\"Expresso Metropolitano\" \/>\n\t<meta name=\"twitter:label2\" content=\"Tiempo de lectura\" \/>\n\t<meta name=\"twitter:data2\" content=\"3 minutos\" \/>\n<script type=\"application\/ld+json\" class=\"yoast-schema-graph\">{\"@context\":\"https:\\\/\\\/schema.org\",\"@graph\":[{\"@type\":\"Article\",\"@id\":\"https:\\\/\\\/expressometro.mx\\\/index.php\\\/2020\\\/02\\\/01\\\/inauguran-exposicion-espiritu-indomable-el-arte-del-taekwondo-en-texcoco\\\/#article\",\"isPartOf\":{\"@id\":\"https:\\\/\\\/expressometro.mx\\\/index.php\\\/2020\\\/02\\\/01\\\/inauguran-exposicion-espiritu-indomable-el-arte-del-taekwondo-en-texcoco\\\/\"},\"author\":{\"name\":\"Expresso Metropolitano\",\"@id\":\"https:\\\/\\\/expressometro.mx\\\/#\\\/schema\\\/person\\\/efa971b4a0664db8ed5c22b1b0dd2f5d\"},\"headline\":\"INAUGURAN EXPOSICI\u00d3N \u201cESP\u00cdRITU INDOMABLE: EL ARTE DEL TAEKWONDO\u201d EN TEXCOCO\",\"datePublished\":\"2020-02-01T18:40:34+00:00\",\"dateModified\":\"2020-02-28T18:41:46+00:00\",\"mainEntityOfPage\":{\"@id\":\"https:\\\/\\\/expressometro.mx\\\/index.php\\\/2020\\\/02\\\/01\\\/inauguran-exposicion-espiritu-indomable-el-arte-del-taekwondo-en-texcoco\\\/\"},\"wordCount\":662,\"commentCount\":0,\"publisher\":{\"@id\":\"https:\\\/\\\/expressometro.mx\\\/#organization\"},\"image\":{\"@id\":\"https:\\\/\\\/expressometro.mx\\\/index.php\\\/2020\\\/02\\\/01\\\/inauguran-exposicion-espiritu-indomable-el-arte-del-taekwondo-en-texcoco\\\/#primaryimage\"},\"thumbnailUrl\":\"https:\\\/\\\/expressometro.mx\\\/wp-content\\\/uploads\\\/2020\\\/02\\\/w2_12065_4.jpg\",\"articleSection\":[\"Deportes\",\"Gobierno\"],\"inLanguage\":\"es\",\"potentialAction\":[{\"@type\":\"CommentAction\",\"name\":\"Comment\",\"target\":[\"https:\\\/\\\/expressometro.mx\\\/index.php\\\/2020\\\/02\\\/01\\\/inauguran-exposicion-espiritu-indomable-el-arte-del-taekwondo-en-texcoco\\\/#respond\"]}]},{\"@type\":\"WebPage\",\"@id\":\"https:\\\/\\\/expressometro.mx\\\/index.php\\\/2020\\\/02\\\/01\\\/inauguran-exposicion-espiritu-indomable-el-arte-del-taekwondo-en-texcoco\\\/\",\"url\":\"https:\\\/\\\/expressometro.mx\\\/index.php\\\/2020\\\/02\\\/01\\\/inauguran-exposicion-espiritu-indomable-el-arte-del-taekwondo-en-texcoco\\\/\",\"name\":\"INAUGURAN EXPOSICI\u00d3N \u201cESP\u00cdRITU INDOMABLE: EL ARTE DEL TAEKWONDO\u201d EN TEXCOCO - Expresso Metropolitano\",\"isPartOf\":{\"@id\":\"https:\\\/\\\/expressometro.mx\\\/#website\"},\"primaryImageOfPage\":{\"@id\":\"https:\\\/\\\/expressometro.mx\\\/index.php\\\/2020\\\/02\\\/01\\\/inauguran-exposicion-espiritu-indomable-el-arte-del-taekwondo-en-texcoco\\\/#primaryimage\"},\"image\":{\"@id\":\"https:\\\/\\\/expressometro.mx\\\/index.php\\\/2020\\\/02\\\/01\\\/inauguran-exposicion-espiritu-indomable-el-arte-del-taekwondo-en-texcoco\\\/#primaryimage\"},\"thumbnailUrl\":\"https:\\\/\\\/expressometro.mx\\\/wp-content\\\/uploads\\\/2020\\\/02\\\/w2_12065_4.jpg\",\"datePublished\":\"2020-02-01T18:40:34+00:00\",\"dateModified\":\"2020-02-28T18:41:46+00:00\",\"breadcrumb\":{\"@id\":\"https:\\\/\\\/expressometro.mx\\\/index.php\\\/2020\\\/02\\\/01\\\/inauguran-exposicion-espiritu-indomable-el-arte-del-taekwondo-en-texcoco\\\/#breadcrumb\"},\"inLanguage\":\"es\",\"potentialAction\":[{\"@type\":\"ReadAction\",\"target\":[\"https:\\\/\\\/expressometro.mx\\\/index.php\\\/2020\\\/02\\\/01\\\/inauguran-exposicion-espiritu-indomable-el-arte-del-taekwondo-en-texcoco\\\/\"]}]},{\"@type\":\"ImageObject\",\"inLanguage\":\"es\",\"@id\":\"https:\\\/\\\/expressometro.mx\\\/index.php\\\/2020\\\/02\\\/01\\\/inauguran-exposicion-espiritu-indomable-el-arte-del-taekwondo-en-texcoco\\\/#primaryimage\",\"url\":\"https:\\\/\\\/expressometro.mx\\\/wp-content\\\/uploads\\\/2020\\\/02\\\/w2_12065_4.jpg\",\"contentUrl\":\"https:\\\/\\\/expressometro.mx\\\/wp-content\\\/uploads\\\/2020\\\/02\\\/w2_12065_4.jpg\",\"width\":1500,\"height\":1000},{\"@type\":\"BreadcrumbList\",\"@id\":\"https:\\\/\\\/expressometro.mx\\\/index.php\\\/2020\\\/02\\\/01\\\/inauguran-exposicion-espiritu-indomable-el-arte-del-taekwondo-en-texcoco\\\/#breadcrumb\",\"itemListElement\":[{\"@type\":\"ListItem\",\"position\":1,\"name\":\"Inicio\",\"item\":\"https:\\\/\\\/expressometro.mx\\\/\"},{\"@type\":\"ListItem\",\"position\":2,\"name\":\"INAUGURAN EXPOSICI\u00d3N \u201cESP\u00cdRITU INDOMABLE: EL ARTE DEL TAEKWONDO\u201d EN TEXCOCO\"}]},{\"@type\":\"WebSite\",\"@id\":\"https:\\\/\\\/expressometro.mx\\\/#website\",\"url\":\"https:\\\/\\\/expressometro.mx\\\/\",\"name\":\"Expresso Metropolitano\",\"description\":\"Periodismo comprometido, informaci\u00f3n, investigaci\u00f3n y an\u00e1lisis\",\"publisher\":{\"@id\":\"https:\\\/\\\/expressometro.mx\\\/#organization\"},\"potentialAction\":[{\"@type\":\"SearchAction\",\"target\":{\"@type\":\"EntryPoint\",\"urlTemplate\":\"https:\\\/\\\/expressometro.mx\\\/?s={search_term_string}\"},\"query-input\":{\"@type\":\"PropertyValueSpecification\",\"valueRequired\":true,\"valueName\":\"search_term_string\"}}],\"inLanguage\":\"es\"},{\"@type\":\"Organization\",\"@id\":\"https:\\\/\\\/expressometro.mx\\\/#organization\",\"name\":\"Expresso Metropolitano\",\"url\":\"https:\\\/\\\/expressometro.mx\\\/\",\"logo\":{\"@type\":\"ImageObject\",\"inLanguage\":\"es\",\"@id\":\"https:\\\/\\\/expressometro.mx\\\/#\\\/schema\\\/logo\\\/image\\\/\",\"url\":\"https:\\\/\\\/expressometro.mx\\\/wp-content\\\/uploads\\\/2019\\\/07\\\/cropped-Logo-Expresso-Metropolitano-1-1.jpeg\",\"contentUrl\":\"https:\\\/\\\/expressometro.mx\\\/wp-content\\\/uploads\\\/2019\\\/07\\\/cropped-Logo-Expresso-Metropolitano-1-1.jpeg\",\"width\":290,\"height\":73,\"caption\":\"Expresso Metropolitano\"},\"image\":{\"@id\":\"https:\\\/\\\/expressometro.mx\\\/#\\\/schema\\\/logo\\\/image\\\/\"}},{\"@type\":\"Person\",\"@id\":\"https:\\\/\\\/expressometro.mx\\\/#\\\/schema\\\/person\\\/efa971b4a0664db8ed5c22b1b0dd2f5d\",\"name\":\"Expresso Metropolitano\",\"image\":{\"@type\":\"ImageObject\",\"inLanguage\":\"es\",\"@id\":\"https:\\\/\\\/secure.gravatar.com\\\/avatar\\\/a89f802b8de18c6952f223c88d3d106e9e3679839f4e25a02f4a6cc2ae6ba3b3?s=96&d=mm&r=g\",\"url\":\"https:\\\/\\\/secure.gravatar.com\\\/avatar\\\/a89f802b8de18c6952f223c88d3d106e9e3679839f4e25a02f4a6cc2ae6ba3b3?s=96&d=mm&r=g\",\"contentUrl\":\"https:\\\/\\\/secure.gravatar.com\\\/avatar\\\/a89f802b8de18c6952f223c88d3d106e9e3679839f4e25a02f4a6cc2ae6ba3b3?s=96&d=mm&r=g\",\"caption\":\"Expresso Metropolitano\"},\"url\":\"https:\\\/\\\/expressometro.mx\\\/index.php\\\/author\\\/diego\\\/\"}]}<\/script>\n<!-- \/ Yoast SEO plugin. -->","yoast_head_json":{"title":"INAUGURAN EXPOSICI\u00d3N \u201cESP\u00cdRITU INDOMABLE: EL ARTE DEL TAEKWONDO\u201d EN TEXCOCO - Expresso Metropolitano","robots":{"index":"index","follow":"follow","max-snippet":"max-snippet:-1","max-image-preview":"max-image-preview:large","max-video-preview":"max-video-preview:-1"},"canonical":"https:\/\/expressometro.mx\/index.php\/2020\/02\/01\/inauguran-exposicion-espiritu-indomable-el-arte-del-taekwondo-en-texcoco\/","og_locale":"es_MX","og_type":"article","og_title":"INAUGURAN EXPOSICI\u00d3N \u201cESP\u00cdRITU INDOMABLE: EL ARTE DEL TAEKWONDO\u201d EN TEXCOCO - Expresso Metropolitano","og_description":"Con la inauguraci\u00f3n de la exposici\u00f3n \u201cEsp\u00edritu indomable: El arte del Taekwondo\u201d, el Centro Cultural Mexiquense Bicentenario (CCMB) hace un recorrido por la historia de este deporte en M\u00e9xico y en el Estado de M\u00e9xico, as\u00ed como de las y los representantes mexiquenses m\u00e1s destacados. El Gobierno del Estado de M\u00e9xico, por v\u00eda de la Secretar\u00eda de Cultura, presenta esta exposici\u00f3n para dar impulso y reconocimiento a las y los deportistas, as\u00ed como promover la actividad entre las nuevas generaciones. La Secretaria de Cultura del Estado de M\u00e9xico, Marcela Gonz\u00e1lez&hellip;","og_url":"https:\/\/expressometro.mx\/index.php\/2020\/02\/01\/inauguran-exposicion-espiritu-indomable-el-arte-del-taekwondo-en-texcoco\/","og_site_name":"Expresso Metropolitano","article_published_time":"2020-02-01T18:40:34+00:00","article_modified_time":"2020-02-28T18:41:46+00:00","og_image":[{"width":1500,"height":1000,"url":"https:\/\/expressometro.mx\/wp-content\/uploads\/2020\/02\/w2_12065_4.jpg","type":"image\/jpeg"}],"author":"Expresso Metropolitano","twitter_misc":{"Escrito por":"Expresso Metropolitano","Tiempo de lectura":"3 minutos"},"schema":{"@context":"https:\/\/schema.org","@graph":[{"@type":"Article","@id":"https:\/\/expressometro.mx\/index.php\/2020\/02\/01\/inauguran-exposicion-espiritu-indomable-el-arte-del-taekwondo-en-texcoco\/#article","isPartOf":{"@id":"https:\/\/expressometro.mx\/index.php\/2020\/02\/01\/inauguran-exposicion-espiritu-indomable-el-arte-del-taekwondo-en-texcoco\/"},"author":{"name":"Expresso Metropolitano","@id":"https:\/\/expressometro.mx\/#\/schema\/person\/efa971b4a0664db8ed5c22b1b0dd2f5d"},"headline":"INAUGURAN EXPOSICI\u00d3N \u201cESP\u00cdRITU INDOMABLE: EL ARTE DEL TAEKWONDO\u201d EN TEXCOCO","datePublished":"2020-02-01T18:40:34+00:00","dateModified":"2020-02-28T18:41:46+00:00","mainEntityOfPage":{"@id":"https:\/\/expressometro.mx\/index.php\/2020\/02\/01\/inauguran-exposicion-espiritu-indomable-el-arte-del-taekwondo-en-texcoco\/"},"wordCount":662,"commentCount":0,"publisher":{"@id":"https:\/\/expressometro.mx\/#organization"},"image":{"@id":"https:\/\/expressometro.mx\/index.php\/2020\/02\/01\/inauguran-exposicion-espiritu-indomable-el-arte-del-taekwondo-en-texcoco\/#primaryimage"},"thumbnailUrl":"https:\/\/expressometro.mx\/wp-content\/uploads\/2020\/02\/w2_12065_4.jpg","articleSection":["Deportes","Gobierno"],"inLanguage":"es","potentialAction":[{"@type":"CommentAction","name":"Comment","target":["https:\/\/expressometro.mx\/index.php\/2020\/02\/01\/inauguran-exposicion-espiritu-indomable-el-arte-del-taekwondo-en-texcoco\/#respond"]}]},{"@type":"WebPage","@id":"https:\/\/expressometro.mx\/index.php\/2020\/02\/01\/inauguran-exposicion-espiritu-indomable-el-arte-del-taekwondo-en-texcoco\/","url":"https:\/\/expressometro.mx\/index.php\/2020\/02\/01\/inauguran-exposicion-espiritu-indomable-el-arte-del-taekwondo-en-texcoco\/","name":"INAUGURAN EXPOSICI\u00d3N \u201cESP\u00cdRITU INDOMABLE: EL ARTE DEL TAEKWONDO\u201d EN TEXCOCO - Expresso Metropolitano","isPartOf":{"@id":"https:\/\/expressometro.mx\/#website"},"primaryImageOfPage":{"@id":"https:\/\/expressometro.mx\/index.php\/2020\/02\/01\/inauguran-exposicion-espiritu-indomable-el-arte-del-taekwondo-en-texcoco\/#primaryimage"},"image":{"@id":"https:\/\/expressometro.mx\/index.php\/2020\/02\/01\/inauguran-exposicion-espiritu-indomable-el-arte-del-taekwondo-en-texcoco\/#primaryimage"},"thumbnailUrl":"https:\/\/expressometro.mx\/wp-content\/uploads\/2020\/02\/w2_12065_4.jpg","datePublished":"2020-02-01T18:40:34+00:00","dateModified":"2020-02-28T18:41:46+00:00","breadcrumb":{"@id":"https:\/\/expressometro.mx\/index.php\/2020\/02\/01\/inauguran-exposicion-espiritu-indomable-el-arte-del-taekwondo-en-texcoco\/#breadcrumb"},"inLanguage":"es","potentialAction":[{"@type":"ReadAction","target":["https:\/\/expressometro.mx\/index.php\/2020\/02\/01\/inauguran-exposicion-espiritu-indomable-el-arte-del-taekwondo-en-texcoco\/"]}]},{"@type":"ImageObject","inLanguage":"es","@id":"https:\/\/expressometro.mx\/index.php\/2020\/02\/01\/inauguran-exposicion-espiritu-indomable-el-arte-del-taekwondo-en-texcoco\/#primaryimage","url":"https:\/\/expressometro.mx\/wp-content\/uploads\/2020\/02\/w2_12065_4.jpg","contentUrl":"https:\/\/expressometro.mx\/wp-content\/uploads\/2020\/02\/w2_12065_4.jpg","width":1500,"height":1000},{"@type":"BreadcrumbList","@id":"https:\/\/expressometro.mx\/index.php\/2020\/02\/01\/inauguran-exposicion-espiritu-indomable-el-arte-del-taekwondo-en-texcoco\/#breadcrumb","itemListElement":[{"@type":"ListItem","position":1,"name":"Inicio","item":"https:\/\/expressometro.mx\/"},{"@type":"ListItem","position":2,"name":"INAUGURAN EXPOSICI\u00d3N \u201cESP\u00cdRITU INDOMABLE: EL ARTE DEL TAEKWONDO\u201d EN TEXCOCO"}]},{"@type":"WebSite","@id":"https:\/\/expressometro.mx\/#website","url":"https:\/\/expressometro.mx\/","name":"Expresso Metropolitano","description":"Periodismo comprometido, informaci\u00f3n, investigaci\u00f3n y an\u00e1lisis","publisher":{"@id":"https:\/\/expressometro.mx\/#organization"},"potentialAction":[{"@type":"SearchAction","target":{"@type":"EntryPoint","urlTemplate":"https:\/\/expressometro.mx\/?s={search_term_string}"},"query-input":{"@type":"PropertyValueSpecification","valueRequired":true,"valueName":"search_term_string"}}],"inLanguage":"es"},{"@type":"Organization","@id":"https:\/\/expressometro.mx\/#organization","name":"Expresso Metropolitano","url":"https:\/\/expressometro.mx\/","logo":{"@type":"ImageObject","inLanguage":"es","@id":"https:\/\/expressometro.mx\/#\/schema\/logo\/image\/","url":"https:\/\/expressometro.mx\/wp-content\/uploads\/2019\/07\/cropped-Logo-Expresso-Metropolitano-1-1.jpeg","contentUrl":"https:\/\/expressometro.mx\/wp-content\/uploads\/2019\/07\/cropped-Logo-Expresso-Metropolitano-1-1.jpeg","width":290,"height":73,"caption":"Expresso Metropolitano"},"image":{"@id":"https:\/\/expressometro.mx\/#\/schema\/logo\/image\/"}},{"@type":"Person","@id":"https:\/\/expressometro.mx\/#\/schema\/person\/efa971b4a0664db8ed5c22b1b0dd2f5d","name":"Expresso Metropolitano","image":{"@type":"ImageObject","inLanguage":"es","@id":"https:\/\/secure.gravatar.com\/avatar\/a89f802b8de18c6952f223c88d3d106e9e3679839f4e25a02f4a6cc2ae6ba3b3?s=96&d=mm&r=g","url":"https:\/\/secure.gravatar.com\/avatar\/a89f802b8de18c6952f223c88d3d106e9e3679839f4e25a02f4a6cc2ae6ba3b3?s=96&d=mm&r=g","contentUrl":"https:\/\/secure.gravatar.com\/avatar\/a89f802b8de18c6952f223c88d3d106e9e3679839f4e25a02f4a6cc2ae6ba3b3?s=96&d=mm&r=g","caption":"Expresso Metropolitano"},"url":"https:\/\/expressometro.mx\/index.php\/author\/diego\/"}]}},"amp_enabled":true,"_links":{"self":[{"href":"https:\/\/expressometro.mx\/index.php\/wp-json\/wp\/v2\/posts\/1206","targetHints":{"allow":["GET"]}}],"collection":[{"href":"https:\/\/expressometro.mx\/index.php\/wp-json\/wp\/v2\/posts"}],"about":[{"href":"https:\/\/expressometro.mx\/index.php\/wp-json\/wp\/v2\/types\/post"}],"author":[{"embeddable":true,"href":"https:\/\/expressometro.mx\/index.php\/wp-json\/wp\/v2\/users\/1"}],"replies":[{"embeddable":true,"href":"https:\/\/expressometro.mx\/index.php\/wp-json\/wp\/v2\/comments?post=1206"}],"version-history":[{"count":1,"href":"https:\/\/expressometro.mx\/index.php\/wp-json\/wp\/v2\/posts\/1206\/revisions"}],"predecessor-version":[{"id":1208,"href":"https:\/\/expressometro.mx\/index.php\/wp-json\/wp\/v2\/posts\/1206\/revisions\/1208"}],"wp:featuredmedia":[{"embeddable":true,"href":"https:\/\/expressometro.mx\/index.php\/wp-json\/wp\/v2\/media\/1207"}],"wp:attachment":[{"href":"https:\/\/expressometro.mx\/index.php\/wp-json\/wp\/v2\/media?parent=1206"}],"wp:term":[{"taxonomy":"category","embeddable":true,"href":"https:\/\/expressometro.mx\/index.php\/wp-json\/wp\/v2\/categories?post=1206"},{"taxonomy":"post_tag","embeddable":true,"href":"https:\/\/expressometro.mx\/index.php\/wp-json\/wp\/v2\/tags?post=1206"}],"curies":[{"name":"wp","href":"https:\/\/api.w.org\/{rel}","templated":true}]}}