{"id":1203,"date":"2020-02-01T12:38:47","date_gmt":"2020-02-01T18:38:47","guid":{"rendered":"http:\/\/expressometro.mx\/?p=1203"},"modified":"2020-02-28T12:40:32","modified_gmt":"2020-02-28T18:40:32","slug":"llega-al-museo-virreinal-la-obra-de-ernesto-hume-con-la-exposicion-sintaxis-modulares","status":"publish","type":"post","link":"https:\/\/expressometro.mx\/index.php\/2020\/02\/01\/llega-al-museo-virreinal-la-obra-de-ernesto-hume-con-la-exposicion-sintaxis-modulares\/","title":{"rendered":"LLEGA AL MUSEO VIRREINAL LA OBRA DE ERNESTO HUME CON LA EXPOSICI\u00d3N \u201cSINTAXIS MODULARES\u201d"},"content":{"rendered":"\n<p>Nacido en 1953, en la Ciudad de M\u00e9xico, Ernesto Hume es un reconocido artista cuya obra ha sido exhibida en los m\u00e1s importantes foros de arte y, ahora, llega al Estado de M\u00e9xico gracias a la Secretar\u00eda de Cultura que se ocupa de promover las diferentes manifestaciones del arte para que las y los mexiquenses tengan una amplia gama de opciones de esparcimiento y conocimiento.<\/p>\n\n\n\n<p>Es en el Museo Virreinal, en Zinacantepec, donde se encuentra la exposici\u00f3n escult\u00f3rica \u201cSintaxis modulares\u201d del mexicano Hume, quien estudi\u00f3 escultura en la Academia de San Carlos, curs\u00f3 estudios en la Escuela de Pintura, Escultura y Grabado &#8220;La Esmeralda&#8221; y en el Centro de Investigaci\u00f3n y Experimentaci\u00f3n Pl\u00e1sticas del Instituto Nacional de Bellas Artes.<\/p>\n\n\n\n<p>A trav\u00e9s de cinco piezas evidencia la maestr\u00eda de su creaci\u00f3n que luce su belleza al entrar al Claustro Bajo de este recinto. Las y los visitantes descubrir\u00e1n el resultado de la conjugaci\u00f3n de ocho m\u00f3dulos iguales derivados del esquema espacial tridimensional dodecaedro rombo\u00e9drico.<\/p>\n\n\n\n<p>De esta forma, las matem\u00e1ticas se unen al ingenio de este artista, que transforma las figuras geom\u00e9tricas para darles un nuevo significado, una nueva sintaxis que redimensiona el metal, siempre a partir de las mismas piezas, con una nueva orientaci\u00f3n espacial.<\/p>\n\n\n\n<p>Al recorrer las esculturas, el espectador es testigo de estos cambios de forma que se resignifican y rompen la visi\u00f3n del artista para adecuarse a esa nueva que ofrece su interlocutor.<\/p>\n\n\n\n<p>La exposici\u00f3n \u201cSintaxis modulares\u201d estar\u00e1 en exhibici\u00f3n hasta el 19 de abril, y la Secretar\u00eda de Cultura invita a las y los mexiquenses a que la visiten y conozcan el trabajo de este artista.<\/p>\n","protected":false},"excerpt":{"rendered":"<p>Nacido en 1953, en la Ciudad de M\u00e9xico, Ernesto Hume es un reconocido artista cuya obra ha sido exhibida en los m\u00e1s importantes foros de arte y, ahora, llega al Estado de M\u00e9xico gracias a la Secretar\u00eda de Cultura que se ocupa de promover las diferentes manifestaciones del arte para que las y los mexiquenses tengan una amplia gama de opciones de esparcimiento y conocimiento. Es en el Museo Virreinal, en Zinacantepec, donde se encuentra la exposici\u00f3n escult\u00f3rica \u201cSintaxis modulares\u201d del mexicano Hume, quien estudi\u00f3 escultura en la Academia de&hellip;<\/p>\n","protected":false},"author":1,"featured_media":1204,"comment_status":"open","ping_status":"open","sticky":false,"template":"","format":"standard","meta":{"footnotes":""},"categories":[11,3],"tags":[],"class_list":["post-1203","post","type-post","status-publish","format-standard","has-post-thumbnail","hentry","category-cultura","category-gobierno"],"yoast_head":"<!-- This site is optimized with the Yoast SEO plugin v27.5 - https:\/\/yoast.com\/product\/yoast-seo-wordpress\/ -->\n<title>LLEGA AL MUSEO VIRREINAL LA OBRA DE ERNESTO HUME CON LA EXPOSICI\u00d3N \u201cSINTAXIS MODULARES\u201d - Expresso Metropolitano<\/title>\n<meta name=\"robots\" content=\"index, follow, max-snippet:-1, max-image-preview:large, max-video-preview:-1\" \/>\n<link rel=\"canonical\" href=\"https:\/\/expressometro.mx\/index.php\/2020\/02\/01\/llega-al-museo-virreinal-la-obra-de-ernesto-hume-con-la-exposicion-sintaxis-modulares\/\" \/>\n<meta property=\"og:locale\" content=\"es_MX\" \/>\n<meta property=\"og:type\" content=\"article\" \/>\n<meta property=\"og:title\" content=\"LLEGA AL MUSEO VIRREINAL LA OBRA DE ERNESTO HUME CON LA EXPOSICI\u00d3N \u201cSINTAXIS MODULARES\u201d - Expresso Metropolitano\" \/>\n<meta property=\"og:description\" content=\"Nacido en 1953, en la Ciudad de M\u00e9xico, Ernesto Hume es un reconocido artista cuya obra ha sido exhibida en los m\u00e1s importantes foros de arte y, ahora, llega al Estado de M\u00e9xico gracias a la Secretar\u00eda de Cultura que se ocupa de promover las diferentes manifestaciones del arte para que las y los mexiquenses tengan una amplia gama de opciones de esparcimiento y conocimiento. Es en el Museo Virreinal, en Zinacantepec, donde se encuentra la exposici\u00f3n escult\u00f3rica \u201cSintaxis modulares\u201d del mexicano Hume, quien estudi\u00f3 escultura en la Academia de&hellip;\" \/>\n<meta property=\"og:url\" content=\"https:\/\/expressometro.mx\/index.php\/2020\/02\/01\/llega-al-museo-virreinal-la-obra-de-ernesto-hume-con-la-exposicion-sintaxis-modulares\/\" \/>\n<meta property=\"og:site_name\" content=\"Expresso Metropolitano\" \/>\n<meta property=\"article:published_time\" content=\"2020-02-01T18:38:47+00:00\" \/>\n<meta property=\"article:modified_time\" content=\"2020-02-28T18:40:32+00:00\" \/>\n<meta property=\"og:image\" content=\"https:\/\/expressometro.mx\/wp-content\/uploads\/2020\/02\/w2_12066_6.jpg\" \/>\n\t<meta property=\"og:image:width\" content=\"1400\" \/>\n\t<meta property=\"og:image:height\" content=\"933\" \/>\n\t<meta property=\"og:image:type\" content=\"image\/jpeg\" \/>\n<meta name=\"author\" content=\"Expresso Metropolitano\" \/>\n<meta name=\"twitter:label1\" content=\"Escrito por\" \/>\n\t<meta name=\"twitter:data1\" content=\"Expresso Metropolitano\" \/>\n\t<meta name=\"twitter:label2\" content=\"Tiempo de lectura\" \/>\n\t<meta name=\"twitter:data2\" content=\"1 minuto\" \/>\n<script type=\"application\/ld+json\" class=\"yoast-schema-graph\">{\"@context\":\"https:\\\/\\\/schema.org\",\"@graph\":[{\"@type\":\"Article\",\"@id\":\"https:\\\/\\\/expressometro.mx\\\/index.php\\\/2020\\\/02\\\/01\\\/llega-al-museo-virreinal-la-obra-de-ernesto-hume-con-la-exposicion-sintaxis-modulares\\\/#article\",\"isPartOf\":{\"@id\":\"https:\\\/\\\/expressometro.mx\\\/index.php\\\/2020\\\/02\\\/01\\\/llega-al-museo-virreinal-la-obra-de-ernesto-hume-con-la-exposicion-sintaxis-modulares\\\/\"},\"author\":{\"name\":\"Expresso Metropolitano\",\"@id\":\"https:\\\/\\\/expressometro.mx\\\/#\\\/schema\\\/person\\\/efa971b4a0664db8ed5c22b1b0dd2f5d\"},\"headline\":\"LLEGA AL MUSEO VIRREINAL LA OBRA DE ERNESTO HUME CON LA EXPOSICI\u00d3N \u201cSINTAXIS MODULARES\u201d\",\"datePublished\":\"2020-02-01T18:38:47+00:00\",\"dateModified\":\"2020-02-28T18:40:32+00:00\",\"mainEntityOfPage\":{\"@id\":\"https:\\\/\\\/expressometro.mx\\\/index.php\\\/2020\\\/02\\\/01\\\/llega-al-museo-virreinal-la-obra-de-ernesto-hume-con-la-exposicion-sintaxis-modulares\\\/\"},\"wordCount\":305,\"commentCount\":0,\"publisher\":{\"@id\":\"https:\\\/\\\/expressometro.mx\\\/#organization\"},\"image\":{\"@id\":\"https:\\\/\\\/expressometro.mx\\\/index.php\\\/2020\\\/02\\\/01\\\/llega-al-museo-virreinal-la-obra-de-ernesto-hume-con-la-exposicion-sintaxis-modulares\\\/#primaryimage\"},\"thumbnailUrl\":\"https:\\\/\\\/expressometro.mx\\\/wp-content\\\/uploads\\\/2020\\\/02\\\/w2_12066_6.jpg\",\"articleSection\":[\"Cultura\",\"Gobierno\"],\"inLanguage\":\"es\",\"potentialAction\":[{\"@type\":\"CommentAction\",\"name\":\"Comment\",\"target\":[\"https:\\\/\\\/expressometro.mx\\\/index.php\\\/2020\\\/02\\\/01\\\/llega-al-museo-virreinal-la-obra-de-ernesto-hume-con-la-exposicion-sintaxis-modulares\\\/#respond\"]}]},{\"@type\":\"WebPage\",\"@id\":\"https:\\\/\\\/expressometro.mx\\\/index.php\\\/2020\\\/02\\\/01\\\/llega-al-museo-virreinal-la-obra-de-ernesto-hume-con-la-exposicion-sintaxis-modulares\\\/\",\"url\":\"https:\\\/\\\/expressometro.mx\\\/index.php\\\/2020\\\/02\\\/01\\\/llega-al-museo-virreinal-la-obra-de-ernesto-hume-con-la-exposicion-sintaxis-modulares\\\/\",\"name\":\"LLEGA AL MUSEO VIRREINAL LA OBRA DE ERNESTO HUME CON LA EXPOSICI\u00d3N \u201cSINTAXIS MODULARES\u201d - Expresso Metropolitano\",\"isPartOf\":{\"@id\":\"https:\\\/\\\/expressometro.mx\\\/#website\"},\"primaryImageOfPage\":{\"@id\":\"https:\\\/\\\/expressometro.mx\\\/index.php\\\/2020\\\/02\\\/01\\\/llega-al-museo-virreinal-la-obra-de-ernesto-hume-con-la-exposicion-sintaxis-modulares\\\/#primaryimage\"},\"image\":{\"@id\":\"https:\\\/\\\/expressometro.mx\\\/index.php\\\/2020\\\/02\\\/01\\\/llega-al-museo-virreinal-la-obra-de-ernesto-hume-con-la-exposicion-sintaxis-modulares\\\/#primaryimage\"},\"thumbnailUrl\":\"https:\\\/\\\/expressometro.mx\\\/wp-content\\\/uploads\\\/2020\\\/02\\\/w2_12066_6.jpg\",\"datePublished\":\"2020-02-01T18:38:47+00:00\",\"dateModified\":\"2020-02-28T18:40:32+00:00\",\"breadcrumb\":{\"@id\":\"https:\\\/\\\/expressometro.mx\\\/index.php\\\/2020\\\/02\\\/01\\\/llega-al-museo-virreinal-la-obra-de-ernesto-hume-con-la-exposicion-sintaxis-modulares\\\/#breadcrumb\"},\"inLanguage\":\"es\",\"potentialAction\":[{\"@type\":\"ReadAction\",\"target\":[\"https:\\\/\\\/expressometro.mx\\\/index.php\\\/2020\\\/02\\\/01\\\/llega-al-museo-virreinal-la-obra-de-ernesto-hume-con-la-exposicion-sintaxis-modulares\\\/\"]}]},{\"@type\":\"ImageObject\",\"inLanguage\":\"es\",\"@id\":\"https:\\\/\\\/expressometro.mx\\\/index.php\\\/2020\\\/02\\\/01\\\/llega-al-museo-virreinal-la-obra-de-ernesto-hume-con-la-exposicion-sintaxis-modulares\\\/#primaryimage\",\"url\":\"https:\\\/\\\/expressometro.mx\\\/wp-content\\\/uploads\\\/2020\\\/02\\\/w2_12066_6.jpg\",\"contentUrl\":\"https:\\\/\\\/expressometro.mx\\\/wp-content\\\/uploads\\\/2020\\\/02\\\/w2_12066_6.jpg\",\"width\":1400,\"height\":933},{\"@type\":\"BreadcrumbList\",\"@id\":\"https:\\\/\\\/expressometro.mx\\\/index.php\\\/2020\\\/02\\\/01\\\/llega-al-museo-virreinal-la-obra-de-ernesto-hume-con-la-exposicion-sintaxis-modulares\\\/#breadcrumb\",\"itemListElement\":[{\"@type\":\"ListItem\",\"position\":1,\"name\":\"Inicio\",\"item\":\"https:\\\/\\\/expressometro.mx\\\/\"},{\"@type\":\"ListItem\",\"position\":2,\"name\":\"LLEGA AL MUSEO VIRREINAL LA OBRA DE ERNESTO HUME CON LA EXPOSICI\u00d3N \u201cSINTAXIS MODULARES\u201d\"}]},{\"@type\":\"WebSite\",\"@id\":\"https:\\\/\\\/expressometro.mx\\\/#website\",\"url\":\"https:\\\/\\\/expressometro.mx\\\/\",\"name\":\"Expresso Metropolitano\",\"description\":\"Periodismo comprometido, informaci\u00f3n, investigaci\u00f3n y an\u00e1lisis\",\"publisher\":{\"@id\":\"https:\\\/\\\/expressometro.mx\\\/#organization\"},\"potentialAction\":[{\"@type\":\"SearchAction\",\"target\":{\"@type\":\"EntryPoint\",\"urlTemplate\":\"https:\\\/\\\/expressometro.mx\\\/?s={search_term_string}\"},\"query-input\":{\"@type\":\"PropertyValueSpecification\",\"valueRequired\":true,\"valueName\":\"search_term_string\"}}],\"inLanguage\":\"es\"},{\"@type\":\"Organization\",\"@id\":\"https:\\\/\\\/expressometro.mx\\\/#organization\",\"name\":\"Expresso Metropolitano\",\"url\":\"https:\\\/\\\/expressometro.mx\\\/\",\"logo\":{\"@type\":\"ImageObject\",\"inLanguage\":\"es\",\"@id\":\"https:\\\/\\\/expressometro.mx\\\/#\\\/schema\\\/logo\\\/image\\\/\",\"url\":\"https:\\\/\\\/expressometro.mx\\\/wp-content\\\/uploads\\\/2019\\\/07\\\/cropped-Logo-Expresso-Metropolitano-1-1.jpeg\",\"contentUrl\":\"https:\\\/\\\/expressometro.mx\\\/wp-content\\\/uploads\\\/2019\\\/07\\\/cropped-Logo-Expresso-Metropolitano-1-1.jpeg\",\"width\":290,\"height\":73,\"caption\":\"Expresso Metropolitano\"},\"image\":{\"@id\":\"https:\\\/\\\/expressometro.mx\\\/#\\\/schema\\\/logo\\\/image\\\/\"}},{\"@type\":\"Person\",\"@id\":\"https:\\\/\\\/expressometro.mx\\\/#\\\/schema\\\/person\\\/efa971b4a0664db8ed5c22b1b0dd2f5d\",\"name\":\"Expresso Metropolitano\",\"image\":{\"@type\":\"ImageObject\",\"inLanguage\":\"es\",\"@id\":\"https:\\\/\\\/secure.gravatar.com\\\/avatar\\\/a89f802b8de18c6952f223c88d3d106e9e3679839f4e25a02f4a6cc2ae6ba3b3?s=96&d=mm&r=g\",\"url\":\"https:\\\/\\\/secure.gravatar.com\\\/avatar\\\/a89f802b8de18c6952f223c88d3d106e9e3679839f4e25a02f4a6cc2ae6ba3b3?s=96&d=mm&r=g\",\"contentUrl\":\"https:\\\/\\\/secure.gravatar.com\\\/avatar\\\/a89f802b8de18c6952f223c88d3d106e9e3679839f4e25a02f4a6cc2ae6ba3b3?s=96&d=mm&r=g\",\"caption\":\"Expresso Metropolitano\"},\"url\":\"https:\\\/\\\/expressometro.mx\\\/index.php\\\/author\\\/diego\\\/\"}]}<\/script>\n<!-- \/ Yoast SEO plugin. -->","yoast_head_json":{"title":"LLEGA AL MUSEO VIRREINAL LA OBRA DE ERNESTO HUME CON LA EXPOSICI\u00d3N \u201cSINTAXIS MODULARES\u201d - Expresso Metropolitano","robots":{"index":"index","follow":"follow","max-snippet":"max-snippet:-1","max-image-preview":"max-image-preview:large","max-video-preview":"max-video-preview:-1"},"canonical":"https:\/\/expressometro.mx\/index.php\/2020\/02\/01\/llega-al-museo-virreinal-la-obra-de-ernesto-hume-con-la-exposicion-sintaxis-modulares\/","og_locale":"es_MX","og_type":"article","og_title":"LLEGA AL MUSEO VIRREINAL LA OBRA DE ERNESTO HUME CON LA EXPOSICI\u00d3N \u201cSINTAXIS MODULARES\u201d - Expresso Metropolitano","og_description":"Nacido en 1953, en la Ciudad de M\u00e9xico, Ernesto Hume es un reconocido artista cuya obra ha sido exhibida en los m\u00e1s importantes foros de arte y, ahora, llega al Estado de M\u00e9xico gracias a la Secretar\u00eda de Cultura que se ocupa de promover las diferentes manifestaciones del arte para que las y los mexiquenses tengan una amplia gama de opciones de esparcimiento y conocimiento. Es en el Museo Virreinal, en Zinacantepec, donde se encuentra la exposici\u00f3n escult\u00f3rica \u201cSintaxis modulares\u201d del mexicano Hume, quien estudi\u00f3 escultura en la Academia de&hellip;","og_url":"https:\/\/expressometro.mx\/index.php\/2020\/02\/01\/llega-al-museo-virreinal-la-obra-de-ernesto-hume-con-la-exposicion-sintaxis-modulares\/","og_site_name":"Expresso Metropolitano","article_published_time":"2020-02-01T18:38:47+00:00","article_modified_time":"2020-02-28T18:40:32+00:00","og_image":[{"width":1400,"height":933,"url":"https:\/\/expressometro.mx\/wp-content\/uploads\/2020\/02\/w2_12066_6.jpg","type":"image\/jpeg"}],"author":"Expresso Metropolitano","twitter_misc":{"Escrito por":"Expresso Metropolitano","Tiempo de lectura":"1 minuto"},"schema":{"@context":"https:\/\/schema.org","@graph":[{"@type":"Article","@id":"https:\/\/expressometro.mx\/index.php\/2020\/02\/01\/llega-al-museo-virreinal-la-obra-de-ernesto-hume-con-la-exposicion-sintaxis-modulares\/#article","isPartOf":{"@id":"https:\/\/expressometro.mx\/index.php\/2020\/02\/01\/llega-al-museo-virreinal-la-obra-de-ernesto-hume-con-la-exposicion-sintaxis-modulares\/"},"author":{"name":"Expresso Metropolitano","@id":"https:\/\/expressometro.mx\/#\/schema\/person\/efa971b4a0664db8ed5c22b1b0dd2f5d"},"headline":"LLEGA AL MUSEO VIRREINAL LA OBRA DE ERNESTO HUME CON LA EXPOSICI\u00d3N \u201cSINTAXIS MODULARES\u201d","datePublished":"2020-02-01T18:38:47+00:00","dateModified":"2020-02-28T18:40:32+00:00","mainEntityOfPage":{"@id":"https:\/\/expressometro.mx\/index.php\/2020\/02\/01\/llega-al-museo-virreinal-la-obra-de-ernesto-hume-con-la-exposicion-sintaxis-modulares\/"},"wordCount":305,"commentCount":0,"publisher":{"@id":"https:\/\/expressometro.mx\/#organization"},"image":{"@id":"https:\/\/expressometro.mx\/index.php\/2020\/02\/01\/llega-al-museo-virreinal-la-obra-de-ernesto-hume-con-la-exposicion-sintaxis-modulares\/#primaryimage"},"thumbnailUrl":"https:\/\/expressometro.mx\/wp-content\/uploads\/2020\/02\/w2_12066_6.jpg","articleSection":["Cultura","Gobierno"],"inLanguage":"es","potentialAction":[{"@type":"CommentAction","name":"Comment","target":["https:\/\/expressometro.mx\/index.php\/2020\/02\/01\/llega-al-museo-virreinal-la-obra-de-ernesto-hume-con-la-exposicion-sintaxis-modulares\/#respond"]}]},{"@type":"WebPage","@id":"https:\/\/expressometro.mx\/index.php\/2020\/02\/01\/llega-al-museo-virreinal-la-obra-de-ernesto-hume-con-la-exposicion-sintaxis-modulares\/","url":"https:\/\/expressometro.mx\/index.php\/2020\/02\/01\/llega-al-museo-virreinal-la-obra-de-ernesto-hume-con-la-exposicion-sintaxis-modulares\/","name":"LLEGA AL MUSEO VIRREINAL LA OBRA DE ERNESTO HUME CON LA EXPOSICI\u00d3N \u201cSINTAXIS MODULARES\u201d - Expresso Metropolitano","isPartOf":{"@id":"https:\/\/expressometro.mx\/#website"},"primaryImageOfPage":{"@id":"https:\/\/expressometro.mx\/index.php\/2020\/02\/01\/llega-al-museo-virreinal-la-obra-de-ernesto-hume-con-la-exposicion-sintaxis-modulares\/#primaryimage"},"image":{"@id":"https:\/\/expressometro.mx\/index.php\/2020\/02\/01\/llega-al-museo-virreinal-la-obra-de-ernesto-hume-con-la-exposicion-sintaxis-modulares\/#primaryimage"},"thumbnailUrl":"https:\/\/expressometro.mx\/wp-content\/uploads\/2020\/02\/w2_12066_6.jpg","datePublished":"2020-02-01T18:38:47+00:00","dateModified":"2020-02-28T18:40:32+00:00","breadcrumb":{"@id":"https:\/\/expressometro.mx\/index.php\/2020\/02\/01\/llega-al-museo-virreinal-la-obra-de-ernesto-hume-con-la-exposicion-sintaxis-modulares\/#breadcrumb"},"inLanguage":"es","potentialAction":[{"@type":"ReadAction","target":["https:\/\/expressometro.mx\/index.php\/2020\/02\/01\/llega-al-museo-virreinal-la-obra-de-ernesto-hume-con-la-exposicion-sintaxis-modulares\/"]}]},{"@type":"ImageObject","inLanguage":"es","@id":"https:\/\/expressometro.mx\/index.php\/2020\/02\/01\/llega-al-museo-virreinal-la-obra-de-ernesto-hume-con-la-exposicion-sintaxis-modulares\/#primaryimage","url":"https:\/\/expressometro.mx\/wp-content\/uploads\/2020\/02\/w2_12066_6.jpg","contentUrl":"https:\/\/expressometro.mx\/wp-content\/uploads\/2020\/02\/w2_12066_6.jpg","width":1400,"height":933},{"@type":"BreadcrumbList","@id":"https:\/\/expressometro.mx\/index.php\/2020\/02\/01\/llega-al-museo-virreinal-la-obra-de-ernesto-hume-con-la-exposicion-sintaxis-modulares\/#breadcrumb","itemListElement":[{"@type":"ListItem","position":1,"name":"Inicio","item":"https:\/\/expressometro.mx\/"},{"@type":"ListItem","position":2,"name":"LLEGA AL MUSEO VIRREINAL LA OBRA DE ERNESTO HUME CON LA EXPOSICI\u00d3N \u201cSINTAXIS MODULARES\u201d"}]},{"@type":"WebSite","@id":"https:\/\/expressometro.mx\/#website","url":"https:\/\/expressometro.mx\/","name":"Expresso Metropolitano","description":"Periodismo comprometido, informaci\u00f3n, investigaci\u00f3n y an\u00e1lisis","publisher":{"@id":"https:\/\/expressometro.mx\/#organization"},"potentialAction":[{"@type":"SearchAction","target":{"@type":"EntryPoint","urlTemplate":"https:\/\/expressometro.mx\/?s={search_term_string}"},"query-input":{"@type":"PropertyValueSpecification","valueRequired":true,"valueName":"search_term_string"}}],"inLanguage":"es"},{"@type":"Organization","@id":"https:\/\/expressometro.mx\/#organization","name":"Expresso Metropolitano","url":"https:\/\/expressometro.mx\/","logo":{"@type":"ImageObject","inLanguage":"es","@id":"https:\/\/expressometro.mx\/#\/schema\/logo\/image\/","url":"https:\/\/expressometro.mx\/wp-content\/uploads\/2019\/07\/cropped-Logo-Expresso-Metropolitano-1-1.jpeg","contentUrl":"https:\/\/expressometro.mx\/wp-content\/uploads\/2019\/07\/cropped-Logo-Expresso-Metropolitano-1-1.jpeg","width":290,"height":73,"caption":"Expresso Metropolitano"},"image":{"@id":"https:\/\/expressometro.mx\/#\/schema\/logo\/image\/"}},{"@type":"Person","@id":"https:\/\/expressometro.mx\/#\/schema\/person\/efa971b4a0664db8ed5c22b1b0dd2f5d","name":"Expresso Metropolitano","image":{"@type":"ImageObject","inLanguage":"es","@id":"https:\/\/secure.gravatar.com\/avatar\/a89f802b8de18c6952f223c88d3d106e9e3679839f4e25a02f4a6cc2ae6ba3b3?s=96&d=mm&r=g","url":"https:\/\/secure.gravatar.com\/avatar\/a89f802b8de18c6952f223c88d3d106e9e3679839f4e25a02f4a6cc2ae6ba3b3?s=96&d=mm&r=g","contentUrl":"https:\/\/secure.gravatar.com\/avatar\/a89f802b8de18c6952f223c88d3d106e9e3679839f4e25a02f4a6cc2ae6ba3b3?s=96&d=mm&r=g","caption":"Expresso Metropolitano"},"url":"https:\/\/expressometro.mx\/index.php\/author\/diego\/"}]}},"amp_enabled":true,"_links":{"self":[{"href":"https:\/\/expressometro.mx\/index.php\/wp-json\/wp\/v2\/posts\/1203","targetHints":{"allow":["GET"]}}],"collection":[{"href":"https:\/\/expressometro.mx\/index.php\/wp-json\/wp\/v2\/posts"}],"about":[{"href":"https:\/\/expressometro.mx\/index.php\/wp-json\/wp\/v2\/types\/post"}],"author":[{"embeddable":true,"href":"https:\/\/expressometro.mx\/index.php\/wp-json\/wp\/v2\/users\/1"}],"replies":[{"embeddable":true,"href":"https:\/\/expressometro.mx\/index.php\/wp-json\/wp\/v2\/comments?post=1203"}],"version-history":[{"count":1,"href":"https:\/\/expressometro.mx\/index.php\/wp-json\/wp\/v2\/posts\/1203\/revisions"}],"predecessor-version":[{"id":1205,"href":"https:\/\/expressometro.mx\/index.php\/wp-json\/wp\/v2\/posts\/1203\/revisions\/1205"}],"wp:featuredmedia":[{"embeddable":true,"href":"https:\/\/expressometro.mx\/index.php\/wp-json\/wp\/v2\/media\/1204"}],"wp:attachment":[{"href":"https:\/\/expressometro.mx\/index.php\/wp-json\/wp\/v2\/media?parent=1203"}],"wp:term":[{"taxonomy":"category","embeddable":true,"href":"https:\/\/expressometro.mx\/index.php\/wp-json\/wp\/v2\/categories?post=1203"},{"taxonomy":"post_tag","embeddable":true,"href":"https:\/\/expressometro.mx\/index.php\/wp-json\/wp\/v2\/tags?post=1203"}],"curies":[{"name":"wp","href":"https:\/\/api.w.org\/{rel}","templated":true}]}}