{"id":1190,"date":"2020-02-25T13:40:05","date_gmt":"2020-02-25T19:40:05","guid":{"rendered":"http:\/\/expressometro.mx\/?p=1190"},"modified":"2020-02-25T13:40:06","modified_gmt":"2020-02-25T19:40:06","slug":"inicia-secretaria-de-salud-operativo-de-cuaresma","status":"publish","type":"post","link":"https:\/\/expressometro.mx\/index.php\/2020\/02\/25\/inicia-secretaria-de-salud-operativo-de-cuaresma\/","title":{"rendered":"INICIA SECRETAR\u00cdA DE SALUD OPERATIVO DE CUARESMA"},"content":{"rendered":"\n<p>La Secretar\u00eda de Salud de la entidad, a trav\u00e9s de la Comisi\u00f3n para la Protecci\u00f3n contra Riesgos Sanitarios del Estado de M\u00e9xico (Coprisem), puso en marcha el Operativo de Cuaresma, que se realizar\u00e1 del 26 de febrero al 19 de abril, a fin de promover la calidad higi\u00e9nica de alimentos pesqueros.<\/p>\n\n\n\n<p>La dependencia informa que se llevar\u00e1n a cabo m\u00e1s de 260 visitas de verificaci\u00f3n en tianguis, mercados, restaurantes y marisquer\u00edas de los 125 municipios, adem\u00e1s de capacitaciones a due\u00f1os y trabajadores de estos negocios.<\/p>\n\n\n\n<p>El Secretario de Salud, Gabriel O\u2019Shea Cuevas, se\u00f1al\u00f3 que estas tareas obedecen al cumplimiento de la NOM 251, referente a las pr\u00e1cticas higi\u00e9nicas en el proceso de alimentos, con la finalidad de garantizar la correcta elaboraci\u00f3n, conservaci\u00f3n, exhibici\u00f3n y resguardo de los productos del mar.<\/p>\n\n\n\n<p>Para prevenir enfermedades, durante las verificaciones tomar\u00e1n muestras de pescados y mariscos, as\u00ed como de hielo y agua para el lavado de los mismos, recomendar\u00e1n el uso de vestimenta, utensilios y temperaturas adecuadas para mantener frescos los comestibles y las formas de preparaci\u00f3n correctas para evitar contaminaci\u00f3n cruzada.<\/p>\n\n\n\n<p>Al respecto, la Coprisem aconseja a los consumidores evitar el consumo de pescados y mariscos con olor desagradable, piel fl\u00e1cida, desprendimiento f\u00e1cil de escamas, color verdoso y que est\u00e9n expuestos a temperatura ambiente.<\/p>\n\n\n\n<p>La Comisi\u00f3n para la Protecci\u00f3n contra Riesgos Sanitarios pone a disposici\u00f3n de la ciudadan\u00eda el tel\u00e9fono 722-213-7000 y el correo electr\u00f3nico denuncia.regulacionsanitaria@edomex.gob.mx para recibir quejas o  denuncias, adem\u00e1s de brindar orientaci\u00f3n.<\/p>\n","protected":false},"excerpt":{"rendered":"<p>La Secretar\u00eda de Salud de la entidad, a trav\u00e9s de la Comisi\u00f3n para la Protecci\u00f3n contra Riesgos Sanitarios del Estado de M\u00e9xico (Coprisem), puso en marcha el Operativo de Cuaresma, que se realizar\u00e1 del 26 de febrero al 19 de abril, a fin de promover la calidad higi\u00e9nica de alimentos pesqueros. La dependencia informa que se llevar\u00e1n a cabo m\u00e1s de 260 visitas de verificaci\u00f3n en tianguis, mercados, restaurantes y marisquer\u00edas de los 125 municipios, adem\u00e1s de capacitaciones a due\u00f1os y trabajadores de estos negocios. El Secretario de Salud, Gabriel&hellip;<\/p>\n","protected":false},"author":1,"featured_media":1191,"comment_status":"open","ping_status":"open","sticky":false,"template":"","format":"standard","meta":{"footnotes":""},"categories":[3],"tags":[],"class_list":["post-1190","post","type-post","status-publish","format-standard","has-post-thumbnail","hentry","category-gobierno"],"yoast_head":"<!-- This site is optimized with the Yoast SEO plugin v27.5 - https:\/\/yoast.com\/product\/yoast-seo-wordpress\/ -->\n<title>INICIA SECRETAR\u00cdA DE SALUD OPERATIVO DE CUARESMA - Expresso Metropolitano<\/title>\n<meta name=\"robots\" content=\"index, follow, max-snippet:-1, max-image-preview:large, max-video-preview:-1\" \/>\n<link rel=\"canonical\" href=\"https:\/\/expressometro.mx\/index.php\/2020\/02\/25\/inicia-secretaria-de-salud-operativo-de-cuaresma\/\" \/>\n<meta property=\"og:locale\" content=\"es_MX\" \/>\n<meta property=\"og:type\" content=\"article\" \/>\n<meta property=\"og:title\" content=\"INICIA SECRETAR\u00cdA DE SALUD OPERATIVO DE CUARESMA - Expresso Metropolitano\" \/>\n<meta property=\"og:description\" content=\"La Secretar\u00eda de Salud de la entidad, a trav\u00e9s de la Comisi\u00f3n para la Protecci\u00f3n contra Riesgos Sanitarios del Estado de M\u00e9xico (Coprisem), puso en marcha el Operativo de Cuaresma, que se realizar\u00e1 del 26 de febrero al 19 de abril, a fin de promover la calidad higi\u00e9nica de alimentos pesqueros. La dependencia informa que se llevar\u00e1n a cabo m\u00e1s de 260 visitas de verificaci\u00f3n en tianguis, mercados, restaurantes y marisquer\u00edas de los 125 municipios, adem\u00e1s de capacitaciones a due\u00f1os y trabajadores de estos negocios. El Secretario de Salud, Gabriel&hellip;\" \/>\n<meta property=\"og:url\" content=\"https:\/\/expressometro.mx\/index.php\/2020\/02\/25\/inicia-secretaria-de-salud-operativo-de-cuaresma\/\" \/>\n<meta property=\"og:site_name\" content=\"Expresso Metropolitano\" \/>\n<meta property=\"article:published_time\" content=\"2020-02-25T19:40:05+00:00\" \/>\n<meta property=\"article:modified_time\" content=\"2020-02-25T19:40:06+00:00\" \/>\n<meta property=\"og:image\" content=\"https:\/\/expressometro.mx\/wp-content\/uploads\/2020\/02\/07E7113A-48CB-463E-98D4-CCCC0EAAB52A.jpeg\" \/>\n\t<meta property=\"og:image:width\" content=\"1280\" \/>\n\t<meta property=\"og:image:height\" content=\"849\" \/>\n\t<meta property=\"og:image:type\" content=\"image\/jpeg\" \/>\n<meta name=\"author\" content=\"Expresso Metropolitano\" \/>\n<meta name=\"twitter:label1\" content=\"Escrito por\" \/>\n\t<meta name=\"twitter:data1\" content=\"Expresso Metropolitano\" \/>\n\t<meta name=\"twitter:label2\" content=\"Tiempo de lectura\" \/>\n\t<meta name=\"twitter:data2\" content=\"1 minuto\" \/>\n<script type=\"application\/ld+json\" class=\"yoast-schema-graph\">{\"@context\":\"https:\\\/\\\/schema.org\",\"@graph\":[{\"@type\":\"Article\",\"@id\":\"https:\\\/\\\/expressometro.mx\\\/index.php\\\/2020\\\/02\\\/25\\\/inicia-secretaria-de-salud-operativo-de-cuaresma\\\/#article\",\"isPartOf\":{\"@id\":\"https:\\\/\\\/expressometro.mx\\\/index.php\\\/2020\\\/02\\\/25\\\/inicia-secretaria-de-salud-operativo-de-cuaresma\\\/\"},\"author\":{\"name\":\"Expresso Metropolitano\",\"@id\":\"https:\\\/\\\/expressometro.mx\\\/#\\\/schema\\\/person\\\/efa971b4a0664db8ed5c22b1b0dd2f5d\"},\"headline\":\"INICIA SECRETAR\u00cdA DE SALUD OPERATIVO DE CUARESMA\",\"datePublished\":\"2020-02-25T19:40:05+00:00\",\"dateModified\":\"2020-02-25T19:40:06+00:00\",\"mainEntityOfPage\":{\"@id\":\"https:\\\/\\\/expressometro.mx\\\/index.php\\\/2020\\\/02\\\/25\\\/inicia-secretaria-de-salud-operativo-de-cuaresma\\\/\"},\"wordCount\":284,\"commentCount\":0,\"publisher\":{\"@id\":\"https:\\\/\\\/expressometro.mx\\\/#organization\"},\"image\":{\"@id\":\"https:\\\/\\\/expressometro.mx\\\/index.php\\\/2020\\\/02\\\/25\\\/inicia-secretaria-de-salud-operativo-de-cuaresma\\\/#primaryimage\"},\"thumbnailUrl\":\"https:\\\/\\\/expressometro.mx\\\/wp-content\\\/uploads\\\/2020\\\/02\\\/07E7113A-48CB-463E-98D4-CCCC0EAAB52A.jpeg\",\"articleSection\":[\"Gobierno\"],\"inLanguage\":\"es\",\"potentialAction\":[{\"@type\":\"CommentAction\",\"name\":\"Comment\",\"target\":[\"https:\\\/\\\/expressometro.mx\\\/index.php\\\/2020\\\/02\\\/25\\\/inicia-secretaria-de-salud-operativo-de-cuaresma\\\/#respond\"]}]},{\"@type\":\"WebPage\",\"@id\":\"https:\\\/\\\/expressometro.mx\\\/index.php\\\/2020\\\/02\\\/25\\\/inicia-secretaria-de-salud-operativo-de-cuaresma\\\/\",\"url\":\"https:\\\/\\\/expressometro.mx\\\/index.php\\\/2020\\\/02\\\/25\\\/inicia-secretaria-de-salud-operativo-de-cuaresma\\\/\",\"name\":\"INICIA SECRETAR\u00cdA DE SALUD OPERATIVO DE CUARESMA - Expresso Metropolitano\",\"isPartOf\":{\"@id\":\"https:\\\/\\\/expressometro.mx\\\/#website\"},\"primaryImageOfPage\":{\"@id\":\"https:\\\/\\\/expressometro.mx\\\/index.php\\\/2020\\\/02\\\/25\\\/inicia-secretaria-de-salud-operativo-de-cuaresma\\\/#primaryimage\"},\"image\":{\"@id\":\"https:\\\/\\\/expressometro.mx\\\/index.php\\\/2020\\\/02\\\/25\\\/inicia-secretaria-de-salud-operativo-de-cuaresma\\\/#primaryimage\"},\"thumbnailUrl\":\"https:\\\/\\\/expressometro.mx\\\/wp-content\\\/uploads\\\/2020\\\/02\\\/07E7113A-48CB-463E-98D4-CCCC0EAAB52A.jpeg\",\"datePublished\":\"2020-02-25T19:40:05+00:00\",\"dateModified\":\"2020-02-25T19:40:06+00:00\",\"breadcrumb\":{\"@id\":\"https:\\\/\\\/expressometro.mx\\\/index.php\\\/2020\\\/02\\\/25\\\/inicia-secretaria-de-salud-operativo-de-cuaresma\\\/#breadcrumb\"},\"inLanguage\":\"es\",\"potentialAction\":[{\"@type\":\"ReadAction\",\"target\":[\"https:\\\/\\\/expressometro.mx\\\/index.php\\\/2020\\\/02\\\/25\\\/inicia-secretaria-de-salud-operativo-de-cuaresma\\\/\"]}]},{\"@type\":\"ImageObject\",\"inLanguage\":\"es\",\"@id\":\"https:\\\/\\\/expressometro.mx\\\/index.php\\\/2020\\\/02\\\/25\\\/inicia-secretaria-de-salud-operativo-de-cuaresma\\\/#primaryimage\",\"url\":\"https:\\\/\\\/expressometro.mx\\\/wp-content\\\/uploads\\\/2020\\\/02\\\/07E7113A-48CB-463E-98D4-CCCC0EAAB52A.jpeg\",\"contentUrl\":\"https:\\\/\\\/expressometro.mx\\\/wp-content\\\/uploads\\\/2020\\\/02\\\/07E7113A-48CB-463E-98D4-CCCC0EAAB52A.jpeg\",\"width\":1280,\"height\":849},{\"@type\":\"BreadcrumbList\",\"@id\":\"https:\\\/\\\/expressometro.mx\\\/index.php\\\/2020\\\/02\\\/25\\\/inicia-secretaria-de-salud-operativo-de-cuaresma\\\/#breadcrumb\",\"itemListElement\":[{\"@type\":\"ListItem\",\"position\":1,\"name\":\"Inicio\",\"item\":\"https:\\\/\\\/expressometro.mx\\\/\"},{\"@type\":\"ListItem\",\"position\":2,\"name\":\"INICIA SECRETAR\u00cdA DE SALUD OPERATIVO DE CUARESMA\"}]},{\"@type\":\"WebSite\",\"@id\":\"https:\\\/\\\/expressometro.mx\\\/#website\",\"url\":\"https:\\\/\\\/expressometro.mx\\\/\",\"name\":\"Expresso Metropolitano\",\"description\":\"Periodismo comprometido, informaci\u00f3n, investigaci\u00f3n y an\u00e1lisis\",\"publisher\":{\"@id\":\"https:\\\/\\\/expressometro.mx\\\/#organization\"},\"potentialAction\":[{\"@type\":\"SearchAction\",\"target\":{\"@type\":\"EntryPoint\",\"urlTemplate\":\"https:\\\/\\\/expressometro.mx\\\/?s={search_term_string}\"},\"query-input\":{\"@type\":\"PropertyValueSpecification\",\"valueRequired\":true,\"valueName\":\"search_term_string\"}}],\"inLanguage\":\"es\"},{\"@type\":\"Organization\",\"@id\":\"https:\\\/\\\/expressometro.mx\\\/#organization\",\"name\":\"Expresso Metropolitano\",\"url\":\"https:\\\/\\\/expressometro.mx\\\/\",\"logo\":{\"@type\":\"ImageObject\",\"inLanguage\":\"es\",\"@id\":\"https:\\\/\\\/expressometro.mx\\\/#\\\/schema\\\/logo\\\/image\\\/\",\"url\":\"https:\\\/\\\/expressometro.mx\\\/wp-content\\\/uploads\\\/2019\\\/07\\\/cropped-Logo-Expresso-Metropolitano-1-1.jpeg\",\"contentUrl\":\"https:\\\/\\\/expressometro.mx\\\/wp-content\\\/uploads\\\/2019\\\/07\\\/cropped-Logo-Expresso-Metropolitano-1-1.jpeg\",\"width\":290,\"height\":73,\"caption\":\"Expresso Metropolitano\"},\"image\":{\"@id\":\"https:\\\/\\\/expressometro.mx\\\/#\\\/schema\\\/logo\\\/image\\\/\"}},{\"@type\":\"Person\",\"@id\":\"https:\\\/\\\/expressometro.mx\\\/#\\\/schema\\\/person\\\/efa971b4a0664db8ed5c22b1b0dd2f5d\",\"name\":\"Expresso Metropolitano\",\"image\":{\"@type\":\"ImageObject\",\"inLanguage\":\"es\",\"@id\":\"https:\\\/\\\/secure.gravatar.com\\\/avatar\\\/a89f802b8de18c6952f223c88d3d106e9e3679839f4e25a02f4a6cc2ae6ba3b3?s=96&d=mm&r=g\",\"url\":\"https:\\\/\\\/secure.gravatar.com\\\/avatar\\\/a89f802b8de18c6952f223c88d3d106e9e3679839f4e25a02f4a6cc2ae6ba3b3?s=96&d=mm&r=g\",\"contentUrl\":\"https:\\\/\\\/secure.gravatar.com\\\/avatar\\\/a89f802b8de18c6952f223c88d3d106e9e3679839f4e25a02f4a6cc2ae6ba3b3?s=96&d=mm&r=g\",\"caption\":\"Expresso Metropolitano\"},\"url\":\"https:\\\/\\\/expressometro.mx\\\/index.php\\\/author\\\/diego\\\/\"}]}<\/script>\n<!-- \/ Yoast SEO plugin. -->","yoast_head_json":{"title":"INICIA SECRETAR\u00cdA DE SALUD OPERATIVO DE CUARESMA - Expresso Metropolitano","robots":{"index":"index","follow":"follow","max-snippet":"max-snippet:-1","max-image-preview":"max-image-preview:large","max-video-preview":"max-video-preview:-1"},"canonical":"https:\/\/expressometro.mx\/index.php\/2020\/02\/25\/inicia-secretaria-de-salud-operativo-de-cuaresma\/","og_locale":"es_MX","og_type":"article","og_title":"INICIA SECRETAR\u00cdA DE SALUD OPERATIVO DE CUARESMA - Expresso Metropolitano","og_description":"La Secretar\u00eda de Salud de la entidad, a trav\u00e9s de la Comisi\u00f3n para la Protecci\u00f3n contra Riesgos Sanitarios del Estado de M\u00e9xico (Coprisem), puso en marcha el Operativo de Cuaresma, que se realizar\u00e1 del 26 de febrero al 19 de abril, a fin de promover la calidad higi\u00e9nica de alimentos pesqueros. La dependencia informa que se llevar\u00e1n a cabo m\u00e1s de 260 visitas de verificaci\u00f3n en tianguis, mercados, restaurantes y marisquer\u00edas de los 125 municipios, adem\u00e1s de capacitaciones a due\u00f1os y trabajadores de estos negocios. El Secretario de Salud, Gabriel&hellip;","og_url":"https:\/\/expressometro.mx\/index.php\/2020\/02\/25\/inicia-secretaria-de-salud-operativo-de-cuaresma\/","og_site_name":"Expresso Metropolitano","article_published_time":"2020-02-25T19:40:05+00:00","article_modified_time":"2020-02-25T19:40:06+00:00","og_image":[{"width":1280,"height":849,"url":"https:\/\/expressometro.mx\/wp-content\/uploads\/2020\/02\/07E7113A-48CB-463E-98D4-CCCC0EAAB52A.jpeg","type":"image\/jpeg"}],"author":"Expresso Metropolitano","twitter_misc":{"Escrito por":"Expresso Metropolitano","Tiempo de lectura":"1 minuto"},"schema":{"@context":"https:\/\/schema.org","@graph":[{"@type":"Article","@id":"https:\/\/expressometro.mx\/index.php\/2020\/02\/25\/inicia-secretaria-de-salud-operativo-de-cuaresma\/#article","isPartOf":{"@id":"https:\/\/expressometro.mx\/index.php\/2020\/02\/25\/inicia-secretaria-de-salud-operativo-de-cuaresma\/"},"author":{"name":"Expresso Metropolitano","@id":"https:\/\/expressometro.mx\/#\/schema\/person\/efa971b4a0664db8ed5c22b1b0dd2f5d"},"headline":"INICIA SECRETAR\u00cdA DE SALUD OPERATIVO DE CUARESMA","datePublished":"2020-02-25T19:40:05+00:00","dateModified":"2020-02-25T19:40:06+00:00","mainEntityOfPage":{"@id":"https:\/\/expressometro.mx\/index.php\/2020\/02\/25\/inicia-secretaria-de-salud-operativo-de-cuaresma\/"},"wordCount":284,"commentCount":0,"publisher":{"@id":"https:\/\/expressometro.mx\/#organization"},"image":{"@id":"https:\/\/expressometro.mx\/index.php\/2020\/02\/25\/inicia-secretaria-de-salud-operativo-de-cuaresma\/#primaryimage"},"thumbnailUrl":"https:\/\/expressometro.mx\/wp-content\/uploads\/2020\/02\/07E7113A-48CB-463E-98D4-CCCC0EAAB52A.jpeg","articleSection":["Gobierno"],"inLanguage":"es","potentialAction":[{"@type":"CommentAction","name":"Comment","target":["https:\/\/expressometro.mx\/index.php\/2020\/02\/25\/inicia-secretaria-de-salud-operativo-de-cuaresma\/#respond"]}]},{"@type":"WebPage","@id":"https:\/\/expressometro.mx\/index.php\/2020\/02\/25\/inicia-secretaria-de-salud-operativo-de-cuaresma\/","url":"https:\/\/expressometro.mx\/index.php\/2020\/02\/25\/inicia-secretaria-de-salud-operativo-de-cuaresma\/","name":"INICIA SECRETAR\u00cdA DE SALUD OPERATIVO DE CUARESMA - Expresso Metropolitano","isPartOf":{"@id":"https:\/\/expressometro.mx\/#website"},"primaryImageOfPage":{"@id":"https:\/\/expressometro.mx\/index.php\/2020\/02\/25\/inicia-secretaria-de-salud-operativo-de-cuaresma\/#primaryimage"},"image":{"@id":"https:\/\/expressometro.mx\/index.php\/2020\/02\/25\/inicia-secretaria-de-salud-operativo-de-cuaresma\/#primaryimage"},"thumbnailUrl":"https:\/\/expressometro.mx\/wp-content\/uploads\/2020\/02\/07E7113A-48CB-463E-98D4-CCCC0EAAB52A.jpeg","datePublished":"2020-02-25T19:40:05+00:00","dateModified":"2020-02-25T19:40:06+00:00","breadcrumb":{"@id":"https:\/\/expressometro.mx\/index.php\/2020\/02\/25\/inicia-secretaria-de-salud-operativo-de-cuaresma\/#breadcrumb"},"inLanguage":"es","potentialAction":[{"@type":"ReadAction","target":["https:\/\/expressometro.mx\/index.php\/2020\/02\/25\/inicia-secretaria-de-salud-operativo-de-cuaresma\/"]}]},{"@type":"ImageObject","inLanguage":"es","@id":"https:\/\/expressometro.mx\/index.php\/2020\/02\/25\/inicia-secretaria-de-salud-operativo-de-cuaresma\/#primaryimage","url":"https:\/\/expressometro.mx\/wp-content\/uploads\/2020\/02\/07E7113A-48CB-463E-98D4-CCCC0EAAB52A.jpeg","contentUrl":"https:\/\/expressometro.mx\/wp-content\/uploads\/2020\/02\/07E7113A-48CB-463E-98D4-CCCC0EAAB52A.jpeg","width":1280,"height":849},{"@type":"BreadcrumbList","@id":"https:\/\/expressometro.mx\/index.php\/2020\/02\/25\/inicia-secretaria-de-salud-operativo-de-cuaresma\/#breadcrumb","itemListElement":[{"@type":"ListItem","position":1,"name":"Inicio","item":"https:\/\/expressometro.mx\/"},{"@type":"ListItem","position":2,"name":"INICIA SECRETAR\u00cdA DE SALUD OPERATIVO DE CUARESMA"}]},{"@type":"WebSite","@id":"https:\/\/expressometro.mx\/#website","url":"https:\/\/expressometro.mx\/","name":"Expresso Metropolitano","description":"Periodismo comprometido, informaci\u00f3n, investigaci\u00f3n y an\u00e1lisis","publisher":{"@id":"https:\/\/expressometro.mx\/#organization"},"potentialAction":[{"@type":"SearchAction","target":{"@type":"EntryPoint","urlTemplate":"https:\/\/expressometro.mx\/?s={search_term_string}"},"query-input":{"@type":"PropertyValueSpecification","valueRequired":true,"valueName":"search_term_string"}}],"inLanguage":"es"},{"@type":"Organization","@id":"https:\/\/expressometro.mx\/#organization","name":"Expresso Metropolitano","url":"https:\/\/expressometro.mx\/","logo":{"@type":"ImageObject","inLanguage":"es","@id":"https:\/\/expressometro.mx\/#\/schema\/logo\/image\/","url":"https:\/\/expressometro.mx\/wp-content\/uploads\/2019\/07\/cropped-Logo-Expresso-Metropolitano-1-1.jpeg","contentUrl":"https:\/\/expressometro.mx\/wp-content\/uploads\/2019\/07\/cropped-Logo-Expresso-Metropolitano-1-1.jpeg","width":290,"height":73,"caption":"Expresso Metropolitano"},"image":{"@id":"https:\/\/expressometro.mx\/#\/schema\/logo\/image\/"}},{"@type":"Person","@id":"https:\/\/expressometro.mx\/#\/schema\/person\/efa971b4a0664db8ed5c22b1b0dd2f5d","name":"Expresso Metropolitano","image":{"@type":"ImageObject","inLanguage":"es","@id":"https:\/\/secure.gravatar.com\/avatar\/a89f802b8de18c6952f223c88d3d106e9e3679839f4e25a02f4a6cc2ae6ba3b3?s=96&d=mm&r=g","url":"https:\/\/secure.gravatar.com\/avatar\/a89f802b8de18c6952f223c88d3d106e9e3679839f4e25a02f4a6cc2ae6ba3b3?s=96&d=mm&r=g","contentUrl":"https:\/\/secure.gravatar.com\/avatar\/a89f802b8de18c6952f223c88d3d106e9e3679839f4e25a02f4a6cc2ae6ba3b3?s=96&d=mm&r=g","caption":"Expresso Metropolitano"},"url":"https:\/\/expressometro.mx\/index.php\/author\/diego\/"}]}},"amp_enabled":true,"_links":{"self":[{"href":"https:\/\/expressometro.mx\/index.php\/wp-json\/wp\/v2\/posts\/1190","targetHints":{"allow":["GET"]}}],"collection":[{"href":"https:\/\/expressometro.mx\/index.php\/wp-json\/wp\/v2\/posts"}],"about":[{"href":"https:\/\/expressometro.mx\/index.php\/wp-json\/wp\/v2\/types\/post"}],"author":[{"embeddable":true,"href":"https:\/\/expressometro.mx\/index.php\/wp-json\/wp\/v2\/users\/1"}],"replies":[{"embeddable":true,"href":"https:\/\/expressometro.mx\/index.php\/wp-json\/wp\/v2\/comments?post=1190"}],"version-history":[{"count":1,"href":"https:\/\/expressometro.mx\/index.php\/wp-json\/wp\/v2\/posts\/1190\/revisions"}],"predecessor-version":[{"id":1192,"href":"https:\/\/expressometro.mx\/index.php\/wp-json\/wp\/v2\/posts\/1190\/revisions\/1192"}],"wp:featuredmedia":[{"embeddable":true,"href":"https:\/\/expressometro.mx\/index.php\/wp-json\/wp\/v2\/media\/1191"}],"wp:attachment":[{"href":"https:\/\/expressometro.mx\/index.php\/wp-json\/wp\/v2\/media?parent=1190"}],"wp:term":[{"taxonomy":"category","embeddable":true,"href":"https:\/\/expressometro.mx\/index.php\/wp-json\/wp\/v2\/categories?post=1190"},{"taxonomy":"post_tag","embeddable":true,"href":"https:\/\/expressometro.mx\/index.php\/wp-json\/wp\/v2\/tags?post=1190"}],"curies":[{"name":"wp","href":"https:\/\/api.w.org\/{rel}","templated":true}]}}