{"id":11895,"date":"2026-04-29T20:58:38","date_gmt":"2026-04-30T02:58:38","guid":{"rendered":"https:\/\/expressometro.mx\/?p=11895"},"modified":"2026-04-29T20:58:38","modified_gmt":"2026-04-30T02:58:38","slug":"vecinos-de-villa-del-carbon-denuncian-abandono-municipal-y-rechazan-instalacion-de-basurero-en-san-jeronimo","status":"publish","type":"post","link":"https:\/\/expressometro.mx\/index.php\/2026\/04\/29\/vecinos-de-villa-del-carbon-denuncian-abandono-municipal-y-rechazan-instalacion-de-basurero-en-san-jeronimo\/","title":{"rendered":"VECINOS DE VILLA DEL CARB\u00d3N DENUNCIAN ABANDONO MUNICIPAL Y RECHAZAN INSTALACI\u00d3N DE BASURERO EN SAN JER\u00d3NIMO"},"content":{"rendered":"\n<p>En medio de un creciente malestar por la falta de servicios p\u00fablicos, vecinos de San Jer\u00f3nimo alzaron la voz contra la intenci\u00f3n del gobierno municipal de instalar un basurero en la calle Juli\u00e1n Alc\u00e1ntara, decisi\u00f3n que calificaron como una muestra m\u00e1s de la improvisaci\u00f3n, la incapacidad administrativa y la falta de visi\u00f3n que mantienen hundido al municipio de Villa del Carb\u00f3n.<\/p>\n\n\n\n<p>Habitantes se\u00f1alaron que, mientras persisten problemas b\u00e1sicos sin resolver como la escasez de agua potable, una recolecci\u00f3n de basura deficiente, calles en abandono y una inseguridad cada vez m\u00e1s preocupante, las autoridades pretenden impulsar un proyecto que podr\u00eda agravar la crisis ambiental y sanitaria de toda la demarcaci\u00f3n.<\/p>\n\n\n\n<p>De acuerdo con los inconformes, el sitio considerado para el dep\u00f3sito de residuos se ubicar\u00eda a pocos metros de un hospital y de una escuela secundaria, lo que pondr\u00eda en riesgo a estudiantes, personal m\u00e9dico, pacientes y familias de la zona.<\/p>\n\n\n\n<p>\u201cEn lugar de resolver los problemas que ya existen, quieren crear uno m\u00e1s grande\u201d, expresaron vecinos molestos por lo que consideran decisiones tomadas sin planeaci\u00f3n t\u00e9cnica ni sensibilidad social.<\/p>\n\n\n\n<p>Especialistas y ciudadanos advierten que un basurero mal ubicado puede provocar contaminaci\u00f3n del aire, agua y suelo, proliferaci\u00f3n de plagas, malos olores, focos de infecci\u00f3n e incluso riesgos de incendio, afectando no solo a San Jer\u00f3nimo, sino al municipio en su conjunto.<\/p>\n\n\n\n<p>Adem\u00e1s, recordaron que la instalaci\u00f3n de un sitio de disposici\u00f3n final de residuos debe cumplir con la NOM-083-SEMARNAT-2003, as\u00ed como contar con una Manifestaci\u00f3n de Impacto Ambiental (MIA), requisitos indispensables para garantizar viabilidad y seguridad.<\/p>\n\n\n\n<p>Los vecinos cuestionaron si el gobierno municipal cuenta con estudios serios, permisos y fundamentos t\u00e9cnicos, o si nuevamente se trata de una decisi\u00f3n tomada al vapor, como tantas otras que han deteriorado los servicios y la calidad de vida de la poblaci\u00f3n.<\/p>\n\n\n\n<p>Finalmente, exigieron a las autoridades dejar la ocurrencia y comenzar a gobernar con responsabilidad, atendiendo primero la falta de agua, el rezago en limpieza p\u00fablica y la creciente inseguridad, antes de imponer proyectos que amenazan la salud y el bienestar colectivo.<\/p>\n","protected":false},"excerpt":{"rendered":"<p>En medio de un creciente malestar por la falta de servicios p\u00fablicos, vecinos de San Jer\u00f3nimo alzaron la voz contra la intenci\u00f3n del gobierno municipal de instalar un basurero en la calle Juli\u00e1n Alc\u00e1ntara, decisi\u00f3n que calificaron como una muestra m\u00e1s de la improvisaci\u00f3n, la incapacidad administrativa y la falta de visi\u00f3n que mantienen hundido al municipio de Villa del Carb\u00f3n.<\/p>\n","protected":false},"author":1,"featured_media":11897,"comment_status":"open","ping_status":"open","sticky":false,"template":"","format":"standard","meta":{"footnotes":""},"categories":[3,1,231],"tags":[1982,174],"class_list":["post-11895","post","type-post","status-publish","format-standard","has-post-thumbnail","hentry","category-gobierno","category-otros","category-politica","tag-edomex","tag-villa-del-carbon"],"yoast_head":"<!-- This site is optimized with the Yoast SEO plugin v27.5 - https:\/\/yoast.com\/product\/yoast-seo-wordpress\/ -->\n<title>VECINOS DE VILLA DEL CARB\u00d3N DENUNCIAN ABANDONO MUNICIPAL Y RECHAZAN INSTALACI\u00d3N DE BASURERO EN SAN JER\u00d3NIMO - Expresso Metropolitano<\/title>\n<meta name=\"robots\" content=\"index, follow, max-snippet:-1, max-image-preview:large, max-video-preview:-1\" \/>\n<link rel=\"canonical\" href=\"https:\/\/expressometro.mx\/index.php\/2026\/04\/29\/vecinos-de-villa-del-carbon-denuncian-abandono-municipal-y-rechazan-instalacion-de-basurero-en-san-jeronimo\/\" \/>\n<meta property=\"og:locale\" content=\"es_MX\" \/>\n<meta property=\"og:type\" content=\"article\" \/>\n<meta property=\"og:title\" content=\"VECINOS DE VILLA DEL CARB\u00d3N DENUNCIAN ABANDONO MUNICIPAL Y RECHAZAN INSTALACI\u00d3N DE BASURERO EN SAN JER\u00d3NIMO - Expresso Metropolitano\" \/>\n<meta property=\"og:description\" content=\"En medio de un creciente malestar por la falta de servicios p\u00fablicos, vecinos de San Jer\u00f3nimo alzaron la voz contra la intenci\u00f3n del gobierno municipal de instalar un basurero en la calle Juli\u00e1n Alc\u00e1ntara, decisi\u00f3n que calificaron como una muestra m\u00e1s de la improvisaci\u00f3n, la incapacidad administrativa y la falta de visi\u00f3n que mantienen hundido al municipio de Villa del Carb\u00f3n.\" \/>\n<meta property=\"og:url\" content=\"https:\/\/expressometro.mx\/index.php\/2026\/04\/29\/vecinos-de-villa-del-carbon-denuncian-abandono-municipal-y-rechazan-instalacion-de-basurero-en-san-jeronimo\/\" \/>\n<meta property=\"og:site_name\" content=\"Expresso Metropolitano\" \/>\n<meta property=\"article:published_time\" content=\"2026-04-30T02:58:38+00:00\" \/>\n<meta property=\"og:image\" content=\"http:\/\/expressometro.mx\/wp-content\/uploads\/2026\/04\/WhatsApp-Image-2026-04-29-at-2.00.30-PM.jpeg\" \/>\n\t<meta property=\"og:image:width\" content=\"1600\" \/>\n\t<meta property=\"og:image:height\" content=\"1200\" \/>\n\t<meta property=\"og:image:type\" content=\"image\/jpeg\" \/>\n<meta name=\"author\" content=\"Expresso Metropolitano\" \/>\n<meta name=\"twitter:label1\" content=\"Escrito por\" \/>\n\t<meta name=\"twitter:data1\" content=\"Expresso Metropolitano\" \/>\n\t<meta name=\"twitter:label2\" content=\"Tiempo de lectura\" \/>\n\t<meta name=\"twitter:data2\" content=\"2 minutos\" \/>\n<script type=\"application\/ld+json\" class=\"yoast-schema-graph\">{\"@context\":\"https:\\\/\\\/schema.org\",\"@graph\":[{\"@type\":\"Article\",\"@id\":\"https:\\\/\\\/expressometro.mx\\\/index.php\\\/2026\\\/04\\\/29\\\/vecinos-de-villa-del-carbon-denuncian-abandono-municipal-y-rechazan-instalacion-de-basurero-en-san-jeronimo\\\/#article\",\"isPartOf\":{\"@id\":\"https:\\\/\\\/expressometro.mx\\\/index.php\\\/2026\\\/04\\\/29\\\/vecinos-de-villa-del-carbon-denuncian-abandono-municipal-y-rechazan-instalacion-de-basurero-en-san-jeronimo\\\/\"},\"author\":{\"name\":\"Expresso Metropolitano\",\"@id\":\"https:\\\/\\\/expressometro.mx\\\/#\\\/schema\\\/person\\\/efa971b4a0664db8ed5c22b1b0dd2f5d\"},\"headline\":\"VECINOS DE VILLA DEL CARB\u00d3N DENUNCIAN ABANDONO MUNICIPAL Y RECHAZAN INSTALACI\u00d3N DE BASURERO EN SAN JER\u00d3NIMO\",\"datePublished\":\"2026-04-30T02:58:38+00:00\",\"mainEntityOfPage\":{\"@id\":\"https:\\\/\\\/expressometro.mx\\\/index.php\\\/2026\\\/04\\\/29\\\/vecinos-de-villa-del-carbon-denuncian-abandono-municipal-y-rechazan-instalacion-de-basurero-en-san-jeronimo\\\/\"},\"wordCount\":394,\"commentCount\":0,\"publisher\":{\"@id\":\"https:\\\/\\\/expressometro.mx\\\/#organization\"},\"image\":{\"@id\":\"https:\\\/\\\/expressometro.mx\\\/index.php\\\/2026\\\/04\\\/29\\\/vecinos-de-villa-del-carbon-denuncian-abandono-municipal-y-rechazan-instalacion-de-basurero-en-san-jeronimo\\\/#primaryimage\"},\"thumbnailUrl\":\"https:\\\/\\\/expressometro.mx\\\/wp-content\\\/uploads\\\/2026\\\/04\\\/WhatsApp-Image-2026-04-29-at-2.00.30-PM.jpeg\",\"keywords\":[\"Edomex\",\"Villa del Carb\u00f3n\"],\"articleSection\":[\"Gobierno\",\"Otros\",\"Pol\u00edtica\"],\"inLanguage\":\"es\",\"potentialAction\":[{\"@type\":\"CommentAction\",\"name\":\"Comment\",\"target\":[\"https:\\\/\\\/expressometro.mx\\\/index.php\\\/2026\\\/04\\\/29\\\/vecinos-de-villa-del-carbon-denuncian-abandono-municipal-y-rechazan-instalacion-de-basurero-en-san-jeronimo\\\/#respond\"]}]},{\"@type\":\"WebPage\",\"@id\":\"https:\\\/\\\/expressometro.mx\\\/index.php\\\/2026\\\/04\\\/29\\\/vecinos-de-villa-del-carbon-denuncian-abandono-municipal-y-rechazan-instalacion-de-basurero-en-san-jeronimo\\\/\",\"url\":\"https:\\\/\\\/expressometro.mx\\\/index.php\\\/2026\\\/04\\\/29\\\/vecinos-de-villa-del-carbon-denuncian-abandono-municipal-y-rechazan-instalacion-de-basurero-en-san-jeronimo\\\/\",\"name\":\"VECINOS DE VILLA DEL CARB\u00d3N DENUNCIAN ABANDONO MUNICIPAL Y RECHAZAN INSTALACI\u00d3N DE BASURERO EN SAN JER\u00d3NIMO - Expresso Metropolitano\",\"isPartOf\":{\"@id\":\"https:\\\/\\\/expressometro.mx\\\/#website\"},\"primaryImageOfPage\":{\"@id\":\"https:\\\/\\\/expressometro.mx\\\/index.php\\\/2026\\\/04\\\/29\\\/vecinos-de-villa-del-carbon-denuncian-abandono-municipal-y-rechazan-instalacion-de-basurero-en-san-jeronimo\\\/#primaryimage\"},\"image\":{\"@id\":\"https:\\\/\\\/expressometro.mx\\\/index.php\\\/2026\\\/04\\\/29\\\/vecinos-de-villa-del-carbon-denuncian-abandono-municipal-y-rechazan-instalacion-de-basurero-en-san-jeronimo\\\/#primaryimage\"},\"thumbnailUrl\":\"https:\\\/\\\/expressometro.mx\\\/wp-content\\\/uploads\\\/2026\\\/04\\\/WhatsApp-Image-2026-04-29-at-2.00.30-PM.jpeg\",\"datePublished\":\"2026-04-30T02:58:38+00:00\",\"breadcrumb\":{\"@id\":\"https:\\\/\\\/expressometro.mx\\\/index.php\\\/2026\\\/04\\\/29\\\/vecinos-de-villa-del-carbon-denuncian-abandono-municipal-y-rechazan-instalacion-de-basurero-en-san-jeronimo\\\/#breadcrumb\"},\"inLanguage\":\"es\",\"potentialAction\":[{\"@type\":\"ReadAction\",\"target\":[\"https:\\\/\\\/expressometro.mx\\\/index.php\\\/2026\\\/04\\\/29\\\/vecinos-de-villa-del-carbon-denuncian-abandono-municipal-y-rechazan-instalacion-de-basurero-en-san-jeronimo\\\/\"]}]},{\"@type\":\"ImageObject\",\"inLanguage\":\"es\",\"@id\":\"https:\\\/\\\/expressometro.mx\\\/index.php\\\/2026\\\/04\\\/29\\\/vecinos-de-villa-del-carbon-denuncian-abandono-municipal-y-rechazan-instalacion-de-basurero-en-san-jeronimo\\\/#primaryimage\",\"url\":\"https:\\\/\\\/expressometro.mx\\\/wp-content\\\/uploads\\\/2026\\\/04\\\/WhatsApp-Image-2026-04-29-at-2.00.30-PM.jpeg\",\"contentUrl\":\"https:\\\/\\\/expressometro.mx\\\/wp-content\\\/uploads\\\/2026\\\/04\\\/WhatsApp-Image-2026-04-29-at-2.00.30-PM.jpeg\",\"width\":1600,\"height\":1200},{\"@type\":\"BreadcrumbList\",\"@id\":\"https:\\\/\\\/expressometro.mx\\\/index.php\\\/2026\\\/04\\\/29\\\/vecinos-de-villa-del-carbon-denuncian-abandono-municipal-y-rechazan-instalacion-de-basurero-en-san-jeronimo\\\/#breadcrumb\",\"itemListElement\":[{\"@type\":\"ListItem\",\"position\":1,\"name\":\"Inicio\",\"item\":\"https:\\\/\\\/expressometro.mx\\\/\"},{\"@type\":\"ListItem\",\"position\":2,\"name\":\"VECINOS DE VILLA DEL CARB\u00d3N DENUNCIAN ABANDONO MUNICIPAL Y RECHAZAN INSTALACI\u00d3N DE BASURERO EN SAN JER\u00d3NIMO\"}]},{\"@type\":\"WebSite\",\"@id\":\"https:\\\/\\\/expressometro.mx\\\/#website\",\"url\":\"https:\\\/\\\/expressometro.mx\\\/\",\"name\":\"Expresso Metropolitano\",\"description\":\"Periodismo comprometido, informaci\u00f3n, investigaci\u00f3n y an\u00e1lisis\",\"publisher\":{\"@id\":\"https:\\\/\\\/expressometro.mx\\\/#organization\"},\"potentialAction\":[{\"@type\":\"SearchAction\",\"target\":{\"@type\":\"EntryPoint\",\"urlTemplate\":\"https:\\\/\\\/expressometro.mx\\\/?s={search_term_string}\"},\"query-input\":{\"@type\":\"PropertyValueSpecification\",\"valueRequired\":true,\"valueName\":\"search_term_string\"}}],\"inLanguage\":\"es\"},{\"@type\":\"Organization\",\"@id\":\"https:\\\/\\\/expressometro.mx\\\/#organization\",\"name\":\"Expresso Metropolitano\",\"url\":\"https:\\\/\\\/expressometro.mx\\\/\",\"logo\":{\"@type\":\"ImageObject\",\"inLanguage\":\"es\",\"@id\":\"https:\\\/\\\/expressometro.mx\\\/#\\\/schema\\\/logo\\\/image\\\/\",\"url\":\"https:\\\/\\\/expressometro.mx\\\/wp-content\\\/uploads\\\/2019\\\/07\\\/cropped-Logo-Expresso-Metropolitano-1-1.jpeg\",\"contentUrl\":\"https:\\\/\\\/expressometro.mx\\\/wp-content\\\/uploads\\\/2019\\\/07\\\/cropped-Logo-Expresso-Metropolitano-1-1.jpeg\",\"width\":290,\"height\":73,\"caption\":\"Expresso Metropolitano\"},\"image\":{\"@id\":\"https:\\\/\\\/expressometro.mx\\\/#\\\/schema\\\/logo\\\/image\\\/\"}},{\"@type\":\"Person\",\"@id\":\"https:\\\/\\\/expressometro.mx\\\/#\\\/schema\\\/person\\\/efa971b4a0664db8ed5c22b1b0dd2f5d\",\"name\":\"Expresso Metropolitano\",\"image\":{\"@type\":\"ImageObject\",\"inLanguage\":\"es\",\"@id\":\"https:\\\/\\\/secure.gravatar.com\\\/avatar\\\/a89f802b8de18c6952f223c88d3d106e9e3679839f4e25a02f4a6cc2ae6ba3b3?s=96&d=mm&r=g\",\"url\":\"https:\\\/\\\/secure.gravatar.com\\\/avatar\\\/a89f802b8de18c6952f223c88d3d106e9e3679839f4e25a02f4a6cc2ae6ba3b3?s=96&d=mm&r=g\",\"contentUrl\":\"https:\\\/\\\/secure.gravatar.com\\\/avatar\\\/a89f802b8de18c6952f223c88d3d106e9e3679839f4e25a02f4a6cc2ae6ba3b3?s=96&d=mm&r=g\",\"caption\":\"Expresso Metropolitano\"},\"url\":\"https:\\\/\\\/expressometro.mx\\\/index.php\\\/author\\\/diego\\\/\"}]}<\/script>\n<!-- \/ Yoast SEO plugin. -->","yoast_head_json":{"title":"VECINOS DE VILLA DEL CARB\u00d3N DENUNCIAN ABANDONO MUNICIPAL Y RECHAZAN INSTALACI\u00d3N DE BASURERO EN SAN JER\u00d3NIMO - Expresso Metropolitano","robots":{"index":"index","follow":"follow","max-snippet":"max-snippet:-1","max-image-preview":"max-image-preview:large","max-video-preview":"max-video-preview:-1"},"canonical":"https:\/\/expressometro.mx\/index.php\/2026\/04\/29\/vecinos-de-villa-del-carbon-denuncian-abandono-municipal-y-rechazan-instalacion-de-basurero-en-san-jeronimo\/","og_locale":"es_MX","og_type":"article","og_title":"VECINOS DE VILLA DEL CARB\u00d3N DENUNCIAN ABANDONO MUNICIPAL Y RECHAZAN INSTALACI\u00d3N DE BASURERO EN SAN JER\u00d3NIMO - Expresso Metropolitano","og_description":"En medio de un creciente malestar por la falta de servicios p\u00fablicos, vecinos de San Jer\u00f3nimo alzaron la voz contra la intenci\u00f3n del gobierno municipal de instalar un basurero en la calle Juli\u00e1n Alc\u00e1ntara, decisi\u00f3n que calificaron como una muestra m\u00e1s de la improvisaci\u00f3n, la incapacidad administrativa y la falta de visi\u00f3n que mantienen hundido al municipio de Villa del Carb\u00f3n.","og_url":"https:\/\/expressometro.mx\/index.php\/2026\/04\/29\/vecinos-de-villa-del-carbon-denuncian-abandono-municipal-y-rechazan-instalacion-de-basurero-en-san-jeronimo\/","og_site_name":"Expresso Metropolitano","article_published_time":"2026-04-30T02:58:38+00:00","og_image":[{"width":1600,"height":1200,"url":"http:\/\/expressometro.mx\/wp-content\/uploads\/2026\/04\/WhatsApp-Image-2026-04-29-at-2.00.30-PM.jpeg","type":"image\/jpeg"}],"author":"Expresso Metropolitano","twitter_misc":{"Escrito por":"Expresso Metropolitano","Tiempo de lectura":"2 minutos"},"schema":{"@context":"https:\/\/schema.org","@graph":[{"@type":"Article","@id":"https:\/\/expressometro.mx\/index.php\/2026\/04\/29\/vecinos-de-villa-del-carbon-denuncian-abandono-municipal-y-rechazan-instalacion-de-basurero-en-san-jeronimo\/#article","isPartOf":{"@id":"https:\/\/expressometro.mx\/index.php\/2026\/04\/29\/vecinos-de-villa-del-carbon-denuncian-abandono-municipal-y-rechazan-instalacion-de-basurero-en-san-jeronimo\/"},"author":{"name":"Expresso Metropolitano","@id":"https:\/\/expressometro.mx\/#\/schema\/person\/efa971b4a0664db8ed5c22b1b0dd2f5d"},"headline":"VECINOS DE VILLA DEL CARB\u00d3N DENUNCIAN ABANDONO MUNICIPAL Y RECHAZAN INSTALACI\u00d3N DE BASURERO EN SAN JER\u00d3NIMO","datePublished":"2026-04-30T02:58:38+00:00","mainEntityOfPage":{"@id":"https:\/\/expressometro.mx\/index.php\/2026\/04\/29\/vecinos-de-villa-del-carbon-denuncian-abandono-municipal-y-rechazan-instalacion-de-basurero-en-san-jeronimo\/"},"wordCount":394,"commentCount":0,"publisher":{"@id":"https:\/\/expressometro.mx\/#organization"},"image":{"@id":"https:\/\/expressometro.mx\/index.php\/2026\/04\/29\/vecinos-de-villa-del-carbon-denuncian-abandono-municipal-y-rechazan-instalacion-de-basurero-en-san-jeronimo\/#primaryimage"},"thumbnailUrl":"https:\/\/expressometro.mx\/wp-content\/uploads\/2026\/04\/WhatsApp-Image-2026-04-29-at-2.00.30-PM.jpeg","keywords":["Edomex","Villa del Carb\u00f3n"],"articleSection":["Gobierno","Otros","Pol\u00edtica"],"inLanguage":"es","potentialAction":[{"@type":"CommentAction","name":"Comment","target":["https:\/\/expressometro.mx\/index.php\/2026\/04\/29\/vecinos-de-villa-del-carbon-denuncian-abandono-municipal-y-rechazan-instalacion-de-basurero-en-san-jeronimo\/#respond"]}]},{"@type":"WebPage","@id":"https:\/\/expressometro.mx\/index.php\/2026\/04\/29\/vecinos-de-villa-del-carbon-denuncian-abandono-municipal-y-rechazan-instalacion-de-basurero-en-san-jeronimo\/","url":"https:\/\/expressometro.mx\/index.php\/2026\/04\/29\/vecinos-de-villa-del-carbon-denuncian-abandono-municipal-y-rechazan-instalacion-de-basurero-en-san-jeronimo\/","name":"VECINOS DE VILLA DEL CARB\u00d3N DENUNCIAN ABANDONO MUNICIPAL Y RECHAZAN INSTALACI\u00d3N DE BASURERO EN SAN JER\u00d3NIMO - Expresso Metropolitano","isPartOf":{"@id":"https:\/\/expressometro.mx\/#website"},"primaryImageOfPage":{"@id":"https:\/\/expressometro.mx\/index.php\/2026\/04\/29\/vecinos-de-villa-del-carbon-denuncian-abandono-municipal-y-rechazan-instalacion-de-basurero-en-san-jeronimo\/#primaryimage"},"image":{"@id":"https:\/\/expressometro.mx\/index.php\/2026\/04\/29\/vecinos-de-villa-del-carbon-denuncian-abandono-municipal-y-rechazan-instalacion-de-basurero-en-san-jeronimo\/#primaryimage"},"thumbnailUrl":"https:\/\/expressometro.mx\/wp-content\/uploads\/2026\/04\/WhatsApp-Image-2026-04-29-at-2.00.30-PM.jpeg","datePublished":"2026-04-30T02:58:38+00:00","breadcrumb":{"@id":"https:\/\/expressometro.mx\/index.php\/2026\/04\/29\/vecinos-de-villa-del-carbon-denuncian-abandono-municipal-y-rechazan-instalacion-de-basurero-en-san-jeronimo\/#breadcrumb"},"inLanguage":"es","potentialAction":[{"@type":"ReadAction","target":["https:\/\/expressometro.mx\/index.php\/2026\/04\/29\/vecinos-de-villa-del-carbon-denuncian-abandono-municipal-y-rechazan-instalacion-de-basurero-en-san-jeronimo\/"]}]},{"@type":"ImageObject","inLanguage":"es","@id":"https:\/\/expressometro.mx\/index.php\/2026\/04\/29\/vecinos-de-villa-del-carbon-denuncian-abandono-municipal-y-rechazan-instalacion-de-basurero-en-san-jeronimo\/#primaryimage","url":"https:\/\/expressometro.mx\/wp-content\/uploads\/2026\/04\/WhatsApp-Image-2026-04-29-at-2.00.30-PM.jpeg","contentUrl":"https:\/\/expressometro.mx\/wp-content\/uploads\/2026\/04\/WhatsApp-Image-2026-04-29-at-2.00.30-PM.jpeg","width":1600,"height":1200},{"@type":"BreadcrumbList","@id":"https:\/\/expressometro.mx\/index.php\/2026\/04\/29\/vecinos-de-villa-del-carbon-denuncian-abandono-municipal-y-rechazan-instalacion-de-basurero-en-san-jeronimo\/#breadcrumb","itemListElement":[{"@type":"ListItem","position":1,"name":"Inicio","item":"https:\/\/expressometro.mx\/"},{"@type":"ListItem","position":2,"name":"VECINOS DE VILLA DEL CARB\u00d3N DENUNCIAN ABANDONO MUNICIPAL Y RECHAZAN INSTALACI\u00d3N DE BASURERO EN SAN JER\u00d3NIMO"}]},{"@type":"WebSite","@id":"https:\/\/expressometro.mx\/#website","url":"https:\/\/expressometro.mx\/","name":"Expresso Metropolitano","description":"Periodismo comprometido, informaci\u00f3n, investigaci\u00f3n y an\u00e1lisis","publisher":{"@id":"https:\/\/expressometro.mx\/#organization"},"potentialAction":[{"@type":"SearchAction","target":{"@type":"EntryPoint","urlTemplate":"https:\/\/expressometro.mx\/?s={search_term_string}"},"query-input":{"@type":"PropertyValueSpecification","valueRequired":true,"valueName":"search_term_string"}}],"inLanguage":"es"},{"@type":"Organization","@id":"https:\/\/expressometro.mx\/#organization","name":"Expresso Metropolitano","url":"https:\/\/expressometro.mx\/","logo":{"@type":"ImageObject","inLanguage":"es","@id":"https:\/\/expressometro.mx\/#\/schema\/logo\/image\/","url":"https:\/\/expressometro.mx\/wp-content\/uploads\/2019\/07\/cropped-Logo-Expresso-Metropolitano-1-1.jpeg","contentUrl":"https:\/\/expressometro.mx\/wp-content\/uploads\/2019\/07\/cropped-Logo-Expresso-Metropolitano-1-1.jpeg","width":290,"height":73,"caption":"Expresso Metropolitano"},"image":{"@id":"https:\/\/expressometro.mx\/#\/schema\/logo\/image\/"}},{"@type":"Person","@id":"https:\/\/expressometro.mx\/#\/schema\/person\/efa971b4a0664db8ed5c22b1b0dd2f5d","name":"Expresso Metropolitano","image":{"@type":"ImageObject","inLanguage":"es","@id":"https:\/\/secure.gravatar.com\/avatar\/a89f802b8de18c6952f223c88d3d106e9e3679839f4e25a02f4a6cc2ae6ba3b3?s=96&d=mm&r=g","url":"https:\/\/secure.gravatar.com\/avatar\/a89f802b8de18c6952f223c88d3d106e9e3679839f4e25a02f4a6cc2ae6ba3b3?s=96&d=mm&r=g","contentUrl":"https:\/\/secure.gravatar.com\/avatar\/a89f802b8de18c6952f223c88d3d106e9e3679839f4e25a02f4a6cc2ae6ba3b3?s=96&d=mm&r=g","caption":"Expresso Metropolitano"},"url":"https:\/\/expressometro.mx\/index.php\/author\/diego\/"}]}},"amp_enabled":true,"_links":{"self":[{"href":"https:\/\/expressometro.mx\/index.php\/wp-json\/wp\/v2\/posts\/11895","targetHints":{"allow":["GET"]}}],"collection":[{"href":"https:\/\/expressometro.mx\/index.php\/wp-json\/wp\/v2\/posts"}],"about":[{"href":"https:\/\/expressometro.mx\/index.php\/wp-json\/wp\/v2\/types\/post"}],"author":[{"embeddable":true,"href":"https:\/\/expressometro.mx\/index.php\/wp-json\/wp\/v2\/users\/1"}],"replies":[{"embeddable":true,"href":"https:\/\/expressometro.mx\/index.php\/wp-json\/wp\/v2\/comments?post=11895"}],"version-history":[{"count":1,"href":"https:\/\/expressometro.mx\/index.php\/wp-json\/wp\/v2\/posts\/11895\/revisions"}],"predecessor-version":[{"id":11898,"href":"https:\/\/expressometro.mx\/index.php\/wp-json\/wp\/v2\/posts\/11895\/revisions\/11898"}],"wp:featuredmedia":[{"embeddable":true,"href":"https:\/\/expressometro.mx\/index.php\/wp-json\/wp\/v2\/media\/11897"}],"wp:attachment":[{"href":"https:\/\/expressometro.mx\/index.php\/wp-json\/wp\/v2\/media?parent=11895"}],"wp:term":[{"taxonomy":"category","embeddable":true,"href":"https:\/\/expressometro.mx\/index.php\/wp-json\/wp\/v2\/categories?post=11895"},{"taxonomy":"post_tag","embeddable":true,"href":"https:\/\/expressometro.mx\/index.php\/wp-json\/wp\/v2\/tags?post=11895"}],"curies":[{"name":"wp","href":"https:\/\/api.w.org\/{rel}","templated":true}]}}