{"id":11890,"date":"2026-04-29T17:20:55","date_gmt":"2026-04-29T23:20:55","guid":{"rendered":"https:\/\/expressometro.mx\/?p=11890"},"modified":"2026-04-29T17:20:56","modified_gmt":"2026-04-29T23:20:56","slug":"crisis-en-el-sector-salud-de-valle-de-chalco","status":"publish","type":"post","link":"https:\/\/expressometro.mx\/index.php\/2026\/04\/29\/crisis-en-el-sector-salud-de-valle-de-chalco\/","title":{"rendered":"CRISIS EN EL SECTOR SALUD DE VALLE DE CHALCO"},"content":{"rendered":"\n<ul class=\"wp-block-list\">\n<li>Denuncian ciudadanos irregularidades, mal trato y falta de atenci\u00f3n.<\/li>\n<\/ul>\n\n\n\n<p>En medio de crecientes se\u00f1alamientos ciudadanos, el sistema de salud local en Valle de Chalco enfrenta cuestionamientos por presuntas irregularidades en la atenci\u00f3n, condiciones laborales y operaci\u00f3n de cl\u00ednicas comunitarias.<br>A trav\u00e9s de testimonios difundidos en redes sociales y reportes ciudadanos, personal vinculado al sector salud ha denunciado situaciones que califican como injustas, entre ellas la presunta existencia de trabajadores que no se encuentran formalmente en n\u00f3mina, pero a quienes se les solicita realizar actividades sin remuneraci\u00f3n.<br>De acuerdo con estas versiones, tambi\u00e9n se han presentado inconformidades por el trato hacia el personal, se\u00f1alado como autoritario en algunos casos, as\u00ed como por la supuesta asignaci\u00f3n de tareas ajenas a sus funciones, incluyendo labores comunitarias sin pago.<br>Uno de los se\u00f1alamientos recurrentes apunta hacia la direcci\u00f3n de salud municipal, encabezada por el Dr. Ra\u00fal Mora, aunque hasta el momento no existe una postura oficial que esclarezca los hechos. Se nota su incapacidad de operaci\u00f3n, control y atenci\u00f3n brindada<br>Por otra parte, ciudadanos han reportado deficiencias en la atenci\u00f3n m\u00e9dica en unidades como la Casa de Salud Xico 2, donde aseguran haber recibido informaci\u00f3n incompleta sobre los servicios disponibles. En algunos casos, denuncian falta de orientaci\u00f3n, negativa de atenci\u00f3n sin cita previa y actitudes poco profesionales por parte del personal.<br>Asimismo, comentarios en redes sociales reflejan una PERCEPCION NEGATIVA sobre la calidad del servicio en distintas instalaciones m\u00e9dicas del municipio, incluyendo cr\u00edticas sobre infraestructura, insumos y tiempos de atenci\u00f3n.<br>En contraste, algunos ciudadanos se\u00f1alaron que otras instituciones como el DIF municipal brindan una atenci\u00f3n m\u00e1s clara y organizada, lo que ha generado cuestionamientos sobre la coordinaci\u00f3n entre dependencias de salud.<br>Ante este panorama, los denunciantes enfatizan que no buscan confrontaci\u00f3n, sino el respeto a sus derechos laborales y una mejora sustancial en la calidad del servicio para la poblaci\u00f3n.<br>La situaci\u00f3n plantea la necesidad de una revisi\u00f3n institucional que permita garantizar transparencia, condiciones dignas para el personal y atenci\u00f3n m\u00e9dica Y QUE EL GOBIERNO NO SOLO VENGA A PINTAR Y PONER BONITO UN INMUEBLE QUE NO GARANTIZA EN LO M\u00cdNIMO LAS ATENCIONES EN SECTOR SALUD eficiente para los habitantes de Valle de Chalco.<br>Hasta el momento no se ha emitido una respuesta oficial por parte de las autoridades se\u00f1aladas. Ni por el presidente ni por el Dr. Mora con el cual queda claro que es uno m\u00e1s de los improvisados.<\/p>\n","protected":false},"excerpt":{"rendered":"<p>En medio de crecientes se\u00f1alamientos ciudadanos, el sistema de salud local en Valle de Chalco enfrenta cuestionamientos por presuntas irregularidades en la atenci\u00f3n, condiciones laborales y operaci\u00f3n de cl\u00ednicas comunitarias.<\/p>\n","protected":false},"author":1,"featured_media":11892,"comment_status":"open","ping_status":"open","sticky":false,"template":"","format":"standard","meta":{"footnotes":""},"categories":[3,1,231],"tags":[1982,2429],"class_list":["post-11890","post","type-post","status-publish","format-standard","has-post-thumbnail","hentry","category-gobierno","category-otros","category-politica","tag-edomex","tag-valle-de-chalco"],"yoast_head":"<!-- This site is optimized with the Yoast SEO plugin v27.5 - https:\/\/yoast.com\/product\/yoast-seo-wordpress\/ -->\n<title>CRISIS EN EL SECTOR SALUD DE VALLE DE CHALCO - Expresso Metropolitano<\/title>\n<meta name=\"robots\" content=\"index, follow, max-snippet:-1, max-image-preview:large, max-video-preview:-1\" \/>\n<link rel=\"canonical\" href=\"https:\/\/expressometro.mx\/index.php\/2026\/04\/29\/crisis-en-el-sector-salud-de-valle-de-chalco\/\" \/>\n<meta property=\"og:locale\" content=\"es_MX\" \/>\n<meta property=\"og:type\" content=\"article\" \/>\n<meta property=\"og:title\" content=\"CRISIS EN EL SECTOR SALUD DE VALLE DE CHALCO - Expresso Metropolitano\" \/>\n<meta property=\"og:description\" content=\"En medio de crecientes se\u00f1alamientos ciudadanos, el sistema de salud local en Valle de Chalco enfrenta cuestionamientos por presuntas irregularidades en la atenci\u00f3n, condiciones laborales y operaci\u00f3n de cl\u00ednicas comunitarias.\" \/>\n<meta property=\"og:url\" content=\"https:\/\/expressometro.mx\/index.php\/2026\/04\/29\/crisis-en-el-sector-salud-de-valle-de-chalco\/\" \/>\n<meta property=\"og:site_name\" content=\"Expresso Metropolitano\" \/>\n<meta property=\"article:published_time\" content=\"2026-04-29T23:20:55+00:00\" \/>\n<meta property=\"article:modified_time\" content=\"2026-04-29T23:20:56+00:00\" \/>\n<meta property=\"og:image\" content=\"http:\/\/expressometro.mx\/wp-content\/uploads\/2026\/04\/WhatsApp-Image-2026-04-29-at-1.04.29-PM.jpeg\" \/>\n\t<meta property=\"og:image:width\" content=\"640\" \/>\n\t<meta property=\"og:image:height\" content=\"278\" \/>\n\t<meta property=\"og:image:type\" content=\"image\/jpeg\" \/>\n<meta name=\"author\" content=\"Expresso Metropolitano\" \/>\n<meta name=\"twitter:label1\" content=\"Escrito por\" \/>\n\t<meta name=\"twitter:data1\" content=\"Expresso Metropolitano\" \/>\n\t<meta name=\"twitter:label2\" content=\"Tiempo de lectura\" \/>\n\t<meta name=\"twitter:data2\" content=\"3 minutos\" \/>\n<script type=\"application\/ld+json\" class=\"yoast-schema-graph\">{\"@context\":\"https:\\\/\\\/schema.org\",\"@graph\":[{\"@type\":\"Article\",\"@id\":\"https:\\\/\\\/expressometro.mx\\\/index.php\\\/2026\\\/04\\\/29\\\/crisis-en-el-sector-salud-de-valle-de-chalco\\\/#article\",\"isPartOf\":{\"@id\":\"https:\\\/\\\/expressometro.mx\\\/index.php\\\/2026\\\/04\\\/29\\\/crisis-en-el-sector-salud-de-valle-de-chalco\\\/\"},\"author\":{\"name\":\"Expresso Metropolitano\",\"@id\":\"https:\\\/\\\/expressometro.mx\\\/#\\\/schema\\\/person\\\/efa971b4a0664db8ed5c22b1b0dd2f5d\"},\"headline\":\"CRISIS EN EL SECTOR SALUD DE VALLE DE CHALCO\",\"datePublished\":\"2026-04-29T23:20:55+00:00\",\"dateModified\":\"2026-04-29T23:20:56+00:00\",\"mainEntityOfPage\":{\"@id\":\"https:\\\/\\\/expressometro.mx\\\/index.php\\\/2026\\\/04\\\/29\\\/crisis-en-el-sector-salud-de-valle-de-chalco\\\/\"},\"wordCount\":441,\"commentCount\":0,\"publisher\":{\"@id\":\"https:\\\/\\\/expressometro.mx\\\/#organization\"},\"image\":{\"@id\":\"https:\\\/\\\/expressometro.mx\\\/index.php\\\/2026\\\/04\\\/29\\\/crisis-en-el-sector-salud-de-valle-de-chalco\\\/#primaryimage\"},\"thumbnailUrl\":\"https:\\\/\\\/expressometro.mx\\\/wp-content\\\/uploads\\\/2026\\\/04\\\/WhatsApp-Image-2026-04-29-at-1.04.29-PM.jpeg\",\"keywords\":[\"Edomex\",\"Valle de Chalco\"],\"articleSection\":[\"Gobierno\",\"Otros\",\"Pol\u00edtica\"],\"inLanguage\":\"es\",\"potentialAction\":[{\"@type\":\"CommentAction\",\"name\":\"Comment\",\"target\":[\"https:\\\/\\\/expressometro.mx\\\/index.php\\\/2026\\\/04\\\/29\\\/crisis-en-el-sector-salud-de-valle-de-chalco\\\/#respond\"]}]},{\"@type\":\"WebPage\",\"@id\":\"https:\\\/\\\/expressometro.mx\\\/index.php\\\/2026\\\/04\\\/29\\\/crisis-en-el-sector-salud-de-valle-de-chalco\\\/\",\"url\":\"https:\\\/\\\/expressometro.mx\\\/index.php\\\/2026\\\/04\\\/29\\\/crisis-en-el-sector-salud-de-valle-de-chalco\\\/\",\"name\":\"CRISIS EN EL SECTOR SALUD DE VALLE DE CHALCO - Expresso Metropolitano\",\"isPartOf\":{\"@id\":\"https:\\\/\\\/expressometro.mx\\\/#website\"},\"primaryImageOfPage\":{\"@id\":\"https:\\\/\\\/expressometro.mx\\\/index.php\\\/2026\\\/04\\\/29\\\/crisis-en-el-sector-salud-de-valle-de-chalco\\\/#primaryimage\"},\"image\":{\"@id\":\"https:\\\/\\\/expressometro.mx\\\/index.php\\\/2026\\\/04\\\/29\\\/crisis-en-el-sector-salud-de-valle-de-chalco\\\/#primaryimage\"},\"thumbnailUrl\":\"https:\\\/\\\/expressometro.mx\\\/wp-content\\\/uploads\\\/2026\\\/04\\\/WhatsApp-Image-2026-04-29-at-1.04.29-PM.jpeg\",\"datePublished\":\"2026-04-29T23:20:55+00:00\",\"dateModified\":\"2026-04-29T23:20:56+00:00\",\"breadcrumb\":{\"@id\":\"https:\\\/\\\/expressometro.mx\\\/index.php\\\/2026\\\/04\\\/29\\\/crisis-en-el-sector-salud-de-valle-de-chalco\\\/#breadcrumb\"},\"inLanguage\":\"es\",\"potentialAction\":[{\"@type\":\"ReadAction\",\"target\":[\"https:\\\/\\\/expressometro.mx\\\/index.php\\\/2026\\\/04\\\/29\\\/crisis-en-el-sector-salud-de-valle-de-chalco\\\/\"]}]},{\"@type\":\"ImageObject\",\"inLanguage\":\"es\",\"@id\":\"https:\\\/\\\/expressometro.mx\\\/index.php\\\/2026\\\/04\\\/29\\\/crisis-en-el-sector-salud-de-valle-de-chalco\\\/#primaryimage\",\"url\":\"https:\\\/\\\/expressometro.mx\\\/wp-content\\\/uploads\\\/2026\\\/04\\\/WhatsApp-Image-2026-04-29-at-1.04.29-PM.jpeg\",\"contentUrl\":\"https:\\\/\\\/expressometro.mx\\\/wp-content\\\/uploads\\\/2026\\\/04\\\/WhatsApp-Image-2026-04-29-at-1.04.29-PM.jpeg\",\"width\":640,\"height\":278},{\"@type\":\"BreadcrumbList\",\"@id\":\"https:\\\/\\\/expressometro.mx\\\/index.php\\\/2026\\\/04\\\/29\\\/crisis-en-el-sector-salud-de-valle-de-chalco\\\/#breadcrumb\",\"itemListElement\":[{\"@type\":\"ListItem\",\"position\":1,\"name\":\"Inicio\",\"item\":\"https:\\\/\\\/expressometro.mx\\\/\"},{\"@type\":\"ListItem\",\"position\":2,\"name\":\"CRISIS EN EL SECTOR SALUD DE VALLE DE CHALCO\"}]},{\"@type\":\"WebSite\",\"@id\":\"https:\\\/\\\/expressometro.mx\\\/#website\",\"url\":\"https:\\\/\\\/expressometro.mx\\\/\",\"name\":\"Expresso Metropolitano\",\"description\":\"Periodismo comprometido, informaci\u00f3n, investigaci\u00f3n y an\u00e1lisis\",\"publisher\":{\"@id\":\"https:\\\/\\\/expressometro.mx\\\/#organization\"},\"potentialAction\":[{\"@type\":\"SearchAction\",\"target\":{\"@type\":\"EntryPoint\",\"urlTemplate\":\"https:\\\/\\\/expressometro.mx\\\/?s={search_term_string}\"},\"query-input\":{\"@type\":\"PropertyValueSpecification\",\"valueRequired\":true,\"valueName\":\"search_term_string\"}}],\"inLanguage\":\"es\"},{\"@type\":\"Organization\",\"@id\":\"https:\\\/\\\/expressometro.mx\\\/#organization\",\"name\":\"Expresso Metropolitano\",\"url\":\"https:\\\/\\\/expressometro.mx\\\/\",\"logo\":{\"@type\":\"ImageObject\",\"inLanguage\":\"es\",\"@id\":\"https:\\\/\\\/expressometro.mx\\\/#\\\/schema\\\/logo\\\/image\\\/\",\"url\":\"https:\\\/\\\/expressometro.mx\\\/wp-content\\\/uploads\\\/2019\\\/07\\\/cropped-Logo-Expresso-Metropolitano-1-1.jpeg\",\"contentUrl\":\"https:\\\/\\\/expressometro.mx\\\/wp-content\\\/uploads\\\/2019\\\/07\\\/cropped-Logo-Expresso-Metropolitano-1-1.jpeg\",\"width\":290,\"height\":73,\"caption\":\"Expresso Metropolitano\"},\"image\":{\"@id\":\"https:\\\/\\\/expressometro.mx\\\/#\\\/schema\\\/logo\\\/image\\\/\"}},{\"@type\":\"Person\",\"@id\":\"https:\\\/\\\/expressometro.mx\\\/#\\\/schema\\\/person\\\/efa971b4a0664db8ed5c22b1b0dd2f5d\",\"name\":\"Expresso Metropolitano\",\"image\":{\"@type\":\"ImageObject\",\"inLanguage\":\"es\",\"@id\":\"https:\\\/\\\/secure.gravatar.com\\\/avatar\\\/a89f802b8de18c6952f223c88d3d106e9e3679839f4e25a02f4a6cc2ae6ba3b3?s=96&d=mm&r=g\",\"url\":\"https:\\\/\\\/secure.gravatar.com\\\/avatar\\\/a89f802b8de18c6952f223c88d3d106e9e3679839f4e25a02f4a6cc2ae6ba3b3?s=96&d=mm&r=g\",\"contentUrl\":\"https:\\\/\\\/secure.gravatar.com\\\/avatar\\\/a89f802b8de18c6952f223c88d3d106e9e3679839f4e25a02f4a6cc2ae6ba3b3?s=96&d=mm&r=g\",\"caption\":\"Expresso Metropolitano\"},\"url\":\"https:\\\/\\\/expressometro.mx\\\/index.php\\\/author\\\/diego\\\/\"}]}<\/script>\n<!-- \/ Yoast SEO plugin. -->","yoast_head_json":{"title":"CRISIS EN EL SECTOR SALUD DE VALLE DE CHALCO - Expresso Metropolitano","robots":{"index":"index","follow":"follow","max-snippet":"max-snippet:-1","max-image-preview":"max-image-preview:large","max-video-preview":"max-video-preview:-1"},"canonical":"https:\/\/expressometro.mx\/index.php\/2026\/04\/29\/crisis-en-el-sector-salud-de-valle-de-chalco\/","og_locale":"es_MX","og_type":"article","og_title":"CRISIS EN EL SECTOR SALUD DE VALLE DE CHALCO - Expresso Metropolitano","og_description":"En medio de crecientes se\u00f1alamientos ciudadanos, el sistema de salud local en Valle de Chalco enfrenta cuestionamientos por presuntas irregularidades en la atenci\u00f3n, condiciones laborales y operaci\u00f3n de cl\u00ednicas comunitarias.","og_url":"https:\/\/expressometro.mx\/index.php\/2026\/04\/29\/crisis-en-el-sector-salud-de-valle-de-chalco\/","og_site_name":"Expresso Metropolitano","article_published_time":"2026-04-29T23:20:55+00:00","article_modified_time":"2026-04-29T23:20:56+00:00","og_image":[{"width":640,"height":278,"url":"http:\/\/expressometro.mx\/wp-content\/uploads\/2026\/04\/WhatsApp-Image-2026-04-29-at-1.04.29-PM.jpeg","type":"image\/jpeg"}],"author":"Expresso Metropolitano","twitter_misc":{"Escrito por":"Expresso Metropolitano","Tiempo de lectura":"3 minutos"},"schema":{"@context":"https:\/\/schema.org","@graph":[{"@type":"Article","@id":"https:\/\/expressometro.mx\/index.php\/2026\/04\/29\/crisis-en-el-sector-salud-de-valle-de-chalco\/#article","isPartOf":{"@id":"https:\/\/expressometro.mx\/index.php\/2026\/04\/29\/crisis-en-el-sector-salud-de-valle-de-chalco\/"},"author":{"name":"Expresso Metropolitano","@id":"https:\/\/expressometro.mx\/#\/schema\/person\/efa971b4a0664db8ed5c22b1b0dd2f5d"},"headline":"CRISIS EN EL SECTOR SALUD DE VALLE DE CHALCO","datePublished":"2026-04-29T23:20:55+00:00","dateModified":"2026-04-29T23:20:56+00:00","mainEntityOfPage":{"@id":"https:\/\/expressometro.mx\/index.php\/2026\/04\/29\/crisis-en-el-sector-salud-de-valle-de-chalco\/"},"wordCount":441,"commentCount":0,"publisher":{"@id":"https:\/\/expressometro.mx\/#organization"},"image":{"@id":"https:\/\/expressometro.mx\/index.php\/2026\/04\/29\/crisis-en-el-sector-salud-de-valle-de-chalco\/#primaryimage"},"thumbnailUrl":"https:\/\/expressometro.mx\/wp-content\/uploads\/2026\/04\/WhatsApp-Image-2026-04-29-at-1.04.29-PM.jpeg","keywords":["Edomex","Valle de Chalco"],"articleSection":["Gobierno","Otros","Pol\u00edtica"],"inLanguage":"es","potentialAction":[{"@type":"CommentAction","name":"Comment","target":["https:\/\/expressometro.mx\/index.php\/2026\/04\/29\/crisis-en-el-sector-salud-de-valle-de-chalco\/#respond"]}]},{"@type":"WebPage","@id":"https:\/\/expressometro.mx\/index.php\/2026\/04\/29\/crisis-en-el-sector-salud-de-valle-de-chalco\/","url":"https:\/\/expressometro.mx\/index.php\/2026\/04\/29\/crisis-en-el-sector-salud-de-valle-de-chalco\/","name":"CRISIS EN EL SECTOR SALUD DE VALLE DE CHALCO - Expresso Metropolitano","isPartOf":{"@id":"https:\/\/expressometro.mx\/#website"},"primaryImageOfPage":{"@id":"https:\/\/expressometro.mx\/index.php\/2026\/04\/29\/crisis-en-el-sector-salud-de-valle-de-chalco\/#primaryimage"},"image":{"@id":"https:\/\/expressometro.mx\/index.php\/2026\/04\/29\/crisis-en-el-sector-salud-de-valle-de-chalco\/#primaryimage"},"thumbnailUrl":"https:\/\/expressometro.mx\/wp-content\/uploads\/2026\/04\/WhatsApp-Image-2026-04-29-at-1.04.29-PM.jpeg","datePublished":"2026-04-29T23:20:55+00:00","dateModified":"2026-04-29T23:20:56+00:00","breadcrumb":{"@id":"https:\/\/expressometro.mx\/index.php\/2026\/04\/29\/crisis-en-el-sector-salud-de-valle-de-chalco\/#breadcrumb"},"inLanguage":"es","potentialAction":[{"@type":"ReadAction","target":["https:\/\/expressometro.mx\/index.php\/2026\/04\/29\/crisis-en-el-sector-salud-de-valle-de-chalco\/"]}]},{"@type":"ImageObject","inLanguage":"es","@id":"https:\/\/expressometro.mx\/index.php\/2026\/04\/29\/crisis-en-el-sector-salud-de-valle-de-chalco\/#primaryimage","url":"https:\/\/expressometro.mx\/wp-content\/uploads\/2026\/04\/WhatsApp-Image-2026-04-29-at-1.04.29-PM.jpeg","contentUrl":"https:\/\/expressometro.mx\/wp-content\/uploads\/2026\/04\/WhatsApp-Image-2026-04-29-at-1.04.29-PM.jpeg","width":640,"height":278},{"@type":"BreadcrumbList","@id":"https:\/\/expressometro.mx\/index.php\/2026\/04\/29\/crisis-en-el-sector-salud-de-valle-de-chalco\/#breadcrumb","itemListElement":[{"@type":"ListItem","position":1,"name":"Inicio","item":"https:\/\/expressometro.mx\/"},{"@type":"ListItem","position":2,"name":"CRISIS EN EL SECTOR SALUD DE VALLE DE CHALCO"}]},{"@type":"WebSite","@id":"https:\/\/expressometro.mx\/#website","url":"https:\/\/expressometro.mx\/","name":"Expresso Metropolitano","description":"Periodismo comprometido, informaci\u00f3n, investigaci\u00f3n y an\u00e1lisis","publisher":{"@id":"https:\/\/expressometro.mx\/#organization"},"potentialAction":[{"@type":"SearchAction","target":{"@type":"EntryPoint","urlTemplate":"https:\/\/expressometro.mx\/?s={search_term_string}"},"query-input":{"@type":"PropertyValueSpecification","valueRequired":true,"valueName":"search_term_string"}}],"inLanguage":"es"},{"@type":"Organization","@id":"https:\/\/expressometro.mx\/#organization","name":"Expresso Metropolitano","url":"https:\/\/expressometro.mx\/","logo":{"@type":"ImageObject","inLanguage":"es","@id":"https:\/\/expressometro.mx\/#\/schema\/logo\/image\/","url":"https:\/\/expressometro.mx\/wp-content\/uploads\/2019\/07\/cropped-Logo-Expresso-Metropolitano-1-1.jpeg","contentUrl":"https:\/\/expressometro.mx\/wp-content\/uploads\/2019\/07\/cropped-Logo-Expresso-Metropolitano-1-1.jpeg","width":290,"height":73,"caption":"Expresso Metropolitano"},"image":{"@id":"https:\/\/expressometro.mx\/#\/schema\/logo\/image\/"}},{"@type":"Person","@id":"https:\/\/expressometro.mx\/#\/schema\/person\/efa971b4a0664db8ed5c22b1b0dd2f5d","name":"Expresso Metropolitano","image":{"@type":"ImageObject","inLanguage":"es","@id":"https:\/\/secure.gravatar.com\/avatar\/a89f802b8de18c6952f223c88d3d106e9e3679839f4e25a02f4a6cc2ae6ba3b3?s=96&d=mm&r=g","url":"https:\/\/secure.gravatar.com\/avatar\/a89f802b8de18c6952f223c88d3d106e9e3679839f4e25a02f4a6cc2ae6ba3b3?s=96&d=mm&r=g","contentUrl":"https:\/\/secure.gravatar.com\/avatar\/a89f802b8de18c6952f223c88d3d106e9e3679839f4e25a02f4a6cc2ae6ba3b3?s=96&d=mm&r=g","caption":"Expresso Metropolitano"},"url":"https:\/\/expressometro.mx\/index.php\/author\/diego\/"}]}},"amp_enabled":true,"_links":{"self":[{"href":"https:\/\/expressometro.mx\/index.php\/wp-json\/wp\/v2\/posts\/11890","targetHints":{"allow":["GET"]}}],"collection":[{"href":"https:\/\/expressometro.mx\/index.php\/wp-json\/wp\/v2\/posts"}],"about":[{"href":"https:\/\/expressometro.mx\/index.php\/wp-json\/wp\/v2\/types\/post"}],"author":[{"embeddable":true,"href":"https:\/\/expressometro.mx\/index.php\/wp-json\/wp\/v2\/users\/1"}],"replies":[{"embeddable":true,"href":"https:\/\/expressometro.mx\/index.php\/wp-json\/wp\/v2\/comments?post=11890"}],"version-history":[{"count":1,"href":"https:\/\/expressometro.mx\/index.php\/wp-json\/wp\/v2\/posts\/11890\/revisions"}],"predecessor-version":[{"id":11893,"href":"https:\/\/expressometro.mx\/index.php\/wp-json\/wp\/v2\/posts\/11890\/revisions\/11893"}],"wp:featuredmedia":[{"embeddable":true,"href":"https:\/\/expressometro.mx\/index.php\/wp-json\/wp\/v2\/media\/11892"}],"wp:attachment":[{"href":"https:\/\/expressometro.mx\/index.php\/wp-json\/wp\/v2\/media?parent=11890"}],"wp:term":[{"taxonomy":"category","embeddable":true,"href":"https:\/\/expressometro.mx\/index.php\/wp-json\/wp\/v2\/categories?post=11890"},{"taxonomy":"post_tag","embeddable":true,"href":"https:\/\/expressometro.mx\/index.php\/wp-json\/wp\/v2\/tags?post=11890"}],"curies":[{"name":"wp","href":"https:\/\/api.w.org\/{rel}","templated":true}]}}