{"id":11886,"date":"2026-04-27T09:22:27","date_gmt":"2026-04-27T15:22:27","guid":{"rendered":"https:\/\/expressometro.mx\/?p=11886"},"modified":"2026-04-27T09:22:27","modified_gmt":"2026-04-27T15:22:27","slug":"macarena-montoya-aparece-en-el-radar-politico-de-huixquilucan","status":"publish","type":"post","link":"https:\/\/expressometro.mx\/index.php\/2026\/04\/27\/macarena-montoya-aparece-en-el-radar-politico-de-huixquilucan\/","title":{"rendered":"MACARENA MONTOYA APARECE EN EL RADAR POL\u00cdTICO DE HUIXQUILUCAN"},"content":{"rendered":"\n<p>Huixquilucan, Estado de M\u00e9xico.\u2014 A\u00fan sin el inicio formal del proceso electoral, el nombre de Macarena Montoya Olvera empez\u00f3 a figurar en la conversaci\u00f3n pol\u00edtica local como posible perfil para la presidencia municipal de Huixquilucan.<\/p>\n\n\n\n<p>La ex-funcionaria estatal cuenta con experiencia en el sector p\u00fablico, particularmente en el \u00e1mbito sanitario. Se desempe\u00f1\u00f3 como secretaria de Salud del Estado de M\u00e9xico hasta hace un mes, adem\u00e1s de haber participado en la coordinaci\u00f3n y operaci\u00f3n de programas institucionales relacionados con atenci\u00f3n m\u00e9dica y gesti\u00f3n de servicios.<\/p>\n\n\n\n<p>De acuerdo con referencias en espacios pol\u00edticos y sociales, su perfil ha sido considerado dentro del conjunto de opciones que podr\u00edan participar en el pr\u00f3ximo escenario electoral municipal, aunque hasta el momento no existe confirmaci\u00f3n oficial sobre una eventual candidatura ni pronunciamiento p\u00fablico de su parte.<\/p>\n\n\n\n<p>La menci\u00f3n de su nombre ocurre en un contexto donde Huixquilucan enfrenta retos en materia de servicios, desarrollo urbano y atenci\u00f3n social, temas que se perfilan como centrales en la agenda local.<\/p>\n\n\n\n<p><\/p>\n","protected":false},"excerpt":{"rendered":"<p>A\u00fan sin el inicio formal del proceso electoral, el nombre de Macarena Montoya Olvera empez\u00f3 a figurar en la conversaci\u00f3n pol\u00edtica local como posible perfil para la presidencia municipal de Huixquilucan.<\/p>\n","protected":false},"author":1,"featured_media":11887,"comment_status":"open","ping_status":"open","sticky":false,"template":"","format":"standard","meta":{"footnotes":""},"categories":[3,1,231],"tags":[1982,2427,2428],"class_list":["post-11886","post","type-post","status-publish","format-standard","has-post-thumbnail","hentry","category-gobierno","category-otros","category-politica","tag-edomex","tag-huixquilucan","tag-macarena-montoya"],"yoast_head":"<!-- This site is optimized with the Yoast SEO plugin v27.4 - https:\/\/yoast.com\/product\/yoast-seo-wordpress\/ -->\n<title>MACARENA MONTOYA APARECE EN EL RADAR POL\u00cdTICO DE HUIXQUILUCAN - Expresso Metropolitano<\/title>\n<meta name=\"robots\" content=\"index, follow, max-snippet:-1, max-image-preview:large, max-video-preview:-1\" \/>\n<link rel=\"canonical\" href=\"https:\/\/expressometro.mx\/index.php\/2026\/04\/27\/macarena-montoya-aparece-en-el-radar-politico-de-huixquilucan\/\" \/>\n<meta property=\"og:locale\" content=\"es_MX\" \/>\n<meta property=\"og:type\" content=\"article\" \/>\n<meta property=\"og:title\" content=\"MACARENA MONTOYA APARECE EN EL RADAR POL\u00cdTICO DE HUIXQUILUCAN - Expresso Metropolitano\" \/>\n<meta property=\"og:description\" content=\"A\u00fan sin el inicio formal del proceso electoral, el nombre de Macarena Montoya Olvera empez\u00f3 a figurar en la conversaci\u00f3n pol\u00edtica local como posible perfil para la presidencia municipal de Huixquilucan.\" \/>\n<meta property=\"og:url\" content=\"https:\/\/expressometro.mx\/index.php\/2026\/04\/27\/macarena-montoya-aparece-en-el-radar-politico-de-huixquilucan\/\" \/>\n<meta property=\"og:site_name\" content=\"Expresso Metropolitano\" \/>\n<meta property=\"article:published_time\" content=\"2026-04-27T15:22:27+00:00\" \/>\n<meta property=\"og:image\" content=\"http:\/\/expressometro.mx\/wp-content\/uploads\/2026\/04\/WhatsApp-Image-2026-04-27-at-9.01.09-AM.jpeg\" \/>\n\t<meta property=\"og:image:width\" content=\"901\" \/>\n\t<meta property=\"og:image:height\" content=\"1280\" \/>\n\t<meta property=\"og:image:type\" content=\"image\/jpeg\" \/>\n<meta name=\"author\" content=\"Expresso Metropolitano\" \/>\n<meta name=\"twitter:label1\" content=\"Escrito por\" \/>\n\t<meta name=\"twitter:data1\" content=\"Expresso Metropolitano\" \/>\n\t<meta name=\"twitter:label2\" content=\"Tiempo de lectura\" \/>\n\t<meta name=\"twitter:data2\" content=\"1 minuto\" \/>\n<script type=\"application\/ld+json\" class=\"yoast-schema-graph\">{\"@context\":\"https:\\\/\\\/schema.org\",\"@graph\":[{\"@type\":\"Article\",\"@id\":\"https:\\\/\\\/expressometro.mx\\\/index.php\\\/2026\\\/04\\\/27\\\/macarena-montoya-aparece-en-el-radar-politico-de-huixquilucan\\\/#article\",\"isPartOf\":{\"@id\":\"https:\\\/\\\/expressometro.mx\\\/index.php\\\/2026\\\/04\\\/27\\\/macarena-montoya-aparece-en-el-radar-politico-de-huixquilucan\\\/\"},\"author\":{\"name\":\"Expresso Metropolitano\",\"@id\":\"https:\\\/\\\/expressometro.mx\\\/#\\\/schema\\\/person\\\/efa971b4a0664db8ed5c22b1b0dd2f5d\"},\"headline\":\"MACARENA MONTOYA APARECE EN EL RADAR POL\u00cdTICO DE HUIXQUILUCAN\",\"datePublished\":\"2026-04-27T15:22:27+00:00\",\"mainEntityOfPage\":{\"@id\":\"https:\\\/\\\/expressometro.mx\\\/index.php\\\/2026\\\/04\\\/27\\\/macarena-montoya-aparece-en-el-radar-politico-de-huixquilucan\\\/\"},\"wordCount\":191,\"commentCount\":0,\"publisher\":{\"@id\":\"https:\\\/\\\/expressometro.mx\\\/#organization\"},\"image\":{\"@id\":\"https:\\\/\\\/expressometro.mx\\\/index.php\\\/2026\\\/04\\\/27\\\/macarena-montoya-aparece-en-el-radar-politico-de-huixquilucan\\\/#primaryimage\"},\"thumbnailUrl\":\"https:\\\/\\\/expressometro.mx\\\/wp-content\\\/uploads\\\/2026\\\/04\\\/WhatsApp-Image-2026-04-27-at-9.01.09-AM.jpeg\",\"keywords\":[\"Edomex\",\"Huixquilucan\",\"Macarena Montoya\"],\"articleSection\":[\"Gobierno\",\"Otros\",\"Pol\u00edtica\"],\"inLanguage\":\"es\",\"potentialAction\":[{\"@type\":\"CommentAction\",\"name\":\"Comment\",\"target\":[\"https:\\\/\\\/expressometro.mx\\\/index.php\\\/2026\\\/04\\\/27\\\/macarena-montoya-aparece-en-el-radar-politico-de-huixquilucan\\\/#respond\"]}]},{\"@type\":\"WebPage\",\"@id\":\"https:\\\/\\\/expressometro.mx\\\/index.php\\\/2026\\\/04\\\/27\\\/macarena-montoya-aparece-en-el-radar-politico-de-huixquilucan\\\/\",\"url\":\"https:\\\/\\\/expressometro.mx\\\/index.php\\\/2026\\\/04\\\/27\\\/macarena-montoya-aparece-en-el-radar-politico-de-huixquilucan\\\/\",\"name\":\"MACARENA MONTOYA APARECE EN EL RADAR POL\u00cdTICO DE HUIXQUILUCAN - Expresso Metropolitano\",\"isPartOf\":{\"@id\":\"https:\\\/\\\/expressometro.mx\\\/#website\"},\"primaryImageOfPage\":{\"@id\":\"https:\\\/\\\/expressometro.mx\\\/index.php\\\/2026\\\/04\\\/27\\\/macarena-montoya-aparece-en-el-radar-politico-de-huixquilucan\\\/#primaryimage\"},\"image\":{\"@id\":\"https:\\\/\\\/expressometro.mx\\\/index.php\\\/2026\\\/04\\\/27\\\/macarena-montoya-aparece-en-el-radar-politico-de-huixquilucan\\\/#primaryimage\"},\"thumbnailUrl\":\"https:\\\/\\\/expressometro.mx\\\/wp-content\\\/uploads\\\/2026\\\/04\\\/WhatsApp-Image-2026-04-27-at-9.01.09-AM.jpeg\",\"datePublished\":\"2026-04-27T15:22:27+00:00\",\"breadcrumb\":{\"@id\":\"https:\\\/\\\/expressometro.mx\\\/index.php\\\/2026\\\/04\\\/27\\\/macarena-montoya-aparece-en-el-radar-politico-de-huixquilucan\\\/#breadcrumb\"},\"inLanguage\":\"es\",\"potentialAction\":[{\"@type\":\"ReadAction\",\"target\":[\"https:\\\/\\\/expressometro.mx\\\/index.php\\\/2026\\\/04\\\/27\\\/macarena-montoya-aparece-en-el-radar-politico-de-huixquilucan\\\/\"]}]},{\"@type\":\"ImageObject\",\"inLanguage\":\"es\",\"@id\":\"https:\\\/\\\/expressometro.mx\\\/index.php\\\/2026\\\/04\\\/27\\\/macarena-montoya-aparece-en-el-radar-politico-de-huixquilucan\\\/#primaryimage\",\"url\":\"https:\\\/\\\/expressometro.mx\\\/wp-content\\\/uploads\\\/2026\\\/04\\\/WhatsApp-Image-2026-04-27-at-9.01.09-AM.jpeg\",\"contentUrl\":\"https:\\\/\\\/expressometro.mx\\\/wp-content\\\/uploads\\\/2026\\\/04\\\/WhatsApp-Image-2026-04-27-at-9.01.09-AM.jpeg\",\"width\":901,\"height\":1280},{\"@type\":\"BreadcrumbList\",\"@id\":\"https:\\\/\\\/expressometro.mx\\\/index.php\\\/2026\\\/04\\\/27\\\/macarena-montoya-aparece-en-el-radar-politico-de-huixquilucan\\\/#breadcrumb\",\"itemListElement\":[{\"@type\":\"ListItem\",\"position\":1,\"name\":\"Inicio\",\"item\":\"https:\\\/\\\/expressometro.mx\\\/\"},{\"@type\":\"ListItem\",\"position\":2,\"name\":\"MACARENA MONTOYA APARECE EN EL RADAR POL\u00cdTICO DE HUIXQUILUCAN\"}]},{\"@type\":\"WebSite\",\"@id\":\"https:\\\/\\\/expressometro.mx\\\/#website\",\"url\":\"https:\\\/\\\/expressometro.mx\\\/\",\"name\":\"Expresso Metropolitano\",\"description\":\"Periodismo comprometido, informaci\u00f3n, investigaci\u00f3n y an\u00e1lisis\",\"publisher\":{\"@id\":\"https:\\\/\\\/expressometro.mx\\\/#organization\"},\"potentialAction\":[{\"@type\":\"SearchAction\",\"target\":{\"@type\":\"EntryPoint\",\"urlTemplate\":\"https:\\\/\\\/expressometro.mx\\\/?s={search_term_string}\"},\"query-input\":{\"@type\":\"PropertyValueSpecification\",\"valueRequired\":true,\"valueName\":\"search_term_string\"}}],\"inLanguage\":\"es\"},{\"@type\":\"Organization\",\"@id\":\"https:\\\/\\\/expressometro.mx\\\/#organization\",\"name\":\"Expresso Metropolitano\",\"url\":\"https:\\\/\\\/expressometro.mx\\\/\",\"logo\":{\"@type\":\"ImageObject\",\"inLanguage\":\"es\",\"@id\":\"https:\\\/\\\/expressometro.mx\\\/#\\\/schema\\\/logo\\\/image\\\/\",\"url\":\"https:\\\/\\\/expressometro.mx\\\/wp-content\\\/uploads\\\/2019\\\/07\\\/cropped-Logo-Expresso-Metropolitano-1-1.jpeg\",\"contentUrl\":\"https:\\\/\\\/expressometro.mx\\\/wp-content\\\/uploads\\\/2019\\\/07\\\/cropped-Logo-Expresso-Metropolitano-1-1.jpeg\",\"width\":290,\"height\":73,\"caption\":\"Expresso Metropolitano\"},\"image\":{\"@id\":\"https:\\\/\\\/expressometro.mx\\\/#\\\/schema\\\/logo\\\/image\\\/\"}},{\"@type\":\"Person\",\"@id\":\"https:\\\/\\\/expressometro.mx\\\/#\\\/schema\\\/person\\\/efa971b4a0664db8ed5c22b1b0dd2f5d\",\"name\":\"Expresso Metropolitano\",\"image\":{\"@type\":\"ImageObject\",\"inLanguage\":\"es\",\"@id\":\"https:\\\/\\\/secure.gravatar.com\\\/avatar\\\/a89f802b8de18c6952f223c88d3d106e9e3679839f4e25a02f4a6cc2ae6ba3b3?s=96&d=mm&r=g\",\"url\":\"https:\\\/\\\/secure.gravatar.com\\\/avatar\\\/a89f802b8de18c6952f223c88d3d106e9e3679839f4e25a02f4a6cc2ae6ba3b3?s=96&d=mm&r=g\",\"contentUrl\":\"https:\\\/\\\/secure.gravatar.com\\\/avatar\\\/a89f802b8de18c6952f223c88d3d106e9e3679839f4e25a02f4a6cc2ae6ba3b3?s=96&d=mm&r=g\",\"caption\":\"Expresso Metropolitano\"},\"url\":\"https:\\\/\\\/expressometro.mx\\\/index.php\\\/author\\\/diego\\\/\"}]}<\/script>\n<!-- \/ Yoast SEO plugin. -->","yoast_head_json":{"title":"MACARENA MONTOYA APARECE EN EL RADAR POL\u00cdTICO DE HUIXQUILUCAN - Expresso Metropolitano","robots":{"index":"index","follow":"follow","max-snippet":"max-snippet:-1","max-image-preview":"max-image-preview:large","max-video-preview":"max-video-preview:-1"},"canonical":"https:\/\/expressometro.mx\/index.php\/2026\/04\/27\/macarena-montoya-aparece-en-el-radar-politico-de-huixquilucan\/","og_locale":"es_MX","og_type":"article","og_title":"MACARENA MONTOYA APARECE EN EL RADAR POL\u00cdTICO DE HUIXQUILUCAN - Expresso Metropolitano","og_description":"A\u00fan sin el inicio formal del proceso electoral, el nombre de Macarena Montoya Olvera empez\u00f3 a figurar en la conversaci\u00f3n pol\u00edtica local como posible perfil para la presidencia municipal de Huixquilucan.","og_url":"https:\/\/expressometro.mx\/index.php\/2026\/04\/27\/macarena-montoya-aparece-en-el-radar-politico-de-huixquilucan\/","og_site_name":"Expresso Metropolitano","article_published_time":"2026-04-27T15:22:27+00:00","og_image":[{"width":901,"height":1280,"url":"http:\/\/expressometro.mx\/wp-content\/uploads\/2026\/04\/WhatsApp-Image-2026-04-27-at-9.01.09-AM.jpeg","type":"image\/jpeg"}],"author":"Expresso Metropolitano","twitter_misc":{"Escrito por":"Expresso Metropolitano","Tiempo de lectura":"1 minuto"},"schema":{"@context":"https:\/\/schema.org","@graph":[{"@type":"Article","@id":"https:\/\/expressometro.mx\/index.php\/2026\/04\/27\/macarena-montoya-aparece-en-el-radar-politico-de-huixquilucan\/#article","isPartOf":{"@id":"https:\/\/expressometro.mx\/index.php\/2026\/04\/27\/macarena-montoya-aparece-en-el-radar-politico-de-huixquilucan\/"},"author":{"name":"Expresso Metropolitano","@id":"https:\/\/expressometro.mx\/#\/schema\/person\/efa971b4a0664db8ed5c22b1b0dd2f5d"},"headline":"MACARENA MONTOYA APARECE EN EL RADAR POL\u00cdTICO DE HUIXQUILUCAN","datePublished":"2026-04-27T15:22:27+00:00","mainEntityOfPage":{"@id":"https:\/\/expressometro.mx\/index.php\/2026\/04\/27\/macarena-montoya-aparece-en-el-radar-politico-de-huixquilucan\/"},"wordCount":191,"commentCount":0,"publisher":{"@id":"https:\/\/expressometro.mx\/#organization"},"image":{"@id":"https:\/\/expressometro.mx\/index.php\/2026\/04\/27\/macarena-montoya-aparece-en-el-radar-politico-de-huixquilucan\/#primaryimage"},"thumbnailUrl":"https:\/\/expressometro.mx\/wp-content\/uploads\/2026\/04\/WhatsApp-Image-2026-04-27-at-9.01.09-AM.jpeg","keywords":["Edomex","Huixquilucan","Macarena Montoya"],"articleSection":["Gobierno","Otros","Pol\u00edtica"],"inLanguage":"es","potentialAction":[{"@type":"CommentAction","name":"Comment","target":["https:\/\/expressometro.mx\/index.php\/2026\/04\/27\/macarena-montoya-aparece-en-el-radar-politico-de-huixquilucan\/#respond"]}]},{"@type":"WebPage","@id":"https:\/\/expressometro.mx\/index.php\/2026\/04\/27\/macarena-montoya-aparece-en-el-radar-politico-de-huixquilucan\/","url":"https:\/\/expressometro.mx\/index.php\/2026\/04\/27\/macarena-montoya-aparece-en-el-radar-politico-de-huixquilucan\/","name":"MACARENA MONTOYA APARECE EN EL RADAR POL\u00cdTICO DE HUIXQUILUCAN - Expresso Metropolitano","isPartOf":{"@id":"https:\/\/expressometro.mx\/#website"},"primaryImageOfPage":{"@id":"https:\/\/expressometro.mx\/index.php\/2026\/04\/27\/macarena-montoya-aparece-en-el-radar-politico-de-huixquilucan\/#primaryimage"},"image":{"@id":"https:\/\/expressometro.mx\/index.php\/2026\/04\/27\/macarena-montoya-aparece-en-el-radar-politico-de-huixquilucan\/#primaryimage"},"thumbnailUrl":"https:\/\/expressometro.mx\/wp-content\/uploads\/2026\/04\/WhatsApp-Image-2026-04-27-at-9.01.09-AM.jpeg","datePublished":"2026-04-27T15:22:27+00:00","breadcrumb":{"@id":"https:\/\/expressometro.mx\/index.php\/2026\/04\/27\/macarena-montoya-aparece-en-el-radar-politico-de-huixquilucan\/#breadcrumb"},"inLanguage":"es","potentialAction":[{"@type":"ReadAction","target":["https:\/\/expressometro.mx\/index.php\/2026\/04\/27\/macarena-montoya-aparece-en-el-radar-politico-de-huixquilucan\/"]}]},{"@type":"ImageObject","inLanguage":"es","@id":"https:\/\/expressometro.mx\/index.php\/2026\/04\/27\/macarena-montoya-aparece-en-el-radar-politico-de-huixquilucan\/#primaryimage","url":"https:\/\/expressometro.mx\/wp-content\/uploads\/2026\/04\/WhatsApp-Image-2026-04-27-at-9.01.09-AM.jpeg","contentUrl":"https:\/\/expressometro.mx\/wp-content\/uploads\/2026\/04\/WhatsApp-Image-2026-04-27-at-9.01.09-AM.jpeg","width":901,"height":1280},{"@type":"BreadcrumbList","@id":"https:\/\/expressometro.mx\/index.php\/2026\/04\/27\/macarena-montoya-aparece-en-el-radar-politico-de-huixquilucan\/#breadcrumb","itemListElement":[{"@type":"ListItem","position":1,"name":"Inicio","item":"https:\/\/expressometro.mx\/"},{"@type":"ListItem","position":2,"name":"MACARENA MONTOYA APARECE EN EL RADAR POL\u00cdTICO DE HUIXQUILUCAN"}]},{"@type":"WebSite","@id":"https:\/\/expressometro.mx\/#website","url":"https:\/\/expressometro.mx\/","name":"Expresso Metropolitano","description":"Periodismo comprometido, informaci\u00f3n, investigaci\u00f3n y an\u00e1lisis","publisher":{"@id":"https:\/\/expressometro.mx\/#organization"},"potentialAction":[{"@type":"SearchAction","target":{"@type":"EntryPoint","urlTemplate":"https:\/\/expressometro.mx\/?s={search_term_string}"},"query-input":{"@type":"PropertyValueSpecification","valueRequired":true,"valueName":"search_term_string"}}],"inLanguage":"es"},{"@type":"Organization","@id":"https:\/\/expressometro.mx\/#organization","name":"Expresso Metropolitano","url":"https:\/\/expressometro.mx\/","logo":{"@type":"ImageObject","inLanguage":"es","@id":"https:\/\/expressometro.mx\/#\/schema\/logo\/image\/","url":"https:\/\/expressometro.mx\/wp-content\/uploads\/2019\/07\/cropped-Logo-Expresso-Metropolitano-1-1.jpeg","contentUrl":"https:\/\/expressometro.mx\/wp-content\/uploads\/2019\/07\/cropped-Logo-Expresso-Metropolitano-1-1.jpeg","width":290,"height":73,"caption":"Expresso Metropolitano"},"image":{"@id":"https:\/\/expressometro.mx\/#\/schema\/logo\/image\/"}},{"@type":"Person","@id":"https:\/\/expressometro.mx\/#\/schema\/person\/efa971b4a0664db8ed5c22b1b0dd2f5d","name":"Expresso Metropolitano","image":{"@type":"ImageObject","inLanguage":"es","@id":"https:\/\/secure.gravatar.com\/avatar\/a89f802b8de18c6952f223c88d3d106e9e3679839f4e25a02f4a6cc2ae6ba3b3?s=96&d=mm&r=g","url":"https:\/\/secure.gravatar.com\/avatar\/a89f802b8de18c6952f223c88d3d106e9e3679839f4e25a02f4a6cc2ae6ba3b3?s=96&d=mm&r=g","contentUrl":"https:\/\/secure.gravatar.com\/avatar\/a89f802b8de18c6952f223c88d3d106e9e3679839f4e25a02f4a6cc2ae6ba3b3?s=96&d=mm&r=g","caption":"Expresso Metropolitano"},"url":"https:\/\/expressometro.mx\/index.php\/author\/diego\/"}]}},"amp_enabled":true,"_links":{"self":[{"href":"https:\/\/expressometro.mx\/index.php\/wp-json\/wp\/v2\/posts\/11886","targetHints":{"allow":["GET"]}}],"collection":[{"href":"https:\/\/expressometro.mx\/index.php\/wp-json\/wp\/v2\/posts"}],"about":[{"href":"https:\/\/expressometro.mx\/index.php\/wp-json\/wp\/v2\/types\/post"}],"author":[{"embeddable":true,"href":"https:\/\/expressometro.mx\/index.php\/wp-json\/wp\/v2\/users\/1"}],"replies":[{"embeddable":true,"href":"https:\/\/expressometro.mx\/index.php\/wp-json\/wp\/v2\/comments?post=11886"}],"version-history":[{"count":1,"href":"https:\/\/expressometro.mx\/index.php\/wp-json\/wp\/v2\/posts\/11886\/revisions"}],"predecessor-version":[{"id":11889,"href":"https:\/\/expressometro.mx\/index.php\/wp-json\/wp\/v2\/posts\/11886\/revisions\/11889"}],"wp:featuredmedia":[{"embeddable":true,"href":"https:\/\/expressometro.mx\/index.php\/wp-json\/wp\/v2\/media\/11887"}],"wp:attachment":[{"href":"https:\/\/expressometro.mx\/index.php\/wp-json\/wp\/v2\/media?parent=11886"}],"wp:term":[{"taxonomy":"category","embeddable":true,"href":"https:\/\/expressometro.mx\/index.php\/wp-json\/wp\/v2\/categories?post=11886"},{"taxonomy":"post_tag","embeddable":true,"href":"https:\/\/expressometro.mx\/index.php\/wp-json\/wp\/v2\/tags?post=11886"}],"curies":[{"name":"wp","href":"https:\/\/api.w.org\/{rel}","templated":true}]}}