{"id":1181,"date":"2020-01-30T15:21:30","date_gmt":"2020-01-30T21:21:30","guid":{"rendered":"http:\/\/expressometro.mx\/?p=1181"},"modified":"2020-01-30T15:21:31","modified_gmt":"2020-01-30T21:21:31","slug":"oms-declara-emergencia-internacional-por-coronavirus","status":"publish","type":"post","link":"https:\/\/expressometro.mx\/index.php\/2020\/01\/30\/oms-declara-emergencia-internacional-por-coronavirus\/","title":{"rendered":"OMS declara emergencia internacional por coronavirus"},"content":{"rendered":"\n<p>La Organizaci\u00f3n Mundial de la Salud (OMS) declar\u00f3 este jueves la emergencia internacional ante el r\u00e1pido aumento de los pacientes afectados por el coronavirus de Wuhan, ya m\u00e1s de 8.000 en cerca de una veintena de pa\u00edses, aunque el 99 % de los casos, es decir 7,736 casos se han diagnosticado dentro de China.<\/p>\n\n\n\n<p>Un comit\u00e9 de emergencia de 15 expertos, convocado por el director general de la OMS, Tedros Adhanom Ghebreyesus, declar\u00f3 esta alerta, tras haberla descartado hace una semana, ante la aparici\u00f3n de varios contagios entre humanos en pa\u00edses como Alemania, Jap\u00f3n, Estados Unidos o Vietnam, en pacientes que no hab\u00edan viajado recientemente a China.<\/p>\n\n\n\n<p>\u201cDeclaramos esta alerta no por lo que est\u00e1 ocurriendo dentro de China sino por la situaci\u00f3n en otros pa\u00edses, y porque (el coronavirus) podr\u00eda extenderse a lugares con sistemas sanitarios m\u00e1s d\u00e9biles\u201d, declar\u00f3 Tedros en rueda de prensa, al anunciar la declaraci\u00f3n de emergencia internacional.<\/p>\n\n\n\n<p>La alerta mundial \u201cno significa que desconfiemos de China: al contrario, creemos en la plena capacidad de ese pa\u00eds para combatir esta emergencia\u201d, asegur\u00f3 el director general, quien esta semana viaj\u00f3 a Beijing y se reuni\u00f3 con el presidente chino, Xi Jinping, para analizar el avance de la epidemia.<br>\nLa emergencia no supone l\u00edmites al transporte o comercio con China<\/p>\n\n\n\n<p>Tedros se\u00f1al\u00f3 que la emergencia internacional no supone necesariamente l\u00edmites al transporte o el comercio con China.<\/p>\n\n\n\n<p>La declaraci\u00f3n, subray\u00f3 el director general de la OMS, busca un mayor apoyo a los pa\u00edses menos desarrollados y con sistemas de salud insuficientes para detener posibles casos, y tambi\u00e9n una llamada a que la comunidad internacional acelere la investigaci\u00f3n en tratamientos y vacunas.<\/p>\n\n\n\n<p>Tambi\u00e9n se busca con la alerta \u201ccombatir los rumores y la desinformaci\u00f3n\u201d, indic\u00f3 Tedros, quien asegur\u00f3 que \u201ces el momento de la solidaridad, no del estigma\u201d hacia China.<\/p>\n\n\n\n<p>Es la sexta ocasi\u00f3n en que la OMS declara este tipo de emergencia global, tras las que activ\u00f3 ante el brote de gripe H1N1 (2009), los de \u00e9bola en \u00c1frica Occidental (2014) y en la Rep\u00fablica Democr\u00e1tica del Congo (2019), el de polio en 2014 y el de virus zika en 2016.<\/p>\n\n\n\n<p><\/p>\n","protected":false},"excerpt":{"rendered":"<p>La Organizaci\u00f3n Mundial de la Salud (OMS) declar\u00f3 este jueves la emergencia internacional ante el r\u00e1pido aumento de los pacientes afectados por el coronavirus de Wuhan, ya m\u00e1s de 8.000 en cerca de una veintena de pa\u00edses, aunque el 99 % de los casos, es decir 7,736 casos se han diagnosticado dentro de China. Un comit\u00e9 de emergencia de 15 expertos, convocado por el director general de la OMS, Tedros Adhanom Ghebreyesus, declar\u00f3 esta alerta, tras haberla descartado hace una semana, ante la aparici\u00f3n de varios contagios entre humanos en&hellip;<\/p>\n","protected":false},"author":1,"featured_media":1182,"comment_status":"open","ping_status":"open","sticky":false,"template":"","format":"standard","meta":{"footnotes":""},"categories":[5],"tags":[],"class_list":["post-1181","post","type-post","status-publish","format-standard","has-post-thumbnail","hentry","category-salud"],"yoast_head":"<!-- This site is optimized with the Yoast SEO plugin v27.5 - https:\/\/yoast.com\/product\/yoast-seo-wordpress\/ -->\n<title>OMS declara emergencia internacional por coronavirus - Expresso Metropolitano<\/title>\n<meta name=\"robots\" content=\"index, follow, max-snippet:-1, max-image-preview:large, max-video-preview:-1\" \/>\n<link rel=\"canonical\" href=\"https:\/\/expressometro.mx\/index.php\/2020\/01\/30\/oms-declara-emergencia-internacional-por-coronavirus\/\" \/>\n<meta property=\"og:locale\" content=\"es_MX\" \/>\n<meta property=\"og:type\" content=\"article\" \/>\n<meta property=\"og:title\" content=\"OMS declara emergencia internacional por coronavirus - Expresso Metropolitano\" \/>\n<meta property=\"og:description\" content=\"La Organizaci\u00f3n Mundial de la Salud (OMS) declar\u00f3 este jueves la emergencia internacional ante el r\u00e1pido aumento de los pacientes afectados por el coronavirus de Wuhan, ya m\u00e1s de 8.000 en cerca de una veintena de pa\u00edses, aunque el 99 % de los casos, es decir 7,736 casos se han diagnosticado dentro de China. Un comit\u00e9 de emergencia de 15 expertos, convocado por el director general de la OMS, Tedros Adhanom Ghebreyesus, declar\u00f3 esta alerta, tras haberla descartado hace una semana, ante la aparici\u00f3n de varios contagios entre humanos en&hellip;\" \/>\n<meta property=\"og:url\" content=\"https:\/\/expressometro.mx\/index.php\/2020\/01\/30\/oms-declara-emergencia-internacional-por-coronavirus\/\" \/>\n<meta property=\"og:site_name\" content=\"Expresso Metropolitano\" \/>\n<meta property=\"article:published_time\" content=\"2020-01-30T21:21:30+00:00\" \/>\n<meta property=\"article:modified_time\" content=\"2020-01-30T21:21:31+00:00\" \/>\n<meta property=\"og:image\" content=\"https:\/\/expressometro.mx\/wp-content\/uploads\/2020\/01\/74F8911E-0733-4450-AF6B-FFC1171C8D92.jpeg\" \/>\n\t<meta property=\"og:image:width\" content=\"702\" \/>\n\t<meta property=\"og:image:height\" content=\"437\" \/>\n\t<meta property=\"og:image:type\" content=\"image\/jpeg\" \/>\n<meta name=\"author\" content=\"Expresso Metropolitano\" \/>\n<meta name=\"twitter:label1\" content=\"Escrito por\" \/>\n\t<meta name=\"twitter:data1\" content=\"Expresso Metropolitano\" \/>\n\t<meta name=\"twitter:label2\" content=\"Tiempo de lectura\" \/>\n\t<meta name=\"twitter:data2\" content=\"2 minutos\" \/>\n<script type=\"application\/ld+json\" class=\"yoast-schema-graph\">{\"@context\":\"https:\\\/\\\/schema.org\",\"@graph\":[{\"@type\":\"Article\",\"@id\":\"https:\\\/\\\/expressometro.mx\\\/index.php\\\/2020\\\/01\\\/30\\\/oms-declara-emergencia-internacional-por-coronavirus\\\/#article\",\"isPartOf\":{\"@id\":\"https:\\\/\\\/expressometro.mx\\\/index.php\\\/2020\\\/01\\\/30\\\/oms-declara-emergencia-internacional-por-coronavirus\\\/\"},\"author\":{\"name\":\"Expresso Metropolitano\",\"@id\":\"https:\\\/\\\/expressometro.mx\\\/#\\\/schema\\\/person\\\/efa971b4a0664db8ed5c22b1b0dd2f5d\"},\"headline\":\"OMS declara emergencia internacional por coronavirus\",\"datePublished\":\"2020-01-30T21:21:30+00:00\",\"dateModified\":\"2020-01-30T21:21:31+00:00\",\"mainEntityOfPage\":{\"@id\":\"https:\\\/\\\/expressometro.mx\\\/index.php\\\/2020\\\/01\\\/30\\\/oms-declara-emergencia-internacional-por-coronavirus\\\/\"},\"wordCount\":377,\"commentCount\":0,\"publisher\":{\"@id\":\"https:\\\/\\\/expressometro.mx\\\/#organization\"},\"image\":{\"@id\":\"https:\\\/\\\/expressometro.mx\\\/index.php\\\/2020\\\/01\\\/30\\\/oms-declara-emergencia-internacional-por-coronavirus\\\/#primaryimage\"},\"thumbnailUrl\":\"https:\\\/\\\/expressometro.mx\\\/wp-content\\\/uploads\\\/2020\\\/01\\\/74F8911E-0733-4450-AF6B-FFC1171C8D92.jpeg\",\"articleSection\":[\"Salud\"],\"inLanguage\":\"es\",\"potentialAction\":[{\"@type\":\"CommentAction\",\"name\":\"Comment\",\"target\":[\"https:\\\/\\\/expressometro.mx\\\/index.php\\\/2020\\\/01\\\/30\\\/oms-declara-emergencia-internacional-por-coronavirus\\\/#respond\"]}]},{\"@type\":\"WebPage\",\"@id\":\"https:\\\/\\\/expressometro.mx\\\/index.php\\\/2020\\\/01\\\/30\\\/oms-declara-emergencia-internacional-por-coronavirus\\\/\",\"url\":\"https:\\\/\\\/expressometro.mx\\\/index.php\\\/2020\\\/01\\\/30\\\/oms-declara-emergencia-internacional-por-coronavirus\\\/\",\"name\":\"OMS declara emergencia internacional por coronavirus - Expresso Metropolitano\",\"isPartOf\":{\"@id\":\"https:\\\/\\\/expressometro.mx\\\/#website\"},\"primaryImageOfPage\":{\"@id\":\"https:\\\/\\\/expressometro.mx\\\/index.php\\\/2020\\\/01\\\/30\\\/oms-declara-emergencia-internacional-por-coronavirus\\\/#primaryimage\"},\"image\":{\"@id\":\"https:\\\/\\\/expressometro.mx\\\/index.php\\\/2020\\\/01\\\/30\\\/oms-declara-emergencia-internacional-por-coronavirus\\\/#primaryimage\"},\"thumbnailUrl\":\"https:\\\/\\\/expressometro.mx\\\/wp-content\\\/uploads\\\/2020\\\/01\\\/74F8911E-0733-4450-AF6B-FFC1171C8D92.jpeg\",\"datePublished\":\"2020-01-30T21:21:30+00:00\",\"dateModified\":\"2020-01-30T21:21:31+00:00\",\"breadcrumb\":{\"@id\":\"https:\\\/\\\/expressometro.mx\\\/index.php\\\/2020\\\/01\\\/30\\\/oms-declara-emergencia-internacional-por-coronavirus\\\/#breadcrumb\"},\"inLanguage\":\"es\",\"potentialAction\":[{\"@type\":\"ReadAction\",\"target\":[\"https:\\\/\\\/expressometro.mx\\\/index.php\\\/2020\\\/01\\\/30\\\/oms-declara-emergencia-internacional-por-coronavirus\\\/\"]}]},{\"@type\":\"ImageObject\",\"inLanguage\":\"es\",\"@id\":\"https:\\\/\\\/expressometro.mx\\\/index.php\\\/2020\\\/01\\\/30\\\/oms-declara-emergencia-internacional-por-coronavirus\\\/#primaryimage\",\"url\":\"https:\\\/\\\/expressometro.mx\\\/wp-content\\\/uploads\\\/2020\\\/01\\\/74F8911E-0733-4450-AF6B-FFC1171C8D92.jpeg\",\"contentUrl\":\"https:\\\/\\\/expressometro.mx\\\/wp-content\\\/uploads\\\/2020\\\/01\\\/74F8911E-0733-4450-AF6B-FFC1171C8D92.jpeg\",\"width\":702,\"height\":437},{\"@type\":\"BreadcrumbList\",\"@id\":\"https:\\\/\\\/expressometro.mx\\\/index.php\\\/2020\\\/01\\\/30\\\/oms-declara-emergencia-internacional-por-coronavirus\\\/#breadcrumb\",\"itemListElement\":[{\"@type\":\"ListItem\",\"position\":1,\"name\":\"Inicio\",\"item\":\"https:\\\/\\\/expressometro.mx\\\/\"},{\"@type\":\"ListItem\",\"position\":2,\"name\":\"OMS declara emergencia internacional por coronavirus\"}]},{\"@type\":\"WebSite\",\"@id\":\"https:\\\/\\\/expressometro.mx\\\/#website\",\"url\":\"https:\\\/\\\/expressometro.mx\\\/\",\"name\":\"Expresso Metropolitano\",\"description\":\"Periodismo comprometido, informaci\u00f3n, investigaci\u00f3n y an\u00e1lisis\",\"publisher\":{\"@id\":\"https:\\\/\\\/expressometro.mx\\\/#organization\"},\"potentialAction\":[{\"@type\":\"SearchAction\",\"target\":{\"@type\":\"EntryPoint\",\"urlTemplate\":\"https:\\\/\\\/expressometro.mx\\\/?s={search_term_string}\"},\"query-input\":{\"@type\":\"PropertyValueSpecification\",\"valueRequired\":true,\"valueName\":\"search_term_string\"}}],\"inLanguage\":\"es\"},{\"@type\":\"Organization\",\"@id\":\"https:\\\/\\\/expressometro.mx\\\/#organization\",\"name\":\"Expresso Metropolitano\",\"url\":\"https:\\\/\\\/expressometro.mx\\\/\",\"logo\":{\"@type\":\"ImageObject\",\"inLanguage\":\"es\",\"@id\":\"https:\\\/\\\/expressometro.mx\\\/#\\\/schema\\\/logo\\\/image\\\/\",\"url\":\"https:\\\/\\\/expressometro.mx\\\/wp-content\\\/uploads\\\/2019\\\/07\\\/cropped-Logo-Expresso-Metropolitano-1-1.jpeg\",\"contentUrl\":\"https:\\\/\\\/expressometro.mx\\\/wp-content\\\/uploads\\\/2019\\\/07\\\/cropped-Logo-Expresso-Metropolitano-1-1.jpeg\",\"width\":290,\"height\":73,\"caption\":\"Expresso Metropolitano\"},\"image\":{\"@id\":\"https:\\\/\\\/expressometro.mx\\\/#\\\/schema\\\/logo\\\/image\\\/\"}},{\"@type\":\"Person\",\"@id\":\"https:\\\/\\\/expressometro.mx\\\/#\\\/schema\\\/person\\\/efa971b4a0664db8ed5c22b1b0dd2f5d\",\"name\":\"Expresso Metropolitano\",\"image\":{\"@type\":\"ImageObject\",\"inLanguage\":\"es\",\"@id\":\"https:\\\/\\\/secure.gravatar.com\\\/avatar\\\/a89f802b8de18c6952f223c88d3d106e9e3679839f4e25a02f4a6cc2ae6ba3b3?s=96&d=mm&r=g\",\"url\":\"https:\\\/\\\/secure.gravatar.com\\\/avatar\\\/a89f802b8de18c6952f223c88d3d106e9e3679839f4e25a02f4a6cc2ae6ba3b3?s=96&d=mm&r=g\",\"contentUrl\":\"https:\\\/\\\/secure.gravatar.com\\\/avatar\\\/a89f802b8de18c6952f223c88d3d106e9e3679839f4e25a02f4a6cc2ae6ba3b3?s=96&d=mm&r=g\",\"caption\":\"Expresso Metropolitano\"},\"url\":\"https:\\\/\\\/expressometro.mx\\\/index.php\\\/author\\\/diego\\\/\"}]}<\/script>\n<!-- \/ Yoast SEO plugin. -->","yoast_head_json":{"title":"OMS declara emergencia internacional por coronavirus - Expresso Metropolitano","robots":{"index":"index","follow":"follow","max-snippet":"max-snippet:-1","max-image-preview":"max-image-preview:large","max-video-preview":"max-video-preview:-1"},"canonical":"https:\/\/expressometro.mx\/index.php\/2020\/01\/30\/oms-declara-emergencia-internacional-por-coronavirus\/","og_locale":"es_MX","og_type":"article","og_title":"OMS declara emergencia internacional por coronavirus - Expresso Metropolitano","og_description":"La Organizaci\u00f3n Mundial de la Salud (OMS) declar\u00f3 este jueves la emergencia internacional ante el r\u00e1pido aumento de los pacientes afectados por el coronavirus de Wuhan, ya m\u00e1s de 8.000 en cerca de una veintena de pa\u00edses, aunque el 99 % de los casos, es decir 7,736 casos se han diagnosticado dentro de China. Un comit\u00e9 de emergencia de 15 expertos, convocado por el director general de la OMS, Tedros Adhanom Ghebreyesus, declar\u00f3 esta alerta, tras haberla descartado hace una semana, ante la aparici\u00f3n de varios contagios entre humanos en&hellip;","og_url":"https:\/\/expressometro.mx\/index.php\/2020\/01\/30\/oms-declara-emergencia-internacional-por-coronavirus\/","og_site_name":"Expresso Metropolitano","article_published_time":"2020-01-30T21:21:30+00:00","article_modified_time":"2020-01-30T21:21:31+00:00","og_image":[{"width":702,"height":437,"url":"https:\/\/expressometro.mx\/wp-content\/uploads\/2020\/01\/74F8911E-0733-4450-AF6B-FFC1171C8D92.jpeg","type":"image\/jpeg"}],"author":"Expresso Metropolitano","twitter_misc":{"Escrito por":"Expresso Metropolitano","Tiempo de lectura":"2 minutos"},"schema":{"@context":"https:\/\/schema.org","@graph":[{"@type":"Article","@id":"https:\/\/expressometro.mx\/index.php\/2020\/01\/30\/oms-declara-emergencia-internacional-por-coronavirus\/#article","isPartOf":{"@id":"https:\/\/expressometro.mx\/index.php\/2020\/01\/30\/oms-declara-emergencia-internacional-por-coronavirus\/"},"author":{"name":"Expresso Metropolitano","@id":"https:\/\/expressometro.mx\/#\/schema\/person\/efa971b4a0664db8ed5c22b1b0dd2f5d"},"headline":"OMS declara emergencia internacional por coronavirus","datePublished":"2020-01-30T21:21:30+00:00","dateModified":"2020-01-30T21:21:31+00:00","mainEntityOfPage":{"@id":"https:\/\/expressometro.mx\/index.php\/2020\/01\/30\/oms-declara-emergencia-internacional-por-coronavirus\/"},"wordCount":377,"commentCount":0,"publisher":{"@id":"https:\/\/expressometro.mx\/#organization"},"image":{"@id":"https:\/\/expressometro.mx\/index.php\/2020\/01\/30\/oms-declara-emergencia-internacional-por-coronavirus\/#primaryimage"},"thumbnailUrl":"https:\/\/expressometro.mx\/wp-content\/uploads\/2020\/01\/74F8911E-0733-4450-AF6B-FFC1171C8D92.jpeg","articleSection":["Salud"],"inLanguage":"es","potentialAction":[{"@type":"CommentAction","name":"Comment","target":["https:\/\/expressometro.mx\/index.php\/2020\/01\/30\/oms-declara-emergencia-internacional-por-coronavirus\/#respond"]}]},{"@type":"WebPage","@id":"https:\/\/expressometro.mx\/index.php\/2020\/01\/30\/oms-declara-emergencia-internacional-por-coronavirus\/","url":"https:\/\/expressometro.mx\/index.php\/2020\/01\/30\/oms-declara-emergencia-internacional-por-coronavirus\/","name":"OMS declara emergencia internacional por coronavirus - Expresso Metropolitano","isPartOf":{"@id":"https:\/\/expressometro.mx\/#website"},"primaryImageOfPage":{"@id":"https:\/\/expressometro.mx\/index.php\/2020\/01\/30\/oms-declara-emergencia-internacional-por-coronavirus\/#primaryimage"},"image":{"@id":"https:\/\/expressometro.mx\/index.php\/2020\/01\/30\/oms-declara-emergencia-internacional-por-coronavirus\/#primaryimage"},"thumbnailUrl":"https:\/\/expressometro.mx\/wp-content\/uploads\/2020\/01\/74F8911E-0733-4450-AF6B-FFC1171C8D92.jpeg","datePublished":"2020-01-30T21:21:30+00:00","dateModified":"2020-01-30T21:21:31+00:00","breadcrumb":{"@id":"https:\/\/expressometro.mx\/index.php\/2020\/01\/30\/oms-declara-emergencia-internacional-por-coronavirus\/#breadcrumb"},"inLanguage":"es","potentialAction":[{"@type":"ReadAction","target":["https:\/\/expressometro.mx\/index.php\/2020\/01\/30\/oms-declara-emergencia-internacional-por-coronavirus\/"]}]},{"@type":"ImageObject","inLanguage":"es","@id":"https:\/\/expressometro.mx\/index.php\/2020\/01\/30\/oms-declara-emergencia-internacional-por-coronavirus\/#primaryimage","url":"https:\/\/expressometro.mx\/wp-content\/uploads\/2020\/01\/74F8911E-0733-4450-AF6B-FFC1171C8D92.jpeg","contentUrl":"https:\/\/expressometro.mx\/wp-content\/uploads\/2020\/01\/74F8911E-0733-4450-AF6B-FFC1171C8D92.jpeg","width":702,"height":437},{"@type":"BreadcrumbList","@id":"https:\/\/expressometro.mx\/index.php\/2020\/01\/30\/oms-declara-emergencia-internacional-por-coronavirus\/#breadcrumb","itemListElement":[{"@type":"ListItem","position":1,"name":"Inicio","item":"https:\/\/expressometro.mx\/"},{"@type":"ListItem","position":2,"name":"OMS declara emergencia internacional por coronavirus"}]},{"@type":"WebSite","@id":"https:\/\/expressometro.mx\/#website","url":"https:\/\/expressometro.mx\/","name":"Expresso Metropolitano","description":"Periodismo comprometido, informaci\u00f3n, investigaci\u00f3n y an\u00e1lisis","publisher":{"@id":"https:\/\/expressometro.mx\/#organization"},"potentialAction":[{"@type":"SearchAction","target":{"@type":"EntryPoint","urlTemplate":"https:\/\/expressometro.mx\/?s={search_term_string}"},"query-input":{"@type":"PropertyValueSpecification","valueRequired":true,"valueName":"search_term_string"}}],"inLanguage":"es"},{"@type":"Organization","@id":"https:\/\/expressometro.mx\/#organization","name":"Expresso Metropolitano","url":"https:\/\/expressometro.mx\/","logo":{"@type":"ImageObject","inLanguage":"es","@id":"https:\/\/expressometro.mx\/#\/schema\/logo\/image\/","url":"https:\/\/expressometro.mx\/wp-content\/uploads\/2019\/07\/cropped-Logo-Expresso-Metropolitano-1-1.jpeg","contentUrl":"https:\/\/expressometro.mx\/wp-content\/uploads\/2019\/07\/cropped-Logo-Expresso-Metropolitano-1-1.jpeg","width":290,"height":73,"caption":"Expresso Metropolitano"},"image":{"@id":"https:\/\/expressometro.mx\/#\/schema\/logo\/image\/"}},{"@type":"Person","@id":"https:\/\/expressometro.mx\/#\/schema\/person\/efa971b4a0664db8ed5c22b1b0dd2f5d","name":"Expresso Metropolitano","image":{"@type":"ImageObject","inLanguage":"es","@id":"https:\/\/secure.gravatar.com\/avatar\/a89f802b8de18c6952f223c88d3d106e9e3679839f4e25a02f4a6cc2ae6ba3b3?s=96&d=mm&r=g","url":"https:\/\/secure.gravatar.com\/avatar\/a89f802b8de18c6952f223c88d3d106e9e3679839f4e25a02f4a6cc2ae6ba3b3?s=96&d=mm&r=g","contentUrl":"https:\/\/secure.gravatar.com\/avatar\/a89f802b8de18c6952f223c88d3d106e9e3679839f4e25a02f4a6cc2ae6ba3b3?s=96&d=mm&r=g","caption":"Expresso Metropolitano"},"url":"https:\/\/expressometro.mx\/index.php\/author\/diego\/"}]}},"amp_enabled":true,"_links":{"self":[{"href":"https:\/\/expressometro.mx\/index.php\/wp-json\/wp\/v2\/posts\/1181","targetHints":{"allow":["GET"]}}],"collection":[{"href":"https:\/\/expressometro.mx\/index.php\/wp-json\/wp\/v2\/posts"}],"about":[{"href":"https:\/\/expressometro.mx\/index.php\/wp-json\/wp\/v2\/types\/post"}],"author":[{"embeddable":true,"href":"https:\/\/expressometro.mx\/index.php\/wp-json\/wp\/v2\/users\/1"}],"replies":[{"embeddable":true,"href":"https:\/\/expressometro.mx\/index.php\/wp-json\/wp\/v2\/comments?post=1181"}],"version-history":[{"count":1,"href":"https:\/\/expressometro.mx\/index.php\/wp-json\/wp\/v2\/posts\/1181\/revisions"}],"predecessor-version":[{"id":1183,"href":"https:\/\/expressometro.mx\/index.php\/wp-json\/wp\/v2\/posts\/1181\/revisions\/1183"}],"wp:featuredmedia":[{"embeddable":true,"href":"https:\/\/expressometro.mx\/index.php\/wp-json\/wp\/v2\/media\/1182"}],"wp:attachment":[{"href":"https:\/\/expressometro.mx\/index.php\/wp-json\/wp\/v2\/media?parent=1181"}],"wp:term":[{"taxonomy":"category","embeddable":true,"href":"https:\/\/expressometro.mx\/index.php\/wp-json\/wp\/v2\/categories?post=1181"},{"taxonomy":"post_tag","embeddable":true,"href":"https:\/\/expressometro.mx\/index.php\/wp-json\/wp\/v2\/tags?post=1181"}],"curies":[{"name":"wp","href":"https:\/\/api.w.org\/{rel}","templated":true}]}}