{"id":11777,"date":"2026-03-12T16:23:49","date_gmt":"2026-03-12T22:23:49","guid":{"rendered":"https:\/\/expressometro.mx\/?p=11777"},"modified":"2026-03-14T18:56:56","modified_gmt":"2026-03-15T00:56:56","slug":"cruzada-nacional-de-alfabetizacion-fortalece-la-vocacion-social-de-las-universidades-paty-zarza-rectora-de-la-uaemex","status":"publish","type":"post","link":"https:\/\/expressometro.mx\/index.php\/2026\/03\/12\/cruzada-nacional-de-alfabetizacion-fortalece-la-vocacion-social-de-las-universidades-paty-zarza-rectora-de-la-uaemex\/","title":{"rendered":"CRUZADA NACIONAL DE ALFABETIZACI\u00d3N FORTALECE LA VOCACI\u00d3N SOCIAL DE LAS UNIVERSIDADES: PATY ZARZA, RECTORA DE LA UAEM\u00e9x"},"content":{"rendered":"\n<p>\u2022 El llamado de la presidenta Claudia Sheinbaum Pardo a la cruzada nacional para la alfabetizaci\u00f3n es una oportunidad para mostrar la vocaci\u00f3n de incidencia y retribuci\u00f3n social que poseen las Instituciones de Educaci\u00f3n Superior, haciendo efectivo el derecho al conocimiento para todas y todos, afirm\u00f3 la rectora de la Universidad Aut\u00f3noma del Estado de M\u00e9xico (UAEM\u00e9x), Martha Patricia Zarza Delgado, durante la firma del Convenio de Colaboraci\u00f3n entre el Instituto Nacional para la Educaci\u00f3n de los Adultos (INEA), la Secretar\u00eda de Educaci\u00f3n P\u00fablica (SEP) y la Asociaci\u00f3n Nacional de Universidades e Instituciones de Educaci\u00f3n Superior (ANUIES).<\/p>\n\n\n\n<p>En el Sal\u00f3n Iberoamericano de la Secretar\u00eda de Educaci\u00f3n P\u00fablica (SEP) y en presencia del titular de esta dependencia, Mario Delgado Carrillo; el director general del INEA, Armando Contreras Castillo, y el secretario general ejecutivo de la ANUIES, Luis Armando Gonz\u00e1lez Placencia, Zarza Delgado destac\u00f3 que esta iniciativa convoca a las universidades y a las juventudes mexicanas a fortalecer su compromiso social mediante acciones que contribuyan a ampliar las oportunidades educativas de la poblaci\u00f3n.<\/p>\n\n\n\n<p>Ante el llamado de la presidenta Claudia Sheinbaum para consolidar a la educaci\u00f3n como un instrumento de movilidad social, la rectora subray\u00f3 que las instituciones de educaci\u00f3n superior y las juventudes universitarias tienen un papel fundamental para incidir, con determinaci\u00f3n y entusiasmo, en el aumento de las cifras de alfabetizaci\u00f3n en el pa\u00eds.<\/p>\n\n\n\n<p>Durante este acto, al que tambi\u00e9n asisti\u00f3 el subsecretario de Educaci\u00f3n Superior, Ricardo Villanueva Lomel\u00ed, la rectora de la UAEM\u00e9x se\u00f1al\u00f3 que diversas acciones impulsadas por las universidades pueden orientarse hacia la alfabetizaci\u00f3n y ampliar su impacto social. Como ejemplo, mencion\u00f3 las Brigadas Universitarias Multidisciplinarias de la instituci\u00f3n mexiquense, que ya funcionan como un puente de acercamiento con comunidades para atender necesidades espec\u00edficas.<\/p>\n\n\n\n<p>Asimismo, enfatiz\u00f3 que, en un marco de inclusi\u00f3n y progresismo, es indispensable impulsar programas dirigidos a personas migrantes y adultas mayores, a fin de que las universidades se consoliden como espacios de atenci\u00f3n y acompa\u00f1amiento para reducir las brechas de conocimiento que a\u00fan persisten en M\u00e9xico.<\/p>\n\n\n\n<p>Por su parte, Delgado Carrillo afirm\u00f3 que alfabetizar constituye un acto profundamente democr\u00e1tico y una de las experiencias m\u00e1s transformadoras que pueden vivir las juventudes universitarias, al representar un encuentro entre ense\u00f1anza, humanismo e identidad nacional.<\/p>\n\n\n\n<p>En este sentido, explic\u00f3 que, con la firma de este convenio, las instituciones de educaci\u00f3n superior del pa\u00eds fortalecer\u00e1n la formaci\u00f3n de profesionales comprometidos con su entorno, quienes, mediante el servicio social, podr\u00e1n contribuir a la educaci\u00f3n de las personas que m\u00e1s lo necesitan.<\/p>\n\n\n\n<p>Asimismo, anunci\u00f3 que la meta central de esta alianza es que las y los universitarios participen en la alfabetizaci\u00f3n de 100 mil personas, con el prop\u00f3sito de avanzar hacia las metas nacionales en la materia y consolidar a M\u00e9xico como un pa\u00eds alfabetizado que transforma su realidad y sienta bases s\u00f3lidas para su desarrollo social.<\/p>\n\n\n\n<p>En su intervenci\u00f3n, Contreras Castillo sostuvo que ense\u00f1ar a leer y escribir es un acto de justicia, humanidad y dignidad. Por ello, subray\u00f3 que la educaci\u00f3n superior en M\u00e9xico enfrenta el reto de promover una sociedad comprometida con la \u00e9tica, la sensibilidad cultural y el cambio social, elementos indispensables para construir una naci\u00f3n m\u00e1s pr\u00f3spera e inclusiva.<\/p>\n\n\n\n<p>En este contexto, el director general del INEA se\u00f1al\u00f3 que el documento firmado representa una suma de esfuerzos orientada a combatir el rezago educativo y fortalecer la formaci\u00f3n integral de la sociedad, con base en el principio de responsabilidad ciudadana y social establecido en la Ley General de Educaci\u00f3n.<\/p>\n\n\n\n<p>Finalmente, la estudiante del Instituto Tecnol\u00f3gico de \u00c1lvaro Obreg\u00f3n, Ingrid Vaneli Col\u00edn Vergara, comparti\u00f3 su experiencia como alfabetizadora, al se\u00f1alar que esta labor le permiti\u00f3 comprender que la educaci\u00f3n no solo implica transmitir conocimientos, sino tambi\u00e9n abrir oportunidades, dignificar a las personas y transformar vidas.<\/p>\n","protected":false},"excerpt":{"rendered":"<p>El llamado de la presidenta Claudia Sheinbaum Pardo a la cruzada nacional para la alfabetizaci\u00f3n es una oportunidad para mostrar la vocaci\u00f3n de incidencia y retribuci\u00f3n social que poseen las Instituciones de Educaci\u00f3n Superior, haciendo efectivo el derecho al conocimiento para todas y todos, afirm\u00f3 la rectora de la Universidad Aut\u00f3noma del Estado de M\u00e9xico (UAEM\u00e9x), Martha Patricia Zarza Delgado, durante la firma del Convenio de Colaboraci\u00f3n entre el Instituto Nacional para la Educaci\u00f3n de los Adultos (INEA), la Secretar\u00eda de Educaci\u00f3n P\u00fablica (SEP) y la Asociaci\u00f3n Nacional de Universidades e Instituciones de Educaci\u00f3n Superior (ANUIES).<\/p>\n","protected":false},"author":1,"featured_media":11778,"comment_status":"open","ping_status":"open","sticky":false,"template":"","format":"standard","meta":{"footnotes":""},"categories":[108,3,1,231],"tags":[1982,2419,82],"class_list":["post-11777","post","type-post","status-publish","format-standard","has-post-thumbnail","hentry","category-educacion","category-gobierno","category-otros","category-politica","tag-edomex","tag-paty-zarza","tag-uaemex"],"yoast_head":"<!-- This site is optimized with the Yoast SEO plugin v27.5 - https:\/\/yoast.com\/product\/yoast-seo-wordpress\/ -->\n<title>CRUZADA NACIONAL DE ALFABETIZACI\u00d3N FORTALECE LA VOCACI\u00d3N SOCIAL DE LAS UNIVERSIDADES: PATY ZARZA, RECTORA DE LA UAEM\u00e9x - Expresso Metropolitano<\/title>\n<meta name=\"robots\" content=\"index, follow, max-snippet:-1, max-image-preview:large, max-video-preview:-1\" \/>\n<link rel=\"canonical\" href=\"https:\/\/expressometro.mx\/index.php\/2026\/03\/12\/cruzada-nacional-de-alfabetizacion-fortalece-la-vocacion-social-de-las-universidades-paty-zarza-rectora-de-la-uaemex\/\" \/>\n<meta property=\"og:locale\" content=\"es_MX\" \/>\n<meta property=\"og:type\" content=\"article\" \/>\n<meta property=\"og:title\" content=\"CRUZADA NACIONAL DE ALFABETIZACI\u00d3N FORTALECE LA VOCACI\u00d3N SOCIAL DE LAS UNIVERSIDADES: PATY ZARZA, RECTORA DE LA UAEM\u00e9x - Expresso Metropolitano\" \/>\n<meta property=\"og:description\" content=\"El llamado de la presidenta Claudia Sheinbaum Pardo a la cruzada nacional para la alfabetizaci\u00f3n es una oportunidad para mostrar la vocaci\u00f3n de incidencia y retribuci\u00f3n social que poseen las Instituciones de Educaci\u00f3n Superior, haciendo efectivo el derecho al conocimiento para todas y todos, afirm\u00f3 la rectora de la Universidad Aut\u00f3noma del Estado de M\u00e9xico (UAEM\u00e9x), Martha Patricia Zarza Delgado, durante la firma del Convenio de Colaboraci\u00f3n entre el Instituto Nacional para la Educaci\u00f3n de los Adultos (INEA), la Secretar\u00eda de Educaci\u00f3n P\u00fablica (SEP) y la Asociaci\u00f3n Nacional de Universidades e Instituciones de Educaci\u00f3n Superior (ANUIES).\" \/>\n<meta property=\"og:url\" content=\"https:\/\/expressometro.mx\/index.php\/2026\/03\/12\/cruzada-nacional-de-alfabetizacion-fortalece-la-vocacion-social-de-las-universidades-paty-zarza-rectora-de-la-uaemex\/\" \/>\n<meta property=\"og:site_name\" content=\"Expresso Metropolitano\" \/>\n<meta property=\"article:published_time\" content=\"2026-03-12T22:23:49+00:00\" \/>\n<meta property=\"article:modified_time\" content=\"2026-03-15T00:56:56+00:00\" \/>\n<meta property=\"og:image\" content=\"http:\/\/expressometro.mx\/wp-content\/uploads\/2026\/03\/WhatsApp-Image-2026-03-12-at-10.13.23-PM.jpeg\" \/>\n\t<meta property=\"og:image:width\" content=\"1280\" \/>\n\t<meta property=\"og:image:height\" content=\"854\" \/>\n\t<meta property=\"og:image:type\" content=\"image\/jpeg\" \/>\n<meta name=\"author\" content=\"Expresso Metropolitano\" \/>\n<meta name=\"twitter:label1\" content=\"Escrito por\" \/>\n\t<meta name=\"twitter:data1\" content=\"Expresso Metropolitano\" \/>\n\t<meta name=\"twitter:label2\" content=\"Tiempo de lectura\" \/>\n\t<meta name=\"twitter:data2\" content=\"4 minutos\" \/>\n<script type=\"application\/ld+json\" class=\"yoast-schema-graph\">{\"@context\":\"https:\\\/\\\/schema.org\",\"@graph\":[{\"@type\":\"Article\",\"@id\":\"https:\\\/\\\/expressometro.mx\\\/index.php\\\/2026\\\/03\\\/12\\\/cruzada-nacional-de-alfabetizacion-fortalece-la-vocacion-social-de-las-universidades-paty-zarza-rectora-de-la-uaemex\\\/#article\",\"isPartOf\":{\"@id\":\"https:\\\/\\\/expressometro.mx\\\/index.php\\\/2026\\\/03\\\/12\\\/cruzada-nacional-de-alfabetizacion-fortalece-la-vocacion-social-de-las-universidades-paty-zarza-rectora-de-la-uaemex\\\/\"},\"author\":{\"name\":\"Expresso Metropolitano\",\"@id\":\"https:\\\/\\\/expressometro.mx\\\/#\\\/schema\\\/person\\\/efa971b4a0664db8ed5c22b1b0dd2f5d\"},\"headline\":\"CRUZADA NACIONAL DE ALFABETIZACI\u00d3N FORTALECE LA VOCACI\u00d3N SOCIAL DE LAS UNIVERSIDADES: PATY ZARZA, RECTORA DE LA UAEM\u00e9x\",\"datePublished\":\"2026-03-12T22:23:49+00:00\",\"dateModified\":\"2026-03-15T00:56:56+00:00\",\"mainEntityOfPage\":{\"@id\":\"https:\\\/\\\/expressometro.mx\\\/index.php\\\/2026\\\/03\\\/12\\\/cruzada-nacional-de-alfabetizacion-fortalece-la-vocacion-social-de-las-universidades-paty-zarza-rectora-de-la-uaemex\\\/\"},\"wordCount\":705,\"commentCount\":0,\"publisher\":{\"@id\":\"https:\\\/\\\/expressometro.mx\\\/#organization\"},\"image\":{\"@id\":\"https:\\\/\\\/expressometro.mx\\\/index.php\\\/2026\\\/03\\\/12\\\/cruzada-nacional-de-alfabetizacion-fortalece-la-vocacion-social-de-las-universidades-paty-zarza-rectora-de-la-uaemex\\\/#primaryimage\"},\"thumbnailUrl\":\"https:\\\/\\\/expressometro.mx\\\/wp-content\\\/uploads\\\/2026\\\/03\\\/WhatsApp-Image-2026-03-12-at-10.13.23-PM.jpeg\",\"keywords\":[\"Edomex\",\"Paty Zarza\",\"UAEMex\"],\"articleSection\":[\"Educaci\u00f3n\",\"Gobierno\",\"Otros\",\"Pol\u00edtica\"],\"inLanguage\":\"es\",\"potentialAction\":[{\"@type\":\"CommentAction\",\"name\":\"Comment\",\"target\":[\"https:\\\/\\\/expressometro.mx\\\/index.php\\\/2026\\\/03\\\/12\\\/cruzada-nacional-de-alfabetizacion-fortalece-la-vocacion-social-de-las-universidades-paty-zarza-rectora-de-la-uaemex\\\/#respond\"]}]},{\"@type\":\"WebPage\",\"@id\":\"https:\\\/\\\/expressometro.mx\\\/index.php\\\/2026\\\/03\\\/12\\\/cruzada-nacional-de-alfabetizacion-fortalece-la-vocacion-social-de-las-universidades-paty-zarza-rectora-de-la-uaemex\\\/\",\"url\":\"https:\\\/\\\/expressometro.mx\\\/index.php\\\/2026\\\/03\\\/12\\\/cruzada-nacional-de-alfabetizacion-fortalece-la-vocacion-social-de-las-universidades-paty-zarza-rectora-de-la-uaemex\\\/\",\"name\":\"CRUZADA NACIONAL DE ALFABETIZACI\u00d3N FORTALECE LA VOCACI\u00d3N SOCIAL DE LAS UNIVERSIDADES: PATY ZARZA, RECTORA DE LA UAEM\u00e9x - Expresso Metropolitano\",\"isPartOf\":{\"@id\":\"https:\\\/\\\/expressometro.mx\\\/#website\"},\"primaryImageOfPage\":{\"@id\":\"https:\\\/\\\/expressometro.mx\\\/index.php\\\/2026\\\/03\\\/12\\\/cruzada-nacional-de-alfabetizacion-fortalece-la-vocacion-social-de-las-universidades-paty-zarza-rectora-de-la-uaemex\\\/#primaryimage\"},\"image\":{\"@id\":\"https:\\\/\\\/expressometro.mx\\\/index.php\\\/2026\\\/03\\\/12\\\/cruzada-nacional-de-alfabetizacion-fortalece-la-vocacion-social-de-las-universidades-paty-zarza-rectora-de-la-uaemex\\\/#primaryimage\"},\"thumbnailUrl\":\"https:\\\/\\\/expressometro.mx\\\/wp-content\\\/uploads\\\/2026\\\/03\\\/WhatsApp-Image-2026-03-12-at-10.13.23-PM.jpeg\",\"datePublished\":\"2026-03-12T22:23:49+00:00\",\"dateModified\":\"2026-03-15T00:56:56+00:00\",\"breadcrumb\":{\"@id\":\"https:\\\/\\\/expressometro.mx\\\/index.php\\\/2026\\\/03\\\/12\\\/cruzada-nacional-de-alfabetizacion-fortalece-la-vocacion-social-de-las-universidades-paty-zarza-rectora-de-la-uaemex\\\/#breadcrumb\"},\"inLanguage\":\"es\",\"potentialAction\":[{\"@type\":\"ReadAction\",\"target\":[\"https:\\\/\\\/expressometro.mx\\\/index.php\\\/2026\\\/03\\\/12\\\/cruzada-nacional-de-alfabetizacion-fortalece-la-vocacion-social-de-las-universidades-paty-zarza-rectora-de-la-uaemex\\\/\"]}]},{\"@type\":\"ImageObject\",\"inLanguage\":\"es\",\"@id\":\"https:\\\/\\\/expressometro.mx\\\/index.php\\\/2026\\\/03\\\/12\\\/cruzada-nacional-de-alfabetizacion-fortalece-la-vocacion-social-de-las-universidades-paty-zarza-rectora-de-la-uaemex\\\/#primaryimage\",\"url\":\"https:\\\/\\\/expressometro.mx\\\/wp-content\\\/uploads\\\/2026\\\/03\\\/WhatsApp-Image-2026-03-12-at-10.13.23-PM.jpeg\",\"contentUrl\":\"https:\\\/\\\/expressometro.mx\\\/wp-content\\\/uploads\\\/2026\\\/03\\\/WhatsApp-Image-2026-03-12-at-10.13.23-PM.jpeg\",\"width\":1280,\"height\":854},{\"@type\":\"BreadcrumbList\",\"@id\":\"https:\\\/\\\/expressometro.mx\\\/index.php\\\/2026\\\/03\\\/12\\\/cruzada-nacional-de-alfabetizacion-fortalece-la-vocacion-social-de-las-universidades-paty-zarza-rectora-de-la-uaemex\\\/#breadcrumb\",\"itemListElement\":[{\"@type\":\"ListItem\",\"position\":1,\"name\":\"Inicio\",\"item\":\"https:\\\/\\\/expressometro.mx\\\/\"},{\"@type\":\"ListItem\",\"position\":2,\"name\":\"CRUZADA NACIONAL DE ALFABETIZACI\u00d3N FORTALECE LA VOCACI\u00d3N SOCIAL DE LAS UNIVERSIDADES: PATY ZARZA, RECTORA DE LA UAEM\u00e9x\"}]},{\"@type\":\"WebSite\",\"@id\":\"https:\\\/\\\/expressometro.mx\\\/#website\",\"url\":\"https:\\\/\\\/expressometro.mx\\\/\",\"name\":\"Expresso Metropolitano\",\"description\":\"Periodismo comprometido, informaci\u00f3n, investigaci\u00f3n y an\u00e1lisis\",\"publisher\":{\"@id\":\"https:\\\/\\\/expressometro.mx\\\/#organization\"},\"potentialAction\":[{\"@type\":\"SearchAction\",\"target\":{\"@type\":\"EntryPoint\",\"urlTemplate\":\"https:\\\/\\\/expressometro.mx\\\/?s={search_term_string}\"},\"query-input\":{\"@type\":\"PropertyValueSpecification\",\"valueRequired\":true,\"valueName\":\"search_term_string\"}}],\"inLanguage\":\"es\"},{\"@type\":\"Organization\",\"@id\":\"https:\\\/\\\/expressometro.mx\\\/#organization\",\"name\":\"Expresso Metropolitano\",\"url\":\"https:\\\/\\\/expressometro.mx\\\/\",\"logo\":{\"@type\":\"ImageObject\",\"inLanguage\":\"es\",\"@id\":\"https:\\\/\\\/expressometro.mx\\\/#\\\/schema\\\/logo\\\/image\\\/\",\"url\":\"https:\\\/\\\/expressometro.mx\\\/wp-content\\\/uploads\\\/2019\\\/07\\\/cropped-Logo-Expresso-Metropolitano-1-1.jpeg\",\"contentUrl\":\"https:\\\/\\\/expressometro.mx\\\/wp-content\\\/uploads\\\/2019\\\/07\\\/cropped-Logo-Expresso-Metropolitano-1-1.jpeg\",\"width\":290,\"height\":73,\"caption\":\"Expresso Metropolitano\"},\"image\":{\"@id\":\"https:\\\/\\\/expressometro.mx\\\/#\\\/schema\\\/logo\\\/image\\\/\"}},{\"@type\":\"Person\",\"@id\":\"https:\\\/\\\/expressometro.mx\\\/#\\\/schema\\\/person\\\/efa971b4a0664db8ed5c22b1b0dd2f5d\",\"name\":\"Expresso Metropolitano\",\"image\":{\"@type\":\"ImageObject\",\"inLanguage\":\"es\",\"@id\":\"https:\\\/\\\/secure.gravatar.com\\\/avatar\\\/a89f802b8de18c6952f223c88d3d106e9e3679839f4e25a02f4a6cc2ae6ba3b3?s=96&d=mm&r=g\",\"url\":\"https:\\\/\\\/secure.gravatar.com\\\/avatar\\\/a89f802b8de18c6952f223c88d3d106e9e3679839f4e25a02f4a6cc2ae6ba3b3?s=96&d=mm&r=g\",\"contentUrl\":\"https:\\\/\\\/secure.gravatar.com\\\/avatar\\\/a89f802b8de18c6952f223c88d3d106e9e3679839f4e25a02f4a6cc2ae6ba3b3?s=96&d=mm&r=g\",\"caption\":\"Expresso Metropolitano\"},\"url\":\"https:\\\/\\\/expressometro.mx\\\/index.php\\\/author\\\/diego\\\/\"}]}<\/script>\n<!-- \/ Yoast SEO plugin. -->","yoast_head_json":{"title":"CRUZADA NACIONAL DE ALFABETIZACI\u00d3N FORTALECE LA VOCACI\u00d3N SOCIAL DE LAS UNIVERSIDADES: PATY ZARZA, RECTORA DE LA UAEM\u00e9x - Expresso Metropolitano","robots":{"index":"index","follow":"follow","max-snippet":"max-snippet:-1","max-image-preview":"max-image-preview:large","max-video-preview":"max-video-preview:-1"},"canonical":"https:\/\/expressometro.mx\/index.php\/2026\/03\/12\/cruzada-nacional-de-alfabetizacion-fortalece-la-vocacion-social-de-las-universidades-paty-zarza-rectora-de-la-uaemex\/","og_locale":"es_MX","og_type":"article","og_title":"CRUZADA NACIONAL DE ALFABETIZACI\u00d3N FORTALECE LA VOCACI\u00d3N SOCIAL DE LAS UNIVERSIDADES: PATY ZARZA, RECTORA DE LA UAEM\u00e9x - Expresso Metropolitano","og_description":"El llamado de la presidenta Claudia Sheinbaum Pardo a la cruzada nacional para la alfabetizaci\u00f3n es una oportunidad para mostrar la vocaci\u00f3n de incidencia y retribuci\u00f3n social que poseen las Instituciones de Educaci\u00f3n Superior, haciendo efectivo el derecho al conocimiento para todas y todos, afirm\u00f3 la rectora de la Universidad Aut\u00f3noma del Estado de M\u00e9xico (UAEM\u00e9x), Martha Patricia Zarza Delgado, durante la firma del Convenio de Colaboraci\u00f3n entre el Instituto Nacional para la Educaci\u00f3n de los Adultos (INEA), la Secretar\u00eda de Educaci\u00f3n P\u00fablica (SEP) y la Asociaci\u00f3n Nacional de Universidades e Instituciones de Educaci\u00f3n Superior (ANUIES).","og_url":"https:\/\/expressometro.mx\/index.php\/2026\/03\/12\/cruzada-nacional-de-alfabetizacion-fortalece-la-vocacion-social-de-las-universidades-paty-zarza-rectora-de-la-uaemex\/","og_site_name":"Expresso Metropolitano","article_published_time":"2026-03-12T22:23:49+00:00","article_modified_time":"2026-03-15T00:56:56+00:00","og_image":[{"width":1280,"height":854,"url":"http:\/\/expressometro.mx\/wp-content\/uploads\/2026\/03\/WhatsApp-Image-2026-03-12-at-10.13.23-PM.jpeg","type":"image\/jpeg"}],"author":"Expresso Metropolitano","twitter_misc":{"Escrito por":"Expresso Metropolitano","Tiempo de lectura":"4 minutos"},"schema":{"@context":"https:\/\/schema.org","@graph":[{"@type":"Article","@id":"https:\/\/expressometro.mx\/index.php\/2026\/03\/12\/cruzada-nacional-de-alfabetizacion-fortalece-la-vocacion-social-de-las-universidades-paty-zarza-rectora-de-la-uaemex\/#article","isPartOf":{"@id":"https:\/\/expressometro.mx\/index.php\/2026\/03\/12\/cruzada-nacional-de-alfabetizacion-fortalece-la-vocacion-social-de-las-universidades-paty-zarza-rectora-de-la-uaemex\/"},"author":{"name":"Expresso Metropolitano","@id":"https:\/\/expressometro.mx\/#\/schema\/person\/efa971b4a0664db8ed5c22b1b0dd2f5d"},"headline":"CRUZADA NACIONAL DE ALFABETIZACI\u00d3N FORTALECE LA VOCACI\u00d3N SOCIAL DE LAS UNIVERSIDADES: PATY ZARZA, RECTORA DE LA UAEM\u00e9x","datePublished":"2026-03-12T22:23:49+00:00","dateModified":"2026-03-15T00:56:56+00:00","mainEntityOfPage":{"@id":"https:\/\/expressometro.mx\/index.php\/2026\/03\/12\/cruzada-nacional-de-alfabetizacion-fortalece-la-vocacion-social-de-las-universidades-paty-zarza-rectora-de-la-uaemex\/"},"wordCount":705,"commentCount":0,"publisher":{"@id":"https:\/\/expressometro.mx\/#organization"},"image":{"@id":"https:\/\/expressometro.mx\/index.php\/2026\/03\/12\/cruzada-nacional-de-alfabetizacion-fortalece-la-vocacion-social-de-las-universidades-paty-zarza-rectora-de-la-uaemex\/#primaryimage"},"thumbnailUrl":"https:\/\/expressometro.mx\/wp-content\/uploads\/2026\/03\/WhatsApp-Image-2026-03-12-at-10.13.23-PM.jpeg","keywords":["Edomex","Paty Zarza","UAEMex"],"articleSection":["Educaci\u00f3n","Gobierno","Otros","Pol\u00edtica"],"inLanguage":"es","potentialAction":[{"@type":"CommentAction","name":"Comment","target":["https:\/\/expressometro.mx\/index.php\/2026\/03\/12\/cruzada-nacional-de-alfabetizacion-fortalece-la-vocacion-social-de-las-universidades-paty-zarza-rectora-de-la-uaemex\/#respond"]}]},{"@type":"WebPage","@id":"https:\/\/expressometro.mx\/index.php\/2026\/03\/12\/cruzada-nacional-de-alfabetizacion-fortalece-la-vocacion-social-de-las-universidades-paty-zarza-rectora-de-la-uaemex\/","url":"https:\/\/expressometro.mx\/index.php\/2026\/03\/12\/cruzada-nacional-de-alfabetizacion-fortalece-la-vocacion-social-de-las-universidades-paty-zarza-rectora-de-la-uaemex\/","name":"CRUZADA NACIONAL DE ALFABETIZACI\u00d3N FORTALECE LA VOCACI\u00d3N SOCIAL DE LAS UNIVERSIDADES: PATY ZARZA, RECTORA DE LA UAEM\u00e9x - Expresso Metropolitano","isPartOf":{"@id":"https:\/\/expressometro.mx\/#website"},"primaryImageOfPage":{"@id":"https:\/\/expressometro.mx\/index.php\/2026\/03\/12\/cruzada-nacional-de-alfabetizacion-fortalece-la-vocacion-social-de-las-universidades-paty-zarza-rectora-de-la-uaemex\/#primaryimage"},"image":{"@id":"https:\/\/expressometro.mx\/index.php\/2026\/03\/12\/cruzada-nacional-de-alfabetizacion-fortalece-la-vocacion-social-de-las-universidades-paty-zarza-rectora-de-la-uaemex\/#primaryimage"},"thumbnailUrl":"https:\/\/expressometro.mx\/wp-content\/uploads\/2026\/03\/WhatsApp-Image-2026-03-12-at-10.13.23-PM.jpeg","datePublished":"2026-03-12T22:23:49+00:00","dateModified":"2026-03-15T00:56:56+00:00","breadcrumb":{"@id":"https:\/\/expressometro.mx\/index.php\/2026\/03\/12\/cruzada-nacional-de-alfabetizacion-fortalece-la-vocacion-social-de-las-universidades-paty-zarza-rectora-de-la-uaemex\/#breadcrumb"},"inLanguage":"es","potentialAction":[{"@type":"ReadAction","target":["https:\/\/expressometro.mx\/index.php\/2026\/03\/12\/cruzada-nacional-de-alfabetizacion-fortalece-la-vocacion-social-de-las-universidades-paty-zarza-rectora-de-la-uaemex\/"]}]},{"@type":"ImageObject","inLanguage":"es","@id":"https:\/\/expressometro.mx\/index.php\/2026\/03\/12\/cruzada-nacional-de-alfabetizacion-fortalece-la-vocacion-social-de-las-universidades-paty-zarza-rectora-de-la-uaemex\/#primaryimage","url":"https:\/\/expressometro.mx\/wp-content\/uploads\/2026\/03\/WhatsApp-Image-2026-03-12-at-10.13.23-PM.jpeg","contentUrl":"https:\/\/expressometro.mx\/wp-content\/uploads\/2026\/03\/WhatsApp-Image-2026-03-12-at-10.13.23-PM.jpeg","width":1280,"height":854},{"@type":"BreadcrumbList","@id":"https:\/\/expressometro.mx\/index.php\/2026\/03\/12\/cruzada-nacional-de-alfabetizacion-fortalece-la-vocacion-social-de-las-universidades-paty-zarza-rectora-de-la-uaemex\/#breadcrumb","itemListElement":[{"@type":"ListItem","position":1,"name":"Inicio","item":"https:\/\/expressometro.mx\/"},{"@type":"ListItem","position":2,"name":"CRUZADA NACIONAL DE ALFABETIZACI\u00d3N FORTALECE LA VOCACI\u00d3N SOCIAL DE LAS UNIVERSIDADES: PATY ZARZA, RECTORA DE LA UAEM\u00e9x"}]},{"@type":"WebSite","@id":"https:\/\/expressometro.mx\/#website","url":"https:\/\/expressometro.mx\/","name":"Expresso Metropolitano","description":"Periodismo comprometido, informaci\u00f3n, investigaci\u00f3n y an\u00e1lisis","publisher":{"@id":"https:\/\/expressometro.mx\/#organization"},"potentialAction":[{"@type":"SearchAction","target":{"@type":"EntryPoint","urlTemplate":"https:\/\/expressometro.mx\/?s={search_term_string}"},"query-input":{"@type":"PropertyValueSpecification","valueRequired":true,"valueName":"search_term_string"}}],"inLanguage":"es"},{"@type":"Organization","@id":"https:\/\/expressometro.mx\/#organization","name":"Expresso Metropolitano","url":"https:\/\/expressometro.mx\/","logo":{"@type":"ImageObject","inLanguage":"es","@id":"https:\/\/expressometro.mx\/#\/schema\/logo\/image\/","url":"https:\/\/expressometro.mx\/wp-content\/uploads\/2019\/07\/cropped-Logo-Expresso-Metropolitano-1-1.jpeg","contentUrl":"https:\/\/expressometro.mx\/wp-content\/uploads\/2019\/07\/cropped-Logo-Expresso-Metropolitano-1-1.jpeg","width":290,"height":73,"caption":"Expresso Metropolitano"},"image":{"@id":"https:\/\/expressometro.mx\/#\/schema\/logo\/image\/"}},{"@type":"Person","@id":"https:\/\/expressometro.mx\/#\/schema\/person\/efa971b4a0664db8ed5c22b1b0dd2f5d","name":"Expresso Metropolitano","image":{"@type":"ImageObject","inLanguage":"es","@id":"https:\/\/secure.gravatar.com\/avatar\/a89f802b8de18c6952f223c88d3d106e9e3679839f4e25a02f4a6cc2ae6ba3b3?s=96&d=mm&r=g","url":"https:\/\/secure.gravatar.com\/avatar\/a89f802b8de18c6952f223c88d3d106e9e3679839f4e25a02f4a6cc2ae6ba3b3?s=96&d=mm&r=g","contentUrl":"https:\/\/secure.gravatar.com\/avatar\/a89f802b8de18c6952f223c88d3d106e9e3679839f4e25a02f4a6cc2ae6ba3b3?s=96&d=mm&r=g","caption":"Expresso Metropolitano"},"url":"https:\/\/expressometro.mx\/index.php\/author\/diego\/"}]}},"amp_enabled":true,"_links":{"self":[{"href":"https:\/\/expressometro.mx\/index.php\/wp-json\/wp\/v2\/posts\/11777","targetHints":{"allow":["GET"]}}],"collection":[{"href":"https:\/\/expressometro.mx\/index.php\/wp-json\/wp\/v2\/posts"}],"about":[{"href":"https:\/\/expressometro.mx\/index.php\/wp-json\/wp\/v2\/types\/post"}],"author":[{"embeddable":true,"href":"https:\/\/expressometro.mx\/index.php\/wp-json\/wp\/v2\/users\/1"}],"replies":[{"embeddable":true,"href":"https:\/\/expressometro.mx\/index.php\/wp-json\/wp\/v2\/comments?post=11777"}],"version-history":[{"count":1,"href":"https:\/\/expressometro.mx\/index.php\/wp-json\/wp\/v2\/posts\/11777\/revisions"}],"predecessor-version":[{"id":11780,"href":"https:\/\/expressometro.mx\/index.php\/wp-json\/wp\/v2\/posts\/11777\/revisions\/11780"}],"wp:featuredmedia":[{"embeddable":true,"href":"https:\/\/expressometro.mx\/index.php\/wp-json\/wp\/v2\/media\/11778"}],"wp:attachment":[{"href":"https:\/\/expressometro.mx\/index.php\/wp-json\/wp\/v2\/media?parent=11777"}],"wp:term":[{"taxonomy":"category","embeddable":true,"href":"https:\/\/expressometro.mx\/index.php\/wp-json\/wp\/v2\/categories?post=11777"},{"taxonomy":"post_tag","embeddable":true,"href":"https:\/\/expressometro.mx\/index.php\/wp-json\/wp\/v2\/tags?post=11777"}],"curies":[{"name":"wp","href":"https:\/\/api.w.org\/{rel}","templated":true}]}}