{"id":11772,"date":"2026-03-12T15:57:08","date_gmt":"2026-03-12T21:57:08","guid":{"rendered":"https:\/\/expressometro.mx\/?p=11772"},"modified":"2026-03-14T16:07:54","modified_gmt":"2026-03-14T22:07:54","slug":"avanza-en-comisiones-iniciativa-para-agilizar-tramites-de-nombre","status":"publish","type":"post","link":"https:\/\/expressometro.mx\/index.php\/2026\/03\/12\/avanza-en-comisiones-iniciativa-para-agilizar-tramites-de-nombre\/","title":{"rendered":"AVANZA EN COMISIONES, INICIATIVA PARA AGILIZAR TR\u00c1MITES DE NOMBRE"},"content":{"rendered":"\n<ul class=\"wp-block-list\">\n<li>Se reducir\u00e1, de 30 a 15 d\u00edas h\u00e1biles, el tiempo m\u00e1ximo para que el Consejo Dictaminador resuelva las solicitudes de modificaci\u00f3n, cambio, ampliaci\u00f3n o reducci\u00f3n del sustantivo propio registrado por ser expuesto al rid\u00edculo o por el uso invariable y constante de otro diverso en su vida social y jur\u00eddica.<\/li>\n<\/ul>\n\n\n\n<p>La Comisi\u00f3n de Procuraci\u00f3n y Administraci\u00f3n de Justicia del Congreso local aval\u00f3 reducir, de 30 a 15 d\u00edas h\u00e1biles, el tiempo m\u00e1ximo para que el Consejo Dictaminador de la Direcci\u00f3n General del Registro Civil del Estado de M\u00e9xico resuelva las solicitudes de modificaci\u00f3n, cambio, ampliaci\u00f3n o reducci\u00f3n del sustantivo propio registrado \u2014nombre de pila\u2014 por ser expuesto al rid\u00edculo o por el uso invariable y constante de otro diverso en su vida social y jur\u00eddica.<br>La iniciativa de la diputada Elena Garc\u00eda Mart\u00ednez (morena) que reformar\u00eda el C\u00f3digo Civil estatal establece que lo anterior ser\u00e1 sin que se afecten los apellidos, en t\u00e9rminos de lo dispuesto por los lineamientos que para el efecto se emitan.<br>La propuesta avalada se\u00f1ala que, una vez dictaminada la procedencia de la modificaci\u00f3n del sustantivo propio por el Consejo Dictaminador, se dar\u00e1 aviso a la persona interesada y en un plazo no mayor a dos d\u00edas h\u00e1biles, la Direcci\u00f3n General del Registro Civil notificar\u00e1 a la o el oficial del Registro Civil y a la Jefatura Regional que correspondan, para que, de forma inmediata, realicen la anotaci\u00f3n de modificaci\u00f3n en el acta de nacimiento.<br>Durante la reuni\u00f3n, presidida por la diputada Emma Laura \u00c1lvarez Villavicencio (PAN), la proponente indic\u00f3 que, de aprobarse por el Pleno legislativo, la reforma har\u00e1 que sea m\u00e1s sencillo el tr\u00e1mite para favorecer a las personas que lo necesitan.<br>A\u00f1adi\u00f3 que esto simplifica el tr\u00e1mite de modificaci\u00f3n del sustantivo propio, permitiendo que quienes requieren este servicio lo completen en menos tiempo y adecuen su acta de nacimiento a su realidad jur\u00eddica y social, un documento esencial que, seg\u00fan indic\u00f3, abre la puerta al disfrute de otros derechos fundamentales.<br>Adem\u00e1s, inform\u00f3 que desde el 2014 la legislaci\u00f3n ya prev\u00e9 la posibilidad de que las personas puedan cambiar el sustantivo propio o nombre de pila, como es conocido, de forma administrativa, sin necesidad de acudir a un procedimiento judicial por causas espec\u00edficas.<br>Un ejemplo de lo anterior es la afectaci\u00f3n a la dignidad humana derivada de la exposici\u00f3n al rid\u00edculo, causada por nombres peyorativos que generan burlas en el \u00e1mbito social, provocan sobrenombres o incluso dobles sentidos, y que impactan negativamente en la vida cotidiana de las personas.<br>As\u00ed como el uso invariable y constante de otro diverso en su vida social y jur\u00eddica, en casos como variaciones en el acta de nacimiento, como en los nombres de Mar\u00eda, Jos\u00e9 y Francisco, que se abrevian como \u2018Ma\u2019, \u2018J\u2019 o \u2018Fco\u2019, o con la adopci\u00f3n de un nombre diverso que se us\u00f3 durante toda su vida, generando actos oficiales y que hoy, con la implementaci\u00f3n de sistemas tecnol\u00f3gicos, es necesario adecuar al acta de nacimiento al contexto en el que fueron identificados.<br>Sobre la reforma, la diputada Miriam Silva Mata (PVEM) expuso el caso de una mujer trans que tiene el nombre de un hombre, que se encuentra en la parte de transici\u00f3n y acude a un litigio, en donde tendr\u00eda que apersonarse como un hombre por su nombre. Por lo anterior, indic\u00f3 que se podr\u00eda darse una respuesta r\u00e1pida para estos casos jur\u00eddicos mediante la iniciativa para que el cambio de nombre no sea burocr\u00e1tico, costoso ni engorroso.<br>Finalmente, la diputada Emma \u00c1lvarez destac\u00f3 que la propuesta aprobada representa un avance significativo para el Estado de M\u00e9xico, al ofrecer a la ciudadan\u00eda mayor certeza y plazos claros.<\/p>\n","protected":false},"excerpt":{"rendered":"<p>Se reducir\u00e1, de 30 a 15 d\u00edas h\u00e1biles, el tiempo m\u00e1ximo para que el Consejo Dictaminador resuelva las solicitudes de modificaci\u00f3n, cambio, ampliaci\u00f3n o reducci\u00f3n del sustantivo propio registrado por ser expuesto al rid\u00edculo o por el uso invariable y constante de otro diverso en su vida social y jur\u00eddica.<\/p>\n","protected":false},"author":1,"featured_media":11774,"comment_status":"open","ping_status":"open","sticky":false,"template":"","format":"standard","meta":{"footnotes":""},"categories":[3,1,231],"tags":[1982,2418],"class_list":["post-11772","post","type-post","status-publish","format-standard","has-post-thumbnail","hentry","category-gobierno","category-otros","category-politica","tag-edomex","tag-elena-garcia-martinez"],"yoast_head":"<!-- This site is optimized with the Yoast SEO plugin v27.5 - https:\/\/yoast.com\/product\/yoast-seo-wordpress\/ -->\n<title>AVANZA EN COMISIONES, INICIATIVA PARA AGILIZAR TR\u00c1MITES DE NOMBRE - Expresso Metropolitano<\/title>\n<meta name=\"robots\" content=\"index, follow, max-snippet:-1, max-image-preview:large, max-video-preview:-1\" \/>\n<link rel=\"canonical\" href=\"https:\/\/expressometro.mx\/index.php\/2026\/03\/12\/avanza-en-comisiones-iniciativa-para-agilizar-tramites-de-nombre\/\" \/>\n<meta property=\"og:locale\" content=\"es_MX\" \/>\n<meta property=\"og:type\" content=\"article\" \/>\n<meta property=\"og:title\" content=\"AVANZA EN COMISIONES, INICIATIVA PARA AGILIZAR TR\u00c1MITES DE NOMBRE - Expresso Metropolitano\" \/>\n<meta property=\"og:description\" content=\"Se reducir\u00e1, de 30 a 15 d\u00edas h\u00e1biles, el tiempo m\u00e1ximo para que el Consejo Dictaminador resuelva las solicitudes de modificaci\u00f3n, cambio, ampliaci\u00f3n o reducci\u00f3n del sustantivo propio registrado por ser expuesto al rid\u00edculo o por el uso invariable y constante de otro diverso en su vida social y jur\u00eddica.\" \/>\n<meta property=\"og:url\" content=\"https:\/\/expressometro.mx\/index.php\/2026\/03\/12\/avanza-en-comisiones-iniciativa-para-agilizar-tramites-de-nombre\/\" \/>\n<meta property=\"og:site_name\" content=\"Expresso Metropolitano\" \/>\n<meta property=\"article:published_time\" content=\"2026-03-12T21:57:08+00:00\" \/>\n<meta property=\"article:modified_time\" content=\"2026-03-14T22:07:54+00:00\" \/>\n<meta property=\"og:image\" content=\"http:\/\/expressometro.mx\/wp-content\/uploads\/2026\/03\/WhatsApp-Image-2026-03-12-at-10.09.59-PM.jpeg\" \/>\n\t<meta property=\"og:image:width\" content=\"1600\" \/>\n\t<meta property=\"og:image:height\" content=\"1064\" \/>\n\t<meta property=\"og:image:type\" content=\"image\/jpeg\" \/>\n<meta name=\"author\" content=\"Expresso Metropolitano\" \/>\n<meta name=\"twitter:label1\" content=\"Escrito por\" \/>\n\t<meta name=\"twitter:data1\" content=\"Expresso Metropolitano\" \/>\n\t<meta name=\"twitter:label2\" content=\"Tiempo de lectura\" \/>\n\t<meta name=\"twitter:data2\" content=\"3 minutos\" \/>\n<script type=\"application\/ld+json\" class=\"yoast-schema-graph\">{\"@context\":\"https:\\\/\\\/schema.org\",\"@graph\":[{\"@type\":\"Article\",\"@id\":\"https:\\\/\\\/expressometro.mx\\\/index.php\\\/2026\\\/03\\\/12\\\/avanza-en-comisiones-iniciativa-para-agilizar-tramites-de-nombre\\\/#article\",\"isPartOf\":{\"@id\":\"https:\\\/\\\/expressometro.mx\\\/index.php\\\/2026\\\/03\\\/12\\\/avanza-en-comisiones-iniciativa-para-agilizar-tramites-de-nombre\\\/\"},\"author\":{\"name\":\"Expresso Metropolitano\",\"@id\":\"https:\\\/\\\/expressometro.mx\\\/#\\\/schema\\\/person\\\/efa971b4a0664db8ed5c22b1b0dd2f5d\"},\"headline\":\"AVANZA EN COMISIONES, INICIATIVA PARA AGILIZAR TR\u00c1MITES DE NOMBRE\",\"datePublished\":\"2026-03-12T21:57:08+00:00\",\"dateModified\":\"2026-03-14T22:07:54+00:00\",\"mainEntityOfPage\":{\"@id\":\"https:\\\/\\\/expressometro.mx\\\/index.php\\\/2026\\\/03\\\/12\\\/avanza-en-comisiones-iniciativa-para-agilizar-tramites-de-nombre\\\/\"},\"wordCount\":669,\"commentCount\":0,\"publisher\":{\"@id\":\"https:\\\/\\\/expressometro.mx\\\/#organization\"},\"image\":{\"@id\":\"https:\\\/\\\/expressometro.mx\\\/index.php\\\/2026\\\/03\\\/12\\\/avanza-en-comisiones-iniciativa-para-agilizar-tramites-de-nombre\\\/#primaryimage\"},\"thumbnailUrl\":\"https:\\\/\\\/expressometro.mx\\\/wp-content\\\/uploads\\\/2026\\\/03\\\/WhatsApp-Image-2026-03-12-at-10.09.59-PM.jpeg\",\"keywords\":[\"Edomex\",\"Elena Garc\u00eda Mart\u00ednez\"],\"articleSection\":[\"Gobierno\",\"Otros\",\"Pol\u00edtica\"],\"inLanguage\":\"es\",\"potentialAction\":[{\"@type\":\"CommentAction\",\"name\":\"Comment\",\"target\":[\"https:\\\/\\\/expressometro.mx\\\/index.php\\\/2026\\\/03\\\/12\\\/avanza-en-comisiones-iniciativa-para-agilizar-tramites-de-nombre\\\/#respond\"]}]},{\"@type\":\"WebPage\",\"@id\":\"https:\\\/\\\/expressometro.mx\\\/index.php\\\/2026\\\/03\\\/12\\\/avanza-en-comisiones-iniciativa-para-agilizar-tramites-de-nombre\\\/\",\"url\":\"https:\\\/\\\/expressometro.mx\\\/index.php\\\/2026\\\/03\\\/12\\\/avanza-en-comisiones-iniciativa-para-agilizar-tramites-de-nombre\\\/\",\"name\":\"AVANZA EN COMISIONES, INICIATIVA PARA AGILIZAR TR\u00c1MITES DE NOMBRE - Expresso Metropolitano\",\"isPartOf\":{\"@id\":\"https:\\\/\\\/expressometro.mx\\\/#website\"},\"primaryImageOfPage\":{\"@id\":\"https:\\\/\\\/expressometro.mx\\\/index.php\\\/2026\\\/03\\\/12\\\/avanza-en-comisiones-iniciativa-para-agilizar-tramites-de-nombre\\\/#primaryimage\"},\"image\":{\"@id\":\"https:\\\/\\\/expressometro.mx\\\/index.php\\\/2026\\\/03\\\/12\\\/avanza-en-comisiones-iniciativa-para-agilizar-tramites-de-nombre\\\/#primaryimage\"},\"thumbnailUrl\":\"https:\\\/\\\/expressometro.mx\\\/wp-content\\\/uploads\\\/2026\\\/03\\\/WhatsApp-Image-2026-03-12-at-10.09.59-PM.jpeg\",\"datePublished\":\"2026-03-12T21:57:08+00:00\",\"dateModified\":\"2026-03-14T22:07:54+00:00\",\"breadcrumb\":{\"@id\":\"https:\\\/\\\/expressometro.mx\\\/index.php\\\/2026\\\/03\\\/12\\\/avanza-en-comisiones-iniciativa-para-agilizar-tramites-de-nombre\\\/#breadcrumb\"},\"inLanguage\":\"es\",\"potentialAction\":[{\"@type\":\"ReadAction\",\"target\":[\"https:\\\/\\\/expressometro.mx\\\/index.php\\\/2026\\\/03\\\/12\\\/avanza-en-comisiones-iniciativa-para-agilizar-tramites-de-nombre\\\/\"]}]},{\"@type\":\"ImageObject\",\"inLanguage\":\"es\",\"@id\":\"https:\\\/\\\/expressometro.mx\\\/index.php\\\/2026\\\/03\\\/12\\\/avanza-en-comisiones-iniciativa-para-agilizar-tramites-de-nombre\\\/#primaryimage\",\"url\":\"https:\\\/\\\/expressometro.mx\\\/wp-content\\\/uploads\\\/2026\\\/03\\\/WhatsApp-Image-2026-03-12-at-10.09.59-PM.jpeg\",\"contentUrl\":\"https:\\\/\\\/expressometro.mx\\\/wp-content\\\/uploads\\\/2026\\\/03\\\/WhatsApp-Image-2026-03-12-at-10.09.59-PM.jpeg\",\"width\":1600,\"height\":1064},{\"@type\":\"BreadcrumbList\",\"@id\":\"https:\\\/\\\/expressometro.mx\\\/index.php\\\/2026\\\/03\\\/12\\\/avanza-en-comisiones-iniciativa-para-agilizar-tramites-de-nombre\\\/#breadcrumb\",\"itemListElement\":[{\"@type\":\"ListItem\",\"position\":1,\"name\":\"Inicio\",\"item\":\"https:\\\/\\\/expressometro.mx\\\/\"},{\"@type\":\"ListItem\",\"position\":2,\"name\":\"AVANZA EN COMISIONES, INICIATIVA PARA AGILIZAR TR\u00c1MITES DE NOMBRE\"}]},{\"@type\":\"WebSite\",\"@id\":\"https:\\\/\\\/expressometro.mx\\\/#website\",\"url\":\"https:\\\/\\\/expressometro.mx\\\/\",\"name\":\"Expresso Metropolitano\",\"description\":\"Periodismo comprometido, informaci\u00f3n, investigaci\u00f3n y an\u00e1lisis\",\"publisher\":{\"@id\":\"https:\\\/\\\/expressometro.mx\\\/#organization\"},\"potentialAction\":[{\"@type\":\"SearchAction\",\"target\":{\"@type\":\"EntryPoint\",\"urlTemplate\":\"https:\\\/\\\/expressometro.mx\\\/?s={search_term_string}\"},\"query-input\":{\"@type\":\"PropertyValueSpecification\",\"valueRequired\":true,\"valueName\":\"search_term_string\"}}],\"inLanguage\":\"es\"},{\"@type\":\"Organization\",\"@id\":\"https:\\\/\\\/expressometro.mx\\\/#organization\",\"name\":\"Expresso Metropolitano\",\"url\":\"https:\\\/\\\/expressometro.mx\\\/\",\"logo\":{\"@type\":\"ImageObject\",\"inLanguage\":\"es\",\"@id\":\"https:\\\/\\\/expressometro.mx\\\/#\\\/schema\\\/logo\\\/image\\\/\",\"url\":\"https:\\\/\\\/expressometro.mx\\\/wp-content\\\/uploads\\\/2019\\\/07\\\/cropped-Logo-Expresso-Metropolitano-1-1.jpeg\",\"contentUrl\":\"https:\\\/\\\/expressometro.mx\\\/wp-content\\\/uploads\\\/2019\\\/07\\\/cropped-Logo-Expresso-Metropolitano-1-1.jpeg\",\"width\":290,\"height\":73,\"caption\":\"Expresso Metropolitano\"},\"image\":{\"@id\":\"https:\\\/\\\/expressometro.mx\\\/#\\\/schema\\\/logo\\\/image\\\/\"}},{\"@type\":\"Person\",\"@id\":\"https:\\\/\\\/expressometro.mx\\\/#\\\/schema\\\/person\\\/efa971b4a0664db8ed5c22b1b0dd2f5d\",\"name\":\"Expresso Metropolitano\",\"image\":{\"@type\":\"ImageObject\",\"inLanguage\":\"es\",\"@id\":\"https:\\\/\\\/secure.gravatar.com\\\/avatar\\\/a89f802b8de18c6952f223c88d3d106e9e3679839f4e25a02f4a6cc2ae6ba3b3?s=96&d=mm&r=g\",\"url\":\"https:\\\/\\\/secure.gravatar.com\\\/avatar\\\/a89f802b8de18c6952f223c88d3d106e9e3679839f4e25a02f4a6cc2ae6ba3b3?s=96&d=mm&r=g\",\"contentUrl\":\"https:\\\/\\\/secure.gravatar.com\\\/avatar\\\/a89f802b8de18c6952f223c88d3d106e9e3679839f4e25a02f4a6cc2ae6ba3b3?s=96&d=mm&r=g\",\"caption\":\"Expresso Metropolitano\"},\"url\":\"https:\\\/\\\/expressometro.mx\\\/index.php\\\/author\\\/diego\\\/\"}]}<\/script>\n<!-- \/ Yoast SEO plugin. -->","yoast_head_json":{"title":"AVANZA EN COMISIONES, INICIATIVA PARA AGILIZAR TR\u00c1MITES DE NOMBRE - Expresso Metropolitano","robots":{"index":"index","follow":"follow","max-snippet":"max-snippet:-1","max-image-preview":"max-image-preview:large","max-video-preview":"max-video-preview:-1"},"canonical":"https:\/\/expressometro.mx\/index.php\/2026\/03\/12\/avanza-en-comisiones-iniciativa-para-agilizar-tramites-de-nombre\/","og_locale":"es_MX","og_type":"article","og_title":"AVANZA EN COMISIONES, INICIATIVA PARA AGILIZAR TR\u00c1MITES DE NOMBRE - Expresso Metropolitano","og_description":"Se reducir\u00e1, de 30 a 15 d\u00edas h\u00e1biles, el tiempo m\u00e1ximo para que el Consejo Dictaminador resuelva las solicitudes de modificaci\u00f3n, cambio, ampliaci\u00f3n o reducci\u00f3n del sustantivo propio registrado por ser expuesto al rid\u00edculo o por el uso invariable y constante de otro diverso en su vida social y jur\u00eddica.","og_url":"https:\/\/expressometro.mx\/index.php\/2026\/03\/12\/avanza-en-comisiones-iniciativa-para-agilizar-tramites-de-nombre\/","og_site_name":"Expresso Metropolitano","article_published_time":"2026-03-12T21:57:08+00:00","article_modified_time":"2026-03-14T22:07:54+00:00","og_image":[{"width":1600,"height":1064,"url":"http:\/\/expressometro.mx\/wp-content\/uploads\/2026\/03\/WhatsApp-Image-2026-03-12-at-10.09.59-PM.jpeg","type":"image\/jpeg"}],"author":"Expresso Metropolitano","twitter_misc":{"Escrito por":"Expresso Metropolitano","Tiempo de lectura":"3 minutos"},"schema":{"@context":"https:\/\/schema.org","@graph":[{"@type":"Article","@id":"https:\/\/expressometro.mx\/index.php\/2026\/03\/12\/avanza-en-comisiones-iniciativa-para-agilizar-tramites-de-nombre\/#article","isPartOf":{"@id":"https:\/\/expressometro.mx\/index.php\/2026\/03\/12\/avanza-en-comisiones-iniciativa-para-agilizar-tramites-de-nombre\/"},"author":{"name":"Expresso Metropolitano","@id":"https:\/\/expressometro.mx\/#\/schema\/person\/efa971b4a0664db8ed5c22b1b0dd2f5d"},"headline":"AVANZA EN COMISIONES, INICIATIVA PARA AGILIZAR TR\u00c1MITES DE NOMBRE","datePublished":"2026-03-12T21:57:08+00:00","dateModified":"2026-03-14T22:07:54+00:00","mainEntityOfPage":{"@id":"https:\/\/expressometro.mx\/index.php\/2026\/03\/12\/avanza-en-comisiones-iniciativa-para-agilizar-tramites-de-nombre\/"},"wordCount":669,"commentCount":0,"publisher":{"@id":"https:\/\/expressometro.mx\/#organization"},"image":{"@id":"https:\/\/expressometro.mx\/index.php\/2026\/03\/12\/avanza-en-comisiones-iniciativa-para-agilizar-tramites-de-nombre\/#primaryimage"},"thumbnailUrl":"https:\/\/expressometro.mx\/wp-content\/uploads\/2026\/03\/WhatsApp-Image-2026-03-12-at-10.09.59-PM.jpeg","keywords":["Edomex","Elena Garc\u00eda Mart\u00ednez"],"articleSection":["Gobierno","Otros","Pol\u00edtica"],"inLanguage":"es","potentialAction":[{"@type":"CommentAction","name":"Comment","target":["https:\/\/expressometro.mx\/index.php\/2026\/03\/12\/avanza-en-comisiones-iniciativa-para-agilizar-tramites-de-nombre\/#respond"]}]},{"@type":"WebPage","@id":"https:\/\/expressometro.mx\/index.php\/2026\/03\/12\/avanza-en-comisiones-iniciativa-para-agilizar-tramites-de-nombre\/","url":"https:\/\/expressometro.mx\/index.php\/2026\/03\/12\/avanza-en-comisiones-iniciativa-para-agilizar-tramites-de-nombre\/","name":"AVANZA EN COMISIONES, INICIATIVA PARA AGILIZAR TR\u00c1MITES DE NOMBRE - Expresso Metropolitano","isPartOf":{"@id":"https:\/\/expressometro.mx\/#website"},"primaryImageOfPage":{"@id":"https:\/\/expressometro.mx\/index.php\/2026\/03\/12\/avanza-en-comisiones-iniciativa-para-agilizar-tramites-de-nombre\/#primaryimage"},"image":{"@id":"https:\/\/expressometro.mx\/index.php\/2026\/03\/12\/avanza-en-comisiones-iniciativa-para-agilizar-tramites-de-nombre\/#primaryimage"},"thumbnailUrl":"https:\/\/expressometro.mx\/wp-content\/uploads\/2026\/03\/WhatsApp-Image-2026-03-12-at-10.09.59-PM.jpeg","datePublished":"2026-03-12T21:57:08+00:00","dateModified":"2026-03-14T22:07:54+00:00","breadcrumb":{"@id":"https:\/\/expressometro.mx\/index.php\/2026\/03\/12\/avanza-en-comisiones-iniciativa-para-agilizar-tramites-de-nombre\/#breadcrumb"},"inLanguage":"es","potentialAction":[{"@type":"ReadAction","target":["https:\/\/expressometro.mx\/index.php\/2026\/03\/12\/avanza-en-comisiones-iniciativa-para-agilizar-tramites-de-nombre\/"]}]},{"@type":"ImageObject","inLanguage":"es","@id":"https:\/\/expressometro.mx\/index.php\/2026\/03\/12\/avanza-en-comisiones-iniciativa-para-agilizar-tramites-de-nombre\/#primaryimage","url":"https:\/\/expressometro.mx\/wp-content\/uploads\/2026\/03\/WhatsApp-Image-2026-03-12-at-10.09.59-PM.jpeg","contentUrl":"https:\/\/expressometro.mx\/wp-content\/uploads\/2026\/03\/WhatsApp-Image-2026-03-12-at-10.09.59-PM.jpeg","width":1600,"height":1064},{"@type":"BreadcrumbList","@id":"https:\/\/expressometro.mx\/index.php\/2026\/03\/12\/avanza-en-comisiones-iniciativa-para-agilizar-tramites-de-nombre\/#breadcrumb","itemListElement":[{"@type":"ListItem","position":1,"name":"Inicio","item":"https:\/\/expressometro.mx\/"},{"@type":"ListItem","position":2,"name":"AVANZA EN COMISIONES, INICIATIVA PARA AGILIZAR TR\u00c1MITES DE NOMBRE"}]},{"@type":"WebSite","@id":"https:\/\/expressometro.mx\/#website","url":"https:\/\/expressometro.mx\/","name":"Expresso Metropolitano","description":"Periodismo comprometido, informaci\u00f3n, investigaci\u00f3n y an\u00e1lisis","publisher":{"@id":"https:\/\/expressometro.mx\/#organization"},"potentialAction":[{"@type":"SearchAction","target":{"@type":"EntryPoint","urlTemplate":"https:\/\/expressometro.mx\/?s={search_term_string}"},"query-input":{"@type":"PropertyValueSpecification","valueRequired":true,"valueName":"search_term_string"}}],"inLanguage":"es"},{"@type":"Organization","@id":"https:\/\/expressometro.mx\/#organization","name":"Expresso Metropolitano","url":"https:\/\/expressometro.mx\/","logo":{"@type":"ImageObject","inLanguage":"es","@id":"https:\/\/expressometro.mx\/#\/schema\/logo\/image\/","url":"https:\/\/expressometro.mx\/wp-content\/uploads\/2019\/07\/cropped-Logo-Expresso-Metropolitano-1-1.jpeg","contentUrl":"https:\/\/expressometro.mx\/wp-content\/uploads\/2019\/07\/cropped-Logo-Expresso-Metropolitano-1-1.jpeg","width":290,"height":73,"caption":"Expresso Metropolitano"},"image":{"@id":"https:\/\/expressometro.mx\/#\/schema\/logo\/image\/"}},{"@type":"Person","@id":"https:\/\/expressometro.mx\/#\/schema\/person\/efa971b4a0664db8ed5c22b1b0dd2f5d","name":"Expresso Metropolitano","image":{"@type":"ImageObject","inLanguage":"es","@id":"https:\/\/secure.gravatar.com\/avatar\/a89f802b8de18c6952f223c88d3d106e9e3679839f4e25a02f4a6cc2ae6ba3b3?s=96&d=mm&r=g","url":"https:\/\/secure.gravatar.com\/avatar\/a89f802b8de18c6952f223c88d3d106e9e3679839f4e25a02f4a6cc2ae6ba3b3?s=96&d=mm&r=g","contentUrl":"https:\/\/secure.gravatar.com\/avatar\/a89f802b8de18c6952f223c88d3d106e9e3679839f4e25a02f4a6cc2ae6ba3b3?s=96&d=mm&r=g","caption":"Expresso Metropolitano"},"url":"https:\/\/expressometro.mx\/index.php\/author\/diego\/"}]}},"amp_enabled":true,"_links":{"self":[{"href":"https:\/\/expressometro.mx\/index.php\/wp-json\/wp\/v2\/posts\/11772","targetHints":{"allow":["GET"]}}],"collection":[{"href":"https:\/\/expressometro.mx\/index.php\/wp-json\/wp\/v2\/posts"}],"about":[{"href":"https:\/\/expressometro.mx\/index.php\/wp-json\/wp\/v2\/types\/post"}],"author":[{"embeddable":true,"href":"https:\/\/expressometro.mx\/index.php\/wp-json\/wp\/v2\/users\/1"}],"replies":[{"embeddable":true,"href":"https:\/\/expressometro.mx\/index.php\/wp-json\/wp\/v2\/comments?post=11772"}],"version-history":[{"count":1,"href":"https:\/\/expressometro.mx\/index.php\/wp-json\/wp\/v2\/posts\/11772\/revisions"}],"predecessor-version":[{"id":11775,"href":"https:\/\/expressometro.mx\/index.php\/wp-json\/wp\/v2\/posts\/11772\/revisions\/11775"}],"wp:featuredmedia":[{"embeddable":true,"href":"https:\/\/expressometro.mx\/index.php\/wp-json\/wp\/v2\/media\/11774"}],"wp:attachment":[{"href":"https:\/\/expressometro.mx\/index.php\/wp-json\/wp\/v2\/media?parent=11772"}],"wp:term":[{"taxonomy":"category","embeddable":true,"href":"https:\/\/expressometro.mx\/index.php\/wp-json\/wp\/v2\/categories?post=11772"},{"taxonomy":"post_tag","embeddable":true,"href":"https:\/\/expressometro.mx\/index.php\/wp-json\/wp\/v2\/tags?post=11772"}],"curies":[{"name":"wp","href":"https:\/\/api.w.org\/{rel}","templated":true}]}}