{"id":11760,"date":"2026-03-09T16:24:28","date_gmt":"2026-03-09T22:24:28","guid":{"rendered":"https:\/\/expressometro.mx\/?p=11760"},"modified":"2026-03-12T16:27:02","modified_gmt":"2026-03-12T22:27:02","slug":"los-espacios-de-las-mujeres-no-se-negocian-cristina-ruiz","status":"publish","type":"post","link":"https:\/\/expressometro.mx\/index.php\/2026\/03\/09\/los-espacios-de-las-mujeres-no-se-negocian-cristina-ruiz\/","title":{"rendered":"\u201cLOS ESPACIOS DE LAS MUJERES NO SE NEGOCIAN&#8221;: CRISTINA RUIZ"},"content":{"rendered":"\n<p>\u201cNo nos callaron antes ni lo har\u00e1n ahora; la mujer no es una cuota, somos el centro del pa\u00eds\u201d, afirm\u00f3 la dirigente estatal del PRI.<\/p>\n\n\n\n<p>La Presidenta del PRI del Estado de M\u00e9xico, Cristina Ruiz Sandoval, encabez\u00f3 la toma de protesta de Aurora Gonz\u00e1lez Ledezma como dirigente estatal del Organismo Nacional de Mujeres Priistas (ONMPRI).<\/p>\n\n\n\n<p>Desde la sede estatal del partido, Ruiz Sandoval sostuvo que los espacios que hoy ocupan las mujeres en la vida p\u00fablica no surgieron de concesiones, sino de d\u00e9cadas de lucha pol\u00edtica.<\/p>\n\n\n\n<p>\u201cNo nos callaron antes ni lo har\u00e1n ahora. La mujer no es una cuota, somos el centro del pa\u00eds\u201d, expres\u00f3 ante la presidenta nacional del ONMPRI, la diputada Adriana Rej\u00f3n Lara, y liderazgos del priismo mexiquense.<\/p>\n\n\n\n<p>Durante su intervenci\u00f3n, habl\u00f3 del peso que tienen las mujeres en el Estado de M\u00e9xico.<\/p>\n\n\n\n<p>\u201cHablar del Estado de M\u00e9xico es hablar de un estado poderoso y trabajador, donde nuestro motor principal son los 8.7 millones de mujeres que representamos la mitad de la poblaci\u00f3n\u201d, dijo.<\/p>\n\n\n\n<p>Ruiz Sandoval tambi\u00e9n se refiri\u00f3 a la realidad que enfrentan miles de mujeres en la entidad. Se\u00f1al\u00f3 que los datos muestran un problema que sigue presente en la vida cotidiana.<\/p>\n\n\n\n<p>\u201cHoy prevalece el silencio y el miedo. El 78% de las mujeres de 15 a\u00f1os o m\u00e1s ha vivido alg\u00fan tipo de violencia\u201d, indic\u00f3.<\/p>\n\n\n\n<p>A\u00f1adi\u00f3 que la violencia no se limita a la agresi\u00f3n f\u00edsica.<\/p>\n\n\n\n<p>\u201cNo es solo el golpe. Tambi\u00e9n es la humillaci\u00f3n, el acoso y la discriminaci\u00f3n que muchas mujeres enfrentan todos los d\u00edas. Eso es lo que debemos erradicar. En el PRI no seremos c\u00f3mplices del silencio\u201d.<\/p>\n\n\n\n<p>La dirigente priista adelant\u00f3 que el partido impulsar\u00e1 durante marzo propuestas legislativas orientadas a fortalecer la protecci\u00f3n de los derechos de las mujeres y su seguridad.<\/p>\n\n\n\n<p>Tambi\u00e9n habl\u00f3 de los intentos por retroceder en los avances de paridad pol\u00edtica.<\/p>\n\n\n\n<p>\u201cLos espacios que hoy ocupamos no son un regalo del poder. Son resultado de a\u00f1os de lucha. Quien intenta quitarlos defiende el machismo, no la democracia\u201d.<\/p>\n\n\n\n<p>A\u00f1adi\u00f3 que reducir la participaci\u00f3n de las mujeres en la vida p\u00fablica tambi\u00e9n constituye violencia pol\u00edtica.<\/p>\n\n\n\n<p>\u201cNo nos callaron antes y no lo har\u00e1n ahora. Los espacios de las mujeres no se negocian\u201d.<\/p>\n\n\n\n<p>En el mismo acto, Aurora Gonz\u00e1lez Ledezma asumi\u00f3 la dirigencia estatal del ONMPRI con un llamado a fortalecer la organizaci\u00f3n de las mujeres en todo el territorio mexiquense.<\/p>\n\n\n\n<p>Se\u00f1al\u00f3 que en la entidad viven cerca de 9 millones de mujeres, muchas de ellas enfrentando una realidad distinta a la que prometi\u00f3 el gobierno actual.<\/p>\n\n\n\n<p>Record\u00f3 que diversas pol\u00edticas p\u00fablicas que hoy existen para proteger a las mujeres nacieron en administraciones priistas: refugios para v\u00edctimas de violencia, alertas de g\u00e9nero, institutos municipales de la mujer y programas de apoyo.<\/p>\n\n\n\n<p>\u201cTodo eso lo construy\u00f3 el PRI\u201d, afirm\u00f3.<\/p>\n\n\n\n<p>Aurora Gonz\u00e1lez plante\u00f3 que el ONMPRI trabajar\u00e1 sobre tres ejes.<\/p>\n\n\n\n<p>El primero, colocar a las mujeres en el centro de la organizaci\u00f3n pol\u00edtica del partido, fortaleciendo la presencia del organismo en los 125 municipios con trabajo territorial y una agenda comunitaria secci\u00f3n por secci\u00f3n.<\/p>\n\n\n\n<p>El segundo, impulsar la capacitaci\u00f3n y formaci\u00f3n de liderazgos femeninos.<\/p>\n\n\n\n<p>El tercero, fortalecer la unidad entre las mujeres priistas para consolidar una estructura pol\u00edtica que permita formar nuevos cuadros y ampliar la participaci\u00f3n femenina en la vida p\u00fablica.<\/p>\n\n\n\n<p>\u201cEstamos preparadas para asumir responsabilidades, para formar liderazgos y para seguir abriendo camino a m\u00e1s mujeres en la vida pol\u00edtica del Estado de M\u00e9xico\u201d, concluy\u00f3.<\/p>\n","protected":false},"excerpt":{"rendered":"<p>La Presidenta del PRI del Estado de M\u00e9xico, Cristina Ruiz Sandoval, encabez\u00f3 la toma de protesta de Aurora Gonz\u00e1lez Ledezma como dirigente estatal del Organismo Nacional de Mujeres Priistas (ONMPRI).<\/p>\n","protected":false},"author":1,"featured_media":11762,"comment_status":"open","ping_status":"open","sticky":false,"template":"","format":"standard","meta":{"footnotes":""},"categories":[3,1,231],"tags":[2283,1982,158],"class_list":["post-11760","post","type-post","status-publish","format-standard","has-post-thumbnail","hentry","category-gobierno","category-otros","category-politica","tag-cristina-ruiz-sandoval","tag-edomex","tag-pri"],"yoast_head":"<!-- This site is optimized with the Yoast SEO plugin v27.5 - https:\/\/yoast.com\/product\/yoast-seo-wordpress\/ -->\n<title>\u201cLOS ESPACIOS DE LAS MUJERES NO SE NEGOCIAN&quot;: CRISTINA RUIZ - Expresso Metropolitano<\/title>\n<meta name=\"robots\" content=\"index, follow, max-snippet:-1, max-image-preview:large, max-video-preview:-1\" \/>\n<link rel=\"canonical\" href=\"https:\/\/expressometro.mx\/index.php\/2026\/03\/09\/los-espacios-de-las-mujeres-no-se-negocian-cristina-ruiz\/\" \/>\n<meta property=\"og:locale\" content=\"es_MX\" \/>\n<meta property=\"og:type\" content=\"article\" \/>\n<meta property=\"og:title\" content=\"\u201cLOS ESPACIOS DE LAS MUJERES NO SE NEGOCIAN&quot;: CRISTINA RUIZ - Expresso Metropolitano\" \/>\n<meta property=\"og:description\" content=\"La Presidenta del PRI del Estado de M\u00e9xico, Cristina Ruiz Sandoval, encabez\u00f3 la toma de protesta de Aurora Gonz\u00e1lez Ledezma como dirigente estatal del Organismo Nacional de Mujeres Priistas (ONMPRI).\" \/>\n<meta property=\"og:url\" content=\"https:\/\/expressometro.mx\/index.php\/2026\/03\/09\/los-espacios-de-las-mujeres-no-se-negocian-cristina-ruiz\/\" \/>\n<meta property=\"og:site_name\" content=\"Expresso Metropolitano\" \/>\n<meta property=\"article:published_time\" content=\"2026-03-09T22:24:28+00:00\" \/>\n<meta property=\"article:modified_time\" content=\"2026-03-12T22:27:02+00:00\" \/>\n<meta property=\"og:image\" content=\"http:\/\/expressometro.mx\/wp-content\/uploads\/2026\/03\/WhatsApp-Image-2026-03-09-at-4.44.48-PM.jpeg\" \/>\n\t<meta property=\"og:image:width\" content=\"1280\" \/>\n\t<meta property=\"og:image:height\" content=\"853\" \/>\n\t<meta property=\"og:image:type\" content=\"image\/jpeg\" \/>\n<meta name=\"author\" content=\"Expresso Metropolitano\" \/>\n<meta name=\"twitter:label1\" content=\"Escrito por\" \/>\n\t<meta name=\"twitter:data1\" content=\"Expresso Metropolitano\" \/>\n\t<meta name=\"twitter:label2\" content=\"Tiempo de lectura\" \/>\n\t<meta name=\"twitter:data2\" content=\"3 minutos\" \/>\n<script type=\"application\/ld+json\" class=\"yoast-schema-graph\">{\"@context\":\"https:\\\/\\\/schema.org\",\"@graph\":[{\"@type\":\"Article\",\"@id\":\"https:\\\/\\\/expressometro.mx\\\/index.php\\\/2026\\\/03\\\/09\\\/los-espacios-de-las-mujeres-no-se-negocian-cristina-ruiz\\\/#article\",\"isPartOf\":{\"@id\":\"https:\\\/\\\/expressometro.mx\\\/index.php\\\/2026\\\/03\\\/09\\\/los-espacios-de-las-mujeres-no-se-negocian-cristina-ruiz\\\/\"},\"author\":{\"name\":\"Expresso Metropolitano\",\"@id\":\"https:\\\/\\\/expressometro.mx\\\/#\\\/schema\\\/person\\\/efa971b4a0664db8ed5c22b1b0dd2f5d\"},\"headline\":\"\u201cLOS ESPACIOS DE LAS MUJERES NO SE NEGOCIAN&#8221;: CRISTINA RUIZ\",\"datePublished\":\"2026-03-09T22:24:28+00:00\",\"dateModified\":\"2026-03-12T22:27:02+00:00\",\"mainEntityOfPage\":{\"@id\":\"https:\\\/\\\/expressometro.mx\\\/index.php\\\/2026\\\/03\\\/09\\\/los-espacios-de-las-mujeres-no-se-negocian-cristina-ruiz\\\/\"},\"wordCount\":630,\"commentCount\":0,\"publisher\":{\"@id\":\"https:\\\/\\\/expressometro.mx\\\/#organization\"},\"image\":{\"@id\":\"https:\\\/\\\/expressometro.mx\\\/index.php\\\/2026\\\/03\\\/09\\\/los-espacios-de-las-mujeres-no-se-negocian-cristina-ruiz\\\/#primaryimage\"},\"thumbnailUrl\":\"https:\\\/\\\/expressometro.mx\\\/wp-content\\\/uploads\\\/2026\\\/03\\\/WhatsApp-Image-2026-03-09-at-4.44.48-PM.jpeg\",\"keywords\":[\"Cristina Ru\u00edz Sandoval\",\"Edomex\",\"PRI\"],\"articleSection\":[\"Gobierno\",\"Otros\",\"Pol\u00edtica\"],\"inLanguage\":\"es\",\"potentialAction\":[{\"@type\":\"CommentAction\",\"name\":\"Comment\",\"target\":[\"https:\\\/\\\/expressometro.mx\\\/index.php\\\/2026\\\/03\\\/09\\\/los-espacios-de-las-mujeres-no-se-negocian-cristina-ruiz\\\/#respond\"]}]},{\"@type\":\"WebPage\",\"@id\":\"https:\\\/\\\/expressometro.mx\\\/index.php\\\/2026\\\/03\\\/09\\\/los-espacios-de-las-mujeres-no-se-negocian-cristina-ruiz\\\/\",\"url\":\"https:\\\/\\\/expressometro.mx\\\/index.php\\\/2026\\\/03\\\/09\\\/los-espacios-de-las-mujeres-no-se-negocian-cristina-ruiz\\\/\",\"name\":\"\u201cLOS ESPACIOS DE LAS MUJERES NO SE NEGOCIAN\\\": CRISTINA RUIZ - Expresso Metropolitano\",\"isPartOf\":{\"@id\":\"https:\\\/\\\/expressometro.mx\\\/#website\"},\"primaryImageOfPage\":{\"@id\":\"https:\\\/\\\/expressometro.mx\\\/index.php\\\/2026\\\/03\\\/09\\\/los-espacios-de-las-mujeres-no-se-negocian-cristina-ruiz\\\/#primaryimage\"},\"image\":{\"@id\":\"https:\\\/\\\/expressometro.mx\\\/index.php\\\/2026\\\/03\\\/09\\\/los-espacios-de-las-mujeres-no-se-negocian-cristina-ruiz\\\/#primaryimage\"},\"thumbnailUrl\":\"https:\\\/\\\/expressometro.mx\\\/wp-content\\\/uploads\\\/2026\\\/03\\\/WhatsApp-Image-2026-03-09-at-4.44.48-PM.jpeg\",\"datePublished\":\"2026-03-09T22:24:28+00:00\",\"dateModified\":\"2026-03-12T22:27:02+00:00\",\"breadcrumb\":{\"@id\":\"https:\\\/\\\/expressometro.mx\\\/index.php\\\/2026\\\/03\\\/09\\\/los-espacios-de-las-mujeres-no-se-negocian-cristina-ruiz\\\/#breadcrumb\"},\"inLanguage\":\"es\",\"potentialAction\":[{\"@type\":\"ReadAction\",\"target\":[\"https:\\\/\\\/expressometro.mx\\\/index.php\\\/2026\\\/03\\\/09\\\/los-espacios-de-las-mujeres-no-se-negocian-cristina-ruiz\\\/\"]}]},{\"@type\":\"ImageObject\",\"inLanguage\":\"es\",\"@id\":\"https:\\\/\\\/expressometro.mx\\\/index.php\\\/2026\\\/03\\\/09\\\/los-espacios-de-las-mujeres-no-se-negocian-cristina-ruiz\\\/#primaryimage\",\"url\":\"https:\\\/\\\/expressometro.mx\\\/wp-content\\\/uploads\\\/2026\\\/03\\\/WhatsApp-Image-2026-03-09-at-4.44.48-PM.jpeg\",\"contentUrl\":\"https:\\\/\\\/expressometro.mx\\\/wp-content\\\/uploads\\\/2026\\\/03\\\/WhatsApp-Image-2026-03-09-at-4.44.48-PM.jpeg\",\"width\":1280,\"height\":853},{\"@type\":\"BreadcrumbList\",\"@id\":\"https:\\\/\\\/expressometro.mx\\\/index.php\\\/2026\\\/03\\\/09\\\/los-espacios-de-las-mujeres-no-se-negocian-cristina-ruiz\\\/#breadcrumb\",\"itemListElement\":[{\"@type\":\"ListItem\",\"position\":1,\"name\":\"Inicio\",\"item\":\"https:\\\/\\\/expressometro.mx\\\/\"},{\"@type\":\"ListItem\",\"position\":2,\"name\":\"\u201cLOS ESPACIOS DE LAS MUJERES NO SE NEGOCIAN&#8221;: CRISTINA RUIZ\"}]},{\"@type\":\"WebSite\",\"@id\":\"https:\\\/\\\/expressometro.mx\\\/#website\",\"url\":\"https:\\\/\\\/expressometro.mx\\\/\",\"name\":\"Expresso Metropolitano\",\"description\":\"Periodismo comprometido, informaci\u00f3n, investigaci\u00f3n y an\u00e1lisis\",\"publisher\":{\"@id\":\"https:\\\/\\\/expressometro.mx\\\/#organization\"},\"potentialAction\":[{\"@type\":\"SearchAction\",\"target\":{\"@type\":\"EntryPoint\",\"urlTemplate\":\"https:\\\/\\\/expressometro.mx\\\/?s={search_term_string}\"},\"query-input\":{\"@type\":\"PropertyValueSpecification\",\"valueRequired\":true,\"valueName\":\"search_term_string\"}}],\"inLanguage\":\"es\"},{\"@type\":\"Organization\",\"@id\":\"https:\\\/\\\/expressometro.mx\\\/#organization\",\"name\":\"Expresso Metropolitano\",\"url\":\"https:\\\/\\\/expressometro.mx\\\/\",\"logo\":{\"@type\":\"ImageObject\",\"inLanguage\":\"es\",\"@id\":\"https:\\\/\\\/expressometro.mx\\\/#\\\/schema\\\/logo\\\/image\\\/\",\"url\":\"https:\\\/\\\/expressometro.mx\\\/wp-content\\\/uploads\\\/2019\\\/07\\\/cropped-Logo-Expresso-Metropolitano-1-1.jpeg\",\"contentUrl\":\"https:\\\/\\\/expressometro.mx\\\/wp-content\\\/uploads\\\/2019\\\/07\\\/cropped-Logo-Expresso-Metropolitano-1-1.jpeg\",\"width\":290,\"height\":73,\"caption\":\"Expresso Metropolitano\"},\"image\":{\"@id\":\"https:\\\/\\\/expressometro.mx\\\/#\\\/schema\\\/logo\\\/image\\\/\"}},{\"@type\":\"Person\",\"@id\":\"https:\\\/\\\/expressometro.mx\\\/#\\\/schema\\\/person\\\/efa971b4a0664db8ed5c22b1b0dd2f5d\",\"name\":\"Expresso Metropolitano\",\"image\":{\"@type\":\"ImageObject\",\"inLanguage\":\"es\",\"@id\":\"https:\\\/\\\/secure.gravatar.com\\\/avatar\\\/a89f802b8de18c6952f223c88d3d106e9e3679839f4e25a02f4a6cc2ae6ba3b3?s=96&d=mm&r=g\",\"url\":\"https:\\\/\\\/secure.gravatar.com\\\/avatar\\\/a89f802b8de18c6952f223c88d3d106e9e3679839f4e25a02f4a6cc2ae6ba3b3?s=96&d=mm&r=g\",\"contentUrl\":\"https:\\\/\\\/secure.gravatar.com\\\/avatar\\\/a89f802b8de18c6952f223c88d3d106e9e3679839f4e25a02f4a6cc2ae6ba3b3?s=96&d=mm&r=g\",\"caption\":\"Expresso Metropolitano\"},\"url\":\"https:\\\/\\\/expressometro.mx\\\/index.php\\\/author\\\/diego\\\/\"}]}<\/script>\n<!-- \/ Yoast SEO plugin. -->","yoast_head_json":{"title":"\u201cLOS ESPACIOS DE LAS MUJERES NO SE NEGOCIAN\": CRISTINA RUIZ - Expresso Metropolitano","robots":{"index":"index","follow":"follow","max-snippet":"max-snippet:-1","max-image-preview":"max-image-preview:large","max-video-preview":"max-video-preview:-1"},"canonical":"https:\/\/expressometro.mx\/index.php\/2026\/03\/09\/los-espacios-de-las-mujeres-no-se-negocian-cristina-ruiz\/","og_locale":"es_MX","og_type":"article","og_title":"\u201cLOS ESPACIOS DE LAS MUJERES NO SE NEGOCIAN\": CRISTINA RUIZ - Expresso Metropolitano","og_description":"La Presidenta del PRI del Estado de M\u00e9xico, Cristina Ruiz Sandoval, encabez\u00f3 la toma de protesta de Aurora Gonz\u00e1lez Ledezma como dirigente estatal del Organismo Nacional de Mujeres Priistas (ONMPRI).","og_url":"https:\/\/expressometro.mx\/index.php\/2026\/03\/09\/los-espacios-de-las-mujeres-no-se-negocian-cristina-ruiz\/","og_site_name":"Expresso Metropolitano","article_published_time":"2026-03-09T22:24:28+00:00","article_modified_time":"2026-03-12T22:27:02+00:00","og_image":[{"width":1280,"height":853,"url":"http:\/\/expressometro.mx\/wp-content\/uploads\/2026\/03\/WhatsApp-Image-2026-03-09-at-4.44.48-PM.jpeg","type":"image\/jpeg"}],"author":"Expresso Metropolitano","twitter_misc":{"Escrito por":"Expresso Metropolitano","Tiempo de lectura":"3 minutos"},"schema":{"@context":"https:\/\/schema.org","@graph":[{"@type":"Article","@id":"https:\/\/expressometro.mx\/index.php\/2026\/03\/09\/los-espacios-de-las-mujeres-no-se-negocian-cristina-ruiz\/#article","isPartOf":{"@id":"https:\/\/expressometro.mx\/index.php\/2026\/03\/09\/los-espacios-de-las-mujeres-no-se-negocian-cristina-ruiz\/"},"author":{"name":"Expresso Metropolitano","@id":"https:\/\/expressometro.mx\/#\/schema\/person\/efa971b4a0664db8ed5c22b1b0dd2f5d"},"headline":"\u201cLOS ESPACIOS DE LAS MUJERES NO SE NEGOCIAN&#8221;: CRISTINA RUIZ","datePublished":"2026-03-09T22:24:28+00:00","dateModified":"2026-03-12T22:27:02+00:00","mainEntityOfPage":{"@id":"https:\/\/expressometro.mx\/index.php\/2026\/03\/09\/los-espacios-de-las-mujeres-no-se-negocian-cristina-ruiz\/"},"wordCount":630,"commentCount":0,"publisher":{"@id":"https:\/\/expressometro.mx\/#organization"},"image":{"@id":"https:\/\/expressometro.mx\/index.php\/2026\/03\/09\/los-espacios-de-las-mujeres-no-se-negocian-cristina-ruiz\/#primaryimage"},"thumbnailUrl":"https:\/\/expressometro.mx\/wp-content\/uploads\/2026\/03\/WhatsApp-Image-2026-03-09-at-4.44.48-PM.jpeg","keywords":["Cristina Ru\u00edz Sandoval","Edomex","PRI"],"articleSection":["Gobierno","Otros","Pol\u00edtica"],"inLanguage":"es","potentialAction":[{"@type":"CommentAction","name":"Comment","target":["https:\/\/expressometro.mx\/index.php\/2026\/03\/09\/los-espacios-de-las-mujeres-no-se-negocian-cristina-ruiz\/#respond"]}]},{"@type":"WebPage","@id":"https:\/\/expressometro.mx\/index.php\/2026\/03\/09\/los-espacios-de-las-mujeres-no-se-negocian-cristina-ruiz\/","url":"https:\/\/expressometro.mx\/index.php\/2026\/03\/09\/los-espacios-de-las-mujeres-no-se-negocian-cristina-ruiz\/","name":"\u201cLOS ESPACIOS DE LAS MUJERES NO SE NEGOCIAN\": CRISTINA RUIZ - Expresso Metropolitano","isPartOf":{"@id":"https:\/\/expressometro.mx\/#website"},"primaryImageOfPage":{"@id":"https:\/\/expressometro.mx\/index.php\/2026\/03\/09\/los-espacios-de-las-mujeres-no-se-negocian-cristina-ruiz\/#primaryimage"},"image":{"@id":"https:\/\/expressometro.mx\/index.php\/2026\/03\/09\/los-espacios-de-las-mujeres-no-se-negocian-cristina-ruiz\/#primaryimage"},"thumbnailUrl":"https:\/\/expressometro.mx\/wp-content\/uploads\/2026\/03\/WhatsApp-Image-2026-03-09-at-4.44.48-PM.jpeg","datePublished":"2026-03-09T22:24:28+00:00","dateModified":"2026-03-12T22:27:02+00:00","breadcrumb":{"@id":"https:\/\/expressometro.mx\/index.php\/2026\/03\/09\/los-espacios-de-las-mujeres-no-se-negocian-cristina-ruiz\/#breadcrumb"},"inLanguage":"es","potentialAction":[{"@type":"ReadAction","target":["https:\/\/expressometro.mx\/index.php\/2026\/03\/09\/los-espacios-de-las-mujeres-no-se-negocian-cristina-ruiz\/"]}]},{"@type":"ImageObject","inLanguage":"es","@id":"https:\/\/expressometro.mx\/index.php\/2026\/03\/09\/los-espacios-de-las-mujeres-no-se-negocian-cristina-ruiz\/#primaryimage","url":"https:\/\/expressometro.mx\/wp-content\/uploads\/2026\/03\/WhatsApp-Image-2026-03-09-at-4.44.48-PM.jpeg","contentUrl":"https:\/\/expressometro.mx\/wp-content\/uploads\/2026\/03\/WhatsApp-Image-2026-03-09-at-4.44.48-PM.jpeg","width":1280,"height":853},{"@type":"BreadcrumbList","@id":"https:\/\/expressometro.mx\/index.php\/2026\/03\/09\/los-espacios-de-las-mujeres-no-se-negocian-cristina-ruiz\/#breadcrumb","itemListElement":[{"@type":"ListItem","position":1,"name":"Inicio","item":"https:\/\/expressometro.mx\/"},{"@type":"ListItem","position":2,"name":"\u201cLOS ESPACIOS DE LAS MUJERES NO SE NEGOCIAN&#8221;: CRISTINA RUIZ"}]},{"@type":"WebSite","@id":"https:\/\/expressometro.mx\/#website","url":"https:\/\/expressometro.mx\/","name":"Expresso Metropolitano","description":"Periodismo comprometido, informaci\u00f3n, investigaci\u00f3n y an\u00e1lisis","publisher":{"@id":"https:\/\/expressometro.mx\/#organization"},"potentialAction":[{"@type":"SearchAction","target":{"@type":"EntryPoint","urlTemplate":"https:\/\/expressometro.mx\/?s={search_term_string}"},"query-input":{"@type":"PropertyValueSpecification","valueRequired":true,"valueName":"search_term_string"}}],"inLanguage":"es"},{"@type":"Organization","@id":"https:\/\/expressometro.mx\/#organization","name":"Expresso Metropolitano","url":"https:\/\/expressometro.mx\/","logo":{"@type":"ImageObject","inLanguage":"es","@id":"https:\/\/expressometro.mx\/#\/schema\/logo\/image\/","url":"https:\/\/expressometro.mx\/wp-content\/uploads\/2019\/07\/cropped-Logo-Expresso-Metropolitano-1-1.jpeg","contentUrl":"https:\/\/expressometro.mx\/wp-content\/uploads\/2019\/07\/cropped-Logo-Expresso-Metropolitano-1-1.jpeg","width":290,"height":73,"caption":"Expresso Metropolitano"},"image":{"@id":"https:\/\/expressometro.mx\/#\/schema\/logo\/image\/"}},{"@type":"Person","@id":"https:\/\/expressometro.mx\/#\/schema\/person\/efa971b4a0664db8ed5c22b1b0dd2f5d","name":"Expresso Metropolitano","image":{"@type":"ImageObject","inLanguage":"es","@id":"https:\/\/secure.gravatar.com\/avatar\/a89f802b8de18c6952f223c88d3d106e9e3679839f4e25a02f4a6cc2ae6ba3b3?s=96&d=mm&r=g","url":"https:\/\/secure.gravatar.com\/avatar\/a89f802b8de18c6952f223c88d3d106e9e3679839f4e25a02f4a6cc2ae6ba3b3?s=96&d=mm&r=g","contentUrl":"https:\/\/secure.gravatar.com\/avatar\/a89f802b8de18c6952f223c88d3d106e9e3679839f4e25a02f4a6cc2ae6ba3b3?s=96&d=mm&r=g","caption":"Expresso Metropolitano"},"url":"https:\/\/expressometro.mx\/index.php\/author\/diego\/"}]}},"amp_enabled":true,"_links":{"self":[{"href":"https:\/\/expressometro.mx\/index.php\/wp-json\/wp\/v2\/posts\/11760","targetHints":{"allow":["GET"]}}],"collection":[{"href":"https:\/\/expressometro.mx\/index.php\/wp-json\/wp\/v2\/posts"}],"about":[{"href":"https:\/\/expressometro.mx\/index.php\/wp-json\/wp\/v2\/types\/post"}],"author":[{"embeddable":true,"href":"https:\/\/expressometro.mx\/index.php\/wp-json\/wp\/v2\/users\/1"}],"replies":[{"embeddable":true,"href":"https:\/\/expressometro.mx\/index.php\/wp-json\/wp\/v2\/comments?post=11760"}],"version-history":[{"count":1,"href":"https:\/\/expressometro.mx\/index.php\/wp-json\/wp\/v2\/posts\/11760\/revisions"}],"predecessor-version":[{"id":11763,"href":"https:\/\/expressometro.mx\/index.php\/wp-json\/wp\/v2\/posts\/11760\/revisions\/11763"}],"wp:featuredmedia":[{"embeddable":true,"href":"https:\/\/expressometro.mx\/index.php\/wp-json\/wp\/v2\/media\/11762"}],"wp:attachment":[{"href":"https:\/\/expressometro.mx\/index.php\/wp-json\/wp\/v2\/media?parent=11760"}],"wp:term":[{"taxonomy":"category","embeddable":true,"href":"https:\/\/expressometro.mx\/index.php\/wp-json\/wp\/v2\/categories?post=11760"},{"taxonomy":"post_tag","embeddable":true,"href":"https:\/\/expressometro.mx\/index.php\/wp-json\/wp\/v2\/tags?post=11760"}],"curies":[{"name":"wp","href":"https:\/\/api.w.org\/{rel}","templated":true}]}}