{"id":1174,"date":"2020-01-27T17:05:50","date_gmt":"2020-01-27T23:05:50","guid":{"rendered":"http:\/\/expressometro.mx\/?p=1174"},"modified":"2020-01-29T07:08:35","modified_gmt":"2020-01-29T13:08:35","slug":"los-gobernadores-priistas-del-pais-respaldan-el-esquema-del-insabi-que-impulsa-el-presidente-amlo-alfredo-del-mazo","status":"publish","type":"post","link":"https:\/\/expressometro.mx\/index.php\/2020\/01\/27\/los-gobernadores-priistas-del-pais-respaldan-el-esquema-del-insabi-que-impulsa-el-presidente-amlo-alfredo-del-mazo\/","title":{"rendered":"LOS GOBERNADORES PRIISTAS DEL PA\u00cdS RESPALDAN EL ESQUEMA DEL INSABI QUE IMPULSA EL PRESIDENTE AMLO: ALFREDO DEL MAZO"},"content":{"rendered":"\n<p>El Gobernador Alfredo Del Mazo Maza asegur\u00f3 que el Gobierno del Estado de M\u00e9xico se suma y respalda el proyecto para conformar el Instituto de Salud para el Bienestar (Insabi), que impulsa el Presidente de M\u00e9xico Andr\u00e9s Manuel L\u00f3pez Obrador, ya que este modelo propone un servicio y medicamentos gratuitos, cobertura universal, adem\u00e1s de una infraestructura adecuada que garantice una mejor atenci\u00f3n a la poblaci\u00f3n.&nbsp;<\/p>\n\n\n\n<p>Luego de reunirse con el Presidente de la Rep\u00fablica y con sus hom\u00f3logos priistas de otras entidades, en Palacio Nacional, Del Mazo Maza dio a conocer que en este encuentro acordaron establecer un convenio con los gobiernos estatales emanados del PRI, a efecto de conocer cu\u00e1l es su situaci\u00f3n y sus necesidades en el tema de salud, y as\u00ed eficientar este nuevo sistema. <\/p>\n\n\n\n<p>&#8220;Hablamos del Insabi, como ustedes saben estamos en ese proceso de incorporarnos al nuevo esquema, en donde manifestamos nuestro respaldo al Presidente a trabajar de la mano del proyecto de salud que ha planteado; con la salud universal, con la gratuidad del sistema de salud y en donde se ofrezcan medicamentos gratuitos, donde haya infraestructura adecuada, m\u00e9dicos necesarios y suficientes&#8221;, extern\u00f3. <\/p>\n\n\n\n<p>Del Mazo Maza se\u00f1al\u00f3 que los Gobernadores del PRI y el Presidente a\u00fan revisan varios aspectos a definir, como la Aportaci\u00f3n Solidaria Estatal, donde cada estado en particular ir\u00e1 viendo su situaci\u00f3n y la infraestructura m\u00e9dica de cada uno.<\/p>\n\n\n\n<p>En entrevista al finalizar su reuni\u00f3n, el mandatario mexiquense destac\u00f3 que tambi\u00e9n abordaron el tema de seguridad, en el que, explic\u00f3, se reforzar\u00e1 el trabajo de las coordinaciones regionales, en especial en lo referente a la extorsi\u00f3n, ya que es un delito que debe atenderse desde varios \u00e1mbitos, a trav\u00e9s de la prevenci\u00f3n, del rescate de espacios p\u00fablicos y mejorando el trabajo en los centros de readaptaci\u00f3n social. <\/p>\n\n\n\n<p>&#8220;Una reuni\u00f3n muy \u00fatil, una reuni\u00f3n productiva con el Presidente de la Rep\u00fablica, en donde venimos los Gobernadores emanados del PRI a tocar varios temas, uno de ellos es el tema de seguridad en donde se van a fortalecer las coordinaciones de seguridad regionales, hablamos de la importancia de atender el delito de extorsi\u00f3n, que es un delito que ha venido creciendo, se ha venido incrementando y que debemos de atender en varios \u00e1mbitos. <\/p>\n\n\n\n<p>&#8220;Uno de ellos es desde los centros penitenciarios, ya que ah\u00ed se origina una parte importante de extorsiones que se viven en todo el pa\u00eds, planteamos tambi\u00e9n el poder impulsar la prevenci\u00f3n con espacios p\u00fablicos en todas las coordinaciones regionales, es decir, hacer distintas obras de recuperaci\u00f3n de parques, deportivos, \u00e1reas naturales en cada una de las coordinaciones para trabajar en materia de prevenci\u00f3n&#8221;, mencion\u00f3. <\/p>\n\n\n\n<p>Tambi\u00e9n inform\u00f3 que en esta reuni\u00f3n plantearon temas del campo, relacionados con los proyectos de infraestructura que cada una de las entidades pretende impulsar con el apoyo del Gobierno federal, y detall\u00f3 que entregaron un listado de algunos proyectos por entidad. <\/p>\n\n\n\n<p>Alfredo Del Mazo afirm\u00f3 que el mensaje del Presidente L\u00f3pez Obrador es el de continuar un trabajo coordinado como se ha hecho hasta el momento en el Edom\u00e9x, y  dijo que el mandatario nacional les expres\u00f3 su satisfacci\u00f3n de que en cada estado haya un \u00e1nimo cordial y de colaboraci\u00f3n.<\/p>\n\n\n\n<p>&#8220;El mensaje del Presidente es el de continuar un trabajo coordinado, como lo hemos estado haciendo, de trabajar de manera coordinada, expres\u00f3 su satisfacci\u00f3n de que cada uno de los estados donde nos ha visitado haya un \u00e1nimo cordial, hay un \u00e1nimo de trabajo en conjunto y \u00e9l desea que esto contin\u00fae siendo de esa manera&#8221;.<\/p>\n","protected":false},"excerpt":{"rendered":"<p>El Gobernador Alfredo Del Mazo Maza asegur\u00f3 que el Gobierno del Estado de M\u00e9xico se suma y respalda el proyecto para conformar el Instituto de Salud para el Bienestar (Insabi), que impulsa el Presidente de M\u00e9xico Andr\u00e9s Manuel L\u00f3pez Obrador, ya que este modelo propone un servicio y medicamentos gratuitos, cobertura universal, adem\u00e1s de una infraestructura adecuada que garantice una mejor atenci\u00f3n a la poblaci\u00f3n.&nbsp; Luego de reunirse con el Presidente de la Rep\u00fablica y con sus hom\u00f3logos priistas de otras entidades, en Palacio Nacional, Del Mazo Maza dio a&hellip;<\/p>\n","protected":false},"author":1,"featured_media":1175,"comment_status":"open","ping_status":"open","sticky":false,"template":"","format":"standard","meta":{"footnotes":""},"categories":[5],"tags":[],"class_list":["post-1174","post","type-post","status-publish","format-standard","has-post-thumbnail","hentry","category-salud"],"yoast_head":"<!-- This site is optimized with the Yoast SEO plugin v27.5 - https:\/\/yoast.com\/product\/yoast-seo-wordpress\/ -->\n<title>LOS GOBERNADORES PRIISTAS DEL PA\u00cdS RESPALDAN EL ESQUEMA DEL INSABI QUE IMPULSA EL PRESIDENTE AMLO: ALFREDO DEL MAZO - Expresso Metropolitano<\/title>\n<meta name=\"robots\" content=\"index, follow, max-snippet:-1, max-image-preview:large, max-video-preview:-1\" \/>\n<link rel=\"canonical\" href=\"https:\/\/expressometro.mx\/index.php\/2020\/01\/27\/los-gobernadores-priistas-del-pais-respaldan-el-esquema-del-insabi-que-impulsa-el-presidente-amlo-alfredo-del-mazo\/\" \/>\n<meta property=\"og:locale\" content=\"es_MX\" \/>\n<meta property=\"og:type\" content=\"article\" \/>\n<meta property=\"og:title\" content=\"LOS GOBERNADORES PRIISTAS DEL PA\u00cdS RESPALDAN EL ESQUEMA DEL INSABI QUE IMPULSA EL PRESIDENTE AMLO: ALFREDO DEL MAZO - Expresso Metropolitano\" \/>\n<meta property=\"og:description\" content=\"El Gobernador Alfredo Del Mazo Maza asegur\u00f3 que el Gobierno del Estado de M\u00e9xico se suma y respalda el proyecto para conformar el Instituto de Salud para el Bienestar (Insabi), que impulsa el Presidente de M\u00e9xico Andr\u00e9s Manuel L\u00f3pez Obrador, ya que este modelo propone un servicio y medicamentos gratuitos, cobertura universal, adem\u00e1s de una infraestructura adecuada que garantice una mejor atenci\u00f3n a la poblaci\u00f3n.&nbsp; Luego de reunirse con el Presidente de la Rep\u00fablica y con sus hom\u00f3logos priistas de otras entidades, en Palacio Nacional, Del Mazo Maza dio a&hellip;\" \/>\n<meta property=\"og:url\" content=\"https:\/\/expressometro.mx\/index.php\/2020\/01\/27\/los-gobernadores-priistas-del-pais-respaldan-el-esquema-del-insabi-que-impulsa-el-presidente-amlo-alfredo-del-mazo\/\" \/>\n<meta property=\"og:site_name\" content=\"Expresso Metropolitano\" \/>\n<meta property=\"article:published_time\" content=\"2020-01-27T23:05:50+00:00\" \/>\n<meta property=\"article:modified_time\" content=\"2020-01-29T13:08:35+00:00\" \/>\n<meta property=\"og:image\" content=\"https:\/\/expressometro.mx\/wp-content\/uploads\/2020\/01\/9A875D3A-15F5-48FB-9384-05DFA7813D65.jpeg\" \/>\n\t<meta property=\"og:image:width\" content=\"1280\" \/>\n\t<meta property=\"og:image:height\" content=\"959\" \/>\n\t<meta property=\"og:image:type\" content=\"image\/jpeg\" \/>\n<meta name=\"author\" content=\"Expresso Metropolitano\" \/>\n<meta name=\"twitter:label1\" content=\"Escrito por\" \/>\n\t<meta name=\"twitter:data1\" content=\"Expresso Metropolitano\" \/>\n\t<meta name=\"twitter:label2\" content=\"Tiempo de lectura\" \/>\n\t<meta name=\"twitter:data2\" content=\"3 minutos\" \/>\n<script type=\"application\/ld+json\" class=\"yoast-schema-graph\">{\"@context\":\"https:\\\/\\\/schema.org\",\"@graph\":[{\"@type\":\"Article\",\"@id\":\"https:\\\/\\\/expressometro.mx\\\/index.php\\\/2020\\\/01\\\/27\\\/los-gobernadores-priistas-del-pais-respaldan-el-esquema-del-insabi-que-impulsa-el-presidente-amlo-alfredo-del-mazo\\\/#article\",\"isPartOf\":{\"@id\":\"https:\\\/\\\/expressometro.mx\\\/index.php\\\/2020\\\/01\\\/27\\\/los-gobernadores-priistas-del-pais-respaldan-el-esquema-del-insabi-que-impulsa-el-presidente-amlo-alfredo-del-mazo\\\/\"},\"author\":{\"name\":\"Expresso Metropolitano\",\"@id\":\"https:\\\/\\\/expressometro.mx\\\/#\\\/schema\\\/person\\\/efa971b4a0664db8ed5c22b1b0dd2f5d\"},\"headline\":\"LOS GOBERNADORES PRIISTAS DEL PA\u00cdS RESPALDAN EL ESQUEMA DEL INSABI QUE IMPULSA EL PRESIDENTE AMLO: ALFREDO DEL MAZO\",\"datePublished\":\"2020-01-27T23:05:50+00:00\",\"dateModified\":\"2020-01-29T13:08:35+00:00\",\"mainEntityOfPage\":{\"@id\":\"https:\\\/\\\/expressometro.mx\\\/index.php\\\/2020\\\/01\\\/27\\\/los-gobernadores-priistas-del-pais-respaldan-el-esquema-del-insabi-que-impulsa-el-presidente-amlo-alfredo-del-mazo\\\/\"},\"wordCount\":644,\"commentCount\":0,\"publisher\":{\"@id\":\"https:\\\/\\\/expressometro.mx\\\/#organization\"},\"image\":{\"@id\":\"https:\\\/\\\/expressometro.mx\\\/index.php\\\/2020\\\/01\\\/27\\\/los-gobernadores-priistas-del-pais-respaldan-el-esquema-del-insabi-que-impulsa-el-presidente-amlo-alfredo-del-mazo\\\/#primaryimage\"},\"thumbnailUrl\":\"https:\\\/\\\/expressometro.mx\\\/wp-content\\\/uploads\\\/2020\\\/01\\\/9A875D3A-15F5-48FB-9384-05DFA7813D65.jpeg\",\"articleSection\":[\"Salud\"],\"inLanguage\":\"es\",\"potentialAction\":[{\"@type\":\"CommentAction\",\"name\":\"Comment\",\"target\":[\"https:\\\/\\\/expressometro.mx\\\/index.php\\\/2020\\\/01\\\/27\\\/los-gobernadores-priistas-del-pais-respaldan-el-esquema-del-insabi-que-impulsa-el-presidente-amlo-alfredo-del-mazo\\\/#respond\"]}]},{\"@type\":\"WebPage\",\"@id\":\"https:\\\/\\\/expressometro.mx\\\/index.php\\\/2020\\\/01\\\/27\\\/los-gobernadores-priistas-del-pais-respaldan-el-esquema-del-insabi-que-impulsa-el-presidente-amlo-alfredo-del-mazo\\\/\",\"url\":\"https:\\\/\\\/expressometro.mx\\\/index.php\\\/2020\\\/01\\\/27\\\/los-gobernadores-priistas-del-pais-respaldan-el-esquema-del-insabi-que-impulsa-el-presidente-amlo-alfredo-del-mazo\\\/\",\"name\":\"LOS GOBERNADORES PRIISTAS DEL PA\u00cdS RESPALDAN EL ESQUEMA DEL INSABI QUE IMPULSA EL PRESIDENTE AMLO: ALFREDO DEL MAZO - Expresso Metropolitano\",\"isPartOf\":{\"@id\":\"https:\\\/\\\/expressometro.mx\\\/#website\"},\"primaryImageOfPage\":{\"@id\":\"https:\\\/\\\/expressometro.mx\\\/index.php\\\/2020\\\/01\\\/27\\\/los-gobernadores-priistas-del-pais-respaldan-el-esquema-del-insabi-que-impulsa-el-presidente-amlo-alfredo-del-mazo\\\/#primaryimage\"},\"image\":{\"@id\":\"https:\\\/\\\/expressometro.mx\\\/index.php\\\/2020\\\/01\\\/27\\\/los-gobernadores-priistas-del-pais-respaldan-el-esquema-del-insabi-que-impulsa-el-presidente-amlo-alfredo-del-mazo\\\/#primaryimage\"},\"thumbnailUrl\":\"https:\\\/\\\/expressometro.mx\\\/wp-content\\\/uploads\\\/2020\\\/01\\\/9A875D3A-15F5-48FB-9384-05DFA7813D65.jpeg\",\"datePublished\":\"2020-01-27T23:05:50+00:00\",\"dateModified\":\"2020-01-29T13:08:35+00:00\",\"breadcrumb\":{\"@id\":\"https:\\\/\\\/expressometro.mx\\\/index.php\\\/2020\\\/01\\\/27\\\/los-gobernadores-priistas-del-pais-respaldan-el-esquema-del-insabi-que-impulsa-el-presidente-amlo-alfredo-del-mazo\\\/#breadcrumb\"},\"inLanguage\":\"es\",\"potentialAction\":[{\"@type\":\"ReadAction\",\"target\":[\"https:\\\/\\\/expressometro.mx\\\/index.php\\\/2020\\\/01\\\/27\\\/los-gobernadores-priistas-del-pais-respaldan-el-esquema-del-insabi-que-impulsa-el-presidente-amlo-alfredo-del-mazo\\\/\"]}]},{\"@type\":\"ImageObject\",\"inLanguage\":\"es\",\"@id\":\"https:\\\/\\\/expressometro.mx\\\/index.php\\\/2020\\\/01\\\/27\\\/los-gobernadores-priistas-del-pais-respaldan-el-esquema-del-insabi-que-impulsa-el-presidente-amlo-alfredo-del-mazo\\\/#primaryimage\",\"url\":\"https:\\\/\\\/expressometro.mx\\\/wp-content\\\/uploads\\\/2020\\\/01\\\/9A875D3A-15F5-48FB-9384-05DFA7813D65.jpeg\",\"contentUrl\":\"https:\\\/\\\/expressometro.mx\\\/wp-content\\\/uploads\\\/2020\\\/01\\\/9A875D3A-15F5-48FB-9384-05DFA7813D65.jpeg\",\"width\":1280,\"height\":959},{\"@type\":\"BreadcrumbList\",\"@id\":\"https:\\\/\\\/expressometro.mx\\\/index.php\\\/2020\\\/01\\\/27\\\/los-gobernadores-priistas-del-pais-respaldan-el-esquema-del-insabi-que-impulsa-el-presidente-amlo-alfredo-del-mazo\\\/#breadcrumb\",\"itemListElement\":[{\"@type\":\"ListItem\",\"position\":1,\"name\":\"Inicio\",\"item\":\"https:\\\/\\\/expressometro.mx\\\/\"},{\"@type\":\"ListItem\",\"position\":2,\"name\":\"LOS GOBERNADORES PRIISTAS DEL PA\u00cdS RESPALDAN EL ESQUEMA DEL INSABI QUE IMPULSA EL PRESIDENTE AMLO: ALFREDO DEL MAZO\"}]},{\"@type\":\"WebSite\",\"@id\":\"https:\\\/\\\/expressometro.mx\\\/#website\",\"url\":\"https:\\\/\\\/expressometro.mx\\\/\",\"name\":\"Expresso Metropolitano\",\"description\":\"Periodismo comprometido, informaci\u00f3n, investigaci\u00f3n y an\u00e1lisis\",\"publisher\":{\"@id\":\"https:\\\/\\\/expressometro.mx\\\/#organization\"},\"potentialAction\":[{\"@type\":\"SearchAction\",\"target\":{\"@type\":\"EntryPoint\",\"urlTemplate\":\"https:\\\/\\\/expressometro.mx\\\/?s={search_term_string}\"},\"query-input\":{\"@type\":\"PropertyValueSpecification\",\"valueRequired\":true,\"valueName\":\"search_term_string\"}}],\"inLanguage\":\"es\"},{\"@type\":\"Organization\",\"@id\":\"https:\\\/\\\/expressometro.mx\\\/#organization\",\"name\":\"Expresso Metropolitano\",\"url\":\"https:\\\/\\\/expressometro.mx\\\/\",\"logo\":{\"@type\":\"ImageObject\",\"inLanguage\":\"es\",\"@id\":\"https:\\\/\\\/expressometro.mx\\\/#\\\/schema\\\/logo\\\/image\\\/\",\"url\":\"https:\\\/\\\/expressometro.mx\\\/wp-content\\\/uploads\\\/2019\\\/07\\\/cropped-Logo-Expresso-Metropolitano-1-1.jpeg\",\"contentUrl\":\"https:\\\/\\\/expressometro.mx\\\/wp-content\\\/uploads\\\/2019\\\/07\\\/cropped-Logo-Expresso-Metropolitano-1-1.jpeg\",\"width\":290,\"height\":73,\"caption\":\"Expresso Metropolitano\"},\"image\":{\"@id\":\"https:\\\/\\\/expressometro.mx\\\/#\\\/schema\\\/logo\\\/image\\\/\"}},{\"@type\":\"Person\",\"@id\":\"https:\\\/\\\/expressometro.mx\\\/#\\\/schema\\\/person\\\/efa971b4a0664db8ed5c22b1b0dd2f5d\",\"name\":\"Expresso Metropolitano\",\"image\":{\"@type\":\"ImageObject\",\"inLanguage\":\"es\",\"@id\":\"https:\\\/\\\/secure.gravatar.com\\\/avatar\\\/a89f802b8de18c6952f223c88d3d106e9e3679839f4e25a02f4a6cc2ae6ba3b3?s=96&d=mm&r=g\",\"url\":\"https:\\\/\\\/secure.gravatar.com\\\/avatar\\\/a89f802b8de18c6952f223c88d3d106e9e3679839f4e25a02f4a6cc2ae6ba3b3?s=96&d=mm&r=g\",\"contentUrl\":\"https:\\\/\\\/secure.gravatar.com\\\/avatar\\\/a89f802b8de18c6952f223c88d3d106e9e3679839f4e25a02f4a6cc2ae6ba3b3?s=96&d=mm&r=g\",\"caption\":\"Expresso Metropolitano\"},\"url\":\"https:\\\/\\\/expressometro.mx\\\/index.php\\\/author\\\/diego\\\/\"}]}<\/script>\n<!-- \/ Yoast SEO plugin. -->","yoast_head_json":{"title":"LOS GOBERNADORES PRIISTAS DEL PA\u00cdS RESPALDAN EL ESQUEMA DEL INSABI QUE IMPULSA EL PRESIDENTE AMLO: ALFREDO DEL MAZO - Expresso Metropolitano","robots":{"index":"index","follow":"follow","max-snippet":"max-snippet:-1","max-image-preview":"max-image-preview:large","max-video-preview":"max-video-preview:-1"},"canonical":"https:\/\/expressometro.mx\/index.php\/2020\/01\/27\/los-gobernadores-priistas-del-pais-respaldan-el-esquema-del-insabi-que-impulsa-el-presidente-amlo-alfredo-del-mazo\/","og_locale":"es_MX","og_type":"article","og_title":"LOS GOBERNADORES PRIISTAS DEL PA\u00cdS RESPALDAN EL ESQUEMA DEL INSABI QUE IMPULSA EL PRESIDENTE AMLO: ALFREDO DEL MAZO - Expresso Metropolitano","og_description":"El Gobernador Alfredo Del Mazo Maza asegur\u00f3 que el Gobierno del Estado de M\u00e9xico se suma y respalda el proyecto para conformar el Instituto de Salud para el Bienestar (Insabi), que impulsa el Presidente de M\u00e9xico Andr\u00e9s Manuel L\u00f3pez Obrador, ya que este modelo propone un servicio y medicamentos gratuitos, cobertura universal, adem\u00e1s de una infraestructura adecuada que garantice una mejor atenci\u00f3n a la poblaci\u00f3n.&nbsp; Luego de reunirse con el Presidente de la Rep\u00fablica y con sus hom\u00f3logos priistas de otras entidades, en Palacio Nacional, Del Mazo Maza dio a&hellip;","og_url":"https:\/\/expressometro.mx\/index.php\/2020\/01\/27\/los-gobernadores-priistas-del-pais-respaldan-el-esquema-del-insabi-que-impulsa-el-presidente-amlo-alfredo-del-mazo\/","og_site_name":"Expresso Metropolitano","article_published_time":"2020-01-27T23:05:50+00:00","article_modified_time":"2020-01-29T13:08:35+00:00","og_image":[{"width":1280,"height":959,"url":"https:\/\/expressometro.mx\/wp-content\/uploads\/2020\/01\/9A875D3A-15F5-48FB-9384-05DFA7813D65.jpeg","type":"image\/jpeg"}],"author":"Expresso Metropolitano","twitter_misc":{"Escrito por":"Expresso Metropolitano","Tiempo de lectura":"3 minutos"},"schema":{"@context":"https:\/\/schema.org","@graph":[{"@type":"Article","@id":"https:\/\/expressometro.mx\/index.php\/2020\/01\/27\/los-gobernadores-priistas-del-pais-respaldan-el-esquema-del-insabi-que-impulsa-el-presidente-amlo-alfredo-del-mazo\/#article","isPartOf":{"@id":"https:\/\/expressometro.mx\/index.php\/2020\/01\/27\/los-gobernadores-priistas-del-pais-respaldan-el-esquema-del-insabi-que-impulsa-el-presidente-amlo-alfredo-del-mazo\/"},"author":{"name":"Expresso Metropolitano","@id":"https:\/\/expressometro.mx\/#\/schema\/person\/efa971b4a0664db8ed5c22b1b0dd2f5d"},"headline":"LOS GOBERNADORES PRIISTAS DEL PA\u00cdS RESPALDAN EL ESQUEMA DEL INSABI QUE IMPULSA EL PRESIDENTE AMLO: ALFREDO DEL MAZO","datePublished":"2020-01-27T23:05:50+00:00","dateModified":"2020-01-29T13:08:35+00:00","mainEntityOfPage":{"@id":"https:\/\/expressometro.mx\/index.php\/2020\/01\/27\/los-gobernadores-priistas-del-pais-respaldan-el-esquema-del-insabi-que-impulsa-el-presidente-amlo-alfredo-del-mazo\/"},"wordCount":644,"commentCount":0,"publisher":{"@id":"https:\/\/expressometro.mx\/#organization"},"image":{"@id":"https:\/\/expressometro.mx\/index.php\/2020\/01\/27\/los-gobernadores-priistas-del-pais-respaldan-el-esquema-del-insabi-que-impulsa-el-presidente-amlo-alfredo-del-mazo\/#primaryimage"},"thumbnailUrl":"https:\/\/expressometro.mx\/wp-content\/uploads\/2020\/01\/9A875D3A-15F5-48FB-9384-05DFA7813D65.jpeg","articleSection":["Salud"],"inLanguage":"es","potentialAction":[{"@type":"CommentAction","name":"Comment","target":["https:\/\/expressometro.mx\/index.php\/2020\/01\/27\/los-gobernadores-priistas-del-pais-respaldan-el-esquema-del-insabi-que-impulsa-el-presidente-amlo-alfredo-del-mazo\/#respond"]}]},{"@type":"WebPage","@id":"https:\/\/expressometro.mx\/index.php\/2020\/01\/27\/los-gobernadores-priistas-del-pais-respaldan-el-esquema-del-insabi-que-impulsa-el-presidente-amlo-alfredo-del-mazo\/","url":"https:\/\/expressometro.mx\/index.php\/2020\/01\/27\/los-gobernadores-priistas-del-pais-respaldan-el-esquema-del-insabi-que-impulsa-el-presidente-amlo-alfredo-del-mazo\/","name":"LOS GOBERNADORES PRIISTAS DEL PA\u00cdS RESPALDAN EL ESQUEMA DEL INSABI QUE IMPULSA EL PRESIDENTE AMLO: ALFREDO DEL MAZO - Expresso Metropolitano","isPartOf":{"@id":"https:\/\/expressometro.mx\/#website"},"primaryImageOfPage":{"@id":"https:\/\/expressometro.mx\/index.php\/2020\/01\/27\/los-gobernadores-priistas-del-pais-respaldan-el-esquema-del-insabi-que-impulsa-el-presidente-amlo-alfredo-del-mazo\/#primaryimage"},"image":{"@id":"https:\/\/expressometro.mx\/index.php\/2020\/01\/27\/los-gobernadores-priistas-del-pais-respaldan-el-esquema-del-insabi-que-impulsa-el-presidente-amlo-alfredo-del-mazo\/#primaryimage"},"thumbnailUrl":"https:\/\/expressometro.mx\/wp-content\/uploads\/2020\/01\/9A875D3A-15F5-48FB-9384-05DFA7813D65.jpeg","datePublished":"2020-01-27T23:05:50+00:00","dateModified":"2020-01-29T13:08:35+00:00","breadcrumb":{"@id":"https:\/\/expressometro.mx\/index.php\/2020\/01\/27\/los-gobernadores-priistas-del-pais-respaldan-el-esquema-del-insabi-que-impulsa-el-presidente-amlo-alfredo-del-mazo\/#breadcrumb"},"inLanguage":"es","potentialAction":[{"@type":"ReadAction","target":["https:\/\/expressometro.mx\/index.php\/2020\/01\/27\/los-gobernadores-priistas-del-pais-respaldan-el-esquema-del-insabi-que-impulsa-el-presidente-amlo-alfredo-del-mazo\/"]}]},{"@type":"ImageObject","inLanguage":"es","@id":"https:\/\/expressometro.mx\/index.php\/2020\/01\/27\/los-gobernadores-priistas-del-pais-respaldan-el-esquema-del-insabi-que-impulsa-el-presidente-amlo-alfredo-del-mazo\/#primaryimage","url":"https:\/\/expressometro.mx\/wp-content\/uploads\/2020\/01\/9A875D3A-15F5-48FB-9384-05DFA7813D65.jpeg","contentUrl":"https:\/\/expressometro.mx\/wp-content\/uploads\/2020\/01\/9A875D3A-15F5-48FB-9384-05DFA7813D65.jpeg","width":1280,"height":959},{"@type":"BreadcrumbList","@id":"https:\/\/expressometro.mx\/index.php\/2020\/01\/27\/los-gobernadores-priistas-del-pais-respaldan-el-esquema-del-insabi-que-impulsa-el-presidente-amlo-alfredo-del-mazo\/#breadcrumb","itemListElement":[{"@type":"ListItem","position":1,"name":"Inicio","item":"https:\/\/expressometro.mx\/"},{"@type":"ListItem","position":2,"name":"LOS GOBERNADORES PRIISTAS DEL PA\u00cdS RESPALDAN EL ESQUEMA DEL INSABI QUE IMPULSA EL PRESIDENTE AMLO: ALFREDO DEL MAZO"}]},{"@type":"WebSite","@id":"https:\/\/expressometro.mx\/#website","url":"https:\/\/expressometro.mx\/","name":"Expresso Metropolitano","description":"Periodismo comprometido, informaci\u00f3n, investigaci\u00f3n y an\u00e1lisis","publisher":{"@id":"https:\/\/expressometro.mx\/#organization"},"potentialAction":[{"@type":"SearchAction","target":{"@type":"EntryPoint","urlTemplate":"https:\/\/expressometro.mx\/?s={search_term_string}"},"query-input":{"@type":"PropertyValueSpecification","valueRequired":true,"valueName":"search_term_string"}}],"inLanguage":"es"},{"@type":"Organization","@id":"https:\/\/expressometro.mx\/#organization","name":"Expresso Metropolitano","url":"https:\/\/expressometro.mx\/","logo":{"@type":"ImageObject","inLanguage":"es","@id":"https:\/\/expressometro.mx\/#\/schema\/logo\/image\/","url":"https:\/\/expressometro.mx\/wp-content\/uploads\/2019\/07\/cropped-Logo-Expresso-Metropolitano-1-1.jpeg","contentUrl":"https:\/\/expressometro.mx\/wp-content\/uploads\/2019\/07\/cropped-Logo-Expresso-Metropolitano-1-1.jpeg","width":290,"height":73,"caption":"Expresso Metropolitano"},"image":{"@id":"https:\/\/expressometro.mx\/#\/schema\/logo\/image\/"}},{"@type":"Person","@id":"https:\/\/expressometro.mx\/#\/schema\/person\/efa971b4a0664db8ed5c22b1b0dd2f5d","name":"Expresso Metropolitano","image":{"@type":"ImageObject","inLanguage":"es","@id":"https:\/\/secure.gravatar.com\/avatar\/a89f802b8de18c6952f223c88d3d106e9e3679839f4e25a02f4a6cc2ae6ba3b3?s=96&d=mm&r=g","url":"https:\/\/secure.gravatar.com\/avatar\/a89f802b8de18c6952f223c88d3d106e9e3679839f4e25a02f4a6cc2ae6ba3b3?s=96&d=mm&r=g","contentUrl":"https:\/\/secure.gravatar.com\/avatar\/a89f802b8de18c6952f223c88d3d106e9e3679839f4e25a02f4a6cc2ae6ba3b3?s=96&d=mm&r=g","caption":"Expresso Metropolitano"},"url":"https:\/\/expressometro.mx\/index.php\/author\/diego\/"}]}},"amp_enabled":true,"_links":{"self":[{"href":"https:\/\/expressometro.mx\/index.php\/wp-json\/wp\/v2\/posts\/1174","targetHints":{"allow":["GET"]}}],"collection":[{"href":"https:\/\/expressometro.mx\/index.php\/wp-json\/wp\/v2\/posts"}],"about":[{"href":"https:\/\/expressometro.mx\/index.php\/wp-json\/wp\/v2\/types\/post"}],"author":[{"embeddable":true,"href":"https:\/\/expressometro.mx\/index.php\/wp-json\/wp\/v2\/users\/1"}],"replies":[{"embeddable":true,"href":"https:\/\/expressometro.mx\/index.php\/wp-json\/wp\/v2\/comments?post=1174"}],"version-history":[{"count":1,"href":"https:\/\/expressometro.mx\/index.php\/wp-json\/wp\/v2\/posts\/1174\/revisions"}],"predecessor-version":[{"id":1176,"href":"https:\/\/expressometro.mx\/index.php\/wp-json\/wp\/v2\/posts\/1174\/revisions\/1176"}],"wp:featuredmedia":[{"embeddable":true,"href":"https:\/\/expressometro.mx\/index.php\/wp-json\/wp\/v2\/media\/1175"}],"wp:attachment":[{"href":"https:\/\/expressometro.mx\/index.php\/wp-json\/wp\/v2\/media?parent=1174"}],"wp:term":[{"taxonomy":"category","embeddable":true,"href":"https:\/\/expressometro.mx\/index.php\/wp-json\/wp\/v2\/categories?post=1174"},{"taxonomy":"post_tag","embeddable":true,"href":"https:\/\/expressometro.mx\/index.php\/wp-json\/wp\/v2\/tags?post=1174"}],"curies":[{"name":"wp","href":"https:\/\/api.w.org\/{rel}","templated":true}]}}