{"id":1166,"date":"2020-01-16T17:36:58","date_gmt":"2020-01-16T23:36:58","guid":{"rendered":"http:\/\/expressometro.mx\/?p=1166"},"modified":"2020-01-16T17:36:59","modified_gmt":"2020-01-16T23:36:59","slug":"concluyo-gestion-de-la-uaem-al-frente-del-comite-de-registro-de-testigos-sociales","status":"publish","type":"post","link":"https:\/\/expressometro.mx\/index.php\/2020\/01\/16\/concluyo-gestion-de-la-uaem-al-frente-del-comite-de-registro-de-testigos-sociales\/","title":{"rendered":"Concluy\u00f3 gesti\u00f3n de la UAEM al frente del Comit\u00e9 de Registro de Testigos Sociales"},"content":{"rendered":"\n<p>Mediante un an\u00e1lisis riguroso y responsable, existe plena certeza de que los testigos sociales de la entidad cuentan con elementos t\u00e9cnicos y profesionales para participar en la observancia de procedimientos de contrataci\u00f3n p\u00fablica, sostuvo el rector de la Universidad Aut\u00f3noma del Estado de M\u00e9xico, Alfredo Barrera Baca. <br>Al rendir su informe como presidente saliente del Comit\u00e9 de Registro de Testigos Sociales del Estado de M\u00e9xico (CRTSEM), Barrera Baca tom\u00f3 protesta a la comisionada presidenta del Instituto de Transparencia, Acceso a la Informaci\u00f3n P\u00fablica y Protecci\u00f3n de Datos Personales del Estado de M\u00e9xico y Municipios (Infoem), Zulema Mart\u00ednez S\u00e1nchez, como nueva titular del \u00f3rgano colegiado. <br>  En el Edificio de Rector\u00eda, durante la primera sesi\u00f3n ordinaria de 2020 del CRTSEM, Barrera Baca inform\u00f3 que a trav\u00e9s de una participaci\u00f3n eficiente e informada para rendir testimonios cr\u00edticos y propositivos sobre las contrataciones p\u00fablicas relevantes, los testigos sociales contribuyen a reducir riesgos de opacidad y prevenir actos de corrupci\u00f3n. <br>  Barrera Baca inform\u00f3 que durante el periodo marzo-diciembre de 2019 se logr\u00f3 el registro de un padr\u00f3n de 21 testigos sociales que cumplieron con los requisitos que prev\u00e9 la normatividad, todos ellos con perfiles de contrataci\u00f3n de obra p\u00fablica, servicios y adquisici\u00f3n de bienes. <br>  Zulema Mart\u00ednez S\u00e1nchez manifest\u00f3 que el testigo social es un actor fundamental y representante de la ciudadan\u00eda en las acciones gubernamentales. Su involucramiento, dijo, es importante para el cumplimiento de obligaciones del proceso de las contrataciones p\u00fablicas. <br>  En compa\u00f1\u00eda de la representante de la Secretar\u00eda de la Contralor\u00eda estatal, Virginia Beda Arriaga \u00c1lvarez, la nueva presidenta del CRTSEM se\u00f1al\u00f3 que la colaboraci\u00f3n institucional con la UAEM ha resultado en beneficio de la sociedad mexiquense.<\/p>\n","protected":false},"excerpt":{"rendered":"<p>Mediante un an\u00e1lisis riguroso y responsable, existe plena certeza de que los testigos sociales de la entidad cuentan con elementos t\u00e9cnicos y profesionales para participar en la observancia de procedimientos de contrataci\u00f3n p\u00fablica, sostuvo el rector de la Universidad Aut\u00f3noma del Estado de M\u00e9xico, Alfredo Barrera Baca. Al rendir su informe como presidente saliente del Comit\u00e9 de Registro de Testigos Sociales del Estado de M\u00e9xico (CRTSEM), Barrera Baca tom\u00f3 protesta a la comisionada presidenta del Instituto de Transparencia, Acceso a la Informaci\u00f3n P\u00fablica y Protecci\u00f3n de Datos Personales del Estado&hellip;<\/p>\n","protected":false},"author":1,"featured_media":1167,"comment_status":"open","ping_status":"open","sticky":false,"template":"","format":"standard","meta":{"footnotes":""},"categories":[1],"tags":[],"class_list":["post-1166","post","type-post","status-publish","format-standard","has-post-thumbnail","hentry","category-otros"],"yoast_head":"<!-- This site is optimized with the Yoast SEO plugin v27.5 - https:\/\/yoast.com\/product\/yoast-seo-wordpress\/ -->\n<title>Concluy\u00f3 gesti\u00f3n de la UAEM al frente del Comit\u00e9 de Registro de Testigos Sociales - Expresso Metropolitano<\/title>\n<meta name=\"robots\" content=\"index, follow, max-snippet:-1, max-image-preview:large, max-video-preview:-1\" \/>\n<link rel=\"canonical\" href=\"https:\/\/expressometro.mx\/index.php\/2020\/01\/16\/concluyo-gestion-de-la-uaem-al-frente-del-comite-de-registro-de-testigos-sociales\/\" \/>\n<meta property=\"og:locale\" content=\"es_MX\" \/>\n<meta property=\"og:type\" content=\"article\" \/>\n<meta property=\"og:title\" content=\"Concluy\u00f3 gesti\u00f3n de la UAEM al frente del Comit\u00e9 de Registro de Testigos Sociales - Expresso Metropolitano\" \/>\n<meta property=\"og:description\" content=\"Mediante un an\u00e1lisis riguroso y responsable, existe plena certeza de que los testigos sociales de la entidad cuentan con elementos t\u00e9cnicos y profesionales para participar en la observancia de procedimientos de contrataci\u00f3n p\u00fablica, sostuvo el rector de la Universidad Aut\u00f3noma del Estado de M\u00e9xico, Alfredo Barrera Baca. Al rendir su informe como presidente saliente del Comit\u00e9 de Registro de Testigos Sociales del Estado de M\u00e9xico (CRTSEM), Barrera Baca tom\u00f3 protesta a la comisionada presidenta del Instituto de Transparencia, Acceso a la Informaci\u00f3n P\u00fablica y Protecci\u00f3n de Datos Personales del Estado&hellip;\" \/>\n<meta property=\"og:url\" content=\"https:\/\/expressometro.mx\/index.php\/2020\/01\/16\/concluyo-gestion-de-la-uaem-al-frente-del-comite-de-registro-de-testigos-sociales\/\" \/>\n<meta property=\"og:site_name\" content=\"Expresso Metropolitano\" \/>\n<meta property=\"article:published_time\" content=\"2020-01-16T23:36:58+00:00\" \/>\n<meta property=\"article:modified_time\" content=\"2020-01-16T23:36:59+00:00\" \/>\n<meta property=\"og:image\" content=\"https:\/\/expressometro.mx\/wp-content\/uploads\/2020\/01\/9A57D802-EE53-406E-8328-7F98D9425F78.jpeg\" \/>\n\t<meta property=\"og:image:width\" content=\"640\" \/>\n\t<meta property=\"og:image:height\" content=\"427\" \/>\n\t<meta property=\"og:image:type\" content=\"image\/jpeg\" \/>\n<meta name=\"author\" content=\"Expresso Metropolitano\" \/>\n<meta name=\"twitter:label1\" content=\"Escrito por\" \/>\n\t<meta name=\"twitter:data1\" content=\"Expresso Metropolitano\" \/>\n\t<meta name=\"twitter:label2\" content=\"Tiempo de lectura\" \/>\n\t<meta name=\"twitter:data2\" content=\"2 minutos\" \/>\n<script type=\"application\/ld+json\" class=\"yoast-schema-graph\">{\"@context\":\"https:\\\/\\\/schema.org\",\"@graph\":[{\"@type\":\"Article\",\"@id\":\"https:\\\/\\\/expressometro.mx\\\/index.php\\\/2020\\\/01\\\/16\\\/concluyo-gestion-de-la-uaem-al-frente-del-comite-de-registro-de-testigos-sociales\\\/#article\",\"isPartOf\":{\"@id\":\"https:\\\/\\\/expressometro.mx\\\/index.php\\\/2020\\\/01\\\/16\\\/concluyo-gestion-de-la-uaem-al-frente-del-comite-de-registro-de-testigos-sociales\\\/\"},\"author\":{\"name\":\"Expresso Metropolitano\",\"@id\":\"https:\\\/\\\/expressometro.mx\\\/#\\\/schema\\\/person\\\/efa971b4a0664db8ed5c22b1b0dd2f5d\"},\"headline\":\"Concluy\u00f3 gesti\u00f3n de la UAEM al frente del Comit\u00e9 de Registro de Testigos Sociales\",\"datePublished\":\"2020-01-16T23:36:58+00:00\",\"dateModified\":\"2020-01-16T23:36:59+00:00\",\"mainEntityOfPage\":{\"@id\":\"https:\\\/\\\/expressometro.mx\\\/index.php\\\/2020\\\/01\\\/16\\\/concluyo-gestion-de-la-uaem-al-frente-del-comite-de-registro-de-testigos-sociales\\\/\"},\"wordCount\":318,\"commentCount\":0,\"publisher\":{\"@id\":\"https:\\\/\\\/expressometro.mx\\\/#organization\"},\"image\":{\"@id\":\"https:\\\/\\\/expressometro.mx\\\/index.php\\\/2020\\\/01\\\/16\\\/concluyo-gestion-de-la-uaem-al-frente-del-comite-de-registro-de-testigos-sociales\\\/#primaryimage\"},\"thumbnailUrl\":\"https:\\\/\\\/expressometro.mx\\\/wp-content\\\/uploads\\\/2020\\\/01\\\/9A57D802-EE53-406E-8328-7F98D9425F78.jpeg\",\"articleSection\":[\"Otros\"],\"inLanguage\":\"es\",\"potentialAction\":[{\"@type\":\"CommentAction\",\"name\":\"Comment\",\"target\":[\"https:\\\/\\\/expressometro.mx\\\/index.php\\\/2020\\\/01\\\/16\\\/concluyo-gestion-de-la-uaem-al-frente-del-comite-de-registro-de-testigos-sociales\\\/#respond\"]}]},{\"@type\":\"WebPage\",\"@id\":\"https:\\\/\\\/expressometro.mx\\\/index.php\\\/2020\\\/01\\\/16\\\/concluyo-gestion-de-la-uaem-al-frente-del-comite-de-registro-de-testigos-sociales\\\/\",\"url\":\"https:\\\/\\\/expressometro.mx\\\/index.php\\\/2020\\\/01\\\/16\\\/concluyo-gestion-de-la-uaem-al-frente-del-comite-de-registro-de-testigos-sociales\\\/\",\"name\":\"Concluy\u00f3 gesti\u00f3n de la UAEM al frente del Comit\u00e9 de Registro de Testigos Sociales - Expresso Metropolitano\",\"isPartOf\":{\"@id\":\"https:\\\/\\\/expressometro.mx\\\/#website\"},\"primaryImageOfPage\":{\"@id\":\"https:\\\/\\\/expressometro.mx\\\/index.php\\\/2020\\\/01\\\/16\\\/concluyo-gestion-de-la-uaem-al-frente-del-comite-de-registro-de-testigos-sociales\\\/#primaryimage\"},\"image\":{\"@id\":\"https:\\\/\\\/expressometro.mx\\\/index.php\\\/2020\\\/01\\\/16\\\/concluyo-gestion-de-la-uaem-al-frente-del-comite-de-registro-de-testigos-sociales\\\/#primaryimage\"},\"thumbnailUrl\":\"https:\\\/\\\/expressometro.mx\\\/wp-content\\\/uploads\\\/2020\\\/01\\\/9A57D802-EE53-406E-8328-7F98D9425F78.jpeg\",\"datePublished\":\"2020-01-16T23:36:58+00:00\",\"dateModified\":\"2020-01-16T23:36:59+00:00\",\"breadcrumb\":{\"@id\":\"https:\\\/\\\/expressometro.mx\\\/index.php\\\/2020\\\/01\\\/16\\\/concluyo-gestion-de-la-uaem-al-frente-del-comite-de-registro-de-testigos-sociales\\\/#breadcrumb\"},\"inLanguage\":\"es\",\"potentialAction\":[{\"@type\":\"ReadAction\",\"target\":[\"https:\\\/\\\/expressometro.mx\\\/index.php\\\/2020\\\/01\\\/16\\\/concluyo-gestion-de-la-uaem-al-frente-del-comite-de-registro-de-testigos-sociales\\\/\"]}]},{\"@type\":\"ImageObject\",\"inLanguage\":\"es\",\"@id\":\"https:\\\/\\\/expressometro.mx\\\/index.php\\\/2020\\\/01\\\/16\\\/concluyo-gestion-de-la-uaem-al-frente-del-comite-de-registro-de-testigos-sociales\\\/#primaryimage\",\"url\":\"https:\\\/\\\/expressometro.mx\\\/wp-content\\\/uploads\\\/2020\\\/01\\\/9A57D802-EE53-406E-8328-7F98D9425F78.jpeg\",\"contentUrl\":\"https:\\\/\\\/expressometro.mx\\\/wp-content\\\/uploads\\\/2020\\\/01\\\/9A57D802-EE53-406E-8328-7F98D9425F78.jpeg\",\"width\":640,\"height\":427},{\"@type\":\"BreadcrumbList\",\"@id\":\"https:\\\/\\\/expressometro.mx\\\/index.php\\\/2020\\\/01\\\/16\\\/concluyo-gestion-de-la-uaem-al-frente-del-comite-de-registro-de-testigos-sociales\\\/#breadcrumb\",\"itemListElement\":[{\"@type\":\"ListItem\",\"position\":1,\"name\":\"Inicio\",\"item\":\"https:\\\/\\\/expressometro.mx\\\/\"},{\"@type\":\"ListItem\",\"position\":2,\"name\":\"Concluy\u00f3 gesti\u00f3n de la UAEM al frente del Comit\u00e9 de Registro de Testigos Sociales\"}]},{\"@type\":\"WebSite\",\"@id\":\"https:\\\/\\\/expressometro.mx\\\/#website\",\"url\":\"https:\\\/\\\/expressometro.mx\\\/\",\"name\":\"Expresso Metropolitano\",\"description\":\"Periodismo comprometido, informaci\u00f3n, investigaci\u00f3n y an\u00e1lisis\",\"publisher\":{\"@id\":\"https:\\\/\\\/expressometro.mx\\\/#organization\"},\"potentialAction\":[{\"@type\":\"SearchAction\",\"target\":{\"@type\":\"EntryPoint\",\"urlTemplate\":\"https:\\\/\\\/expressometro.mx\\\/?s={search_term_string}\"},\"query-input\":{\"@type\":\"PropertyValueSpecification\",\"valueRequired\":true,\"valueName\":\"search_term_string\"}}],\"inLanguage\":\"es\"},{\"@type\":\"Organization\",\"@id\":\"https:\\\/\\\/expressometro.mx\\\/#organization\",\"name\":\"Expresso Metropolitano\",\"url\":\"https:\\\/\\\/expressometro.mx\\\/\",\"logo\":{\"@type\":\"ImageObject\",\"inLanguage\":\"es\",\"@id\":\"https:\\\/\\\/expressometro.mx\\\/#\\\/schema\\\/logo\\\/image\\\/\",\"url\":\"https:\\\/\\\/expressometro.mx\\\/wp-content\\\/uploads\\\/2019\\\/07\\\/cropped-Logo-Expresso-Metropolitano-1-1.jpeg\",\"contentUrl\":\"https:\\\/\\\/expressometro.mx\\\/wp-content\\\/uploads\\\/2019\\\/07\\\/cropped-Logo-Expresso-Metropolitano-1-1.jpeg\",\"width\":290,\"height\":73,\"caption\":\"Expresso Metropolitano\"},\"image\":{\"@id\":\"https:\\\/\\\/expressometro.mx\\\/#\\\/schema\\\/logo\\\/image\\\/\"}},{\"@type\":\"Person\",\"@id\":\"https:\\\/\\\/expressometro.mx\\\/#\\\/schema\\\/person\\\/efa971b4a0664db8ed5c22b1b0dd2f5d\",\"name\":\"Expresso Metropolitano\",\"image\":{\"@type\":\"ImageObject\",\"inLanguage\":\"es\",\"@id\":\"https:\\\/\\\/secure.gravatar.com\\\/avatar\\\/a89f802b8de18c6952f223c88d3d106e9e3679839f4e25a02f4a6cc2ae6ba3b3?s=96&d=mm&r=g\",\"url\":\"https:\\\/\\\/secure.gravatar.com\\\/avatar\\\/a89f802b8de18c6952f223c88d3d106e9e3679839f4e25a02f4a6cc2ae6ba3b3?s=96&d=mm&r=g\",\"contentUrl\":\"https:\\\/\\\/secure.gravatar.com\\\/avatar\\\/a89f802b8de18c6952f223c88d3d106e9e3679839f4e25a02f4a6cc2ae6ba3b3?s=96&d=mm&r=g\",\"caption\":\"Expresso Metropolitano\"},\"url\":\"https:\\\/\\\/expressometro.mx\\\/index.php\\\/author\\\/diego\\\/\"}]}<\/script>\n<!-- \/ Yoast SEO plugin. -->","yoast_head_json":{"title":"Concluy\u00f3 gesti\u00f3n de la UAEM al frente del Comit\u00e9 de Registro de Testigos Sociales - Expresso Metropolitano","robots":{"index":"index","follow":"follow","max-snippet":"max-snippet:-1","max-image-preview":"max-image-preview:large","max-video-preview":"max-video-preview:-1"},"canonical":"https:\/\/expressometro.mx\/index.php\/2020\/01\/16\/concluyo-gestion-de-la-uaem-al-frente-del-comite-de-registro-de-testigos-sociales\/","og_locale":"es_MX","og_type":"article","og_title":"Concluy\u00f3 gesti\u00f3n de la UAEM al frente del Comit\u00e9 de Registro de Testigos Sociales - Expresso Metropolitano","og_description":"Mediante un an\u00e1lisis riguroso y responsable, existe plena certeza de que los testigos sociales de la entidad cuentan con elementos t\u00e9cnicos y profesionales para participar en la observancia de procedimientos de contrataci\u00f3n p\u00fablica, sostuvo el rector de la Universidad Aut\u00f3noma del Estado de M\u00e9xico, Alfredo Barrera Baca. Al rendir su informe como presidente saliente del Comit\u00e9 de Registro de Testigos Sociales del Estado de M\u00e9xico (CRTSEM), Barrera Baca tom\u00f3 protesta a la comisionada presidenta del Instituto de Transparencia, Acceso a la Informaci\u00f3n P\u00fablica y Protecci\u00f3n de Datos Personales del Estado&hellip;","og_url":"https:\/\/expressometro.mx\/index.php\/2020\/01\/16\/concluyo-gestion-de-la-uaem-al-frente-del-comite-de-registro-de-testigos-sociales\/","og_site_name":"Expresso Metropolitano","article_published_time":"2020-01-16T23:36:58+00:00","article_modified_time":"2020-01-16T23:36:59+00:00","og_image":[{"width":640,"height":427,"url":"https:\/\/expressometro.mx\/wp-content\/uploads\/2020\/01\/9A57D802-EE53-406E-8328-7F98D9425F78.jpeg","type":"image\/jpeg"}],"author":"Expresso Metropolitano","twitter_misc":{"Escrito por":"Expresso Metropolitano","Tiempo de lectura":"2 minutos"},"schema":{"@context":"https:\/\/schema.org","@graph":[{"@type":"Article","@id":"https:\/\/expressometro.mx\/index.php\/2020\/01\/16\/concluyo-gestion-de-la-uaem-al-frente-del-comite-de-registro-de-testigos-sociales\/#article","isPartOf":{"@id":"https:\/\/expressometro.mx\/index.php\/2020\/01\/16\/concluyo-gestion-de-la-uaem-al-frente-del-comite-de-registro-de-testigos-sociales\/"},"author":{"name":"Expresso Metropolitano","@id":"https:\/\/expressometro.mx\/#\/schema\/person\/efa971b4a0664db8ed5c22b1b0dd2f5d"},"headline":"Concluy\u00f3 gesti\u00f3n de la UAEM al frente del Comit\u00e9 de Registro de Testigos Sociales","datePublished":"2020-01-16T23:36:58+00:00","dateModified":"2020-01-16T23:36:59+00:00","mainEntityOfPage":{"@id":"https:\/\/expressometro.mx\/index.php\/2020\/01\/16\/concluyo-gestion-de-la-uaem-al-frente-del-comite-de-registro-de-testigos-sociales\/"},"wordCount":318,"commentCount":0,"publisher":{"@id":"https:\/\/expressometro.mx\/#organization"},"image":{"@id":"https:\/\/expressometro.mx\/index.php\/2020\/01\/16\/concluyo-gestion-de-la-uaem-al-frente-del-comite-de-registro-de-testigos-sociales\/#primaryimage"},"thumbnailUrl":"https:\/\/expressometro.mx\/wp-content\/uploads\/2020\/01\/9A57D802-EE53-406E-8328-7F98D9425F78.jpeg","articleSection":["Otros"],"inLanguage":"es","potentialAction":[{"@type":"CommentAction","name":"Comment","target":["https:\/\/expressometro.mx\/index.php\/2020\/01\/16\/concluyo-gestion-de-la-uaem-al-frente-del-comite-de-registro-de-testigos-sociales\/#respond"]}]},{"@type":"WebPage","@id":"https:\/\/expressometro.mx\/index.php\/2020\/01\/16\/concluyo-gestion-de-la-uaem-al-frente-del-comite-de-registro-de-testigos-sociales\/","url":"https:\/\/expressometro.mx\/index.php\/2020\/01\/16\/concluyo-gestion-de-la-uaem-al-frente-del-comite-de-registro-de-testigos-sociales\/","name":"Concluy\u00f3 gesti\u00f3n de la UAEM al frente del Comit\u00e9 de Registro de Testigos Sociales - Expresso Metropolitano","isPartOf":{"@id":"https:\/\/expressometro.mx\/#website"},"primaryImageOfPage":{"@id":"https:\/\/expressometro.mx\/index.php\/2020\/01\/16\/concluyo-gestion-de-la-uaem-al-frente-del-comite-de-registro-de-testigos-sociales\/#primaryimage"},"image":{"@id":"https:\/\/expressometro.mx\/index.php\/2020\/01\/16\/concluyo-gestion-de-la-uaem-al-frente-del-comite-de-registro-de-testigos-sociales\/#primaryimage"},"thumbnailUrl":"https:\/\/expressometro.mx\/wp-content\/uploads\/2020\/01\/9A57D802-EE53-406E-8328-7F98D9425F78.jpeg","datePublished":"2020-01-16T23:36:58+00:00","dateModified":"2020-01-16T23:36:59+00:00","breadcrumb":{"@id":"https:\/\/expressometro.mx\/index.php\/2020\/01\/16\/concluyo-gestion-de-la-uaem-al-frente-del-comite-de-registro-de-testigos-sociales\/#breadcrumb"},"inLanguage":"es","potentialAction":[{"@type":"ReadAction","target":["https:\/\/expressometro.mx\/index.php\/2020\/01\/16\/concluyo-gestion-de-la-uaem-al-frente-del-comite-de-registro-de-testigos-sociales\/"]}]},{"@type":"ImageObject","inLanguage":"es","@id":"https:\/\/expressometro.mx\/index.php\/2020\/01\/16\/concluyo-gestion-de-la-uaem-al-frente-del-comite-de-registro-de-testigos-sociales\/#primaryimage","url":"https:\/\/expressometro.mx\/wp-content\/uploads\/2020\/01\/9A57D802-EE53-406E-8328-7F98D9425F78.jpeg","contentUrl":"https:\/\/expressometro.mx\/wp-content\/uploads\/2020\/01\/9A57D802-EE53-406E-8328-7F98D9425F78.jpeg","width":640,"height":427},{"@type":"BreadcrumbList","@id":"https:\/\/expressometro.mx\/index.php\/2020\/01\/16\/concluyo-gestion-de-la-uaem-al-frente-del-comite-de-registro-de-testigos-sociales\/#breadcrumb","itemListElement":[{"@type":"ListItem","position":1,"name":"Inicio","item":"https:\/\/expressometro.mx\/"},{"@type":"ListItem","position":2,"name":"Concluy\u00f3 gesti\u00f3n de la UAEM al frente del Comit\u00e9 de Registro de Testigos Sociales"}]},{"@type":"WebSite","@id":"https:\/\/expressometro.mx\/#website","url":"https:\/\/expressometro.mx\/","name":"Expresso Metropolitano","description":"Periodismo comprometido, informaci\u00f3n, investigaci\u00f3n y an\u00e1lisis","publisher":{"@id":"https:\/\/expressometro.mx\/#organization"},"potentialAction":[{"@type":"SearchAction","target":{"@type":"EntryPoint","urlTemplate":"https:\/\/expressometro.mx\/?s={search_term_string}"},"query-input":{"@type":"PropertyValueSpecification","valueRequired":true,"valueName":"search_term_string"}}],"inLanguage":"es"},{"@type":"Organization","@id":"https:\/\/expressometro.mx\/#organization","name":"Expresso Metropolitano","url":"https:\/\/expressometro.mx\/","logo":{"@type":"ImageObject","inLanguage":"es","@id":"https:\/\/expressometro.mx\/#\/schema\/logo\/image\/","url":"https:\/\/expressometro.mx\/wp-content\/uploads\/2019\/07\/cropped-Logo-Expresso-Metropolitano-1-1.jpeg","contentUrl":"https:\/\/expressometro.mx\/wp-content\/uploads\/2019\/07\/cropped-Logo-Expresso-Metropolitano-1-1.jpeg","width":290,"height":73,"caption":"Expresso Metropolitano"},"image":{"@id":"https:\/\/expressometro.mx\/#\/schema\/logo\/image\/"}},{"@type":"Person","@id":"https:\/\/expressometro.mx\/#\/schema\/person\/efa971b4a0664db8ed5c22b1b0dd2f5d","name":"Expresso Metropolitano","image":{"@type":"ImageObject","inLanguage":"es","@id":"https:\/\/secure.gravatar.com\/avatar\/a89f802b8de18c6952f223c88d3d106e9e3679839f4e25a02f4a6cc2ae6ba3b3?s=96&d=mm&r=g","url":"https:\/\/secure.gravatar.com\/avatar\/a89f802b8de18c6952f223c88d3d106e9e3679839f4e25a02f4a6cc2ae6ba3b3?s=96&d=mm&r=g","contentUrl":"https:\/\/secure.gravatar.com\/avatar\/a89f802b8de18c6952f223c88d3d106e9e3679839f4e25a02f4a6cc2ae6ba3b3?s=96&d=mm&r=g","caption":"Expresso Metropolitano"},"url":"https:\/\/expressometro.mx\/index.php\/author\/diego\/"}]}},"amp_enabled":true,"_links":{"self":[{"href":"https:\/\/expressometro.mx\/index.php\/wp-json\/wp\/v2\/posts\/1166","targetHints":{"allow":["GET"]}}],"collection":[{"href":"https:\/\/expressometro.mx\/index.php\/wp-json\/wp\/v2\/posts"}],"about":[{"href":"https:\/\/expressometro.mx\/index.php\/wp-json\/wp\/v2\/types\/post"}],"author":[{"embeddable":true,"href":"https:\/\/expressometro.mx\/index.php\/wp-json\/wp\/v2\/users\/1"}],"replies":[{"embeddable":true,"href":"https:\/\/expressometro.mx\/index.php\/wp-json\/wp\/v2\/comments?post=1166"}],"version-history":[{"count":1,"href":"https:\/\/expressometro.mx\/index.php\/wp-json\/wp\/v2\/posts\/1166\/revisions"}],"predecessor-version":[{"id":1168,"href":"https:\/\/expressometro.mx\/index.php\/wp-json\/wp\/v2\/posts\/1166\/revisions\/1168"}],"wp:featuredmedia":[{"embeddable":true,"href":"https:\/\/expressometro.mx\/index.php\/wp-json\/wp\/v2\/media\/1167"}],"wp:attachment":[{"href":"https:\/\/expressometro.mx\/index.php\/wp-json\/wp\/v2\/media?parent=1166"}],"wp:term":[{"taxonomy":"category","embeddable":true,"href":"https:\/\/expressometro.mx\/index.php\/wp-json\/wp\/v2\/categories?post=1166"},{"taxonomy":"post_tag","embeddable":true,"href":"https:\/\/expressometro.mx\/index.php\/wp-json\/wp\/v2\/tags?post=1166"}],"curies":[{"name":"wp","href":"https:\/\/api.w.org\/{rel}","templated":true}]}}