{"id":11602,"date":"2025-07-17T17:33:33","date_gmt":"2025-07-17T23:33:33","guid":{"rendered":"https:\/\/expressometro.mx\/?p=11602"},"modified":"2025-07-30T17:34:47","modified_gmt":"2025-07-30T23:34:47","slug":"promueve-mario-santana-la-mejora-regulatoria","status":"publish","type":"post","link":"https:\/\/expressometro.mx\/index.php\/2025\/07\/17\/promueve-mario-santana-la-mejora-regulatoria\/","title":{"rendered":"PROMUEVE MARIO SANTANA LA MEJORA REGULATORIA"},"content":{"rendered":"\n<p><\/p>\n\n\n\n<p>Acompa\u00f1ado de los Integrantes del Cabildo, el Presidente Municipal, Mario Santana Carbajal, encabez\u00f3 la Segunda Sesi\u00f3n Ordinaria de la Comisi\u00f3n Municipal de Mejora Regulatoria, en la que se revisaron los avances y estrategias para simplificar tr\u00e1mites, fortalecer la eficiencia administrativa y ofrecer servicios m\u00e1s \u00e1giles a la poblaci\u00f3n.<\/p>\n\n\n\n<p>Asimismo se continu\u00f3 con una reuni\u00f3n de compa\u00f1eros de Gobernaci\u00f3n porque en Villa Victoria somos un gobierno que trabaja para la gente, agreg\u00f3.<\/p>\n\n\n\n<p>Se entreg\u00f3 a la Secretar\u00eda de Medio Ambiente y Desarrollo Sostenible, m\u00e1s de 2 mil neum\u00e1ticos que se recogieron en la campa\u00f1a \u201cRecolecci\u00f3n de Llantas\u201d. Estando presente, el Lic Fidel Vel\u00e1zquez \u00c1vila, Subdirector de Prevenci\u00f3n y Control de la Contaminaci\u00f3n del Agua y del Suelo por Residuos.<\/p>\n\n\n\n<p>El Presidente Municipal, Mario Santana Carbajal, entreg\u00f3 equipo a servidores p\u00fablicos del rastro, limpia y recolecci\u00f3n de basura. De igual manera el Ayuntamiento de Villa Victoria entreg\u00f3 Bombas Fumigadoras de Mochila Pretul, acto al que asistieron el Lic. Ra\u00fal Ascencio Pilar, Secretario del Ayuntamiento y representantes del Honorable Cabildo, en representaci\u00f3n del Presidente Municipal, Mario Santana Carbajal.<\/p>\n\n\n\n<p>Con la participaci\u00f3n de integrantes del cabildo, servidores p\u00fablicos y autoridades auxiliares, el Secretario del Ayuntamiento, Ra\u00fal Ascencio Pilar, en representaci\u00f3n del Presidente Municipal, Mario Santana Carbajal, encabez\u00f3 la Primera Campa\u00f1a de Restauraci\u00f3n de Ecosistemas Forestales 2025, bajo el lema \u201cM\u00e1s \u00e1rboles, M\u00e1s vida\u201den San Agust\u00edn Altamirano Primera Secci\u00f3n.<\/p>\n\n\n\n<p>Esta es una iniciativa que se pone en marcha de la mano con la Protectora de Bosques del Estado de M\u00e9xico (PROBOSQUE), en favor de la reforestaci\u00f3n y la protecci\u00f3n del medio ambiente, en beneficio de las presentes y futuras generaciones.<\/p>\n","protected":false},"excerpt":{"rendered":"<p>Acompa\u00f1ado de los Integrantes del Cabildo, el Presidente Municipal, Mario Santana Carbajal, encabez\u00f3 la Segunda Sesi\u00f3n Ordinaria de la Comisi\u00f3n Municipal de Mejora Regulatoria, en la que se revisaron los avances y estrategias para simplificar tr\u00e1mites, fortalecer la eficiencia administrativa y ofrecer servicios m\u00e1s \u00e1giles a la poblaci\u00f3n. Asimismo se continu\u00f3 con una reuni\u00f3n de compa\u00f1eros de Gobernaci\u00f3n porque en Villa Victoria somos un gobierno que trabaja para la gente, agreg\u00f3. Se entreg\u00f3 a la Secretar\u00eda de Medio Ambiente y Desarrollo Sostenible, m\u00e1s de 2 mil neum\u00e1ticos que se recogieron&hellip;<\/p>\n","protected":false},"author":2,"featured_media":11604,"comment_status":"open","ping_status":"open","sticky":false,"template":"","format":"standard","meta":{"footnotes":""},"categories":[1],"tags":[],"class_list":["post-11602","post","type-post","status-publish","format-standard","has-post-thumbnail","hentry","category-otros"],"yoast_head":"<!-- This site is optimized with the Yoast SEO plugin v27.5 - https:\/\/yoast.com\/product\/yoast-seo-wordpress\/ -->\n<title>PROMUEVE MARIO SANTANA LA MEJORA REGULATORIA - Expresso Metropolitano<\/title>\n<meta name=\"robots\" content=\"index, follow, max-snippet:-1, max-image-preview:large, max-video-preview:-1\" \/>\n<link rel=\"canonical\" href=\"https:\/\/expressometro.mx\/index.php\/2025\/07\/17\/promueve-mario-santana-la-mejora-regulatoria\/\" \/>\n<meta property=\"og:locale\" content=\"es_MX\" \/>\n<meta property=\"og:type\" content=\"article\" \/>\n<meta property=\"og:title\" content=\"PROMUEVE MARIO SANTANA LA MEJORA REGULATORIA - Expresso Metropolitano\" \/>\n<meta property=\"og:description\" content=\"Acompa\u00f1ado de los Integrantes del Cabildo, el Presidente Municipal, Mario Santana Carbajal, encabez\u00f3 la Segunda Sesi\u00f3n Ordinaria de la Comisi\u00f3n Municipal de Mejora Regulatoria, en la que se revisaron los avances y estrategias para simplificar tr\u00e1mites, fortalecer la eficiencia administrativa y ofrecer servicios m\u00e1s \u00e1giles a la poblaci\u00f3n. Asimismo se continu\u00f3 con una reuni\u00f3n de compa\u00f1eros de Gobernaci\u00f3n porque en Villa Victoria somos un gobierno que trabaja para la gente, agreg\u00f3. Se entreg\u00f3 a la Secretar\u00eda de Medio Ambiente y Desarrollo Sostenible, m\u00e1s de 2 mil neum\u00e1ticos que se recogieron&hellip;\" \/>\n<meta property=\"og:url\" content=\"https:\/\/expressometro.mx\/index.php\/2025\/07\/17\/promueve-mario-santana-la-mejora-regulatoria\/\" \/>\n<meta property=\"og:site_name\" content=\"Expresso Metropolitano\" \/>\n<meta property=\"article:published_time\" content=\"2025-07-17T23:33:33+00:00\" \/>\n<meta property=\"article:modified_time\" content=\"2025-07-30T23:34:47+00:00\" \/>\n<meta property=\"og:image\" content=\"http:\/\/expressometro.mx\/wp-content\/uploads\/2025\/07\/562ace24-0367-487d-a2c1-acb741967ea7.jpg\" \/>\n\t<meta property=\"og:image:width\" content=\"960\" \/>\n\t<meta property=\"og:image:height\" content=\"640\" \/>\n\t<meta property=\"og:image:type\" content=\"image\/jpeg\" \/>\n<meta name=\"author\" content=\"Cecilia Vega\" \/>\n<meta name=\"twitter:label1\" content=\"Escrito por\" \/>\n\t<meta name=\"twitter:data1\" content=\"Cecilia Vega\" \/>\n\t<meta name=\"twitter:label2\" content=\"Tiempo de lectura\" \/>\n\t<meta name=\"twitter:data2\" content=\"2 minutos\" \/>\n<script type=\"application\/ld+json\" class=\"yoast-schema-graph\">{\"@context\":\"https:\\\/\\\/schema.org\",\"@graph\":[{\"@type\":\"Article\",\"@id\":\"https:\\\/\\\/expressometro.mx\\\/index.php\\\/2025\\\/07\\\/17\\\/promueve-mario-santana-la-mejora-regulatoria\\\/#article\",\"isPartOf\":{\"@id\":\"https:\\\/\\\/expressometro.mx\\\/index.php\\\/2025\\\/07\\\/17\\\/promueve-mario-santana-la-mejora-regulatoria\\\/\"},\"author\":{\"name\":\"Cecilia Vega\",\"@id\":\"https:\\\/\\\/expressometro.mx\\\/#\\\/schema\\\/person\\\/67a95b8e3862085c7598f66237488f1f\"},\"headline\":\"PROMUEVE MARIO SANTANA LA MEJORA REGULATORIA\",\"datePublished\":\"2025-07-17T23:33:33+00:00\",\"dateModified\":\"2025-07-30T23:34:47+00:00\",\"mainEntityOfPage\":{\"@id\":\"https:\\\/\\\/expressometro.mx\\\/index.php\\\/2025\\\/07\\\/17\\\/promueve-mario-santana-la-mejora-regulatoria\\\/\"},\"wordCount\":304,\"commentCount\":0,\"publisher\":{\"@id\":\"https:\\\/\\\/expressometro.mx\\\/#organization\"},\"image\":{\"@id\":\"https:\\\/\\\/expressometro.mx\\\/index.php\\\/2025\\\/07\\\/17\\\/promueve-mario-santana-la-mejora-regulatoria\\\/#primaryimage\"},\"thumbnailUrl\":\"https:\\\/\\\/expressometro.mx\\\/wp-content\\\/uploads\\\/2025\\\/07\\\/562ace24-0367-487d-a2c1-acb741967ea7.jpg\",\"articleSection\":[\"Otros\"],\"inLanguage\":\"es\",\"potentialAction\":[{\"@type\":\"CommentAction\",\"name\":\"Comment\",\"target\":[\"https:\\\/\\\/expressometro.mx\\\/index.php\\\/2025\\\/07\\\/17\\\/promueve-mario-santana-la-mejora-regulatoria\\\/#respond\"]}]},{\"@type\":\"WebPage\",\"@id\":\"https:\\\/\\\/expressometro.mx\\\/index.php\\\/2025\\\/07\\\/17\\\/promueve-mario-santana-la-mejora-regulatoria\\\/\",\"url\":\"https:\\\/\\\/expressometro.mx\\\/index.php\\\/2025\\\/07\\\/17\\\/promueve-mario-santana-la-mejora-regulatoria\\\/\",\"name\":\"PROMUEVE MARIO SANTANA LA MEJORA REGULATORIA - Expresso Metropolitano\",\"isPartOf\":{\"@id\":\"https:\\\/\\\/expressometro.mx\\\/#website\"},\"primaryImageOfPage\":{\"@id\":\"https:\\\/\\\/expressometro.mx\\\/index.php\\\/2025\\\/07\\\/17\\\/promueve-mario-santana-la-mejora-regulatoria\\\/#primaryimage\"},\"image\":{\"@id\":\"https:\\\/\\\/expressometro.mx\\\/index.php\\\/2025\\\/07\\\/17\\\/promueve-mario-santana-la-mejora-regulatoria\\\/#primaryimage\"},\"thumbnailUrl\":\"https:\\\/\\\/expressometro.mx\\\/wp-content\\\/uploads\\\/2025\\\/07\\\/562ace24-0367-487d-a2c1-acb741967ea7.jpg\",\"datePublished\":\"2025-07-17T23:33:33+00:00\",\"dateModified\":\"2025-07-30T23:34:47+00:00\",\"breadcrumb\":{\"@id\":\"https:\\\/\\\/expressometro.mx\\\/index.php\\\/2025\\\/07\\\/17\\\/promueve-mario-santana-la-mejora-regulatoria\\\/#breadcrumb\"},\"inLanguage\":\"es\",\"potentialAction\":[{\"@type\":\"ReadAction\",\"target\":[\"https:\\\/\\\/expressometro.mx\\\/index.php\\\/2025\\\/07\\\/17\\\/promueve-mario-santana-la-mejora-regulatoria\\\/\"]}]},{\"@type\":\"ImageObject\",\"inLanguage\":\"es\",\"@id\":\"https:\\\/\\\/expressometro.mx\\\/index.php\\\/2025\\\/07\\\/17\\\/promueve-mario-santana-la-mejora-regulatoria\\\/#primaryimage\",\"url\":\"https:\\\/\\\/expressometro.mx\\\/wp-content\\\/uploads\\\/2025\\\/07\\\/562ace24-0367-487d-a2c1-acb741967ea7.jpg\",\"contentUrl\":\"https:\\\/\\\/expressometro.mx\\\/wp-content\\\/uploads\\\/2025\\\/07\\\/562ace24-0367-487d-a2c1-acb741967ea7.jpg\",\"width\":960,\"height\":640},{\"@type\":\"BreadcrumbList\",\"@id\":\"https:\\\/\\\/expressometro.mx\\\/index.php\\\/2025\\\/07\\\/17\\\/promueve-mario-santana-la-mejora-regulatoria\\\/#breadcrumb\",\"itemListElement\":[{\"@type\":\"ListItem\",\"position\":1,\"name\":\"Inicio\",\"item\":\"https:\\\/\\\/expressometro.mx\\\/\"},{\"@type\":\"ListItem\",\"position\":2,\"name\":\"PROMUEVE MARIO SANTANA LA MEJORA REGULATORIA\"}]},{\"@type\":\"WebSite\",\"@id\":\"https:\\\/\\\/expressometro.mx\\\/#website\",\"url\":\"https:\\\/\\\/expressometro.mx\\\/\",\"name\":\"Expresso Metropolitano\",\"description\":\"Periodismo comprometido, informaci\u00f3n, investigaci\u00f3n y an\u00e1lisis\",\"publisher\":{\"@id\":\"https:\\\/\\\/expressometro.mx\\\/#organization\"},\"potentialAction\":[{\"@type\":\"SearchAction\",\"target\":{\"@type\":\"EntryPoint\",\"urlTemplate\":\"https:\\\/\\\/expressometro.mx\\\/?s={search_term_string}\"},\"query-input\":{\"@type\":\"PropertyValueSpecification\",\"valueRequired\":true,\"valueName\":\"search_term_string\"}}],\"inLanguage\":\"es\"},{\"@type\":\"Organization\",\"@id\":\"https:\\\/\\\/expressometro.mx\\\/#organization\",\"name\":\"Expresso Metropolitano\",\"url\":\"https:\\\/\\\/expressometro.mx\\\/\",\"logo\":{\"@type\":\"ImageObject\",\"inLanguage\":\"es\",\"@id\":\"https:\\\/\\\/expressometro.mx\\\/#\\\/schema\\\/logo\\\/image\\\/\",\"url\":\"https:\\\/\\\/expressometro.mx\\\/wp-content\\\/uploads\\\/2019\\\/07\\\/cropped-Logo-Expresso-Metropolitano-1-1.jpeg\",\"contentUrl\":\"https:\\\/\\\/expressometro.mx\\\/wp-content\\\/uploads\\\/2019\\\/07\\\/cropped-Logo-Expresso-Metropolitano-1-1.jpeg\",\"width\":290,\"height\":73,\"caption\":\"Expresso Metropolitano\"},\"image\":{\"@id\":\"https:\\\/\\\/expressometro.mx\\\/#\\\/schema\\\/logo\\\/image\\\/\"}},{\"@type\":\"Person\",\"@id\":\"https:\\\/\\\/expressometro.mx\\\/#\\\/schema\\\/person\\\/67a95b8e3862085c7598f66237488f1f\",\"name\":\"Cecilia Vega\",\"image\":{\"@type\":\"ImageObject\",\"inLanguage\":\"es\",\"@id\":\"https:\\\/\\\/secure.gravatar.com\\\/avatar\\\/13aae9944ab2ee472a9e407c9487fdbd03b049abaa559af32fe5dbcf615c981b?s=96&d=mm&r=g\",\"url\":\"https:\\\/\\\/secure.gravatar.com\\\/avatar\\\/13aae9944ab2ee472a9e407c9487fdbd03b049abaa559af32fe5dbcf615c981b?s=96&d=mm&r=g\",\"contentUrl\":\"https:\\\/\\\/secure.gravatar.com\\\/avatar\\\/13aae9944ab2ee472a9e407c9487fdbd03b049abaa559af32fe5dbcf615c981b?s=96&d=mm&r=g\",\"caption\":\"Cecilia Vega\"},\"url\":\"https:\\\/\\\/expressometro.mx\\\/index.php\\\/author\\\/cecilia-vega\\\/\"}]}<\/script>\n<!-- \/ Yoast SEO plugin. -->","yoast_head_json":{"title":"PROMUEVE MARIO SANTANA LA MEJORA REGULATORIA - Expresso Metropolitano","robots":{"index":"index","follow":"follow","max-snippet":"max-snippet:-1","max-image-preview":"max-image-preview:large","max-video-preview":"max-video-preview:-1"},"canonical":"https:\/\/expressometro.mx\/index.php\/2025\/07\/17\/promueve-mario-santana-la-mejora-regulatoria\/","og_locale":"es_MX","og_type":"article","og_title":"PROMUEVE MARIO SANTANA LA MEJORA REGULATORIA - Expresso Metropolitano","og_description":"Acompa\u00f1ado de los Integrantes del Cabildo, el Presidente Municipal, Mario Santana Carbajal, encabez\u00f3 la Segunda Sesi\u00f3n Ordinaria de la Comisi\u00f3n Municipal de Mejora Regulatoria, en la que se revisaron los avances y estrategias para simplificar tr\u00e1mites, fortalecer la eficiencia administrativa y ofrecer servicios m\u00e1s \u00e1giles a la poblaci\u00f3n. Asimismo se continu\u00f3 con una reuni\u00f3n de compa\u00f1eros de Gobernaci\u00f3n porque en Villa Victoria somos un gobierno que trabaja para la gente, agreg\u00f3. Se entreg\u00f3 a la Secretar\u00eda de Medio Ambiente y Desarrollo Sostenible, m\u00e1s de 2 mil neum\u00e1ticos que se recogieron&hellip;","og_url":"https:\/\/expressometro.mx\/index.php\/2025\/07\/17\/promueve-mario-santana-la-mejora-regulatoria\/","og_site_name":"Expresso Metropolitano","article_published_time":"2025-07-17T23:33:33+00:00","article_modified_time":"2025-07-30T23:34:47+00:00","og_image":[{"width":960,"height":640,"url":"http:\/\/expressometro.mx\/wp-content\/uploads\/2025\/07\/562ace24-0367-487d-a2c1-acb741967ea7.jpg","type":"image\/jpeg"}],"author":"Cecilia Vega","twitter_misc":{"Escrito por":"Cecilia Vega","Tiempo de lectura":"2 minutos"},"schema":{"@context":"https:\/\/schema.org","@graph":[{"@type":"Article","@id":"https:\/\/expressometro.mx\/index.php\/2025\/07\/17\/promueve-mario-santana-la-mejora-regulatoria\/#article","isPartOf":{"@id":"https:\/\/expressometro.mx\/index.php\/2025\/07\/17\/promueve-mario-santana-la-mejora-regulatoria\/"},"author":{"name":"Cecilia Vega","@id":"https:\/\/expressometro.mx\/#\/schema\/person\/67a95b8e3862085c7598f66237488f1f"},"headline":"PROMUEVE MARIO SANTANA LA MEJORA REGULATORIA","datePublished":"2025-07-17T23:33:33+00:00","dateModified":"2025-07-30T23:34:47+00:00","mainEntityOfPage":{"@id":"https:\/\/expressometro.mx\/index.php\/2025\/07\/17\/promueve-mario-santana-la-mejora-regulatoria\/"},"wordCount":304,"commentCount":0,"publisher":{"@id":"https:\/\/expressometro.mx\/#organization"},"image":{"@id":"https:\/\/expressometro.mx\/index.php\/2025\/07\/17\/promueve-mario-santana-la-mejora-regulatoria\/#primaryimage"},"thumbnailUrl":"https:\/\/expressometro.mx\/wp-content\/uploads\/2025\/07\/562ace24-0367-487d-a2c1-acb741967ea7.jpg","articleSection":["Otros"],"inLanguage":"es","potentialAction":[{"@type":"CommentAction","name":"Comment","target":["https:\/\/expressometro.mx\/index.php\/2025\/07\/17\/promueve-mario-santana-la-mejora-regulatoria\/#respond"]}]},{"@type":"WebPage","@id":"https:\/\/expressometro.mx\/index.php\/2025\/07\/17\/promueve-mario-santana-la-mejora-regulatoria\/","url":"https:\/\/expressometro.mx\/index.php\/2025\/07\/17\/promueve-mario-santana-la-mejora-regulatoria\/","name":"PROMUEVE MARIO SANTANA LA MEJORA REGULATORIA - Expresso Metropolitano","isPartOf":{"@id":"https:\/\/expressometro.mx\/#website"},"primaryImageOfPage":{"@id":"https:\/\/expressometro.mx\/index.php\/2025\/07\/17\/promueve-mario-santana-la-mejora-regulatoria\/#primaryimage"},"image":{"@id":"https:\/\/expressometro.mx\/index.php\/2025\/07\/17\/promueve-mario-santana-la-mejora-regulatoria\/#primaryimage"},"thumbnailUrl":"https:\/\/expressometro.mx\/wp-content\/uploads\/2025\/07\/562ace24-0367-487d-a2c1-acb741967ea7.jpg","datePublished":"2025-07-17T23:33:33+00:00","dateModified":"2025-07-30T23:34:47+00:00","breadcrumb":{"@id":"https:\/\/expressometro.mx\/index.php\/2025\/07\/17\/promueve-mario-santana-la-mejora-regulatoria\/#breadcrumb"},"inLanguage":"es","potentialAction":[{"@type":"ReadAction","target":["https:\/\/expressometro.mx\/index.php\/2025\/07\/17\/promueve-mario-santana-la-mejora-regulatoria\/"]}]},{"@type":"ImageObject","inLanguage":"es","@id":"https:\/\/expressometro.mx\/index.php\/2025\/07\/17\/promueve-mario-santana-la-mejora-regulatoria\/#primaryimage","url":"https:\/\/expressometro.mx\/wp-content\/uploads\/2025\/07\/562ace24-0367-487d-a2c1-acb741967ea7.jpg","contentUrl":"https:\/\/expressometro.mx\/wp-content\/uploads\/2025\/07\/562ace24-0367-487d-a2c1-acb741967ea7.jpg","width":960,"height":640},{"@type":"BreadcrumbList","@id":"https:\/\/expressometro.mx\/index.php\/2025\/07\/17\/promueve-mario-santana-la-mejora-regulatoria\/#breadcrumb","itemListElement":[{"@type":"ListItem","position":1,"name":"Inicio","item":"https:\/\/expressometro.mx\/"},{"@type":"ListItem","position":2,"name":"PROMUEVE MARIO SANTANA LA MEJORA REGULATORIA"}]},{"@type":"WebSite","@id":"https:\/\/expressometro.mx\/#website","url":"https:\/\/expressometro.mx\/","name":"Expresso Metropolitano","description":"Periodismo comprometido, informaci\u00f3n, investigaci\u00f3n y an\u00e1lisis","publisher":{"@id":"https:\/\/expressometro.mx\/#organization"},"potentialAction":[{"@type":"SearchAction","target":{"@type":"EntryPoint","urlTemplate":"https:\/\/expressometro.mx\/?s={search_term_string}"},"query-input":{"@type":"PropertyValueSpecification","valueRequired":true,"valueName":"search_term_string"}}],"inLanguage":"es"},{"@type":"Organization","@id":"https:\/\/expressometro.mx\/#organization","name":"Expresso Metropolitano","url":"https:\/\/expressometro.mx\/","logo":{"@type":"ImageObject","inLanguage":"es","@id":"https:\/\/expressometro.mx\/#\/schema\/logo\/image\/","url":"https:\/\/expressometro.mx\/wp-content\/uploads\/2019\/07\/cropped-Logo-Expresso-Metropolitano-1-1.jpeg","contentUrl":"https:\/\/expressometro.mx\/wp-content\/uploads\/2019\/07\/cropped-Logo-Expresso-Metropolitano-1-1.jpeg","width":290,"height":73,"caption":"Expresso Metropolitano"},"image":{"@id":"https:\/\/expressometro.mx\/#\/schema\/logo\/image\/"}},{"@type":"Person","@id":"https:\/\/expressometro.mx\/#\/schema\/person\/67a95b8e3862085c7598f66237488f1f","name":"Cecilia Vega","image":{"@type":"ImageObject","inLanguage":"es","@id":"https:\/\/secure.gravatar.com\/avatar\/13aae9944ab2ee472a9e407c9487fdbd03b049abaa559af32fe5dbcf615c981b?s=96&d=mm&r=g","url":"https:\/\/secure.gravatar.com\/avatar\/13aae9944ab2ee472a9e407c9487fdbd03b049abaa559af32fe5dbcf615c981b?s=96&d=mm&r=g","contentUrl":"https:\/\/secure.gravatar.com\/avatar\/13aae9944ab2ee472a9e407c9487fdbd03b049abaa559af32fe5dbcf615c981b?s=96&d=mm&r=g","caption":"Cecilia Vega"},"url":"https:\/\/expressometro.mx\/index.php\/author\/cecilia-vega\/"}]}},"amp_enabled":true,"_links":{"self":[{"href":"https:\/\/expressometro.mx\/index.php\/wp-json\/wp\/v2\/posts\/11602","targetHints":{"allow":["GET"]}}],"collection":[{"href":"https:\/\/expressometro.mx\/index.php\/wp-json\/wp\/v2\/posts"}],"about":[{"href":"https:\/\/expressometro.mx\/index.php\/wp-json\/wp\/v2\/types\/post"}],"author":[{"embeddable":true,"href":"https:\/\/expressometro.mx\/index.php\/wp-json\/wp\/v2\/users\/2"}],"replies":[{"embeddable":true,"href":"https:\/\/expressometro.mx\/index.php\/wp-json\/wp\/v2\/comments?post=11602"}],"version-history":[{"count":1,"href":"https:\/\/expressometro.mx\/index.php\/wp-json\/wp\/v2\/posts\/11602\/revisions"}],"predecessor-version":[{"id":11605,"href":"https:\/\/expressometro.mx\/index.php\/wp-json\/wp\/v2\/posts\/11602\/revisions\/11605"}],"wp:featuredmedia":[{"embeddable":true,"href":"https:\/\/expressometro.mx\/index.php\/wp-json\/wp\/v2\/media\/11604"}],"wp:attachment":[{"href":"https:\/\/expressometro.mx\/index.php\/wp-json\/wp\/v2\/media?parent=11602"}],"wp:term":[{"taxonomy":"category","embeddable":true,"href":"https:\/\/expressometro.mx\/index.php\/wp-json\/wp\/v2\/categories?post=11602"},{"taxonomy":"post_tag","embeddable":true,"href":"https:\/\/expressometro.mx\/index.php\/wp-json\/wp\/v2\/tags?post=11602"}],"curies":[{"name":"wp","href":"https:\/\/api.w.org\/{rel}","templated":true}]}}