{"id":11583,"date":"2025-07-30T17:24:16","date_gmt":"2025-07-30T23:24:16","guid":{"rendered":"https:\/\/expressometro.mx\/?p=11583"},"modified":"2025-07-30T17:24:17","modified_gmt":"2025-07-30T23:24:17","slug":"villavictoria","status":"publish","type":"post","link":"https:\/\/expressometro.mx\/index.php\/2025\/07\/30\/villavictoria\/","title":{"rendered":"VillaVictoria"},"content":{"rendered":"\n<p><\/p>\n\n\n\n<h1 class=\"wp-block-heading\"><\/h1>\n\n\n\n<h1 class=\"wp-block-heading\"><\/h1>\n\n\n\n<p>Con el objetivo de reconocer a las y los j\u00f3venes que hacen m\u00e1s por su municipio en los diferentes \u00e1mbitos, el Ayuntamiento de Villa Victoria invita a aquellos entre 12 y 29 a\u00f1os de edad a participar por el Premio Municipal de la Juventud 2025; consulta las bases en esta convocatoria.<\/p>\n\n\n\n<p><\/p>\n\n\n\n<p>En Villa Victoria se realizar\u00e1 la Primera Edici\u00f3n de la Feria de Arte, Cultura y Tradici\u00f3n de M\u00e9xico \ud83c\uddf2\ud83c\uddfd y el Mundo \ud83c\udf0e, del 1 al 11 de agosto, con la participaci\u00f3n de 12 pa\u00edses, que compartir\u00e1n sus ra\u00edces, tradiciones y gran riqueza cultural.<br>Se celebrar\u00e1 la uni\u00f3n entre naciones a trav\u00e9s del arte, la m\u00fasica, la danza y la gastronom\u00eda. \u00a1No te lo puedes perder!, te esperamos para que disfrutes de este gran evento que tendr\u00e1 actividades todo el d\u00eda, Explanada Municipal<\/p>\n","protected":false},"excerpt":{"rendered":"<p>Con el objetivo de reconocer a las y los j\u00f3venes que hacen m\u00e1s por su municipio en los diferentes \u00e1mbitos, el Ayuntamiento de Villa Victoria invita a aquellos entre 12 y 29 a\u00f1os de edad a participar por el Premio Municipal de la Juventud 2025; consulta las bases en esta convocatoria. En Villa Victoria se realizar\u00e1 la Primera Edici\u00f3n de la Feria de Arte, Cultura y Tradici\u00f3n de M\u00e9xico \ud83c\uddf2\ud83c\uddfd y el Mundo \ud83c\udf0e, del 1 al 11 de agosto, con la participaci\u00f3n de 12 pa\u00edses, que compartir\u00e1n sus ra\u00edces,&hellip;<\/p>\n","protected":false},"author":2,"featured_media":11585,"comment_status":"open","ping_status":"open","sticky":false,"template":"","format":"standard","meta":{"footnotes":""},"categories":[1],"tags":[],"class_list":["post-11583","post","type-post","status-publish","format-standard","has-post-thumbnail","hentry","category-otros"],"yoast_head":"<!-- This site is optimized with the Yoast SEO plugin v27.5 - https:\/\/yoast.com\/product\/yoast-seo-wordpress\/ -->\n<title>VillaVictoria - Expresso Metropolitano<\/title>\n<meta name=\"robots\" content=\"index, follow, max-snippet:-1, max-image-preview:large, max-video-preview:-1\" \/>\n<link rel=\"canonical\" href=\"https:\/\/expressometro.mx\/index.php\/2025\/07\/30\/villavictoria\/\" \/>\n<meta property=\"og:locale\" content=\"es_MX\" \/>\n<meta property=\"og:type\" content=\"article\" \/>\n<meta property=\"og:title\" content=\"VillaVictoria - Expresso Metropolitano\" \/>\n<meta property=\"og:description\" content=\"Con el objetivo de reconocer a las y los j\u00f3venes que hacen m\u00e1s por su municipio en los diferentes \u00e1mbitos, el Ayuntamiento de Villa Victoria invita a aquellos entre 12 y 29 a\u00f1os de edad a participar por el Premio Municipal de la Juventud 2025; consulta las bases en esta convocatoria. En Villa Victoria se realizar\u00e1 la Primera Edici\u00f3n de la Feria de Arte, Cultura y Tradici\u00f3n de M\u00e9xico \ud83c\uddf2\ud83c\uddfd y el Mundo \ud83c\udf0e, del 1 al 11 de agosto, con la participaci\u00f3n de 12 pa\u00edses, que compartir\u00e1n sus ra\u00edces,&hellip;\" \/>\n<meta property=\"og:url\" content=\"https:\/\/expressometro.mx\/index.php\/2025\/07\/30\/villavictoria\/\" \/>\n<meta property=\"og:site_name\" content=\"Expresso Metropolitano\" \/>\n<meta property=\"article:published_time\" content=\"2025-07-30T23:24:16+00:00\" \/>\n<meta property=\"article:modified_time\" content=\"2025-07-30T23:24:17+00:00\" \/>\n<meta property=\"og:image\" content=\"http:\/\/expressometro.mx\/wp-content\/uploads\/2025\/07\/a.jpg\" \/>\n\t<meta property=\"og:image:width\" content=\"1096\" \/>\n\t<meta property=\"og:image:height\" content=\"1600\" \/>\n\t<meta property=\"og:image:type\" content=\"image\/jpeg\" \/>\n<meta name=\"author\" content=\"Cecilia Vega\" \/>\n<meta name=\"twitter:label1\" content=\"Escrito por\" \/>\n\t<meta name=\"twitter:data1\" content=\"Cecilia Vega\" \/>\n\t<meta name=\"twitter:label2\" content=\"Tiempo de lectura\" \/>\n\t<meta name=\"twitter:data2\" content=\"1 minuto\" \/>\n<script type=\"application\/ld+json\" class=\"yoast-schema-graph\">{\"@context\":\"https:\\\/\\\/schema.org\",\"@graph\":[{\"@type\":\"Article\",\"@id\":\"https:\\\/\\\/expressometro.mx\\\/index.php\\\/2025\\\/07\\\/30\\\/villavictoria\\\/#article\",\"isPartOf\":{\"@id\":\"https:\\\/\\\/expressometro.mx\\\/index.php\\\/2025\\\/07\\\/30\\\/villavictoria\\\/\"},\"author\":{\"name\":\"Cecilia Vega\",\"@id\":\"https:\\\/\\\/expressometro.mx\\\/#\\\/schema\\\/person\\\/67a95b8e3862085c7598f66237488f1f\"},\"headline\":\"VillaVictoria\",\"datePublished\":\"2025-07-30T23:24:16+00:00\",\"dateModified\":\"2025-07-30T23:24:17+00:00\",\"mainEntityOfPage\":{\"@id\":\"https:\\\/\\\/expressometro.mx\\\/index.php\\\/2025\\\/07\\\/30\\\/villavictoria\\\/\"},\"wordCount\":142,\"commentCount\":0,\"publisher\":{\"@id\":\"https:\\\/\\\/expressometro.mx\\\/#organization\"},\"image\":{\"@id\":\"https:\\\/\\\/expressometro.mx\\\/index.php\\\/2025\\\/07\\\/30\\\/villavictoria\\\/#primaryimage\"},\"thumbnailUrl\":\"https:\\\/\\\/expressometro.mx\\\/wp-content\\\/uploads\\\/2025\\\/07\\\/a.jpg\",\"articleSection\":[\"Otros\"],\"inLanguage\":\"es\",\"potentialAction\":[{\"@type\":\"CommentAction\",\"name\":\"Comment\",\"target\":[\"https:\\\/\\\/expressometro.mx\\\/index.php\\\/2025\\\/07\\\/30\\\/villavictoria\\\/#respond\"]}]},{\"@type\":\"WebPage\",\"@id\":\"https:\\\/\\\/expressometro.mx\\\/index.php\\\/2025\\\/07\\\/30\\\/villavictoria\\\/\",\"url\":\"https:\\\/\\\/expressometro.mx\\\/index.php\\\/2025\\\/07\\\/30\\\/villavictoria\\\/\",\"name\":\"VillaVictoria - Expresso Metropolitano\",\"isPartOf\":{\"@id\":\"https:\\\/\\\/expressometro.mx\\\/#website\"},\"primaryImageOfPage\":{\"@id\":\"https:\\\/\\\/expressometro.mx\\\/index.php\\\/2025\\\/07\\\/30\\\/villavictoria\\\/#primaryimage\"},\"image\":{\"@id\":\"https:\\\/\\\/expressometro.mx\\\/index.php\\\/2025\\\/07\\\/30\\\/villavictoria\\\/#primaryimage\"},\"thumbnailUrl\":\"https:\\\/\\\/expressometro.mx\\\/wp-content\\\/uploads\\\/2025\\\/07\\\/a.jpg\",\"datePublished\":\"2025-07-30T23:24:16+00:00\",\"dateModified\":\"2025-07-30T23:24:17+00:00\",\"breadcrumb\":{\"@id\":\"https:\\\/\\\/expressometro.mx\\\/index.php\\\/2025\\\/07\\\/30\\\/villavictoria\\\/#breadcrumb\"},\"inLanguage\":\"es\",\"potentialAction\":[{\"@type\":\"ReadAction\",\"target\":[\"https:\\\/\\\/expressometro.mx\\\/index.php\\\/2025\\\/07\\\/30\\\/villavictoria\\\/\"]}]},{\"@type\":\"ImageObject\",\"inLanguage\":\"es\",\"@id\":\"https:\\\/\\\/expressometro.mx\\\/index.php\\\/2025\\\/07\\\/30\\\/villavictoria\\\/#primaryimage\",\"url\":\"https:\\\/\\\/expressometro.mx\\\/wp-content\\\/uploads\\\/2025\\\/07\\\/a.jpg\",\"contentUrl\":\"https:\\\/\\\/expressometro.mx\\\/wp-content\\\/uploads\\\/2025\\\/07\\\/a.jpg\",\"width\":1096,\"height\":1600},{\"@type\":\"BreadcrumbList\",\"@id\":\"https:\\\/\\\/expressometro.mx\\\/index.php\\\/2025\\\/07\\\/30\\\/villavictoria\\\/#breadcrumb\",\"itemListElement\":[{\"@type\":\"ListItem\",\"position\":1,\"name\":\"Inicio\",\"item\":\"https:\\\/\\\/expressometro.mx\\\/\"},{\"@type\":\"ListItem\",\"position\":2,\"name\":\"VillaVictoria\"}]},{\"@type\":\"WebSite\",\"@id\":\"https:\\\/\\\/expressometro.mx\\\/#website\",\"url\":\"https:\\\/\\\/expressometro.mx\\\/\",\"name\":\"Expresso Metropolitano\",\"description\":\"Periodismo comprometido, informaci\u00f3n, investigaci\u00f3n y an\u00e1lisis\",\"publisher\":{\"@id\":\"https:\\\/\\\/expressometro.mx\\\/#organization\"},\"potentialAction\":[{\"@type\":\"SearchAction\",\"target\":{\"@type\":\"EntryPoint\",\"urlTemplate\":\"https:\\\/\\\/expressometro.mx\\\/?s={search_term_string}\"},\"query-input\":{\"@type\":\"PropertyValueSpecification\",\"valueRequired\":true,\"valueName\":\"search_term_string\"}}],\"inLanguage\":\"es\"},{\"@type\":\"Organization\",\"@id\":\"https:\\\/\\\/expressometro.mx\\\/#organization\",\"name\":\"Expresso Metropolitano\",\"url\":\"https:\\\/\\\/expressometro.mx\\\/\",\"logo\":{\"@type\":\"ImageObject\",\"inLanguage\":\"es\",\"@id\":\"https:\\\/\\\/expressometro.mx\\\/#\\\/schema\\\/logo\\\/image\\\/\",\"url\":\"https:\\\/\\\/expressometro.mx\\\/wp-content\\\/uploads\\\/2019\\\/07\\\/cropped-Logo-Expresso-Metropolitano-1-1.jpeg\",\"contentUrl\":\"https:\\\/\\\/expressometro.mx\\\/wp-content\\\/uploads\\\/2019\\\/07\\\/cropped-Logo-Expresso-Metropolitano-1-1.jpeg\",\"width\":290,\"height\":73,\"caption\":\"Expresso Metropolitano\"},\"image\":{\"@id\":\"https:\\\/\\\/expressometro.mx\\\/#\\\/schema\\\/logo\\\/image\\\/\"}},{\"@type\":\"Person\",\"@id\":\"https:\\\/\\\/expressometro.mx\\\/#\\\/schema\\\/person\\\/67a95b8e3862085c7598f66237488f1f\",\"name\":\"Cecilia Vega\",\"image\":{\"@type\":\"ImageObject\",\"inLanguage\":\"es\",\"@id\":\"https:\\\/\\\/secure.gravatar.com\\\/avatar\\\/13aae9944ab2ee472a9e407c9487fdbd03b049abaa559af32fe5dbcf615c981b?s=96&d=mm&r=g\",\"url\":\"https:\\\/\\\/secure.gravatar.com\\\/avatar\\\/13aae9944ab2ee472a9e407c9487fdbd03b049abaa559af32fe5dbcf615c981b?s=96&d=mm&r=g\",\"contentUrl\":\"https:\\\/\\\/secure.gravatar.com\\\/avatar\\\/13aae9944ab2ee472a9e407c9487fdbd03b049abaa559af32fe5dbcf615c981b?s=96&d=mm&r=g\",\"caption\":\"Cecilia Vega\"},\"url\":\"https:\\\/\\\/expressometro.mx\\\/index.php\\\/author\\\/cecilia-vega\\\/\"}]}<\/script>\n<!-- \/ Yoast SEO plugin. -->","yoast_head_json":{"title":"VillaVictoria - Expresso Metropolitano","robots":{"index":"index","follow":"follow","max-snippet":"max-snippet:-1","max-image-preview":"max-image-preview:large","max-video-preview":"max-video-preview:-1"},"canonical":"https:\/\/expressometro.mx\/index.php\/2025\/07\/30\/villavictoria\/","og_locale":"es_MX","og_type":"article","og_title":"VillaVictoria - Expresso Metropolitano","og_description":"Con el objetivo de reconocer a las y los j\u00f3venes que hacen m\u00e1s por su municipio en los diferentes \u00e1mbitos, el Ayuntamiento de Villa Victoria invita a aquellos entre 12 y 29 a\u00f1os de edad a participar por el Premio Municipal de la Juventud 2025; consulta las bases en esta convocatoria. En Villa Victoria se realizar\u00e1 la Primera Edici\u00f3n de la Feria de Arte, Cultura y Tradici\u00f3n de M\u00e9xico \ud83c\uddf2\ud83c\uddfd y el Mundo \ud83c\udf0e, del 1 al 11 de agosto, con la participaci\u00f3n de 12 pa\u00edses, que compartir\u00e1n sus ra\u00edces,&hellip;","og_url":"https:\/\/expressometro.mx\/index.php\/2025\/07\/30\/villavictoria\/","og_site_name":"Expresso Metropolitano","article_published_time":"2025-07-30T23:24:16+00:00","article_modified_time":"2025-07-30T23:24:17+00:00","og_image":[{"width":1096,"height":1600,"url":"http:\/\/expressometro.mx\/wp-content\/uploads\/2025\/07\/a.jpg","type":"image\/jpeg"}],"author":"Cecilia Vega","twitter_misc":{"Escrito por":"Cecilia Vega","Tiempo de lectura":"1 minuto"},"schema":{"@context":"https:\/\/schema.org","@graph":[{"@type":"Article","@id":"https:\/\/expressometro.mx\/index.php\/2025\/07\/30\/villavictoria\/#article","isPartOf":{"@id":"https:\/\/expressometro.mx\/index.php\/2025\/07\/30\/villavictoria\/"},"author":{"name":"Cecilia Vega","@id":"https:\/\/expressometro.mx\/#\/schema\/person\/67a95b8e3862085c7598f66237488f1f"},"headline":"VillaVictoria","datePublished":"2025-07-30T23:24:16+00:00","dateModified":"2025-07-30T23:24:17+00:00","mainEntityOfPage":{"@id":"https:\/\/expressometro.mx\/index.php\/2025\/07\/30\/villavictoria\/"},"wordCount":142,"commentCount":0,"publisher":{"@id":"https:\/\/expressometro.mx\/#organization"},"image":{"@id":"https:\/\/expressometro.mx\/index.php\/2025\/07\/30\/villavictoria\/#primaryimage"},"thumbnailUrl":"https:\/\/expressometro.mx\/wp-content\/uploads\/2025\/07\/a.jpg","articleSection":["Otros"],"inLanguage":"es","potentialAction":[{"@type":"CommentAction","name":"Comment","target":["https:\/\/expressometro.mx\/index.php\/2025\/07\/30\/villavictoria\/#respond"]}]},{"@type":"WebPage","@id":"https:\/\/expressometro.mx\/index.php\/2025\/07\/30\/villavictoria\/","url":"https:\/\/expressometro.mx\/index.php\/2025\/07\/30\/villavictoria\/","name":"VillaVictoria - Expresso Metropolitano","isPartOf":{"@id":"https:\/\/expressometro.mx\/#website"},"primaryImageOfPage":{"@id":"https:\/\/expressometro.mx\/index.php\/2025\/07\/30\/villavictoria\/#primaryimage"},"image":{"@id":"https:\/\/expressometro.mx\/index.php\/2025\/07\/30\/villavictoria\/#primaryimage"},"thumbnailUrl":"https:\/\/expressometro.mx\/wp-content\/uploads\/2025\/07\/a.jpg","datePublished":"2025-07-30T23:24:16+00:00","dateModified":"2025-07-30T23:24:17+00:00","breadcrumb":{"@id":"https:\/\/expressometro.mx\/index.php\/2025\/07\/30\/villavictoria\/#breadcrumb"},"inLanguage":"es","potentialAction":[{"@type":"ReadAction","target":["https:\/\/expressometro.mx\/index.php\/2025\/07\/30\/villavictoria\/"]}]},{"@type":"ImageObject","inLanguage":"es","@id":"https:\/\/expressometro.mx\/index.php\/2025\/07\/30\/villavictoria\/#primaryimage","url":"https:\/\/expressometro.mx\/wp-content\/uploads\/2025\/07\/a.jpg","contentUrl":"https:\/\/expressometro.mx\/wp-content\/uploads\/2025\/07\/a.jpg","width":1096,"height":1600},{"@type":"BreadcrumbList","@id":"https:\/\/expressometro.mx\/index.php\/2025\/07\/30\/villavictoria\/#breadcrumb","itemListElement":[{"@type":"ListItem","position":1,"name":"Inicio","item":"https:\/\/expressometro.mx\/"},{"@type":"ListItem","position":2,"name":"VillaVictoria"}]},{"@type":"WebSite","@id":"https:\/\/expressometro.mx\/#website","url":"https:\/\/expressometro.mx\/","name":"Expresso Metropolitano","description":"Periodismo comprometido, informaci\u00f3n, investigaci\u00f3n y an\u00e1lisis","publisher":{"@id":"https:\/\/expressometro.mx\/#organization"},"potentialAction":[{"@type":"SearchAction","target":{"@type":"EntryPoint","urlTemplate":"https:\/\/expressometro.mx\/?s={search_term_string}"},"query-input":{"@type":"PropertyValueSpecification","valueRequired":true,"valueName":"search_term_string"}}],"inLanguage":"es"},{"@type":"Organization","@id":"https:\/\/expressometro.mx\/#organization","name":"Expresso Metropolitano","url":"https:\/\/expressometro.mx\/","logo":{"@type":"ImageObject","inLanguage":"es","@id":"https:\/\/expressometro.mx\/#\/schema\/logo\/image\/","url":"https:\/\/expressometro.mx\/wp-content\/uploads\/2019\/07\/cropped-Logo-Expresso-Metropolitano-1-1.jpeg","contentUrl":"https:\/\/expressometro.mx\/wp-content\/uploads\/2019\/07\/cropped-Logo-Expresso-Metropolitano-1-1.jpeg","width":290,"height":73,"caption":"Expresso Metropolitano"},"image":{"@id":"https:\/\/expressometro.mx\/#\/schema\/logo\/image\/"}},{"@type":"Person","@id":"https:\/\/expressometro.mx\/#\/schema\/person\/67a95b8e3862085c7598f66237488f1f","name":"Cecilia Vega","image":{"@type":"ImageObject","inLanguage":"es","@id":"https:\/\/secure.gravatar.com\/avatar\/13aae9944ab2ee472a9e407c9487fdbd03b049abaa559af32fe5dbcf615c981b?s=96&d=mm&r=g","url":"https:\/\/secure.gravatar.com\/avatar\/13aae9944ab2ee472a9e407c9487fdbd03b049abaa559af32fe5dbcf615c981b?s=96&d=mm&r=g","contentUrl":"https:\/\/secure.gravatar.com\/avatar\/13aae9944ab2ee472a9e407c9487fdbd03b049abaa559af32fe5dbcf615c981b?s=96&d=mm&r=g","caption":"Cecilia Vega"},"url":"https:\/\/expressometro.mx\/index.php\/author\/cecilia-vega\/"}]}},"amp_enabled":true,"_links":{"self":[{"href":"https:\/\/expressometro.mx\/index.php\/wp-json\/wp\/v2\/posts\/11583","targetHints":{"allow":["GET"]}}],"collection":[{"href":"https:\/\/expressometro.mx\/index.php\/wp-json\/wp\/v2\/posts"}],"about":[{"href":"https:\/\/expressometro.mx\/index.php\/wp-json\/wp\/v2\/types\/post"}],"author":[{"embeddable":true,"href":"https:\/\/expressometro.mx\/index.php\/wp-json\/wp\/v2\/users\/2"}],"replies":[{"embeddable":true,"href":"https:\/\/expressometro.mx\/index.php\/wp-json\/wp\/v2\/comments?post=11583"}],"version-history":[{"count":1,"href":"https:\/\/expressometro.mx\/index.php\/wp-json\/wp\/v2\/posts\/11583\/revisions"}],"predecessor-version":[{"id":11586,"href":"https:\/\/expressometro.mx\/index.php\/wp-json\/wp\/v2\/posts\/11583\/revisions\/11586"}],"wp:featuredmedia":[{"embeddable":true,"href":"https:\/\/expressometro.mx\/index.php\/wp-json\/wp\/v2\/media\/11585"}],"wp:attachment":[{"href":"https:\/\/expressometro.mx\/index.php\/wp-json\/wp\/v2\/media?parent=11583"}],"wp:term":[{"taxonomy":"category","embeddable":true,"href":"https:\/\/expressometro.mx\/index.php\/wp-json\/wp\/v2\/categories?post=11583"},{"taxonomy":"post_tag","embeddable":true,"href":"https:\/\/expressometro.mx\/index.php\/wp-json\/wp\/v2\/tags?post=11583"}],"curies":[{"name":"wp","href":"https:\/\/api.w.org\/{rel}","templated":true}]}}