{"id":11570,"date":"2025-05-04T14:40:47","date_gmt":"2025-05-04T20:40:47","guid":{"rendered":"https:\/\/expressometro.mx\/?p=11570"},"modified":"2025-06-23T14:41:15","modified_gmt":"2025-06-23T20:41:15","slug":"mexicanos-repatriados-de-eu-van-en-aumento-pero-aun-son-menos-que-en-gobiernos-pasados","status":"publish","type":"post","link":"https:\/\/expressometro.mx\/index.php\/2025\/05\/04\/mexicanos-repatriados-de-eu-van-en-aumento-pero-aun-son-menos-que-en-gobiernos-pasados\/","title":{"rendered":"Mexicanos repatriados de EU van en aumento, pero a\u00fan son menos que en gobiernos pasados"},"content":{"rendered":"\n<p><\/p>\n\n\n\n<p>Eduardo Gonz\u00e1lez, profesor del departamento de Ciencia Pol\u00edtica y Relaciones Internacionales del Tecnol\u00f3gico de Monterrey, explic\u00f3 que las cifras, menores a las de periodos anteriores, se deben a diversos factores<\/p>\n\n\n\n<p>A partir de distintas medidas como estas que, en los \u00faltimos meses, se ha registrado un ligero incremento en cuanto al n\u00famero de mexicanas y mexicanos quienes han sido repatriados desde Estados Unidos.<\/p>\n\n\n\n<p>Mientras que, para febrero, a un mes de la llegada del republicano a la Casa Blanca se registraron ocho mil 872 mexicanos devueltos desde Estados Unidos a sus entidades de origen, para el mes de marzo la cifra ascendi\u00f3 a nueve mil 346. Para el mes de abril, la cifra m\u00e1s reciente reportada por la Secretar\u00eda de Relaciones Exteriores, ya que no se han dado a conocer las estad\u00edsticas de mayo, se registraron 10 mil 742 mexicanos repatriados a los estados de donde son originarios.<\/p>\n","protected":false},"excerpt":{"rendered":"<p>Eduardo Gonz\u00e1lez, profesor del departamento de Ciencia Pol\u00edtica y Relaciones Internacionales del Tecnol\u00f3gico de Monterrey, explic\u00f3 que las cifras, menores a las de periodos anteriores, se deben a diversos factores A partir de distintas medidas como estas que, en los \u00faltimos meses, se ha registrado un ligero incremento en cuanto al n\u00famero de mexicanas y mexicanos quienes han sido repatriados desde Estados Unidos. Mientras que, para febrero, a un mes de la llegada del republicano a la Casa Blanca se registraron ocho mil 872 mexicanos devueltos desde Estados Unidos a&hellip;<\/p>\n","protected":false},"author":2,"featured_media":0,"comment_status":"open","ping_status":"open","sticky":false,"template":"","format":"standard","meta":{"footnotes":""},"categories":[1],"tags":[],"class_list":["post-11570","post","type-post","status-publish","format-standard","hentry","category-otros"],"yoast_head":"<!-- This site is optimized with the Yoast SEO plugin v27.5 - https:\/\/yoast.com\/product\/yoast-seo-wordpress\/ -->\n<title>Mexicanos repatriados de EU van en aumento, pero a\u00fan son menos que en gobiernos pasados - Expresso Metropolitano<\/title>\n<meta name=\"robots\" content=\"index, follow, max-snippet:-1, max-image-preview:large, max-video-preview:-1\" \/>\n<link rel=\"canonical\" href=\"https:\/\/expressometro.mx\/index.php\/2025\/05\/04\/mexicanos-repatriados-de-eu-van-en-aumento-pero-aun-son-menos-que-en-gobiernos-pasados\/\" \/>\n<meta property=\"og:locale\" content=\"es_MX\" \/>\n<meta property=\"og:type\" content=\"article\" \/>\n<meta property=\"og:title\" content=\"Mexicanos repatriados de EU van en aumento, pero a\u00fan son menos que en gobiernos pasados - Expresso Metropolitano\" \/>\n<meta property=\"og:description\" content=\"Eduardo Gonz\u00e1lez, profesor del departamento de Ciencia Pol\u00edtica y Relaciones Internacionales del Tecnol\u00f3gico de Monterrey, explic\u00f3 que las cifras, menores a las de periodos anteriores, se deben a diversos factores A partir de distintas medidas como estas que, en los \u00faltimos meses, se ha registrado un ligero incremento en cuanto al n\u00famero de mexicanas y mexicanos quienes han sido repatriados desde Estados Unidos. Mientras que, para febrero, a un mes de la llegada del republicano a la Casa Blanca se registraron ocho mil 872 mexicanos devueltos desde Estados Unidos a&hellip;\" \/>\n<meta property=\"og:url\" content=\"https:\/\/expressometro.mx\/index.php\/2025\/05\/04\/mexicanos-repatriados-de-eu-van-en-aumento-pero-aun-son-menos-que-en-gobiernos-pasados\/\" \/>\n<meta property=\"og:site_name\" content=\"Expresso Metropolitano\" \/>\n<meta property=\"article:published_time\" content=\"2025-05-04T20:40:47+00:00\" \/>\n<meta property=\"article:modified_time\" content=\"2025-06-23T20:41:15+00:00\" \/>\n<meta name=\"author\" content=\"Cecilia Vega\" \/>\n<meta name=\"twitter:label1\" content=\"Escrito por\" \/>\n\t<meta name=\"twitter:data1\" content=\"Cecilia Vega\" \/>\n\t<meta name=\"twitter:label2\" content=\"Tiempo de lectura\" \/>\n\t<meta name=\"twitter:data2\" content=\"1 minuto\" \/>\n<script type=\"application\/ld+json\" class=\"yoast-schema-graph\">{\"@context\":\"https:\\\/\\\/schema.org\",\"@graph\":[{\"@type\":\"Article\",\"@id\":\"https:\\\/\\\/expressometro.mx\\\/index.php\\\/2025\\\/05\\\/04\\\/mexicanos-repatriados-de-eu-van-en-aumento-pero-aun-son-menos-que-en-gobiernos-pasados\\\/#article\",\"isPartOf\":{\"@id\":\"https:\\\/\\\/expressometro.mx\\\/index.php\\\/2025\\\/05\\\/04\\\/mexicanos-repatriados-de-eu-van-en-aumento-pero-aun-son-menos-que-en-gobiernos-pasados\\\/\"},\"author\":{\"name\":\"Cecilia Vega\",\"@id\":\"https:\\\/\\\/expressometro.mx\\\/#\\\/schema\\\/person\\\/67a95b8e3862085c7598f66237488f1f\"},\"headline\":\"Mexicanos repatriados de EU van en aumento, pero a\u00fan son menos que en gobiernos pasados\",\"datePublished\":\"2025-05-04T20:40:47+00:00\",\"dateModified\":\"2025-06-23T20:41:15+00:00\",\"mainEntityOfPage\":{\"@id\":\"https:\\\/\\\/expressometro.mx\\\/index.php\\\/2025\\\/05\\\/04\\\/mexicanos-repatriados-de-eu-van-en-aumento-pero-aun-son-menos-que-en-gobiernos-pasados\\\/\"},\"wordCount\":167,\"commentCount\":0,\"publisher\":{\"@id\":\"https:\\\/\\\/expressometro.mx\\\/#organization\"},\"articleSection\":[\"Otros\"],\"inLanguage\":\"es\",\"potentialAction\":[{\"@type\":\"CommentAction\",\"name\":\"Comment\",\"target\":[\"https:\\\/\\\/expressometro.mx\\\/index.php\\\/2025\\\/05\\\/04\\\/mexicanos-repatriados-de-eu-van-en-aumento-pero-aun-son-menos-que-en-gobiernos-pasados\\\/#respond\"]}]},{\"@type\":\"WebPage\",\"@id\":\"https:\\\/\\\/expressometro.mx\\\/index.php\\\/2025\\\/05\\\/04\\\/mexicanos-repatriados-de-eu-van-en-aumento-pero-aun-son-menos-que-en-gobiernos-pasados\\\/\",\"url\":\"https:\\\/\\\/expressometro.mx\\\/index.php\\\/2025\\\/05\\\/04\\\/mexicanos-repatriados-de-eu-van-en-aumento-pero-aun-son-menos-que-en-gobiernos-pasados\\\/\",\"name\":\"Mexicanos repatriados de EU van en aumento, pero a\u00fan son menos que en gobiernos pasados - Expresso Metropolitano\",\"isPartOf\":{\"@id\":\"https:\\\/\\\/expressometro.mx\\\/#website\"},\"datePublished\":\"2025-05-04T20:40:47+00:00\",\"dateModified\":\"2025-06-23T20:41:15+00:00\",\"breadcrumb\":{\"@id\":\"https:\\\/\\\/expressometro.mx\\\/index.php\\\/2025\\\/05\\\/04\\\/mexicanos-repatriados-de-eu-van-en-aumento-pero-aun-son-menos-que-en-gobiernos-pasados\\\/#breadcrumb\"},\"inLanguage\":\"es\",\"potentialAction\":[{\"@type\":\"ReadAction\",\"target\":[\"https:\\\/\\\/expressometro.mx\\\/index.php\\\/2025\\\/05\\\/04\\\/mexicanos-repatriados-de-eu-van-en-aumento-pero-aun-son-menos-que-en-gobiernos-pasados\\\/\"]}]},{\"@type\":\"BreadcrumbList\",\"@id\":\"https:\\\/\\\/expressometro.mx\\\/index.php\\\/2025\\\/05\\\/04\\\/mexicanos-repatriados-de-eu-van-en-aumento-pero-aun-son-menos-que-en-gobiernos-pasados\\\/#breadcrumb\",\"itemListElement\":[{\"@type\":\"ListItem\",\"position\":1,\"name\":\"Inicio\",\"item\":\"https:\\\/\\\/expressometro.mx\\\/\"},{\"@type\":\"ListItem\",\"position\":2,\"name\":\"Mexicanos repatriados de EU van en aumento, pero a\u00fan son menos que en gobiernos pasados\"}]},{\"@type\":\"WebSite\",\"@id\":\"https:\\\/\\\/expressometro.mx\\\/#website\",\"url\":\"https:\\\/\\\/expressometro.mx\\\/\",\"name\":\"Expresso Metropolitano\",\"description\":\"Periodismo comprometido, informaci\u00f3n, investigaci\u00f3n y an\u00e1lisis\",\"publisher\":{\"@id\":\"https:\\\/\\\/expressometro.mx\\\/#organization\"},\"potentialAction\":[{\"@type\":\"SearchAction\",\"target\":{\"@type\":\"EntryPoint\",\"urlTemplate\":\"https:\\\/\\\/expressometro.mx\\\/?s={search_term_string}\"},\"query-input\":{\"@type\":\"PropertyValueSpecification\",\"valueRequired\":true,\"valueName\":\"search_term_string\"}}],\"inLanguage\":\"es\"},{\"@type\":\"Organization\",\"@id\":\"https:\\\/\\\/expressometro.mx\\\/#organization\",\"name\":\"Expresso Metropolitano\",\"url\":\"https:\\\/\\\/expressometro.mx\\\/\",\"logo\":{\"@type\":\"ImageObject\",\"inLanguage\":\"es\",\"@id\":\"https:\\\/\\\/expressometro.mx\\\/#\\\/schema\\\/logo\\\/image\\\/\",\"url\":\"https:\\\/\\\/expressometro.mx\\\/wp-content\\\/uploads\\\/2019\\\/07\\\/cropped-Logo-Expresso-Metropolitano-1-1.jpeg\",\"contentUrl\":\"https:\\\/\\\/expressometro.mx\\\/wp-content\\\/uploads\\\/2019\\\/07\\\/cropped-Logo-Expresso-Metropolitano-1-1.jpeg\",\"width\":290,\"height\":73,\"caption\":\"Expresso Metropolitano\"},\"image\":{\"@id\":\"https:\\\/\\\/expressometro.mx\\\/#\\\/schema\\\/logo\\\/image\\\/\"}},{\"@type\":\"Person\",\"@id\":\"https:\\\/\\\/expressometro.mx\\\/#\\\/schema\\\/person\\\/67a95b8e3862085c7598f66237488f1f\",\"name\":\"Cecilia Vega\",\"image\":{\"@type\":\"ImageObject\",\"inLanguage\":\"es\",\"@id\":\"https:\\\/\\\/secure.gravatar.com\\\/avatar\\\/13aae9944ab2ee472a9e407c9487fdbd03b049abaa559af32fe5dbcf615c981b?s=96&d=mm&r=g\",\"url\":\"https:\\\/\\\/secure.gravatar.com\\\/avatar\\\/13aae9944ab2ee472a9e407c9487fdbd03b049abaa559af32fe5dbcf615c981b?s=96&d=mm&r=g\",\"contentUrl\":\"https:\\\/\\\/secure.gravatar.com\\\/avatar\\\/13aae9944ab2ee472a9e407c9487fdbd03b049abaa559af32fe5dbcf615c981b?s=96&d=mm&r=g\",\"caption\":\"Cecilia Vega\"},\"url\":\"https:\\\/\\\/expressometro.mx\\\/index.php\\\/author\\\/cecilia-vega\\\/\"}]}<\/script>\n<!-- \/ Yoast SEO plugin. -->","yoast_head_json":{"title":"Mexicanos repatriados de EU van en aumento, pero a\u00fan son menos que en gobiernos pasados - Expresso Metropolitano","robots":{"index":"index","follow":"follow","max-snippet":"max-snippet:-1","max-image-preview":"max-image-preview:large","max-video-preview":"max-video-preview:-1"},"canonical":"https:\/\/expressometro.mx\/index.php\/2025\/05\/04\/mexicanos-repatriados-de-eu-van-en-aumento-pero-aun-son-menos-que-en-gobiernos-pasados\/","og_locale":"es_MX","og_type":"article","og_title":"Mexicanos repatriados de EU van en aumento, pero a\u00fan son menos que en gobiernos pasados - Expresso Metropolitano","og_description":"Eduardo Gonz\u00e1lez, profesor del departamento de Ciencia Pol\u00edtica y Relaciones Internacionales del Tecnol\u00f3gico de Monterrey, explic\u00f3 que las cifras, menores a las de periodos anteriores, se deben a diversos factores A partir de distintas medidas como estas que, en los \u00faltimos meses, se ha registrado un ligero incremento en cuanto al n\u00famero de mexicanas y mexicanos quienes han sido repatriados desde Estados Unidos. Mientras que, para febrero, a un mes de la llegada del republicano a la Casa Blanca se registraron ocho mil 872 mexicanos devueltos desde Estados Unidos a&hellip;","og_url":"https:\/\/expressometro.mx\/index.php\/2025\/05\/04\/mexicanos-repatriados-de-eu-van-en-aumento-pero-aun-son-menos-que-en-gobiernos-pasados\/","og_site_name":"Expresso Metropolitano","article_published_time":"2025-05-04T20:40:47+00:00","article_modified_time":"2025-06-23T20:41:15+00:00","author":"Cecilia Vega","twitter_misc":{"Escrito por":"Cecilia Vega","Tiempo de lectura":"1 minuto"},"schema":{"@context":"https:\/\/schema.org","@graph":[{"@type":"Article","@id":"https:\/\/expressometro.mx\/index.php\/2025\/05\/04\/mexicanos-repatriados-de-eu-van-en-aumento-pero-aun-son-menos-que-en-gobiernos-pasados\/#article","isPartOf":{"@id":"https:\/\/expressometro.mx\/index.php\/2025\/05\/04\/mexicanos-repatriados-de-eu-van-en-aumento-pero-aun-son-menos-que-en-gobiernos-pasados\/"},"author":{"name":"Cecilia Vega","@id":"https:\/\/expressometro.mx\/#\/schema\/person\/67a95b8e3862085c7598f66237488f1f"},"headline":"Mexicanos repatriados de EU van en aumento, pero a\u00fan son menos que en gobiernos pasados","datePublished":"2025-05-04T20:40:47+00:00","dateModified":"2025-06-23T20:41:15+00:00","mainEntityOfPage":{"@id":"https:\/\/expressometro.mx\/index.php\/2025\/05\/04\/mexicanos-repatriados-de-eu-van-en-aumento-pero-aun-son-menos-que-en-gobiernos-pasados\/"},"wordCount":167,"commentCount":0,"publisher":{"@id":"https:\/\/expressometro.mx\/#organization"},"articleSection":["Otros"],"inLanguage":"es","potentialAction":[{"@type":"CommentAction","name":"Comment","target":["https:\/\/expressometro.mx\/index.php\/2025\/05\/04\/mexicanos-repatriados-de-eu-van-en-aumento-pero-aun-son-menos-que-en-gobiernos-pasados\/#respond"]}]},{"@type":"WebPage","@id":"https:\/\/expressometro.mx\/index.php\/2025\/05\/04\/mexicanos-repatriados-de-eu-van-en-aumento-pero-aun-son-menos-que-en-gobiernos-pasados\/","url":"https:\/\/expressometro.mx\/index.php\/2025\/05\/04\/mexicanos-repatriados-de-eu-van-en-aumento-pero-aun-son-menos-que-en-gobiernos-pasados\/","name":"Mexicanos repatriados de EU van en aumento, pero a\u00fan son menos que en gobiernos pasados - Expresso Metropolitano","isPartOf":{"@id":"https:\/\/expressometro.mx\/#website"},"datePublished":"2025-05-04T20:40:47+00:00","dateModified":"2025-06-23T20:41:15+00:00","breadcrumb":{"@id":"https:\/\/expressometro.mx\/index.php\/2025\/05\/04\/mexicanos-repatriados-de-eu-van-en-aumento-pero-aun-son-menos-que-en-gobiernos-pasados\/#breadcrumb"},"inLanguage":"es","potentialAction":[{"@type":"ReadAction","target":["https:\/\/expressometro.mx\/index.php\/2025\/05\/04\/mexicanos-repatriados-de-eu-van-en-aumento-pero-aun-son-menos-que-en-gobiernos-pasados\/"]}]},{"@type":"BreadcrumbList","@id":"https:\/\/expressometro.mx\/index.php\/2025\/05\/04\/mexicanos-repatriados-de-eu-van-en-aumento-pero-aun-son-menos-que-en-gobiernos-pasados\/#breadcrumb","itemListElement":[{"@type":"ListItem","position":1,"name":"Inicio","item":"https:\/\/expressometro.mx\/"},{"@type":"ListItem","position":2,"name":"Mexicanos repatriados de EU van en aumento, pero a\u00fan son menos que en gobiernos pasados"}]},{"@type":"WebSite","@id":"https:\/\/expressometro.mx\/#website","url":"https:\/\/expressometro.mx\/","name":"Expresso Metropolitano","description":"Periodismo comprometido, informaci\u00f3n, investigaci\u00f3n y an\u00e1lisis","publisher":{"@id":"https:\/\/expressometro.mx\/#organization"},"potentialAction":[{"@type":"SearchAction","target":{"@type":"EntryPoint","urlTemplate":"https:\/\/expressometro.mx\/?s={search_term_string}"},"query-input":{"@type":"PropertyValueSpecification","valueRequired":true,"valueName":"search_term_string"}}],"inLanguage":"es"},{"@type":"Organization","@id":"https:\/\/expressometro.mx\/#organization","name":"Expresso Metropolitano","url":"https:\/\/expressometro.mx\/","logo":{"@type":"ImageObject","inLanguage":"es","@id":"https:\/\/expressometro.mx\/#\/schema\/logo\/image\/","url":"https:\/\/expressometro.mx\/wp-content\/uploads\/2019\/07\/cropped-Logo-Expresso-Metropolitano-1-1.jpeg","contentUrl":"https:\/\/expressometro.mx\/wp-content\/uploads\/2019\/07\/cropped-Logo-Expresso-Metropolitano-1-1.jpeg","width":290,"height":73,"caption":"Expresso Metropolitano"},"image":{"@id":"https:\/\/expressometro.mx\/#\/schema\/logo\/image\/"}},{"@type":"Person","@id":"https:\/\/expressometro.mx\/#\/schema\/person\/67a95b8e3862085c7598f66237488f1f","name":"Cecilia Vega","image":{"@type":"ImageObject","inLanguage":"es","@id":"https:\/\/secure.gravatar.com\/avatar\/13aae9944ab2ee472a9e407c9487fdbd03b049abaa559af32fe5dbcf615c981b?s=96&d=mm&r=g","url":"https:\/\/secure.gravatar.com\/avatar\/13aae9944ab2ee472a9e407c9487fdbd03b049abaa559af32fe5dbcf615c981b?s=96&d=mm&r=g","contentUrl":"https:\/\/secure.gravatar.com\/avatar\/13aae9944ab2ee472a9e407c9487fdbd03b049abaa559af32fe5dbcf615c981b?s=96&d=mm&r=g","caption":"Cecilia Vega"},"url":"https:\/\/expressometro.mx\/index.php\/author\/cecilia-vega\/"}]}},"amp_enabled":true,"_links":{"self":[{"href":"https:\/\/expressometro.mx\/index.php\/wp-json\/wp\/v2\/posts\/11570","targetHints":{"allow":["GET"]}}],"collection":[{"href":"https:\/\/expressometro.mx\/index.php\/wp-json\/wp\/v2\/posts"}],"about":[{"href":"https:\/\/expressometro.mx\/index.php\/wp-json\/wp\/v2\/types\/post"}],"author":[{"embeddable":true,"href":"https:\/\/expressometro.mx\/index.php\/wp-json\/wp\/v2\/users\/2"}],"replies":[{"embeddable":true,"href":"https:\/\/expressometro.mx\/index.php\/wp-json\/wp\/v2\/comments?post=11570"}],"version-history":[{"count":1,"href":"https:\/\/expressometro.mx\/index.php\/wp-json\/wp\/v2\/posts\/11570\/revisions"}],"predecessor-version":[{"id":11571,"href":"https:\/\/expressometro.mx\/index.php\/wp-json\/wp\/v2\/posts\/11570\/revisions\/11571"}],"wp:attachment":[{"href":"https:\/\/expressometro.mx\/index.php\/wp-json\/wp\/v2\/media?parent=11570"}],"wp:term":[{"taxonomy":"category","embeddable":true,"href":"https:\/\/expressometro.mx\/index.php\/wp-json\/wp\/v2\/categories?post=11570"},{"taxonomy":"post_tag","embeddable":true,"href":"https:\/\/expressometro.mx\/index.php\/wp-json\/wp\/v2\/tags?post=11570"}],"curies":[{"name":"wp","href":"https:\/\/api.w.org\/{rel}","templated":true}]}}