{"id":11567,"date":"2025-04-26T14:16:41","date_gmt":"2025-04-26T20:16:41","guid":{"rendered":"https:\/\/expressometro.mx\/?p=11567"},"modified":"2025-06-23T14:17:01","modified_gmt":"2025-06-23T20:17:01","slug":"imss-cuantas-semanas-cotizas-por-ano-y-cuantas-necesitas-para-pensionarte","status":"publish","type":"post","link":"https:\/\/expressometro.mx\/index.php\/2025\/04\/26\/imss-cuantas-semanas-cotizas-por-ano-y-cuantas-necesitas-para-pensionarte\/","title":{"rendered":"IMSS: \u00bfCu\u00e1ntas semanas cotizas por a\u00f1o y cu\u00e1ntas necesitas para pensionarte?"},"content":{"rendered":"\n<p><\/p>\n\n\n\n<p>Es necesario cumplir con un n\u00famero m\u00ednimo de semanas cotizadas para acceder a una pensi\u00f3n del IMSS<\/p>\n\n\n\n<p>Una de las principales condiciones para acceder a una pensi\u00f3n del Instituto Mexicano del Seguro Social (IMSS) es cumplir con un n\u00famero m\u00ednimo de semanas cotizadas, que var\u00eda seg\u00fan la ley bajo la que est\u00e9s registrado: la Ley de 1973 o la Ley de 1997. Por ello, es fundamental conocer tu situaci\u00f3n para poder planear adecuadamente tu retiro.<\/p>\n\n\n\n<p>En t\u00e9rminos generales, si laboras de forma continua durante un a\u00f1o, acumulas 52 semanas cotizadas, ya que cada semana de trabajo equivale a una semana reconocida por el IMSS. Sin embargo, la cantidad de semanas requeridas para pensionarte cambia seg\u00fan la ley aplicable. Por ejemplo, quienes cotizan bajo la Ley de 1973 necesitan al menos 500 semanas, mientras que para la Ley de 1997 se requieren 850 semanas en 2025, y este n\u00famero incrementar\u00e1 hasta llegar a 1,000 en el a\u00f1o 2031.<\/p>\n\n\n\n<p>Para saber cu\u00e1ntas semanas llevas acumuladas, el IMSS ofrece la opci\u00f3n de descargar la Constancia de Semanas Cotizadas directamente desde su portal web. Solo necesitas ingresar tu CURP, N\u00famero de Seguridad Social (NSS) y un correo electr\u00f3nico vigente. Este documento es clave para conocer tu avance y determinar si est\u00e1s cerca de alcanzar los requisitos necesarios para pensionarte.<\/p>\n\n\n\n<p>\u00bfQui\u00e9n es considerada trabajadora del hogar?<\/p>\n\n\n\n<p>Seg\u00fan la Ley una trabajadora del hogar es quien, a cambio de un pago, realiza tareas de limpieza, cocina, cuidados o cualquier otra actividad vinculada al funcionamiento del hogar, dentro de una relaci\u00f3n laboral.<\/p>\n","protected":false},"excerpt":{"rendered":"<p>Es necesario cumplir con un n\u00famero m\u00ednimo de semanas cotizadas para acceder a una pensi\u00f3n del IMSS Una de las principales condiciones para acceder a una pensi\u00f3n del Instituto Mexicano del Seguro Social (IMSS) es cumplir con un n\u00famero m\u00ednimo de semanas cotizadas, que var\u00eda seg\u00fan la ley bajo la que est\u00e9s registrado: la Ley de 1973 o la Ley de 1997. Por ello, es fundamental conocer tu situaci\u00f3n para poder planear adecuadamente tu retiro. En t\u00e9rminos generales, si laboras de forma continua durante un a\u00f1o, acumulas 52 semanas cotizadas,&hellip;<\/p>\n","protected":false},"author":2,"featured_media":0,"comment_status":"open","ping_status":"open","sticky":false,"template":"","format":"standard","meta":{"footnotes":""},"categories":[1],"tags":[],"class_list":["post-11567","post","type-post","status-publish","format-standard","hentry","category-otros"],"yoast_head":"<!-- This site is optimized with the Yoast SEO plugin v27.5 - https:\/\/yoast.com\/product\/yoast-seo-wordpress\/ -->\n<title>IMSS: \u00bfCu\u00e1ntas semanas cotizas por a\u00f1o y cu\u00e1ntas necesitas para pensionarte? - Expresso Metropolitano<\/title>\n<meta name=\"robots\" content=\"index, follow, max-snippet:-1, max-image-preview:large, max-video-preview:-1\" \/>\n<link rel=\"canonical\" href=\"https:\/\/expressometro.mx\/index.php\/2025\/04\/26\/imss-cuantas-semanas-cotizas-por-ano-y-cuantas-necesitas-para-pensionarte\/\" \/>\n<meta property=\"og:locale\" content=\"es_MX\" \/>\n<meta property=\"og:type\" content=\"article\" \/>\n<meta property=\"og:title\" content=\"IMSS: \u00bfCu\u00e1ntas semanas cotizas por a\u00f1o y cu\u00e1ntas necesitas para pensionarte? - Expresso Metropolitano\" \/>\n<meta property=\"og:description\" content=\"Es necesario cumplir con un n\u00famero m\u00ednimo de semanas cotizadas para acceder a una pensi\u00f3n del IMSS Una de las principales condiciones para acceder a una pensi\u00f3n del Instituto Mexicano del Seguro Social (IMSS) es cumplir con un n\u00famero m\u00ednimo de semanas cotizadas, que var\u00eda seg\u00fan la ley bajo la que est\u00e9s registrado: la Ley de 1973 o la Ley de 1997. Por ello, es fundamental conocer tu situaci\u00f3n para poder planear adecuadamente tu retiro. En t\u00e9rminos generales, si laboras de forma continua durante un a\u00f1o, acumulas 52 semanas cotizadas,&hellip;\" \/>\n<meta property=\"og:url\" content=\"https:\/\/expressometro.mx\/index.php\/2025\/04\/26\/imss-cuantas-semanas-cotizas-por-ano-y-cuantas-necesitas-para-pensionarte\/\" \/>\n<meta property=\"og:site_name\" content=\"Expresso Metropolitano\" \/>\n<meta property=\"article:published_time\" content=\"2025-04-26T20:16:41+00:00\" \/>\n<meta property=\"article:modified_time\" content=\"2025-06-23T20:17:01+00:00\" \/>\n<meta name=\"author\" content=\"Cecilia Vega\" \/>\n<meta name=\"twitter:label1\" content=\"Escrito por\" \/>\n\t<meta name=\"twitter:data1\" content=\"Cecilia Vega\" \/>\n\t<meta name=\"twitter:label2\" content=\"Tiempo de lectura\" \/>\n\t<meta name=\"twitter:data2\" content=\"2 minutos\" \/>\n<script type=\"application\/ld+json\" class=\"yoast-schema-graph\">{\"@context\":\"https:\\\/\\\/schema.org\",\"@graph\":[{\"@type\":\"Article\",\"@id\":\"https:\\\/\\\/expressometro.mx\\\/index.php\\\/2025\\\/04\\\/26\\\/imss-cuantas-semanas-cotizas-por-ano-y-cuantas-necesitas-para-pensionarte\\\/#article\",\"isPartOf\":{\"@id\":\"https:\\\/\\\/expressometro.mx\\\/index.php\\\/2025\\\/04\\\/26\\\/imss-cuantas-semanas-cotizas-por-ano-y-cuantas-necesitas-para-pensionarte\\\/\"},\"author\":{\"name\":\"Cecilia Vega\",\"@id\":\"https:\\\/\\\/expressometro.mx\\\/#\\\/schema\\\/person\\\/67a95b8e3862085c7598f66237488f1f\"},\"headline\":\"IMSS: \u00bfCu\u00e1ntas semanas cotizas por a\u00f1o y cu\u00e1ntas necesitas para pensionarte?\",\"datePublished\":\"2025-04-26T20:16:41+00:00\",\"dateModified\":\"2025-06-23T20:17:01+00:00\",\"mainEntityOfPage\":{\"@id\":\"https:\\\/\\\/expressometro.mx\\\/index.php\\\/2025\\\/04\\\/26\\\/imss-cuantas-semanas-cotizas-por-ano-y-cuantas-necesitas-para-pensionarte\\\/\"},\"wordCount\":282,\"commentCount\":0,\"publisher\":{\"@id\":\"https:\\\/\\\/expressometro.mx\\\/#organization\"},\"articleSection\":[\"Otros\"],\"inLanguage\":\"es\",\"potentialAction\":[{\"@type\":\"CommentAction\",\"name\":\"Comment\",\"target\":[\"https:\\\/\\\/expressometro.mx\\\/index.php\\\/2025\\\/04\\\/26\\\/imss-cuantas-semanas-cotizas-por-ano-y-cuantas-necesitas-para-pensionarte\\\/#respond\"]}]},{\"@type\":\"WebPage\",\"@id\":\"https:\\\/\\\/expressometro.mx\\\/index.php\\\/2025\\\/04\\\/26\\\/imss-cuantas-semanas-cotizas-por-ano-y-cuantas-necesitas-para-pensionarte\\\/\",\"url\":\"https:\\\/\\\/expressometro.mx\\\/index.php\\\/2025\\\/04\\\/26\\\/imss-cuantas-semanas-cotizas-por-ano-y-cuantas-necesitas-para-pensionarte\\\/\",\"name\":\"IMSS: \u00bfCu\u00e1ntas semanas cotizas por a\u00f1o y cu\u00e1ntas necesitas para pensionarte? - Expresso Metropolitano\",\"isPartOf\":{\"@id\":\"https:\\\/\\\/expressometro.mx\\\/#website\"},\"datePublished\":\"2025-04-26T20:16:41+00:00\",\"dateModified\":\"2025-06-23T20:17:01+00:00\",\"breadcrumb\":{\"@id\":\"https:\\\/\\\/expressometro.mx\\\/index.php\\\/2025\\\/04\\\/26\\\/imss-cuantas-semanas-cotizas-por-ano-y-cuantas-necesitas-para-pensionarte\\\/#breadcrumb\"},\"inLanguage\":\"es\",\"potentialAction\":[{\"@type\":\"ReadAction\",\"target\":[\"https:\\\/\\\/expressometro.mx\\\/index.php\\\/2025\\\/04\\\/26\\\/imss-cuantas-semanas-cotizas-por-ano-y-cuantas-necesitas-para-pensionarte\\\/\"]}]},{\"@type\":\"BreadcrumbList\",\"@id\":\"https:\\\/\\\/expressometro.mx\\\/index.php\\\/2025\\\/04\\\/26\\\/imss-cuantas-semanas-cotizas-por-ano-y-cuantas-necesitas-para-pensionarte\\\/#breadcrumb\",\"itemListElement\":[{\"@type\":\"ListItem\",\"position\":1,\"name\":\"Inicio\",\"item\":\"https:\\\/\\\/expressometro.mx\\\/\"},{\"@type\":\"ListItem\",\"position\":2,\"name\":\"IMSS: \u00bfCu\u00e1ntas semanas cotizas por a\u00f1o y cu\u00e1ntas necesitas para pensionarte?\"}]},{\"@type\":\"WebSite\",\"@id\":\"https:\\\/\\\/expressometro.mx\\\/#website\",\"url\":\"https:\\\/\\\/expressometro.mx\\\/\",\"name\":\"Expresso Metropolitano\",\"description\":\"Periodismo comprometido, informaci\u00f3n, investigaci\u00f3n y an\u00e1lisis\",\"publisher\":{\"@id\":\"https:\\\/\\\/expressometro.mx\\\/#organization\"},\"potentialAction\":[{\"@type\":\"SearchAction\",\"target\":{\"@type\":\"EntryPoint\",\"urlTemplate\":\"https:\\\/\\\/expressometro.mx\\\/?s={search_term_string}\"},\"query-input\":{\"@type\":\"PropertyValueSpecification\",\"valueRequired\":true,\"valueName\":\"search_term_string\"}}],\"inLanguage\":\"es\"},{\"@type\":\"Organization\",\"@id\":\"https:\\\/\\\/expressometro.mx\\\/#organization\",\"name\":\"Expresso Metropolitano\",\"url\":\"https:\\\/\\\/expressometro.mx\\\/\",\"logo\":{\"@type\":\"ImageObject\",\"inLanguage\":\"es\",\"@id\":\"https:\\\/\\\/expressometro.mx\\\/#\\\/schema\\\/logo\\\/image\\\/\",\"url\":\"https:\\\/\\\/expressometro.mx\\\/wp-content\\\/uploads\\\/2019\\\/07\\\/cropped-Logo-Expresso-Metropolitano-1-1.jpeg\",\"contentUrl\":\"https:\\\/\\\/expressometro.mx\\\/wp-content\\\/uploads\\\/2019\\\/07\\\/cropped-Logo-Expresso-Metropolitano-1-1.jpeg\",\"width\":290,\"height\":73,\"caption\":\"Expresso Metropolitano\"},\"image\":{\"@id\":\"https:\\\/\\\/expressometro.mx\\\/#\\\/schema\\\/logo\\\/image\\\/\"}},{\"@type\":\"Person\",\"@id\":\"https:\\\/\\\/expressometro.mx\\\/#\\\/schema\\\/person\\\/67a95b8e3862085c7598f66237488f1f\",\"name\":\"Cecilia Vega\",\"image\":{\"@type\":\"ImageObject\",\"inLanguage\":\"es\",\"@id\":\"https:\\\/\\\/secure.gravatar.com\\\/avatar\\\/13aae9944ab2ee472a9e407c9487fdbd03b049abaa559af32fe5dbcf615c981b?s=96&d=mm&r=g\",\"url\":\"https:\\\/\\\/secure.gravatar.com\\\/avatar\\\/13aae9944ab2ee472a9e407c9487fdbd03b049abaa559af32fe5dbcf615c981b?s=96&d=mm&r=g\",\"contentUrl\":\"https:\\\/\\\/secure.gravatar.com\\\/avatar\\\/13aae9944ab2ee472a9e407c9487fdbd03b049abaa559af32fe5dbcf615c981b?s=96&d=mm&r=g\",\"caption\":\"Cecilia Vega\"},\"url\":\"https:\\\/\\\/expressometro.mx\\\/index.php\\\/author\\\/cecilia-vega\\\/\"}]}<\/script>\n<!-- \/ Yoast SEO plugin. -->","yoast_head_json":{"title":"IMSS: \u00bfCu\u00e1ntas semanas cotizas por a\u00f1o y cu\u00e1ntas necesitas para pensionarte? - Expresso Metropolitano","robots":{"index":"index","follow":"follow","max-snippet":"max-snippet:-1","max-image-preview":"max-image-preview:large","max-video-preview":"max-video-preview:-1"},"canonical":"https:\/\/expressometro.mx\/index.php\/2025\/04\/26\/imss-cuantas-semanas-cotizas-por-ano-y-cuantas-necesitas-para-pensionarte\/","og_locale":"es_MX","og_type":"article","og_title":"IMSS: \u00bfCu\u00e1ntas semanas cotizas por a\u00f1o y cu\u00e1ntas necesitas para pensionarte? - Expresso Metropolitano","og_description":"Es necesario cumplir con un n\u00famero m\u00ednimo de semanas cotizadas para acceder a una pensi\u00f3n del IMSS Una de las principales condiciones para acceder a una pensi\u00f3n del Instituto Mexicano del Seguro Social (IMSS) es cumplir con un n\u00famero m\u00ednimo de semanas cotizadas, que var\u00eda seg\u00fan la ley bajo la que est\u00e9s registrado: la Ley de 1973 o la Ley de 1997. Por ello, es fundamental conocer tu situaci\u00f3n para poder planear adecuadamente tu retiro. En t\u00e9rminos generales, si laboras de forma continua durante un a\u00f1o, acumulas 52 semanas cotizadas,&hellip;","og_url":"https:\/\/expressometro.mx\/index.php\/2025\/04\/26\/imss-cuantas-semanas-cotizas-por-ano-y-cuantas-necesitas-para-pensionarte\/","og_site_name":"Expresso Metropolitano","article_published_time":"2025-04-26T20:16:41+00:00","article_modified_time":"2025-06-23T20:17:01+00:00","author":"Cecilia Vega","twitter_misc":{"Escrito por":"Cecilia Vega","Tiempo de lectura":"2 minutos"},"schema":{"@context":"https:\/\/schema.org","@graph":[{"@type":"Article","@id":"https:\/\/expressometro.mx\/index.php\/2025\/04\/26\/imss-cuantas-semanas-cotizas-por-ano-y-cuantas-necesitas-para-pensionarte\/#article","isPartOf":{"@id":"https:\/\/expressometro.mx\/index.php\/2025\/04\/26\/imss-cuantas-semanas-cotizas-por-ano-y-cuantas-necesitas-para-pensionarte\/"},"author":{"name":"Cecilia Vega","@id":"https:\/\/expressometro.mx\/#\/schema\/person\/67a95b8e3862085c7598f66237488f1f"},"headline":"IMSS: \u00bfCu\u00e1ntas semanas cotizas por a\u00f1o y cu\u00e1ntas necesitas para pensionarte?","datePublished":"2025-04-26T20:16:41+00:00","dateModified":"2025-06-23T20:17:01+00:00","mainEntityOfPage":{"@id":"https:\/\/expressometro.mx\/index.php\/2025\/04\/26\/imss-cuantas-semanas-cotizas-por-ano-y-cuantas-necesitas-para-pensionarte\/"},"wordCount":282,"commentCount":0,"publisher":{"@id":"https:\/\/expressometro.mx\/#organization"},"articleSection":["Otros"],"inLanguage":"es","potentialAction":[{"@type":"CommentAction","name":"Comment","target":["https:\/\/expressometro.mx\/index.php\/2025\/04\/26\/imss-cuantas-semanas-cotizas-por-ano-y-cuantas-necesitas-para-pensionarte\/#respond"]}]},{"@type":"WebPage","@id":"https:\/\/expressometro.mx\/index.php\/2025\/04\/26\/imss-cuantas-semanas-cotizas-por-ano-y-cuantas-necesitas-para-pensionarte\/","url":"https:\/\/expressometro.mx\/index.php\/2025\/04\/26\/imss-cuantas-semanas-cotizas-por-ano-y-cuantas-necesitas-para-pensionarte\/","name":"IMSS: \u00bfCu\u00e1ntas semanas cotizas por a\u00f1o y cu\u00e1ntas necesitas para pensionarte? - Expresso Metropolitano","isPartOf":{"@id":"https:\/\/expressometro.mx\/#website"},"datePublished":"2025-04-26T20:16:41+00:00","dateModified":"2025-06-23T20:17:01+00:00","breadcrumb":{"@id":"https:\/\/expressometro.mx\/index.php\/2025\/04\/26\/imss-cuantas-semanas-cotizas-por-ano-y-cuantas-necesitas-para-pensionarte\/#breadcrumb"},"inLanguage":"es","potentialAction":[{"@type":"ReadAction","target":["https:\/\/expressometro.mx\/index.php\/2025\/04\/26\/imss-cuantas-semanas-cotizas-por-ano-y-cuantas-necesitas-para-pensionarte\/"]}]},{"@type":"BreadcrumbList","@id":"https:\/\/expressometro.mx\/index.php\/2025\/04\/26\/imss-cuantas-semanas-cotizas-por-ano-y-cuantas-necesitas-para-pensionarte\/#breadcrumb","itemListElement":[{"@type":"ListItem","position":1,"name":"Inicio","item":"https:\/\/expressometro.mx\/"},{"@type":"ListItem","position":2,"name":"IMSS: \u00bfCu\u00e1ntas semanas cotizas por a\u00f1o y cu\u00e1ntas necesitas para pensionarte?"}]},{"@type":"WebSite","@id":"https:\/\/expressometro.mx\/#website","url":"https:\/\/expressometro.mx\/","name":"Expresso Metropolitano","description":"Periodismo comprometido, informaci\u00f3n, investigaci\u00f3n y an\u00e1lisis","publisher":{"@id":"https:\/\/expressometro.mx\/#organization"},"potentialAction":[{"@type":"SearchAction","target":{"@type":"EntryPoint","urlTemplate":"https:\/\/expressometro.mx\/?s={search_term_string}"},"query-input":{"@type":"PropertyValueSpecification","valueRequired":true,"valueName":"search_term_string"}}],"inLanguage":"es"},{"@type":"Organization","@id":"https:\/\/expressometro.mx\/#organization","name":"Expresso Metropolitano","url":"https:\/\/expressometro.mx\/","logo":{"@type":"ImageObject","inLanguage":"es","@id":"https:\/\/expressometro.mx\/#\/schema\/logo\/image\/","url":"https:\/\/expressometro.mx\/wp-content\/uploads\/2019\/07\/cropped-Logo-Expresso-Metropolitano-1-1.jpeg","contentUrl":"https:\/\/expressometro.mx\/wp-content\/uploads\/2019\/07\/cropped-Logo-Expresso-Metropolitano-1-1.jpeg","width":290,"height":73,"caption":"Expresso Metropolitano"},"image":{"@id":"https:\/\/expressometro.mx\/#\/schema\/logo\/image\/"}},{"@type":"Person","@id":"https:\/\/expressometro.mx\/#\/schema\/person\/67a95b8e3862085c7598f66237488f1f","name":"Cecilia Vega","image":{"@type":"ImageObject","inLanguage":"es","@id":"https:\/\/secure.gravatar.com\/avatar\/13aae9944ab2ee472a9e407c9487fdbd03b049abaa559af32fe5dbcf615c981b?s=96&d=mm&r=g","url":"https:\/\/secure.gravatar.com\/avatar\/13aae9944ab2ee472a9e407c9487fdbd03b049abaa559af32fe5dbcf615c981b?s=96&d=mm&r=g","contentUrl":"https:\/\/secure.gravatar.com\/avatar\/13aae9944ab2ee472a9e407c9487fdbd03b049abaa559af32fe5dbcf615c981b?s=96&d=mm&r=g","caption":"Cecilia Vega"},"url":"https:\/\/expressometro.mx\/index.php\/author\/cecilia-vega\/"}]}},"amp_enabled":true,"_links":{"self":[{"href":"https:\/\/expressometro.mx\/index.php\/wp-json\/wp\/v2\/posts\/11567","targetHints":{"allow":["GET"]}}],"collection":[{"href":"https:\/\/expressometro.mx\/index.php\/wp-json\/wp\/v2\/posts"}],"about":[{"href":"https:\/\/expressometro.mx\/index.php\/wp-json\/wp\/v2\/types\/post"}],"author":[{"embeddable":true,"href":"https:\/\/expressometro.mx\/index.php\/wp-json\/wp\/v2\/users\/2"}],"replies":[{"embeddable":true,"href":"https:\/\/expressometro.mx\/index.php\/wp-json\/wp\/v2\/comments?post=11567"}],"version-history":[{"count":1,"href":"https:\/\/expressometro.mx\/index.php\/wp-json\/wp\/v2\/posts\/11567\/revisions"}],"predecessor-version":[{"id":11568,"href":"https:\/\/expressometro.mx\/index.php\/wp-json\/wp\/v2\/posts\/11567\/revisions\/11568"}],"wp:attachment":[{"href":"https:\/\/expressometro.mx\/index.php\/wp-json\/wp\/v2\/media?parent=11567"}],"wp:term":[{"taxonomy":"category","embeddable":true,"href":"https:\/\/expressometro.mx\/index.php\/wp-json\/wp\/v2\/categories?post=11567"},{"taxonomy":"post_tag","embeddable":true,"href":"https:\/\/expressometro.mx\/index.php\/wp-json\/wp\/v2\/tags?post=11567"}],"curies":[{"name":"wp","href":"https:\/\/api.w.org\/{rel}","templated":true}]}}