{"id":11529,"date":"2025-05-13T18:07:48","date_gmt":"2025-05-14T00:07:48","guid":{"rendered":"https:\/\/expressometro.mx\/?p=11529"},"modified":"2025-06-20T18:08:15","modified_gmt":"2025-06-21T00:08:15","slug":"murio-pepe-mujica-un-mito-de-la-izquierda-latinoamericana","status":"publish","type":"post","link":"https:\/\/expressometro.mx\/index.php\/2025\/05\/13\/murio-pepe-mujica-un-mito-de-la-izquierda-latinoamericana\/","title":{"rendered":"Muri\u00f3 Pepe Mujica, un mito de la izquierda latinoamericana"},"content":{"rendered":"\n<p><\/p>\n\n\n\n<p>Jos\u00e9 &#8220;Pepe&#8221; Mujica muri\u00f3 &nbsp;a los 89 a\u00f1os de edad. En abril de 2024 se le hab\u00eda diagnosticado un c\u00e1ncer de es\u00f3fago, del que \u00e9l mismo inform\u00f3 en una conferencia de prensa en la sede del Movimiento de Participaci\u00f3n Popular (MPP).<\/p>\n\n\n\n<p>En diciembre de ese a\u00f1o, el presidente de Uruguay, fue intervenido para colocarle un stent en el es\u00f3fago pero al mes anunci\u00f3 que el c\u00e1ncer se le hab\u00eda extendido al h\u00edgado y que ya no har\u00eda m\u00e1s tratamientos.<\/p>\n\n\n\n<p>Fuentes del MPP remarcan a LPO que Pepe no hab\u00eda ido a votar en las elecciones departamentales del domingo, en un se\u00f1al de su mala condici\u00f3n f\u00edsica. &#8220;Ten\u00eda que estar muy mal para no ir a votar. Fue un anticipo&#8221;, afirma.<\/p>\n\n\n\n<p>&#8220;Ya termin\u00f3 mi ciclo&#8221;, afirm\u00f3, pidi\u00f3 que lo dejaran &#8220;tranquilo&#8221; y cont\u00f3 que quer\u00eda ser enterrado en su chacra. Pese a esto, sigui\u00f3 asistiendo a actividades p\u00fablicas: una de las \u00faltimas fue el evento organizado por el Partido Colorado para conmemorar los 40 a\u00f1os de la democracia, el 27 de marzo.<\/p>\n\n\n\n<p>Adem\u00e1s, con la enfermedad a cuestas, Pepe recorri\u00f3 todo Uruguay en apoyo a la campa\u00f1a electoral que termin\u00f3 con la victoria Yamand\u00fa Orsi en la segunda vuelta de noviembre. Su partido, el MPP, es clave en el armado de Orsi y es el grupo dentro del Frente Amplio m\u00e1s numeroso en el Congreso.<\/p>\n","protected":false},"excerpt":{"rendered":"<p>Jos\u00e9 &#8220;Pepe&#8221; Mujica muri\u00f3 &nbsp;a los 89 a\u00f1os de edad. En abril de 2024 se le hab\u00eda diagnosticado un c\u00e1ncer de es\u00f3fago, del que \u00e9l mismo inform\u00f3 en una conferencia de prensa en la sede del Movimiento de Participaci\u00f3n Popular (MPP). En diciembre de ese a\u00f1o, el presidente de Uruguay, fue intervenido para colocarle un stent en el es\u00f3fago pero al mes anunci\u00f3 que el c\u00e1ncer se le hab\u00eda extendido al h\u00edgado y que ya no har\u00eda m\u00e1s tratamientos. Fuentes del MPP remarcan a LPO que Pepe no hab\u00eda ido&hellip;<\/p>\n","protected":false},"author":2,"featured_media":0,"comment_status":"open","ping_status":"open","sticky":false,"template":"","format":"standard","meta":{"footnotes":""},"categories":[1],"tags":[],"class_list":["post-11529","post","type-post","status-publish","format-standard","hentry","category-otros"],"yoast_head":"<!-- This site is optimized with the Yoast SEO plugin v27.5 - https:\/\/yoast.com\/product\/yoast-seo-wordpress\/ -->\n<title>Muri\u00f3 Pepe Mujica, un mito de la izquierda latinoamericana - Expresso Metropolitano<\/title>\n<meta name=\"robots\" content=\"index, follow, max-snippet:-1, max-image-preview:large, max-video-preview:-1\" \/>\n<link rel=\"canonical\" href=\"https:\/\/expressometro.mx\/index.php\/2025\/05\/13\/murio-pepe-mujica-un-mito-de-la-izquierda-latinoamericana\/\" \/>\n<meta property=\"og:locale\" content=\"es_MX\" \/>\n<meta property=\"og:type\" content=\"article\" \/>\n<meta property=\"og:title\" content=\"Muri\u00f3 Pepe Mujica, un mito de la izquierda latinoamericana - Expresso Metropolitano\" \/>\n<meta property=\"og:description\" content=\"Jos\u00e9 &#8220;Pepe&#8221; Mujica muri\u00f3 &nbsp;a los 89 a\u00f1os de edad. En abril de 2024 se le hab\u00eda diagnosticado un c\u00e1ncer de es\u00f3fago, del que \u00e9l mismo inform\u00f3 en una conferencia de prensa en la sede del Movimiento de Participaci\u00f3n Popular (MPP). En diciembre de ese a\u00f1o, el presidente de Uruguay, fue intervenido para colocarle un stent en el es\u00f3fago pero al mes anunci\u00f3 que el c\u00e1ncer se le hab\u00eda extendido al h\u00edgado y que ya no har\u00eda m\u00e1s tratamientos. Fuentes del MPP remarcan a LPO que Pepe no hab\u00eda ido&hellip;\" \/>\n<meta property=\"og:url\" content=\"https:\/\/expressometro.mx\/index.php\/2025\/05\/13\/murio-pepe-mujica-un-mito-de-la-izquierda-latinoamericana\/\" \/>\n<meta property=\"og:site_name\" content=\"Expresso Metropolitano\" \/>\n<meta property=\"article:published_time\" content=\"2025-05-14T00:07:48+00:00\" \/>\n<meta property=\"article:modified_time\" content=\"2025-06-21T00:08:15+00:00\" \/>\n<meta name=\"author\" content=\"Cecilia Vega\" \/>\n<meta name=\"twitter:label1\" content=\"Escrito por\" \/>\n\t<meta name=\"twitter:data1\" content=\"Cecilia Vega\" \/>\n\t<meta name=\"twitter:label2\" content=\"Tiempo de lectura\" \/>\n\t<meta name=\"twitter:data2\" content=\"2 minutos\" \/>\n<script type=\"application\/ld+json\" class=\"yoast-schema-graph\">{\"@context\":\"https:\\\/\\\/schema.org\",\"@graph\":[{\"@type\":\"Article\",\"@id\":\"https:\\\/\\\/expressometro.mx\\\/index.php\\\/2025\\\/05\\\/13\\\/murio-pepe-mujica-un-mito-de-la-izquierda-latinoamericana\\\/#article\",\"isPartOf\":{\"@id\":\"https:\\\/\\\/expressometro.mx\\\/index.php\\\/2025\\\/05\\\/13\\\/murio-pepe-mujica-un-mito-de-la-izquierda-latinoamericana\\\/\"},\"author\":{\"name\":\"Cecilia Vega\",\"@id\":\"https:\\\/\\\/expressometro.mx\\\/#\\\/schema\\\/person\\\/67a95b8e3862085c7598f66237488f1f\"},\"headline\":\"Muri\u00f3 Pepe Mujica, un mito de la izquierda latinoamericana\",\"datePublished\":\"2025-05-14T00:07:48+00:00\",\"dateModified\":\"2025-06-21T00:08:15+00:00\",\"mainEntityOfPage\":{\"@id\":\"https:\\\/\\\/expressometro.mx\\\/index.php\\\/2025\\\/05\\\/13\\\/murio-pepe-mujica-un-mito-de-la-izquierda-latinoamericana\\\/\"},\"wordCount\":253,\"commentCount\":0,\"publisher\":{\"@id\":\"https:\\\/\\\/expressometro.mx\\\/#organization\"},\"articleSection\":[\"Otros\"],\"inLanguage\":\"es\",\"potentialAction\":[{\"@type\":\"CommentAction\",\"name\":\"Comment\",\"target\":[\"https:\\\/\\\/expressometro.mx\\\/index.php\\\/2025\\\/05\\\/13\\\/murio-pepe-mujica-un-mito-de-la-izquierda-latinoamericana\\\/#respond\"]}]},{\"@type\":\"WebPage\",\"@id\":\"https:\\\/\\\/expressometro.mx\\\/index.php\\\/2025\\\/05\\\/13\\\/murio-pepe-mujica-un-mito-de-la-izquierda-latinoamericana\\\/\",\"url\":\"https:\\\/\\\/expressometro.mx\\\/index.php\\\/2025\\\/05\\\/13\\\/murio-pepe-mujica-un-mito-de-la-izquierda-latinoamericana\\\/\",\"name\":\"Muri\u00f3 Pepe Mujica, un mito de la izquierda latinoamericana - Expresso Metropolitano\",\"isPartOf\":{\"@id\":\"https:\\\/\\\/expressometro.mx\\\/#website\"},\"datePublished\":\"2025-05-14T00:07:48+00:00\",\"dateModified\":\"2025-06-21T00:08:15+00:00\",\"breadcrumb\":{\"@id\":\"https:\\\/\\\/expressometro.mx\\\/index.php\\\/2025\\\/05\\\/13\\\/murio-pepe-mujica-un-mito-de-la-izquierda-latinoamericana\\\/#breadcrumb\"},\"inLanguage\":\"es\",\"potentialAction\":[{\"@type\":\"ReadAction\",\"target\":[\"https:\\\/\\\/expressometro.mx\\\/index.php\\\/2025\\\/05\\\/13\\\/murio-pepe-mujica-un-mito-de-la-izquierda-latinoamericana\\\/\"]}]},{\"@type\":\"BreadcrumbList\",\"@id\":\"https:\\\/\\\/expressometro.mx\\\/index.php\\\/2025\\\/05\\\/13\\\/murio-pepe-mujica-un-mito-de-la-izquierda-latinoamericana\\\/#breadcrumb\",\"itemListElement\":[{\"@type\":\"ListItem\",\"position\":1,\"name\":\"Inicio\",\"item\":\"https:\\\/\\\/expressometro.mx\\\/\"},{\"@type\":\"ListItem\",\"position\":2,\"name\":\"Muri\u00f3 Pepe Mujica, un mito de la izquierda latinoamericana\"}]},{\"@type\":\"WebSite\",\"@id\":\"https:\\\/\\\/expressometro.mx\\\/#website\",\"url\":\"https:\\\/\\\/expressometro.mx\\\/\",\"name\":\"Expresso Metropolitano\",\"description\":\"Periodismo comprometido, informaci\u00f3n, investigaci\u00f3n y an\u00e1lisis\",\"publisher\":{\"@id\":\"https:\\\/\\\/expressometro.mx\\\/#organization\"},\"potentialAction\":[{\"@type\":\"SearchAction\",\"target\":{\"@type\":\"EntryPoint\",\"urlTemplate\":\"https:\\\/\\\/expressometro.mx\\\/?s={search_term_string}\"},\"query-input\":{\"@type\":\"PropertyValueSpecification\",\"valueRequired\":true,\"valueName\":\"search_term_string\"}}],\"inLanguage\":\"es\"},{\"@type\":\"Organization\",\"@id\":\"https:\\\/\\\/expressometro.mx\\\/#organization\",\"name\":\"Expresso Metropolitano\",\"url\":\"https:\\\/\\\/expressometro.mx\\\/\",\"logo\":{\"@type\":\"ImageObject\",\"inLanguage\":\"es\",\"@id\":\"https:\\\/\\\/expressometro.mx\\\/#\\\/schema\\\/logo\\\/image\\\/\",\"url\":\"https:\\\/\\\/expressometro.mx\\\/wp-content\\\/uploads\\\/2019\\\/07\\\/cropped-Logo-Expresso-Metropolitano-1-1.jpeg\",\"contentUrl\":\"https:\\\/\\\/expressometro.mx\\\/wp-content\\\/uploads\\\/2019\\\/07\\\/cropped-Logo-Expresso-Metropolitano-1-1.jpeg\",\"width\":290,\"height\":73,\"caption\":\"Expresso Metropolitano\"},\"image\":{\"@id\":\"https:\\\/\\\/expressometro.mx\\\/#\\\/schema\\\/logo\\\/image\\\/\"}},{\"@type\":\"Person\",\"@id\":\"https:\\\/\\\/expressometro.mx\\\/#\\\/schema\\\/person\\\/67a95b8e3862085c7598f66237488f1f\",\"name\":\"Cecilia Vega\",\"image\":{\"@type\":\"ImageObject\",\"inLanguage\":\"es\",\"@id\":\"https:\\\/\\\/secure.gravatar.com\\\/avatar\\\/13aae9944ab2ee472a9e407c9487fdbd03b049abaa559af32fe5dbcf615c981b?s=96&d=mm&r=g\",\"url\":\"https:\\\/\\\/secure.gravatar.com\\\/avatar\\\/13aae9944ab2ee472a9e407c9487fdbd03b049abaa559af32fe5dbcf615c981b?s=96&d=mm&r=g\",\"contentUrl\":\"https:\\\/\\\/secure.gravatar.com\\\/avatar\\\/13aae9944ab2ee472a9e407c9487fdbd03b049abaa559af32fe5dbcf615c981b?s=96&d=mm&r=g\",\"caption\":\"Cecilia Vega\"},\"url\":\"https:\\\/\\\/expressometro.mx\\\/index.php\\\/author\\\/cecilia-vega\\\/\"}]}<\/script>\n<!-- \/ Yoast SEO plugin. -->","yoast_head_json":{"title":"Muri\u00f3 Pepe Mujica, un mito de la izquierda latinoamericana - Expresso Metropolitano","robots":{"index":"index","follow":"follow","max-snippet":"max-snippet:-1","max-image-preview":"max-image-preview:large","max-video-preview":"max-video-preview:-1"},"canonical":"https:\/\/expressometro.mx\/index.php\/2025\/05\/13\/murio-pepe-mujica-un-mito-de-la-izquierda-latinoamericana\/","og_locale":"es_MX","og_type":"article","og_title":"Muri\u00f3 Pepe Mujica, un mito de la izquierda latinoamericana - Expresso Metropolitano","og_description":"Jos\u00e9 &#8220;Pepe&#8221; Mujica muri\u00f3 &nbsp;a los 89 a\u00f1os de edad. En abril de 2024 se le hab\u00eda diagnosticado un c\u00e1ncer de es\u00f3fago, del que \u00e9l mismo inform\u00f3 en una conferencia de prensa en la sede del Movimiento de Participaci\u00f3n Popular (MPP). En diciembre de ese a\u00f1o, el presidente de Uruguay, fue intervenido para colocarle un stent en el es\u00f3fago pero al mes anunci\u00f3 que el c\u00e1ncer se le hab\u00eda extendido al h\u00edgado y que ya no har\u00eda m\u00e1s tratamientos. Fuentes del MPP remarcan a LPO que Pepe no hab\u00eda ido&hellip;","og_url":"https:\/\/expressometro.mx\/index.php\/2025\/05\/13\/murio-pepe-mujica-un-mito-de-la-izquierda-latinoamericana\/","og_site_name":"Expresso Metropolitano","article_published_time":"2025-05-14T00:07:48+00:00","article_modified_time":"2025-06-21T00:08:15+00:00","author":"Cecilia Vega","twitter_misc":{"Escrito por":"Cecilia Vega","Tiempo de lectura":"2 minutos"},"schema":{"@context":"https:\/\/schema.org","@graph":[{"@type":"Article","@id":"https:\/\/expressometro.mx\/index.php\/2025\/05\/13\/murio-pepe-mujica-un-mito-de-la-izquierda-latinoamericana\/#article","isPartOf":{"@id":"https:\/\/expressometro.mx\/index.php\/2025\/05\/13\/murio-pepe-mujica-un-mito-de-la-izquierda-latinoamericana\/"},"author":{"name":"Cecilia Vega","@id":"https:\/\/expressometro.mx\/#\/schema\/person\/67a95b8e3862085c7598f66237488f1f"},"headline":"Muri\u00f3 Pepe Mujica, un mito de la izquierda latinoamericana","datePublished":"2025-05-14T00:07:48+00:00","dateModified":"2025-06-21T00:08:15+00:00","mainEntityOfPage":{"@id":"https:\/\/expressometro.mx\/index.php\/2025\/05\/13\/murio-pepe-mujica-un-mito-de-la-izquierda-latinoamericana\/"},"wordCount":253,"commentCount":0,"publisher":{"@id":"https:\/\/expressometro.mx\/#organization"},"articleSection":["Otros"],"inLanguage":"es","potentialAction":[{"@type":"CommentAction","name":"Comment","target":["https:\/\/expressometro.mx\/index.php\/2025\/05\/13\/murio-pepe-mujica-un-mito-de-la-izquierda-latinoamericana\/#respond"]}]},{"@type":"WebPage","@id":"https:\/\/expressometro.mx\/index.php\/2025\/05\/13\/murio-pepe-mujica-un-mito-de-la-izquierda-latinoamericana\/","url":"https:\/\/expressometro.mx\/index.php\/2025\/05\/13\/murio-pepe-mujica-un-mito-de-la-izquierda-latinoamericana\/","name":"Muri\u00f3 Pepe Mujica, un mito de la izquierda latinoamericana - Expresso Metropolitano","isPartOf":{"@id":"https:\/\/expressometro.mx\/#website"},"datePublished":"2025-05-14T00:07:48+00:00","dateModified":"2025-06-21T00:08:15+00:00","breadcrumb":{"@id":"https:\/\/expressometro.mx\/index.php\/2025\/05\/13\/murio-pepe-mujica-un-mito-de-la-izquierda-latinoamericana\/#breadcrumb"},"inLanguage":"es","potentialAction":[{"@type":"ReadAction","target":["https:\/\/expressometro.mx\/index.php\/2025\/05\/13\/murio-pepe-mujica-un-mito-de-la-izquierda-latinoamericana\/"]}]},{"@type":"BreadcrumbList","@id":"https:\/\/expressometro.mx\/index.php\/2025\/05\/13\/murio-pepe-mujica-un-mito-de-la-izquierda-latinoamericana\/#breadcrumb","itemListElement":[{"@type":"ListItem","position":1,"name":"Inicio","item":"https:\/\/expressometro.mx\/"},{"@type":"ListItem","position":2,"name":"Muri\u00f3 Pepe Mujica, un mito de la izquierda latinoamericana"}]},{"@type":"WebSite","@id":"https:\/\/expressometro.mx\/#website","url":"https:\/\/expressometro.mx\/","name":"Expresso Metropolitano","description":"Periodismo comprometido, informaci\u00f3n, investigaci\u00f3n y an\u00e1lisis","publisher":{"@id":"https:\/\/expressometro.mx\/#organization"},"potentialAction":[{"@type":"SearchAction","target":{"@type":"EntryPoint","urlTemplate":"https:\/\/expressometro.mx\/?s={search_term_string}"},"query-input":{"@type":"PropertyValueSpecification","valueRequired":true,"valueName":"search_term_string"}}],"inLanguage":"es"},{"@type":"Organization","@id":"https:\/\/expressometro.mx\/#organization","name":"Expresso Metropolitano","url":"https:\/\/expressometro.mx\/","logo":{"@type":"ImageObject","inLanguage":"es","@id":"https:\/\/expressometro.mx\/#\/schema\/logo\/image\/","url":"https:\/\/expressometro.mx\/wp-content\/uploads\/2019\/07\/cropped-Logo-Expresso-Metropolitano-1-1.jpeg","contentUrl":"https:\/\/expressometro.mx\/wp-content\/uploads\/2019\/07\/cropped-Logo-Expresso-Metropolitano-1-1.jpeg","width":290,"height":73,"caption":"Expresso Metropolitano"},"image":{"@id":"https:\/\/expressometro.mx\/#\/schema\/logo\/image\/"}},{"@type":"Person","@id":"https:\/\/expressometro.mx\/#\/schema\/person\/67a95b8e3862085c7598f66237488f1f","name":"Cecilia Vega","image":{"@type":"ImageObject","inLanguage":"es","@id":"https:\/\/secure.gravatar.com\/avatar\/13aae9944ab2ee472a9e407c9487fdbd03b049abaa559af32fe5dbcf615c981b?s=96&d=mm&r=g","url":"https:\/\/secure.gravatar.com\/avatar\/13aae9944ab2ee472a9e407c9487fdbd03b049abaa559af32fe5dbcf615c981b?s=96&d=mm&r=g","contentUrl":"https:\/\/secure.gravatar.com\/avatar\/13aae9944ab2ee472a9e407c9487fdbd03b049abaa559af32fe5dbcf615c981b?s=96&d=mm&r=g","caption":"Cecilia Vega"},"url":"https:\/\/expressometro.mx\/index.php\/author\/cecilia-vega\/"}]}},"amp_enabled":true,"_links":{"self":[{"href":"https:\/\/expressometro.mx\/index.php\/wp-json\/wp\/v2\/posts\/11529","targetHints":{"allow":["GET"]}}],"collection":[{"href":"https:\/\/expressometro.mx\/index.php\/wp-json\/wp\/v2\/posts"}],"about":[{"href":"https:\/\/expressometro.mx\/index.php\/wp-json\/wp\/v2\/types\/post"}],"author":[{"embeddable":true,"href":"https:\/\/expressometro.mx\/index.php\/wp-json\/wp\/v2\/users\/2"}],"replies":[{"embeddable":true,"href":"https:\/\/expressometro.mx\/index.php\/wp-json\/wp\/v2\/comments?post=11529"}],"version-history":[{"count":1,"href":"https:\/\/expressometro.mx\/index.php\/wp-json\/wp\/v2\/posts\/11529\/revisions"}],"predecessor-version":[{"id":11530,"href":"https:\/\/expressometro.mx\/index.php\/wp-json\/wp\/v2\/posts\/11529\/revisions\/11530"}],"wp:attachment":[{"href":"https:\/\/expressometro.mx\/index.php\/wp-json\/wp\/v2\/media?parent=11529"}],"wp:term":[{"taxonomy":"category","embeddable":true,"href":"https:\/\/expressometro.mx\/index.php\/wp-json\/wp\/v2\/categories?post=11529"},{"taxonomy":"post_tag","embeddable":true,"href":"https:\/\/expressometro.mx\/index.php\/wp-json\/wp\/v2\/tags?post=11529"}],"curies":[{"name":"wp","href":"https:\/\/api.w.org\/{rel}","templated":true}]}}