{"id":11511,"date":"2025-05-15T17:44:55","date_gmt":"2025-05-15T23:44:55","guid":{"rendered":"https:\/\/expressometro.mx\/?p=11511"},"modified":"2025-06-20T17:45:28","modified_gmt":"2025-06-20T23:45:28","slug":"gertz-califico-de-escandalosa-proteccion-la-actuacion-de-una-jueza-a-favor-de-silvano","status":"publish","type":"post","link":"https:\/\/expressometro.mx\/index.php\/2025\/05\/15\/gertz-califico-de-escandalosa-proteccion-la-actuacion-de-una-jueza-a-favor-de-silvano\/","title":{"rendered":"Gertz calific\u00f3 de &#8220;escandalosa protecci\u00f3n&#8221; la actuaci\u00f3n de una jueza a favor de Silvano"},"content":{"rendered":"\n<p><\/p>\n\n\n\n<p>Se trata de Jovita Vargas Alarc\u00f3n, titular del juzgado noveno de distrito en materia penal de CDMX, a quien la FGR denunci\u00f3. Aureoles fue citado hasta el 20 de agosto.<\/p>\n\n\n\n<p>A trav\u00e9s de sus redes sociales, la Fiscal\u00eda General de la Rep\u00fablica asegur\u00f3 que la impartidora de justicia Jovita Vargas Alarc\u00f3n, titular del juzgado noveno de distrito en materia penal con sede en la Ciudad de M\u00e9xico, ha dado una &#8220;escandalosa protecci\u00f3n&#8221; al ex gobernador de Michoac\u00e1n, Silvano Aureoles.<\/p>\n\n\n\n<p>Por lo que la Fiscal\u00eda a cargo de Alejandro Gertz Manero formaliz\u00f3 una denuncia en contra de la jueza por los delitos contra la administraci\u00f3n de la justicia. Desde el primer d\u00eda de marzo, Aureoles Conejo es considerado pr\u00f3fugo de la justicia.<\/p>\n\n\n\n<p>Esto debido a que la Fiscal\u00eda Especializada en Materia de Combate a la Corrupci\u00f3n, que encabeza Mar\u00eda de la Luz Mijangos Borja, obtuvo una orden de captura en contra de el ex gobernador y siete de sus colaboradores, de los cuales tres ya han sido aprehendidos y vinculados a proceso penal por los delitos de operaciones con recursos de procedencia il\u00edcita, asociaci\u00f3n delictuosa y administraci\u00f3n fraudulenta por el desv\u00edo de 3,412 millones de pesos.<\/p>\n","protected":false},"excerpt":{"rendered":"<p>Se trata de Jovita Vargas Alarc\u00f3n, titular del juzgado noveno de distrito en materia penal de CDMX, a quien la FGR denunci\u00f3. Aureoles fue citado hasta el 20 de agosto. A trav\u00e9s de sus redes sociales, la Fiscal\u00eda General de la Rep\u00fablica asegur\u00f3 que la impartidora de justicia Jovita Vargas Alarc\u00f3n, titular del juzgado noveno de distrito en materia penal con sede en la Ciudad de M\u00e9xico, ha dado una &#8220;escandalosa protecci\u00f3n&#8221; al ex gobernador de Michoac\u00e1n, Silvano Aureoles. Por lo que la Fiscal\u00eda a cargo de Alejandro Gertz Manero&hellip;<\/p>\n","protected":false},"author":2,"featured_media":0,"comment_status":"open","ping_status":"open","sticky":false,"template":"","format":"standard","meta":{"footnotes":""},"categories":[1],"tags":[],"class_list":["post-11511","post","type-post","status-publish","format-standard","hentry","category-otros"],"yoast_head":"<!-- This site is optimized with the Yoast SEO plugin v27.5 - https:\/\/yoast.com\/product\/yoast-seo-wordpress\/ -->\n<title>Gertz calific\u00f3 de &quot;escandalosa protecci\u00f3n&quot; la actuaci\u00f3n de una jueza a favor de Silvano - Expresso Metropolitano<\/title>\n<meta name=\"robots\" content=\"index, follow, max-snippet:-1, max-image-preview:large, max-video-preview:-1\" \/>\n<link rel=\"canonical\" href=\"https:\/\/expressometro.mx\/index.php\/2025\/05\/15\/gertz-califico-de-escandalosa-proteccion-la-actuacion-de-una-jueza-a-favor-de-silvano\/\" \/>\n<meta property=\"og:locale\" content=\"es_MX\" \/>\n<meta property=\"og:type\" content=\"article\" \/>\n<meta property=\"og:title\" content=\"Gertz calific\u00f3 de &quot;escandalosa protecci\u00f3n&quot; la actuaci\u00f3n de una jueza a favor de Silvano - Expresso Metropolitano\" \/>\n<meta property=\"og:description\" content=\"Se trata de Jovita Vargas Alarc\u00f3n, titular del juzgado noveno de distrito en materia penal de CDMX, a quien la FGR denunci\u00f3. Aureoles fue citado hasta el 20 de agosto. A trav\u00e9s de sus redes sociales, la Fiscal\u00eda General de la Rep\u00fablica asegur\u00f3 que la impartidora de justicia Jovita Vargas Alarc\u00f3n, titular del juzgado noveno de distrito en materia penal con sede en la Ciudad de M\u00e9xico, ha dado una &#8220;escandalosa protecci\u00f3n&#8221; al ex gobernador de Michoac\u00e1n, Silvano Aureoles. Por lo que la Fiscal\u00eda a cargo de Alejandro Gertz Manero&hellip;\" \/>\n<meta property=\"og:url\" content=\"https:\/\/expressometro.mx\/index.php\/2025\/05\/15\/gertz-califico-de-escandalosa-proteccion-la-actuacion-de-una-jueza-a-favor-de-silvano\/\" \/>\n<meta property=\"og:site_name\" content=\"Expresso Metropolitano\" \/>\n<meta property=\"article:published_time\" content=\"2025-05-15T23:44:55+00:00\" \/>\n<meta property=\"article:modified_time\" content=\"2025-06-20T23:45:28+00:00\" \/>\n<meta name=\"author\" content=\"Cecilia Vega\" \/>\n<meta name=\"twitter:label1\" content=\"Escrito por\" \/>\n\t<meta name=\"twitter:data1\" content=\"Cecilia Vega\" \/>\n\t<meta name=\"twitter:label2\" content=\"Tiempo de lectura\" \/>\n\t<meta name=\"twitter:data2\" content=\"1 minuto\" \/>\n<script type=\"application\/ld+json\" class=\"yoast-schema-graph\">{\"@context\":\"https:\\\/\\\/schema.org\",\"@graph\":[{\"@type\":\"Article\",\"@id\":\"https:\\\/\\\/expressometro.mx\\\/index.php\\\/2025\\\/05\\\/15\\\/gertz-califico-de-escandalosa-proteccion-la-actuacion-de-una-jueza-a-favor-de-silvano\\\/#article\",\"isPartOf\":{\"@id\":\"https:\\\/\\\/expressometro.mx\\\/index.php\\\/2025\\\/05\\\/15\\\/gertz-califico-de-escandalosa-proteccion-la-actuacion-de-una-jueza-a-favor-de-silvano\\\/\"},\"author\":{\"name\":\"Cecilia Vega\",\"@id\":\"https:\\\/\\\/expressometro.mx\\\/#\\\/schema\\\/person\\\/67a95b8e3862085c7598f66237488f1f\"},\"headline\":\"Gertz calific\u00f3 de &#8220;escandalosa protecci\u00f3n&#8221; la actuaci\u00f3n de una jueza a favor de Silvano\",\"datePublished\":\"2025-05-15T23:44:55+00:00\",\"dateModified\":\"2025-06-20T23:45:28+00:00\",\"mainEntityOfPage\":{\"@id\":\"https:\\\/\\\/expressometro.mx\\\/index.php\\\/2025\\\/05\\\/15\\\/gertz-califico-de-escandalosa-proteccion-la-actuacion-de-una-jueza-a-favor-de-silvano\\\/\"},\"wordCount\":228,\"commentCount\":0,\"publisher\":{\"@id\":\"https:\\\/\\\/expressometro.mx\\\/#organization\"},\"articleSection\":[\"Otros\"],\"inLanguage\":\"es\",\"potentialAction\":[{\"@type\":\"CommentAction\",\"name\":\"Comment\",\"target\":[\"https:\\\/\\\/expressometro.mx\\\/index.php\\\/2025\\\/05\\\/15\\\/gertz-califico-de-escandalosa-proteccion-la-actuacion-de-una-jueza-a-favor-de-silvano\\\/#respond\"]}]},{\"@type\":\"WebPage\",\"@id\":\"https:\\\/\\\/expressometro.mx\\\/index.php\\\/2025\\\/05\\\/15\\\/gertz-califico-de-escandalosa-proteccion-la-actuacion-de-una-jueza-a-favor-de-silvano\\\/\",\"url\":\"https:\\\/\\\/expressometro.mx\\\/index.php\\\/2025\\\/05\\\/15\\\/gertz-califico-de-escandalosa-proteccion-la-actuacion-de-una-jueza-a-favor-de-silvano\\\/\",\"name\":\"Gertz calific\u00f3 de \\\"escandalosa protecci\u00f3n\\\" la actuaci\u00f3n de una jueza a favor de Silvano - Expresso Metropolitano\",\"isPartOf\":{\"@id\":\"https:\\\/\\\/expressometro.mx\\\/#website\"},\"datePublished\":\"2025-05-15T23:44:55+00:00\",\"dateModified\":\"2025-06-20T23:45:28+00:00\",\"breadcrumb\":{\"@id\":\"https:\\\/\\\/expressometro.mx\\\/index.php\\\/2025\\\/05\\\/15\\\/gertz-califico-de-escandalosa-proteccion-la-actuacion-de-una-jueza-a-favor-de-silvano\\\/#breadcrumb\"},\"inLanguage\":\"es\",\"potentialAction\":[{\"@type\":\"ReadAction\",\"target\":[\"https:\\\/\\\/expressometro.mx\\\/index.php\\\/2025\\\/05\\\/15\\\/gertz-califico-de-escandalosa-proteccion-la-actuacion-de-una-jueza-a-favor-de-silvano\\\/\"]}]},{\"@type\":\"BreadcrumbList\",\"@id\":\"https:\\\/\\\/expressometro.mx\\\/index.php\\\/2025\\\/05\\\/15\\\/gertz-califico-de-escandalosa-proteccion-la-actuacion-de-una-jueza-a-favor-de-silvano\\\/#breadcrumb\",\"itemListElement\":[{\"@type\":\"ListItem\",\"position\":1,\"name\":\"Inicio\",\"item\":\"https:\\\/\\\/expressometro.mx\\\/\"},{\"@type\":\"ListItem\",\"position\":2,\"name\":\"Gertz calific\u00f3 de &#8220;escandalosa protecci\u00f3n&#8221; la actuaci\u00f3n de una jueza a favor de Silvano\"}]},{\"@type\":\"WebSite\",\"@id\":\"https:\\\/\\\/expressometro.mx\\\/#website\",\"url\":\"https:\\\/\\\/expressometro.mx\\\/\",\"name\":\"Expresso Metropolitano\",\"description\":\"Periodismo comprometido, informaci\u00f3n, investigaci\u00f3n y an\u00e1lisis\",\"publisher\":{\"@id\":\"https:\\\/\\\/expressometro.mx\\\/#organization\"},\"potentialAction\":[{\"@type\":\"SearchAction\",\"target\":{\"@type\":\"EntryPoint\",\"urlTemplate\":\"https:\\\/\\\/expressometro.mx\\\/?s={search_term_string}\"},\"query-input\":{\"@type\":\"PropertyValueSpecification\",\"valueRequired\":true,\"valueName\":\"search_term_string\"}}],\"inLanguage\":\"es\"},{\"@type\":\"Organization\",\"@id\":\"https:\\\/\\\/expressometro.mx\\\/#organization\",\"name\":\"Expresso Metropolitano\",\"url\":\"https:\\\/\\\/expressometro.mx\\\/\",\"logo\":{\"@type\":\"ImageObject\",\"inLanguage\":\"es\",\"@id\":\"https:\\\/\\\/expressometro.mx\\\/#\\\/schema\\\/logo\\\/image\\\/\",\"url\":\"https:\\\/\\\/expressometro.mx\\\/wp-content\\\/uploads\\\/2019\\\/07\\\/cropped-Logo-Expresso-Metropolitano-1-1.jpeg\",\"contentUrl\":\"https:\\\/\\\/expressometro.mx\\\/wp-content\\\/uploads\\\/2019\\\/07\\\/cropped-Logo-Expresso-Metropolitano-1-1.jpeg\",\"width\":290,\"height\":73,\"caption\":\"Expresso Metropolitano\"},\"image\":{\"@id\":\"https:\\\/\\\/expressometro.mx\\\/#\\\/schema\\\/logo\\\/image\\\/\"}},{\"@type\":\"Person\",\"@id\":\"https:\\\/\\\/expressometro.mx\\\/#\\\/schema\\\/person\\\/67a95b8e3862085c7598f66237488f1f\",\"name\":\"Cecilia Vega\",\"image\":{\"@type\":\"ImageObject\",\"inLanguage\":\"es\",\"@id\":\"https:\\\/\\\/secure.gravatar.com\\\/avatar\\\/13aae9944ab2ee472a9e407c9487fdbd03b049abaa559af32fe5dbcf615c981b?s=96&d=mm&r=g\",\"url\":\"https:\\\/\\\/secure.gravatar.com\\\/avatar\\\/13aae9944ab2ee472a9e407c9487fdbd03b049abaa559af32fe5dbcf615c981b?s=96&d=mm&r=g\",\"contentUrl\":\"https:\\\/\\\/secure.gravatar.com\\\/avatar\\\/13aae9944ab2ee472a9e407c9487fdbd03b049abaa559af32fe5dbcf615c981b?s=96&d=mm&r=g\",\"caption\":\"Cecilia Vega\"},\"url\":\"https:\\\/\\\/expressometro.mx\\\/index.php\\\/author\\\/cecilia-vega\\\/\"}]}<\/script>\n<!-- \/ Yoast SEO plugin. -->","yoast_head_json":{"title":"Gertz calific\u00f3 de \"escandalosa protecci\u00f3n\" la actuaci\u00f3n de una jueza a favor de Silvano - Expresso Metropolitano","robots":{"index":"index","follow":"follow","max-snippet":"max-snippet:-1","max-image-preview":"max-image-preview:large","max-video-preview":"max-video-preview:-1"},"canonical":"https:\/\/expressometro.mx\/index.php\/2025\/05\/15\/gertz-califico-de-escandalosa-proteccion-la-actuacion-de-una-jueza-a-favor-de-silvano\/","og_locale":"es_MX","og_type":"article","og_title":"Gertz calific\u00f3 de \"escandalosa protecci\u00f3n\" la actuaci\u00f3n de una jueza a favor de Silvano - Expresso Metropolitano","og_description":"Se trata de Jovita Vargas Alarc\u00f3n, titular del juzgado noveno de distrito en materia penal de CDMX, a quien la FGR denunci\u00f3. Aureoles fue citado hasta el 20 de agosto. A trav\u00e9s de sus redes sociales, la Fiscal\u00eda General de la Rep\u00fablica asegur\u00f3 que la impartidora de justicia Jovita Vargas Alarc\u00f3n, titular del juzgado noveno de distrito en materia penal con sede en la Ciudad de M\u00e9xico, ha dado una &#8220;escandalosa protecci\u00f3n&#8221; al ex gobernador de Michoac\u00e1n, Silvano Aureoles. Por lo que la Fiscal\u00eda a cargo de Alejandro Gertz Manero&hellip;","og_url":"https:\/\/expressometro.mx\/index.php\/2025\/05\/15\/gertz-califico-de-escandalosa-proteccion-la-actuacion-de-una-jueza-a-favor-de-silvano\/","og_site_name":"Expresso Metropolitano","article_published_time":"2025-05-15T23:44:55+00:00","article_modified_time":"2025-06-20T23:45:28+00:00","author":"Cecilia Vega","twitter_misc":{"Escrito por":"Cecilia Vega","Tiempo de lectura":"1 minuto"},"schema":{"@context":"https:\/\/schema.org","@graph":[{"@type":"Article","@id":"https:\/\/expressometro.mx\/index.php\/2025\/05\/15\/gertz-califico-de-escandalosa-proteccion-la-actuacion-de-una-jueza-a-favor-de-silvano\/#article","isPartOf":{"@id":"https:\/\/expressometro.mx\/index.php\/2025\/05\/15\/gertz-califico-de-escandalosa-proteccion-la-actuacion-de-una-jueza-a-favor-de-silvano\/"},"author":{"name":"Cecilia Vega","@id":"https:\/\/expressometro.mx\/#\/schema\/person\/67a95b8e3862085c7598f66237488f1f"},"headline":"Gertz calific\u00f3 de &#8220;escandalosa protecci\u00f3n&#8221; la actuaci\u00f3n de una jueza a favor de Silvano","datePublished":"2025-05-15T23:44:55+00:00","dateModified":"2025-06-20T23:45:28+00:00","mainEntityOfPage":{"@id":"https:\/\/expressometro.mx\/index.php\/2025\/05\/15\/gertz-califico-de-escandalosa-proteccion-la-actuacion-de-una-jueza-a-favor-de-silvano\/"},"wordCount":228,"commentCount":0,"publisher":{"@id":"https:\/\/expressometro.mx\/#organization"},"articleSection":["Otros"],"inLanguage":"es","potentialAction":[{"@type":"CommentAction","name":"Comment","target":["https:\/\/expressometro.mx\/index.php\/2025\/05\/15\/gertz-califico-de-escandalosa-proteccion-la-actuacion-de-una-jueza-a-favor-de-silvano\/#respond"]}]},{"@type":"WebPage","@id":"https:\/\/expressometro.mx\/index.php\/2025\/05\/15\/gertz-califico-de-escandalosa-proteccion-la-actuacion-de-una-jueza-a-favor-de-silvano\/","url":"https:\/\/expressometro.mx\/index.php\/2025\/05\/15\/gertz-califico-de-escandalosa-proteccion-la-actuacion-de-una-jueza-a-favor-de-silvano\/","name":"Gertz calific\u00f3 de \"escandalosa protecci\u00f3n\" la actuaci\u00f3n de una jueza a favor de Silvano - Expresso Metropolitano","isPartOf":{"@id":"https:\/\/expressometro.mx\/#website"},"datePublished":"2025-05-15T23:44:55+00:00","dateModified":"2025-06-20T23:45:28+00:00","breadcrumb":{"@id":"https:\/\/expressometro.mx\/index.php\/2025\/05\/15\/gertz-califico-de-escandalosa-proteccion-la-actuacion-de-una-jueza-a-favor-de-silvano\/#breadcrumb"},"inLanguage":"es","potentialAction":[{"@type":"ReadAction","target":["https:\/\/expressometro.mx\/index.php\/2025\/05\/15\/gertz-califico-de-escandalosa-proteccion-la-actuacion-de-una-jueza-a-favor-de-silvano\/"]}]},{"@type":"BreadcrumbList","@id":"https:\/\/expressometro.mx\/index.php\/2025\/05\/15\/gertz-califico-de-escandalosa-proteccion-la-actuacion-de-una-jueza-a-favor-de-silvano\/#breadcrumb","itemListElement":[{"@type":"ListItem","position":1,"name":"Inicio","item":"https:\/\/expressometro.mx\/"},{"@type":"ListItem","position":2,"name":"Gertz calific\u00f3 de &#8220;escandalosa protecci\u00f3n&#8221; la actuaci\u00f3n de una jueza a favor de Silvano"}]},{"@type":"WebSite","@id":"https:\/\/expressometro.mx\/#website","url":"https:\/\/expressometro.mx\/","name":"Expresso Metropolitano","description":"Periodismo comprometido, informaci\u00f3n, investigaci\u00f3n y an\u00e1lisis","publisher":{"@id":"https:\/\/expressometro.mx\/#organization"},"potentialAction":[{"@type":"SearchAction","target":{"@type":"EntryPoint","urlTemplate":"https:\/\/expressometro.mx\/?s={search_term_string}"},"query-input":{"@type":"PropertyValueSpecification","valueRequired":true,"valueName":"search_term_string"}}],"inLanguage":"es"},{"@type":"Organization","@id":"https:\/\/expressometro.mx\/#organization","name":"Expresso Metropolitano","url":"https:\/\/expressometro.mx\/","logo":{"@type":"ImageObject","inLanguage":"es","@id":"https:\/\/expressometro.mx\/#\/schema\/logo\/image\/","url":"https:\/\/expressometro.mx\/wp-content\/uploads\/2019\/07\/cropped-Logo-Expresso-Metropolitano-1-1.jpeg","contentUrl":"https:\/\/expressometro.mx\/wp-content\/uploads\/2019\/07\/cropped-Logo-Expresso-Metropolitano-1-1.jpeg","width":290,"height":73,"caption":"Expresso Metropolitano"},"image":{"@id":"https:\/\/expressometro.mx\/#\/schema\/logo\/image\/"}},{"@type":"Person","@id":"https:\/\/expressometro.mx\/#\/schema\/person\/67a95b8e3862085c7598f66237488f1f","name":"Cecilia Vega","image":{"@type":"ImageObject","inLanguage":"es","@id":"https:\/\/secure.gravatar.com\/avatar\/13aae9944ab2ee472a9e407c9487fdbd03b049abaa559af32fe5dbcf615c981b?s=96&d=mm&r=g","url":"https:\/\/secure.gravatar.com\/avatar\/13aae9944ab2ee472a9e407c9487fdbd03b049abaa559af32fe5dbcf615c981b?s=96&d=mm&r=g","contentUrl":"https:\/\/secure.gravatar.com\/avatar\/13aae9944ab2ee472a9e407c9487fdbd03b049abaa559af32fe5dbcf615c981b?s=96&d=mm&r=g","caption":"Cecilia Vega"},"url":"https:\/\/expressometro.mx\/index.php\/author\/cecilia-vega\/"}]}},"amp_enabled":true,"_links":{"self":[{"href":"https:\/\/expressometro.mx\/index.php\/wp-json\/wp\/v2\/posts\/11511","targetHints":{"allow":["GET"]}}],"collection":[{"href":"https:\/\/expressometro.mx\/index.php\/wp-json\/wp\/v2\/posts"}],"about":[{"href":"https:\/\/expressometro.mx\/index.php\/wp-json\/wp\/v2\/types\/post"}],"author":[{"embeddable":true,"href":"https:\/\/expressometro.mx\/index.php\/wp-json\/wp\/v2\/users\/2"}],"replies":[{"embeddable":true,"href":"https:\/\/expressometro.mx\/index.php\/wp-json\/wp\/v2\/comments?post=11511"}],"version-history":[{"count":1,"href":"https:\/\/expressometro.mx\/index.php\/wp-json\/wp\/v2\/posts\/11511\/revisions"}],"predecessor-version":[{"id":11512,"href":"https:\/\/expressometro.mx\/index.php\/wp-json\/wp\/v2\/posts\/11511\/revisions\/11512"}],"wp:attachment":[{"href":"https:\/\/expressometro.mx\/index.php\/wp-json\/wp\/v2\/media?parent=11511"}],"wp:term":[{"taxonomy":"category","embeddable":true,"href":"https:\/\/expressometro.mx\/index.php\/wp-json\/wp\/v2\/categories?post=11511"},{"taxonomy":"post_tag","embeddable":true,"href":"https:\/\/expressometro.mx\/index.php\/wp-json\/wp\/v2\/tags?post=11511"}],"curies":[{"name":"wp","href":"https:\/\/api.w.org\/{rel}","templated":true}]}}