{"id":11501,"date":"2025-04-22T17:33:28","date_gmt":"2025-04-22T23:33:28","guid":{"rendered":"https:\/\/expressometro.mx\/?p=11501"},"modified":"2025-06-20T17:34:04","modified_gmt":"2025-06-20T23:34:04","slug":"muere-el-papa-francisco-el-primer-latinoamericano-en-liderar-la-iglesia-catolica","status":"publish","type":"post","link":"https:\/\/expressometro.mx\/index.php\/2025\/04\/22\/muere-el-papa-francisco-el-primer-latinoamericano-en-liderar-la-iglesia-catolica\/","title":{"rendered":"Muere el papa Francisco, el primer latinoamericano en liderar la Iglesia cat\u00f3lica"},"content":{"rendered":"\n<p><\/p>\n\n\n\n<p>&#8220;Renovemos nuestra esperanza y nuestra confianza en los dem\u00e1s, incluso en quienes son diferentes a nosotros o vienen de tierras lejanas, trayendo costumbres, formas de vida e ideas desconocidas. Porque todos somos hijos de Dios&#8221;.<\/p>\n\n\n\n<p>Estas fueron las \u00faltimas palabras que dej\u00f3 el papa Francisco en su \u00faltima aparici\u00f3n este Domingo de Resurreci\u00f3n como parte del tradicional mensaje de Pascua. Lo ley\u00f3 un cl\u00e9rigo asistente desde el balc\u00f3n de la Bas\u00edlica de San Pedro mientras \u00e9l observaba.<\/p>\n\n\n\n<p>Menos de 24 horas despu\u00e9s, el Vaticano anunciaba su fallecimiento en Roma a los 88 a\u00f1os.<\/p>\n\n\n\n<p>&#8220;A las 7:35 de esta ma\u00f1ana (hora local), el Obispo de Roma, Francisco, regres\u00f3 a la casa del Padre. Dedic\u00f3 toda su vida al servicio del Se\u00f1or y de su Iglesia&#8221;, dijo en un breve comunicado en video el camarlengo del Papa, el cardenal irland\u00e9s-estadounidense Kevin Farrell, quien supervisar\u00e1 la transici\u00f3n a un nuevo Papa.<\/p>\n\n\n\n<p>&#8220;Nos ense\u00f1\u00f3 a vivir los valores del Evangelio con fidelidad, valent\u00eda y amor universal, especialmente a favor de los m\u00e1s pobres y marginados. Con inmensa gratitud por su ejemplo como verdadero disc\u00edpulo del Se\u00f1or Jes\u00fas, encomendamos el alma del papa Francisco al infinito amor misericordioso del Dios Uno y Trino&#8221;, dijo Farrell al dar la noticia.<\/p>\n","protected":false},"excerpt":{"rendered":"<p>&#8220;Renovemos nuestra esperanza y nuestra confianza en los dem\u00e1s, incluso en quienes son diferentes a nosotros o vienen de tierras lejanas, trayendo costumbres, formas de vida e ideas desconocidas. Porque todos somos hijos de Dios&#8221;. Estas fueron las \u00faltimas palabras que dej\u00f3 el papa Francisco en su \u00faltima aparici\u00f3n este Domingo de Resurreci\u00f3n como parte del tradicional mensaje de Pascua. Lo ley\u00f3 un cl\u00e9rigo asistente desde el balc\u00f3n de la Bas\u00edlica de San Pedro mientras \u00e9l observaba. Menos de 24 horas despu\u00e9s, el Vaticano anunciaba su fallecimiento en Roma a&hellip;<\/p>\n","protected":false},"author":2,"featured_media":0,"comment_status":"open","ping_status":"open","sticky":false,"template":"","format":"standard","meta":{"footnotes":""},"categories":[1],"tags":[],"class_list":["post-11501","post","type-post","status-publish","format-standard","hentry","category-otros"],"yoast_head":"<!-- This site is optimized with the Yoast SEO plugin v27.5 - https:\/\/yoast.com\/product\/yoast-seo-wordpress\/ -->\n<title>Muere el papa Francisco, el primer latinoamericano en liderar la Iglesia cat\u00f3lica - Expresso Metropolitano<\/title>\n<meta name=\"robots\" content=\"index, follow, max-snippet:-1, max-image-preview:large, max-video-preview:-1\" \/>\n<link rel=\"canonical\" href=\"https:\/\/expressometro.mx\/index.php\/2025\/04\/22\/muere-el-papa-francisco-el-primer-latinoamericano-en-liderar-la-iglesia-catolica\/\" \/>\n<meta property=\"og:locale\" content=\"es_MX\" \/>\n<meta property=\"og:type\" content=\"article\" \/>\n<meta property=\"og:title\" content=\"Muere el papa Francisco, el primer latinoamericano en liderar la Iglesia cat\u00f3lica - Expresso Metropolitano\" \/>\n<meta property=\"og:description\" content=\"&#8220;Renovemos nuestra esperanza y nuestra confianza en los dem\u00e1s, incluso en quienes son diferentes a nosotros o vienen de tierras lejanas, trayendo costumbres, formas de vida e ideas desconocidas. Porque todos somos hijos de Dios&#8221;. Estas fueron las \u00faltimas palabras que dej\u00f3 el papa Francisco en su \u00faltima aparici\u00f3n este Domingo de Resurreci\u00f3n como parte del tradicional mensaje de Pascua. Lo ley\u00f3 un cl\u00e9rigo asistente desde el balc\u00f3n de la Bas\u00edlica de San Pedro mientras \u00e9l observaba. Menos de 24 horas despu\u00e9s, el Vaticano anunciaba su fallecimiento en Roma a&hellip;\" \/>\n<meta property=\"og:url\" content=\"https:\/\/expressometro.mx\/index.php\/2025\/04\/22\/muere-el-papa-francisco-el-primer-latinoamericano-en-liderar-la-iglesia-catolica\/\" \/>\n<meta property=\"og:site_name\" content=\"Expresso Metropolitano\" \/>\n<meta property=\"article:published_time\" content=\"2025-04-22T23:33:28+00:00\" \/>\n<meta property=\"article:modified_time\" content=\"2025-06-20T23:34:04+00:00\" \/>\n<meta name=\"author\" content=\"Cecilia Vega\" \/>\n<meta name=\"twitter:label1\" content=\"Escrito por\" \/>\n\t<meta name=\"twitter:data1\" content=\"Cecilia Vega\" \/>\n\t<meta name=\"twitter:label2\" content=\"Tiempo de lectura\" \/>\n\t<meta name=\"twitter:data2\" content=\"1 minuto\" \/>\n<script type=\"application\/ld+json\" class=\"yoast-schema-graph\">{\"@context\":\"https:\\\/\\\/schema.org\",\"@graph\":[{\"@type\":\"Article\",\"@id\":\"https:\\\/\\\/expressometro.mx\\\/index.php\\\/2025\\\/04\\\/22\\\/muere-el-papa-francisco-el-primer-latinoamericano-en-liderar-la-iglesia-catolica\\\/#article\",\"isPartOf\":{\"@id\":\"https:\\\/\\\/expressometro.mx\\\/index.php\\\/2025\\\/04\\\/22\\\/muere-el-papa-francisco-el-primer-latinoamericano-en-liderar-la-iglesia-catolica\\\/\"},\"author\":{\"name\":\"Cecilia Vega\",\"@id\":\"https:\\\/\\\/expressometro.mx\\\/#\\\/schema\\\/person\\\/67a95b8e3862085c7598f66237488f1f\"},\"headline\":\"Muere el papa Francisco, el primer latinoamericano en liderar la Iglesia cat\u00f3lica\",\"datePublished\":\"2025-04-22T23:33:28+00:00\",\"dateModified\":\"2025-06-20T23:34:04+00:00\",\"mainEntityOfPage\":{\"@id\":\"https:\\\/\\\/expressometro.mx\\\/index.php\\\/2025\\\/04\\\/22\\\/muere-el-papa-francisco-el-primer-latinoamericano-en-liderar-la-iglesia-catolica\\\/\"},\"wordCount\":231,\"commentCount\":0,\"publisher\":{\"@id\":\"https:\\\/\\\/expressometro.mx\\\/#organization\"},\"articleSection\":[\"Otros\"],\"inLanguage\":\"es\",\"potentialAction\":[{\"@type\":\"CommentAction\",\"name\":\"Comment\",\"target\":[\"https:\\\/\\\/expressometro.mx\\\/index.php\\\/2025\\\/04\\\/22\\\/muere-el-papa-francisco-el-primer-latinoamericano-en-liderar-la-iglesia-catolica\\\/#respond\"]}]},{\"@type\":\"WebPage\",\"@id\":\"https:\\\/\\\/expressometro.mx\\\/index.php\\\/2025\\\/04\\\/22\\\/muere-el-papa-francisco-el-primer-latinoamericano-en-liderar-la-iglesia-catolica\\\/\",\"url\":\"https:\\\/\\\/expressometro.mx\\\/index.php\\\/2025\\\/04\\\/22\\\/muere-el-papa-francisco-el-primer-latinoamericano-en-liderar-la-iglesia-catolica\\\/\",\"name\":\"Muere el papa Francisco, el primer latinoamericano en liderar la Iglesia cat\u00f3lica - Expresso Metropolitano\",\"isPartOf\":{\"@id\":\"https:\\\/\\\/expressometro.mx\\\/#website\"},\"datePublished\":\"2025-04-22T23:33:28+00:00\",\"dateModified\":\"2025-06-20T23:34:04+00:00\",\"breadcrumb\":{\"@id\":\"https:\\\/\\\/expressometro.mx\\\/index.php\\\/2025\\\/04\\\/22\\\/muere-el-papa-francisco-el-primer-latinoamericano-en-liderar-la-iglesia-catolica\\\/#breadcrumb\"},\"inLanguage\":\"es\",\"potentialAction\":[{\"@type\":\"ReadAction\",\"target\":[\"https:\\\/\\\/expressometro.mx\\\/index.php\\\/2025\\\/04\\\/22\\\/muere-el-papa-francisco-el-primer-latinoamericano-en-liderar-la-iglesia-catolica\\\/\"]}]},{\"@type\":\"BreadcrumbList\",\"@id\":\"https:\\\/\\\/expressometro.mx\\\/index.php\\\/2025\\\/04\\\/22\\\/muere-el-papa-francisco-el-primer-latinoamericano-en-liderar-la-iglesia-catolica\\\/#breadcrumb\",\"itemListElement\":[{\"@type\":\"ListItem\",\"position\":1,\"name\":\"Inicio\",\"item\":\"https:\\\/\\\/expressometro.mx\\\/\"},{\"@type\":\"ListItem\",\"position\":2,\"name\":\"Muere el papa Francisco, el primer latinoamericano en liderar la Iglesia cat\u00f3lica\"}]},{\"@type\":\"WebSite\",\"@id\":\"https:\\\/\\\/expressometro.mx\\\/#website\",\"url\":\"https:\\\/\\\/expressometro.mx\\\/\",\"name\":\"Expresso Metropolitano\",\"description\":\"Periodismo comprometido, informaci\u00f3n, investigaci\u00f3n y an\u00e1lisis\",\"publisher\":{\"@id\":\"https:\\\/\\\/expressometro.mx\\\/#organization\"},\"potentialAction\":[{\"@type\":\"SearchAction\",\"target\":{\"@type\":\"EntryPoint\",\"urlTemplate\":\"https:\\\/\\\/expressometro.mx\\\/?s={search_term_string}\"},\"query-input\":{\"@type\":\"PropertyValueSpecification\",\"valueRequired\":true,\"valueName\":\"search_term_string\"}}],\"inLanguage\":\"es\"},{\"@type\":\"Organization\",\"@id\":\"https:\\\/\\\/expressometro.mx\\\/#organization\",\"name\":\"Expresso Metropolitano\",\"url\":\"https:\\\/\\\/expressometro.mx\\\/\",\"logo\":{\"@type\":\"ImageObject\",\"inLanguage\":\"es\",\"@id\":\"https:\\\/\\\/expressometro.mx\\\/#\\\/schema\\\/logo\\\/image\\\/\",\"url\":\"https:\\\/\\\/expressometro.mx\\\/wp-content\\\/uploads\\\/2019\\\/07\\\/cropped-Logo-Expresso-Metropolitano-1-1.jpeg\",\"contentUrl\":\"https:\\\/\\\/expressometro.mx\\\/wp-content\\\/uploads\\\/2019\\\/07\\\/cropped-Logo-Expresso-Metropolitano-1-1.jpeg\",\"width\":290,\"height\":73,\"caption\":\"Expresso Metropolitano\"},\"image\":{\"@id\":\"https:\\\/\\\/expressometro.mx\\\/#\\\/schema\\\/logo\\\/image\\\/\"}},{\"@type\":\"Person\",\"@id\":\"https:\\\/\\\/expressometro.mx\\\/#\\\/schema\\\/person\\\/67a95b8e3862085c7598f66237488f1f\",\"name\":\"Cecilia Vega\",\"image\":{\"@type\":\"ImageObject\",\"inLanguage\":\"es\",\"@id\":\"https:\\\/\\\/secure.gravatar.com\\\/avatar\\\/13aae9944ab2ee472a9e407c9487fdbd03b049abaa559af32fe5dbcf615c981b?s=96&d=mm&r=g\",\"url\":\"https:\\\/\\\/secure.gravatar.com\\\/avatar\\\/13aae9944ab2ee472a9e407c9487fdbd03b049abaa559af32fe5dbcf615c981b?s=96&d=mm&r=g\",\"contentUrl\":\"https:\\\/\\\/secure.gravatar.com\\\/avatar\\\/13aae9944ab2ee472a9e407c9487fdbd03b049abaa559af32fe5dbcf615c981b?s=96&d=mm&r=g\",\"caption\":\"Cecilia Vega\"},\"url\":\"https:\\\/\\\/expressometro.mx\\\/index.php\\\/author\\\/cecilia-vega\\\/\"}]}<\/script>\n<!-- \/ Yoast SEO plugin. -->","yoast_head_json":{"title":"Muere el papa Francisco, el primer latinoamericano en liderar la Iglesia cat\u00f3lica - Expresso Metropolitano","robots":{"index":"index","follow":"follow","max-snippet":"max-snippet:-1","max-image-preview":"max-image-preview:large","max-video-preview":"max-video-preview:-1"},"canonical":"https:\/\/expressometro.mx\/index.php\/2025\/04\/22\/muere-el-papa-francisco-el-primer-latinoamericano-en-liderar-la-iglesia-catolica\/","og_locale":"es_MX","og_type":"article","og_title":"Muere el papa Francisco, el primer latinoamericano en liderar la Iglesia cat\u00f3lica - Expresso Metropolitano","og_description":"&#8220;Renovemos nuestra esperanza y nuestra confianza en los dem\u00e1s, incluso en quienes son diferentes a nosotros o vienen de tierras lejanas, trayendo costumbres, formas de vida e ideas desconocidas. Porque todos somos hijos de Dios&#8221;. Estas fueron las \u00faltimas palabras que dej\u00f3 el papa Francisco en su \u00faltima aparici\u00f3n este Domingo de Resurreci\u00f3n como parte del tradicional mensaje de Pascua. Lo ley\u00f3 un cl\u00e9rigo asistente desde el balc\u00f3n de la Bas\u00edlica de San Pedro mientras \u00e9l observaba. Menos de 24 horas despu\u00e9s, el Vaticano anunciaba su fallecimiento en Roma a&hellip;","og_url":"https:\/\/expressometro.mx\/index.php\/2025\/04\/22\/muere-el-papa-francisco-el-primer-latinoamericano-en-liderar-la-iglesia-catolica\/","og_site_name":"Expresso Metropolitano","article_published_time":"2025-04-22T23:33:28+00:00","article_modified_time":"2025-06-20T23:34:04+00:00","author":"Cecilia Vega","twitter_misc":{"Escrito por":"Cecilia Vega","Tiempo de lectura":"1 minuto"},"schema":{"@context":"https:\/\/schema.org","@graph":[{"@type":"Article","@id":"https:\/\/expressometro.mx\/index.php\/2025\/04\/22\/muere-el-papa-francisco-el-primer-latinoamericano-en-liderar-la-iglesia-catolica\/#article","isPartOf":{"@id":"https:\/\/expressometro.mx\/index.php\/2025\/04\/22\/muere-el-papa-francisco-el-primer-latinoamericano-en-liderar-la-iglesia-catolica\/"},"author":{"name":"Cecilia Vega","@id":"https:\/\/expressometro.mx\/#\/schema\/person\/67a95b8e3862085c7598f66237488f1f"},"headline":"Muere el papa Francisco, el primer latinoamericano en liderar la Iglesia cat\u00f3lica","datePublished":"2025-04-22T23:33:28+00:00","dateModified":"2025-06-20T23:34:04+00:00","mainEntityOfPage":{"@id":"https:\/\/expressometro.mx\/index.php\/2025\/04\/22\/muere-el-papa-francisco-el-primer-latinoamericano-en-liderar-la-iglesia-catolica\/"},"wordCount":231,"commentCount":0,"publisher":{"@id":"https:\/\/expressometro.mx\/#organization"},"articleSection":["Otros"],"inLanguage":"es","potentialAction":[{"@type":"CommentAction","name":"Comment","target":["https:\/\/expressometro.mx\/index.php\/2025\/04\/22\/muere-el-papa-francisco-el-primer-latinoamericano-en-liderar-la-iglesia-catolica\/#respond"]}]},{"@type":"WebPage","@id":"https:\/\/expressometro.mx\/index.php\/2025\/04\/22\/muere-el-papa-francisco-el-primer-latinoamericano-en-liderar-la-iglesia-catolica\/","url":"https:\/\/expressometro.mx\/index.php\/2025\/04\/22\/muere-el-papa-francisco-el-primer-latinoamericano-en-liderar-la-iglesia-catolica\/","name":"Muere el papa Francisco, el primer latinoamericano en liderar la Iglesia cat\u00f3lica - Expresso Metropolitano","isPartOf":{"@id":"https:\/\/expressometro.mx\/#website"},"datePublished":"2025-04-22T23:33:28+00:00","dateModified":"2025-06-20T23:34:04+00:00","breadcrumb":{"@id":"https:\/\/expressometro.mx\/index.php\/2025\/04\/22\/muere-el-papa-francisco-el-primer-latinoamericano-en-liderar-la-iglesia-catolica\/#breadcrumb"},"inLanguage":"es","potentialAction":[{"@type":"ReadAction","target":["https:\/\/expressometro.mx\/index.php\/2025\/04\/22\/muere-el-papa-francisco-el-primer-latinoamericano-en-liderar-la-iglesia-catolica\/"]}]},{"@type":"BreadcrumbList","@id":"https:\/\/expressometro.mx\/index.php\/2025\/04\/22\/muere-el-papa-francisco-el-primer-latinoamericano-en-liderar-la-iglesia-catolica\/#breadcrumb","itemListElement":[{"@type":"ListItem","position":1,"name":"Inicio","item":"https:\/\/expressometro.mx\/"},{"@type":"ListItem","position":2,"name":"Muere el papa Francisco, el primer latinoamericano en liderar la Iglesia cat\u00f3lica"}]},{"@type":"WebSite","@id":"https:\/\/expressometro.mx\/#website","url":"https:\/\/expressometro.mx\/","name":"Expresso Metropolitano","description":"Periodismo comprometido, informaci\u00f3n, investigaci\u00f3n y an\u00e1lisis","publisher":{"@id":"https:\/\/expressometro.mx\/#organization"},"potentialAction":[{"@type":"SearchAction","target":{"@type":"EntryPoint","urlTemplate":"https:\/\/expressometro.mx\/?s={search_term_string}"},"query-input":{"@type":"PropertyValueSpecification","valueRequired":true,"valueName":"search_term_string"}}],"inLanguage":"es"},{"@type":"Organization","@id":"https:\/\/expressometro.mx\/#organization","name":"Expresso Metropolitano","url":"https:\/\/expressometro.mx\/","logo":{"@type":"ImageObject","inLanguage":"es","@id":"https:\/\/expressometro.mx\/#\/schema\/logo\/image\/","url":"https:\/\/expressometro.mx\/wp-content\/uploads\/2019\/07\/cropped-Logo-Expresso-Metropolitano-1-1.jpeg","contentUrl":"https:\/\/expressometro.mx\/wp-content\/uploads\/2019\/07\/cropped-Logo-Expresso-Metropolitano-1-1.jpeg","width":290,"height":73,"caption":"Expresso Metropolitano"},"image":{"@id":"https:\/\/expressometro.mx\/#\/schema\/logo\/image\/"}},{"@type":"Person","@id":"https:\/\/expressometro.mx\/#\/schema\/person\/67a95b8e3862085c7598f66237488f1f","name":"Cecilia Vega","image":{"@type":"ImageObject","inLanguage":"es","@id":"https:\/\/secure.gravatar.com\/avatar\/13aae9944ab2ee472a9e407c9487fdbd03b049abaa559af32fe5dbcf615c981b?s=96&d=mm&r=g","url":"https:\/\/secure.gravatar.com\/avatar\/13aae9944ab2ee472a9e407c9487fdbd03b049abaa559af32fe5dbcf615c981b?s=96&d=mm&r=g","contentUrl":"https:\/\/secure.gravatar.com\/avatar\/13aae9944ab2ee472a9e407c9487fdbd03b049abaa559af32fe5dbcf615c981b?s=96&d=mm&r=g","caption":"Cecilia Vega"},"url":"https:\/\/expressometro.mx\/index.php\/author\/cecilia-vega\/"}]}},"amp_enabled":true,"_links":{"self":[{"href":"https:\/\/expressometro.mx\/index.php\/wp-json\/wp\/v2\/posts\/11501","targetHints":{"allow":["GET"]}}],"collection":[{"href":"https:\/\/expressometro.mx\/index.php\/wp-json\/wp\/v2\/posts"}],"about":[{"href":"https:\/\/expressometro.mx\/index.php\/wp-json\/wp\/v2\/types\/post"}],"author":[{"embeddable":true,"href":"https:\/\/expressometro.mx\/index.php\/wp-json\/wp\/v2\/users\/2"}],"replies":[{"embeddable":true,"href":"https:\/\/expressometro.mx\/index.php\/wp-json\/wp\/v2\/comments?post=11501"}],"version-history":[{"count":1,"href":"https:\/\/expressometro.mx\/index.php\/wp-json\/wp\/v2\/posts\/11501\/revisions"}],"predecessor-version":[{"id":11502,"href":"https:\/\/expressometro.mx\/index.php\/wp-json\/wp\/v2\/posts\/11501\/revisions\/11502"}],"wp:attachment":[{"href":"https:\/\/expressometro.mx\/index.php\/wp-json\/wp\/v2\/media?parent=11501"}],"wp:term":[{"taxonomy":"category","embeddable":true,"href":"https:\/\/expressometro.mx\/index.php\/wp-json\/wp\/v2\/categories?post=11501"},{"taxonomy":"post_tag","embeddable":true,"href":"https:\/\/expressometro.mx\/index.php\/wp-json\/wp\/v2\/tags?post=11501"}],"curies":[{"name":"wp","href":"https:\/\/api.w.org\/{rel}","templated":true}]}}