{"id":11492,"date":"2025-03-12T17:23:24","date_gmt":"2025-03-12T23:23:24","guid":{"rendered":"https:\/\/expressometro.mx\/?p=11492"},"modified":"2025-06-20T17:24:06","modified_gmt":"2025-06-20T23:24:06","slug":"ahora-si-llego-la-austeridad-republicana","status":"publish","type":"post","link":"https:\/\/expressometro.mx\/index.php\/2025\/03\/12\/ahora-si-llego-la-austeridad-republicana\/","title":{"rendered":"Ahora s\u00ed lleg\u00f3 la austeridad republicana"},"content":{"rendered":"\n<p><\/p>\n\n\n\n<p>Situados en un contexto complejo pintado de incertidumbre comercial, y con una econom\u00eda d\u00e9bil, es m\u00e1s que necesario preguntarnos en qu\u00e9 est\u00e1 gastando el gobierno de la presidenta Claudia Sheinbaum, pues durante el sexenio pasado, la inversi\u00f3n en infraestructura ayud\u00f3 a mantener a flote al pa\u00eds en momentos, por decir lo menos, complicados.<\/p>\n\n\n\n<p>Para responder este cuestionamiento, nada m\u00e1s oportuno que el reporte sobre el manejo de las finanzas p\u00fablicas al primer trimestre de este a\u00f1o, que publica la Secretar\u00eda de Hacienda.<\/p>\n\n\n\n<p>De entrada, los resultados no son alentadores, pues el gasto p\u00fablico en infraestructura, de la cual se mantuvo anclada buena parte de la actividad industrial durante el sexenio del presidente Andr\u00e9s Manuel L\u00f3pez Obrador, se desplom\u00f3 33.5 por ciento en el primer cuarto de 2025, con casi 102 mil millones de pesos, regresando a niveles de 2022.<\/p>\n\n\n\n<p>Por expresarlo de alguna forma, el gasto p\u00fablico, principalmente en los grandes proyectos de la pasada administraci\u00f3n, como el Tren Maya, la refiner\u00eda de Dos Bocas, o el AIFA, entre otros, fueron pieza clave para mantener un dinamismo importante y necesario en la econom\u00eda mexicana durante un sexenio que atraves\u00f3 momentos muy complicados como la pandemia de Covid-19. Hoy, esa estrategia ha cambiado.<\/p>\n\n\n\n<p>En la revisi\u00f3n a detalle, hubo un ajuste generalizado a la baja del gasto p\u00fablico. A decir del Instituto Mexicano para la Competitividad (IMCO), que da un seguimiento puntual al ejercicio del presupuesto del gobierno cada trimestre, fue dif\u00edcil encontrar rubros con aumento en el gasto entre enero y marzo de este a\u00f1o.<\/p>\n","protected":false},"excerpt":{"rendered":"<p>Situados en un contexto complejo pintado de incertidumbre comercial, y con una econom\u00eda d\u00e9bil, es m\u00e1s que necesario preguntarnos en qu\u00e9 est\u00e1 gastando el gobierno de la presidenta Claudia Sheinbaum, pues durante el sexenio pasado, la inversi\u00f3n en infraestructura ayud\u00f3 a mantener a flote al pa\u00eds en momentos, por decir lo menos, complicados. Para responder este cuestionamiento, nada m\u00e1s oportuno que el reporte sobre el manejo de las finanzas p\u00fablicas al primer trimestre de este a\u00f1o, que publica la Secretar\u00eda de Hacienda. De entrada, los resultados no son alentadores, pues&hellip;<\/p>\n","protected":false},"author":2,"featured_media":0,"comment_status":"open","ping_status":"open","sticky":false,"template":"","format":"standard","meta":{"footnotes":""},"categories":[1],"tags":[],"class_list":["post-11492","post","type-post","status-publish","format-standard","hentry","category-otros"],"yoast_head":"<!-- This site is optimized with the Yoast SEO plugin v27.5 - https:\/\/yoast.com\/product\/yoast-seo-wordpress\/ -->\n<title>Ahora s\u00ed lleg\u00f3 la austeridad republicana - Expresso Metropolitano<\/title>\n<meta name=\"robots\" content=\"index, follow, max-snippet:-1, max-image-preview:large, max-video-preview:-1\" \/>\n<link rel=\"canonical\" href=\"https:\/\/expressometro.mx\/index.php\/2025\/03\/12\/ahora-si-llego-la-austeridad-republicana\/\" \/>\n<meta property=\"og:locale\" content=\"es_MX\" \/>\n<meta property=\"og:type\" content=\"article\" \/>\n<meta property=\"og:title\" content=\"Ahora s\u00ed lleg\u00f3 la austeridad republicana - Expresso Metropolitano\" \/>\n<meta property=\"og:description\" content=\"Situados en un contexto complejo pintado de incertidumbre comercial, y con una econom\u00eda d\u00e9bil, es m\u00e1s que necesario preguntarnos en qu\u00e9 est\u00e1 gastando el gobierno de la presidenta Claudia Sheinbaum, pues durante el sexenio pasado, la inversi\u00f3n en infraestructura ayud\u00f3 a mantener a flote al pa\u00eds en momentos, por decir lo menos, complicados. Para responder este cuestionamiento, nada m\u00e1s oportuno que el reporte sobre el manejo de las finanzas p\u00fablicas al primer trimestre de este a\u00f1o, que publica la Secretar\u00eda de Hacienda. De entrada, los resultados no son alentadores, pues&hellip;\" \/>\n<meta property=\"og:url\" content=\"https:\/\/expressometro.mx\/index.php\/2025\/03\/12\/ahora-si-llego-la-austeridad-republicana\/\" \/>\n<meta property=\"og:site_name\" content=\"Expresso Metropolitano\" \/>\n<meta property=\"article:published_time\" content=\"2025-03-12T23:23:24+00:00\" \/>\n<meta property=\"article:modified_time\" content=\"2025-06-20T23:24:06+00:00\" \/>\n<meta name=\"author\" content=\"Cecilia Vega\" \/>\n<meta name=\"twitter:label1\" content=\"Escrito por\" \/>\n\t<meta name=\"twitter:data1\" content=\"Cecilia Vega\" \/>\n\t<meta name=\"twitter:label2\" content=\"Tiempo de lectura\" \/>\n\t<meta name=\"twitter:data2\" content=\"2 minutos\" \/>\n<script type=\"application\/ld+json\" class=\"yoast-schema-graph\">{\"@context\":\"https:\\\/\\\/schema.org\",\"@graph\":[{\"@type\":\"Article\",\"@id\":\"https:\\\/\\\/expressometro.mx\\\/index.php\\\/2025\\\/03\\\/12\\\/ahora-si-llego-la-austeridad-republicana\\\/#article\",\"isPartOf\":{\"@id\":\"https:\\\/\\\/expressometro.mx\\\/index.php\\\/2025\\\/03\\\/12\\\/ahora-si-llego-la-austeridad-republicana\\\/\"},\"author\":{\"name\":\"Cecilia Vega\",\"@id\":\"https:\\\/\\\/expressometro.mx\\\/#\\\/schema\\\/person\\\/67a95b8e3862085c7598f66237488f1f\"},\"headline\":\"Ahora s\u00ed lleg\u00f3 la austeridad republicana\",\"datePublished\":\"2025-03-12T23:23:24+00:00\",\"dateModified\":\"2025-06-20T23:24:06+00:00\",\"mainEntityOfPage\":{\"@id\":\"https:\\\/\\\/expressometro.mx\\\/index.php\\\/2025\\\/03\\\/12\\\/ahora-si-llego-la-austeridad-republicana\\\/\"},\"wordCount\":277,\"commentCount\":0,\"publisher\":{\"@id\":\"https:\\\/\\\/expressometro.mx\\\/#organization\"},\"articleSection\":[\"Otros\"],\"inLanguage\":\"es\",\"potentialAction\":[{\"@type\":\"CommentAction\",\"name\":\"Comment\",\"target\":[\"https:\\\/\\\/expressometro.mx\\\/index.php\\\/2025\\\/03\\\/12\\\/ahora-si-llego-la-austeridad-republicana\\\/#respond\"]}]},{\"@type\":\"WebPage\",\"@id\":\"https:\\\/\\\/expressometro.mx\\\/index.php\\\/2025\\\/03\\\/12\\\/ahora-si-llego-la-austeridad-republicana\\\/\",\"url\":\"https:\\\/\\\/expressometro.mx\\\/index.php\\\/2025\\\/03\\\/12\\\/ahora-si-llego-la-austeridad-republicana\\\/\",\"name\":\"Ahora s\u00ed lleg\u00f3 la austeridad republicana - Expresso Metropolitano\",\"isPartOf\":{\"@id\":\"https:\\\/\\\/expressometro.mx\\\/#website\"},\"datePublished\":\"2025-03-12T23:23:24+00:00\",\"dateModified\":\"2025-06-20T23:24:06+00:00\",\"breadcrumb\":{\"@id\":\"https:\\\/\\\/expressometro.mx\\\/index.php\\\/2025\\\/03\\\/12\\\/ahora-si-llego-la-austeridad-republicana\\\/#breadcrumb\"},\"inLanguage\":\"es\",\"potentialAction\":[{\"@type\":\"ReadAction\",\"target\":[\"https:\\\/\\\/expressometro.mx\\\/index.php\\\/2025\\\/03\\\/12\\\/ahora-si-llego-la-austeridad-republicana\\\/\"]}]},{\"@type\":\"BreadcrumbList\",\"@id\":\"https:\\\/\\\/expressometro.mx\\\/index.php\\\/2025\\\/03\\\/12\\\/ahora-si-llego-la-austeridad-republicana\\\/#breadcrumb\",\"itemListElement\":[{\"@type\":\"ListItem\",\"position\":1,\"name\":\"Inicio\",\"item\":\"https:\\\/\\\/expressometro.mx\\\/\"},{\"@type\":\"ListItem\",\"position\":2,\"name\":\"Ahora s\u00ed lleg\u00f3 la austeridad republicana\"}]},{\"@type\":\"WebSite\",\"@id\":\"https:\\\/\\\/expressometro.mx\\\/#website\",\"url\":\"https:\\\/\\\/expressometro.mx\\\/\",\"name\":\"Expresso Metropolitano\",\"description\":\"Periodismo comprometido, informaci\u00f3n, investigaci\u00f3n y an\u00e1lisis\",\"publisher\":{\"@id\":\"https:\\\/\\\/expressometro.mx\\\/#organization\"},\"potentialAction\":[{\"@type\":\"SearchAction\",\"target\":{\"@type\":\"EntryPoint\",\"urlTemplate\":\"https:\\\/\\\/expressometro.mx\\\/?s={search_term_string}\"},\"query-input\":{\"@type\":\"PropertyValueSpecification\",\"valueRequired\":true,\"valueName\":\"search_term_string\"}}],\"inLanguage\":\"es\"},{\"@type\":\"Organization\",\"@id\":\"https:\\\/\\\/expressometro.mx\\\/#organization\",\"name\":\"Expresso Metropolitano\",\"url\":\"https:\\\/\\\/expressometro.mx\\\/\",\"logo\":{\"@type\":\"ImageObject\",\"inLanguage\":\"es\",\"@id\":\"https:\\\/\\\/expressometro.mx\\\/#\\\/schema\\\/logo\\\/image\\\/\",\"url\":\"https:\\\/\\\/expressometro.mx\\\/wp-content\\\/uploads\\\/2019\\\/07\\\/cropped-Logo-Expresso-Metropolitano-1-1.jpeg\",\"contentUrl\":\"https:\\\/\\\/expressometro.mx\\\/wp-content\\\/uploads\\\/2019\\\/07\\\/cropped-Logo-Expresso-Metropolitano-1-1.jpeg\",\"width\":290,\"height\":73,\"caption\":\"Expresso Metropolitano\"},\"image\":{\"@id\":\"https:\\\/\\\/expressometro.mx\\\/#\\\/schema\\\/logo\\\/image\\\/\"}},{\"@type\":\"Person\",\"@id\":\"https:\\\/\\\/expressometro.mx\\\/#\\\/schema\\\/person\\\/67a95b8e3862085c7598f66237488f1f\",\"name\":\"Cecilia Vega\",\"image\":{\"@type\":\"ImageObject\",\"inLanguage\":\"es\",\"@id\":\"https:\\\/\\\/secure.gravatar.com\\\/avatar\\\/13aae9944ab2ee472a9e407c9487fdbd03b049abaa559af32fe5dbcf615c981b?s=96&d=mm&r=g\",\"url\":\"https:\\\/\\\/secure.gravatar.com\\\/avatar\\\/13aae9944ab2ee472a9e407c9487fdbd03b049abaa559af32fe5dbcf615c981b?s=96&d=mm&r=g\",\"contentUrl\":\"https:\\\/\\\/secure.gravatar.com\\\/avatar\\\/13aae9944ab2ee472a9e407c9487fdbd03b049abaa559af32fe5dbcf615c981b?s=96&d=mm&r=g\",\"caption\":\"Cecilia Vega\"},\"url\":\"https:\\\/\\\/expressometro.mx\\\/index.php\\\/author\\\/cecilia-vega\\\/\"}]}<\/script>\n<!-- \/ Yoast SEO plugin. -->","yoast_head_json":{"title":"Ahora s\u00ed lleg\u00f3 la austeridad republicana - Expresso Metropolitano","robots":{"index":"index","follow":"follow","max-snippet":"max-snippet:-1","max-image-preview":"max-image-preview:large","max-video-preview":"max-video-preview:-1"},"canonical":"https:\/\/expressometro.mx\/index.php\/2025\/03\/12\/ahora-si-llego-la-austeridad-republicana\/","og_locale":"es_MX","og_type":"article","og_title":"Ahora s\u00ed lleg\u00f3 la austeridad republicana - Expresso Metropolitano","og_description":"Situados en un contexto complejo pintado de incertidumbre comercial, y con una econom\u00eda d\u00e9bil, es m\u00e1s que necesario preguntarnos en qu\u00e9 est\u00e1 gastando el gobierno de la presidenta Claudia Sheinbaum, pues durante el sexenio pasado, la inversi\u00f3n en infraestructura ayud\u00f3 a mantener a flote al pa\u00eds en momentos, por decir lo menos, complicados. Para responder este cuestionamiento, nada m\u00e1s oportuno que el reporte sobre el manejo de las finanzas p\u00fablicas al primer trimestre de este a\u00f1o, que publica la Secretar\u00eda de Hacienda. De entrada, los resultados no son alentadores, pues&hellip;","og_url":"https:\/\/expressometro.mx\/index.php\/2025\/03\/12\/ahora-si-llego-la-austeridad-republicana\/","og_site_name":"Expresso Metropolitano","article_published_time":"2025-03-12T23:23:24+00:00","article_modified_time":"2025-06-20T23:24:06+00:00","author":"Cecilia Vega","twitter_misc":{"Escrito por":"Cecilia Vega","Tiempo de lectura":"2 minutos"},"schema":{"@context":"https:\/\/schema.org","@graph":[{"@type":"Article","@id":"https:\/\/expressometro.mx\/index.php\/2025\/03\/12\/ahora-si-llego-la-austeridad-republicana\/#article","isPartOf":{"@id":"https:\/\/expressometro.mx\/index.php\/2025\/03\/12\/ahora-si-llego-la-austeridad-republicana\/"},"author":{"name":"Cecilia Vega","@id":"https:\/\/expressometro.mx\/#\/schema\/person\/67a95b8e3862085c7598f66237488f1f"},"headline":"Ahora s\u00ed lleg\u00f3 la austeridad republicana","datePublished":"2025-03-12T23:23:24+00:00","dateModified":"2025-06-20T23:24:06+00:00","mainEntityOfPage":{"@id":"https:\/\/expressometro.mx\/index.php\/2025\/03\/12\/ahora-si-llego-la-austeridad-republicana\/"},"wordCount":277,"commentCount":0,"publisher":{"@id":"https:\/\/expressometro.mx\/#organization"},"articleSection":["Otros"],"inLanguage":"es","potentialAction":[{"@type":"CommentAction","name":"Comment","target":["https:\/\/expressometro.mx\/index.php\/2025\/03\/12\/ahora-si-llego-la-austeridad-republicana\/#respond"]}]},{"@type":"WebPage","@id":"https:\/\/expressometro.mx\/index.php\/2025\/03\/12\/ahora-si-llego-la-austeridad-republicana\/","url":"https:\/\/expressometro.mx\/index.php\/2025\/03\/12\/ahora-si-llego-la-austeridad-republicana\/","name":"Ahora s\u00ed lleg\u00f3 la austeridad republicana - Expresso Metropolitano","isPartOf":{"@id":"https:\/\/expressometro.mx\/#website"},"datePublished":"2025-03-12T23:23:24+00:00","dateModified":"2025-06-20T23:24:06+00:00","breadcrumb":{"@id":"https:\/\/expressometro.mx\/index.php\/2025\/03\/12\/ahora-si-llego-la-austeridad-republicana\/#breadcrumb"},"inLanguage":"es","potentialAction":[{"@type":"ReadAction","target":["https:\/\/expressometro.mx\/index.php\/2025\/03\/12\/ahora-si-llego-la-austeridad-republicana\/"]}]},{"@type":"BreadcrumbList","@id":"https:\/\/expressometro.mx\/index.php\/2025\/03\/12\/ahora-si-llego-la-austeridad-republicana\/#breadcrumb","itemListElement":[{"@type":"ListItem","position":1,"name":"Inicio","item":"https:\/\/expressometro.mx\/"},{"@type":"ListItem","position":2,"name":"Ahora s\u00ed lleg\u00f3 la austeridad republicana"}]},{"@type":"WebSite","@id":"https:\/\/expressometro.mx\/#website","url":"https:\/\/expressometro.mx\/","name":"Expresso Metropolitano","description":"Periodismo comprometido, informaci\u00f3n, investigaci\u00f3n y an\u00e1lisis","publisher":{"@id":"https:\/\/expressometro.mx\/#organization"},"potentialAction":[{"@type":"SearchAction","target":{"@type":"EntryPoint","urlTemplate":"https:\/\/expressometro.mx\/?s={search_term_string}"},"query-input":{"@type":"PropertyValueSpecification","valueRequired":true,"valueName":"search_term_string"}}],"inLanguage":"es"},{"@type":"Organization","@id":"https:\/\/expressometro.mx\/#organization","name":"Expresso Metropolitano","url":"https:\/\/expressometro.mx\/","logo":{"@type":"ImageObject","inLanguage":"es","@id":"https:\/\/expressometro.mx\/#\/schema\/logo\/image\/","url":"https:\/\/expressometro.mx\/wp-content\/uploads\/2019\/07\/cropped-Logo-Expresso-Metropolitano-1-1.jpeg","contentUrl":"https:\/\/expressometro.mx\/wp-content\/uploads\/2019\/07\/cropped-Logo-Expresso-Metropolitano-1-1.jpeg","width":290,"height":73,"caption":"Expresso Metropolitano"},"image":{"@id":"https:\/\/expressometro.mx\/#\/schema\/logo\/image\/"}},{"@type":"Person","@id":"https:\/\/expressometro.mx\/#\/schema\/person\/67a95b8e3862085c7598f66237488f1f","name":"Cecilia Vega","image":{"@type":"ImageObject","inLanguage":"es","@id":"https:\/\/secure.gravatar.com\/avatar\/13aae9944ab2ee472a9e407c9487fdbd03b049abaa559af32fe5dbcf615c981b?s=96&d=mm&r=g","url":"https:\/\/secure.gravatar.com\/avatar\/13aae9944ab2ee472a9e407c9487fdbd03b049abaa559af32fe5dbcf615c981b?s=96&d=mm&r=g","contentUrl":"https:\/\/secure.gravatar.com\/avatar\/13aae9944ab2ee472a9e407c9487fdbd03b049abaa559af32fe5dbcf615c981b?s=96&d=mm&r=g","caption":"Cecilia Vega"},"url":"https:\/\/expressometro.mx\/index.php\/author\/cecilia-vega\/"}]}},"amp_enabled":true,"_links":{"self":[{"href":"https:\/\/expressometro.mx\/index.php\/wp-json\/wp\/v2\/posts\/11492","targetHints":{"allow":["GET"]}}],"collection":[{"href":"https:\/\/expressometro.mx\/index.php\/wp-json\/wp\/v2\/posts"}],"about":[{"href":"https:\/\/expressometro.mx\/index.php\/wp-json\/wp\/v2\/types\/post"}],"author":[{"embeddable":true,"href":"https:\/\/expressometro.mx\/index.php\/wp-json\/wp\/v2\/users\/2"}],"replies":[{"embeddable":true,"href":"https:\/\/expressometro.mx\/index.php\/wp-json\/wp\/v2\/comments?post=11492"}],"version-history":[{"count":1,"href":"https:\/\/expressometro.mx\/index.php\/wp-json\/wp\/v2\/posts\/11492\/revisions"}],"predecessor-version":[{"id":11493,"href":"https:\/\/expressometro.mx\/index.php\/wp-json\/wp\/v2\/posts\/11492\/revisions\/11493"}],"wp:attachment":[{"href":"https:\/\/expressometro.mx\/index.php\/wp-json\/wp\/v2\/media?parent=11492"}],"wp:term":[{"taxonomy":"category","embeddable":true,"href":"https:\/\/expressometro.mx\/index.php\/wp-json\/wp\/v2\/categories?post=11492"},{"taxonomy":"post_tag","embeddable":true,"href":"https:\/\/expressometro.mx\/index.php\/wp-json\/wp\/v2\/tags?post=11492"}],"curies":[{"name":"wp","href":"https:\/\/api.w.org\/{rel}","templated":true}]}}