{"id":11489,"date":"2025-05-29T17:19:11","date_gmt":"2025-05-29T23:19:11","guid":{"rendered":"https:\/\/expressometro.mx\/?p=11489"},"modified":"2025-06-20T17:19:44","modified_gmt":"2025-06-20T23:19:44","slug":"advierten-riesgos-de-regularizar-la-ocupacion-de-casas-de-infonavit","status":"publish","type":"post","link":"https:\/\/expressometro.mx\/index.php\/2025\/05\/29\/advierten-riesgos-de-regularizar-la-ocupacion-de-casas-de-infonavit\/","title":{"rendered":"Advierten riesgos de regularizar la ocupaci\u00f3n de casas de INFONAVIT"},"content":{"rendered":"\n<p><\/p>\n\n\n\n<p>Claudio Antonio Granados Mac\u00edas, profesor investigador del Departamento de Derecho de la Universidad Aut\u00f3noma de Aguascalientes (UAA), analiz\u00f3 los alcances y riesgos de la reciente propuesta para regularizar la ocupaci\u00f3n an\u00f3mala de viviendas abandonadas en M\u00e9xico, particularmente aquellas bajo el esquema del Instituto del Fondo Nacional de la Vivienda para los Trabajadores (Infonavit).<\/p>\n\n\n\n<p>El acad\u00e9mico advirti\u00f3 que, si bien el n\u00famero de viviendas abandonadas en el pa\u00eds es considerable, no todas pertenecen al Infonavit, ya que existen m\u00faltiples esquemas de financiamiento habitacional en condiciones similares: \u201cEste organismo propone regularizar a quienes habitan viviendas que no les pertenecen. Entiendo que son casas en proceso de recuperaci\u00f3n por parte del instituto, debido al incumplimiento de los propietarios originales\u201d, explic\u00f3.<\/p>\n\n\n\n<p>No obstante, subray\u00f3 que antes de pensar en mecanismos de regularizaci\u00f3n es fundamental entender por qu\u00e9 se dio el abandono: \u201cMuchas de estas viviendas est\u00e1n en zonas alejadas de los centros urbanos, sin acceso adecuado a servicios p\u00fablicos, con problemas de seguridad y, en algunos casos, ubicadas en fraccionamientos en condiciones irregulares. Esas son causas estructurales que deben atenderse\u201d, enfatiz\u00f3.<\/p>\n\n\n\n<p>\u2018Te puede interesar Ruta Latinoamericana de Poetas llega a Aguascalientes con enfoque social y ambiental\u2018<\/p>\n\n\n\n<p>Granados Mac\u00edas se\u00f1al\u00f3 que la propuesta de arrendar o vender las viviendas ocupadas a bajo costo podr\u00eda tener consecuencias no deseadas: \u201cVeo muy dif\u00edcil que ese esquema resuelva el fondo del problema. Podr\u00eda incluso incentivar a que otros acreditados en situaciones complicadas opten por dejar de pagar, esperando un trato similar\u201d, coment\u00f3.<\/p>\n","protected":false},"excerpt":{"rendered":"<p>Claudio Antonio Granados Mac\u00edas, profesor investigador del Departamento de Derecho de la Universidad Aut\u00f3noma de Aguascalientes (UAA), analiz\u00f3 los alcances y riesgos de la reciente propuesta para regularizar la ocupaci\u00f3n an\u00f3mala de viviendas abandonadas en M\u00e9xico, particularmente aquellas bajo el esquema del Instituto del Fondo Nacional de la Vivienda para los Trabajadores (Infonavit). El acad\u00e9mico advirti\u00f3 que, si bien el n\u00famero de viviendas abandonadas en el pa\u00eds es considerable, no todas pertenecen al Infonavit, ya que existen m\u00faltiples esquemas de financiamiento habitacional en condiciones similares: \u201cEste organismo propone regularizar a&hellip;<\/p>\n","protected":false},"author":2,"featured_media":0,"comment_status":"open","ping_status":"open","sticky":false,"template":"","format":"standard","meta":{"footnotes":""},"categories":[1],"tags":[],"class_list":["post-11489","post","type-post","status-publish","format-standard","hentry","category-otros"],"yoast_head":"<!-- This site is optimized with the Yoast SEO plugin v27.4 - https:\/\/yoast.com\/product\/yoast-seo-wordpress\/ -->\n<title>Advierten riesgos de regularizar la ocupaci\u00f3n de casas de INFONAVIT - Expresso Metropolitano<\/title>\n<meta name=\"robots\" content=\"index, follow, max-snippet:-1, max-image-preview:large, max-video-preview:-1\" \/>\n<link rel=\"canonical\" href=\"https:\/\/expressometro.mx\/index.php\/2025\/05\/29\/advierten-riesgos-de-regularizar-la-ocupacion-de-casas-de-infonavit\/\" \/>\n<meta property=\"og:locale\" content=\"es_MX\" \/>\n<meta property=\"og:type\" content=\"article\" \/>\n<meta property=\"og:title\" content=\"Advierten riesgos de regularizar la ocupaci\u00f3n de casas de INFONAVIT - Expresso Metropolitano\" \/>\n<meta property=\"og:description\" content=\"Claudio Antonio Granados Mac\u00edas, profesor investigador del Departamento de Derecho de la Universidad Aut\u00f3noma de Aguascalientes (UAA), analiz\u00f3 los alcances y riesgos de la reciente propuesta para regularizar la ocupaci\u00f3n an\u00f3mala de viviendas abandonadas en M\u00e9xico, particularmente aquellas bajo el esquema del Instituto del Fondo Nacional de la Vivienda para los Trabajadores (Infonavit). El acad\u00e9mico advirti\u00f3 que, si bien el n\u00famero de viviendas abandonadas en el pa\u00eds es considerable, no todas pertenecen al Infonavit, ya que existen m\u00faltiples esquemas de financiamiento habitacional en condiciones similares: \u201cEste organismo propone regularizar a&hellip;\" \/>\n<meta property=\"og:url\" content=\"https:\/\/expressometro.mx\/index.php\/2025\/05\/29\/advierten-riesgos-de-regularizar-la-ocupacion-de-casas-de-infonavit\/\" \/>\n<meta property=\"og:site_name\" content=\"Expresso Metropolitano\" \/>\n<meta property=\"article:published_time\" content=\"2025-05-29T23:19:11+00:00\" \/>\n<meta property=\"article:modified_time\" content=\"2025-06-20T23:19:44+00:00\" \/>\n<meta name=\"author\" content=\"Cecilia Vega\" \/>\n<meta name=\"twitter:label1\" content=\"Escrito por\" \/>\n\t<meta name=\"twitter:data1\" content=\"Cecilia Vega\" \/>\n\t<meta name=\"twitter:label2\" content=\"Tiempo de lectura\" \/>\n\t<meta name=\"twitter:data2\" content=\"2 minutos\" \/>\n<script type=\"application\/ld+json\" class=\"yoast-schema-graph\">{\"@context\":\"https:\\\/\\\/schema.org\",\"@graph\":[{\"@type\":\"Article\",\"@id\":\"https:\\\/\\\/expressometro.mx\\\/index.php\\\/2025\\\/05\\\/29\\\/advierten-riesgos-de-regularizar-la-ocupacion-de-casas-de-infonavit\\\/#article\",\"isPartOf\":{\"@id\":\"https:\\\/\\\/expressometro.mx\\\/index.php\\\/2025\\\/05\\\/29\\\/advierten-riesgos-de-regularizar-la-ocupacion-de-casas-de-infonavit\\\/\"},\"author\":{\"name\":\"Cecilia Vega\",\"@id\":\"https:\\\/\\\/expressometro.mx\\\/#\\\/schema\\\/person\\\/67a95b8e3862085c7598f66237488f1f\"},\"headline\":\"Advierten riesgos de regularizar la ocupaci\u00f3n de casas de INFONAVIT\",\"datePublished\":\"2025-05-29T23:19:11+00:00\",\"dateModified\":\"2025-06-20T23:19:44+00:00\",\"mainEntityOfPage\":{\"@id\":\"https:\\\/\\\/expressometro.mx\\\/index.php\\\/2025\\\/05\\\/29\\\/advierten-riesgos-de-regularizar-la-ocupacion-de-casas-de-infonavit\\\/\"},\"wordCount\":273,\"commentCount\":0,\"publisher\":{\"@id\":\"https:\\\/\\\/expressometro.mx\\\/#organization\"},\"articleSection\":[\"Otros\"],\"inLanguage\":\"es\",\"potentialAction\":[{\"@type\":\"CommentAction\",\"name\":\"Comment\",\"target\":[\"https:\\\/\\\/expressometro.mx\\\/index.php\\\/2025\\\/05\\\/29\\\/advierten-riesgos-de-regularizar-la-ocupacion-de-casas-de-infonavit\\\/#respond\"]}]},{\"@type\":\"WebPage\",\"@id\":\"https:\\\/\\\/expressometro.mx\\\/index.php\\\/2025\\\/05\\\/29\\\/advierten-riesgos-de-regularizar-la-ocupacion-de-casas-de-infonavit\\\/\",\"url\":\"https:\\\/\\\/expressometro.mx\\\/index.php\\\/2025\\\/05\\\/29\\\/advierten-riesgos-de-regularizar-la-ocupacion-de-casas-de-infonavit\\\/\",\"name\":\"Advierten riesgos de regularizar la ocupaci\u00f3n de casas de INFONAVIT - Expresso Metropolitano\",\"isPartOf\":{\"@id\":\"https:\\\/\\\/expressometro.mx\\\/#website\"},\"datePublished\":\"2025-05-29T23:19:11+00:00\",\"dateModified\":\"2025-06-20T23:19:44+00:00\",\"breadcrumb\":{\"@id\":\"https:\\\/\\\/expressometro.mx\\\/index.php\\\/2025\\\/05\\\/29\\\/advierten-riesgos-de-regularizar-la-ocupacion-de-casas-de-infonavit\\\/#breadcrumb\"},\"inLanguage\":\"es\",\"potentialAction\":[{\"@type\":\"ReadAction\",\"target\":[\"https:\\\/\\\/expressometro.mx\\\/index.php\\\/2025\\\/05\\\/29\\\/advierten-riesgos-de-regularizar-la-ocupacion-de-casas-de-infonavit\\\/\"]}]},{\"@type\":\"BreadcrumbList\",\"@id\":\"https:\\\/\\\/expressometro.mx\\\/index.php\\\/2025\\\/05\\\/29\\\/advierten-riesgos-de-regularizar-la-ocupacion-de-casas-de-infonavit\\\/#breadcrumb\",\"itemListElement\":[{\"@type\":\"ListItem\",\"position\":1,\"name\":\"Inicio\",\"item\":\"https:\\\/\\\/expressometro.mx\\\/\"},{\"@type\":\"ListItem\",\"position\":2,\"name\":\"Advierten riesgos de regularizar la ocupaci\u00f3n de casas de INFONAVIT\"}]},{\"@type\":\"WebSite\",\"@id\":\"https:\\\/\\\/expressometro.mx\\\/#website\",\"url\":\"https:\\\/\\\/expressometro.mx\\\/\",\"name\":\"Expresso Metropolitano\",\"description\":\"Periodismo comprometido, informaci\u00f3n, investigaci\u00f3n y an\u00e1lisis\",\"publisher\":{\"@id\":\"https:\\\/\\\/expressometro.mx\\\/#organization\"},\"potentialAction\":[{\"@type\":\"SearchAction\",\"target\":{\"@type\":\"EntryPoint\",\"urlTemplate\":\"https:\\\/\\\/expressometro.mx\\\/?s={search_term_string}\"},\"query-input\":{\"@type\":\"PropertyValueSpecification\",\"valueRequired\":true,\"valueName\":\"search_term_string\"}}],\"inLanguage\":\"es\"},{\"@type\":\"Organization\",\"@id\":\"https:\\\/\\\/expressometro.mx\\\/#organization\",\"name\":\"Expresso Metropolitano\",\"url\":\"https:\\\/\\\/expressometro.mx\\\/\",\"logo\":{\"@type\":\"ImageObject\",\"inLanguage\":\"es\",\"@id\":\"https:\\\/\\\/expressometro.mx\\\/#\\\/schema\\\/logo\\\/image\\\/\",\"url\":\"https:\\\/\\\/expressometro.mx\\\/wp-content\\\/uploads\\\/2019\\\/07\\\/cropped-Logo-Expresso-Metropolitano-1-1.jpeg\",\"contentUrl\":\"https:\\\/\\\/expressometro.mx\\\/wp-content\\\/uploads\\\/2019\\\/07\\\/cropped-Logo-Expresso-Metropolitano-1-1.jpeg\",\"width\":290,\"height\":73,\"caption\":\"Expresso Metropolitano\"},\"image\":{\"@id\":\"https:\\\/\\\/expressometro.mx\\\/#\\\/schema\\\/logo\\\/image\\\/\"}},{\"@type\":\"Person\",\"@id\":\"https:\\\/\\\/expressometro.mx\\\/#\\\/schema\\\/person\\\/67a95b8e3862085c7598f66237488f1f\",\"name\":\"Cecilia Vega\",\"image\":{\"@type\":\"ImageObject\",\"inLanguage\":\"es\",\"@id\":\"https:\\\/\\\/secure.gravatar.com\\\/avatar\\\/13aae9944ab2ee472a9e407c9487fdbd03b049abaa559af32fe5dbcf615c981b?s=96&d=mm&r=g\",\"url\":\"https:\\\/\\\/secure.gravatar.com\\\/avatar\\\/13aae9944ab2ee472a9e407c9487fdbd03b049abaa559af32fe5dbcf615c981b?s=96&d=mm&r=g\",\"contentUrl\":\"https:\\\/\\\/secure.gravatar.com\\\/avatar\\\/13aae9944ab2ee472a9e407c9487fdbd03b049abaa559af32fe5dbcf615c981b?s=96&d=mm&r=g\",\"caption\":\"Cecilia Vega\"},\"url\":\"https:\\\/\\\/expressometro.mx\\\/index.php\\\/author\\\/cecilia-vega\\\/\"}]}<\/script>\n<!-- \/ Yoast SEO plugin. -->","yoast_head_json":{"title":"Advierten riesgos de regularizar la ocupaci\u00f3n de casas de INFONAVIT - Expresso Metropolitano","robots":{"index":"index","follow":"follow","max-snippet":"max-snippet:-1","max-image-preview":"max-image-preview:large","max-video-preview":"max-video-preview:-1"},"canonical":"https:\/\/expressometro.mx\/index.php\/2025\/05\/29\/advierten-riesgos-de-regularizar-la-ocupacion-de-casas-de-infonavit\/","og_locale":"es_MX","og_type":"article","og_title":"Advierten riesgos de regularizar la ocupaci\u00f3n de casas de INFONAVIT - Expresso Metropolitano","og_description":"Claudio Antonio Granados Mac\u00edas, profesor investigador del Departamento de Derecho de la Universidad Aut\u00f3noma de Aguascalientes (UAA), analiz\u00f3 los alcances y riesgos de la reciente propuesta para regularizar la ocupaci\u00f3n an\u00f3mala de viviendas abandonadas en M\u00e9xico, particularmente aquellas bajo el esquema del Instituto del Fondo Nacional de la Vivienda para los Trabajadores (Infonavit). El acad\u00e9mico advirti\u00f3 que, si bien el n\u00famero de viviendas abandonadas en el pa\u00eds es considerable, no todas pertenecen al Infonavit, ya que existen m\u00faltiples esquemas de financiamiento habitacional en condiciones similares: \u201cEste organismo propone regularizar a&hellip;","og_url":"https:\/\/expressometro.mx\/index.php\/2025\/05\/29\/advierten-riesgos-de-regularizar-la-ocupacion-de-casas-de-infonavit\/","og_site_name":"Expresso Metropolitano","article_published_time":"2025-05-29T23:19:11+00:00","article_modified_time":"2025-06-20T23:19:44+00:00","author":"Cecilia Vega","twitter_misc":{"Escrito por":"Cecilia Vega","Tiempo de lectura":"2 minutos"},"schema":{"@context":"https:\/\/schema.org","@graph":[{"@type":"Article","@id":"https:\/\/expressometro.mx\/index.php\/2025\/05\/29\/advierten-riesgos-de-regularizar-la-ocupacion-de-casas-de-infonavit\/#article","isPartOf":{"@id":"https:\/\/expressometro.mx\/index.php\/2025\/05\/29\/advierten-riesgos-de-regularizar-la-ocupacion-de-casas-de-infonavit\/"},"author":{"name":"Cecilia Vega","@id":"https:\/\/expressometro.mx\/#\/schema\/person\/67a95b8e3862085c7598f66237488f1f"},"headline":"Advierten riesgos de regularizar la ocupaci\u00f3n de casas de INFONAVIT","datePublished":"2025-05-29T23:19:11+00:00","dateModified":"2025-06-20T23:19:44+00:00","mainEntityOfPage":{"@id":"https:\/\/expressometro.mx\/index.php\/2025\/05\/29\/advierten-riesgos-de-regularizar-la-ocupacion-de-casas-de-infonavit\/"},"wordCount":273,"commentCount":0,"publisher":{"@id":"https:\/\/expressometro.mx\/#organization"},"articleSection":["Otros"],"inLanguage":"es","potentialAction":[{"@type":"CommentAction","name":"Comment","target":["https:\/\/expressometro.mx\/index.php\/2025\/05\/29\/advierten-riesgos-de-regularizar-la-ocupacion-de-casas-de-infonavit\/#respond"]}]},{"@type":"WebPage","@id":"https:\/\/expressometro.mx\/index.php\/2025\/05\/29\/advierten-riesgos-de-regularizar-la-ocupacion-de-casas-de-infonavit\/","url":"https:\/\/expressometro.mx\/index.php\/2025\/05\/29\/advierten-riesgos-de-regularizar-la-ocupacion-de-casas-de-infonavit\/","name":"Advierten riesgos de regularizar la ocupaci\u00f3n de casas de INFONAVIT - Expresso Metropolitano","isPartOf":{"@id":"https:\/\/expressometro.mx\/#website"},"datePublished":"2025-05-29T23:19:11+00:00","dateModified":"2025-06-20T23:19:44+00:00","breadcrumb":{"@id":"https:\/\/expressometro.mx\/index.php\/2025\/05\/29\/advierten-riesgos-de-regularizar-la-ocupacion-de-casas-de-infonavit\/#breadcrumb"},"inLanguage":"es","potentialAction":[{"@type":"ReadAction","target":["https:\/\/expressometro.mx\/index.php\/2025\/05\/29\/advierten-riesgos-de-regularizar-la-ocupacion-de-casas-de-infonavit\/"]}]},{"@type":"BreadcrumbList","@id":"https:\/\/expressometro.mx\/index.php\/2025\/05\/29\/advierten-riesgos-de-regularizar-la-ocupacion-de-casas-de-infonavit\/#breadcrumb","itemListElement":[{"@type":"ListItem","position":1,"name":"Inicio","item":"https:\/\/expressometro.mx\/"},{"@type":"ListItem","position":2,"name":"Advierten riesgos de regularizar la ocupaci\u00f3n de casas de INFONAVIT"}]},{"@type":"WebSite","@id":"https:\/\/expressometro.mx\/#website","url":"https:\/\/expressometro.mx\/","name":"Expresso Metropolitano","description":"Periodismo comprometido, informaci\u00f3n, investigaci\u00f3n y an\u00e1lisis","publisher":{"@id":"https:\/\/expressometro.mx\/#organization"},"potentialAction":[{"@type":"SearchAction","target":{"@type":"EntryPoint","urlTemplate":"https:\/\/expressometro.mx\/?s={search_term_string}"},"query-input":{"@type":"PropertyValueSpecification","valueRequired":true,"valueName":"search_term_string"}}],"inLanguage":"es"},{"@type":"Organization","@id":"https:\/\/expressometro.mx\/#organization","name":"Expresso Metropolitano","url":"https:\/\/expressometro.mx\/","logo":{"@type":"ImageObject","inLanguage":"es","@id":"https:\/\/expressometro.mx\/#\/schema\/logo\/image\/","url":"https:\/\/expressometro.mx\/wp-content\/uploads\/2019\/07\/cropped-Logo-Expresso-Metropolitano-1-1.jpeg","contentUrl":"https:\/\/expressometro.mx\/wp-content\/uploads\/2019\/07\/cropped-Logo-Expresso-Metropolitano-1-1.jpeg","width":290,"height":73,"caption":"Expresso Metropolitano"},"image":{"@id":"https:\/\/expressometro.mx\/#\/schema\/logo\/image\/"}},{"@type":"Person","@id":"https:\/\/expressometro.mx\/#\/schema\/person\/67a95b8e3862085c7598f66237488f1f","name":"Cecilia Vega","image":{"@type":"ImageObject","inLanguage":"es","@id":"https:\/\/secure.gravatar.com\/avatar\/13aae9944ab2ee472a9e407c9487fdbd03b049abaa559af32fe5dbcf615c981b?s=96&d=mm&r=g","url":"https:\/\/secure.gravatar.com\/avatar\/13aae9944ab2ee472a9e407c9487fdbd03b049abaa559af32fe5dbcf615c981b?s=96&d=mm&r=g","contentUrl":"https:\/\/secure.gravatar.com\/avatar\/13aae9944ab2ee472a9e407c9487fdbd03b049abaa559af32fe5dbcf615c981b?s=96&d=mm&r=g","caption":"Cecilia Vega"},"url":"https:\/\/expressometro.mx\/index.php\/author\/cecilia-vega\/"}]}},"amp_enabled":true,"_links":{"self":[{"href":"https:\/\/expressometro.mx\/index.php\/wp-json\/wp\/v2\/posts\/11489","targetHints":{"allow":["GET"]}}],"collection":[{"href":"https:\/\/expressometro.mx\/index.php\/wp-json\/wp\/v2\/posts"}],"about":[{"href":"https:\/\/expressometro.mx\/index.php\/wp-json\/wp\/v2\/types\/post"}],"author":[{"embeddable":true,"href":"https:\/\/expressometro.mx\/index.php\/wp-json\/wp\/v2\/users\/2"}],"replies":[{"embeddable":true,"href":"https:\/\/expressometro.mx\/index.php\/wp-json\/wp\/v2\/comments?post=11489"}],"version-history":[{"count":1,"href":"https:\/\/expressometro.mx\/index.php\/wp-json\/wp\/v2\/posts\/11489\/revisions"}],"predecessor-version":[{"id":11490,"href":"https:\/\/expressometro.mx\/index.php\/wp-json\/wp\/v2\/posts\/11489\/revisions\/11490"}],"wp:attachment":[{"href":"https:\/\/expressometro.mx\/index.php\/wp-json\/wp\/v2\/media?parent=11489"}],"wp:term":[{"taxonomy":"category","embeddable":true,"href":"https:\/\/expressometro.mx\/index.php\/wp-json\/wp\/v2\/categories?post=11489"},{"taxonomy":"post_tag","embeddable":true,"href":"https:\/\/expressometro.mx\/index.php\/wp-json\/wp\/v2\/tags?post=11489"}],"curies":[{"name":"wp","href":"https:\/\/api.w.org\/{rel}","templated":true}]}}