{"id":11459,"date":"2025-04-05T16:21:43","date_gmt":"2025-04-05T22:21:43","guid":{"rendered":"https:\/\/expressometro.mx\/?p=11459"},"modified":"2025-06-20T16:22:23","modified_gmt":"2025-06-20T22:22:23","slug":"promoviendo-la-actividad-fisica-en-el-dia-internacional-de-la-mujer","status":"publish","type":"post","link":"https:\/\/expressometro.mx\/index.php\/2025\/04\/05\/promoviendo-la-actividad-fisica-en-el-dia-internacional-de-la-mujer\/","title":{"rendered":"Promoviendo la actividad f\u00edsica en el D\u00eda Internacional de la Mujer"},"content":{"rendered":"\n<p><\/p>\n\n\n\n<p>&nbsp;\u00a1Es como volver a vivir! As\u00ed dice Yoenny Mayac\u00e9n Vel\u00e1zquez, una maratonista cubana de 45 a\u00f1os, cuando hace referencia a las oportunidades que tiene para seguir activa en el deporte a pesar de su edad: \u201cActualmente pertenezco al grupo m\u00e1ster, conformado por deportistas mayores de 35 a\u00f1os, que se est\u00e1 tratando de fortalecer en Cuba. Incluso, hay competencias internacionales para esta categor\u00eda en las que nos estamos insertando y representando a nuestro pa\u00eds\u201d.<\/p>\n\n\n\n<p>Yoenny fue la ganadora de una marat\u00f3n celebrada el pasado 8 de marzo en La Habana a prop\u00f3sito del D\u00eda Internacional de la Mujer. Organizada por el Instituto Nacional de Deportes, Educaci\u00f3n F\u00edsica y Recreaci\u00f3n (INDER), la iniciativa cont\u00f3 con el apoyo del Sistema de Naciones Unidas (SNU) en Cuba, que encontr\u00f3 en ese espacio una excelente oportunidad para reconocer a las mujeres y continuar promoviendo la actividad f\u00edsica en favor de la salud.<\/p>\n\n\n\n<p>En ese sentido, el SNU contribuy\u00f3 con la premiaci\u00f3n de las mujeres ganadoras. Roxana Gonz\u00e1lez, consultora de OPS\/OMS, fue la responsable de condecorar el primer lugar. Asimismo, esta agencia estuvo presente en la carrera popular, con la participaci\u00f3n de Miguel Gonz\u00e1lez, consultor Internacional para Enfermedades No Trasmisibles y Salud mental.<\/p>\n","protected":false},"excerpt":{"rendered":"<p>&nbsp;\u00a1Es como volver a vivir! As\u00ed dice Yoenny Mayac\u00e9n Vel\u00e1zquez, una maratonista cubana de 45 a\u00f1os, cuando hace referencia a las oportunidades que tiene para seguir activa en el deporte a pesar de su edad: \u201cActualmente pertenezco al grupo m\u00e1ster, conformado por deportistas mayores de 35 a\u00f1os, que se est\u00e1 tratando de fortalecer en Cuba. Incluso, hay competencias internacionales para esta categor\u00eda en las que nos estamos insertando y representando a nuestro pa\u00eds\u201d. Yoenny fue la ganadora de una marat\u00f3n celebrada el pasado 8 de marzo en La Habana a&hellip;<\/p>\n","protected":false},"author":2,"featured_media":0,"comment_status":"open","ping_status":"open","sticky":false,"template":"","format":"standard","meta":{"footnotes":""},"categories":[1],"tags":[],"class_list":["post-11459","post","type-post","status-publish","format-standard","hentry","category-otros"],"yoast_head":"<!-- This site is optimized with the Yoast SEO plugin v27.4 - https:\/\/yoast.com\/product\/yoast-seo-wordpress\/ -->\n<title>Promoviendo la actividad f\u00edsica en el D\u00eda Internacional de la Mujer - Expresso Metropolitano<\/title>\n<meta name=\"robots\" content=\"index, follow, max-snippet:-1, max-image-preview:large, max-video-preview:-1\" \/>\n<link rel=\"canonical\" href=\"https:\/\/expressometro.mx\/index.php\/2025\/04\/05\/promoviendo-la-actividad-fisica-en-el-dia-internacional-de-la-mujer\/\" \/>\n<meta property=\"og:locale\" content=\"es_MX\" \/>\n<meta property=\"og:type\" content=\"article\" \/>\n<meta property=\"og:title\" content=\"Promoviendo la actividad f\u00edsica en el D\u00eda Internacional de la Mujer - Expresso Metropolitano\" \/>\n<meta property=\"og:description\" content=\"&nbsp;\u00a1Es como volver a vivir! As\u00ed dice Yoenny Mayac\u00e9n Vel\u00e1zquez, una maratonista cubana de 45 a\u00f1os, cuando hace referencia a las oportunidades que tiene para seguir activa en el deporte a pesar de su edad: \u201cActualmente pertenezco al grupo m\u00e1ster, conformado por deportistas mayores de 35 a\u00f1os, que se est\u00e1 tratando de fortalecer en Cuba. Incluso, hay competencias internacionales para esta categor\u00eda en las que nos estamos insertando y representando a nuestro pa\u00eds\u201d. Yoenny fue la ganadora de una marat\u00f3n celebrada el pasado 8 de marzo en La Habana a&hellip;\" \/>\n<meta property=\"og:url\" content=\"https:\/\/expressometro.mx\/index.php\/2025\/04\/05\/promoviendo-la-actividad-fisica-en-el-dia-internacional-de-la-mujer\/\" \/>\n<meta property=\"og:site_name\" content=\"Expresso Metropolitano\" \/>\n<meta property=\"article:published_time\" content=\"2025-04-05T22:21:43+00:00\" \/>\n<meta property=\"article:modified_time\" content=\"2025-06-20T22:22:23+00:00\" \/>\n<meta name=\"author\" content=\"Cecilia Vega\" \/>\n<meta name=\"twitter:label1\" content=\"Escrito por\" \/>\n\t<meta name=\"twitter:data1\" content=\"Cecilia Vega\" \/>\n\t<meta name=\"twitter:label2\" content=\"Tiempo de lectura\" \/>\n\t<meta name=\"twitter:data2\" content=\"1 minuto\" \/>\n<script type=\"application\/ld+json\" class=\"yoast-schema-graph\">{\"@context\":\"https:\\\/\\\/schema.org\",\"@graph\":[{\"@type\":\"Article\",\"@id\":\"https:\\\/\\\/expressometro.mx\\\/index.php\\\/2025\\\/04\\\/05\\\/promoviendo-la-actividad-fisica-en-el-dia-internacional-de-la-mujer\\\/#article\",\"isPartOf\":{\"@id\":\"https:\\\/\\\/expressometro.mx\\\/index.php\\\/2025\\\/04\\\/05\\\/promoviendo-la-actividad-fisica-en-el-dia-internacional-de-la-mujer\\\/\"},\"author\":{\"name\":\"Cecilia Vega\",\"@id\":\"https:\\\/\\\/expressometro.mx\\\/#\\\/schema\\\/person\\\/67a95b8e3862085c7598f66237488f1f\"},\"headline\":\"Promoviendo la actividad f\u00edsica en el D\u00eda Internacional de la Mujer\",\"datePublished\":\"2025-04-05T22:21:43+00:00\",\"dateModified\":\"2025-06-20T22:22:23+00:00\",\"mainEntityOfPage\":{\"@id\":\"https:\\\/\\\/expressometro.mx\\\/index.php\\\/2025\\\/04\\\/05\\\/promoviendo-la-actividad-fisica-en-el-dia-internacional-de-la-mujer\\\/\"},\"wordCount\":227,\"commentCount\":0,\"publisher\":{\"@id\":\"https:\\\/\\\/expressometro.mx\\\/#organization\"},\"articleSection\":[\"Otros\"],\"inLanguage\":\"es\",\"potentialAction\":[{\"@type\":\"CommentAction\",\"name\":\"Comment\",\"target\":[\"https:\\\/\\\/expressometro.mx\\\/index.php\\\/2025\\\/04\\\/05\\\/promoviendo-la-actividad-fisica-en-el-dia-internacional-de-la-mujer\\\/#respond\"]}]},{\"@type\":\"WebPage\",\"@id\":\"https:\\\/\\\/expressometro.mx\\\/index.php\\\/2025\\\/04\\\/05\\\/promoviendo-la-actividad-fisica-en-el-dia-internacional-de-la-mujer\\\/\",\"url\":\"https:\\\/\\\/expressometro.mx\\\/index.php\\\/2025\\\/04\\\/05\\\/promoviendo-la-actividad-fisica-en-el-dia-internacional-de-la-mujer\\\/\",\"name\":\"Promoviendo la actividad f\u00edsica en el D\u00eda Internacional de la Mujer - Expresso Metropolitano\",\"isPartOf\":{\"@id\":\"https:\\\/\\\/expressometro.mx\\\/#website\"},\"datePublished\":\"2025-04-05T22:21:43+00:00\",\"dateModified\":\"2025-06-20T22:22:23+00:00\",\"breadcrumb\":{\"@id\":\"https:\\\/\\\/expressometro.mx\\\/index.php\\\/2025\\\/04\\\/05\\\/promoviendo-la-actividad-fisica-en-el-dia-internacional-de-la-mujer\\\/#breadcrumb\"},\"inLanguage\":\"es\",\"potentialAction\":[{\"@type\":\"ReadAction\",\"target\":[\"https:\\\/\\\/expressometro.mx\\\/index.php\\\/2025\\\/04\\\/05\\\/promoviendo-la-actividad-fisica-en-el-dia-internacional-de-la-mujer\\\/\"]}]},{\"@type\":\"BreadcrumbList\",\"@id\":\"https:\\\/\\\/expressometro.mx\\\/index.php\\\/2025\\\/04\\\/05\\\/promoviendo-la-actividad-fisica-en-el-dia-internacional-de-la-mujer\\\/#breadcrumb\",\"itemListElement\":[{\"@type\":\"ListItem\",\"position\":1,\"name\":\"Inicio\",\"item\":\"https:\\\/\\\/expressometro.mx\\\/\"},{\"@type\":\"ListItem\",\"position\":2,\"name\":\"Promoviendo la actividad f\u00edsica en el D\u00eda Internacional de la Mujer\"}]},{\"@type\":\"WebSite\",\"@id\":\"https:\\\/\\\/expressometro.mx\\\/#website\",\"url\":\"https:\\\/\\\/expressometro.mx\\\/\",\"name\":\"Expresso Metropolitano\",\"description\":\"Periodismo comprometido, informaci\u00f3n, investigaci\u00f3n y an\u00e1lisis\",\"publisher\":{\"@id\":\"https:\\\/\\\/expressometro.mx\\\/#organization\"},\"potentialAction\":[{\"@type\":\"SearchAction\",\"target\":{\"@type\":\"EntryPoint\",\"urlTemplate\":\"https:\\\/\\\/expressometro.mx\\\/?s={search_term_string}\"},\"query-input\":{\"@type\":\"PropertyValueSpecification\",\"valueRequired\":true,\"valueName\":\"search_term_string\"}}],\"inLanguage\":\"es\"},{\"@type\":\"Organization\",\"@id\":\"https:\\\/\\\/expressometro.mx\\\/#organization\",\"name\":\"Expresso Metropolitano\",\"url\":\"https:\\\/\\\/expressometro.mx\\\/\",\"logo\":{\"@type\":\"ImageObject\",\"inLanguage\":\"es\",\"@id\":\"https:\\\/\\\/expressometro.mx\\\/#\\\/schema\\\/logo\\\/image\\\/\",\"url\":\"https:\\\/\\\/expressometro.mx\\\/wp-content\\\/uploads\\\/2019\\\/07\\\/cropped-Logo-Expresso-Metropolitano-1-1.jpeg\",\"contentUrl\":\"https:\\\/\\\/expressometro.mx\\\/wp-content\\\/uploads\\\/2019\\\/07\\\/cropped-Logo-Expresso-Metropolitano-1-1.jpeg\",\"width\":290,\"height\":73,\"caption\":\"Expresso Metropolitano\"},\"image\":{\"@id\":\"https:\\\/\\\/expressometro.mx\\\/#\\\/schema\\\/logo\\\/image\\\/\"}},{\"@type\":\"Person\",\"@id\":\"https:\\\/\\\/expressometro.mx\\\/#\\\/schema\\\/person\\\/67a95b8e3862085c7598f66237488f1f\",\"name\":\"Cecilia Vega\",\"image\":{\"@type\":\"ImageObject\",\"inLanguage\":\"es\",\"@id\":\"https:\\\/\\\/secure.gravatar.com\\\/avatar\\\/13aae9944ab2ee472a9e407c9487fdbd03b049abaa559af32fe5dbcf615c981b?s=96&d=mm&r=g\",\"url\":\"https:\\\/\\\/secure.gravatar.com\\\/avatar\\\/13aae9944ab2ee472a9e407c9487fdbd03b049abaa559af32fe5dbcf615c981b?s=96&d=mm&r=g\",\"contentUrl\":\"https:\\\/\\\/secure.gravatar.com\\\/avatar\\\/13aae9944ab2ee472a9e407c9487fdbd03b049abaa559af32fe5dbcf615c981b?s=96&d=mm&r=g\",\"caption\":\"Cecilia Vega\"},\"url\":\"https:\\\/\\\/expressometro.mx\\\/index.php\\\/author\\\/cecilia-vega\\\/\"}]}<\/script>\n<!-- \/ Yoast SEO plugin. -->","yoast_head_json":{"title":"Promoviendo la actividad f\u00edsica en el D\u00eda Internacional de la Mujer - Expresso Metropolitano","robots":{"index":"index","follow":"follow","max-snippet":"max-snippet:-1","max-image-preview":"max-image-preview:large","max-video-preview":"max-video-preview:-1"},"canonical":"https:\/\/expressometro.mx\/index.php\/2025\/04\/05\/promoviendo-la-actividad-fisica-en-el-dia-internacional-de-la-mujer\/","og_locale":"es_MX","og_type":"article","og_title":"Promoviendo la actividad f\u00edsica en el D\u00eda Internacional de la Mujer - Expresso Metropolitano","og_description":"&nbsp;\u00a1Es como volver a vivir! As\u00ed dice Yoenny Mayac\u00e9n Vel\u00e1zquez, una maratonista cubana de 45 a\u00f1os, cuando hace referencia a las oportunidades que tiene para seguir activa en el deporte a pesar de su edad: \u201cActualmente pertenezco al grupo m\u00e1ster, conformado por deportistas mayores de 35 a\u00f1os, que se est\u00e1 tratando de fortalecer en Cuba. Incluso, hay competencias internacionales para esta categor\u00eda en las que nos estamos insertando y representando a nuestro pa\u00eds\u201d. Yoenny fue la ganadora de una marat\u00f3n celebrada el pasado 8 de marzo en La Habana a&hellip;","og_url":"https:\/\/expressometro.mx\/index.php\/2025\/04\/05\/promoviendo-la-actividad-fisica-en-el-dia-internacional-de-la-mujer\/","og_site_name":"Expresso Metropolitano","article_published_time":"2025-04-05T22:21:43+00:00","article_modified_time":"2025-06-20T22:22:23+00:00","author":"Cecilia Vega","twitter_misc":{"Escrito por":"Cecilia Vega","Tiempo de lectura":"1 minuto"},"schema":{"@context":"https:\/\/schema.org","@graph":[{"@type":"Article","@id":"https:\/\/expressometro.mx\/index.php\/2025\/04\/05\/promoviendo-la-actividad-fisica-en-el-dia-internacional-de-la-mujer\/#article","isPartOf":{"@id":"https:\/\/expressometro.mx\/index.php\/2025\/04\/05\/promoviendo-la-actividad-fisica-en-el-dia-internacional-de-la-mujer\/"},"author":{"name":"Cecilia Vega","@id":"https:\/\/expressometro.mx\/#\/schema\/person\/67a95b8e3862085c7598f66237488f1f"},"headline":"Promoviendo la actividad f\u00edsica en el D\u00eda Internacional de la Mujer","datePublished":"2025-04-05T22:21:43+00:00","dateModified":"2025-06-20T22:22:23+00:00","mainEntityOfPage":{"@id":"https:\/\/expressometro.mx\/index.php\/2025\/04\/05\/promoviendo-la-actividad-fisica-en-el-dia-internacional-de-la-mujer\/"},"wordCount":227,"commentCount":0,"publisher":{"@id":"https:\/\/expressometro.mx\/#organization"},"articleSection":["Otros"],"inLanguage":"es","potentialAction":[{"@type":"CommentAction","name":"Comment","target":["https:\/\/expressometro.mx\/index.php\/2025\/04\/05\/promoviendo-la-actividad-fisica-en-el-dia-internacional-de-la-mujer\/#respond"]}]},{"@type":"WebPage","@id":"https:\/\/expressometro.mx\/index.php\/2025\/04\/05\/promoviendo-la-actividad-fisica-en-el-dia-internacional-de-la-mujer\/","url":"https:\/\/expressometro.mx\/index.php\/2025\/04\/05\/promoviendo-la-actividad-fisica-en-el-dia-internacional-de-la-mujer\/","name":"Promoviendo la actividad f\u00edsica en el D\u00eda Internacional de la Mujer - Expresso Metropolitano","isPartOf":{"@id":"https:\/\/expressometro.mx\/#website"},"datePublished":"2025-04-05T22:21:43+00:00","dateModified":"2025-06-20T22:22:23+00:00","breadcrumb":{"@id":"https:\/\/expressometro.mx\/index.php\/2025\/04\/05\/promoviendo-la-actividad-fisica-en-el-dia-internacional-de-la-mujer\/#breadcrumb"},"inLanguage":"es","potentialAction":[{"@type":"ReadAction","target":["https:\/\/expressometro.mx\/index.php\/2025\/04\/05\/promoviendo-la-actividad-fisica-en-el-dia-internacional-de-la-mujer\/"]}]},{"@type":"BreadcrumbList","@id":"https:\/\/expressometro.mx\/index.php\/2025\/04\/05\/promoviendo-la-actividad-fisica-en-el-dia-internacional-de-la-mujer\/#breadcrumb","itemListElement":[{"@type":"ListItem","position":1,"name":"Inicio","item":"https:\/\/expressometro.mx\/"},{"@type":"ListItem","position":2,"name":"Promoviendo la actividad f\u00edsica en el D\u00eda Internacional de la Mujer"}]},{"@type":"WebSite","@id":"https:\/\/expressometro.mx\/#website","url":"https:\/\/expressometro.mx\/","name":"Expresso Metropolitano","description":"Periodismo comprometido, informaci\u00f3n, investigaci\u00f3n y an\u00e1lisis","publisher":{"@id":"https:\/\/expressometro.mx\/#organization"},"potentialAction":[{"@type":"SearchAction","target":{"@type":"EntryPoint","urlTemplate":"https:\/\/expressometro.mx\/?s={search_term_string}"},"query-input":{"@type":"PropertyValueSpecification","valueRequired":true,"valueName":"search_term_string"}}],"inLanguage":"es"},{"@type":"Organization","@id":"https:\/\/expressometro.mx\/#organization","name":"Expresso Metropolitano","url":"https:\/\/expressometro.mx\/","logo":{"@type":"ImageObject","inLanguage":"es","@id":"https:\/\/expressometro.mx\/#\/schema\/logo\/image\/","url":"https:\/\/expressometro.mx\/wp-content\/uploads\/2019\/07\/cropped-Logo-Expresso-Metropolitano-1-1.jpeg","contentUrl":"https:\/\/expressometro.mx\/wp-content\/uploads\/2019\/07\/cropped-Logo-Expresso-Metropolitano-1-1.jpeg","width":290,"height":73,"caption":"Expresso Metropolitano"},"image":{"@id":"https:\/\/expressometro.mx\/#\/schema\/logo\/image\/"}},{"@type":"Person","@id":"https:\/\/expressometro.mx\/#\/schema\/person\/67a95b8e3862085c7598f66237488f1f","name":"Cecilia Vega","image":{"@type":"ImageObject","inLanguage":"es","@id":"https:\/\/secure.gravatar.com\/avatar\/13aae9944ab2ee472a9e407c9487fdbd03b049abaa559af32fe5dbcf615c981b?s=96&d=mm&r=g","url":"https:\/\/secure.gravatar.com\/avatar\/13aae9944ab2ee472a9e407c9487fdbd03b049abaa559af32fe5dbcf615c981b?s=96&d=mm&r=g","contentUrl":"https:\/\/secure.gravatar.com\/avatar\/13aae9944ab2ee472a9e407c9487fdbd03b049abaa559af32fe5dbcf615c981b?s=96&d=mm&r=g","caption":"Cecilia Vega"},"url":"https:\/\/expressometro.mx\/index.php\/author\/cecilia-vega\/"}]}},"amp_enabled":true,"_links":{"self":[{"href":"https:\/\/expressometro.mx\/index.php\/wp-json\/wp\/v2\/posts\/11459","targetHints":{"allow":["GET"]}}],"collection":[{"href":"https:\/\/expressometro.mx\/index.php\/wp-json\/wp\/v2\/posts"}],"about":[{"href":"https:\/\/expressometro.mx\/index.php\/wp-json\/wp\/v2\/types\/post"}],"author":[{"embeddable":true,"href":"https:\/\/expressometro.mx\/index.php\/wp-json\/wp\/v2\/users\/2"}],"replies":[{"embeddable":true,"href":"https:\/\/expressometro.mx\/index.php\/wp-json\/wp\/v2\/comments?post=11459"}],"version-history":[{"count":1,"href":"https:\/\/expressometro.mx\/index.php\/wp-json\/wp\/v2\/posts\/11459\/revisions"}],"predecessor-version":[{"id":11460,"href":"https:\/\/expressometro.mx\/index.php\/wp-json\/wp\/v2\/posts\/11459\/revisions\/11460"}],"wp:attachment":[{"href":"https:\/\/expressometro.mx\/index.php\/wp-json\/wp\/v2\/media?parent=11459"}],"wp:term":[{"taxonomy":"category","embeddable":true,"href":"https:\/\/expressometro.mx\/index.php\/wp-json\/wp\/v2\/categories?post=11459"},{"taxonomy":"post_tag","embeddable":true,"href":"https:\/\/expressometro.mx\/index.php\/wp-json\/wp\/v2\/tags?post=11459"}],"curies":[{"name":"wp","href":"https:\/\/api.w.org\/{rel}","templated":true}]}}