{"id":11456,"date":"2025-05-31T16:20:14","date_gmt":"2025-05-31T22:20:14","guid":{"rendered":"https:\/\/expressometro.mx\/?p=11456"},"modified":"2025-06-20T16:20:51","modified_gmt":"2025-06-20T22:20:51","slug":"2024-fue-el-ano-mas-calido-desde-que-hay-registros","status":"publish","type":"post","link":"https:\/\/expressometro.mx\/index.php\/2025\/05\/31\/2024-fue-el-ano-mas-calido-desde-que-hay-registros\/","title":{"rendered":"2024 fue el a\u00f1o m\u00e1s c\u00e1lido desde que hay registros"},"content":{"rendered":"\n<p><\/p>\n\n\n\n<p>La agencia meteorol\u00f3gica advierte que, si bien un solo a\u00f1o por encima de 1,5 \u00b0C no indica que los objetivos a largo plazo est\u00e9n fuera de alcance, \u201ces una llamada de atenci\u00f3n de que estamos aumentando los riesgos para nuestras vidas, econom\u00edas y para el planeta\u201d. Algunas consecuencias ser\u00e1n irreversibles durante cientos o miles de a\u00f1os.<\/p>\n\n\n\n<p>El \u00faltimo informe de la Organizaci\u00f3n Meteorol\u00f3gica Mundial (OMM) sobre el estado del clima confirm\u00f3 que 2024 fue probablemente el primer a\u00f1o en superar en m\u00e1s de 1,5 \u00b0C la era preindustrial, con una temperatura media mundial cercana a la superficie de 1,55 por encima de la media de 1850-1900 (con un margen de incertidumbre de \u00b1 0,13 \u00b0C).<\/p>\n\n\n\n<p>Se trata del a\u00f1o m\u00e1s c\u00e1lido de los 175 a\u00f1os de registros observacionales, mientras que la concentraci\u00f3n atmosf\u00e9rica de di\u00f3xido de carbono se encuentra en los niveles m\u00e1s altos de los \u00faltimos 800.000 a\u00f1os.<\/p>\n\n\n\n<p>En los oc\u00e9anos, cada uno de los \u00faltimos ocho a\u00f1os ha establecido un nuevo r\u00e9cord de contenido de calor y el ritmo de aumento del nivel del mar se ha duplicado desde que comenzaron las mediciones por sat\u00e9lite.<\/p>\n\n\n\n<p>Seg\u00fan el informe, el calentamiento global a largo plazo se estima actualmente entre 1,34 y 1,41 \u00b0C en comparaci\u00f3n con la l\u00ednea de base de 1850-1900.<\/p>\n\n\n\n<p>A este respecto, el Secretario General de las Naciones Unidas se\u00f1al\u00f3 que el planeta est\u00e1 emitiendo \u201cm\u00e1s se\u00f1ales de socorro\u201d, pero todav\u00eda es posible limitar el aumento de la temperatura mundial a largo plazo a 1,5 grados cent\u00edgrados.<\/p>\n","protected":false},"excerpt":{"rendered":"<p>La agencia meteorol\u00f3gica advierte que, si bien un solo a\u00f1o por encima de 1,5 \u00b0C no indica que los objetivos a largo plazo est\u00e9n fuera de alcance, \u201ces una llamada de atenci\u00f3n de que estamos aumentando los riesgos para nuestras vidas, econom\u00edas y para el planeta\u201d. Algunas consecuencias ser\u00e1n irreversibles durante cientos o miles de a\u00f1os. El \u00faltimo informe de la Organizaci\u00f3n Meteorol\u00f3gica Mundial (OMM) sobre el estado del clima confirm\u00f3 que 2024 fue probablemente el primer a\u00f1o en superar en m\u00e1s de 1,5 \u00b0C la era preindustrial, con una&hellip;<\/p>\n","protected":false},"author":2,"featured_media":0,"comment_status":"open","ping_status":"open","sticky":false,"template":"","format":"standard","meta":{"footnotes":""},"categories":[1],"tags":[],"class_list":["post-11456","post","type-post","status-publish","format-standard","hentry","category-otros"],"yoast_head":"<!-- This site is optimized with the Yoast SEO plugin v27.4 - https:\/\/yoast.com\/product\/yoast-seo-wordpress\/ -->\n<title>2024 fue el a\u00f1o m\u00e1s c\u00e1lido desde que hay registros - Expresso Metropolitano<\/title>\n<meta name=\"robots\" content=\"index, follow, max-snippet:-1, max-image-preview:large, max-video-preview:-1\" \/>\n<link rel=\"canonical\" href=\"https:\/\/expressometro.mx\/index.php\/2025\/05\/31\/2024-fue-el-ano-mas-calido-desde-que-hay-registros\/\" \/>\n<meta property=\"og:locale\" content=\"es_MX\" \/>\n<meta property=\"og:type\" content=\"article\" \/>\n<meta property=\"og:title\" content=\"2024 fue el a\u00f1o m\u00e1s c\u00e1lido desde que hay registros - Expresso Metropolitano\" \/>\n<meta property=\"og:description\" content=\"La agencia meteorol\u00f3gica advierte que, si bien un solo a\u00f1o por encima de 1,5 \u00b0C no indica que los objetivos a largo plazo est\u00e9n fuera de alcance, \u201ces una llamada de atenci\u00f3n de que estamos aumentando los riesgos para nuestras vidas, econom\u00edas y para el planeta\u201d. Algunas consecuencias ser\u00e1n irreversibles durante cientos o miles de a\u00f1os. El \u00faltimo informe de la Organizaci\u00f3n Meteorol\u00f3gica Mundial (OMM) sobre el estado del clima confirm\u00f3 que 2024 fue probablemente el primer a\u00f1o en superar en m\u00e1s de 1,5 \u00b0C la era preindustrial, con una&hellip;\" \/>\n<meta property=\"og:url\" content=\"https:\/\/expressometro.mx\/index.php\/2025\/05\/31\/2024-fue-el-ano-mas-calido-desde-que-hay-registros\/\" \/>\n<meta property=\"og:site_name\" content=\"Expresso Metropolitano\" \/>\n<meta property=\"article:published_time\" content=\"2025-05-31T22:20:14+00:00\" \/>\n<meta property=\"article:modified_time\" content=\"2025-06-20T22:20:51+00:00\" \/>\n<meta name=\"author\" content=\"Cecilia Vega\" \/>\n<meta name=\"twitter:label1\" content=\"Escrito por\" \/>\n\t<meta name=\"twitter:data1\" content=\"Cecilia Vega\" \/>\n\t<meta name=\"twitter:label2\" content=\"Tiempo de lectura\" \/>\n\t<meta name=\"twitter:data2\" content=\"2 minutos\" \/>\n<script type=\"application\/ld+json\" class=\"yoast-schema-graph\">{\"@context\":\"https:\\\/\\\/schema.org\",\"@graph\":[{\"@type\":\"Article\",\"@id\":\"https:\\\/\\\/expressometro.mx\\\/index.php\\\/2025\\\/05\\\/31\\\/2024-fue-el-ano-mas-calido-desde-que-hay-registros\\\/#article\",\"isPartOf\":{\"@id\":\"https:\\\/\\\/expressometro.mx\\\/index.php\\\/2025\\\/05\\\/31\\\/2024-fue-el-ano-mas-calido-desde-que-hay-registros\\\/\"},\"author\":{\"name\":\"Cecilia Vega\",\"@id\":\"https:\\\/\\\/expressometro.mx\\\/#\\\/schema\\\/person\\\/67a95b8e3862085c7598f66237488f1f\"},\"headline\":\"2024 fue el a\u00f1o m\u00e1s c\u00e1lido desde que hay registros\",\"datePublished\":\"2025-05-31T22:20:14+00:00\",\"dateModified\":\"2025-06-20T22:20:51+00:00\",\"mainEntityOfPage\":{\"@id\":\"https:\\\/\\\/expressometro.mx\\\/index.php\\\/2025\\\/05\\\/31\\\/2024-fue-el-ano-mas-calido-desde-que-hay-registros\\\/\"},\"wordCount\":284,\"commentCount\":0,\"publisher\":{\"@id\":\"https:\\\/\\\/expressometro.mx\\\/#organization\"},\"articleSection\":[\"Otros\"],\"inLanguage\":\"es\",\"potentialAction\":[{\"@type\":\"CommentAction\",\"name\":\"Comment\",\"target\":[\"https:\\\/\\\/expressometro.mx\\\/index.php\\\/2025\\\/05\\\/31\\\/2024-fue-el-ano-mas-calido-desde-que-hay-registros\\\/#respond\"]}]},{\"@type\":\"WebPage\",\"@id\":\"https:\\\/\\\/expressometro.mx\\\/index.php\\\/2025\\\/05\\\/31\\\/2024-fue-el-ano-mas-calido-desde-que-hay-registros\\\/\",\"url\":\"https:\\\/\\\/expressometro.mx\\\/index.php\\\/2025\\\/05\\\/31\\\/2024-fue-el-ano-mas-calido-desde-que-hay-registros\\\/\",\"name\":\"2024 fue el a\u00f1o m\u00e1s c\u00e1lido desde que hay registros - Expresso Metropolitano\",\"isPartOf\":{\"@id\":\"https:\\\/\\\/expressometro.mx\\\/#website\"},\"datePublished\":\"2025-05-31T22:20:14+00:00\",\"dateModified\":\"2025-06-20T22:20:51+00:00\",\"breadcrumb\":{\"@id\":\"https:\\\/\\\/expressometro.mx\\\/index.php\\\/2025\\\/05\\\/31\\\/2024-fue-el-ano-mas-calido-desde-que-hay-registros\\\/#breadcrumb\"},\"inLanguage\":\"es\",\"potentialAction\":[{\"@type\":\"ReadAction\",\"target\":[\"https:\\\/\\\/expressometro.mx\\\/index.php\\\/2025\\\/05\\\/31\\\/2024-fue-el-ano-mas-calido-desde-que-hay-registros\\\/\"]}]},{\"@type\":\"BreadcrumbList\",\"@id\":\"https:\\\/\\\/expressometro.mx\\\/index.php\\\/2025\\\/05\\\/31\\\/2024-fue-el-ano-mas-calido-desde-que-hay-registros\\\/#breadcrumb\",\"itemListElement\":[{\"@type\":\"ListItem\",\"position\":1,\"name\":\"Inicio\",\"item\":\"https:\\\/\\\/expressometro.mx\\\/\"},{\"@type\":\"ListItem\",\"position\":2,\"name\":\"2024 fue el a\u00f1o m\u00e1s c\u00e1lido desde que hay registros\"}]},{\"@type\":\"WebSite\",\"@id\":\"https:\\\/\\\/expressometro.mx\\\/#website\",\"url\":\"https:\\\/\\\/expressometro.mx\\\/\",\"name\":\"Expresso Metropolitano\",\"description\":\"Periodismo comprometido, informaci\u00f3n, investigaci\u00f3n y an\u00e1lisis\",\"publisher\":{\"@id\":\"https:\\\/\\\/expressometro.mx\\\/#organization\"},\"potentialAction\":[{\"@type\":\"SearchAction\",\"target\":{\"@type\":\"EntryPoint\",\"urlTemplate\":\"https:\\\/\\\/expressometro.mx\\\/?s={search_term_string}\"},\"query-input\":{\"@type\":\"PropertyValueSpecification\",\"valueRequired\":true,\"valueName\":\"search_term_string\"}}],\"inLanguage\":\"es\"},{\"@type\":\"Organization\",\"@id\":\"https:\\\/\\\/expressometro.mx\\\/#organization\",\"name\":\"Expresso Metropolitano\",\"url\":\"https:\\\/\\\/expressometro.mx\\\/\",\"logo\":{\"@type\":\"ImageObject\",\"inLanguage\":\"es\",\"@id\":\"https:\\\/\\\/expressometro.mx\\\/#\\\/schema\\\/logo\\\/image\\\/\",\"url\":\"https:\\\/\\\/expressometro.mx\\\/wp-content\\\/uploads\\\/2019\\\/07\\\/cropped-Logo-Expresso-Metropolitano-1-1.jpeg\",\"contentUrl\":\"https:\\\/\\\/expressometro.mx\\\/wp-content\\\/uploads\\\/2019\\\/07\\\/cropped-Logo-Expresso-Metropolitano-1-1.jpeg\",\"width\":290,\"height\":73,\"caption\":\"Expresso Metropolitano\"},\"image\":{\"@id\":\"https:\\\/\\\/expressometro.mx\\\/#\\\/schema\\\/logo\\\/image\\\/\"}},{\"@type\":\"Person\",\"@id\":\"https:\\\/\\\/expressometro.mx\\\/#\\\/schema\\\/person\\\/67a95b8e3862085c7598f66237488f1f\",\"name\":\"Cecilia Vega\",\"image\":{\"@type\":\"ImageObject\",\"inLanguage\":\"es\",\"@id\":\"https:\\\/\\\/secure.gravatar.com\\\/avatar\\\/13aae9944ab2ee472a9e407c9487fdbd03b049abaa559af32fe5dbcf615c981b?s=96&d=mm&r=g\",\"url\":\"https:\\\/\\\/secure.gravatar.com\\\/avatar\\\/13aae9944ab2ee472a9e407c9487fdbd03b049abaa559af32fe5dbcf615c981b?s=96&d=mm&r=g\",\"contentUrl\":\"https:\\\/\\\/secure.gravatar.com\\\/avatar\\\/13aae9944ab2ee472a9e407c9487fdbd03b049abaa559af32fe5dbcf615c981b?s=96&d=mm&r=g\",\"caption\":\"Cecilia Vega\"},\"url\":\"https:\\\/\\\/expressometro.mx\\\/index.php\\\/author\\\/cecilia-vega\\\/\"}]}<\/script>\n<!-- \/ Yoast SEO plugin. -->","yoast_head_json":{"title":"2024 fue el a\u00f1o m\u00e1s c\u00e1lido desde que hay registros - Expresso Metropolitano","robots":{"index":"index","follow":"follow","max-snippet":"max-snippet:-1","max-image-preview":"max-image-preview:large","max-video-preview":"max-video-preview:-1"},"canonical":"https:\/\/expressometro.mx\/index.php\/2025\/05\/31\/2024-fue-el-ano-mas-calido-desde-que-hay-registros\/","og_locale":"es_MX","og_type":"article","og_title":"2024 fue el a\u00f1o m\u00e1s c\u00e1lido desde que hay registros - Expresso Metropolitano","og_description":"La agencia meteorol\u00f3gica advierte que, si bien un solo a\u00f1o por encima de 1,5 \u00b0C no indica que los objetivos a largo plazo est\u00e9n fuera de alcance, \u201ces una llamada de atenci\u00f3n de que estamos aumentando los riesgos para nuestras vidas, econom\u00edas y para el planeta\u201d. Algunas consecuencias ser\u00e1n irreversibles durante cientos o miles de a\u00f1os. El \u00faltimo informe de la Organizaci\u00f3n Meteorol\u00f3gica Mundial (OMM) sobre el estado del clima confirm\u00f3 que 2024 fue probablemente el primer a\u00f1o en superar en m\u00e1s de 1,5 \u00b0C la era preindustrial, con una&hellip;","og_url":"https:\/\/expressometro.mx\/index.php\/2025\/05\/31\/2024-fue-el-ano-mas-calido-desde-que-hay-registros\/","og_site_name":"Expresso Metropolitano","article_published_time":"2025-05-31T22:20:14+00:00","article_modified_time":"2025-06-20T22:20:51+00:00","author":"Cecilia Vega","twitter_misc":{"Escrito por":"Cecilia Vega","Tiempo de lectura":"2 minutos"},"schema":{"@context":"https:\/\/schema.org","@graph":[{"@type":"Article","@id":"https:\/\/expressometro.mx\/index.php\/2025\/05\/31\/2024-fue-el-ano-mas-calido-desde-que-hay-registros\/#article","isPartOf":{"@id":"https:\/\/expressometro.mx\/index.php\/2025\/05\/31\/2024-fue-el-ano-mas-calido-desde-que-hay-registros\/"},"author":{"name":"Cecilia Vega","@id":"https:\/\/expressometro.mx\/#\/schema\/person\/67a95b8e3862085c7598f66237488f1f"},"headline":"2024 fue el a\u00f1o m\u00e1s c\u00e1lido desde que hay registros","datePublished":"2025-05-31T22:20:14+00:00","dateModified":"2025-06-20T22:20:51+00:00","mainEntityOfPage":{"@id":"https:\/\/expressometro.mx\/index.php\/2025\/05\/31\/2024-fue-el-ano-mas-calido-desde-que-hay-registros\/"},"wordCount":284,"commentCount":0,"publisher":{"@id":"https:\/\/expressometro.mx\/#organization"},"articleSection":["Otros"],"inLanguage":"es","potentialAction":[{"@type":"CommentAction","name":"Comment","target":["https:\/\/expressometro.mx\/index.php\/2025\/05\/31\/2024-fue-el-ano-mas-calido-desde-que-hay-registros\/#respond"]}]},{"@type":"WebPage","@id":"https:\/\/expressometro.mx\/index.php\/2025\/05\/31\/2024-fue-el-ano-mas-calido-desde-que-hay-registros\/","url":"https:\/\/expressometro.mx\/index.php\/2025\/05\/31\/2024-fue-el-ano-mas-calido-desde-que-hay-registros\/","name":"2024 fue el a\u00f1o m\u00e1s c\u00e1lido desde que hay registros - Expresso Metropolitano","isPartOf":{"@id":"https:\/\/expressometro.mx\/#website"},"datePublished":"2025-05-31T22:20:14+00:00","dateModified":"2025-06-20T22:20:51+00:00","breadcrumb":{"@id":"https:\/\/expressometro.mx\/index.php\/2025\/05\/31\/2024-fue-el-ano-mas-calido-desde-que-hay-registros\/#breadcrumb"},"inLanguage":"es","potentialAction":[{"@type":"ReadAction","target":["https:\/\/expressometro.mx\/index.php\/2025\/05\/31\/2024-fue-el-ano-mas-calido-desde-que-hay-registros\/"]}]},{"@type":"BreadcrumbList","@id":"https:\/\/expressometro.mx\/index.php\/2025\/05\/31\/2024-fue-el-ano-mas-calido-desde-que-hay-registros\/#breadcrumb","itemListElement":[{"@type":"ListItem","position":1,"name":"Inicio","item":"https:\/\/expressometro.mx\/"},{"@type":"ListItem","position":2,"name":"2024 fue el a\u00f1o m\u00e1s c\u00e1lido desde que hay registros"}]},{"@type":"WebSite","@id":"https:\/\/expressometro.mx\/#website","url":"https:\/\/expressometro.mx\/","name":"Expresso Metropolitano","description":"Periodismo comprometido, informaci\u00f3n, investigaci\u00f3n y an\u00e1lisis","publisher":{"@id":"https:\/\/expressometro.mx\/#organization"},"potentialAction":[{"@type":"SearchAction","target":{"@type":"EntryPoint","urlTemplate":"https:\/\/expressometro.mx\/?s={search_term_string}"},"query-input":{"@type":"PropertyValueSpecification","valueRequired":true,"valueName":"search_term_string"}}],"inLanguage":"es"},{"@type":"Organization","@id":"https:\/\/expressometro.mx\/#organization","name":"Expresso Metropolitano","url":"https:\/\/expressometro.mx\/","logo":{"@type":"ImageObject","inLanguage":"es","@id":"https:\/\/expressometro.mx\/#\/schema\/logo\/image\/","url":"https:\/\/expressometro.mx\/wp-content\/uploads\/2019\/07\/cropped-Logo-Expresso-Metropolitano-1-1.jpeg","contentUrl":"https:\/\/expressometro.mx\/wp-content\/uploads\/2019\/07\/cropped-Logo-Expresso-Metropolitano-1-1.jpeg","width":290,"height":73,"caption":"Expresso Metropolitano"},"image":{"@id":"https:\/\/expressometro.mx\/#\/schema\/logo\/image\/"}},{"@type":"Person","@id":"https:\/\/expressometro.mx\/#\/schema\/person\/67a95b8e3862085c7598f66237488f1f","name":"Cecilia Vega","image":{"@type":"ImageObject","inLanguage":"es","@id":"https:\/\/secure.gravatar.com\/avatar\/13aae9944ab2ee472a9e407c9487fdbd03b049abaa559af32fe5dbcf615c981b?s=96&d=mm&r=g","url":"https:\/\/secure.gravatar.com\/avatar\/13aae9944ab2ee472a9e407c9487fdbd03b049abaa559af32fe5dbcf615c981b?s=96&d=mm&r=g","contentUrl":"https:\/\/secure.gravatar.com\/avatar\/13aae9944ab2ee472a9e407c9487fdbd03b049abaa559af32fe5dbcf615c981b?s=96&d=mm&r=g","caption":"Cecilia Vega"},"url":"https:\/\/expressometro.mx\/index.php\/author\/cecilia-vega\/"}]}},"amp_enabled":true,"_links":{"self":[{"href":"https:\/\/expressometro.mx\/index.php\/wp-json\/wp\/v2\/posts\/11456","targetHints":{"allow":["GET"]}}],"collection":[{"href":"https:\/\/expressometro.mx\/index.php\/wp-json\/wp\/v2\/posts"}],"about":[{"href":"https:\/\/expressometro.mx\/index.php\/wp-json\/wp\/v2\/types\/post"}],"author":[{"embeddable":true,"href":"https:\/\/expressometro.mx\/index.php\/wp-json\/wp\/v2\/users\/2"}],"replies":[{"embeddable":true,"href":"https:\/\/expressometro.mx\/index.php\/wp-json\/wp\/v2\/comments?post=11456"}],"version-history":[{"count":1,"href":"https:\/\/expressometro.mx\/index.php\/wp-json\/wp\/v2\/posts\/11456\/revisions"}],"predecessor-version":[{"id":11457,"href":"https:\/\/expressometro.mx\/index.php\/wp-json\/wp\/v2\/posts\/11456\/revisions\/11457"}],"wp:attachment":[{"href":"https:\/\/expressometro.mx\/index.php\/wp-json\/wp\/v2\/media?parent=11456"}],"wp:term":[{"taxonomy":"category","embeddable":true,"href":"https:\/\/expressometro.mx\/index.php\/wp-json\/wp\/v2\/categories?post=11456"},{"taxonomy":"post_tag","embeddable":true,"href":"https:\/\/expressometro.mx\/index.php\/wp-json\/wp\/v2\/tags?post=11456"}],"curies":[{"name":"wp","href":"https:\/\/api.w.org\/{rel}","templated":true}]}}