{"id":11444,"date":"2025-03-06T16:11:52","date_gmt":"2025-03-06T22:11:52","guid":{"rendered":"https:\/\/expressometro.mx\/?p=11444"},"modified":"2025-06-20T16:12:28","modified_gmt":"2025-06-20T22:12:28","slug":"calendario-lunar-de-marzo-2025-eclipses-fases-y-misterios-del-cielo-nocturno","status":"publish","type":"post","link":"https:\/\/expressometro.mx\/index.php\/2025\/03\/06\/calendario-lunar-de-marzo-2025-eclipses-fases-y-misterios-del-cielo-nocturno\/","title":{"rendered":"Calendario lunar de marzo 2025: eclipses, fases y misterios del cielo nocturno"},"content":{"rendered":"\n<p><\/p>\n\n\n\n<p>Este mes, la magia de la Luna nos dar\u00e1 un espect\u00e1culo que sorprender\u00e1 a propios y extra\u00f1os pues se tornar\u00e1 roja como la sangre.<\/p>\n\n\n\n<p>Cada noche, la Luna se convierte en protagonista de nuestro cielo. Su presencia constante ha inspirado mitos, canciones y leyendas desde tiempos inmemoriales. M\u00e1s all\u00e1 de la poes\u00eda, nuestro sat\u00e9lite natural ofrece un espect\u00e1culo astron\u00f3mico fascinante que cambia d\u00eda con d\u00eda.<\/p>\n\n\n\n<p>En marzo de 2025, la Luna no s\u00f3lo nos regalar\u00e1 sus cuatro fases habituales, sino que adem\u00e1s ser\u00e1 testigo de dos eclipses que la convierten en la estrella del firmamento. \u00bfEst\u00e1s listo para descubrir los secretos que guarda la Luna este mes?<\/p>\n\n\n\n<p>Observar la Luna es una forma sencilla y gratuita de conectar con el cosmos. No necesitas telescopios ni ser un experto para disfrutar de sus fases o identificar algunos de sus rasgos. S\u00f3lo necesitas curiosidad y saber cu\u00e1ndo mirar al cielo para maravillarte con sus paisajes lunares.<\/p>\n\n\n\n<p>Este mes trae consigo uno de los fen\u00f3menos m\u00e1s esperados del a\u00f1o: un eclipse lunar total visible desde toda Am\u00e9rica. Tambi\u00e9n habr\u00e1 un eclipse solar parcial al final del mes. Prep\u00e1rate para marcar tu calendario y salir a observar la Luna con una nueva perspectiva astron\u00f3mica.<\/p>\n","protected":false},"excerpt":{"rendered":"<p>Este mes, la magia de la Luna nos dar\u00e1 un espect\u00e1culo que sorprender\u00e1 a propios y extra\u00f1os pues se tornar\u00e1 roja como la sangre. Cada noche, la Luna se convierte en protagonista de nuestro cielo. Su presencia constante ha inspirado mitos, canciones y leyendas desde tiempos inmemoriales. M\u00e1s all\u00e1 de la poes\u00eda, nuestro sat\u00e9lite natural ofrece un espect\u00e1culo astron\u00f3mico fascinante que cambia d\u00eda con d\u00eda. En marzo de 2025, la Luna no s\u00f3lo nos regalar\u00e1 sus cuatro fases habituales, sino que adem\u00e1s ser\u00e1 testigo de dos eclipses que la convierten&hellip;<\/p>\n","protected":false},"author":2,"featured_media":0,"comment_status":"open","ping_status":"open","sticky":false,"template":"","format":"standard","meta":{"footnotes":""},"categories":[1],"tags":[],"class_list":["post-11444","post","type-post","status-publish","format-standard","hentry","category-otros"],"yoast_head":"<!-- This site is optimized with the Yoast SEO plugin v27.5 - https:\/\/yoast.com\/product\/yoast-seo-wordpress\/ -->\n<title>Calendario lunar de marzo 2025: eclipses, fases y misterios del cielo nocturno - Expresso Metropolitano<\/title>\n<meta name=\"robots\" content=\"index, follow, max-snippet:-1, max-image-preview:large, max-video-preview:-1\" \/>\n<link rel=\"canonical\" href=\"https:\/\/expressometro.mx\/index.php\/2025\/03\/06\/calendario-lunar-de-marzo-2025-eclipses-fases-y-misterios-del-cielo-nocturno\/\" \/>\n<meta property=\"og:locale\" content=\"es_MX\" \/>\n<meta property=\"og:type\" content=\"article\" \/>\n<meta property=\"og:title\" content=\"Calendario lunar de marzo 2025: eclipses, fases y misterios del cielo nocturno - Expresso Metropolitano\" \/>\n<meta property=\"og:description\" content=\"Este mes, la magia de la Luna nos dar\u00e1 un espect\u00e1culo que sorprender\u00e1 a propios y extra\u00f1os pues se tornar\u00e1 roja como la sangre. Cada noche, la Luna se convierte en protagonista de nuestro cielo. Su presencia constante ha inspirado mitos, canciones y leyendas desde tiempos inmemoriales. M\u00e1s all\u00e1 de la poes\u00eda, nuestro sat\u00e9lite natural ofrece un espect\u00e1culo astron\u00f3mico fascinante que cambia d\u00eda con d\u00eda. En marzo de 2025, la Luna no s\u00f3lo nos regalar\u00e1 sus cuatro fases habituales, sino que adem\u00e1s ser\u00e1 testigo de dos eclipses que la convierten&hellip;\" \/>\n<meta property=\"og:url\" content=\"https:\/\/expressometro.mx\/index.php\/2025\/03\/06\/calendario-lunar-de-marzo-2025-eclipses-fases-y-misterios-del-cielo-nocturno\/\" \/>\n<meta property=\"og:site_name\" content=\"Expresso Metropolitano\" \/>\n<meta property=\"article:published_time\" content=\"2025-03-06T22:11:52+00:00\" \/>\n<meta property=\"article:modified_time\" content=\"2025-06-20T22:12:28+00:00\" \/>\n<meta name=\"author\" content=\"Cecilia Vega\" \/>\n<meta name=\"twitter:label1\" content=\"Escrito por\" \/>\n\t<meta name=\"twitter:data1\" content=\"Cecilia Vega\" \/>\n\t<meta name=\"twitter:label2\" content=\"Tiempo de lectura\" \/>\n\t<meta name=\"twitter:data2\" content=\"1 minuto\" \/>\n<script type=\"application\/ld+json\" class=\"yoast-schema-graph\">{\"@context\":\"https:\\\/\\\/schema.org\",\"@graph\":[{\"@type\":\"Article\",\"@id\":\"https:\\\/\\\/expressometro.mx\\\/index.php\\\/2025\\\/03\\\/06\\\/calendario-lunar-de-marzo-2025-eclipses-fases-y-misterios-del-cielo-nocturno\\\/#article\",\"isPartOf\":{\"@id\":\"https:\\\/\\\/expressometro.mx\\\/index.php\\\/2025\\\/03\\\/06\\\/calendario-lunar-de-marzo-2025-eclipses-fases-y-misterios-del-cielo-nocturno\\\/\"},\"author\":{\"name\":\"Cecilia Vega\",\"@id\":\"https:\\\/\\\/expressometro.mx\\\/#\\\/schema\\\/person\\\/67a95b8e3862085c7598f66237488f1f\"},\"headline\":\"Calendario lunar de marzo 2025: eclipses, fases y misterios del cielo nocturno\",\"datePublished\":\"2025-03-06T22:11:52+00:00\",\"dateModified\":\"2025-06-20T22:12:28+00:00\",\"mainEntityOfPage\":{\"@id\":\"https:\\\/\\\/expressometro.mx\\\/index.php\\\/2025\\\/03\\\/06\\\/calendario-lunar-de-marzo-2025-eclipses-fases-y-misterios-del-cielo-nocturno\\\/\"},\"wordCount\":231,\"commentCount\":0,\"publisher\":{\"@id\":\"https:\\\/\\\/expressometro.mx\\\/#organization\"},\"articleSection\":[\"Otros\"],\"inLanguage\":\"es\",\"potentialAction\":[{\"@type\":\"CommentAction\",\"name\":\"Comment\",\"target\":[\"https:\\\/\\\/expressometro.mx\\\/index.php\\\/2025\\\/03\\\/06\\\/calendario-lunar-de-marzo-2025-eclipses-fases-y-misterios-del-cielo-nocturno\\\/#respond\"]}]},{\"@type\":\"WebPage\",\"@id\":\"https:\\\/\\\/expressometro.mx\\\/index.php\\\/2025\\\/03\\\/06\\\/calendario-lunar-de-marzo-2025-eclipses-fases-y-misterios-del-cielo-nocturno\\\/\",\"url\":\"https:\\\/\\\/expressometro.mx\\\/index.php\\\/2025\\\/03\\\/06\\\/calendario-lunar-de-marzo-2025-eclipses-fases-y-misterios-del-cielo-nocturno\\\/\",\"name\":\"Calendario lunar de marzo 2025: eclipses, fases y misterios del cielo nocturno - Expresso Metropolitano\",\"isPartOf\":{\"@id\":\"https:\\\/\\\/expressometro.mx\\\/#website\"},\"datePublished\":\"2025-03-06T22:11:52+00:00\",\"dateModified\":\"2025-06-20T22:12:28+00:00\",\"breadcrumb\":{\"@id\":\"https:\\\/\\\/expressometro.mx\\\/index.php\\\/2025\\\/03\\\/06\\\/calendario-lunar-de-marzo-2025-eclipses-fases-y-misterios-del-cielo-nocturno\\\/#breadcrumb\"},\"inLanguage\":\"es\",\"potentialAction\":[{\"@type\":\"ReadAction\",\"target\":[\"https:\\\/\\\/expressometro.mx\\\/index.php\\\/2025\\\/03\\\/06\\\/calendario-lunar-de-marzo-2025-eclipses-fases-y-misterios-del-cielo-nocturno\\\/\"]}]},{\"@type\":\"BreadcrumbList\",\"@id\":\"https:\\\/\\\/expressometro.mx\\\/index.php\\\/2025\\\/03\\\/06\\\/calendario-lunar-de-marzo-2025-eclipses-fases-y-misterios-del-cielo-nocturno\\\/#breadcrumb\",\"itemListElement\":[{\"@type\":\"ListItem\",\"position\":1,\"name\":\"Inicio\",\"item\":\"https:\\\/\\\/expressometro.mx\\\/\"},{\"@type\":\"ListItem\",\"position\":2,\"name\":\"Calendario lunar de marzo 2025: eclipses, fases y misterios del cielo nocturno\"}]},{\"@type\":\"WebSite\",\"@id\":\"https:\\\/\\\/expressometro.mx\\\/#website\",\"url\":\"https:\\\/\\\/expressometro.mx\\\/\",\"name\":\"Expresso Metropolitano\",\"description\":\"Periodismo comprometido, informaci\u00f3n, investigaci\u00f3n y an\u00e1lisis\",\"publisher\":{\"@id\":\"https:\\\/\\\/expressometro.mx\\\/#organization\"},\"potentialAction\":[{\"@type\":\"SearchAction\",\"target\":{\"@type\":\"EntryPoint\",\"urlTemplate\":\"https:\\\/\\\/expressometro.mx\\\/?s={search_term_string}\"},\"query-input\":{\"@type\":\"PropertyValueSpecification\",\"valueRequired\":true,\"valueName\":\"search_term_string\"}}],\"inLanguage\":\"es\"},{\"@type\":\"Organization\",\"@id\":\"https:\\\/\\\/expressometro.mx\\\/#organization\",\"name\":\"Expresso Metropolitano\",\"url\":\"https:\\\/\\\/expressometro.mx\\\/\",\"logo\":{\"@type\":\"ImageObject\",\"inLanguage\":\"es\",\"@id\":\"https:\\\/\\\/expressometro.mx\\\/#\\\/schema\\\/logo\\\/image\\\/\",\"url\":\"https:\\\/\\\/expressometro.mx\\\/wp-content\\\/uploads\\\/2019\\\/07\\\/cropped-Logo-Expresso-Metropolitano-1-1.jpeg\",\"contentUrl\":\"https:\\\/\\\/expressometro.mx\\\/wp-content\\\/uploads\\\/2019\\\/07\\\/cropped-Logo-Expresso-Metropolitano-1-1.jpeg\",\"width\":290,\"height\":73,\"caption\":\"Expresso Metropolitano\"},\"image\":{\"@id\":\"https:\\\/\\\/expressometro.mx\\\/#\\\/schema\\\/logo\\\/image\\\/\"}},{\"@type\":\"Person\",\"@id\":\"https:\\\/\\\/expressometro.mx\\\/#\\\/schema\\\/person\\\/67a95b8e3862085c7598f66237488f1f\",\"name\":\"Cecilia Vega\",\"image\":{\"@type\":\"ImageObject\",\"inLanguage\":\"es\",\"@id\":\"https:\\\/\\\/secure.gravatar.com\\\/avatar\\\/13aae9944ab2ee472a9e407c9487fdbd03b049abaa559af32fe5dbcf615c981b?s=96&d=mm&r=g\",\"url\":\"https:\\\/\\\/secure.gravatar.com\\\/avatar\\\/13aae9944ab2ee472a9e407c9487fdbd03b049abaa559af32fe5dbcf615c981b?s=96&d=mm&r=g\",\"contentUrl\":\"https:\\\/\\\/secure.gravatar.com\\\/avatar\\\/13aae9944ab2ee472a9e407c9487fdbd03b049abaa559af32fe5dbcf615c981b?s=96&d=mm&r=g\",\"caption\":\"Cecilia Vega\"},\"url\":\"https:\\\/\\\/expressometro.mx\\\/index.php\\\/author\\\/cecilia-vega\\\/\"}]}<\/script>\n<!-- \/ Yoast SEO plugin. -->","yoast_head_json":{"title":"Calendario lunar de marzo 2025: eclipses, fases y misterios del cielo nocturno - Expresso Metropolitano","robots":{"index":"index","follow":"follow","max-snippet":"max-snippet:-1","max-image-preview":"max-image-preview:large","max-video-preview":"max-video-preview:-1"},"canonical":"https:\/\/expressometro.mx\/index.php\/2025\/03\/06\/calendario-lunar-de-marzo-2025-eclipses-fases-y-misterios-del-cielo-nocturno\/","og_locale":"es_MX","og_type":"article","og_title":"Calendario lunar de marzo 2025: eclipses, fases y misterios del cielo nocturno - Expresso Metropolitano","og_description":"Este mes, la magia de la Luna nos dar\u00e1 un espect\u00e1culo que sorprender\u00e1 a propios y extra\u00f1os pues se tornar\u00e1 roja como la sangre. Cada noche, la Luna se convierte en protagonista de nuestro cielo. Su presencia constante ha inspirado mitos, canciones y leyendas desde tiempos inmemoriales. M\u00e1s all\u00e1 de la poes\u00eda, nuestro sat\u00e9lite natural ofrece un espect\u00e1culo astron\u00f3mico fascinante que cambia d\u00eda con d\u00eda. En marzo de 2025, la Luna no s\u00f3lo nos regalar\u00e1 sus cuatro fases habituales, sino que adem\u00e1s ser\u00e1 testigo de dos eclipses que la convierten&hellip;","og_url":"https:\/\/expressometro.mx\/index.php\/2025\/03\/06\/calendario-lunar-de-marzo-2025-eclipses-fases-y-misterios-del-cielo-nocturno\/","og_site_name":"Expresso Metropolitano","article_published_time":"2025-03-06T22:11:52+00:00","article_modified_time":"2025-06-20T22:12:28+00:00","author":"Cecilia Vega","twitter_misc":{"Escrito por":"Cecilia Vega","Tiempo de lectura":"1 minuto"},"schema":{"@context":"https:\/\/schema.org","@graph":[{"@type":"Article","@id":"https:\/\/expressometro.mx\/index.php\/2025\/03\/06\/calendario-lunar-de-marzo-2025-eclipses-fases-y-misterios-del-cielo-nocturno\/#article","isPartOf":{"@id":"https:\/\/expressometro.mx\/index.php\/2025\/03\/06\/calendario-lunar-de-marzo-2025-eclipses-fases-y-misterios-del-cielo-nocturno\/"},"author":{"name":"Cecilia Vega","@id":"https:\/\/expressometro.mx\/#\/schema\/person\/67a95b8e3862085c7598f66237488f1f"},"headline":"Calendario lunar de marzo 2025: eclipses, fases y misterios del cielo nocturno","datePublished":"2025-03-06T22:11:52+00:00","dateModified":"2025-06-20T22:12:28+00:00","mainEntityOfPage":{"@id":"https:\/\/expressometro.mx\/index.php\/2025\/03\/06\/calendario-lunar-de-marzo-2025-eclipses-fases-y-misterios-del-cielo-nocturno\/"},"wordCount":231,"commentCount":0,"publisher":{"@id":"https:\/\/expressometro.mx\/#organization"},"articleSection":["Otros"],"inLanguage":"es","potentialAction":[{"@type":"CommentAction","name":"Comment","target":["https:\/\/expressometro.mx\/index.php\/2025\/03\/06\/calendario-lunar-de-marzo-2025-eclipses-fases-y-misterios-del-cielo-nocturno\/#respond"]}]},{"@type":"WebPage","@id":"https:\/\/expressometro.mx\/index.php\/2025\/03\/06\/calendario-lunar-de-marzo-2025-eclipses-fases-y-misterios-del-cielo-nocturno\/","url":"https:\/\/expressometro.mx\/index.php\/2025\/03\/06\/calendario-lunar-de-marzo-2025-eclipses-fases-y-misterios-del-cielo-nocturno\/","name":"Calendario lunar de marzo 2025: eclipses, fases y misterios del cielo nocturno - Expresso Metropolitano","isPartOf":{"@id":"https:\/\/expressometro.mx\/#website"},"datePublished":"2025-03-06T22:11:52+00:00","dateModified":"2025-06-20T22:12:28+00:00","breadcrumb":{"@id":"https:\/\/expressometro.mx\/index.php\/2025\/03\/06\/calendario-lunar-de-marzo-2025-eclipses-fases-y-misterios-del-cielo-nocturno\/#breadcrumb"},"inLanguage":"es","potentialAction":[{"@type":"ReadAction","target":["https:\/\/expressometro.mx\/index.php\/2025\/03\/06\/calendario-lunar-de-marzo-2025-eclipses-fases-y-misterios-del-cielo-nocturno\/"]}]},{"@type":"BreadcrumbList","@id":"https:\/\/expressometro.mx\/index.php\/2025\/03\/06\/calendario-lunar-de-marzo-2025-eclipses-fases-y-misterios-del-cielo-nocturno\/#breadcrumb","itemListElement":[{"@type":"ListItem","position":1,"name":"Inicio","item":"https:\/\/expressometro.mx\/"},{"@type":"ListItem","position":2,"name":"Calendario lunar de marzo 2025: eclipses, fases y misterios del cielo nocturno"}]},{"@type":"WebSite","@id":"https:\/\/expressometro.mx\/#website","url":"https:\/\/expressometro.mx\/","name":"Expresso Metropolitano","description":"Periodismo comprometido, informaci\u00f3n, investigaci\u00f3n y an\u00e1lisis","publisher":{"@id":"https:\/\/expressometro.mx\/#organization"},"potentialAction":[{"@type":"SearchAction","target":{"@type":"EntryPoint","urlTemplate":"https:\/\/expressometro.mx\/?s={search_term_string}"},"query-input":{"@type":"PropertyValueSpecification","valueRequired":true,"valueName":"search_term_string"}}],"inLanguage":"es"},{"@type":"Organization","@id":"https:\/\/expressometro.mx\/#organization","name":"Expresso Metropolitano","url":"https:\/\/expressometro.mx\/","logo":{"@type":"ImageObject","inLanguage":"es","@id":"https:\/\/expressometro.mx\/#\/schema\/logo\/image\/","url":"https:\/\/expressometro.mx\/wp-content\/uploads\/2019\/07\/cropped-Logo-Expresso-Metropolitano-1-1.jpeg","contentUrl":"https:\/\/expressometro.mx\/wp-content\/uploads\/2019\/07\/cropped-Logo-Expresso-Metropolitano-1-1.jpeg","width":290,"height":73,"caption":"Expresso Metropolitano"},"image":{"@id":"https:\/\/expressometro.mx\/#\/schema\/logo\/image\/"}},{"@type":"Person","@id":"https:\/\/expressometro.mx\/#\/schema\/person\/67a95b8e3862085c7598f66237488f1f","name":"Cecilia Vega","image":{"@type":"ImageObject","inLanguage":"es","@id":"https:\/\/secure.gravatar.com\/avatar\/13aae9944ab2ee472a9e407c9487fdbd03b049abaa559af32fe5dbcf615c981b?s=96&d=mm&r=g","url":"https:\/\/secure.gravatar.com\/avatar\/13aae9944ab2ee472a9e407c9487fdbd03b049abaa559af32fe5dbcf615c981b?s=96&d=mm&r=g","contentUrl":"https:\/\/secure.gravatar.com\/avatar\/13aae9944ab2ee472a9e407c9487fdbd03b049abaa559af32fe5dbcf615c981b?s=96&d=mm&r=g","caption":"Cecilia Vega"},"url":"https:\/\/expressometro.mx\/index.php\/author\/cecilia-vega\/"}]}},"amp_enabled":true,"_links":{"self":[{"href":"https:\/\/expressometro.mx\/index.php\/wp-json\/wp\/v2\/posts\/11444","targetHints":{"allow":["GET"]}}],"collection":[{"href":"https:\/\/expressometro.mx\/index.php\/wp-json\/wp\/v2\/posts"}],"about":[{"href":"https:\/\/expressometro.mx\/index.php\/wp-json\/wp\/v2\/types\/post"}],"author":[{"embeddable":true,"href":"https:\/\/expressometro.mx\/index.php\/wp-json\/wp\/v2\/users\/2"}],"replies":[{"embeddable":true,"href":"https:\/\/expressometro.mx\/index.php\/wp-json\/wp\/v2\/comments?post=11444"}],"version-history":[{"count":1,"href":"https:\/\/expressometro.mx\/index.php\/wp-json\/wp\/v2\/posts\/11444\/revisions"}],"predecessor-version":[{"id":11445,"href":"https:\/\/expressometro.mx\/index.php\/wp-json\/wp\/v2\/posts\/11444\/revisions\/11445"}],"wp:attachment":[{"href":"https:\/\/expressometro.mx\/index.php\/wp-json\/wp\/v2\/media?parent=11444"}],"wp:term":[{"taxonomy":"category","embeddable":true,"href":"https:\/\/expressometro.mx\/index.php\/wp-json\/wp\/v2\/categories?post=11444"},{"taxonomy":"post_tag","embeddable":true,"href":"https:\/\/expressometro.mx\/index.php\/wp-json\/wp\/v2\/tags?post=11444"}],"curies":[{"name":"wp","href":"https:\/\/api.w.org\/{rel}","templated":true}]}}