{"id":11432,"date":"2025-03-23T15:53:37","date_gmt":"2025-03-23T21:53:37","guid":{"rendered":"https:\/\/expressometro.mx\/?p=11432"},"modified":"2025-06-20T15:54:03","modified_gmt":"2025-06-20T21:54:03","slug":"detienen-a-alfa-1-jefe-de-celula-del-cartel-del-golfo-ligado-a-masacre-en-el-bar-los-cantaritos-en-queretaro","status":"publish","type":"post","link":"https:\/\/expressometro.mx\/index.php\/2025\/03\/23\/detienen-a-alfa-1-jefe-de-celula-del-cartel-del-golfo-ligado-a-masacre-en-el-bar-los-cantaritos-en-queretaro\/","title":{"rendered":"Detienen a \u201cAlfa 1\u201d, jefe de c\u00e9lula del C\u00e1rtel del Golfo ligado a masacre en el bar Los Cantaritos, en Quer\u00e9taro"},"content":{"rendered":"\n<p><\/p>\n\n\n\n<p>El secretario de Seguridad y Protecci\u00f3n Ciudadana, Omar Garc\u00eda Harfuch, dio a conocer esta ma\u00f1ana que la Secretar\u00eda de la Defensa Nacional (Sedena), la Fiscal\u00eda General de la Rep\u00fablica (FGR) y autoridades estatales detuvieron a nueve presuntos integrantes de una c\u00e9lula delictiva vinculada al ataque en el bar Los Cantaritos, ocurrido en noviembre de 2024, en el estado de Quer\u00e9taro.<\/p>\n\n\n\n<p>Entre los detenidos destaca Jos\u00e9 Francisco Contreras G\u00f3mez, alias \u201cAlfa 1\u201d, identificado como l\u00edder de la c\u00e9lula Escorpiones del C\u00e1rtel del Golfo y vinculado al C\u00e1rtel Santa Rosa de Lima (CSRL).<\/p>\n\n\n\n<p>Las detenciones se realizaron el 19 de marzo de 2025 en seis operativos simult\u00e1neos en Quer\u00e9taro, Guanajuato y Yucat\u00e1n. Durante los cateos, se aseguraron armas, drogas, veh\u00edculos y documentaci\u00f3n relacionada con las actividades delictivas del grupo.<\/p>\n\n\n\n<p>Captura de Alfa 1 en operativos simult\u00e1neos<\/p>\n\n\n\n<p>En Juriquilla, Quer\u00e9taro, fue detenido Alfa 1 junto con su pareja sentimental, Sandra Le\u00f3n Moreno, alias la \u201cPatrona\u201d, quien fung\u00eda como enlace operativo y coordinaba la compra y venta de drogas.<\/p>\n\n\n\n<p>All\u00ed, en su domicilio se encontraron dos bolsas con cristal, un arma de fuego, cartuchos \u00fatiles, seis tel\u00e9fonos celulares, tres veh\u00edculos y dos motocicletas de alta gama.<\/p>\n\n\n\n<p>En otros operativos simult\u00e1neos, realizados en San Miguel de Allende, Guanajuato, y en Quer\u00e9taro, fueron detenidos Abraham Bravo Andrade, Patricia Andrade Ayala, Jos\u00e9 Juan Gabriel Noria Bautista, Carlos Daniel Noria Ram\u00edrez, Daniel Galv\u00e1n Cruz y Ramiro de Jes\u00fas Rojas. En Yucat\u00e1n, se captur\u00f3 a Jos\u00e9 Remedios Araiza Y\u00e1\u00f1ez, alias \u201cReme\u201d, jefe de sicarios del CSRL.<\/p>\n","protected":false},"excerpt":{"rendered":"<p>El secretario de Seguridad y Protecci\u00f3n Ciudadana, Omar Garc\u00eda Harfuch, dio a conocer esta ma\u00f1ana que la Secretar\u00eda de la Defensa Nacional (Sedena), la Fiscal\u00eda General de la Rep\u00fablica (FGR) y autoridades estatales detuvieron a nueve presuntos integrantes de una c\u00e9lula delictiva vinculada al ataque en el bar Los Cantaritos, ocurrido en noviembre de 2024, en el estado de Quer\u00e9taro. Entre los detenidos destaca Jos\u00e9 Francisco Contreras G\u00f3mez, alias \u201cAlfa 1\u201d, identificado como l\u00edder de la c\u00e9lula Escorpiones del C\u00e1rtel del Golfo y vinculado al C\u00e1rtel Santa Rosa de Lima&hellip;<\/p>\n","protected":false},"author":2,"featured_media":0,"comment_status":"open","ping_status":"open","sticky":false,"template":"","format":"standard","meta":{"footnotes":""},"categories":[1],"tags":[],"class_list":["post-11432","post","type-post","status-publish","format-standard","hentry","category-otros"],"yoast_head":"<!-- This site is optimized with the Yoast SEO plugin v27.5 - https:\/\/yoast.com\/product\/yoast-seo-wordpress\/ -->\n<title>Detienen a \u201cAlfa 1\u201d, jefe de c\u00e9lula del C\u00e1rtel del Golfo ligado a masacre en el bar Los Cantaritos, en Quer\u00e9taro - Expresso Metropolitano<\/title>\n<meta name=\"robots\" content=\"index, follow, max-snippet:-1, max-image-preview:large, max-video-preview:-1\" \/>\n<link rel=\"canonical\" href=\"https:\/\/expressometro.mx\/index.php\/2025\/03\/23\/detienen-a-alfa-1-jefe-de-celula-del-cartel-del-golfo-ligado-a-masacre-en-el-bar-los-cantaritos-en-queretaro\/\" \/>\n<meta property=\"og:locale\" content=\"es_MX\" \/>\n<meta property=\"og:type\" content=\"article\" \/>\n<meta property=\"og:title\" content=\"Detienen a \u201cAlfa 1\u201d, jefe de c\u00e9lula del C\u00e1rtel del Golfo ligado a masacre en el bar Los Cantaritos, en Quer\u00e9taro - Expresso Metropolitano\" \/>\n<meta property=\"og:description\" content=\"El secretario de Seguridad y Protecci\u00f3n Ciudadana, Omar Garc\u00eda Harfuch, dio a conocer esta ma\u00f1ana que la Secretar\u00eda de la Defensa Nacional (Sedena), la Fiscal\u00eda General de la Rep\u00fablica (FGR) y autoridades estatales detuvieron a nueve presuntos integrantes de una c\u00e9lula delictiva vinculada al ataque en el bar Los Cantaritos, ocurrido en noviembre de 2024, en el estado de Quer\u00e9taro. Entre los detenidos destaca Jos\u00e9 Francisco Contreras G\u00f3mez, alias \u201cAlfa 1\u201d, identificado como l\u00edder de la c\u00e9lula Escorpiones del C\u00e1rtel del Golfo y vinculado al C\u00e1rtel Santa Rosa de Lima&hellip;\" \/>\n<meta property=\"og:url\" content=\"https:\/\/expressometro.mx\/index.php\/2025\/03\/23\/detienen-a-alfa-1-jefe-de-celula-del-cartel-del-golfo-ligado-a-masacre-en-el-bar-los-cantaritos-en-queretaro\/\" \/>\n<meta property=\"og:site_name\" content=\"Expresso Metropolitano\" \/>\n<meta property=\"article:published_time\" content=\"2025-03-23T21:53:37+00:00\" \/>\n<meta property=\"article:modified_time\" content=\"2025-06-20T21:54:03+00:00\" \/>\n<meta name=\"author\" content=\"Cecilia Vega\" \/>\n<meta name=\"twitter:label1\" content=\"Escrito por\" \/>\n\t<meta name=\"twitter:data1\" content=\"Cecilia Vega\" \/>\n\t<meta name=\"twitter:label2\" content=\"Tiempo de lectura\" \/>\n\t<meta name=\"twitter:data2\" content=\"2 minutos\" \/>\n<script type=\"application\/ld+json\" class=\"yoast-schema-graph\">{\"@context\":\"https:\\\/\\\/schema.org\",\"@graph\":[{\"@type\":\"Article\",\"@id\":\"https:\\\/\\\/expressometro.mx\\\/index.php\\\/2025\\\/03\\\/23\\\/detienen-a-alfa-1-jefe-de-celula-del-cartel-del-golfo-ligado-a-masacre-en-el-bar-los-cantaritos-en-queretaro\\\/#article\",\"isPartOf\":{\"@id\":\"https:\\\/\\\/expressometro.mx\\\/index.php\\\/2025\\\/03\\\/23\\\/detienen-a-alfa-1-jefe-de-celula-del-cartel-del-golfo-ligado-a-masacre-en-el-bar-los-cantaritos-en-queretaro\\\/\"},\"author\":{\"name\":\"Cecilia Vega\",\"@id\":\"https:\\\/\\\/expressometro.mx\\\/#\\\/schema\\\/person\\\/67a95b8e3862085c7598f66237488f1f\"},\"headline\":\"Detienen a \u201cAlfa 1\u201d, jefe de c\u00e9lula del C\u00e1rtel del Golfo ligado a masacre en el bar Los Cantaritos, en Quer\u00e9taro\",\"datePublished\":\"2025-03-23T21:53:37+00:00\",\"dateModified\":\"2025-06-20T21:54:03+00:00\",\"mainEntityOfPage\":{\"@id\":\"https:\\\/\\\/expressometro.mx\\\/index.php\\\/2025\\\/03\\\/23\\\/detienen-a-alfa-1-jefe-de-celula-del-cartel-del-golfo-ligado-a-masacre-en-el-bar-los-cantaritos-en-queretaro\\\/\"},\"wordCount\":295,\"commentCount\":0,\"publisher\":{\"@id\":\"https:\\\/\\\/expressometro.mx\\\/#organization\"},\"articleSection\":[\"Otros\"],\"inLanguage\":\"es\",\"potentialAction\":[{\"@type\":\"CommentAction\",\"name\":\"Comment\",\"target\":[\"https:\\\/\\\/expressometro.mx\\\/index.php\\\/2025\\\/03\\\/23\\\/detienen-a-alfa-1-jefe-de-celula-del-cartel-del-golfo-ligado-a-masacre-en-el-bar-los-cantaritos-en-queretaro\\\/#respond\"]}]},{\"@type\":\"WebPage\",\"@id\":\"https:\\\/\\\/expressometro.mx\\\/index.php\\\/2025\\\/03\\\/23\\\/detienen-a-alfa-1-jefe-de-celula-del-cartel-del-golfo-ligado-a-masacre-en-el-bar-los-cantaritos-en-queretaro\\\/\",\"url\":\"https:\\\/\\\/expressometro.mx\\\/index.php\\\/2025\\\/03\\\/23\\\/detienen-a-alfa-1-jefe-de-celula-del-cartel-del-golfo-ligado-a-masacre-en-el-bar-los-cantaritos-en-queretaro\\\/\",\"name\":\"Detienen a \u201cAlfa 1\u201d, jefe de c\u00e9lula del C\u00e1rtel del Golfo ligado a masacre en el bar Los Cantaritos, en Quer\u00e9taro - Expresso Metropolitano\",\"isPartOf\":{\"@id\":\"https:\\\/\\\/expressometro.mx\\\/#website\"},\"datePublished\":\"2025-03-23T21:53:37+00:00\",\"dateModified\":\"2025-06-20T21:54:03+00:00\",\"breadcrumb\":{\"@id\":\"https:\\\/\\\/expressometro.mx\\\/index.php\\\/2025\\\/03\\\/23\\\/detienen-a-alfa-1-jefe-de-celula-del-cartel-del-golfo-ligado-a-masacre-en-el-bar-los-cantaritos-en-queretaro\\\/#breadcrumb\"},\"inLanguage\":\"es\",\"potentialAction\":[{\"@type\":\"ReadAction\",\"target\":[\"https:\\\/\\\/expressometro.mx\\\/index.php\\\/2025\\\/03\\\/23\\\/detienen-a-alfa-1-jefe-de-celula-del-cartel-del-golfo-ligado-a-masacre-en-el-bar-los-cantaritos-en-queretaro\\\/\"]}]},{\"@type\":\"BreadcrumbList\",\"@id\":\"https:\\\/\\\/expressometro.mx\\\/index.php\\\/2025\\\/03\\\/23\\\/detienen-a-alfa-1-jefe-de-celula-del-cartel-del-golfo-ligado-a-masacre-en-el-bar-los-cantaritos-en-queretaro\\\/#breadcrumb\",\"itemListElement\":[{\"@type\":\"ListItem\",\"position\":1,\"name\":\"Inicio\",\"item\":\"https:\\\/\\\/expressometro.mx\\\/\"},{\"@type\":\"ListItem\",\"position\":2,\"name\":\"Detienen a \u201cAlfa 1\u201d, jefe de c\u00e9lula del C\u00e1rtel del Golfo ligado a masacre en el bar Los Cantaritos, en Quer\u00e9taro\"}]},{\"@type\":\"WebSite\",\"@id\":\"https:\\\/\\\/expressometro.mx\\\/#website\",\"url\":\"https:\\\/\\\/expressometro.mx\\\/\",\"name\":\"Expresso Metropolitano\",\"description\":\"Periodismo comprometido, informaci\u00f3n, investigaci\u00f3n y an\u00e1lisis\",\"publisher\":{\"@id\":\"https:\\\/\\\/expressometro.mx\\\/#organization\"},\"potentialAction\":[{\"@type\":\"SearchAction\",\"target\":{\"@type\":\"EntryPoint\",\"urlTemplate\":\"https:\\\/\\\/expressometro.mx\\\/?s={search_term_string}\"},\"query-input\":{\"@type\":\"PropertyValueSpecification\",\"valueRequired\":true,\"valueName\":\"search_term_string\"}}],\"inLanguage\":\"es\"},{\"@type\":\"Organization\",\"@id\":\"https:\\\/\\\/expressometro.mx\\\/#organization\",\"name\":\"Expresso Metropolitano\",\"url\":\"https:\\\/\\\/expressometro.mx\\\/\",\"logo\":{\"@type\":\"ImageObject\",\"inLanguage\":\"es\",\"@id\":\"https:\\\/\\\/expressometro.mx\\\/#\\\/schema\\\/logo\\\/image\\\/\",\"url\":\"https:\\\/\\\/expressometro.mx\\\/wp-content\\\/uploads\\\/2019\\\/07\\\/cropped-Logo-Expresso-Metropolitano-1-1.jpeg\",\"contentUrl\":\"https:\\\/\\\/expressometro.mx\\\/wp-content\\\/uploads\\\/2019\\\/07\\\/cropped-Logo-Expresso-Metropolitano-1-1.jpeg\",\"width\":290,\"height\":73,\"caption\":\"Expresso Metropolitano\"},\"image\":{\"@id\":\"https:\\\/\\\/expressometro.mx\\\/#\\\/schema\\\/logo\\\/image\\\/\"}},{\"@type\":\"Person\",\"@id\":\"https:\\\/\\\/expressometro.mx\\\/#\\\/schema\\\/person\\\/67a95b8e3862085c7598f66237488f1f\",\"name\":\"Cecilia Vega\",\"image\":{\"@type\":\"ImageObject\",\"inLanguage\":\"es\",\"@id\":\"https:\\\/\\\/secure.gravatar.com\\\/avatar\\\/13aae9944ab2ee472a9e407c9487fdbd03b049abaa559af32fe5dbcf615c981b?s=96&d=mm&r=g\",\"url\":\"https:\\\/\\\/secure.gravatar.com\\\/avatar\\\/13aae9944ab2ee472a9e407c9487fdbd03b049abaa559af32fe5dbcf615c981b?s=96&d=mm&r=g\",\"contentUrl\":\"https:\\\/\\\/secure.gravatar.com\\\/avatar\\\/13aae9944ab2ee472a9e407c9487fdbd03b049abaa559af32fe5dbcf615c981b?s=96&d=mm&r=g\",\"caption\":\"Cecilia Vega\"},\"url\":\"https:\\\/\\\/expressometro.mx\\\/index.php\\\/author\\\/cecilia-vega\\\/\"}]}<\/script>\n<!-- \/ Yoast SEO plugin. -->","yoast_head_json":{"title":"Detienen a \u201cAlfa 1\u201d, jefe de c\u00e9lula del C\u00e1rtel del Golfo ligado a masacre en el bar Los Cantaritos, en Quer\u00e9taro - Expresso Metropolitano","robots":{"index":"index","follow":"follow","max-snippet":"max-snippet:-1","max-image-preview":"max-image-preview:large","max-video-preview":"max-video-preview:-1"},"canonical":"https:\/\/expressometro.mx\/index.php\/2025\/03\/23\/detienen-a-alfa-1-jefe-de-celula-del-cartel-del-golfo-ligado-a-masacre-en-el-bar-los-cantaritos-en-queretaro\/","og_locale":"es_MX","og_type":"article","og_title":"Detienen a \u201cAlfa 1\u201d, jefe de c\u00e9lula del C\u00e1rtel del Golfo ligado a masacre en el bar Los Cantaritos, en Quer\u00e9taro - Expresso Metropolitano","og_description":"El secretario de Seguridad y Protecci\u00f3n Ciudadana, Omar Garc\u00eda Harfuch, dio a conocer esta ma\u00f1ana que la Secretar\u00eda de la Defensa Nacional (Sedena), la Fiscal\u00eda General de la Rep\u00fablica (FGR) y autoridades estatales detuvieron a nueve presuntos integrantes de una c\u00e9lula delictiva vinculada al ataque en el bar Los Cantaritos, ocurrido en noviembre de 2024, en el estado de Quer\u00e9taro. Entre los detenidos destaca Jos\u00e9 Francisco Contreras G\u00f3mez, alias \u201cAlfa 1\u201d, identificado como l\u00edder de la c\u00e9lula Escorpiones del C\u00e1rtel del Golfo y vinculado al C\u00e1rtel Santa Rosa de Lima&hellip;","og_url":"https:\/\/expressometro.mx\/index.php\/2025\/03\/23\/detienen-a-alfa-1-jefe-de-celula-del-cartel-del-golfo-ligado-a-masacre-en-el-bar-los-cantaritos-en-queretaro\/","og_site_name":"Expresso Metropolitano","article_published_time":"2025-03-23T21:53:37+00:00","article_modified_time":"2025-06-20T21:54:03+00:00","author":"Cecilia Vega","twitter_misc":{"Escrito por":"Cecilia Vega","Tiempo de lectura":"2 minutos"},"schema":{"@context":"https:\/\/schema.org","@graph":[{"@type":"Article","@id":"https:\/\/expressometro.mx\/index.php\/2025\/03\/23\/detienen-a-alfa-1-jefe-de-celula-del-cartel-del-golfo-ligado-a-masacre-en-el-bar-los-cantaritos-en-queretaro\/#article","isPartOf":{"@id":"https:\/\/expressometro.mx\/index.php\/2025\/03\/23\/detienen-a-alfa-1-jefe-de-celula-del-cartel-del-golfo-ligado-a-masacre-en-el-bar-los-cantaritos-en-queretaro\/"},"author":{"name":"Cecilia Vega","@id":"https:\/\/expressometro.mx\/#\/schema\/person\/67a95b8e3862085c7598f66237488f1f"},"headline":"Detienen a \u201cAlfa 1\u201d, jefe de c\u00e9lula del C\u00e1rtel del Golfo ligado a masacre en el bar Los Cantaritos, en Quer\u00e9taro","datePublished":"2025-03-23T21:53:37+00:00","dateModified":"2025-06-20T21:54:03+00:00","mainEntityOfPage":{"@id":"https:\/\/expressometro.mx\/index.php\/2025\/03\/23\/detienen-a-alfa-1-jefe-de-celula-del-cartel-del-golfo-ligado-a-masacre-en-el-bar-los-cantaritos-en-queretaro\/"},"wordCount":295,"commentCount":0,"publisher":{"@id":"https:\/\/expressometro.mx\/#organization"},"articleSection":["Otros"],"inLanguage":"es","potentialAction":[{"@type":"CommentAction","name":"Comment","target":["https:\/\/expressometro.mx\/index.php\/2025\/03\/23\/detienen-a-alfa-1-jefe-de-celula-del-cartel-del-golfo-ligado-a-masacre-en-el-bar-los-cantaritos-en-queretaro\/#respond"]}]},{"@type":"WebPage","@id":"https:\/\/expressometro.mx\/index.php\/2025\/03\/23\/detienen-a-alfa-1-jefe-de-celula-del-cartel-del-golfo-ligado-a-masacre-en-el-bar-los-cantaritos-en-queretaro\/","url":"https:\/\/expressometro.mx\/index.php\/2025\/03\/23\/detienen-a-alfa-1-jefe-de-celula-del-cartel-del-golfo-ligado-a-masacre-en-el-bar-los-cantaritos-en-queretaro\/","name":"Detienen a \u201cAlfa 1\u201d, jefe de c\u00e9lula del C\u00e1rtel del Golfo ligado a masacre en el bar Los Cantaritos, en Quer\u00e9taro - Expresso Metropolitano","isPartOf":{"@id":"https:\/\/expressometro.mx\/#website"},"datePublished":"2025-03-23T21:53:37+00:00","dateModified":"2025-06-20T21:54:03+00:00","breadcrumb":{"@id":"https:\/\/expressometro.mx\/index.php\/2025\/03\/23\/detienen-a-alfa-1-jefe-de-celula-del-cartel-del-golfo-ligado-a-masacre-en-el-bar-los-cantaritos-en-queretaro\/#breadcrumb"},"inLanguage":"es","potentialAction":[{"@type":"ReadAction","target":["https:\/\/expressometro.mx\/index.php\/2025\/03\/23\/detienen-a-alfa-1-jefe-de-celula-del-cartel-del-golfo-ligado-a-masacre-en-el-bar-los-cantaritos-en-queretaro\/"]}]},{"@type":"BreadcrumbList","@id":"https:\/\/expressometro.mx\/index.php\/2025\/03\/23\/detienen-a-alfa-1-jefe-de-celula-del-cartel-del-golfo-ligado-a-masacre-en-el-bar-los-cantaritos-en-queretaro\/#breadcrumb","itemListElement":[{"@type":"ListItem","position":1,"name":"Inicio","item":"https:\/\/expressometro.mx\/"},{"@type":"ListItem","position":2,"name":"Detienen a \u201cAlfa 1\u201d, jefe de c\u00e9lula del C\u00e1rtel del Golfo ligado a masacre en el bar Los Cantaritos, en Quer\u00e9taro"}]},{"@type":"WebSite","@id":"https:\/\/expressometro.mx\/#website","url":"https:\/\/expressometro.mx\/","name":"Expresso Metropolitano","description":"Periodismo comprometido, informaci\u00f3n, investigaci\u00f3n y an\u00e1lisis","publisher":{"@id":"https:\/\/expressometro.mx\/#organization"},"potentialAction":[{"@type":"SearchAction","target":{"@type":"EntryPoint","urlTemplate":"https:\/\/expressometro.mx\/?s={search_term_string}"},"query-input":{"@type":"PropertyValueSpecification","valueRequired":true,"valueName":"search_term_string"}}],"inLanguage":"es"},{"@type":"Organization","@id":"https:\/\/expressometro.mx\/#organization","name":"Expresso Metropolitano","url":"https:\/\/expressometro.mx\/","logo":{"@type":"ImageObject","inLanguage":"es","@id":"https:\/\/expressometro.mx\/#\/schema\/logo\/image\/","url":"https:\/\/expressometro.mx\/wp-content\/uploads\/2019\/07\/cropped-Logo-Expresso-Metropolitano-1-1.jpeg","contentUrl":"https:\/\/expressometro.mx\/wp-content\/uploads\/2019\/07\/cropped-Logo-Expresso-Metropolitano-1-1.jpeg","width":290,"height":73,"caption":"Expresso Metropolitano"},"image":{"@id":"https:\/\/expressometro.mx\/#\/schema\/logo\/image\/"}},{"@type":"Person","@id":"https:\/\/expressometro.mx\/#\/schema\/person\/67a95b8e3862085c7598f66237488f1f","name":"Cecilia Vega","image":{"@type":"ImageObject","inLanguage":"es","@id":"https:\/\/secure.gravatar.com\/avatar\/13aae9944ab2ee472a9e407c9487fdbd03b049abaa559af32fe5dbcf615c981b?s=96&d=mm&r=g","url":"https:\/\/secure.gravatar.com\/avatar\/13aae9944ab2ee472a9e407c9487fdbd03b049abaa559af32fe5dbcf615c981b?s=96&d=mm&r=g","contentUrl":"https:\/\/secure.gravatar.com\/avatar\/13aae9944ab2ee472a9e407c9487fdbd03b049abaa559af32fe5dbcf615c981b?s=96&d=mm&r=g","caption":"Cecilia Vega"},"url":"https:\/\/expressometro.mx\/index.php\/author\/cecilia-vega\/"}]}},"amp_enabled":true,"_links":{"self":[{"href":"https:\/\/expressometro.mx\/index.php\/wp-json\/wp\/v2\/posts\/11432","targetHints":{"allow":["GET"]}}],"collection":[{"href":"https:\/\/expressometro.mx\/index.php\/wp-json\/wp\/v2\/posts"}],"about":[{"href":"https:\/\/expressometro.mx\/index.php\/wp-json\/wp\/v2\/types\/post"}],"author":[{"embeddable":true,"href":"https:\/\/expressometro.mx\/index.php\/wp-json\/wp\/v2\/users\/2"}],"replies":[{"embeddable":true,"href":"https:\/\/expressometro.mx\/index.php\/wp-json\/wp\/v2\/comments?post=11432"}],"version-history":[{"count":1,"href":"https:\/\/expressometro.mx\/index.php\/wp-json\/wp\/v2\/posts\/11432\/revisions"}],"predecessor-version":[{"id":11433,"href":"https:\/\/expressometro.mx\/index.php\/wp-json\/wp\/v2\/posts\/11432\/revisions\/11433"}],"wp:attachment":[{"href":"https:\/\/expressometro.mx\/index.php\/wp-json\/wp\/v2\/media?parent=11432"}],"wp:term":[{"taxonomy":"category","embeddable":true,"href":"https:\/\/expressometro.mx\/index.php\/wp-json\/wp\/v2\/categories?post=11432"},{"taxonomy":"post_tag","embeddable":true,"href":"https:\/\/expressometro.mx\/index.php\/wp-json\/wp\/v2\/tags?post=11432"}],"curies":[{"name":"wp","href":"https:\/\/api.w.org\/{rel}","templated":true}]}}