{"id":11428,"date":"2025-03-22T15:48:27","date_gmt":"2025-03-22T21:48:27","guid":{"rendered":"https:\/\/expressometro.mx\/?p=11428"},"modified":"2025-06-20T15:51:41","modified_gmt":"2025-06-20T21:51:41","slug":"fiscal-de-ee-uu-investiga-como-terrorismo-interno-a-ola-de-ataques-a-concesionarias-tesla","status":"publish","type":"post","link":"https:\/\/expressometro.mx\/index.php\/2025\/03\/22\/fiscal-de-ee-uu-investiga-como-terrorismo-interno-a-ola-de-ataques-a-concesionarias-tesla\/","title":{"rendered":"Fiscal de EE. UU. investiga como \u201cterrorismo interno\u201d a ola de ataques a concesionarias Tesla"},"content":{"rendered":"\n<p><\/p>\n\n\n\n<p>La fiscal general de Estados Unidos, Pam Bondi, calific\u00f3 a una reciente ola de ataques al fabricante de autom\u00f3viles el\u00e9ctricos Tesla, propiedad del aliado clave de Donald Trump, Elon Musk, como \u201cterrorismo interno\u201d, y prometi\u00f3 imponer penas severas a los responsables.<\/p>\n\n\n\n<p>\u201cLa serie de ataques violentos en la propiedad de Tesla es nada menos que terrorismo interno\u201d<\/p>\n\n\n\n<p>Dijo Bondi en un comunicado el martes por la noche<\/p>\n\n\n\n<p>Bondi afirm\u00f3 que el Departamento de Justicia \u201cya ha acusado a varios implicados con eso en mente, incluso en casos que involucran cargos con sentencias m\u00ednimas obligatorias de cinco a\u00f1os\u201d.<\/p>\n\n\n\n<p>\u201cContinuaremos las investigaciones que imponen severas penas a los implicados en estos ataques, incluidos los que operan tras bastidores para coordinar y financiar estos cr\u00edmenes\u201d<\/p>\n","protected":false},"excerpt":{"rendered":"<p>La fiscal general de Estados Unidos, Pam Bondi, calific\u00f3 a una reciente ola de ataques al fabricante de autom\u00f3viles el\u00e9ctricos Tesla, propiedad del aliado clave de Donald Trump, Elon Musk, como \u201cterrorismo interno\u201d, y prometi\u00f3 imponer penas severas a los responsables. \u201cLa serie de ataques violentos en la propiedad de Tesla es nada menos que terrorismo interno\u201d Dijo Bondi en un comunicado el martes por la noche Bondi afirm\u00f3 que el Departamento de Justicia \u201cya ha acusado a varios implicados con eso en mente, incluso en casos que involucran cargos&hellip;<\/p>\n","protected":false},"author":2,"featured_media":0,"comment_status":"open","ping_status":"open","sticky":false,"template":"","format":"standard","meta":{"footnotes":""},"categories":[1],"tags":[],"class_list":["post-11428","post","type-post","status-publish","format-standard","hentry","category-otros"],"yoast_head":"<!-- This site is optimized with the Yoast SEO plugin v27.5 - https:\/\/yoast.com\/product\/yoast-seo-wordpress\/ -->\n<title>Fiscal de EE. UU. investiga como \u201cterrorismo interno\u201d a ola de ataques a concesionarias Tesla - Expresso Metropolitano<\/title>\n<meta name=\"robots\" content=\"index, follow, max-snippet:-1, max-image-preview:large, max-video-preview:-1\" \/>\n<link rel=\"canonical\" href=\"https:\/\/expressometro.mx\/index.php\/2025\/03\/22\/fiscal-de-ee-uu-investiga-como-terrorismo-interno-a-ola-de-ataques-a-concesionarias-tesla\/\" \/>\n<meta property=\"og:locale\" content=\"es_MX\" \/>\n<meta property=\"og:type\" content=\"article\" \/>\n<meta property=\"og:title\" content=\"Fiscal de EE. UU. investiga como \u201cterrorismo interno\u201d a ola de ataques a concesionarias Tesla - Expresso Metropolitano\" \/>\n<meta property=\"og:description\" content=\"La fiscal general de Estados Unidos, Pam Bondi, calific\u00f3 a una reciente ola de ataques al fabricante de autom\u00f3viles el\u00e9ctricos Tesla, propiedad del aliado clave de Donald Trump, Elon Musk, como \u201cterrorismo interno\u201d, y prometi\u00f3 imponer penas severas a los responsables. \u201cLa serie de ataques violentos en la propiedad de Tesla es nada menos que terrorismo interno\u201d Dijo Bondi en un comunicado el martes por la noche Bondi afirm\u00f3 que el Departamento de Justicia \u201cya ha acusado a varios implicados con eso en mente, incluso en casos que involucran cargos&hellip;\" \/>\n<meta property=\"og:url\" content=\"https:\/\/expressometro.mx\/index.php\/2025\/03\/22\/fiscal-de-ee-uu-investiga-como-terrorismo-interno-a-ola-de-ataques-a-concesionarias-tesla\/\" \/>\n<meta property=\"og:site_name\" content=\"Expresso Metropolitano\" \/>\n<meta property=\"article:published_time\" content=\"2025-03-22T21:48:27+00:00\" \/>\n<meta property=\"article:modified_time\" content=\"2025-06-20T21:51:41+00:00\" \/>\n<meta name=\"author\" content=\"Cecilia Vega\" \/>\n<meta name=\"twitter:label1\" content=\"Escrito por\" \/>\n\t<meta name=\"twitter:data1\" content=\"Cecilia Vega\" \/>\n\t<meta name=\"twitter:label2\" content=\"Tiempo de lectura\" \/>\n\t<meta name=\"twitter:data2\" content=\"1 minuto\" \/>\n<script type=\"application\/ld+json\" class=\"yoast-schema-graph\">{\"@context\":\"https:\\\/\\\/schema.org\",\"@graph\":[{\"@type\":\"Article\",\"@id\":\"https:\\\/\\\/expressometro.mx\\\/index.php\\\/2025\\\/03\\\/22\\\/fiscal-de-ee-uu-investiga-como-terrorismo-interno-a-ola-de-ataques-a-concesionarias-tesla\\\/#article\",\"isPartOf\":{\"@id\":\"https:\\\/\\\/expressometro.mx\\\/index.php\\\/2025\\\/03\\\/22\\\/fiscal-de-ee-uu-investiga-como-terrorismo-interno-a-ola-de-ataques-a-concesionarias-tesla\\\/\"},\"author\":{\"name\":\"Cecilia Vega\",\"@id\":\"https:\\\/\\\/expressometro.mx\\\/#\\\/schema\\\/person\\\/67a95b8e3862085c7598f66237488f1f\"},\"headline\":\"Fiscal de EE. UU. investiga como \u201cterrorismo interno\u201d a ola de ataques a concesionarias Tesla\",\"datePublished\":\"2025-03-22T21:48:27+00:00\",\"dateModified\":\"2025-06-20T21:51:41+00:00\",\"mainEntityOfPage\":{\"@id\":\"https:\\\/\\\/expressometro.mx\\\/index.php\\\/2025\\\/03\\\/22\\\/fiscal-de-ee-uu-investiga-como-terrorismo-interno-a-ola-de-ataques-a-concesionarias-tesla\\\/\"},\"wordCount\":142,\"commentCount\":0,\"publisher\":{\"@id\":\"https:\\\/\\\/expressometro.mx\\\/#organization\"},\"articleSection\":[\"Otros\"],\"inLanguage\":\"es\",\"potentialAction\":[{\"@type\":\"CommentAction\",\"name\":\"Comment\",\"target\":[\"https:\\\/\\\/expressometro.mx\\\/index.php\\\/2025\\\/03\\\/22\\\/fiscal-de-ee-uu-investiga-como-terrorismo-interno-a-ola-de-ataques-a-concesionarias-tesla\\\/#respond\"]}]},{\"@type\":\"WebPage\",\"@id\":\"https:\\\/\\\/expressometro.mx\\\/index.php\\\/2025\\\/03\\\/22\\\/fiscal-de-ee-uu-investiga-como-terrorismo-interno-a-ola-de-ataques-a-concesionarias-tesla\\\/\",\"url\":\"https:\\\/\\\/expressometro.mx\\\/index.php\\\/2025\\\/03\\\/22\\\/fiscal-de-ee-uu-investiga-como-terrorismo-interno-a-ola-de-ataques-a-concesionarias-tesla\\\/\",\"name\":\"Fiscal de EE. UU. investiga como \u201cterrorismo interno\u201d a ola de ataques a concesionarias Tesla - Expresso Metropolitano\",\"isPartOf\":{\"@id\":\"https:\\\/\\\/expressometro.mx\\\/#website\"},\"datePublished\":\"2025-03-22T21:48:27+00:00\",\"dateModified\":\"2025-06-20T21:51:41+00:00\",\"breadcrumb\":{\"@id\":\"https:\\\/\\\/expressometro.mx\\\/index.php\\\/2025\\\/03\\\/22\\\/fiscal-de-ee-uu-investiga-como-terrorismo-interno-a-ola-de-ataques-a-concesionarias-tesla\\\/#breadcrumb\"},\"inLanguage\":\"es\",\"potentialAction\":[{\"@type\":\"ReadAction\",\"target\":[\"https:\\\/\\\/expressometro.mx\\\/index.php\\\/2025\\\/03\\\/22\\\/fiscal-de-ee-uu-investiga-como-terrorismo-interno-a-ola-de-ataques-a-concesionarias-tesla\\\/\"]}]},{\"@type\":\"BreadcrumbList\",\"@id\":\"https:\\\/\\\/expressometro.mx\\\/index.php\\\/2025\\\/03\\\/22\\\/fiscal-de-ee-uu-investiga-como-terrorismo-interno-a-ola-de-ataques-a-concesionarias-tesla\\\/#breadcrumb\",\"itemListElement\":[{\"@type\":\"ListItem\",\"position\":1,\"name\":\"Inicio\",\"item\":\"https:\\\/\\\/expressometro.mx\\\/\"},{\"@type\":\"ListItem\",\"position\":2,\"name\":\"Fiscal de EE. UU. investiga como \u201cterrorismo interno\u201d a ola de ataques a concesionarias Tesla\"}]},{\"@type\":\"WebSite\",\"@id\":\"https:\\\/\\\/expressometro.mx\\\/#website\",\"url\":\"https:\\\/\\\/expressometro.mx\\\/\",\"name\":\"Expresso Metropolitano\",\"description\":\"Periodismo comprometido, informaci\u00f3n, investigaci\u00f3n y an\u00e1lisis\",\"publisher\":{\"@id\":\"https:\\\/\\\/expressometro.mx\\\/#organization\"},\"potentialAction\":[{\"@type\":\"SearchAction\",\"target\":{\"@type\":\"EntryPoint\",\"urlTemplate\":\"https:\\\/\\\/expressometro.mx\\\/?s={search_term_string}\"},\"query-input\":{\"@type\":\"PropertyValueSpecification\",\"valueRequired\":true,\"valueName\":\"search_term_string\"}}],\"inLanguage\":\"es\"},{\"@type\":\"Organization\",\"@id\":\"https:\\\/\\\/expressometro.mx\\\/#organization\",\"name\":\"Expresso Metropolitano\",\"url\":\"https:\\\/\\\/expressometro.mx\\\/\",\"logo\":{\"@type\":\"ImageObject\",\"inLanguage\":\"es\",\"@id\":\"https:\\\/\\\/expressometro.mx\\\/#\\\/schema\\\/logo\\\/image\\\/\",\"url\":\"https:\\\/\\\/expressometro.mx\\\/wp-content\\\/uploads\\\/2019\\\/07\\\/cropped-Logo-Expresso-Metropolitano-1-1.jpeg\",\"contentUrl\":\"https:\\\/\\\/expressometro.mx\\\/wp-content\\\/uploads\\\/2019\\\/07\\\/cropped-Logo-Expresso-Metropolitano-1-1.jpeg\",\"width\":290,\"height\":73,\"caption\":\"Expresso Metropolitano\"},\"image\":{\"@id\":\"https:\\\/\\\/expressometro.mx\\\/#\\\/schema\\\/logo\\\/image\\\/\"}},{\"@type\":\"Person\",\"@id\":\"https:\\\/\\\/expressometro.mx\\\/#\\\/schema\\\/person\\\/67a95b8e3862085c7598f66237488f1f\",\"name\":\"Cecilia Vega\",\"image\":{\"@type\":\"ImageObject\",\"inLanguage\":\"es\",\"@id\":\"https:\\\/\\\/secure.gravatar.com\\\/avatar\\\/13aae9944ab2ee472a9e407c9487fdbd03b049abaa559af32fe5dbcf615c981b?s=96&d=mm&r=g\",\"url\":\"https:\\\/\\\/secure.gravatar.com\\\/avatar\\\/13aae9944ab2ee472a9e407c9487fdbd03b049abaa559af32fe5dbcf615c981b?s=96&d=mm&r=g\",\"contentUrl\":\"https:\\\/\\\/secure.gravatar.com\\\/avatar\\\/13aae9944ab2ee472a9e407c9487fdbd03b049abaa559af32fe5dbcf615c981b?s=96&d=mm&r=g\",\"caption\":\"Cecilia Vega\"},\"url\":\"https:\\\/\\\/expressometro.mx\\\/index.php\\\/author\\\/cecilia-vega\\\/\"}]}<\/script>\n<!-- \/ Yoast SEO plugin. -->","yoast_head_json":{"title":"Fiscal de EE. UU. investiga como \u201cterrorismo interno\u201d a ola de ataques a concesionarias Tesla - Expresso Metropolitano","robots":{"index":"index","follow":"follow","max-snippet":"max-snippet:-1","max-image-preview":"max-image-preview:large","max-video-preview":"max-video-preview:-1"},"canonical":"https:\/\/expressometro.mx\/index.php\/2025\/03\/22\/fiscal-de-ee-uu-investiga-como-terrorismo-interno-a-ola-de-ataques-a-concesionarias-tesla\/","og_locale":"es_MX","og_type":"article","og_title":"Fiscal de EE. UU. investiga como \u201cterrorismo interno\u201d a ola de ataques a concesionarias Tesla - Expresso Metropolitano","og_description":"La fiscal general de Estados Unidos, Pam Bondi, calific\u00f3 a una reciente ola de ataques al fabricante de autom\u00f3viles el\u00e9ctricos Tesla, propiedad del aliado clave de Donald Trump, Elon Musk, como \u201cterrorismo interno\u201d, y prometi\u00f3 imponer penas severas a los responsables. \u201cLa serie de ataques violentos en la propiedad de Tesla es nada menos que terrorismo interno\u201d Dijo Bondi en un comunicado el martes por la noche Bondi afirm\u00f3 que el Departamento de Justicia \u201cya ha acusado a varios implicados con eso en mente, incluso en casos que involucran cargos&hellip;","og_url":"https:\/\/expressometro.mx\/index.php\/2025\/03\/22\/fiscal-de-ee-uu-investiga-como-terrorismo-interno-a-ola-de-ataques-a-concesionarias-tesla\/","og_site_name":"Expresso Metropolitano","article_published_time":"2025-03-22T21:48:27+00:00","article_modified_time":"2025-06-20T21:51:41+00:00","author":"Cecilia Vega","twitter_misc":{"Escrito por":"Cecilia Vega","Tiempo de lectura":"1 minuto"},"schema":{"@context":"https:\/\/schema.org","@graph":[{"@type":"Article","@id":"https:\/\/expressometro.mx\/index.php\/2025\/03\/22\/fiscal-de-ee-uu-investiga-como-terrorismo-interno-a-ola-de-ataques-a-concesionarias-tesla\/#article","isPartOf":{"@id":"https:\/\/expressometro.mx\/index.php\/2025\/03\/22\/fiscal-de-ee-uu-investiga-como-terrorismo-interno-a-ola-de-ataques-a-concesionarias-tesla\/"},"author":{"name":"Cecilia Vega","@id":"https:\/\/expressometro.mx\/#\/schema\/person\/67a95b8e3862085c7598f66237488f1f"},"headline":"Fiscal de EE. UU. investiga como \u201cterrorismo interno\u201d a ola de ataques a concesionarias Tesla","datePublished":"2025-03-22T21:48:27+00:00","dateModified":"2025-06-20T21:51:41+00:00","mainEntityOfPage":{"@id":"https:\/\/expressometro.mx\/index.php\/2025\/03\/22\/fiscal-de-ee-uu-investiga-como-terrorismo-interno-a-ola-de-ataques-a-concesionarias-tesla\/"},"wordCount":142,"commentCount":0,"publisher":{"@id":"https:\/\/expressometro.mx\/#organization"},"articleSection":["Otros"],"inLanguage":"es","potentialAction":[{"@type":"CommentAction","name":"Comment","target":["https:\/\/expressometro.mx\/index.php\/2025\/03\/22\/fiscal-de-ee-uu-investiga-como-terrorismo-interno-a-ola-de-ataques-a-concesionarias-tesla\/#respond"]}]},{"@type":"WebPage","@id":"https:\/\/expressometro.mx\/index.php\/2025\/03\/22\/fiscal-de-ee-uu-investiga-como-terrorismo-interno-a-ola-de-ataques-a-concesionarias-tesla\/","url":"https:\/\/expressometro.mx\/index.php\/2025\/03\/22\/fiscal-de-ee-uu-investiga-como-terrorismo-interno-a-ola-de-ataques-a-concesionarias-tesla\/","name":"Fiscal de EE. UU. investiga como \u201cterrorismo interno\u201d a ola de ataques a concesionarias Tesla - Expresso Metropolitano","isPartOf":{"@id":"https:\/\/expressometro.mx\/#website"},"datePublished":"2025-03-22T21:48:27+00:00","dateModified":"2025-06-20T21:51:41+00:00","breadcrumb":{"@id":"https:\/\/expressometro.mx\/index.php\/2025\/03\/22\/fiscal-de-ee-uu-investiga-como-terrorismo-interno-a-ola-de-ataques-a-concesionarias-tesla\/#breadcrumb"},"inLanguage":"es","potentialAction":[{"@type":"ReadAction","target":["https:\/\/expressometro.mx\/index.php\/2025\/03\/22\/fiscal-de-ee-uu-investiga-como-terrorismo-interno-a-ola-de-ataques-a-concesionarias-tesla\/"]}]},{"@type":"BreadcrumbList","@id":"https:\/\/expressometro.mx\/index.php\/2025\/03\/22\/fiscal-de-ee-uu-investiga-como-terrorismo-interno-a-ola-de-ataques-a-concesionarias-tesla\/#breadcrumb","itemListElement":[{"@type":"ListItem","position":1,"name":"Inicio","item":"https:\/\/expressometro.mx\/"},{"@type":"ListItem","position":2,"name":"Fiscal de EE. UU. investiga como \u201cterrorismo interno\u201d a ola de ataques a concesionarias Tesla"}]},{"@type":"WebSite","@id":"https:\/\/expressometro.mx\/#website","url":"https:\/\/expressometro.mx\/","name":"Expresso Metropolitano","description":"Periodismo comprometido, informaci\u00f3n, investigaci\u00f3n y an\u00e1lisis","publisher":{"@id":"https:\/\/expressometro.mx\/#organization"},"potentialAction":[{"@type":"SearchAction","target":{"@type":"EntryPoint","urlTemplate":"https:\/\/expressometro.mx\/?s={search_term_string}"},"query-input":{"@type":"PropertyValueSpecification","valueRequired":true,"valueName":"search_term_string"}}],"inLanguage":"es"},{"@type":"Organization","@id":"https:\/\/expressometro.mx\/#organization","name":"Expresso Metropolitano","url":"https:\/\/expressometro.mx\/","logo":{"@type":"ImageObject","inLanguage":"es","@id":"https:\/\/expressometro.mx\/#\/schema\/logo\/image\/","url":"https:\/\/expressometro.mx\/wp-content\/uploads\/2019\/07\/cropped-Logo-Expresso-Metropolitano-1-1.jpeg","contentUrl":"https:\/\/expressometro.mx\/wp-content\/uploads\/2019\/07\/cropped-Logo-Expresso-Metropolitano-1-1.jpeg","width":290,"height":73,"caption":"Expresso Metropolitano"},"image":{"@id":"https:\/\/expressometro.mx\/#\/schema\/logo\/image\/"}},{"@type":"Person","@id":"https:\/\/expressometro.mx\/#\/schema\/person\/67a95b8e3862085c7598f66237488f1f","name":"Cecilia Vega","image":{"@type":"ImageObject","inLanguage":"es","@id":"https:\/\/secure.gravatar.com\/avatar\/13aae9944ab2ee472a9e407c9487fdbd03b049abaa559af32fe5dbcf615c981b?s=96&d=mm&r=g","url":"https:\/\/secure.gravatar.com\/avatar\/13aae9944ab2ee472a9e407c9487fdbd03b049abaa559af32fe5dbcf615c981b?s=96&d=mm&r=g","contentUrl":"https:\/\/secure.gravatar.com\/avatar\/13aae9944ab2ee472a9e407c9487fdbd03b049abaa559af32fe5dbcf615c981b?s=96&d=mm&r=g","caption":"Cecilia Vega"},"url":"https:\/\/expressometro.mx\/index.php\/author\/cecilia-vega\/"}]}},"amp_enabled":true,"_links":{"self":[{"href":"https:\/\/expressometro.mx\/index.php\/wp-json\/wp\/v2\/posts\/11428","targetHints":{"allow":["GET"]}}],"collection":[{"href":"https:\/\/expressometro.mx\/index.php\/wp-json\/wp\/v2\/posts"}],"about":[{"href":"https:\/\/expressometro.mx\/index.php\/wp-json\/wp\/v2\/types\/post"}],"author":[{"embeddable":true,"href":"https:\/\/expressometro.mx\/index.php\/wp-json\/wp\/v2\/users\/2"}],"replies":[{"embeddable":true,"href":"https:\/\/expressometro.mx\/index.php\/wp-json\/wp\/v2\/comments?post=11428"}],"version-history":[{"count":1,"href":"https:\/\/expressometro.mx\/index.php\/wp-json\/wp\/v2\/posts\/11428\/revisions"}],"predecessor-version":[{"id":11430,"href":"https:\/\/expressometro.mx\/index.php\/wp-json\/wp\/v2\/posts\/11428\/revisions\/11430"}],"wp:attachment":[{"href":"https:\/\/expressometro.mx\/index.php\/wp-json\/wp\/v2\/media?parent=11428"}],"wp:term":[{"taxonomy":"category","embeddable":true,"href":"https:\/\/expressometro.mx\/index.php\/wp-json\/wp\/v2\/categories?post=11428"},{"taxonomy":"post_tag","embeddable":true,"href":"https:\/\/expressometro.mx\/index.php\/wp-json\/wp\/v2\/tags?post=11428"}],"curies":[{"name":"wp","href":"https:\/\/api.w.org\/{rel}","templated":true}]}}