{"id":11419,"date":"2025-02-25T15:29:48","date_gmt":"2025-02-25T21:29:48","guid":{"rendered":"https:\/\/expressometro.mx\/?p=11419"},"modified":"2025-06-20T15:30:22","modified_gmt":"2025-06-20T21:30:22","slug":"vinculan-a-proceso-a-lucio-y-diana-por-tentativa-de-homicidio-al-abandonar-a-su-bebe-en-tultitlan","status":"publish","type":"post","link":"https:\/\/expressometro.mx\/index.php\/2025\/02\/25\/vinculan-a-proceso-a-lucio-y-diana-por-tentativa-de-homicidio-al-abandonar-a-su-bebe-en-tultitlan\/","title":{"rendered":"Vinculan a proceso a Lucio y Diana por tentativa de homicidio al abandonar a su beb\u00e9 en Tultitl\u00e1n"},"content":{"rendered":"\n<p><\/p>\n\n\n\n<p>Lucio \u2018N\u2019 y Diana \u2018N\u2019 recibieron su vinculaci\u00f3n a proceso por tentativa de homicidio, despu\u00e9s de abandonar a su beb\u00e9 reci\u00e9n nacido en las calles de la colonia Fuentes del Valle, ubicada en Tultitl\u00e1n, Estado de M\u00e9xico. FOTO: VANGUARDIA<\/p>\n\n\n\n<p>La audiencia de vinculaci\u00f3n a proceso se llev\u00f3 a cabo en los Juzgados de Cuautitl\u00e1n, donde un juez de control dio legalidad a la detenci\u00f3n de los j\u00f3venes<\/p>\n\n\n\n<p>Lucio \u2018N\u2019 y Diana \u2018N\u2019 recibieron su vinculaci\u00f3n a proceso por tentativa de homicidio, despu\u00e9s de abandonar a su beb\u00e9 reci\u00e9n nacido en las calles de la colonia Fuentes del Valle, ubicada en Tultitl\u00e1n, Estado de M\u00e9xico. Los imputados recibieron el dictamen de un juez de control en una audiencia celebrada durante el 20 de febrero, en los Juzgados de Cuautitl\u00e1n.<\/p>\n\n\n\n<p>El juzgador revis\u00f3 las pruebas presentadas por la Fiscal\u00eda General de Justicia del Estado de M\u00e9xico (FGJEM) y determin\u00f3 dar continuidad a la investigaci\u00f3n por el delito de homicidio en grado de tentativa.<\/p>\n\n\n\n<p>Se fij\u00f3 un plazo de cuatro meses para concluir con las diligencias complementarias. Por ahora, los j\u00f3venes permanecer\u00e1n en prisi\u00f3n preventiva.<\/p>\n\n\n\n<p>Durante la reuni\u00f3n se concedi\u00f3 la oportunidad de que Lucio dijera unas palabras, donde brind\u00f3 su declaraci\u00f3n de los hechos, en la que se dijo preocupado por su situaci\u00f3n econ\u00f3mica, pues se encontraba desempleado desde el mes de enero.<\/p>\n\n\n\n<p>Seg\u00fan lo que explic\u00f3 el joven de 18 a\u00f1os de edad, inestabilidad financiera lo incentiv\u00f3 a querer deslindarse de su responsabilidad paternal, por lo que decidi\u00f3 abandonar al reci\u00e9n nacido.<\/p>\n\n\n\n<p>En su narraci\u00f3n de los hechos, una vez cometido el delito, Lucio se qued\u00f3 atento a 50 metros de distancia del lugar y observ\u00f3 c\u00f3mo una pareja recogi\u00f3 al beb\u00e9 y se lo llev\u00f3 en una patrulla de la Polic\u00eda Municipal.<\/p>\n","protected":false},"excerpt":{"rendered":"<p>Lucio \u2018N\u2019 y Diana \u2018N\u2019 recibieron su vinculaci\u00f3n a proceso por tentativa de homicidio, despu\u00e9s de abandonar a su beb\u00e9 reci\u00e9n nacido en las calles de la colonia Fuentes del Valle, ubicada en Tultitl\u00e1n, Estado de M\u00e9xico. FOTO: VANGUARDIA La audiencia de vinculaci\u00f3n a proceso se llev\u00f3 a cabo en los Juzgados de Cuautitl\u00e1n, donde un juez de control dio legalidad a la detenci\u00f3n de los j\u00f3venes Lucio \u2018N\u2019 y Diana \u2018N\u2019 recibieron su vinculaci\u00f3n a proceso por tentativa de homicidio, despu\u00e9s de abandonar a su beb\u00e9 reci\u00e9n nacido en&hellip;<\/p>\n","protected":false},"author":2,"featured_media":0,"comment_status":"open","ping_status":"open","sticky":false,"template":"","format":"standard","meta":{"footnotes":""},"categories":[1],"tags":[],"class_list":["post-11419","post","type-post","status-publish","format-standard","hentry","category-otros"],"yoast_head":"<!-- This site is optimized with the Yoast SEO plugin v27.4 - https:\/\/yoast.com\/product\/yoast-seo-wordpress\/ -->\n<title>Vinculan a proceso a Lucio y Diana por tentativa de homicidio al abandonar a su beb\u00e9 en Tultitl\u00e1n - Expresso Metropolitano<\/title>\n<meta name=\"robots\" content=\"index, follow, max-snippet:-1, max-image-preview:large, max-video-preview:-1\" \/>\n<link rel=\"canonical\" href=\"https:\/\/expressometro.mx\/index.php\/2025\/02\/25\/vinculan-a-proceso-a-lucio-y-diana-por-tentativa-de-homicidio-al-abandonar-a-su-bebe-en-tultitlan\/\" \/>\n<meta property=\"og:locale\" content=\"es_MX\" \/>\n<meta property=\"og:type\" content=\"article\" \/>\n<meta property=\"og:title\" content=\"Vinculan a proceso a Lucio y Diana por tentativa de homicidio al abandonar a su beb\u00e9 en Tultitl\u00e1n - Expresso Metropolitano\" \/>\n<meta property=\"og:description\" content=\"Lucio \u2018N\u2019 y Diana \u2018N\u2019 recibieron su vinculaci\u00f3n a proceso por tentativa de homicidio, despu\u00e9s de abandonar a su beb\u00e9 reci\u00e9n nacido en las calles de la colonia Fuentes del Valle, ubicada en Tultitl\u00e1n, Estado de M\u00e9xico. FOTO: VANGUARDIA La audiencia de vinculaci\u00f3n a proceso se llev\u00f3 a cabo en los Juzgados de Cuautitl\u00e1n, donde un juez de control dio legalidad a la detenci\u00f3n de los j\u00f3venes Lucio \u2018N\u2019 y Diana \u2018N\u2019 recibieron su vinculaci\u00f3n a proceso por tentativa de homicidio, despu\u00e9s de abandonar a su beb\u00e9 reci\u00e9n nacido en&hellip;\" \/>\n<meta property=\"og:url\" content=\"https:\/\/expressometro.mx\/index.php\/2025\/02\/25\/vinculan-a-proceso-a-lucio-y-diana-por-tentativa-de-homicidio-al-abandonar-a-su-bebe-en-tultitlan\/\" \/>\n<meta property=\"og:site_name\" content=\"Expresso Metropolitano\" \/>\n<meta property=\"article:published_time\" content=\"2025-02-25T21:29:48+00:00\" \/>\n<meta property=\"article:modified_time\" content=\"2025-06-20T21:30:22+00:00\" \/>\n<meta name=\"author\" content=\"Cecilia Vega\" \/>\n<meta name=\"twitter:label1\" content=\"Escrito por\" \/>\n\t<meta name=\"twitter:data1\" content=\"Cecilia Vega\" \/>\n\t<meta name=\"twitter:label2\" content=\"Tiempo de lectura\" \/>\n\t<meta name=\"twitter:data2\" content=\"2 minutos\" \/>\n<script type=\"application\/ld+json\" class=\"yoast-schema-graph\">{\"@context\":\"https:\\\/\\\/schema.org\",\"@graph\":[{\"@type\":\"Article\",\"@id\":\"https:\\\/\\\/expressometro.mx\\\/index.php\\\/2025\\\/02\\\/25\\\/vinculan-a-proceso-a-lucio-y-diana-por-tentativa-de-homicidio-al-abandonar-a-su-bebe-en-tultitlan\\\/#article\",\"isPartOf\":{\"@id\":\"https:\\\/\\\/expressometro.mx\\\/index.php\\\/2025\\\/02\\\/25\\\/vinculan-a-proceso-a-lucio-y-diana-por-tentativa-de-homicidio-al-abandonar-a-su-bebe-en-tultitlan\\\/\"},\"author\":{\"name\":\"Cecilia Vega\",\"@id\":\"https:\\\/\\\/expressometro.mx\\\/#\\\/schema\\\/person\\\/67a95b8e3862085c7598f66237488f1f\"},\"headline\":\"Vinculan a proceso a Lucio y Diana por tentativa de homicidio al abandonar a su beb\u00e9 en Tultitl\u00e1n\",\"datePublished\":\"2025-02-25T21:29:48+00:00\",\"dateModified\":\"2025-06-20T21:30:22+00:00\",\"mainEntityOfPage\":{\"@id\":\"https:\\\/\\\/expressometro.mx\\\/index.php\\\/2025\\\/02\\\/25\\\/vinculan-a-proceso-a-lucio-y-diana-por-tentativa-de-homicidio-al-abandonar-a-su-bebe-en-tultitlan\\\/\"},\"wordCount\":339,\"commentCount\":0,\"publisher\":{\"@id\":\"https:\\\/\\\/expressometro.mx\\\/#organization\"},\"articleSection\":[\"Otros\"],\"inLanguage\":\"es\",\"potentialAction\":[{\"@type\":\"CommentAction\",\"name\":\"Comment\",\"target\":[\"https:\\\/\\\/expressometro.mx\\\/index.php\\\/2025\\\/02\\\/25\\\/vinculan-a-proceso-a-lucio-y-diana-por-tentativa-de-homicidio-al-abandonar-a-su-bebe-en-tultitlan\\\/#respond\"]}]},{\"@type\":\"WebPage\",\"@id\":\"https:\\\/\\\/expressometro.mx\\\/index.php\\\/2025\\\/02\\\/25\\\/vinculan-a-proceso-a-lucio-y-diana-por-tentativa-de-homicidio-al-abandonar-a-su-bebe-en-tultitlan\\\/\",\"url\":\"https:\\\/\\\/expressometro.mx\\\/index.php\\\/2025\\\/02\\\/25\\\/vinculan-a-proceso-a-lucio-y-diana-por-tentativa-de-homicidio-al-abandonar-a-su-bebe-en-tultitlan\\\/\",\"name\":\"Vinculan a proceso a Lucio y Diana por tentativa de homicidio al abandonar a su beb\u00e9 en Tultitl\u00e1n - Expresso Metropolitano\",\"isPartOf\":{\"@id\":\"https:\\\/\\\/expressometro.mx\\\/#website\"},\"datePublished\":\"2025-02-25T21:29:48+00:00\",\"dateModified\":\"2025-06-20T21:30:22+00:00\",\"breadcrumb\":{\"@id\":\"https:\\\/\\\/expressometro.mx\\\/index.php\\\/2025\\\/02\\\/25\\\/vinculan-a-proceso-a-lucio-y-diana-por-tentativa-de-homicidio-al-abandonar-a-su-bebe-en-tultitlan\\\/#breadcrumb\"},\"inLanguage\":\"es\",\"potentialAction\":[{\"@type\":\"ReadAction\",\"target\":[\"https:\\\/\\\/expressometro.mx\\\/index.php\\\/2025\\\/02\\\/25\\\/vinculan-a-proceso-a-lucio-y-diana-por-tentativa-de-homicidio-al-abandonar-a-su-bebe-en-tultitlan\\\/\"]}]},{\"@type\":\"BreadcrumbList\",\"@id\":\"https:\\\/\\\/expressometro.mx\\\/index.php\\\/2025\\\/02\\\/25\\\/vinculan-a-proceso-a-lucio-y-diana-por-tentativa-de-homicidio-al-abandonar-a-su-bebe-en-tultitlan\\\/#breadcrumb\",\"itemListElement\":[{\"@type\":\"ListItem\",\"position\":1,\"name\":\"Inicio\",\"item\":\"https:\\\/\\\/expressometro.mx\\\/\"},{\"@type\":\"ListItem\",\"position\":2,\"name\":\"Vinculan a proceso a Lucio y Diana por tentativa de homicidio al abandonar a su beb\u00e9 en Tultitl\u00e1n\"}]},{\"@type\":\"WebSite\",\"@id\":\"https:\\\/\\\/expressometro.mx\\\/#website\",\"url\":\"https:\\\/\\\/expressometro.mx\\\/\",\"name\":\"Expresso Metropolitano\",\"description\":\"Periodismo comprometido, informaci\u00f3n, investigaci\u00f3n y an\u00e1lisis\",\"publisher\":{\"@id\":\"https:\\\/\\\/expressometro.mx\\\/#organization\"},\"potentialAction\":[{\"@type\":\"SearchAction\",\"target\":{\"@type\":\"EntryPoint\",\"urlTemplate\":\"https:\\\/\\\/expressometro.mx\\\/?s={search_term_string}\"},\"query-input\":{\"@type\":\"PropertyValueSpecification\",\"valueRequired\":true,\"valueName\":\"search_term_string\"}}],\"inLanguage\":\"es\"},{\"@type\":\"Organization\",\"@id\":\"https:\\\/\\\/expressometro.mx\\\/#organization\",\"name\":\"Expresso Metropolitano\",\"url\":\"https:\\\/\\\/expressometro.mx\\\/\",\"logo\":{\"@type\":\"ImageObject\",\"inLanguage\":\"es\",\"@id\":\"https:\\\/\\\/expressometro.mx\\\/#\\\/schema\\\/logo\\\/image\\\/\",\"url\":\"https:\\\/\\\/expressometro.mx\\\/wp-content\\\/uploads\\\/2019\\\/07\\\/cropped-Logo-Expresso-Metropolitano-1-1.jpeg\",\"contentUrl\":\"https:\\\/\\\/expressometro.mx\\\/wp-content\\\/uploads\\\/2019\\\/07\\\/cropped-Logo-Expresso-Metropolitano-1-1.jpeg\",\"width\":290,\"height\":73,\"caption\":\"Expresso Metropolitano\"},\"image\":{\"@id\":\"https:\\\/\\\/expressometro.mx\\\/#\\\/schema\\\/logo\\\/image\\\/\"}},{\"@type\":\"Person\",\"@id\":\"https:\\\/\\\/expressometro.mx\\\/#\\\/schema\\\/person\\\/67a95b8e3862085c7598f66237488f1f\",\"name\":\"Cecilia Vega\",\"image\":{\"@type\":\"ImageObject\",\"inLanguage\":\"es\",\"@id\":\"https:\\\/\\\/secure.gravatar.com\\\/avatar\\\/13aae9944ab2ee472a9e407c9487fdbd03b049abaa559af32fe5dbcf615c981b?s=96&d=mm&r=g\",\"url\":\"https:\\\/\\\/secure.gravatar.com\\\/avatar\\\/13aae9944ab2ee472a9e407c9487fdbd03b049abaa559af32fe5dbcf615c981b?s=96&d=mm&r=g\",\"contentUrl\":\"https:\\\/\\\/secure.gravatar.com\\\/avatar\\\/13aae9944ab2ee472a9e407c9487fdbd03b049abaa559af32fe5dbcf615c981b?s=96&d=mm&r=g\",\"caption\":\"Cecilia Vega\"},\"url\":\"https:\\\/\\\/expressometro.mx\\\/index.php\\\/author\\\/cecilia-vega\\\/\"}]}<\/script>\n<!-- \/ Yoast SEO plugin. -->","yoast_head_json":{"title":"Vinculan a proceso a Lucio y Diana por tentativa de homicidio al abandonar a su beb\u00e9 en Tultitl\u00e1n - Expresso Metropolitano","robots":{"index":"index","follow":"follow","max-snippet":"max-snippet:-1","max-image-preview":"max-image-preview:large","max-video-preview":"max-video-preview:-1"},"canonical":"https:\/\/expressometro.mx\/index.php\/2025\/02\/25\/vinculan-a-proceso-a-lucio-y-diana-por-tentativa-de-homicidio-al-abandonar-a-su-bebe-en-tultitlan\/","og_locale":"es_MX","og_type":"article","og_title":"Vinculan a proceso a Lucio y Diana por tentativa de homicidio al abandonar a su beb\u00e9 en Tultitl\u00e1n - Expresso Metropolitano","og_description":"Lucio \u2018N\u2019 y Diana \u2018N\u2019 recibieron su vinculaci\u00f3n a proceso por tentativa de homicidio, despu\u00e9s de abandonar a su beb\u00e9 reci\u00e9n nacido en las calles de la colonia Fuentes del Valle, ubicada en Tultitl\u00e1n, Estado de M\u00e9xico. FOTO: VANGUARDIA La audiencia de vinculaci\u00f3n a proceso se llev\u00f3 a cabo en los Juzgados de Cuautitl\u00e1n, donde un juez de control dio legalidad a la detenci\u00f3n de los j\u00f3venes Lucio \u2018N\u2019 y Diana \u2018N\u2019 recibieron su vinculaci\u00f3n a proceso por tentativa de homicidio, despu\u00e9s de abandonar a su beb\u00e9 reci\u00e9n nacido en&hellip;","og_url":"https:\/\/expressometro.mx\/index.php\/2025\/02\/25\/vinculan-a-proceso-a-lucio-y-diana-por-tentativa-de-homicidio-al-abandonar-a-su-bebe-en-tultitlan\/","og_site_name":"Expresso Metropolitano","article_published_time":"2025-02-25T21:29:48+00:00","article_modified_time":"2025-06-20T21:30:22+00:00","author":"Cecilia Vega","twitter_misc":{"Escrito por":"Cecilia Vega","Tiempo de lectura":"2 minutos"},"schema":{"@context":"https:\/\/schema.org","@graph":[{"@type":"Article","@id":"https:\/\/expressometro.mx\/index.php\/2025\/02\/25\/vinculan-a-proceso-a-lucio-y-diana-por-tentativa-de-homicidio-al-abandonar-a-su-bebe-en-tultitlan\/#article","isPartOf":{"@id":"https:\/\/expressometro.mx\/index.php\/2025\/02\/25\/vinculan-a-proceso-a-lucio-y-diana-por-tentativa-de-homicidio-al-abandonar-a-su-bebe-en-tultitlan\/"},"author":{"name":"Cecilia Vega","@id":"https:\/\/expressometro.mx\/#\/schema\/person\/67a95b8e3862085c7598f66237488f1f"},"headline":"Vinculan a proceso a Lucio y Diana por tentativa de homicidio al abandonar a su beb\u00e9 en Tultitl\u00e1n","datePublished":"2025-02-25T21:29:48+00:00","dateModified":"2025-06-20T21:30:22+00:00","mainEntityOfPage":{"@id":"https:\/\/expressometro.mx\/index.php\/2025\/02\/25\/vinculan-a-proceso-a-lucio-y-diana-por-tentativa-de-homicidio-al-abandonar-a-su-bebe-en-tultitlan\/"},"wordCount":339,"commentCount":0,"publisher":{"@id":"https:\/\/expressometro.mx\/#organization"},"articleSection":["Otros"],"inLanguage":"es","potentialAction":[{"@type":"CommentAction","name":"Comment","target":["https:\/\/expressometro.mx\/index.php\/2025\/02\/25\/vinculan-a-proceso-a-lucio-y-diana-por-tentativa-de-homicidio-al-abandonar-a-su-bebe-en-tultitlan\/#respond"]}]},{"@type":"WebPage","@id":"https:\/\/expressometro.mx\/index.php\/2025\/02\/25\/vinculan-a-proceso-a-lucio-y-diana-por-tentativa-de-homicidio-al-abandonar-a-su-bebe-en-tultitlan\/","url":"https:\/\/expressometro.mx\/index.php\/2025\/02\/25\/vinculan-a-proceso-a-lucio-y-diana-por-tentativa-de-homicidio-al-abandonar-a-su-bebe-en-tultitlan\/","name":"Vinculan a proceso a Lucio y Diana por tentativa de homicidio al abandonar a su beb\u00e9 en Tultitl\u00e1n - Expresso Metropolitano","isPartOf":{"@id":"https:\/\/expressometro.mx\/#website"},"datePublished":"2025-02-25T21:29:48+00:00","dateModified":"2025-06-20T21:30:22+00:00","breadcrumb":{"@id":"https:\/\/expressometro.mx\/index.php\/2025\/02\/25\/vinculan-a-proceso-a-lucio-y-diana-por-tentativa-de-homicidio-al-abandonar-a-su-bebe-en-tultitlan\/#breadcrumb"},"inLanguage":"es","potentialAction":[{"@type":"ReadAction","target":["https:\/\/expressometro.mx\/index.php\/2025\/02\/25\/vinculan-a-proceso-a-lucio-y-diana-por-tentativa-de-homicidio-al-abandonar-a-su-bebe-en-tultitlan\/"]}]},{"@type":"BreadcrumbList","@id":"https:\/\/expressometro.mx\/index.php\/2025\/02\/25\/vinculan-a-proceso-a-lucio-y-diana-por-tentativa-de-homicidio-al-abandonar-a-su-bebe-en-tultitlan\/#breadcrumb","itemListElement":[{"@type":"ListItem","position":1,"name":"Inicio","item":"https:\/\/expressometro.mx\/"},{"@type":"ListItem","position":2,"name":"Vinculan a proceso a Lucio y Diana por tentativa de homicidio al abandonar a su beb\u00e9 en Tultitl\u00e1n"}]},{"@type":"WebSite","@id":"https:\/\/expressometro.mx\/#website","url":"https:\/\/expressometro.mx\/","name":"Expresso Metropolitano","description":"Periodismo comprometido, informaci\u00f3n, investigaci\u00f3n y an\u00e1lisis","publisher":{"@id":"https:\/\/expressometro.mx\/#organization"},"potentialAction":[{"@type":"SearchAction","target":{"@type":"EntryPoint","urlTemplate":"https:\/\/expressometro.mx\/?s={search_term_string}"},"query-input":{"@type":"PropertyValueSpecification","valueRequired":true,"valueName":"search_term_string"}}],"inLanguage":"es"},{"@type":"Organization","@id":"https:\/\/expressometro.mx\/#organization","name":"Expresso Metropolitano","url":"https:\/\/expressometro.mx\/","logo":{"@type":"ImageObject","inLanguage":"es","@id":"https:\/\/expressometro.mx\/#\/schema\/logo\/image\/","url":"https:\/\/expressometro.mx\/wp-content\/uploads\/2019\/07\/cropped-Logo-Expresso-Metropolitano-1-1.jpeg","contentUrl":"https:\/\/expressometro.mx\/wp-content\/uploads\/2019\/07\/cropped-Logo-Expresso-Metropolitano-1-1.jpeg","width":290,"height":73,"caption":"Expresso Metropolitano"},"image":{"@id":"https:\/\/expressometro.mx\/#\/schema\/logo\/image\/"}},{"@type":"Person","@id":"https:\/\/expressometro.mx\/#\/schema\/person\/67a95b8e3862085c7598f66237488f1f","name":"Cecilia Vega","image":{"@type":"ImageObject","inLanguage":"es","@id":"https:\/\/secure.gravatar.com\/avatar\/13aae9944ab2ee472a9e407c9487fdbd03b049abaa559af32fe5dbcf615c981b?s=96&d=mm&r=g","url":"https:\/\/secure.gravatar.com\/avatar\/13aae9944ab2ee472a9e407c9487fdbd03b049abaa559af32fe5dbcf615c981b?s=96&d=mm&r=g","contentUrl":"https:\/\/secure.gravatar.com\/avatar\/13aae9944ab2ee472a9e407c9487fdbd03b049abaa559af32fe5dbcf615c981b?s=96&d=mm&r=g","caption":"Cecilia Vega"},"url":"https:\/\/expressometro.mx\/index.php\/author\/cecilia-vega\/"}]}},"amp_enabled":true,"_links":{"self":[{"href":"https:\/\/expressometro.mx\/index.php\/wp-json\/wp\/v2\/posts\/11419","targetHints":{"allow":["GET"]}}],"collection":[{"href":"https:\/\/expressometro.mx\/index.php\/wp-json\/wp\/v2\/posts"}],"about":[{"href":"https:\/\/expressometro.mx\/index.php\/wp-json\/wp\/v2\/types\/post"}],"author":[{"embeddable":true,"href":"https:\/\/expressometro.mx\/index.php\/wp-json\/wp\/v2\/users\/2"}],"replies":[{"embeddable":true,"href":"https:\/\/expressometro.mx\/index.php\/wp-json\/wp\/v2\/comments?post=11419"}],"version-history":[{"count":1,"href":"https:\/\/expressometro.mx\/index.php\/wp-json\/wp\/v2\/posts\/11419\/revisions"}],"predecessor-version":[{"id":11420,"href":"https:\/\/expressometro.mx\/index.php\/wp-json\/wp\/v2\/posts\/11419\/revisions\/11420"}],"wp:attachment":[{"href":"https:\/\/expressometro.mx\/index.php\/wp-json\/wp\/v2\/media?parent=11419"}],"wp:term":[{"taxonomy":"category","embeddable":true,"href":"https:\/\/expressometro.mx\/index.php\/wp-json\/wp\/v2\/categories?post=11419"},{"taxonomy":"post_tag","embeddable":true,"href":"https:\/\/expressometro.mx\/index.php\/wp-json\/wp\/v2\/tags?post=11419"}],"curies":[{"name":"wp","href":"https:\/\/api.w.org\/{rel}","templated":true}]}}