{"id":11416,"date":"2025-02-23T15:23:54","date_gmt":"2025-02-23T21:23:54","guid":{"rendered":"https:\/\/expressometro.mx\/?p=11416"},"modified":"2025-06-20T15:24:29","modified_gmt":"2025-06-20T21:24:29","slug":"como-su-papa-reportan-que-ivan-archivaldo-escapo-herido-por-un-tunel-tras-operativo-en-sinaloa","status":"publish","type":"post","link":"https:\/\/expressometro.mx\/index.php\/2025\/02\/23\/como-su-papa-reportan-que-ivan-archivaldo-escapo-herido-por-un-tunel-tras-operativo-en-sinaloa\/","title":{"rendered":"C\u00f3mo su pap\u00e1, reportan que Iv\u00e1n Archivaldo escap\u00f3 herido por un t\u00fanel tras operativo en Sinaloa"},"content":{"rendered":"\n<p><\/p>\n\n\n\n<p>Seg\u00fan reportes, Iv\u00e1n Archivaldo Guzm\u00e1n Salazar, \u2018el Chapito\u2019 habr\u00eda escapado de los operativos en la capital sinaloense a trav\u00e9s de tuneles y con heridas.<\/p>\n\n\n\n<p>Presuntamente, la ubicaci\u00f3n del \u2018Chapito\u2019 fue dada por uno de sus operadores detenido recientemente.<\/p>\n\n\n\n<p>La facci\u00f3n del C\u00e1rtel de Sinaloa, \u2018Los Chapitos\u2019 han sufrido graves golpes con la detenci\u00f3n de miembros claves en su organizaci\u00f3n delictiva -seg\u00fan reportes, se trata de Jos\u00e9 \u00c1ngel Canobbio Inzunza \u2018El G\u00fcerito\u2019, Kevin Alonso Gil Acosta \u2018El 200\u2019, Jos\u00e9 Alonso Acosta L\u00f3pez \u2018El Gusi\u2019 y Gustavo Acosta L\u00f3pez- por medio de operativos desplegados por Culiac\u00e1n, Sinaloa.<\/p>\n\n\n\n<p>Sin embargo, ha trascendido informaci\u00f3n sobre uno de los narcotraficantes mexicanos m\u00e1s buscados por Estados Unidos e hijo de Joaqu\u00edn \u2018El Chapo\u2019 Guzm\u00e1n Loera, Iv\u00e1n Archivaldo Guzm\u00e1n Salazar.<\/p>\n\n\n\n<p>Seg\u00fan reportes, \u2018el Chapito\u2019 habr\u00eda escapado de los operativos en la capital sinaloense a trav\u00e9s de tuneles y con heridas.<\/p>\n\n\n\n<p>El periodista Jos\u00e9 Luis Montenegro, en entrevista con Azucena Uresti y Adela Micha, se\u00f1al\u00f3 que Guzm\u00e1n Salazar habr\u00eda escapado de un operativo militar en Culiac\u00e1n.<\/p>\n\n\n\n<p>El colega narr\u00f3 que tras la detenci\u00f3n reciente de los colaboradores de los hijos de \u2018El Chapo Guzm\u00e1n\u2019 en Sinaloa fue debido a la zozobra en que vivian los capos, tras la designaci\u00f3n del Gobierno de Estados Unidos a c\u00e1rteles del crimen organizado mexicanos como terroristas.<\/p>\n\n\n\n<p>Montenegro se\u00f1al\u00f3 que Iv\u00e1n Archivaldo se encontraba en una vivienda ubicada en la colonia Tierra Blanca, que de acuerdo con reportes, el inmueble contaba con t\u00faneles para lograr huir de operativos.<\/p>\n\n\n\n<p>\u201cEn esa vivienda estaba Iv\u00e1n Archivaldo Guzm\u00e1n Salazar, seg\u00fan contactos que tengo al interior de esta organizaci\u00f3n [&#8230;] se habr\u00eda escapado por un t\u00fanel como lo hizo su padre y as\u00ed evitar ser capturado por las autoridades mexicanas\u201d, coment\u00f3 el periodista.<\/p>\n","protected":false},"excerpt":{"rendered":"<p>Seg\u00fan reportes, Iv\u00e1n Archivaldo Guzm\u00e1n Salazar, \u2018el Chapito\u2019 habr\u00eda escapado de los operativos en la capital sinaloense a trav\u00e9s de tuneles y con heridas. Presuntamente, la ubicaci\u00f3n del \u2018Chapito\u2019 fue dada por uno de sus operadores detenido recientemente. La facci\u00f3n del C\u00e1rtel de Sinaloa, \u2018Los Chapitos\u2019 han sufrido graves golpes con la detenci\u00f3n de miembros claves en su organizaci\u00f3n delictiva -seg\u00fan reportes, se trata de Jos\u00e9 \u00c1ngel Canobbio Inzunza \u2018El G\u00fcerito\u2019, Kevin Alonso Gil Acosta \u2018El 200\u2019, Jos\u00e9 Alonso Acosta L\u00f3pez \u2018El Gusi\u2019 y Gustavo Acosta L\u00f3pez- por medio de&hellip;<\/p>\n","protected":false},"author":2,"featured_media":0,"comment_status":"open","ping_status":"open","sticky":false,"template":"","format":"standard","meta":{"footnotes":""},"categories":[1],"tags":[],"class_list":["post-11416","post","type-post","status-publish","format-standard","hentry","category-otros"],"yoast_head":"<!-- This site is optimized with the Yoast SEO plugin v27.4 - https:\/\/yoast.com\/product\/yoast-seo-wordpress\/ -->\n<title>C\u00f3mo su pap\u00e1, reportan que Iv\u00e1n Archivaldo escap\u00f3 herido por un t\u00fanel tras operativo en Sinaloa - Expresso Metropolitano<\/title>\n<meta name=\"robots\" content=\"index, follow, max-snippet:-1, max-image-preview:large, max-video-preview:-1\" \/>\n<link rel=\"canonical\" href=\"https:\/\/expressometro.mx\/index.php\/2025\/02\/23\/como-su-papa-reportan-que-ivan-archivaldo-escapo-herido-por-un-tunel-tras-operativo-en-sinaloa\/\" \/>\n<meta property=\"og:locale\" content=\"es_MX\" \/>\n<meta property=\"og:type\" content=\"article\" \/>\n<meta property=\"og:title\" content=\"C\u00f3mo su pap\u00e1, reportan que Iv\u00e1n Archivaldo escap\u00f3 herido por un t\u00fanel tras operativo en Sinaloa - Expresso Metropolitano\" \/>\n<meta property=\"og:description\" content=\"Seg\u00fan reportes, Iv\u00e1n Archivaldo Guzm\u00e1n Salazar, \u2018el Chapito\u2019 habr\u00eda escapado de los operativos en la capital sinaloense a trav\u00e9s de tuneles y con heridas. Presuntamente, la ubicaci\u00f3n del \u2018Chapito\u2019 fue dada por uno de sus operadores detenido recientemente. La facci\u00f3n del C\u00e1rtel de Sinaloa, \u2018Los Chapitos\u2019 han sufrido graves golpes con la detenci\u00f3n de miembros claves en su organizaci\u00f3n delictiva -seg\u00fan reportes, se trata de Jos\u00e9 \u00c1ngel Canobbio Inzunza \u2018El G\u00fcerito\u2019, Kevin Alonso Gil Acosta \u2018El 200\u2019, Jos\u00e9 Alonso Acosta L\u00f3pez \u2018El Gusi\u2019 y Gustavo Acosta L\u00f3pez- por medio de&hellip;\" \/>\n<meta property=\"og:url\" content=\"https:\/\/expressometro.mx\/index.php\/2025\/02\/23\/como-su-papa-reportan-que-ivan-archivaldo-escapo-herido-por-un-tunel-tras-operativo-en-sinaloa\/\" \/>\n<meta property=\"og:site_name\" content=\"Expresso Metropolitano\" \/>\n<meta property=\"article:published_time\" content=\"2025-02-23T21:23:54+00:00\" \/>\n<meta property=\"article:modified_time\" content=\"2025-06-20T21:24:29+00:00\" \/>\n<meta name=\"author\" content=\"Cecilia Vega\" \/>\n<meta name=\"twitter:label1\" content=\"Escrito por\" \/>\n\t<meta name=\"twitter:data1\" content=\"Cecilia Vega\" \/>\n\t<meta name=\"twitter:label2\" content=\"Tiempo de lectura\" \/>\n\t<meta name=\"twitter:data2\" content=\"2 minutos\" \/>\n<script type=\"application\/ld+json\" class=\"yoast-schema-graph\">{\"@context\":\"https:\\\/\\\/schema.org\",\"@graph\":[{\"@type\":\"Article\",\"@id\":\"https:\\\/\\\/expressometro.mx\\\/index.php\\\/2025\\\/02\\\/23\\\/como-su-papa-reportan-que-ivan-archivaldo-escapo-herido-por-un-tunel-tras-operativo-en-sinaloa\\\/#article\",\"isPartOf\":{\"@id\":\"https:\\\/\\\/expressometro.mx\\\/index.php\\\/2025\\\/02\\\/23\\\/como-su-papa-reportan-que-ivan-archivaldo-escapo-herido-por-un-tunel-tras-operativo-en-sinaloa\\\/\"},\"author\":{\"name\":\"Cecilia Vega\",\"@id\":\"https:\\\/\\\/expressometro.mx\\\/#\\\/schema\\\/person\\\/67a95b8e3862085c7598f66237488f1f\"},\"headline\":\"C\u00f3mo su pap\u00e1, reportan que Iv\u00e1n Archivaldo escap\u00f3 herido por un t\u00fanel tras operativo en Sinaloa\",\"datePublished\":\"2025-02-23T21:23:54+00:00\",\"dateModified\":\"2025-06-20T21:24:29+00:00\",\"mainEntityOfPage\":{\"@id\":\"https:\\\/\\\/expressometro.mx\\\/index.php\\\/2025\\\/02\\\/23\\\/como-su-papa-reportan-que-ivan-archivaldo-escapo-herido-por-un-tunel-tras-operativo-en-sinaloa\\\/\"},\"wordCount\":344,\"commentCount\":0,\"publisher\":{\"@id\":\"https:\\\/\\\/expressometro.mx\\\/#organization\"},\"articleSection\":[\"Otros\"],\"inLanguage\":\"es\",\"potentialAction\":[{\"@type\":\"CommentAction\",\"name\":\"Comment\",\"target\":[\"https:\\\/\\\/expressometro.mx\\\/index.php\\\/2025\\\/02\\\/23\\\/como-su-papa-reportan-que-ivan-archivaldo-escapo-herido-por-un-tunel-tras-operativo-en-sinaloa\\\/#respond\"]}]},{\"@type\":\"WebPage\",\"@id\":\"https:\\\/\\\/expressometro.mx\\\/index.php\\\/2025\\\/02\\\/23\\\/como-su-papa-reportan-que-ivan-archivaldo-escapo-herido-por-un-tunel-tras-operativo-en-sinaloa\\\/\",\"url\":\"https:\\\/\\\/expressometro.mx\\\/index.php\\\/2025\\\/02\\\/23\\\/como-su-papa-reportan-que-ivan-archivaldo-escapo-herido-por-un-tunel-tras-operativo-en-sinaloa\\\/\",\"name\":\"C\u00f3mo su pap\u00e1, reportan que Iv\u00e1n Archivaldo escap\u00f3 herido por un t\u00fanel tras operativo en Sinaloa - Expresso Metropolitano\",\"isPartOf\":{\"@id\":\"https:\\\/\\\/expressometro.mx\\\/#website\"},\"datePublished\":\"2025-02-23T21:23:54+00:00\",\"dateModified\":\"2025-06-20T21:24:29+00:00\",\"breadcrumb\":{\"@id\":\"https:\\\/\\\/expressometro.mx\\\/index.php\\\/2025\\\/02\\\/23\\\/como-su-papa-reportan-que-ivan-archivaldo-escapo-herido-por-un-tunel-tras-operativo-en-sinaloa\\\/#breadcrumb\"},\"inLanguage\":\"es\",\"potentialAction\":[{\"@type\":\"ReadAction\",\"target\":[\"https:\\\/\\\/expressometro.mx\\\/index.php\\\/2025\\\/02\\\/23\\\/como-su-papa-reportan-que-ivan-archivaldo-escapo-herido-por-un-tunel-tras-operativo-en-sinaloa\\\/\"]}]},{\"@type\":\"BreadcrumbList\",\"@id\":\"https:\\\/\\\/expressometro.mx\\\/index.php\\\/2025\\\/02\\\/23\\\/como-su-papa-reportan-que-ivan-archivaldo-escapo-herido-por-un-tunel-tras-operativo-en-sinaloa\\\/#breadcrumb\",\"itemListElement\":[{\"@type\":\"ListItem\",\"position\":1,\"name\":\"Inicio\",\"item\":\"https:\\\/\\\/expressometro.mx\\\/\"},{\"@type\":\"ListItem\",\"position\":2,\"name\":\"C\u00f3mo su pap\u00e1, reportan que Iv\u00e1n Archivaldo escap\u00f3 herido por un t\u00fanel tras operativo en Sinaloa\"}]},{\"@type\":\"WebSite\",\"@id\":\"https:\\\/\\\/expressometro.mx\\\/#website\",\"url\":\"https:\\\/\\\/expressometro.mx\\\/\",\"name\":\"Expresso Metropolitano\",\"description\":\"Periodismo comprometido, informaci\u00f3n, investigaci\u00f3n y an\u00e1lisis\",\"publisher\":{\"@id\":\"https:\\\/\\\/expressometro.mx\\\/#organization\"},\"potentialAction\":[{\"@type\":\"SearchAction\",\"target\":{\"@type\":\"EntryPoint\",\"urlTemplate\":\"https:\\\/\\\/expressometro.mx\\\/?s={search_term_string}\"},\"query-input\":{\"@type\":\"PropertyValueSpecification\",\"valueRequired\":true,\"valueName\":\"search_term_string\"}}],\"inLanguage\":\"es\"},{\"@type\":\"Organization\",\"@id\":\"https:\\\/\\\/expressometro.mx\\\/#organization\",\"name\":\"Expresso Metropolitano\",\"url\":\"https:\\\/\\\/expressometro.mx\\\/\",\"logo\":{\"@type\":\"ImageObject\",\"inLanguage\":\"es\",\"@id\":\"https:\\\/\\\/expressometro.mx\\\/#\\\/schema\\\/logo\\\/image\\\/\",\"url\":\"https:\\\/\\\/expressometro.mx\\\/wp-content\\\/uploads\\\/2019\\\/07\\\/cropped-Logo-Expresso-Metropolitano-1-1.jpeg\",\"contentUrl\":\"https:\\\/\\\/expressometro.mx\\\/wp-content\\\/uploads\\\/2019\\\/07\\\/cropped-Logo-Expresso-Metropolitano-1-1.jpeg\",\"width\":290,\"height\":73,\"caption\":\"Expresso Metropolitano\"},\"image\":{\"@id\":\"https:\\\/\\\/expressometro.mx\\\/#\\\/schema\\\/logo\\\/image\\\/\"}},{\"@type\":\"Person\",\"@id\":\"https:\\\/\\\/expressometro.mx\\\/#\\\/schema\\\/person\\\/67a95b8e3862085c7598f66237488f1f\",\"name\":\"Cecilia Vega\",\"image\":{\"@type\":\"ImageObject\",\"inLanguage\":\"es\",\"@id\":\"https:\\\/\\\/secure.gravatar.com\\\/avatar\\\/13aae9944ab2ee472a9e407c9487fdbd03b049abaa559af32fe5dbcf615c981b?s=96&d=mm&r=g\",\"url\":\"https:\\\/\\\/secure.gravatar.com\\\/avatar\\\/13aae9944ab2ee472a9e407c9487fdbd03b049abaa559af32fe5dbcf615c981b?s=96&d=mm&r=g\",\"contentUrl\":\"https:\\\/\\\/secure.gravatar.com\\\/avatar\\\/13aae9944ab2ee472a9e407c9487fdbd03b049abaa559af32fe5dbcf615c981b?s=96&d=mm&r=g\",\"caption\":\"Cecilia Vega\"},\"url\":\"https:\\\/\\\/expressometro.mx\\\/index.php\\\/author\\\/cecilia-vega\\\/\"}]}<\/script>\n<!-- \/ Yoast SEO plugin. -->","yoast_head_json":{"title":"C\u00f3mo su pap\u00e1, reportan que Iv\u00e1n Archivaldo escap\u00f3 herido por un t\u00fanel tras operativo en Sinaloa - Expresso Metropolitano","robots":{"index":"index","follow":"follow","max-snippet":"max-snippet:-1","max-image-preview":"max-image-preview:large","max-video-preview":"max-video-preview:-1"},"canonical":"https:\/\/expressometro.mx\/index.php\/2025\/02\/23\/como-su-papa-reportan-que-ivan-archivaldo-escapo-herido-por-un-tunel-tras-operativo-en-sinaloa\/","og_locale":"es_MX","og_type":"article","og_title":"C\u00f3mo su pap\u00e1, reportan que Iv\u00e1n Archivaldo escap\u00f3 herido por un t\u00fanel tras operativo en Sinaloa - Expresso Metropolitano","og_description":"Seg\u00fan reportes, Iv\u00e1n Archivaldo Guzm\u00e1n Salazar, \u2018el Chapito\u2019 habr\u00eda escapado de los operativos en la capital sinaloense a trav\u00e9s de tuneles y con heridas. Presuntamente, la ubicaci\u00f3n del \u2018Chapito\u2019 fue dada por uno de sus operadores detenido recientemente. La facci\u00f3n del C\u00e1rtel de Sinaloa, \u2018Los Chapitos\u2019 han sufrido graves golpes con la detenci\u00f3n de miembros claves en su organizaci\u00f3n delictiva -seg\u00fan reportes, se trata de Jos\u00e9 \u00c1ngel Canobbio Inzunza \u2018El G\u00fcerito\u2019, Kevin Alonso Gil Acosta \u2018El 200\u2019, Jos\u00e9 Alonso Acosta L\u00f3pez \u2018El Gusi\u2019 y Gustavo Acosta L\u00f3pez- por medio de&hellip;","og_url":"https:\/\/expressometro.mx\/index.php\/2025\/02\/23\/como-su-papa-reportan-que-ivan-archivaldo-escapo-herido-por-un-tunel-tras-operativo-en-sinaloa\/","og_site_name":"Expresso Metropolitano","article_published_time":"2025-02-23T21:23:54+00:00","article_modified_time":"2025-06-20T21:24:29+00:00","author":"Cecilia Vega","twitter_misc":{"Escrito por":"Cecilia Vega","Tiempo de lectura":"2 minutos"},"schema":{"@context":"https:\/\/schema.org","@graph":[{"@type":"Article","@id":"https:\/\/expressometro.mx\/index.php\/2025\/02\/23\/como-su-papa-reportan-que-ivan-archivaldo-escapo-herido-por-un-tunel-tras-operativo-en-sinaloa\/#article","isPartOf":{"@id":"https:\/\/expressometro.mx\/index.php\/2025\/02\/23\/como-su-papa-reportan-que-ivan-archivaldo-escapo-herido-por-un-tunel-tras-operativo-en-sinaloa\/"},"author":{"name":"Cecilia Vega","@id":"https:\/\/expressometro.mx\/#\/schema\/person\/67a95b8e3862085c7598f66237488f1f"},"headline":"C\u00f3mo su pap\u00e1, reportan que Iv\u00e1n Archivaldo escap\u00f3 herido por un t\u00fanel tras operativo en Sinaloa","datePublished":"2025-02-23T21:23:54+00:00","dateModified":"2025-06-20T21:24:29+00:00","mainEntityOfPage":{"@id":"https:\/\/expressometro.mx\/index.php\/2025\/02\/23\/como-su-papa-reportan-que-ivan-archivaldo-escapo-herido-por-un-tunel-tras-operativo-en-sinaloa\/"},"wordCount":344,"commentCount":0,"publisher":{"@id":"https:\/\/expressometro.mx\/#organization"},"articleSection":["Otros"],"inLanguage":"es","potentialAction":[{"@type":"CommentAction","name":"Comment","target":["https:\/\/expressometro.mx\/index.php\/2025\/02\/23\/como-su-papa-reportan-que-ivan-archivaldo-escapo-herido-por-un-tunel-tras-operativo-en-sinaloa\/#respond"]}]},{"@type":"WebPage","@id":"https:\/\/expressometro.mx\/index.php\/2025\/02\/23\/como-su-papa-reportan-que-ivan-archivaldo-escapo-herido-por-un-tunel-tras-operativo-en-sinaloa\/","url":"https:\/\/expressometro.mx\/index.php\/2025\/02\/23\/como-su-papa-reportan-que-ivan-archivaldo-escapo-herido-por-un-tunel-tras-operativo-en-sinaloa\/","name":"C\u00f3mo su pap\u00e1, reportan que Iv\u00e1n Archivaldo escap\u00f3 herido por un t\u00fanel tras operativo en Sinaloa - Expresso Metropolitano","isPartOf":{"@id":"https:\/\/expressometro.mx\/#website"},"datePublished":"2025-02-23T21:23:54+00:00","dateModified":"2025-06-20T21:24:29+00:00","breadcrumb":{"@id":"https:\/\/expressometro.mx\/index.php\/2025\/02\/23\/como-su-papa-reportan-que-ivan-archivaldo-escapo-herido-por-un-tunel-tras-operativo-en-sinaloa\/#breadcrumb"},"inLanguage":"es","potentialAction":[{"@type":"ReadAction","target":["https:\/\/expressometro.mx\/index.php\/2025\/02\/23\/como-su-papa-reportan-que-ivan-archivaldo-escapo-herido-por-un-tunel-tras-operativo-en-sinaloa\/"]}]},{"@type":"BreadcrumbList","@id":"https:\/\/expressometro.mx\/index.php\/2025\/02\/23\/como-su-papa-reportan-que-ivan-archivaldo-escapo-herido-por-un-tunel-tras-operativo-en-sinaloa\/#breadcrumb","itemListElement":[{"@type":"ListItem","position":1,"name":"Inicio","item":"https:\/\/expressometro.mx\/"},{"@type":"ListItem","position":2,"name":"C\u00f3mo su pap\u00e1, reportan que Iv\u00e1n Archivaldo escap\u00f3 herido por un t\u00fanel tras operativo en Sinaloa"}]},{"@type":"WebSite","@id":"https:\/\/expressometro.mx\/#website","url":"https:\/\/expressometro.mx\/","name":"Expresso Metropolitano","description":"Periodismo comprometido, informaci\u00f3n, investigaci\u00f3n y an\u00e1lisis","publisher":{"@id":"https:\/\/expressometro.mx\/#organization"},"potentialAction":[{"@type":"SearchAction","target":{"@type":"EntryPoint","urlTemplate":"https:\/\/expressometro.mx\/?s={search_term_string}"},"query-input":{"@type":"PropertyValueSpecification","valueRequired":true,"valueName":"search_term_string"}}],"inLanguage":"es"},{"@type":"Organization","@id":"https:\/\/expressometro.mx\/#organization","name":"Expresso Metropolitano","url":"https:\/\/expressometro.mx\/","logo":{"@type":"ImageObject","inLanguage":"es","@id":"https:\/\/expressometro.mx\/#\/schema\/logo\/image\/","url":"https:\/\/expressometro.mx\/wp-content\/uploads\/2019\/07\/cropped-Logo-Expresso-Metropolitano-1-1.jpeg","contentUrl":"https:\/\/expressometro.mx\/wp-content\/uploads\/2019\/07\/cropped-Logo-Expresso-Metropolitano-1-1.jpeg","width":290,"height":73,"caption":"Expresso Metropolitano"},"image":{"@id":"https:\/\/expressometro.mx\/#\/schema\/logo\/image\/"}},{"@type":"Person","@id":"https:\/\/expressometro.mx\/#\/schema\/person\/67a95b8e3862085c7598f66237488f1f","name":"Cecilia Vega","image":{"@type":"ImageObject","inLanguage":"es","@id":"https:\/\/secure.gravatar.com\/avatar\/13aae9944ab2ee472a9e407c9487fdbd03b049abaa559af32fe5dbcf615c981b?s=96&d=mm&r=g","url":"https:\/\/secure.gravatar.com\/avatar\/13aae9944ab2ee472a9e407c9487fdbd03b049abaa559af32fe5dbcf615c981b?s=96&d=mm&r=g","contentUrl":"https:\/\/secure.gravatar.com\/avatar\/13aae9944ab2ee472a9e407c9487fdbd03b049abaa559af32fe5dbcf615c981b?s=96&d=mm&r=g","caption":"Cecilia Vega"},"url":"https:\/\/expressometro.mx\/index.php\/author\/cecilia-vega\/"}]}},"amp_enabled":true,"_links":{"self":[{"href":"https:\/\/expressometro.mx\/index.php\/wp-json\/wp\/v2\/posts\/11416","targetHints":{"allow":["GET"]}}],"collection":[{"href":"https:\/\/expressometro.mx\/index.php\/wp-json\/wp\/v2\/posts"}],"about":[{"href":"https:\/\/expressometro.mx\/index.php\/wp-json\/wp\/v2\/types\/post"}],"author":[{"embeddable":true,"href":"https:\/\/expressometro.mx\/index.php\/wp-json\/wp\/v2\/users\/2"}],"replies":[{"embeddable":true,"href":"https:\/\/expressometro.mx\/index.php\/wp-json\/wp\/v2\/comments?post=11416"}],"version-history":[{"count":1,"href":"https:\/\/expressometro.mx\/index.php\/wp-json\/wp\/v2\/posts\/11416\/revisions"}],"predecessor-version":[{"id":11417,"href":"https:\/\/expressometro.mx\/index.php\/wp-json\/wp\/v2\/posts\/11416\/revisions\/11417"}],"wp:attachment":[{"href":"https:\/\/expressometro.mx\/index.php\/wp-json\/wp\/v2\/media?parent=11416"}],"wp:term":[{"taxonomy":"category","embeddable":true,"href":"https:\/\/expressometro.mx\/index.php\/wp-json\/wp\/v2\/categories?post=11416"},{"taxonomy":"post_tag","embeddable":true,"href":"https:\/\/expressometro.mx\/index.php\/wp-json\/wp\/v2\/tags?post=11416"}],"curies":[{"name":"wp","href":"https:\/\/api.w.org\/{rel}","templated":true}]}}