{"id":11412,"date":"2025-02-18T15:15:46","date_gmt":"2025-02-18T21:15:46","guid":{"rendered":"https:\/\/expressometro.mx\/?p=11412"},"modified":"2025-06-20T15:17:24","modified_gmt":"2025-06-20T21:17:24","slug":"avala-corte-por-primera-vez-castigar-con-carcel-uso-de-ia-para-crear-y-difundir-contenido-sexual","status":"publish","type":"post","link":"https:\/\/expressometro.mx\/index.php\/2025\/02\/18\/avala-corte-por-primera-vez-castigar-con-carcel-uso-de-ia-para-crear-y-difundir-contenido-sexual\/","title":{"rendered":"Avala Corte por primera vez castigar con c\u00e1rcel uso de IA para crear y difundir contenido sexual"},"content":{"rendered":"\n<p>La\u00a0<strong>Suprema Corte de Justicia de la Naci\u00f3n (SCJN)<\/strong>\u00a0aval\u00f3 por primera vez que se penalice el uso de herramientas de inteligencia artificial para la creaci\u00f3n y difusi\u00f3n de contenidos de car\u00e1cter sexual.<\/p>\n\n\n\n<p>Con una votaci\u00f3n de nueve a favor y uno en contra, el Pleno de la Corte declar\u00f3 constitucional una reforma al C\u00f3digo Penal de Sinaloa avalada en 2024, en la que se adicion\u00f3 al delito de violaci\u00f3n a la intimidad sexual, la modalidad de&nbsp;<strong>crear y manipular im\u00e1genes, audios y videos sexuales con herramientas de inteligencia artificial, para compartir o transmitir sin consentimiento de la v\u00edctima.<\/strong><\/p>\n\n\n\n<p>El delito contempla sanciones de tres a seis a\u00f1os de c\u00e1rcel, sin embargo la reforma hab\u00eda sido impugnada por el Ejecutivo federal, cuya Consejer\u00eda Jur\u00eddica sostuvo que el art\u00edculo 185 Bis C del C\u00f3digo Penal de Sinaloa no fue claro al definir la inteligencia artificial y por lo tanto se violan derechos de seguridad jur\u00eddica.<\/p>\n\n\n\n<p>El Ejecutivo buscaba&nbsp;<strong>que se eliminara la alusi\u00f3n a la inteligencia artificial<\/strong>&nbsp;y dejar simplemente la manipulaci\u00f3n y distribuci\u00f3n de im\u00e1genes, audios y videos sexuales, pero de manera gen\u00e9rica y sin especificar la forma de generarlas.<\/p>\n","protected":false},"excerpt":{"rendered":"<p>La\u00a0Suprema Corte de Justicia de la Naci\u00f3n (SCJN)\u00a0aval\u00f3 por primera vez que se penalice el uso de herramientas de inteligencia artificial para la creaci\u00f3n y difusi\u00f3n de contenidos de car\u00e1cter sexual. Con una votaci\u00f3n de nueve a favor y uno en contra, el Pleno de la Corte declar\u00f3 constitucional una reforma al C\u00f3digo Penal de Sinaloa avalada en 2024, en la que se adicion\u00f3 al delito de violaci\u00f3n a la intimidad sexual, la modalidad de&nbsp;crear y manipular im\u00e1genes, audios y videos sexuales con herramientas de inteligencia artificial, para compartir o&hellip;<\/p>\n","protected":false},"author":2,"featured_media":0,"comment_status":"open","ping_status":"open","sticky":false,"template":"","format":"standard","meta":{"footnotes":""},"categories":[1],"tags":[],"class_list":["post-11412","post","type-post","status-publish","format-standard","hentry","category-otros"],"yoast_head":"<!-- This site is optimized with the Yoast SEO plugin v27.4 - https:\/\/yoast.com\/product\/yoast-seo-wordpress\/ -->\n<title>Avala Corte por primera vez castigar con c\u00e1rcel uso de IA para crear y difundir contenido sexual - Expresso Metropolitano<\/title>\n<meta name=\"robots\" content=\"index, follow, max-snippet:-1, max-image-preview:large, max-video-preview:-1\" \/>\n<link rel=\"canonical\" href=\"https:\/\/expressometro.mx\/index.php\/2025\/02\/18\/avala-corte-por-primera-vez-castigar-con-carcel-uso-de-ia-para-crear-y-difundir-contenido-sexual\/\" \/>\n<meta property=\"og:locale\" content=\"es_MX\" \/>\n<meta property=\"og:type\" content=\"article\" \/>\n<meta property=\"og:title\" content=\"Avala Corte por primera vez castigar con c\u00e1rcel uso de IA para crear y difundir contenido sexual - Expresso Metropolitano\" \/>\n<meta property=\"og:description\" content=\"La\u00a0Suprema Corte de Justicia de la Naci\u00f3n (SCJN)\u00a0aval\u00f3 por primera vez que se penalice el uso de herramientas de inteligencia artificial para la creaci\u00f3n y difusi\u00f3n de contenidos de car\u00e1cter sexual. Con una votaci\u00f3n de nueve a favor y uno en contra, el Pleno de la Corte declar\u00f3 constitucional una reforma al C\u00f3digo Penal de Sinaloa avalada en 2024, en la que se adicion\u00f3 al delito de violaci\u00f3n a la intimidad sexual, la modalidad de&nbsp;crear y manipular im\u00e1genes, audios y videos sexuales con herramientas de inteligencia artificial, para compartir o&hellip;\" \/>\n<meta property=\"og:url\" content=\"https:\/\/expressometro.mx\/index.php\/2025\/02\/18\/avala-corte-por-primera-vez-castigar-con-carcel-uso-de-ia-para-crear-y-difundir-contenido-sexual\/\" \/>\n<meta property=\"og:site_name\" content=\"Expresso Metropolitano\" \/>\n<meta property=\"article:published_time\" content=\"2025-02-18T21:15:46+00:00\" \/>\n<meta property=\"article:modified_time\" content=\"2025-06-20T21:17:24+00:00\" \/>\n<meta name=\"author\" content=\"Cecilia Vega\" \/>\n<meta name=\"twitter:label1\" content=\"Escrito por\" \/>\n\t<meta name=\"twitter:data1\" content=\"Cecilia Vega\" \/>\n\t<meta name=\"twitter:label2\" content=\"Tiempo de lectura\" \/>\n\t<meta name=\"twitter:data2\" content=\"1 minuto\" \/>\n<script type=\"application\/ld+json\" class=\"yoast-schema-graph\">{\"@context\":\"https:\\\/\\\/schema.org\",\"@graph\":[{\"@type\":\"Article\",\"@id\":\"https:\\\/\\\/expressometro.mx\\\/index.php\\\/2025\\\/02\\\/18\\\/avala-corte-por-primera-vez-castigar-con-carcel-uso-de-ia-para-crear-y-difundir-contenido-sexual\\\/#article\",\"isPartOf\":{\"@id\":\"https:\\\/\\\/expressometro.mx\\\/index.php\\\/2025\\\/02\\\/18\\\/avala-corte-por-primera-vez-castigar-con-carcel-uso-de-ia-para-crear-y-difundir-contenido-sexual\\\/\"},\"author\":{\"name\":\"Cecilia Vega\",\"@id\":\"https:\\\/\\\/expressometro.mx\\\/#\\\/schema\\\/person\\\/67a95b8e3862085c7598f66237488f1f\"},\"headline\":\"Avala Corte por primera vez castigar con c\u00e1rcel uso de IA para crear y difundir contenido sexual\",\"datePublished\":\"2025-02-18T21:15:46+00:00\",\"dateModified\":\"2025-06-20T21:17:24+00:00\",\"mainEntityOfPage\":{\"@id\":\"https:\\\/\\\/expressometro.mx\\\/index.php\\\/2025\\\/02\\\/18\\\/avala-corte-por-primera-vez-castigar-con-carcel-uso-de-ia-para-crear-y-difundir-contenido-sexual\\\/\"},\"wordCount\":231,\"commentCount\":0,\"publisher\":{\"@id\":\"https:\\\/\\\/expressometro.mx\\\/#organization\"},\"articleSection\":[\"Otros\"],\"inLanguage\":\"es\",\"potentialAction\":[{\"@type\":\"CommentAction\",\"name\":\"Comment\",\"target\":[\"https:\\\/\\\/expressometro.mx\\\/index.php\\\/2025\\\/02\\\/18\\\/avala-corte-por-primera-vez-castigar-con-carcel-uso-de-ia-para-crear-y-difundir-contenido-sexual\\\/#respond\"]}]},{\"@type\":\"WebPage\",\"@id\":\"https:\\\/\\\/expressometro.mx\\\/index.php\\\/2025\\\/02\\\/18\\\/avala-corte-por-primera-vez-castigar-con-carcel-uso-de-ia-para-crear-y-difundir-contenido-sexual\\\/\",\"url\":\"https:\\\/\\\/expressometro.mx\\\/index.php\\\/2025\\\/02\\\/18\\\/avala-corte-por-primera-vez-castigar-con-carcel-uso-de-ia-para-crear-y-difundir-contenido-sexual\\\/\",\"name\":\"Avala Corte por primera vez castigar con c\u00e1rcel uso de IA para crear y difundir contenido sexual - Expresso Metropolitano\",\"isPartOf\":{\"@id\":\"https:\\\/\\\/expressometro.mx\\\/#website\"},\"datePublished\":\"2025-02-18T21:15:46+00:00\",\"dateModified\":\"2025-06-20T21:17:24+00:00\",\"breadcrumb\":{\"@id\":\"https:\\\/\\\/expressometro.mx\\\/index.php\\\/2025\\\/02\\\/18\\\/avala-corte-por-primera-vez-castigar-con-carcel-uso-de-ia-para-crear-y-difundir-contenido-sexual\\\/#breadcrumb\"},\"inLanguage\":\"es\",\"potentialAction\":[{\"@type\":\"ReadAction\",\"target\":[\"https:\\\/\\\/expressometro.mx\\\/index.php\\\/2025\\\/02\\\/18\\\/avala-corte-por-primera-vez-castigar-con-carcel-uso-de-ia-para-crear-y-difundir-contenido-sexual\\\/\"]}]},{\"@type\":\"BreadcrumbList\",\"@id\":\"https:\\\/\\\/expressometro.mx\\\/index.php\\\/2025\\\/02\\\/18\\\/avala-corte-por-primera-vez-castigar-con-carcel-uso-de-ia-para-crear-y-difundir-contenido-sexual\\\/#breadcrumb\",\"itemListElement\":[{\"@type\":\"ListItem\",\"position\":1,\"name\":\"Inicio\",\"item\":\"https:\\\/\\\/expressometro.mx\\\/\"},{\"@type\":\"ListItem\",\"position\":2,\"name\":\"Avala Corte por primera vez castigar con c\u00e1rcel uso de IA para crear y difundir contenido sexual\"}]},{\"@type\":\"WebSite\",\"@id\":\"https:\\\/\\\/expressometro.mx\\\/#website\",\"url\":\"https:\\\/\\\/expressometro.mx\\\/\",\"name\":\"Expresso Metropolitano\",\"description\":\"Periodismo comprometido, informaci\u00f3n, investigaci\u00f3n y an\u00e1lisis\",\"publisher\":{\"@id\":\"https:\\\/\\\/expressometro.mx\\\/#organization\"},\"potentialAction\":[{\"@type\":\"SearchAction\",\"target\":{\"@type\":\"EntryPoint\",\"urlTemplate\":\"https:\\\/\\\/expressometro.mx\\\/?s={search_term_string}\"},\"query-input\":{\"@type\":\"PropertyValueSpecification\",\"valueRequired\":true,\"valueName\":\"search_term_string\"}}],\"inLanguage\":\"es\"},{\"@type\":\"Organization\",\"@id\":\"https:\\\/\\\/expressometro.mx\\\/#organization\",\"name\":\"Expresso Metropolitano\",\"url\":\"https:\\\/\\\/expressometro.mx\\\/\",\"logo\":{\"@type\":\"ImageObject\",\"inLanguage\":\"es\",\"@id\":\"https:\\\/\\\/expressometro.mx\\\/#\\\/schema\\\/logo\\\/image\\\/\",\"url\":\"https:\\\/\\\/expressometro.mx\\\/wp-content\\\/uploads\\\/2019\\\/07\\\/cropped-Logo-Expresso-Metropolitano-1-1.jpeg\",\"contentUrl\":\"https:\\\/\\\/expressometro.mx\\\/wp-content\\\/uploads\\\/2019\\\/07\\\/cropped-Logo-Expresso-Metropolitano-1-1.jpeg\",\"width\":290,\"height\":73,\"caption\":\"Expresso Metropolitano\"},\"image\":{\"@id\":\"https:\\\/\\\/expressometro.mx\\\/#\\\/schema\\\/logo\\\/image\\\/\"}},{\"@type\":\"Person\",\"@id\":\"https:\\\/\\\/expressometro.mx\\\/#\\\/schema\\\/person\\\/67a95b8e3862085c7598f66237488f1f\",\"name\":\"Cecilia Vega\",\"image\":{\"@type\":\"ImageObject\",\"inLanguage\":\"es\",\"@id\":\"https:\\\/\\\/secure.gravatar.com\\\/avatar\\\/13aae9944ab2ee472a9e407c9487fdbd03b049abaa559af32fe5dbcf615c981b?s=96&d=mm&r=g\",\"url\":\"https:\\\/\\\/secure.gravatar.com\\\/avatar\\\/13aae9944ab2ee472a9e407c9487fdbd03b049abaa559af32fe5dbcf615c981b?s=96&d=mm&r=g\",\"contentUrl\":\"https:\\\/\\\/secure.gravatar.com\\\/avatar\\\/13aae9944ab2ee472a9e407c9487fdbd03b049abaa559af32fe5dbcf615c981b?s=96&d=mm&r=g\",\"caption\":\"Cecilia Vega\"},\"url\":\"https:\\\/\\\/expressometro.mx\\\/index.php\\\/author\\\/cecilia-vega\\\/\"}]}<\/script>\n<!-- \/ Yoast SEO plugin. -->","yoast_head_json":{"title":"Avala Corte por primera vez castigar con c\u00e1rcel uso de IA para crear y difundir contenido sexual - Expresso Metropolitano","robots":{"index":"index","follow":"follow","max-snippet":"max-snippet:-1","max-image-preview":"max-image-preview:large","max-video-preview":"max-video-preview:-1"},"canonical":"https:\/\/expressometro.mx\/index.php\/2025\/02\/18\/avala-corte-por-primera-vez-castigar-con-carcel-uso-de-ia-para-crear-y-difundir-contenido-sexual\/","og_locale":"es_MX","og_type":"article","og_title":"Avala Corte por primera vez castigar con c\u00e1rcel uso de IA para crear y difundir contenido sexual - Expresso Metropolitano","og_description":"La\u00a0Suprema Corte de Justicia de la Naci\u00f3n (SCJN)\u00a0aval\u00f3 por primera vez que se penalice el uso de herramientas de inteligencia artificial para la creaci\u00f3n y difusi\u00f3n de contenidos de car\u00e1cter sexual. Con una votaci\u00f3n de nueve a favor y uno en contra, el Pleno de la Corte declar\u00f3 constitucional una reforma al C\u00f3digo Penal de Sinaloa avalada en 2024, en la que se adicion\u00f3 al delito de violaci\u00f3n a la intimidad sexual, la modalidad de&nbsp;crear y manipular im\u00e1genes, audios y videos sexuales con herramientas de inteligencia artificial, para compartir o&hellip;","og_url":"https:\/\/expressometro.mx\/index.php\/2025\/02\/18\/avala-corte-por-primera-vez-castigar-con-carcel-uso-de-ia-para-crear-y-difundir-contenido-sexual\/","og_site_name":"Expresso Metropolitano","article_published_time":"2025-02-18T21:15:46+00:00","article_modified_time":"2025-06-20T21:17:24+00:00","author":"Cecilia Vega","twitter_misc":{"Escrito por":"Cecilia Vega","Tiempo de lectura":"1 minuto"},"schema":{"@context":"https:\/\/schema.org","@graph":[{"@type":"Article","@id":"https:\/\/expressometro.mx\/index.php\/2025\/02\/18\/avala-corte-por-primera-vez-castigar-con-carcel-uso-de-ia-para-crear-y-difundir-contenido-sexual\/#article","isPartOf":{"@id":"https:\/\/expressometro.mx\/index.php\/2025\/02\/18\/avala-corte-por-primera-vez-castigar-con-carcel-uso-de-ia-para-crear-y-difundir-contenido-sexual\/"},"author":{"name":"Cecilia Vega","@id":"https:\/\/expressometro.mx\/#\/schema\/person\/67a95b8e3862085c7598f66237488f1f"},"headline":"Avala Corte por primera vez castigar con c\u00e1rcel uso de IA para crear y difundir contenido sexual","datePublished":"2025-02-18T21:15:46+00:00","dateModified":"2025-06-20T21:17:24+00:00","mainEntityOfPage":{"@id":"https:\/\/expressometro.mx\/index.php\/2025\/02\/18\/avala-corte-por-primera-vez-castigar-con-carcel-uso-de-ia-para-crear-y-difundir-contenido-sexual\/"},"wordCount":231,"commentCount":0,"publisher":{"@id":"https:\/\/expressometro.mx\/#organization"},"articleSection":["Otros"],"inLanguage":"es","potentialAction":[{"@type":"CommentAction","name":"Comment","target":["https:\/\/expressometro.mx\/index.php\/2025\/02\/18\/avala-corte-por-primera-vez-castigar-con-carcel-uso-de-ia-para-crear-y-difundir-contenido-sexual\/#respond"]}]},{"@type":"WebPage","@id":"https:\/\/expressometro.mx\/index.php\/2025\/02\/18\/avala-corte-por-primera-vez-castigar-con-carcel-uso-de-ia-para-crear-y-difundir-contenido-sexual\/","url":"https:\/\/expressometro.mx\/index.php\/2025\/02\/18\/avala-corte-por-primera-vez-castigar-con-carcel-uso-de-ia-para-crear-y-difundir-contenido-sexual\/","name":"Avala Corte por primera vez castigar con c\u00e1rcel uso de IA para crear y difundir contenido sexual - Expresso Metropolitano","isPartOf":{"@id":"https:\/\/expressometro.mx\/#website"},"datePublished":"2025-02-18T21:15:46+00:00","dateModified":"2025-06-20T21:17:24+00:00","breadcrumb":{"@id":"https:\/\/expressometro.mx\/index.php\/2025\/02\/18\/avala-corte-por-primera-vez-castigar-con-carcel-uso-de-ia-para-crear-y-difundir-contenido-sexual\/#breadcrumb"},"inLanguage":"es","potentialAction":[{"@type":"ReadAction","target":["https:\/\/expressometro.mx\/index.php\/2025\/02\/18\/avala-corte-por-primera-vez-castigar-con-carcel-uso-de-ia-para-crear-y-difundir-contenido-sexual\/"]}]},{"@type":"BreadcrumbList","@id":"https:\/\/expressometro.mx\/index.php\/2025\/02\/18\/avala-corte-por-primera-vez-castigar-con-carcel-uso-de-ia-para-crear-y-difundir-contenido-sexual\/#breadcrumb","itemListElement":[{"@type":"ListItem","position":1,"name":"Inicio","item":"https:\/\/expressometro.mx\/"},{"@type":"ListItem","position":2,"name":"Avala Corte por primera vez castigar con c\u00e1rcel uso de IA para crear y difundir contenido sexual"}]},{"@type":"WebSite","@id":"https:\/\/expressometro.mx\/#website","url":"https:\/\/expressometro.mx\/","name":"Expresso Metropolitano","description":"Periodismo comprometido, informaci\u00f3n, investigaci\u00f3n y an\u00e1lisis","publisher":{"@id":"https:\/\/expressometro.mx\/#organization"},"potentialAction":[{"@type":"SearchAction","target":{"@type":"EntryPoint","urlTemplate":"https:\/\/expressometro.mx\/?s={search_term_string}"},"query-input":{"@type":"PropertyValueSpecification","valueRequired":true,"valueName":"search_term_string"}}],"inLanguage":"es"},{"@type":"Organization","@id":"https:\/\/expressometro.mx\/#organization","name":"Expresso Metropolitano","url":"https:\/\/expressometro.mx\/","logo":{"@type":"ImageObject","inLanguage":"es","@id":"https:\/\/expressometro.mx\/#\/schema\/logo\/image\/","url":"https:\/\/expressometro.mx\/wp-content\/uploads\/2019\/07\/cropped-Logo-Expresso-Metropolitano-1-1.jpeg","contentUrl":"https:\/\/expressometro.mx\/wp-content\/uploads\/2019\/07\/cropped-Logo-Expresso-Metropolitano-1-1.jpeg","width":290,"height":73,"caption":"Expresso Metropolitano"},"image":{"@id":"https:\/\/expressometro.mx\/#\/schema\/logo\/image\/"}},{"@type":"Person","@id":"https:\/\/expressometro.mx\/#\/schema\/person\/67a95b8e3862085c7598f66237488f1f","name":"Cecilia Vega","image":{"@type":"ImageObject","inLanguage":"es","@id":"https:\/\/secure.gravatar.com\/avatar\/13aae9944ab2ee472a9e407c9487fdbd03b049abaa559af32fe5dbcf615c981b?s=96&d=mm&r=g","url":"https:\/\/secure.gravatar.com\/avatar\/13aae9944ab2ee472a9e407c9487fdbd03b049abaa559af32fe5dbcf615c981b?s=96&d=mm&r=g","contentUrl":"https:\/\/secure.gravatar.com\/avatar\/13aae9944ab2ee472a9e407c9487fdbd03b049abaa559af32fe5dbcf615c981b?s=96&d=mm&r=g","caption":"Cecilia Vega"},"url":"https:\/\/expressometro.mx\/index.php\/author\/cecilia-vega\/"}]}},"amp_enabled":true,"_links":{"self":[{"href":"https:\/\/expressometro.mx\/index.php\/wp-json\/wp\/v2\/posts\/11412","targetHints":{"allow":["GET"]}}],"collection":[{"href":"https:\/\/expressometro.mx\/index.php\/wp-json\/wp\/v2\/posts"}],"about":[{"href":"https:\/\/expressometro.mx\/index.php\/wp-json\/wp\/v2\/types\/post"}],"author":[{"embeddable":true,"href":"https:\/\/expressometro.mx\/index.php\/wp-json\/wp\/v2\/users\/2"}],"replies":[{"embeddable":true,"href":"https:\/\/expressometro.mx\/index.php\/wp-json\/wp\/v2\/comments?post=11412"}],"version-history":[{"count":1,"href":"https:\/\/expressometro.mx\/index.php\/wp-json\/wp\/v2\/posts\/11412\/revisions"}],"predecessor-version":[{"id":11414,"href":"https:\/\/expressometro.mx\/index.php\/wp-json\/wp\/v2\/posts\/11412\/revisions\/11414"}],"wp:attachment":[{"href":"https:\/\/expressometro.mx\/index.php\/wp-json\/wp\/v2\/media?parent=11412"}],"wp:term":[{"taxonomy":"category","embeddable":true,"href":"https:\/\/expressometro.mx\/index.php\/wp-json\/wp\/v2\/categories?post=11412"},{"taxonomy":"post_tag","embeddable":true,"href":"https:\/\/expressometro.mx\/index.php\/wp-json\/wp\/v2\/tags?post=11412"}],"curies":[{"name":"wp","href":"https:\/\/api.w.org\/{rel}","templated":true}]}}