{"id":1141,"date":"2020-01-15T13:10:25","date_gmt":"2020-01-15T19:10:25","guid":{"rendered":"http:\/\/expressometro.mx\/?p=1141"},"modified":"2020-01-15T13:11:08","modified_gmt":"2020-01-15T19:11:08","slug":"animan-periodistas-mexiquenses-a-postular-candidatos-a-la-presea-estado-de-mexico-2019-jose-maria-cos","status":"publish","type":"post","link":"https:\/\/expressometro.mx\/index.php\/2020\/01\/15\/animan-periodistas-mexiquenses-a-postular-candidatos-a-la-presea-estado-de-mexico-2019-jose-maria-cos\/","title":{"rendered":"ANIMAN PERIODISTAS MEXIQUENSES A POSTULAR CANDIDATOS A LA PRESEA ESTADO DE M\u00c9XICO 2019 \u201cJOS\u00c9 MAR\u00cdA COS\u201d"},"content":{"rendered":"\n<p>Los periodistas mexiquenses Juan Carlos Lara Escobedo y Sergio Villafuerte animan a la sociedad mexiquense, y en particular a quienes forman parte del sector de la comunicaci\u00f3n, a inscribirse o hacer propuestas para la Presea Estado de M\u00e9xico 2019 \u201cJos\u00e9 Mar\u00eda Cos\u201d, en Periodismo e informaci\u00f3n, un galard\u00f3n que, coinciden, marc\u00f3 un hito en sus vidas y trayectoria period\u00edstica.<\/p>\n\n\n\n<p>\u201cPara m\u00ed la Presea Estado de M\u00e9xico es muy importante, siempre lo ha sido. A trav\u00e9s de los a\u00f1os siempre crec\u00ed con ese deseo, con esa aspiraci\u00f3n de obtener lo que se conoce como el m\u00e1ximo reconocimiento al m\u00e9rito civil en el Estado de M\u00e9xico, y pues a trav\u00e9s de los a\u00f1os, con trabajo constante y todo, tuve esa oportunidad, me concedieron ese honor de recibir, en 2004, la Presea Estado de M\u00e9xico\u201d, se\u00f1ala Sergio Villafuerte, quien tuvo como inspiraci\u00f3n a su abuela, educadora, que tambi\u00e9n fue reconocida con este premio en la d\u00e9cada de 1980.<\/p>\n\n\n\n<p>Merecedor de la Presea Estado de M\u00e9xico \u201cJos\u00e9 Mar\u00eda Cos\u201d en el 2004, en la modalidad de fotograf\u00edas, filmes, caricaturas, portadas o cartones, el comunicador, conocido entre sus amigos por el personaje de El Rat\u00f3n, que daba personalidad a la caricatura pol\u00edtica que lo impuls\u00f3 en sus inicios en el periodismo, no se conform\u00f3 con esa faceta y pas\u00f3 a incursionar en otras \u00e1reas de la comunicaci\u00f3n. Hoy tiene ya 30 a\u00f1os de trabajo informativo ininterrumpido.<\/p>\n\n\n\n<p>\u201cHe tenido la fortuna de experimentar en muchas de las \u00e1reas del periodismo, inicialmente mi formaci\u00f3n es como caricaturista de temas pol\u00edticos, algo que hasta la fecha sigo haciendo y que disfruto mucho, sin embargo, a lo largo del tiempo tambi\u00e9n me toc\u00f3 ser editor, muchas tareas en el \u00e1rea de redacci\u00f3n, corrector, posteriormente, ya con los estudios de comunicaci\u00f3n, tuve oportunidad de ser reportero, de trabajar como corresponsal de televisi\u00f3n, algunas otras \u00e1reas, televisi\u00f3n, en radio, y actualmente soy el responsable, y con mucho orgullo, de dirigir el peri\u00f3dico Milenio Estado de M\u00e9xico\u201d, se\u00f1al\u00f3.<\/p>\n\n\n\n<p>Desde su experiencia, Villafuerte anima a la sociedad y en particular a los que se dedican a informar a los mexiquenses a inscribirse o hacer propuesta para obtener el citado galard\u00f3n.<\/p>\n\n\n\n<p>\u201cYo les invitar\u00eda a que se inscriban, yo les invitar\u00eda a que con el trabajo destacado que han hecho lo largo de a\u00f1os tambi\u00e9n, lo expongan, lo hagan visible para que tengan la posibilidad en alg\u00fan momento de recibir este honor que, cr\u00e9anme, marca tu trayectoria.<\/p>\n\n\n\n<p>\u201cLa Presea Estado de M\u00e9xico, como insistimos, es el m\u00e1ximo reconocimiento y es algo que sin duda alguna no solamente es curricular, sino que se lleva muy dentro y queda una huella familiar, incluso, de alguien que se ha dedicado una profesi\u00f3n con toda su pasi\u00f3n\u201d, apunt\u00f3.<\/p>\n\n\n\n<p>La misma convocatoria hace Juan Carlos Lara Escobedo, periodista de largo aliento, y para quien recibir la Presea Estado de M\u00e9xico constituy\u00f3 un hecho importante en su vida y en su trayectoria period\u00edstica.<\/p>\n\n\n\n<p>\u201cYo creo que todos los periodistas que consideren que tienen un m\u00e9rito en su trabajo, que tiene una trayectoria, que tienen un reportaje que trascendi\u00f3, deben de inscribirse en la Presea Estado de M\u00e9xico porque, insisto, es el m\u00e1ximo galard\u00f3n al que aspiramos los mexiquenses en nuestra tierra y obtenerlo, nos convierte en mexiquenses distinguidos\u201d, se\u00f1ala Juan Carlos Lara Escobedo.<\/p>\n\n\n\n<p>Pr\u00f3ximo a cumplir 31 a\u00f1os de labor informativa, el comunicador, quien obtuvo el galard\u00f3n en el 2002, por art\u00edculos de fondo o comentario y publicaciones o programas de divulgaci\u00f3n cultural, se ha desarrollado en diversos espacios informativos electr\u00f3nicos e impresos, incluso como actor de pel\u00edculas.<\/p>\n\n\n\n<p>Inici\u00f3 su actividad laboral en el Diario de Toluca, para luego pasar por las redacciones de El Heraldo de Toluca, Doble Punto y de la estaci\u00f3n de radio FM Globo.<\/p>\n\n\n\n<p>\u201cDe ah\u00ed migr\u00e9 al sur del Estado de M\u00e9xico para llevar a cabo un proyecto de televisi\u00f3n regional, que fue un proyecto pionero, tanto a nivel estatal como a nivel nacional. Estuve tambi\u00e9n en el peri\u00f3dico Milenio, como Jefe de Reporteros, en su fundaci\u00f3n en Toluca, y actualmente tengo un medio de comunicaci\u00f3n digital, que se llama Apocaliptic.com que es un streaming audio con informaci\u00f3n escrita tambi\u00e9n y audiovisual.<\/p>\n\n\n\n<p>\u201cPara m\u00ed la satisfacci\u00f3n m\u00e1s importante como periodista es cuando he visto que mi trabajo ha contribuido a mejorar alguna situaci\u00f3n social, cuando hemos logrado a trav\u00e9s de la informaci\u00f3n que proporcionamos que la gente resuelva algunos problemas, y por supuesto en el a\u00f1o 2002, cuando me entregan la Presea Estado de M\u00e9xico, pues es un momento de grand\u00edsima satisfacci\u00f3n porque es una forma de impulsar y motivar el trabajo que realizamos al reconocer nuestro esfuerzo y sacrificio\u201d.<\/p>\n\n\n\n<p>El registro de candidatos para la Presea Estado de M\u00e9xico \u201cJos\u00e9 Mar\u00eda Cos\u201d, as\u00ed como para el resto de las categor\u00edas de la Presea Estado de M\u00e9xico estar\u00e1 abierto hasta el pr\u00f3ximo 31 de enero de 2020, a las 18:00 horas.<\/p>\n\n\n\n<p>El registro de candidatos es en l\u00ednea, en el sitio web www.edomex.gob.mx\/presea_edomex, donde los interesados pueden encontrar mayor informaci\u00f3n para registrarse o bien inscribir a sus candidatos.<\/p>\n\n\n\n<ul class=\"wp-block-list\"><li><\/li><\/ul>\n","protected":false},"excerpt":{"rendered":"<p>Los periodistas mexiquenses Juan Carlos Lara Escobedo y Sergio Villafuerte animan a la sociedad mexiquense, y en particular a quienes forman parte del sector de la comunicaci\u00f3n, a inscribirse o hacer propuestas para la Presea Estado de M\u00e9xico 2019 \u201cJos\u00e9 Mar\u00eda Cos\u201d, en Periodismo e informaci\u00f3n, un galard\u00f3n que, coinciden, marc\u00f3 un hito en sus vidas y trayectoria period\u00edstica. \u201cPara m\u00ed la Presea Estado de M\u00e9xico es muy importante, siempre lo ha sido. A trav\u00e9s de los a\u00f1os siempre crec\u00ed con ese deseo, con esa aspiraci\u00f3n de obtener lo que&hellip;<\/p>\n","protected":false},"author":1,"featured_media":1142,"comment_status":"open","ping_status":"open","sticky":false,"template":"","format":"standard","meta":{"footnotes":""},"categories":[3],"tags":[],"class_list":["post-1141","post","type-post","status-publish","format-standard","has-post-thumbnail","hentry","category-gobierno"],"yoast_head":"<!-- This site is optimized with the Yoast SEO plugin v27.5 - https:\/\/yoast.com\/product\/yoast-seo-wordpress\/ -->\n<title>ANIMAN PERIODISTAS MEXIQUENSES A POSTULAR CANDIDATOS A LA PRESEA ESTADO DE M\u00c9XICO 2019 \u201cJOS\u00c9 MAR\u00cdA COS\u201d - Expresso Metropolitano<\/title>\n<meta name=\"robots\" content=\"index, follow, max-snippet:-1, max-image-preview:large, max-video-preview:-1\" \/>\n<link rel=\"canonical\" href=\"https:\/\/expressometro.mx\/index.php\/2020\/01\/15\/animan-periodistas-mexiquenses-a-postular-candidatos-a-la-presea-estado-de-mexico-2019-jose-maria-cos\/\" \/>\n<meta property=\"og:locale\" content=\"es_MX\" \/>\n<meta property=\"og:type\" content=\"article\" \/>\n<meta property=\"og:title\" content=\"ANIMAN PERIODISTAS MEXIQUENSES A POSTULAR CANDIDATOS A LA PRESEA ESTADO DE M\u00c9XICO 2019 \u201cJOS\u00c9 MAR\u00cdA COS\u201d - Expresso Metropolitano\" \/>\n<meta property=\"og:description\" content=\"Los periodistas mexiquenses Juan Carlos Lara Escobedo y Sergio Villafuerte animan a la sociedad mexiquense, y en particular a quienes forman parte del sector de la comunicaci\u00f3n, a inscribirse o hacer propuestas para la Presea Estado de M\u00e9xico 2019 \u201cJos\u00e9 Mar\u00eda Cos\u201d, en Periodismo e informaci\u00f3n, un galard\u00f3n que, coinciden, marc\u00f3 un hito en sus vidas y trayectoria period\u00edstica. \u201cPara m\u00ed la Presea Estado de M\u00e9xico es muy importante, siempre lo ha sido. A trav\u00e9s de los a\u00f1os siempre crec\u00ed con ese deseo, con esa aspiraci\u00f3n de obtener lo que&hellip;\" \/>\n<meta property=\"og:url\" content=\"https:\/\/expressometro.mx\/index.php\/2020\/01\/15\/animan-periodistas-mexiquenses-a-postular-candidatos-a-la-presea-estado-de-mexico-2019-jose-maria-cos\/\" \/>\n<meta property=\"og:site_name\" content=\"Expresso Metropolitano\" \/>\n<meta property=\"article:published_time\" content=\"2020-01-15T19:10:25+00:00\" \/>\n<meta property=\"article:modified_time\" content=\"2020-01-15T19:11:08+00:00\" \/>\n<meta property=\"og:image\" content=\"https:\/\/expressometro.mx\/wp-content\/uploads\/2020\/01\/w2_11680_1.jpg\" \/>\n\t<meta property=\"og:image:width\" content=\"1110\" \/>\n\t<meta property=\"og:image:height\" content=\"742\" \/>\n\t<meta property=\"og:image:type\" content=\"image\/jpeg\" \/>\n<meta name=\"author\" content=\"Expresso Metropolitano\" \/>\n<meta name=\"twitter:label1\" content=\"Escrito por\" \/>\n\t<meta name=\"twitter:data1\" content=\"Expresso Metropolitano\" \/>\n\t<meta name=\"twitter:label2\" content=\"Tiempo de lectura\" \/>\n\t<meta name=\"twitter:data2\" content=\"5 minutos\" \/>\n<script type=\"application\/ld+json\" class=\"yoast-schema-graph\">{\"@context\":\"https:\\\/\\\/schema.org\",\"@graph\":[{\"@type\":\"Article\",\"@id\":\"https:\\\/\\\/expressometro.mx\\\/index.php\\\/2020\\\/01\\\/15\\\/animan-periodistas-mexiquenses-a-postular-candidatos-a-la-presea-estado-de-mexico-2019-jose-maria-cos\\\/#article\",\"isPartOf\":{\"@id\":\"https:\\\/\\\/expressometro.mx\\\/index.php\\\/2020\\\/01\\\/15\\\/animan-periodistas-mexiquenses-a-postular-candidatos-a-la-presea-estado-de-mexico-2019-jose-maria-cos\\\/\"},\"author\":{\"name\":\"Expresso Metropolitano\",\"@id\":\"https:\\\/\\\/expressometro.mx\\\/#\\\/schema\\\/person\\\/efa971b4a0664db8ed5c22b1b0dd2f5d\"},\"headline\":\"ANIMAN PERIODISTAS MEXIQUENSES A POSTULAR CANDIDATOS A LA PRESEA ESTADO DE M\u00c9XICO 2019 \u201cJOS\u00c9 MAR\u00cdA COS\u201d\",\"datePublished\":\"2020-01-15T19:10:25+00:00\",\"dateModified\":\"2020-01-15T19:11:08+00:00\",\"mainEntityOfPage\":{\"@id\":\"https:\\\/\\\/expressometro.mx\\\/index.php\\\/2020\\\/01\\\/15\\\/animan-periodistas-mexiquenses-a-postular-candidatos-a-la-presea-estado-de-mexico-2019-jose-maria-cos\\\/\"},\"wordCount\":932,\"commentCount\":0,\"publisher\":{\"@id\":\"https:\\\/\\\/expressometro.mx\\\/#organization\"},\"image\":{\"@id\":\"https:\\\/\\\/expressometro.mx\\\/index.php\\\/2020\\\/01\\\/15\\\/animan-periodistas-mexiquenses-a-postular-candidatos-a-la-presea-estado-de-mexico-2019-jose-maria-cos\\\/#primaryimage\"},\"thumbnailUrl\":\"https:\\\/\\\/expressometro.mx\\\/wp-content\\\/uploads\\\/2020\\\/01\\\/w2_11680_1.jpg\",\"articleSection\":[\"Gobierno\"],\"inLanguage\":\"es\",\"potentialAction\":[{\"@type\":\"CommentAction\",\"name\":\"Comment\",\"target\":[\"https:\\\/\\\/expressometro.mx\\\/index.php\\\/2020\\\/01\\\/15\\\/animan-periodistas-mexiquenses-a-postular-candidatos-a-la-presea-estado-de-mexico-2019-jose-maria-cos\\\/#respond\"]}]},{\"@type\":\"WebPage\",\"@id\":\"https:\\\/\\\/expressometro.mx\\\/index.php\\\/2020\\\/01\\\/15\\\/animan-periodistas-mexiquenses-a-postular-candidatos-a-la-presea-estado-de-mexico-2019-jose-maria-cos\\\/\",\"url\":\"https:\\\/\\\/expressometro.mx\\\/index.php\\\/2020\\\/01\\\/15\\\/animan-periodistas-mexiquenses-a-postular-candidatos-a-la-presea-estado-de-mexico-2019-jose-maria-cos\\\/\",\"name\":\"ANIMAN PERIODISTAS MEXIQUENSES A POSTULAR CANDIDATOS A LA PRESEA ESTADO DE M\u00c9XICO 2019 \u201cJOS\u00c9 MAR\u00cdA COS\u201d - Expresso Metropolitano\",\"isPartOf\":{\"@id\":\"https:\\\/\\\/expressometro.mx\\\/#website\"},\"primaryImageOfPage\":{\"@id\":\"https:\\\/\\\/expressometro.mx\\\/index.php\\\/2020\\\/01\\\/15\\\/animan-periodistas-mexiquenses-a-postular-candidatos-a-la-presea-estado-de-mexico-2019-jose-maria-cos\\\/#primaryimage\"},\"image\":{\"@id\":\"https:\\\/\\\/expressometro.mx\\\/index.php\\\/2020\\\/01\\\/15\\\/animan-periodistas-mexiquenses-a-postular-candidatos-a-la-presea-estado-de-mexico-2019-jose-maria-cos\\\/#primaryimage\"},\"thumbnailUrl\":\"https:\\\/\\\/expressometro.mx\\\/wp-content\\\/uploads\\\/2020\\\/01\\\/w2_11680_1.jpg\",\"datePublished\":\"2020-01-15T19:10:25+00:00\",\"dateModified\":\"2020-01-15T19:11:08+00:00\",\"breadcrumb\":{\"@id\":\"https:\\\/\\\/expressometro.mx\\\/index.php\\\/2020\\\/01\\\/15\\\/animan-periodistas-mexiquenses-a-postular-candidatos-a-la-presea-estado-de-mexico-2019-jose-maria-cos\\\/#breadcrumb\"},\"inLanguage\":\"es\",\"potentialAction\":[{\"@type\":\"ReadAction\",\"target\":[\"https:\\\/\\\/expressometro.mx\\\/index.php\\\/2020\\\/01\\\/15\\\/animan-periodistas-mexiquenses-a-postular-candidatos-a-la-presea-estado-de-mexico-2019-jose-maria-cos\\\/\"]}]},{\"@type\":\"ImageObject\",\"inLanguage\":\"es\",\"@id\":\"https:\\\/\\\/expressometro.mx\\\/index.php\\\/2020\\\/01\\\/15\\\/animan-periodistas-mexiquenses-a-postular-candidatos-a-la-presea-estado-de-mexico-2019-jose-maria-cos\\\/#primaryimage\",\"url\":\"https:\\\/\\\/expressometro.mx\\\/wp-content\\\/uploads\\\/2020\\\/01\\\/w2_11680_1.jpg\",\"contentUrl\":\"https:\\\/\\\/expressometro.mx\\\/wp-content\\\/uploads\\\/2020\\\/01\\\/w2_11680_1.jpg\",\"width\":1110,\"height\":742},{\"@type\":\"BreadcrumbList\",\"@id\":\"https:\\\/\\\/expressometro.mx\\\/index.php\\\/2020\\\/01\\\/15\\\/animan-periodistas-mexiquenses-a-postular-candidatos-a-la-presea-estado-de-mexico-2019-jose-maria-cos\\\/#breadcrumb\",\"itemListElement\":[{\"@type\":\"ListItem\",\"position\":1,\"name\":\"Inicio\",\"item\":\"https:\\\/\\\/expressometro.mx\\\/\"},{\"@type\":\"ListItem\",\"position\":2,\"name\":\"ANIMAN PERIODISTAS MEXIQUENSES A POSTULAR CANDIDATOS A LA PRESEA ESTADO DE M\u00c9XICO 2019 \u201cJOS\u00c9 MAR\u00cdA COS\u201d\"}]},{\"@type\":\"WebSite\",\"@id\":\"https:\\\/\\\/expressometro.mx\\\/#website\",\"url\":\"https:\\\/\\\/expressometro.mx\\\/\",\"name\":\"Expresso Metropolitano\",\"description\":\"Periodismo comprometido, informaci\u00f3n, investigaci\u00f3n y an\u00e1lisis\",\"publisher\":{\"@id\":\"https:\\\/\\\/expressometro.mx\\\/#organization\"},\"potentialAction\":[{\"@type\":\"SearchAction\",\"target\":{\"@type\":\"EntryPoint\",\"urlTemplate\":\"https:\\\/\\\/expressometro.mx\\\/?s={search_term_string}\"},\"query-input\":{\"@type\":\"PropertyValueSpecification\",\"valueRequired\":true,\"valueName\":\"search_term_string\"}}],\"inLanguage\":\"es\"},{\"@type\":\"Organization\",\"@id\":\"https:\\\/\\\/expressometro.mx\\\/#organization\",\"name\":\"Expresso Metropolitano\",\"url\":\"https:\\\/\\\/expressometro.mx\\\/\",\"logo\":{\"@type\":\"ImageObject\",\"inLanguage\":\"es\",\"@id\":\"https:\\\/\\\/expressometro.mx\\\/#\\\/schema\\\/logo\\\/image\\\/\",\"url\":\"https:\\\/\\\/expressometro.mx\\\/wp-content\\\/uploads\\\/2019\\\/07\\\/cropped-Logo-Expresso-Metropolitano-1-1.jpeg\",\"contentUrl\":\"https:\\\/\\\/expressometro.mx\\\/wp-content\\\/uploads\\\/2019\\\/07\\\/cropped-Logo-Expresso-Metropolitano-1-1.jpeg\",\"width\":290,\"height\":73,\"caption\":\"Expresso Metropolitano\"},\"image\":{\"@id\":\"https:\\\/\\\/expressometro.mx\\\/#\\\/schema\\\/logo\\\/image\\\/\"}},{\"@type\":\"Person\",\"@id\":\"https:\\\/\\\/expressometro.mx\\\/#\\\/schema\\\/person\\\/efa971b4a0664db8ed5c22b1b0dd2f5d\",\"name\":\"Expresso Metropolitano\",\"image\":{\"@type\":\"ImageObject\",\"inLanguage\":\"es\",\"@id\":\"https:\\\/\\\/secure.gravatar.com\\\/avatar\\\/a89f802b8de18c6952f223c88d3d106e9e3679839f4e25a02f4a6cc2ae6ba3b3?s=96&d=mm&r=g\",\"url\":\"https:\\\/\\\/secure.gravatar.com\\\/avatar\\\/a89f802b8de18c6952f223c88d3d106e9e3679839f4e25a02f4a6cc2ae6ba3b3?s=96&d=mm&r=g\",\"contentUrl\":\"https:\\\/\\\/secure.gravatar.com\\\/avatar\\\/a89f802b8de18c6952f223c88d3d106e9e3679839f4e25a02f4a6cc2ae6ba3b3?s=96&d=mm&r=g\",\"caption\":\"Expresso Metropolitano\"},\"url\":\"https:\\\/\\\/expressometro.mx\\\/index.php\\\/author\\\/diego\\\/\"}]}<\/script>\n<!-- \/ Yoast SEO plugin. -->","yoast_head_json":{"title":"ANIMAN PERIODISTAS MEXIQUENSES A POSTULAR CANDIDATOS A LA PRESEA ESTADO DE M\u00c9XICO 2019 \u201cJOS\u00c9 MAR\u00cdA COS\u201d - Expresso Metropolitano","robots":{"index":"index","follow":"follow","max-snippet":"max-snippet:-1","max-image-preview":"max-image-preview:large","max-video-preview":"max-video-preview:-1"},"canonical":"https:\/\/expressometro.mx\/index.php\/2020\/01\/15\/animan-periodistas-mexiquenses-a-postular-candidatos-a-la-presea-estado-de-mexico-2019-jose-maria-cos\/","og_locale":"es_MX","og_type":"article","og_title":"ANIMAN PERIODISTAS MEXIQUENSES A POSTULAR CANDIDATOS A LA PRESEA ESTADO DE M\u00c9XICO 2019 \u201cJOS\u00c9 MAR\u00cdA COS\u201d - Expresso Metropolitano","og_description":"Los periodistas mexiquenses Juan Carlos Lara Escobedo y Sergio Villafuerte animan a la sociedad mexiquense, y en particular a quienes forman parte del sector de la comunicaci\u00f3n, a inscribirse o hacer propuestas para la Presea Estado de M\u00e9xico 2019 \u201cJos\u00e9 Mar\u00eda Cos\u201d, en Periodismo e informaci\u00f3n, un galard\u00f3n que, coinciden, marc\u00f3 un hito en sus vidas y trayectoria period\u00edstica. \u201cPara m\u00ed la Presea Estado de M\u00e9xico es muy importante, siempre lo ha sido. A trav\u00e9s de los a\u00f1os siempre crec\u00ed con ese deseo, con esa aspiraci\u00f3n de obtener lo que&hellip;","og_url":"https:\/\/expressometro.mx\/index.php\/2020\/01\/15\/animan-periodistas-mexiquenses-a-postular-candidatos-a-la-presea-estado-de-mexico-2019-jose-maria-cos\/","og_site_name":"Expresso Metropolitano","article_published_time":"2020-01-15T19:10:25+00:00","article_modified_time":"2020-01-15T19:11:08+00:00","og_image":[{"width":1110,"height":742,"url":"https:\/\/expressometro.mx\/wp-content\/uploads\/2020\/01\/w2_11680_1.jpg","type":"image\/jpeg"}],"author":"Expresso Metropolitano","twitter_misc":{"Escrito por":"Expresso Metropolitano","Tiempo de lectura":"5 minutos"},"schema":{"@context":"https:\/\/schema.org","@graph":[{"@type":"Article","@id":"https:\/\/expressometro.mx\/index.php\/2020\/01\/15\/animan-periodistas-mexiquenses-a-postular-candidatos-a-la-presea-estado-de-mexico-2019-jose-maria-cos\/#article","isPartOf":{"@id":"https:\/\/expressometro.mx\/index.php\/2020\/01\/15\/animan-periodistas-mexiquenses-a-postular-candidatos-a-la-presea-estado-de-mexico-2019-jose-maria-cos\/"},"author":{"name":"Expresso Metropolitano","@id":"https:\/\/expressometro.mx\/#\/schema\/person\/efa971b4a0664db8ed5c22b1b0dd2f5d"},"headline":"ANIMAN PERIODISTAS MEXIQUENSES A POSTULAR CANDIDATOS A LA PRESEA ESTADO DE M\u00c9XICO 2019 \u201cJOS\u00c9 MAR\u00cdA COS\u201d","datePublished":"2020-01-15T19:10:25+00:00","dateModified":"2020-01-15T19:11:08+00:00","mainEntityOfPage":{"@id":"https:\/\/expressometro.mx\/index.php\/2020\/01\/15\/animan-periodistas-mexiquenses-a-postular-candidatos-a-la-presea-estado-de-mexico-2019-jose-maria-cos\/"},"wordCount":932,"commentCount":0,"publisher":{"@id":"https:\/\/expressometro.mx\/#organization"},"image":{"@id":"https:\/\/expressometro.mx\/index.php\/2020\/01\/15\/animan-periodistas-mexiquenses-a-postular-candidatos-a-la-presea-estado-de-mexico-2019-jose-maria-cos\/#primaryimage"},"thumbnailUrl":"https:\/\/expressometro.mx\/wp-content\/uploads\/2020\/01\/w2_11680_1.jpg","articleSection":["Gobierno"],"inLanguage":"es","potentialAction":[{"@type":"CommentAction","name":"Comment","target":["https:\/\/expressometro.mx\/index.php\/2020\/01\/15\/animan-periodistas-mexiquenses-a-postular-candidatos-a-la-presea-estado-de-mexico-2019-jose-maria-cos\/#respond"]}]},{"@type":"WebPage","@id":"https:\/\/expressometro.mx\/index.php\/2020\/01\/15\/animan-periodistas-mexiquenses-a-postular-candidatos-a-la-presea-estado-de-mexico-2019-jose-maria-cos\/","url":"https:\/\/expressometro.mx\/index.php\/2020\/01\/15\/animan-periodistas-mexiquenses-a-postular-candidatos-a-la-presea-estado-de-mexico-2019-jose-maria-cos\/","name":"ANIMAN PERIODISTAS MEXIQUENSES A POSTULAR CANDIDATOS A LA PRESEA ESTADO DE M\u00c9XICO 2019 \u201cJOS\u00c9 MAR\u00cdA COS\u201d - Expresso Metropolitano","isPartOf":{"@id":"https:\/\/expressometro.mx\/#website"},"primaryImageOfPage":{"@id":"https:\/\/expressometro.mx\/index.php\/2020\/01\/15\/animan-periodistas-mexiquenses-a-postular-candidatos-a-la-presea-estado-de-mexico-2019-jose-maria-cos\/#primaryimage"},"image":{"@id":"https:\/\/expressometro.mx\/index.php\/2020\/01\/15\/animan-periodistas-mexiquenses-a-postular-candidatos-a-la-presea-estado-de-mexico-2019-jose-maria-cos\/#primaryimage"},"thumbnailUrl":"https:\/\/expressometro.mx\/wp-content\/uploads\/2020\/01\/w2_11680_1.jpg","datePublished":"2020-01-15T19:10:25+00:00","dateModified":"2020-01-15T19:11:08+00:00","breadcrumb":{"@id":"https:\/\/expressometro.mx\/index.php\/2020\/01\/15\/animan-periodistas-mexiquenses-a-postular-candidatos-a-la-presea-estado-de-mexico-2019-jose-maria-cos\/#breadcrumb"},"inLanguage":"es","potentialAction":[{"@type":"ReadAction","target":["https:\/\/expressometro.mx\/index.php\/2020\/01\/15\/animan-periodistas-mexiquenses-a-postular-candidatos-a-la-presea-estado-de-mexico-2019-jose-maria-cos\/"]}]},{"@type":"ImageObject","inLanguage":"es","@id":"https:\/\/expressometro.mx\/index.php\/2020\/01\/15\/animan-periodistas-mexiquenses-a-postular-candidatos-a-la-presea-estado-de-mexico-2019-jose-maria-cos\/#primaryimage","url":"https:\/\/expressometro.mx\/wp-content\/uploads\/2020\/01\/w2_11680_1.jpg","contentUrl":"https:\/\/expressometro.mx\/wp-content\/uploads\/2020\/01\/w2_11680_1.jpg","width":1110,"height":742},{"@type":"BreadcrumbList","@id":"https:\/\/expressometro.mx\/index.php\/2020\/01\/15\/animan-periodistas-mexiquenses-a-postular-candidatos-a-la-presea-estado-de-mexico-2019-jose-maria-cos\/#breadcrumb","itemListElement":[{"@type":"ListItem","position":1,"name":"Inicio","item":"https:\/\/expressometro.mx\/"},{"@type":"ListItem","position":2,"name":"ANIMAN PERIODISTAS MEXIQUENSES A POSTULAR CANDIDATOS A LA PRESEA ESTADO DE M\u00c9XICO 2019 \u201cJOS\u00c9 MAR\u00cdA COS\u201d"}]},{"@type":"WebSite","@id":"https:\/\/expressometro.mx\/#website","url":"https:\/\/expressometro.mx\/","name":"Expresso Metropolitano","description":"Periodismo comprometido, informaci\u00f3n, investigaci\u00f3n y an\u00e1lisis","publisher":{"@id":"https:\/\/expressometro.mx\/#organization"},"potentialAction":[{"@type":"SearchAction","target":{"@type":"EntryPoint","urlTemplate":"https:\/\/expressometro.mx\/?s={search_term_string}"},"query-input":{"@type":"PropertyValueSpecification","valueRequired":true,"valueName":"search_term_string"}}],"inLanguage":"es"},{"@type":"Organization","@id":"https:\/\/expressometro.mx\/#organization","name":"Expresso Metropolitano","url":"https:\/\/expressometro.mx\/","logo":{"@type":"ImageObject","inLanguage":"es","@id":"https:\/\/expressometro.mx\/#\/schema\/logo\/image\/","url":"https:\/\/expressometro.mx\/wp-content\/uploads\/2019\/07\/cropped-Logo-Expresso-Metropolitano-1-1.jpeg","contentUrl":"https:\/\/expressometro.mx\/wp-content\/uploads\/2019\/07\/cropped-Logo-Expresso-Metropolitano-1-1.jpeg","width":290,"height":73,"caption":"Expresso Metropolitano"},"image":{"@id":"https:\/\/expressometro.mx\/#\/schema\/logo\/image\/"}},{"@type":"Person","@id":"https:\/\/expressometro.mx\/#\/schema\/person\/efa971b4a0664db8ed5c22b1b0dd2f5d","name":"Expresso Metropolitano","image":{"@type":"ImageObject","inLanguage":"es","@id":"https:\/\/secure.gravatar.com\/avatar\/a89f802b8de18c6952f223c88d3d106e9e3679839f4e25a02f4a6cc2ae6ba3b3?s=96&d=mm&r=g","url":"https:\/\/secure.gravatar.com\/avatar\/a89f802b8de18c6952f223c88d3d106e9e3679839f4e25a02f4a6cc2ae6ba3b3?s=96&d=mm&r=g","contentUrl":"https:\/\/secure.gravatar.com\/avatar\/a89f802b8de18c6952f223c88d3d106e9e3679839f4e25a02f4a6cc2ae6ba3b3?s=96&d=mm&r=g","caption":"Expresso Metropolitano"},"url":"https:\/\/expressometro.mx\/index.php\/author\/diego\/"}]}},"amp_enabled":true,"_links":{"self":[{"href":"https:\/\/expressometro.mx\/index.php\/wp-json\/wp\/v2\/posts\/1141","targetHints":{"allow":["GET"]}}],"collection":[{"href":"https:\/\/expressometro.mx\/index.php\/wp-json\/wp\/v2\/posts"}],"about":[{"href":"https:\/\/expressometro.mx\/index.php\/wp-json\/wp\/v2\/types\/post"}],"author":[{"embeddable":true,"href":"https:\/\/expressometro.mx\/index.php\/wp-json\/wp\/v2\/users\/1"}],"replies":[{"embeddable":true,"href":"https:\/\/expressometro.mx\/index.php\/wp-json\/wp\/v2\/comments?post=1141"}],"version-history":[{"count":1,"href":"https:\/\/expressometro.mx\/index.php\/wp-json\/wp\/v2\/posts\/1141\/revisions"}],"predecessor-version":[{"id":1143,"href":"https:\/\/expressometro.mx\/index.php\/wp-json\/wp\/v2\/posts\/1141\/revisions\/1143"}],"wp:featuredmedia":[{"embeddable":true,"href":"https:\/\/expressometro.mx\/index.php\/wp-json\/wp\/v2\/media\/1142"}],"wp:attachment":[{"href":"https:\/\/expressometro.mx\/index.php\/wp-json\/wp\/v2\/media?parent=1141"}],"wp:term":[{"taxonomy":"category","embeddable":true,"href":"https:\/\/expressometro.mx\/index.php\/wp-json\/wp\/v2\/categories?post=1141"},{"taxonomy":"post_tag","embeddable":true,"href":"https:\/\/expressometro.mx\/index.php\/wp-json\/wp\/v2\/tags?post=1141"}],"curies":[{"name":"wp","href":"https:\/\/api.w.org\/{rel}","templated":true}]}}